{"id":11631,"date":"2021-04-08T15:00:05","date_gmt":"2021-04-08T13:00:05","guid":{"rendered":"https:\/\/www.welovecycling.com\/sk\/?p=11631"},"modified":"2021-04-08T18:16:01","modified_gmt":"2021-04-08T16:16:01","slug":"letape-tento-rok-zavita-aj-na-slovensko","status":"publish","type":"post","link":"https:\/\/www.welovecycling.com\/sk\/2021\/04\/08\/letape-tento-rok-zavita-aj-na-slovensko\/","title":{"rendered":"L\u2019Etape tento rok zav\u00edta aj na Slovensko!"},"content":{"rendered":"<p><strong>Na svete neexistuje mnoho pr\u00edle\u017eitosti, ako za\u017ei\u0165 tak\u00fa atmosf\u00e9ru a\u00a0podmienky, ak\u00e9 sprev\u00e1dzaj\u00fa t\u00fdch najlep\u0161\u00edch \u0161portovcov na svete. Ak ide navy\u0161e o\u00a0s\u00fa\u010das\u0165 jedn\u00e9ho z\u00a0najv\u00e4\u010d\u0161\u00edch podujat\u00ed cyklistiky, Tour de France, je ist\u00e9, \u017ee spr\u00e1vny fan\u00fa\u0161ik cyklistiky by na \u0148om nemal ch\u00fdba\u0165.<\/strong><!--more--><\/p>\n<p>Pre niektor\u00fdch sa v\u00a0tomto roku stane sen skuto\u010dnos\u0165ou. D\u00f4vod je jednoduch\u00fd. Svetozn\u00e1ma L\u2019Etape by Tour de France sa toti\u017e odohr\u00e1 pr\u00e1ve u\u00a0n\u00e1s doma, v\u00a0Bratislave. Ide o\u00a0jedine\u010dn\u00fa mo\u017enos\u0165, ako sa vc\u00edti\u0165 do ko\u017ee elitn\u00fdch pretek\u00e1rov, ktor\u00ed ka\u017edoro\u010dne bojuj\u00fa o\u00a0jedny z\u00a0najprest\u00ed\u017enej\u0161\u00edch ocenen\u00ed, ktor\u00e9 je v\u00a0cyklistickom svete mo\u017en\u00e9 dosiahnu\u0165. Ako povedal samotn\u00fd riadite\u013e Tour de France, Christian Prudhomme: <em>\u201eTour de France s\u00fa najv\u00e4\u010d\u0161ie svetov\u00e9 cyklistick\u00e9 preteky. Ka\u017ed\u00fd rok ich v\u00e1\u0161nivo sleduj\u00fa fan\u00fa\u0161ikovia na celom svete, tak\u017ee sa prirodzene stali in\u0161pir\u00e1ciou pre vznik L\u2019Etape du Tour de France.\u201c<\/em><\/p>\n<h2><strong>L\u2019Etape du Tour de France<\/strong><\/h2>\n<p>Samotn\u00e1 L\u2019Etape symbolizuje v\u017edy t\u00fa etapu v\u00a0ro\u010dn\u00edku, ktor\u00e1 je pova\u017eovan\u00e1 za tzv. \u201ekr\u00e1\u013eovsk\u00fa\u201c. Teda t\u00fa, pri ktorej nielen\u017ee jazdci zdol\u00e1vaj\u00fa monument\u00e1lne st\u00fapania a\u00a0z\u00e1pasia s\u00a0vyp\u00e4t\u00edm v\u0161etk\u00fdch s\u00edl, ale kedy sa v\u00a0pelot\u00f3ne <strong>rozp\u00fataj\u00fa rozhoduj\u00face boje o\u00a0celkov\u00e9 prvenstvo alebo o\u00a0nehyn\u00facu sl\u00e1vu sta\u0165 sa v\u00ed\u0165azom aspo\u0148 jednej etapy<\/strong>. Domoviskom tohto projektu je prirodzene Franc\u00fazsko. Amat\u00e9rski jazdci sa v\u017edy vyd\u00e1vaj\u00fa na identick\u00fd profil etapy, na ktorej v\u00a0danom roku prebieha aj spom\u00ednan\u00e1 kr\u00e1\u013eovsk\u00e1 etapa.<\/p>\n<lite-youtube videoid=UUVvW_vUMYQ params=\"enablejsapi=1\" style=\"background-image: url('https:\/\/i.ytimg.com\/vi_webp\/UUVvW_vUMYQ\/maxresdefault.webp');\"><\/lite-youtube>\n<p>Ke\u010f\u017ee t\u00e1to trad\u00edcia m\u00e1 svoje korene e\u0161te v\u00a0minulom storo\u010d\u00ed, z\u00e1ujem o\u00a0\u0148u a jej\u00a0poves\u0165 je svetozn\u00e1ma. U\u017e samotn\u00e9 \u010d\u00edsla hovoria za seba: <strong>ro\u010dne sa L\u2019Etape z\u00fa\u010dastn\u00ed 15 000 jazdcov z 50 kraj\u00edn sveta<\/strong>. To v\u0161etko preto, aby mohli za\u017ei\u0165 nefal\u0161ovan\u00fd pocit virtu\u00e1lne sa postavi\u0165 po boku t\u00fdch najlep\u0161\u00edch. Potvrden\u00edm t\u00fdchto skuto\u010dnost\u00ed je aj s\u013eub, ktor\u00fdm sa zaviazali organiz\u00e1tori u\u017e pred takmer 30 rokmi: <strong>tra\u0165 a\u00a0podmienky L\u2019Etape musia zosta\u0165 rovnak\u00e9, ako v\u00a0pr\u00edpade skuto\u010dnej Tour de France<\/strong>.<\/p>\n<h2><strong>L\u2019Etape Slovakia by Tour de France u\u017e o\u00a0nieko\u013eko mesiacov<\/strong><\/h2>\n<p>Slovensk\u00ed jazdci a\u00a0pretek\u00e1ri sa kone\u010dne do\u010dkali. Po prv\u00fdkr\u00e1t v\u00a0hist\u00f3rii prich\u00e1dza L\u2019Etape aj na Slovensko v\u00a0podobe <a href=\"https:\/\/letapeslovakia.sk\" target=\"_blank\" rel=\"noopener\">L\u2019Etape Slovakia by Tour de France<\/a>. St\u00e1vame sa tak u\u017e 14. krajinou, v ktorej sa v roku 2021 odohr\u00e1 toto v\u00fdnimo\u010dn\u00e9 podujatie. Okrem n\u00e1s zav\u00edta L\u2019Etape aj do \u010ceskej republiky, Ruska, Braz\u00edlie, Austr\u00e1lie alebo \u010c\u00edny. Ak\u00e9 to bude a na \u010do sa m\u00f4\u017eete te\u0161i\u0165? Mal\u00fa uk\u00e1\u017eku z pocitov na L\u2019Etape si m\u00f4\u017eete pre\u010d\u00edta\u0165 aj v podan\u00ed Zuzany Juh\u00e1sovej, ktor\u00e1 v\u00a0roku 2019 fini\u0161ovala na 6. mieste.<\/p>\n<div class=\"shortcode-ys-post-pinup\"><article class=\"loop-simple post-8017 post type-post status-publish format-standard has-post-thumbnail hentry category-tour-de-france tag-cesta tag-cestna-cyklistika tag-etapove-preteky tag-francuzsko tag-letape-du-tour tag-preteky tag-rozhovor tag-skoda tag-skoda-auto tag-skoda-bicykel tag-tour-de-france tag-tour-de-france-2019 tag-vitaz tag-zuzana-juhasova\" data-postid=\"8017\" role=\"article\" data-post-id=\"8017\" data-word-count=\"670\" data-headline-length=\"82\" data-category=\"Tour de France\" data-author=\"We Love Cycling\" data-published=\"2019-08-13T12:41:12+02:00\" data-published-day=\"Tuesday\">\n    <div class=\"entry-thumbnail article-thumbnail\" content=\"https:\/\/d2p6e6u75xmxt8.cloudfront.net\/4\/2019\/08\/juhasova_titulka-150x150.webp\"><a href=\"https:\/\/www.welovecycling.com\/sk\/2019\/08\/13\/rozhovor-zuzana-juhasova-6-miesto-v-kategorii-na-letape-du-tour\/\" class=\"image-holder\" target=\"_self\"><img decoding=\"async\" loading=\"lazy\" class=\"\" src=\"https:\/\/d2p6e6u75xmxt8.cloudfront.net\/4\/2019\/08\/juhasova_titulka-1024x445.webp\" srcset=\"https:\/\/d2p6e6u75xmxt8.cloudfront.net\/4\/2019\/08\/juhasova_titulka.webp 1380w, https:\/\/d2p6e6u75xmxt8.cloudfront.net\/4\/2019\/08\/juhasova_titulka-300x130.webp 300w, https:\/\/d2p6e6u75xmxt8.cloudfront.net\/4\/2019\/08\/juhasova_titulka-1024x445.webp 1024w, https:\/\/d2p6e6u75xmxt8.cloudfront.net\/4\/2019\/08\/juhasova_titulka-768x334.webp 768w\" width=\"1024\" height=\"445\" sizes=\"auto, (min-width: 1200px) 460px, (min-width: 768px) 38vw, 100vw\" alt=\"rozhovor-zuzana-juhasova-6-miesto-v-kategorii-na-letape-du-tour\"\/><\/a><\/div>    <div class=\"entry-meta\">\n        <a class=\"label label-secondary post-category\" href=\"https:\/\/www.welovecycling.com\/sk\/category\/grand-tour\/tour-de-france\/\" title=\"Tour de France\">Tour de France<\/a>\n    <\/div>\n    <div class=\"entry-details\">\n        <a href=\"https:\/\/www.welovecycling.com\/sk\/2019\/08\/13\/rozhovor-zuzana-juhasova-6-miesto-v-kategorii-na-letape-du-tour\/\" class='entry-title-wrapper'>\n            <h3 class=\"entry-title\"><span>Rozhovor: Zuzana Juhasov\u00e1 &#8211; 6. miesto v kateg\u00f3rii na L&#8217;Etape du Tour<\/span><\/h3>\n        <\/a>\n    <\/div>\n    <\/article>\n<\/div>\n<p><a href=\"https:\/\/d2p6e6u75xmxt8.cloudfront.net\/4\/2021\/04\/WLC_L-Etape_01.jpg\"><img loading=\"lazy\" decoding=\"async\" class=\"alignnone size-full wp-image-11635\" src=\"https:\/\/d2p6e6u75xmxt8.cloudfront.net\/4\/2021\/04\/WLC_L-Etape_01.jpg\" alt=\"\" width=\"1255\" height=\"800\" \/><\/a><\/p>\n<p>Ak m\u00e1te st\u00e1le obavy, \u010di sa z\u00fa\u010dastni\u0165, nemus\u00edte dlho v\u00e1ha\u0165. Ke\u010f\u017ee profil a podmienky trate s\u00fa pripraven\u00e9 odborn\u00edkmi z Tour de France, samozrejmos\u0165ou je vysok\u00e1 \u00farove\u0148 bezpe\u010dnosti, bezprostredn\u00e1 podpora cel\u00e9ho organiza\u010dn\u00e9ho t\u00edmu, profesion\u00e1lna \u010dasomiera a v neposlednom rade aj s\u00fa\u0165a\u017ee, ktor\u00e9 nespo\u010d\u00edvaj\u00fa len v prvenstve celkov\u00e9ho poriadia, <strong>tieto preteky s\u00fa vhodn\u00e9 pre ka\u017ed\u00e9ho nad\u0161enca cestnej cyklistiky<\/strong>. S\u00fa\u010das\u0165ou trate bud\u00fa toti\u017e aj vrch\u00e1rske a \u0161print\u00e9rske pr\u00e9mie s jedine\u010dnou atmosf\u00e9rou. V priestoroch \u0161tartu a cie\u013ea budete m\u00f4c\u0165 navy\u0161e spozna\u0165 hist\u00f3riu Tour de France, pou\u010di\u0165 a zabavi\u0165 sa s Expo festivalom s mno\u017estvom sprievodn\u00fdch workshopov a predstaven\u00ed.<\/p>\n<p><a href=\"https:\/\/d2p6e6u75xmxt8.cloudfront.net\/4\/2021\/04\/WLC_L-Etape_02.jpg\"><img loading=\"lazy\" decoding=\"async\" class=\"alignnone size-full wp-image-11636\" src=\"https:\/\/d2p6e6u75xmxt8.cloudfront.net\/4\/2021\/04\/WLC_L-Etape_02.jpg\" alt=\"\" width=\"1200\" height=\"800\" \/><\/a><\/p>\n<p>\u0160koda AUTO Slovensko a port\u00e1l We Love Cycling s\u00fa <strong>hrd\u00fdmi partnermi premi\u00e9rov\u00e9ho ro\u010dn\u00edka na\u0161ej dom\u00e1cej L\u2019Etape Slovakia by Tour de France<\/strong>. N\u00e1\u0161 dlhoro\u010dn\u00fd vz\u0165ah k cyklistike sa odzrkad\u013euje aj v \u010fal\u0161\u00edch podujatiach, ktor\u00e9 sa ka\u017edoro\u010dne uskuto\u010d\u0148uj\u00fa. Medzi ne patr\u00ed aj \u0160koda BIKE OPEN TOUR pre hork\u00fdch nad\u0161encov, Majstrovstv\u00e1 Slovenskej republiky, v\u00fdznamn\u00e9 etapov\u00e9 preteky Okolo Slovenska alebo Detsk\u00e1 Tour Petra Sagana. Sme preto radi, \u017ee sa n\u00e1m podarilo tento unik\u00e1t, ktor\u00fdm je pr\u00e1ve L\u2019Etape, prinies\u0165 aj k n\u00e1m \u201edomov\u201c.<\/p>\n<p>Miesto podujatia je stanoven\u00e9 v Bratislave. <strong>Term\u00edn 22. augusta 2021<\/strong> je n\u00e1hradn\u00fdm term\u00ednom, ktor\u00e9ho presunutie bolo zapr\u00ed\u010dinen\u00e9 s\u00fa\u010dasnou pand\u00e9miou. Ako ka\u017ed\u00e1 spr\u00e1vna etapa, aj t\u00e1to bude \u0161tartova\u0165 u\u017e skoro r\u00e1no, teda o\u00a07:00. Spom\u00ednan\u00e9 sprievodn\u00e9 podujatia sa bud\u00fa odohr\u00e1va\u0165 o de\u0148 sk\u00f4r, teda 21. augusta 2021.<\/p>\n<p><a href=\"https:\/\/d2p6e6u75xmxt8.cloudfront.net\/4\/2021\/04\/WLC_L-Etape_03.jpg\"><img loading=\"lazy\" decoding=\"async\" class=\"alignnone size-full wp-image-11637\" src=\"https:\/\/d2p6e6u75xmxt8.cloudfront.net\/4\/2021\/04\/WLC_L-Etape_03.jpg\" alt=\"\" width=\"1200\" height=\"800\" \/><\/a><\/p>\n<p>Registr\u00e1cia je mo\u017en\u00e1 u\u017e aj dnes, konkr\u00e9tne na <a href=\"https:\/\/predpredaj.zoznam.sk\/sk\/predregistracia\/l-etape\/\" target=\"_blank\" rel=\"noopener\">tomto odkaze<\/a>. Nezab\u00fadajte v\u0161ak, \u017ee prihl\u00e1senie sa na podujatie je dokon\u010den\u00e9 a\u017e v momente zaplatenia registra\u010dn\u00e9ho poplatku. Ceny jednotliv\u00fdch \u00farovn\u00ed s oh\u013eadom na term\u00edn registr\u00e1cie pred samotn\u00fdmi pretekmi s\u00fa uveden\u00e9 na str\u00e1nke <a href=\"https:\/\/letapeslovakia.sk\/startovne\/\" target=\"_blank\" rel=\"noopener\">L\u2019Etape Slovakia<\/a>. Plat\u00ed jednoduch\u00e9 pravidlo &#8211; \u010d\u00edm sk\u00f4r sa prihl\u00e1site, t\u00fdm v\u00fdhodnej\u0161ie pretek\u00e1te.<\/p>\n<p><a href=\"https:\/\/d2p6e6u75xmxt8.cloudfront.net\/4\/2021\/04\/WLC_L-Etape_04.jpg\"><img loading=\"lazy\" decoding=\"async\" class=\"alignnone size-full wp-image-11638\" src=\"https:\/\/d2p6e6u75xmxt8.cloudfront.net\/4\/2021\/04\/WLC_L-Etape_04.jpg\" alt=\"\" width=\"1200\" height=\"800\" \/><\/a><\/p>\n<p>Ak ste zvedav\u00ed na profil trate a jej smerovanie, to zatia\u013e zost\u00e1va zahalen\u00e9 r\u00fa\u0161kom tajomstva. D\u00f4vodov je hne\u010f nieko\u013eko, av\u0161ak nemus\u00edte sa ob\u00e1va\u0165 \u017eiadnych nemil\u00fdch prekvapen\u00ed. Dostupnou inform\u00e1ciou je rozdelenie trate na nieko\u013eko variantov. Celkovo \u0161tyri profily s\u00fa rozdelen\u00e9 d\u013a\u017ekovo a \u010diasto\u010dne aj pod\u013ea vekovej kateg\u00f3rie. M\u00e1te tak na v\u00fdber z <strong>Kids Race<\/strong>, ktor\u00e9 je ur\u010den\u00e9 pre deti, <strong>Hobby Ride<\/strong>, <strong>Short Ride<\/strong> a\u00a0samozrejme pln\u00fa d\u013a\u017eku L\u2019Etape so v\u0161etk\u00fdm, \u010do k\u00a0tomu patr\u00ed, ktor\u00e1 je ozna\u010den\u00e1 ako <strong>Long Ride<\/strong>.<\/p>\n<p>Pred vydan\u00edm sa na tra\u0165 si nezabudnite pre\u010d\u00edta\u0165 aj <a href=\"https:\/\/letapeslovakia.sk\/propozicie\/\" target=\"_blank\" rel=\"noopener\">v\u0161eobecn\u00e9 podmienky \u0161tartu<\/a>. Ke\u010f\u017ee ide o preteky pod hlavi\u010dkou UCI, aj samotn\u00e9 nariadenia s\u00fa regulovan\u00e9 pod\u013ea pravidiel svetovej cyklistiky. Od maxim\u00e1lnej povolenej \u0161\u00edrky pl\u00e1\u0161\u0165ov, cez typ riadidiel, z\u00e1kaz vyu\u017e\u00edvania elektrobicyklov a pou\u017e\u00edvania vysiela\u010diek.<\/p>\n","protected":false},"excerpt":{"rendered":"<p>Na svete neexistuje mnoho pr\u00edle\u017eitosti, ako za\u017ei\u0165 tak\u00fa atmosf\u00e9ru a\u00a0podmienky, ak\u00e9 sprev\u00e1dzaj\u00fa t\u00fdch najlep\u0161\u00edch \u0161portovcov na svete. Ak ide navy\u0161e [&hellip;]<\/p>\n","protected":false},"author":81,"featured_media":11634,"comment_status":"open","ping_status":"open","sticky":false,"template":"","format":"standard","meta":{"footnotes":""},"categories":[1350],"tags":[521,115,487,135,71,37,179,542],"global-categories":[1074],"class_list":["post-11631","post","type-post","status-publish","format-standard","has-post-thumbnail","hentry","category-letape-slovakia","tag-bratislava","tag-cestna-cyklistika","tag-cestny-bicykel","tag-christian-prudhomme","tag-letape-du-tour","tag-podujatia","tag-preteky","tag-skoda","global-categories-cycling"],"yoast_head":"<!-- This site is optimized with the Yoast SEO Premium plugin v25.3 (Yoast SEO v25.9) - https:\/\/yoast.com\/wordpress\/plugins\/seo\/ -->\n<title>L\u2019Etape tento rok zav\u00edta aj na Slovensko! - \u0160koda We Love Cycling Slovensko<\/title>\n<meta name=\"robots\" content=\"index, follow, max-snippet:-1, max-image-preview:large, max-video-preview:-1\" \/>\n<link rel=\"canonical\" href=\"https:\/\/www.welovecycling.com\/sk\/2021\/04\/08\/letape-tento-rok-zavita-aj-na-slovensko\/\" \/>\n<meta property=\"og:locale\" content=\"sk_SK\" \/>\n<meta property=\"og:type\" content=\"article\" \/>\n<meta property=\"og:title\" content=\"L\u2019Etape tento rok zav\u00edta aj na Slovensko!\" \/>\n<meta property=\"og:description\" content=\"Na svete neexistuje mnoho pr\u00edle\u017eitosti, ako za\u017ei\u0165 tak\u00fa atmosf\u00e9ru a\u00a0podmienky, ak\u00e9 sprev\u00e1dzaj\u00fa t\u00fdch najlep\u0161\u00edch \u0161portovcov na svete. Ak ide navy\u0161e [&hellip;]\" \/>\n<meta property=\"og:url\" content=\"https:\/\/www.welovecycling.com\/sk\/2021\/04\/08\/letape-tento-rok-zavita-aj-na-slovensko\/\" \/>\n<meta property=\"og:site_name\" content=\"\u0160koda We Love Cycling Slovensko\" \/>\n<meta property=\"article:published_time\" content=\"2021-04-08T13:00:05+00:00\" \/>\n<meta property=\"article:modified_time\" content=\"2021-04-08T16:16:01+00:00\" \/>\n<meta property=\"og:image\" content=\"https:\/\/d2p6e6u75xmxt8.cloudfront.net\/4\/2021\/04\/WLC_L-Etape_00.webp\" \/>\n\t<meta property=\"og:image:width\" content=\"1380\" \/>\n\t<meta property=\"og:image:height\" content=\"600\" \/>\n\t<meta property=\"og:image:type\" content=\"image\/webp\" \/>\n<meta name=\"twitter:card\" content=\"summary_large_image\" \/>\n<meta name=\"twitter:label1\" content=\"Written by\" \/>\n\t<meta name=\"twitter:data1\" content=\"We Love Cycling\" \/>\n\t<meta name=\"twitter:label2\" content=\"Est. reading time\" \/>\n\t<meta name=\"twitter:data2\" content=\"7\" \/>\n<script type=\"application\/ld+json\" class=\"yoast-schema-graph\">{\"@context\":\"https:\/\/schema.org\",\"@graph\":[{\"@type\":\"WebPage\",\"@id\":\"https:\/\/www.welovecycling.com\/sk\/2021\/04\/08\/letape-tento-rok-zavita-aj-na-slovensko\/\",\"url\":\"https:\/\/www.welovecycling.com\/sk\/2021\/04\/08\/letape-tento-rok-zavita-aj-na-slovensko\/\",\"name\":\"L\u2019Etape tento rok zav\u00edta aj na Slovensko! - \u0160koda We Love Cycling Slovensko\",\"isPartOf\":{\"@id\":\"https:\/\/www.welovecycling.com\/sk\/#website\"},\"primaryImageOfPage\":{\"@id\":\"https:\/\/www.welovecycling.com\/sk\/2021\/04\/08\/letape-tento-rok-zavita-aj-na-slovensko\/#primaryimage\"},\"image\":{\"@id\":\"https:\/\/www.welovecycling.com\/sk\/2021\/04\/08\/letape-tento-rok-zavita-aj-na-slovensko\/#primaryimage\"},\"thumbnailUrl\":\"https:\/\/d2p6e6u75xmxt8.cloudfront.net\/4\/2021\/04\/WLC_L-Etape_00.webp\",\"datePublished\":\"2021-04-08T13:00:05+00:00\",\"dateModified\":\"2021-04-08T16:16:01+00:00\",\"author\":{\"@id\":\"\"},\"breadcrumb\":{\"@id\":\"https:\/\/www.welovecycling.com\/sk\/2021\/04\/08\/letape-tento-rok-zavita-aj-na-slovensko\/#breadcrumb\"},\"inLanguage\":\"sk-SK\",\"potentialAction\":[{\"@type\":\"ReadAction\",\"target\":[\"https:\/\/www.welovecycling.com\/sk\/2021\/04\/08\/letape-tento-rok-zavita-aj-na-slovensko\/\"]}]},{\"@type\":\"ImageObject\",\"inLanguage\":\"sk-SK\",\"@id\":\"https:\/\/www.welovecycling.com\/sk\/2021\/04\/08\/letape-tento-rok-zavita-aj-na-slovensko\/#primaryimage\",\"url\":\"https:\/\/d2p6e6u75xmxt8.cloudfront.net\/4\/2021\/04\/WLC_L-Etape_00.webp\",\"contentUrl\":\"https:\/\/d2p6e6u75xmxt8.cloudfront.net\/4\/2021\/04\/WLC_L-Etape_00.webp\",\"width\":1380,\"height\":600},{\"@type\":\"BreadcrumbList\",\"@id\":\"https:\/\/www.welovecycling.com\/sk\/2021\/04\/08\/letape-tento-rok-zavita-aj-na-slovensko\/#breadcrumb\",\"itemListElement\":[{\"@type\":\"ListItem\",\"position\":1,\"name\":\"Home\",\"item\":\"https:\/\/www.welovecycling.com\/sk\/\"},{\"@type\":\"ListItem\",\"position\":2,\"name\":\"L\u2019Etape tento rok zav\u00edta aj na Slovensko!\"}]},{\"@type\":\"WebSite\",\"@id\":\"https:\/\/www.welovecycling.com\/sk\/#website\",\"url\":\"https:\/\/www.welovecycling.com\/sk\/\",\"name\":\"\u0160koda We Love Cycling Slovensko\",\"description\":\"\u0160koda We Love Cycling Slovensko je v\u00e1\u0161 ka\u017edodenn\u00fd zdroj noviniek a in\u0161pir\u00e1cie z sveta cyklistiky\",\"potentialAction\":[{\"@type\":\"SearchAction\",\"target\":{\"@type\":\"EntryPoint\",\"urlTemplate\":\"https:\/\/www.welovecycling.com\/sk\/?s={search_term_string}\"},\"query-input\":{\"@type\":\"PropertyValueSpecification\",\"valueRequired\":true,\"valueName\":\"search_term_string\"}}],\"inLanguage\":\"sk-SK\"},{\"@type\":\"Person\",\"@id\":\"\",\"url\":\"https:\/\/www.welovecycling.com\/sk\/author\/\"}]}<\/script>\n<!-- \/ Yoast SEO Premium plugin. -->","yoast_head_json":{"title":"L\u2019Etape tento rok zav\u00edta aj na Slovensko! - \u0160koda We Love Cycling Slovensko","robots":{"index":"index","follow":"follow","max-snippet":"max-snippet:-1","max-image-preview":"max-image-preview:large","max-video-preview":"max-video-preview:-1"},"canonical":"https:\/\/www.welovecycling.com\/sk\/2021\/04\/08\/letape-tento-rok-zavita-aj-na-slovensko\/","og_locale":"sk_SK","og_type":"article","og_title":"L\u2019Etape tento rok zav\u00edta aj na Slovensko!","og_description":"Na svete neexistuje mnoho pr\u00edle\u017eitosti, ako za\u017ei\u0165 tak\u00fa atmosf\u00e9ru a\u00a0podmienky, ak\u00e9 sprev\u00e1dzaj\u00fa t\u00fdch najlep\u0161\u00edch \u0161portovcov na svete. Ak ide navy\u0161e [&hellip;]","og_url":"https:\/\/www.welovecycling.com\/sk\/2021\/04\/08\/letape-tento-rok-zavita-aj-na-slovensko\/","og_site_name":"\u0160koda We Love Cycling Slovensko","article_published_time":"2021-04-08T13:00:05+00:00","article_modified_time":"2021-04-08T16:16:01+00:00","og_image":[{"width":1380,"height":600,"url":"https:\/\/d2p6e6u75xmxt8.cloudfront.net\/4\/2021\/04\/WLC_L-Etape_00.webp","type":"image\/webp"}],"twitter_card":"summary_large_image","twitter_misc":{"Written by":"We Love Cycling","Est. reading time":"7"},"schema":{"@context":"https:\/\/schema.org","@graph":[{"@type":"WebPage","@id":"https:\/\/www.welovecycling.com\/sk\/2021\/04\/08\/letape-tento-rok-zavita-aj-na-slovensko\/","url":"https:\/\/www.welovecycling.com\/sk\/2021\/04\/08\/letape-tento-rok-zavita-aj-na-slovensko\/","name":"L\u2019Etape tento rok zav\u00edta aj na Slovensko! - \u0160koda We Love Cycling Slovensko","isPartOf":{"@id":"https:\/\/www.welovecycling.com\/sk\/#website"},"primaryImageOfPage":{"@id":"https:\/\/www.welovecycling.com\/sk\/2021\/04\/08\/letape-tento-rok-zavita-aj-na-slovensko\/#primaryimage"},"image":{"@id":"https:\/\/www.welovecycling.com\/sk\/2021\/04\/08\/letape-tento-rok-zavita-aj-na-slovensko\/#primaryimage"},"thumbnailUrl":"https:\/\/d2p6e6u75xmxt8.cloudfront.net\/4\/2021\/04\/WLC_L-Etape_00.webp","datePublished":"2021-04-08T13:00:05+00:00","dateModified":"2021-04-08T16:16:01+00:00","author":{"@id":""},"breadcrumb":{"@id":"https:\/\/www.welovecycling.com\/sk\/2021\/04\/08\/letape-tento-rok-zavita-aj-na-slovensko\/#breadcrumb"},"inLanguage":"sk-SK","potentialAction":[{"@type":"ReadAction","target":["https:\/\/www.welovecycling.com\/sk\/2021\/04\/08\/letape-tento-rok-zavita-aj-na-slovensko\/"]}]},{"@type":"ImageObject","inLanguage":"sk-SK","@id":"https:\/\/www.welovecycling.com\/sk\/2021\/04\/08\/letape-tento-rok-zavita-aj-na-slovensko\/#primaryimage","url":"https:\/\/d2p6e6u75xmxt8.cloudfront.net\/4\/2021\/04\/WLC_L-Etape_00.webp","contentUrl":"https:\/\/d2p6e6u75xmxt8.cloudfront.net\/4\/2021\/04\/WLC_L-Etape_00.webp","width":1380,"height":600},{"@type":"BreadcrumbList","@id":"https:\/\/www.welovecycling.com\/sk\/2021\/04\/08\/letape-tento-rok-zavita-aj-na-slovensko\/#breadcrumb","itemListElement":[{"@type":"ListItem","position":1,"name":"Home","item":"https:\/\/www.welovecycling.com\/sk\/"},{"@type":"ListItem","position":2,"name":"L\u2019Etape tento rok zav\u00edta aj na Slovensko!"}]},{"@type":"WebSite","@id":"https:\/\/www.welovecycling.com\/sk\/#website","url":"https:\/\/www.welovecycling.com\/sk\/","name":"\u0160koda We Love Cycling Slovensko","description":"\u0160koda We Love Cycling Slovensko je v\u00e1\u0161 ka\u017edodenn\u00fd zdroj noviniek a in\u0161pir\u00e1cie z sveta cyklistiky","potentialAction":[{"@type":"SearchAction","target":{"@type":"EntryPoint","urlTemplate":"https:\/\/www.welovecycling.com\/sk\/?s={search_term_string}"},"query-input":{"@type":"PropertyValueSpecification","valueRequired":true,"valueName":"search_term_string"}}],"inLanguage":"sk-SK"},{"@type":"Person","@id":"","url":"https:\/\/www.welovecycling.com\/sk\/author\/"}]}},"_links":{"self":[{"href":"https:\/\/www.welovecycling.com\/sk\/wp-json\/wp\/v2\/posts\/11631","targetHints":{"allow":["GET"]}}],"collection":[{"href":"https:\/\/www.welovecycling.com\/sk\/wp-json\/wp\/v2\/posts"}],"about":[{"href":"https:\/\/www.welovecycling.com\/sk\/wp-json\/wp\/v2\/types\/post"}],"author":[{"embeddable":true,"href":"https:\/\/www.welovecycling.com\/sk\/wp-json\/wp\/v2\/users\/81"}],"replies":[{"embeddable":true,"href":"https:\/\/www.welovecycling.com\/sk\/wp-json\/wp\/v2\/comments?post=11631"}],"version-history":[{"count":2,"href":"https:\/\/www.welovecycling.com\/sk\/wp-json\/wp\/v2\/posts\/11631\/revisions"}],"predecessor-version":[{"id":11662,"href":"https:\/\/www.welovecycling.com\/sk\/wp-json\/wp\/v2\/posts\/11631\/revisions\/11662"}],"wp:featuredmedia":[{"embeddable":true,"href":"https:\/\/www.welovecycling.com\/sk\/wp-json\/wp\/v2\/media\/11634"}],"wp:attachment":[{"href":"https:\/\/www.welovecycling.com\/sk\/wp-json\/wp\/v2\/media?parent=11631"}],"wp:term":[{"taxonomy":"category","embeddable":true,"href":"https:\/\/www.welovecycling.com\/sk\/wp-json\/wp\/v2\/categories?post=11631"},{"taxonomy":"post_tag","embeddable":true,"href":"https:\/\/www.welovecycling.com\/sk\/wp-json\/wp\/v2\/tags?post=11631"},{"taxonomy":"global-categories","embeddable":true,"href":"https:\/\/www.welovecycling.com\/sk\/wp-json\/wp\/v2\/global-categories?post=11631"}],"curies":[{"name":"wp","href":"https:\/\/api.w.org\/{rel}","templated":true}]}}