{"id":11621,"date":"2021-05-04T10:30:17","date_gmt":"2021-05-04T08:30:17","guid":{"rendered":"https:\/\/www.welovecycling.com\/sk\/?p=11621"},"modified":"2023-04-13T11:38:00","modified_gmt":"2023-04-13T09:38:00","slug":"preco-su-belgicki-podlahari-na-bicykloch-tak-dominantni","status":"publish","type":"post","link":"https:\/\/www.welovecycling.com\/sk\/2021\/05\/04\/preco-su-belgicki-podlahari-na-bicykloch-tak-dominantni\/","title":{"rendered":"Pre\u010do s\u00fa belgick\u00ed \u201epodlah\u00e1ri na bicykloch\u201c tak dominantn\u00ed?"},"content":{"rendered":"<p><strong>V Provence 11. janu\u00e1ra otvorili svoje konto a dosia\u013e na\u0148 pridali desa\u0165 triumfov, pri\u010dom \u0161es\u0165 z nich s puncom WorldTour pretekov. \u010co v uplynul\u00fdch dvoch dek\u00e1dach st\u00e1lo a st\u00e1le stoj\u00ed za dominanciou belgick\u00e9ho t\u00edmu, ktor\u00fd v tomto roku nesie n\u00e1zov Deceuninck Quick Step?<\/strong><\/p>\n<p>Philippe Gilbert, Enric Mas, Fernando Gaviria, Max Schachmann, Elia Viviani, Laurens de Plus. Celkom dlh\u00fd zoznam hviezd a hviezdi\u010diek. V\u0161etci t\u00edto pretek\u00e1ri maj\u00fa jedno spolo\u010dn\u00e9 &#8211; v priebehu posledn\u00fdch troch rokov z Quick-Step-u odi\u0161li.<\/p>\n<p>Tak\u00e1to emigr\u00e1cia talentov by nejeden t\u00edm potopila, av\u0161ak Lefeverova dru\u017eina si \u010falej dr\u017e\u00ed pr\u00edvlastok najdominantnej\u0161ieho celku v profesion\u00e1lnom pelot\u00f3ne. Po\u010das minul\u00e9ho roku toti\u017e z\u00edskala 39 prv\u00fdch miest. Mo\u017eno to nebolo to\u013eko, ako tomu bolo o rok pred t\u00fdm (68 v\u00ed\u0165azstiev), alebo v sez\u00f3ne 2018 (73), ale je nutn\u00e9 pripomen\u00fa\u0165, \u010do za t\u00fdm poklesom o zhruba polovicu prvenstiev st\u00e1lo. Sez\u00f3na r\u00fa\u0161ok a ods\u00favan\u00fdch alebo rovno zru\u0161en\u00fdch pretekov.<\/p>\n<h2><strong>Cavendish: Nerie\u0161ia wattmetre a u\u017e\u00edvaj\u00fa si pretekanie<\/strong><\/h2>\n<p>Napriek tomu Quick-Step znovu obsadil \u010delo v po\u010dte prvenstiev na podujatiach a pravidelne svojim s\u00faperom utek\u00e1. Nez\u00e1le\u017e\u00ed ani na tom, \u010di jeho \u201esuperstars\u201c ost\u00e1vaj\u00fa, alebo odch\u00e1dzaj\u00fa do in\u00fdch t\u00edmov s n\u00e1dejou na vy\u0161\u0161\u00ed plat alebo odli\u0161n\u00e9 podmienky. To sa v\u0161ak nie v\u017edy vyplat\u00ed. D\u00f4kazom toho je Terpstra alebo Viviani. Tak\u017ee, ak\u00fd je belgick\u00fd recept na \u00faspech?<\/p>\n<p><em>\u201eNesna\u017eia sa objavi\u0165 Ameriku. Proste si sadn\u00fa na bicykel a pretekaj\u00fa, je to tak jednoduch\u00e9,\u201c<\/em> hovor\u00ed Mark Cavendish, ktor\u00e9mu u\u017e v 35 rokoch hrozil koniec kari\u00e9ry, ale ktor\u00e9mu mana\u017e\u00e9r Quick-Step-u, Lefevere, podal na posledn\u00fa chv\u00ed\u013eu pomocn\u00fa ruku. Britsk\u00fd r\u00fdchlik sa tak vr\u00e1til do zostavy, ktorej \u010dlenom bol u\u017e medzi rokmi 2013 a\u017e 2015, po\u010das ktor\u00fdch navy\u0161e vyhral 44kr\u00e1t. A na t\u00e9mu cyklistickej nadradenosti svojho staronov\u00e9ho zamestn\u00e1vate\u013ea povedal: <em>\u201eU\u017e\u00edvaj\u00fa si pretekanie. Nepozeraj\u00fa sa na wattmetre, len kolekt\u00edvne pretekaj\u00fa, aby boli prv\u00ed na cie\u013eovej p\u00e1ske.\u201c<\/em><\/p>\n<figure id=\"attachment_11622\" aria-describedby=\"caption-attachment-11622\" style=\"width: 1920px\" class=\"wp-caption alignnone\"><a href=\"https:\/\/d2p6e6u75xmxt8.cloudfront.net\/13\/2021\/03\/Sam-Bennett-Paris-Nice-Stage-5-Victory-_Bas-Czerwinski-Getty-Images-scaled.jpg\"><img loading=\"lazy\" decoding=\"async\" class=\"size-extra-large wp-image-11622\" src=\"https:\/\/d2p6e6u75xmxt8.cloudfront.net\/4\/2021\/04\/Sam-Bennett-Paris-Nice-Stage-5-Victory-_Bas-Czerwinski-Getty-Images-scaled-1920x1280.jpg\" alt=\"Sam Bennett slav\u00ed triumf v 5. etap\u011b z\u00e1vod Pa\u0159\u00ed\u017e-Nice. Foto: \u00a9 Deceuninck - Quick-Step - \u00a9Bas Czerwinski\" width=\"1920\" height=\"1280\" \/><\/a><figcaption id=\"caption-attachment-11622\" class=\"wp-caption-text\"><em>Sam Bennett oslavuje triumf v 5. etape pretekov Par\u00ed\u017e-Nice. Foto: Deceuninck Quick-Step\/Bas Czerwinski<\/em><\/figcaption><\/figure>\n<p>K\u013e\u00fa\u010dom od pyram\u00eddy ich \u00faspechov je n\u00e1bor mlad\u00fdch talentov, ktor\u00fdch akt\u00edvne vyh\u013ead\u00e1vaj\u00fa ich skauti. Yves Lampaert, Kasper Asgreen, R\u00e9mi Cavange aj Fabio Jakobsen, ktor\u00fd u\u017e netrpezlivo o\u010dak\u00e1va svoj pretek\u00e1rsky n\u00e1vrat po minuloro\u010dnej, takmer tragickej nehode, <strong>t\u00ed v\u0161etci podp\u00edsali zmluvu vo veku ni\u017e\u0161om ne\u017e 25 rokov<\/strong>. A naviac pri\u0161li z t\u00edmov, ktor\u00e9 nepatrili k WorldoTour \u201e\u0161\u013eachte\u201c. A od tej doby ka\u017ed\u00fd z nich za\u010dal vo \u201evl\u010dej svorke\u201c triumfova\u0165.<\/p>\n<p>Posledn\u00fd \u00faspe\u0161n\u00fd pr\u00edbeh je n\u00e1kup Jo\u00e3a Almeidu z liahne talentov Axela Merckxa. V minulom roku dostal Portugalec pr\u00edle\u017eitos\u0165 a chytil ju doslova za pa\u010desy. <em>\u201eA v tomto roku sa c\u00edtim e\u0161te sebavedomej\u0161\u00ed, ale s\u00fa\u010dasne na seba naklad\u00e1m v\u00e4\u010d\u0161\u00ed tlak,\u201c<\/em> hovor\u00ed 22 ro\u010dn\u00fd vrch\u00e1r. <em>\u201eA to v\u0161etko je d\u00f4le\u017eit\u00e9 pre motiv\u00e1ciu do bud\u00facna.\u201c<\/em><\/p>\n<h2><strong>N\u00edzke kontrakty, vysok\u00e9 bonusy<\/strong><\/h2>\n<p>Po minulej sez\u00f3ne do\u0161lo v Quick-Step-e k jedin\u00e9mu l\u00fa\u010deniu, kedy sa Bob Jungels up\u00edsal franc\u00fazskemu AG2R Citro\u00ebn. V opa\u010dnom smere putoval Canvedish a Josef \u010cern\u00fd (27 rokov). T\u00edto dvaja s\u00edce so sebou priniesli sk\u00fasenos\u0165, ale ur\u010dite nie srdnatos\u0165 mladosti Almeidu a spol.<\/p>\n<p>Je zn\u00e1me, \u017ee Lefevere pon\u00faka jazdcom kr\u00e1tkodob\u00e9 kontrakty s relat\u00edvne n\u00edzkym z\u00e1kladn\u00fdm platom, ale naopak vysok\u00e9 bonusy za v\u00ed\u0165azstv\u00e1. To sa m\u00f4\u017ee s\u00edce javi\u0165 ako riskantn\u00e1 strat\u00e9gia, preto\u017ee ktoko\u013evek zam\u00e1va pred \u201evl\u010diakmi\u201c zauj\u00edmavej\u0161ie vyzeraj\u00facim \u0161ekom, ten ich m\u00f4\u017ee pril\u00e1ka\u0165 do svojho st\u00e1da.<\/p>\n<figure id=\"attachment_11623\" aria-describedby=\"caption-attachment-11623\" style=\"width: 1920px\" class=\"wp-caption alignnone\"><a href=\"https:\/\/d2p6e6u75xmxt8.cloudfront.net\/13\/2021\/03\/Julian-Alaphilippe-Tirreno-Adriatico-Stage-2-Podium-1-_Tim-De-Waele-Getty-Images-scaled.jpg\"><img loading=\"lazy\" decoding=\"async\" class=\"size-extra-large wp-image-11623\" src=\"https:\/\/d2p6e6u75xmxt8.cloudfront.net\/4\/2021\/04\/Julian-Alaphilippe-Tirreno-Adriatico-Stage-2-Podium-1-_Tim-De-Waele-Getty-Images-scaled-1920x1280.jpg\" alt=\"Julian Alaphilippe slav\u00ed etapov\u00fd triumf p\u0159i druh\u00e9 etap\u011b Tirreno-Adriatico. Foto: Deceuninck - Quick-Step - \u00a9Tim De Waele \/ Getty Images\" width=\"1920\" height=\"1280\" \/><\/a><figcaption id=\"caption-attachment-11623\" class=\"wp-caption-text\"><em>Julian Alaphilippe oslavuje etapov\u00fd triumf pri druhej etape Tirreno-Adriatico. Foto: Deceuninck Quick Step\/Tim De Waele\/Getty Images<\/em><\/figcaption><\/figure>\n<p>Napriek tomu poh\u013ead do s\u00fapisky t\u00edmu ukazuje, \u017ee mnoh\u00fdm pr\u00e1ve tak\u00e1 filozofia sed\u00ed. Na prvom mieste Zde\u0148kovi \u0160tybarovi, ktor\u00fd tento rok na\u010dal pod Lefeverom jeden\u00e1stu sez\u00f3nu. A zas raz bude \u010deli\u0165 ot\u00e1zkam, pre\u010do neodi\u0161iel do t\u00edmu, kde by bol ur\u010den\u00fd za jednozna\u010dn\u00e9ho l\u00eddra pre &#8222;jeho&#8220; kockov\u00e9 klasiky, preto\u017ee v Quick-Stepe je ka\u017edoro\u010dne tak\u00fdchto mu\u017eov pretlak.<\/p>\n<p><em>&#8222;Strat\u00e9giu nieko\u013ek\u00fdch l\u00eddrov pou\u017e\u00edvame roky a sme s \u0148ou ve\u013emi \u00faspe\u0161n\u00ed. Nevid\u00edm d\u00f4vod, pre\u010do na tom nie\u010do meni\u0165,&#8220;<\/em> zast\u00e1va sa Kasper Asgreen. Av\u0161ak ako tak\u00fd pr\u00edstup obstoj\u00ed na kock\u00e1ch tento rok proti hrozb\u00e1m menom Van der Poel \u010di Van Aert, sa e\u0161te uvid\u00ed. Aby sa t\u00e1to v\u00ed\u0165azn\u00e1 ma\u0161ina prv\u00fdkr\u00e1t po rokoch nezadrela&#8230;<\/p>\n","protected":false},"excerpt":{"rendered":"<p>V Provence 11. janu\u00e1ra otvorili svoje konto a dosia\u013e na\u0148 pridali desa\u0165 triumfov, pri\u010dom \u0161es\u0165 z nich s puncom WorldTour [&hellip;]<\/p>\n","protected":false},"author":172,"featured_media":11625,"comment_status":"open","ping_status":"open","sticky":false,"template":"","format":"standard","meta":{"footnotes":""},"categories":[4],"tags":[115,546,898,136,179,900],"global-categories":[],"class_list":["post-11621","post","type-post","status-publish","format-standard","has-post-thumbnail","hentry","category-cestna-cyklisitika","tag-cestna-cyklistika","tag-cyklistika","tag-deceuninck-quick-step","tag-mark-cavendish","tag-preteky","tag-zdenek-stybar"],"yoast_head":"<!-- This site is optimized with the Yoast SEO Premium plugin v25.3 (Yoast SEO v25.9) - https:\/\/yoast.com\/wordpress\/plugins\/seo\/ -->\n<title>Pre\u010do s\u00fa belgick\u00ed \u201epodlah\u00e1ri na bicykloch\u201c tak dominantn\u00ed? - \u0160koda We Love Cycling Slovensko<\/title>\n<meta name=\"description\" content=\"Deceuninck Quick Step vl\u00e1dne novej sez\u00f3ne rovnako, ako dominoval dvom predo\u0161l\u00fdm. V \u010dom spo\u010d\u00edva k\u00fazlo belgick\u00e9ho t\u00fdmu?\" \/>\n<meta name=\"robots\" content=\"index, follow, max-snippet:-1, max-image-preview:large, max-video-preview:-1\" \/>\n<link rel=\"canonical\" href=\"https:\/\/www.welovecycling.com\/sk\/2021\/05\/04\/preco-su-belgicki-podlahari-na-bicykloch-tak-dominantni\/\" \/>\n<meta property=\"og:locale\" content=\"sk_SK\" \/>\n<meta property=\"og:type\" content=\"article\" \/>\n<meta property=\"og:title\" content=\"Pre\u010do s\u00fa belgick\u00ed \u201epodlah\u00e1ri na bicykloch\u201c tak dominantn\u00ed?\" \/>\n<meta property=\"og:description\" content=\"Deceuninck Quick Step vl\u00e1dne novej sez\u00f3ne rovnako, ako dominoval dvom predo\u0161l\u00fdm. V \u010dom spo\u010d\u00edva k\u00fazlo belgick\u00e9ho t\u00fdmu?\" \/>\n<meta property=\"og:url\" content=\"https:\/\/www.welovecycling.com\/sk\/2021\/05\/04\/preco-su-belgicki-podlahari-na-bicykloch-tak-dominantni\/\" \/>\n<meta property=\"og:site_name\" content=\"\u0160koda We Love Cycling Slovensko\" \/>\n<meta property=\"article:published_time\" content=\"2021-05-04T08:30:17+00:00\" \/>\n<meta property=\"article:modified_time\" content=\"2023-04-13T09:38:00+00:00\" \/>\n<meta property=\"og:image\" content=\"https:\/\/d2p6e6u75xmxt8.cloudfront.net\/4\/2021\/04\/quick-step.webp\" \/>\n\t<meta property=\"og:image:width\" content=\"652\" \/>\n\t<meta property=\"og:image:height\" content=\"434\" \/>\n\t<meta property=\"og:image:type\" content=\"image\/webp\" \/>\n<meta name=\"author\" content=\"dominika\" \/>\n<meta name=\"twitter:card\" content=\"summary_large_image\" \/>\n<meta name=\"twitter:label1\" content=\"Written by\" \/>\n\t<meta name=\"twitter:data1\" content=\"Adam Bouda\" \/>\n\t<meta name=\"twitter:label2\" content=\"Est. reading time\" \/>\n\t<meta name=\"twitter:data2\" content=\"5\" \/>\n<script type=\"application\/ld+json\" class=\"yoast-schema-graph\">{\"@context\":\"https:\/\/schema.org\",\"@graph\":[{\"@type\":\"WebPage\",\"@id\":\"https:\/\/www.welovecycling.com\/sk\/2021\/05\/04\/preco-su-belgicki-podlahari-na-bicykloch-tak-dominantni\/\",\"url\":\"https:\/\/www.welovecycling.com\/sk\/2021\/05\/04\/preco-su-belgicki-podlahari-na-bicykloch-tak-dominantni\/\",\"name\":\"Pre\u010do s\u00fa belgick\u00ed \u201epodlah\u00e1ri na bicykloch\u201c tak dominantn\u00ed? - \u0160koda We Love Cycling Slovensko\",\"isPartOf\":{\"@id\":\"https:\/\/www.welovecycling.com\/sk\/#website\"},\"primaryImageOfPage\":{\"@id\":\"https:\/\/www.welovecycling.com\/sk\/2021\/05\/04\/preco-su-belgicki-podlahari-na-bicykloch-tak-dominantni\/#primaryimage\"},\"image\":{\"@id\":\"https:\/\/www.welovecycling.com\/sk\/2021\/05\/04\/preco-su-belgicki-podlahari-na-bicykloch-tak-dominantni\/#primaryimage\"},\"thumbnailUrl\":\"https:\/\/d2p6e6u75xmxt8.cloudfront.net\/4\/2021\/04\/quick-step.webp\",\"datePublished\":\"2021-05-04T08:30:17+00:00\",\"dateModified\":\"2023-04-13T09:38:00+00:00\",\"author\":{\"@id\":\"https:\/\/www.welovecycling.com\/sk\/#\/schema\/person\/533b62b98b6c41bd5135ebfb1f742624\"},\"description\":\"Deceuninck Quick Step vl\u00e1dne novej sez\u00f3ne rovnako, ako dominoval dvom predo\u0161l\u00fdm. V \u010dom spo\u010d\u00edva k\u00fazlo belgick\u00e9ho t\u00fdmu?\",\"breadcrumb\":{\"@id\":\"https:\/\/www.welovecycling.com\/sk\/2021\/05\/04\/preco-su-belgicki-podlahari-na-bicykloch-tak-dominantni\/#breadcrumb\"},\"inLanguage\":\"sk-SK\",\"potentialAction\":[{\"@type\":\"ReadAction\",\"target\":[\"https:\/\/www.welovecycling.com\/sk\/2021\/05\/04\/preco-su-belgicki-podlahari-na-bicykloch-tak-dominantni\/\"]}]},{\"@type\":\"ImageObject\",\"inLanguage\":\"sk-SK\",\"@id\":\"https:\/\/www.welovecycling.com\/sk\/2021\/05\/04\/preco-su-belgicki-podlahari-na-bicykloch-tak-dominantni\/#primaryimage\",\"url\":\"https:\/\/d2p6e6u75xmxt8.cloudfront.net\/4\/2021\/04\/quick-step.webp\",\"contentUrl\":\"https:\/\/d2p6e6u75xmxt8.cloudfront.net\/4\/2021\/04\/quick-step.webp\",\"width\":652,\"height\":434,\"caption\":\"\u00a9 Deceuninck - Quick-Step - \u00a9Wout Beel\"},{\"@type\":\"BreadcrumbList\",\"@id\":\"https:\/\/www.welovecycling.com\/sk\/2021\/05\/04\/preco-su-belgicki-podlahari-na-bicykloch-tak-dominantni\/#breadcrumb\",\"itemListElement\":[{\"@type\":\"ListItem\",\"position\":1,\"name\":\"Home\",\"item\":\"https:\/\/www.welovecycling.com\/sk\/\"},{\"@type\":\"ListItem\",\"position\":2,\"name\":\"Pre\u010do s\u00fa belgick\u00ed \u201epodlah\u00e1ri na bicykloch\u201c tak dominantn\u00ed?\"}]},{\"@type\":\"WebSite\",\"@id\":\"https:\/\/www.welovecycling.com\/sk\/#website\",\"url\":\"https:\/\/www.welovecycling.com\/sk\/\",\"name\":\"\u0160koda We Love Cycling Slovensko\",\"description\":\"\u0160koda We Love Cycling Slovensko je v\u00e1\u0161 ka\u017edodenn\u00fd zdroj noviniek a in\u0161pir\u00e1cie z sveta cyklistiky\",\"potentialAction\":[{\"@type\":\"SearchAction\",\"target\":{\"@type\":\"EntryPoint\",\"urlTemplate\":\"https:\/\/www.welovecycling.com\/sk\/?s={search_term_string}\"},\"query-input\":{\"@type\":\"PropertyValueSpecification\",\"valueRequired\":true,\"valueName\":\"search_term_string\"}}],\"inLanguage\":\"sk-SK\"},{\"@type\":\"Person\",\"@id\":\"https:\/\/www.welovecycling.com\/sk\/#\/schema\/person\/533b62b98b6c41bd5135ebfb1f742624\",\"name\":\"dominika\",\"image\":{\"@type\":\"ImageObject\",\"inLanguage\":\"sk-SK\",\"@id\":\"https:\/\/www.welovecycling.com\/sk\/#\/schema\/person\/image\/\",\"url\":\"https:\/\/secure.gravatar.com\/avatar\/ded6f274ba2ec3e17fff153f7d9d96a4b33c2cb63907f75d9a5309c599a7f3e6?s=96&d=mm&r=g\",\"contentUrl\":\"https:\/\/secure.gravatar.com\/avatar\/ded6f274ba2ec3e17fff153f7d9d96a4b33c2cb63907f75d9a5309c599a7f3e6?s=96&d=mm&r=g\",\"caption\":\"dominika\"},\"url\":\"https:\/\/www.welovecycling.com\/sk\/author\/dominika\/\"}]}<\/script>\n<!-- \/ Yoast SEO Premium plugin. -->","yoast_head_json":{"title":"Pre\u010do s\u00fa belgick\u00ed \u201epodlah\u00e1ri na bicykloch\u201c tak dominantn\u00ed? - \u0160koda We Love Cycling Slovensko","description":"Deceuninck Quick Step vl\u00e1dne novej sez\u00f3ne rovnako, ako dominoval dvom predo\u0161l\u00fdm. V \u010dom spo\u010d\u00edva k\u00fazlo belgick\u00e9ho t\u00fdmu?","robots":{"index":"index","follow":"follow","max-snippet":"max-snippet:-1","max-image-preview":"max-image-preview:large","max-video-preview":"max-video-preview:-1"},"canonical":"https:\/\/www.welovecycling.com\/sk\/2021\/05\/04\/preco-su-belgicki-podlahari-na-bicykloch-tak-dominantni\/","og_locale":"sk_SK","og_type":"article","og_title":"Pre\u010do s\u00fa belgick\u00ed \u201epodlah\u00e1ri na bicykloch\u201c tak dominantn\u00ed?","og_description":"Deceuninck Quick Step vl\u00e1dne novej sez\u00f3ne rovnako, ako dominoval dvom predo\u0161l\u00fdm. V \u010dom spo\u010d\u00edva k\u00fazlo belgick\u00e9ho t\u00fdmu?","og_url":"https:\/\/www.welovecycling.com\/sk\/2021\/05\/04\/preco-su-belgicki-podlahari-na-bicykloch-tak-dominantni\/","og_site_name":"\u0160koda We Love Cycling Slovensko","article_published_time":"2021-05-04T08:30:17+00:00","article_modified_time":"2023-04-13T09:38:00+00:00","og_image":[{"width":652,"height":434,"url":"https:\/\/d2p6e6u75xmxt8.cloudfront.net\/4\/2021\/04\/quick-step.webp","type":"image\/webp"}],"author":"dominika","twitter_card":"summary_large_image","twitter_misc":{"Written by":"Adam Bouda","Est. reading time":"5"},"schema":{"@context":"https:\/\/schema.org","@graph":[{"@type":"WebPage","@id":"https:\/\/www.welovecycling.com\/sk\/2021\/05\/04\/preco-su-belgicki-podlahari-na-bicykloch-tak-dominantni\/","url":"https:\/\/www.welovecycling.com\/sk\/2021\/05\/04\/preco-su-belgicki-podlahari-na-bicykloch-tak-dominantni\/","name":"Pre\u010do s\u00fa belgick\u00ed \u201epodlah\u00e1ri na bicykloch\u201c tak dominantn\u00ed? - \u0160koda We Love Cycling Slovensko","isPartOf":{"@id":"https:\/\/www.welovecycling.com\/sk\/#website"},"primaryImageOfPage":{"@id":"https:\/\/www.welovecycling.com\/sk\/2021\/05\/04\/preco-su-belgicki-podlahari-na-bicykloch-tak-dominantni\/#primaryimage"},"image":{"@id":"https:\/\/www.welovecycling.com\/sk\/2021\/05\/04\/preco-su-belgicki-podlahari-na-bicykloch-tak-dominantni\/#primaryimage"},"thumbnailUrl":"https:\/\/d2p6e6u75xmxt8.cloudfront.net\/4\/2021\/04\/quick-step.webp","datePublished":"2021-05-04T08:30:17+00:00","dateModified":"2023-04-13T09:38:00+00:00","author":{"@id":"https:\/\/www.welovecycling.com\/sk\/#\/schema\/person\/533b62b98b6c41bd5135ebfb1f742624"},"description":"Deceuninck Quick Step vl\u00e1dne novej sez\u00f3ne rovnako, ako dominoval dvom predo\u0161l\u00fdm. V \u010dom spo\u010d\u00edva k\u00fazlo belgick\u00e9ho t\u00fdmu?","breadcrumb":{"@id":"https:\/\/www.welovecycling.com\/sk\/2021\/05\/04\/preco-su-belgicki-podlahari-na-bicykloch-tak-dominantni\/#breadcrumb"},"inLanguage":"sk-SK","potentialAction":[{"@type":"ReadAction","target":["https:\/\/www.welovecycling.com\/sk\/2021\/05\/04\/preco-su-belgicki-podlahari-na-bicykloch-tak-dominantni\/"]}]},{"@type":"ImageObject","inLanguage":"sk-SK","@id":"https:\/\/www.welovecycling.com\/sk\/2021\/05\/04\/preco-su-belgicki-podlahari-na-bicykloch-tak-dominantni\/#primaryimage","url":"https:\/\/d2p6e6u75xmxt8.cloudfront.net\/4\/2021\/04\/quick-step.webp","contentUrl":"https:\/\/d2p6e6u75xmxt8.cloudfront.net\/4\/2021\/04\/quick-step.webp","width":652,"height":434,"caption":"\u00a9 Deceuninck - Quick-Step - \u00a9Wout Beel"},{"@type":"BreadcrumbList","@id":"https:\/\/www.welovecycling.com\/sk\/2021\/05\/04\/preco-su-belgicki-podlahari-na-bicykloch-tak-dominantni\/#breadcrumb","itemListElement":[{"@type":"ListItem","position":1,"name":"Home","item":"https:\/\/www.welovecycling.com\/sk\/"},{"@type":"ListItem","position":2,"name":"Pre\u010do s\u00fa belgick\u00ed \u201epodlah\u00e1ri na bicykloch\u201c tak dominantn\u00ed?"}]},{"@type":"WebSite","@id":"https:\/\/www.welovecycling.com\/sk\/#website","url":"https:\/\/www.welovecycling.com\/sk\/","name":"\u0160koda We Love Cycling Slovensko","description":"\u0160koda We Love Cycling Slovensko je v\u00e1\u0161 ka\u017edodenn\u00fd zdroj noviniek a in\u0161pir\u00e1cie z sveta cyklistiky","potentialAction":[{"@type":"SearchAction","target":{"@type":"EntryPoint","urlTemplate":"https:\/\/www.welovecycling.com\/sk\/?s={search_term_string}"},"query-input":{"@type":"PropertyValueSpecification","valueRequired":true,"valueName":"search_term_string"}}],"inLanguage":"sk-SK"},{"@type":"Person","@id":"https:\/\/www.welovecycling.com\/sk\/#\/schema\/person\/533b62b98b6c41bd5135ebfb1f742624","name":"dominika","image":{"@type":"ImageObject","inLanguage":"sk-SK","@id":"https:\/\/www.welovecycling.com\/sk\/#\/schema\/person\/image\/","url":"https:\/\/secure.gravatar.com\/avatar\/ded6f274ba2ec3e17fff153f7d9d96a4b33c2cb63907f75d9a5309c599a7f3e6?s=96&d=mm&r=g","contentUrl":"https:\/\/secure.gravatar.com\/avatar\/ded6f274ba2ec3e17fff153f7d9d96a4b33c2cb63907f75d9a5309c599a7f3e6?s=96&d=mm&r=g","caption":"dominika"},"url":"https:\/\/www.welovecycling.com\/sk\/author\/dominika\/"}]}},"_links":{"self":[{"href":"https:\/\/www.welovecycling.com\/sk\/wp-json\/wp\/v2\/posts\/11621","targetHints":{"allow":["GET"]}}],"collection":[{"href":"https:\/\/www.welovecycling.com\/sk\/wp-json\/wp\/v2\/posts"}],"about":[{"href":"https:\/\/www.welovecycling.com\/sk\/wp-json\/wp\/v2\/types\/post"}],"author":[{"embeddable":true,"href":"https:\/\/www.welovecycling.com\/sk\/wp-json\/wp\/v2\/users\/172"}],"replies":[{"embeddable":true,"href":"https:\/\/www.welovecycling.com\/sk\/wp-json\/wp\/v2\/comments?post=11621"}],"version-history":[{"count":2,"href":"https:\/\/www.welovecycling.com\/sk\/wp-json\/wp\/v2\/posts\/11621\/revisions"}],"predecessor-version":[{"id":11629,"href":"https:\/\/www.welovecycling.com\/sk\/wp-json\/wp\/v2\/posts\/11621\/revisions\/11629"}],"wp:featuredmedia":[{"embeddable":true,"href":"https:\/\/www.welovecycling.com\/sk\/wp-json\/wp\/v2\/media\/11625"}],"wp:attachment":[{"href":"https:\/\/www.welovecycling.com\/sk\/wp-json\/wp\/v2\/media?parent=11621"}],"wp:term":[{"taxonomy":"category","embeddable":true,"href":"https:\/\/www.welovecycling.com\/sk\/wp-json\/wp\/v2\/categories?post=11621"},{"taxonomy":"post_tag","embeddable":true,"href":"https:\/\/www.welovecycling.com\/sk\/wp-json\/wp\/v2\/tags?post=11621"},{"taxonomy":"global-categories","embeddable":true,"href":"https:\/\/www.welovecycling.com\/sk\/wp-json\/wp\/v2\/global-categories?post=11621"}],"curies":[{"name":"wp","href":"https:\/\/api.w.org\/{rel}","templated":true}]}}