{"id":11595,"date":"2021-03-30T10:00:32","date_gmt":"2021-03-30T08:00:32","guid":{"rendered":"https:\/\/www.welovecycling.com\/sk\/?p=11595"},"modified":"2021-03-26T21:58:12","modified_gmt":"2021-03-26T20:58:12","slug":"mesacna-desiatka-drzte-si-prilby-sezona-zacina","status":"publish","type":"post","link":"https:\/\/www.welovecycling.com\/sk\/2021\/03\/30\/mesacna-desiatka-drzte-si-prilby-sezona-zacina\/","title":{"rendered":"Mesa\u010dn\u00e1 desiatka &#8211; dr\u017ete si prilby, sez\u00f3na za\u010d\u00edna"},"content":{"rendered":"<p><strong>To, \u010do sa n\u00e1m e\u0161te pred nieko\u013ek\u00fdmi mesiacmi zdalo ako ut\u00f3pia alebo neuskuto\u010dnite\u013en\u00fd sen, sa v\u00a0posledn\u00fdch d\u0148och op\u00e4\u0165 rozbehlo na pln\u00e9 obr\u00e1tky. Pretekanie je sp\u00e4\u0165 a\u00a0s\u00a0n\u00edm aj \u010fal\u0161ie novinky.<\/strong><!--more--><\/p>\n<h2><strong>Mathieu van der Poel zni\u010dil konkurenciu<\/strong><\/h2>\n<p>Na prvej tohtoro\u010dnej klasike, Strade Bianche &#8211; tejto jednod\u0148ovej z\u00e1le\u017eitosti na povestn\u00fdch \u201ebielych cest\u00e1ch\u201c sme mali mo\u017enos\u0165 sledova\u0165 vyp\u00e4t\u00e9 s\u00faboje a\u017e do posledn\u00fdch stoviek metrov. Na\u0161\u0165astie, tentokr\u00e1t jazdcom po\u010dasie prialo. Slne\u010dn\u00e9 po\u010dasie s\u00edce prinieslo pra\u0161n\u00e9 cesty, ale s\u00fa\u010dasne predi\u0161lo nechcen\u00fdm p\u00e1dom. Aj napriek tomu, \u017ee Strade Bianche m\u00e1 len nie\u010do cez 180 km, <strong>posledn\u00fdch 50 km b\u00fdva nabit\u00fdch neut\u00edchaj\u00facimi n\u00e1stupmi<\/strong>. Po predveden\u00ed v\u00fdbu\u0161nosti Alaphilippom na 24. kilometri pred cie\u013eom bola ot\u00e1zka po novom v\u00ed\u0165azovi z\u00e1le\u017eitos\u0165ou skupiny siedmych pretek\u00e1rov. Van der Poel nechcel necha\u0165 ni\u010d na n\u00e1hodu a\u00a0v\u00a0predposlednom st\u00fapan\u00ed vysk\u00fa\u0161al svojich s\u00faperov &#8211; s\u00a0ur\u010ditou stratou mu dok\u00e1zali uvisie\u0165 iba Bernal a\u00a0Alaphilippe. Pr\u00e1ve t\u00e1to trojica vstupovala do posledn\u00e9ho kilometra pospolu. V\u00a0z\u00e1vere\u010dnom st\u00fapan\u00ed s\u00a0maximom atakuj\u00facim 16 % to bol pr\u00e1ve holandsk\u00fd \u0161ampi\u00f3n, ktor\u00fd demon\u0161troval nad\u013eudsk\u00fd \u0161print.\n<lite-youtube videoid=iBLDoE-5Kwc params=\"enablejsapi=1\" style=\"background-image: url('https:\/\/i.ytimg.com\/vi_webp\/iBLDoE-5Kwc\/maxresdefault.webp');\"><\/lite-youtube>\n<h2><strong>Sagan sa pomaly, ale isto navracia do formy<\/strong><\/h2>\n<p>O\u00a0tom, \u017ee Peter Sagan prekonal ochorenie Covid-19, sme u\u017e informovali minule. Na\u0161\u0165astie sa jeho pr\u00edpad zaobi\u0161iel bez v\u00e1\u017enej\u0161\u00edch komplik\u00e1ci\u00ed. Po dolie\u010den\u00ed s\u00edce pokra\u010doval v\u00a0tr\u00e9ningovom pl\u00e1ne, av\u0161ak nebolo ist\u00e9, \u010di bude schopn\u00fd vy\u0161vihn\u00fa\u0165 sa na \u00farove\u0148 jeho \u201ezdrav\u00fdch\u201c kolegov. Prvou sk\u00fa\u0161kou nebolo ni\u010d in\u00e9, ne\u017e 300 km jednor\u00e1zovka Mil\u00e1no-Sanremo. Na prekvapenie asi celej cyklistickej verejnosti to bol pr\u00e1ve Sagan, ktor\u00fd si v\u00a0osamostatnenej skupine <strong>vy\u0161printoval neuverite\u013en\u00e9 4. miesto<\/strong>. Aj ke\u010f o\u00a0nieko\u013eko dn\u00ed na Volta a\u00a0Catalunya neuvisel tempu t\u00edmu Movistar v\u00a0zvlnenej prvej etape, je ist\u00e9, \u017ee Peter ur\u010dite e\u0161te nepatr\u00ed \u201edo star\u00e9ho \u017eeleza\u201c.<\/p>\n<h2><strong>Prekvapenie na z\u00e1ver &#8211; Mil\u00e1no-Sanremo op\u00e4\u0165 prekvapilo<\/strong><\/h2>\n<p>Suver\u00e9nne najdlh\u0161ia klasika nielen jarnej, ale celej sez\u00f3ny, Mil\u00e1no-Sanremo, tr\u00e1pi jazdcov u\u017e cel\u00fdch 112 rokov. I\u00a0ke\u010f \u201e\u00favodn\u00fdch\u201c vy\u0161e 250 km je bezprobl\u00e9mov\u00fdch, kedy jazdci prich\u00e1dzaj\u00fa k\u00a0Stredozemn\u00e9mu moru a\u00a0za\u010d\u00ednaj\u00fa ho lemova\u0165, posledn\u00fdch nieko\u013eko desiatok kilometrov prinesie poriadnu d\u00e1vku vzru\u0161enia. Ide predov\u0161etk\u00fdm o\u00a0dvojicu st\u00fapan\u00ed, ktor\u00e9 nie s\u00fa ani dlh\u00e9, ani strm\u00e9, ale predsa len, s\u00fa situovan\u00e9 tesne pred cie\u013eom a\u00a0po \u0161iestich hodin\u00e1ch u\u017e v\u00e4\u010d\u0161ina z\u00a0pretek\u00e1rov nem\u00e1 \u201ez \u010doho\u201c \u010derpa\u0165 sily. Aj tento rok sa v\u00a0poslednom st\u00fapan\u00ed, na Poggio di Sanremo, pok\u00fasil o\u00a0n\u00e1stup Alaphilippe s\u00a0van Aertom za zadn\u00fdm kolesom. Ke\u010f\u017ee nejde o\u00a0strm\u00e9 st\u00fapanie, na jeho vrchole prech\u00e1dzala pospolu nieko\u013eko \u010dlenn\u00e1 skupina, do ktorej sa v\u00a0zjazde pridal aj P. Sagan. <strong>Posledn\u00e9 2 km po rovine boli teda v\u00fdzvou na \u0161print.<\/strong> Av\u0161ak proti tomu bol Stuyven s\u00a0nen\u00e1padn\u00fdm a\u00a0sprvu bezcie\u013enym n\u00e1stupom. Ako to ale v\u00a0cyklistike b\u00fdva, \u0161\u0165astie praje pripraven\u00fdm. Stuyven si aj po enormnom vyp\u00e4t\u00ed s\u00edl jeho pren\u00e1sledovate\u013eov dok\u00e1zal udr\u017ea\u0165 nieko\u013ekometrov\u00fd n\u00e1skok a\u017e na cie\u013eov\u00fa p\u00e1sku.\n<lite-youtube videoid=_EJ4BiKEtBM params=\"enablejsapi=1\" style=\"background-image: url('https:\/\/i.ytimg.com\/vi_webp\/_EJ4BiKEtBM\/maxresdefault.webp');\"><\/lite-youtube>\n<h2><strong>Na medzin\u00e1rodn\u00fdch podujatiach v Turecku sa uk\u00e1zali aj slovensk\u00ed pretek\u00e1ri<\/strong><\/h2>\n<p>V\u00a0sobotu, 6. marca, to bolo Grand Prix Mediterrennean s\u00a0ozna\u010den\u00edm kateg\u00f3riou UCI 1.2, na ktorom sme mohli vidie\u0165 aj zn\u00e1me men\u00e1 slovensk\u00e9ho XCO. Zo 150 \u010dlenn\u00e9ho \u0161tartov\u00e9ho po\u013ea to bol Luk\u00e1\u0161 Kubi\u0161, ktor\u00fd si dok\u00e1zal pr\u00eds\u0165 po v\u00fdborn\u00e9 9. miesto. K\u00fasok smoly mala Radka Paulechov\u00e1, ke\u010f po odv\u00e1\u017enom boji skon\u010dila na 11. mieste. Na nasleduj\u00faci de\u0148 sa konal marat\u00f3n s\u00a0n\u00e1zvom GP G\u00fcndo\u0123mu\u015fh. Na 104 km trati nebolo pr\u00edli\u0161 miesto pre oddych &#8211; na jednej strane kv\u00f4li pr\u00edtomnosti mnoh\u00fdch st\u00fapan\u00ed a\u00a0s\u00fa\u010dasne aj kv\u00f4li aktivite pretek\u00e1rov. Najlep\u0161ie fini\u0161oval Martin Haring. Jeho snahy po\u010das pretekov boli odmenen\u00e9 slu\u0161n\u00fdm 9. miestom v\u00a0medzin\u00e1rodnej konkurencii. Tereza Kurnick\u00e1 si v\u00a0\u017eenskej kateg\u00f3rii pri\u0161la po 44. miesto. <\/p>\n<h2><strong>Slovensk\u00e1 republika bude ma\u0165 zast\u00fapenie v\u00a0riadiacom v\u00fdbore Eur\u00f3pskej cyklistickej \u00fanie<\/strong><\/h2>\n<p>Cyklistika nie je len o\u00a0v\u00ed\u0165azstv\u00e1ch na tratiach a\u00a0o\u00a0nad\u013eudsk\u00fdch fyzick\u00fdch v\u00fdkonoch. Jej nedielnou s\u00fa\u010das\u0165ou je aj administrat\u00edvna a\u00a0mana\u017e\u00e9rska str\u00e1nka. Pr\u00e1ve v\u00a0tomto smere zaznamenala slovensk\u00e1 cyklistika ve\u013ek\u00fd pr\u00ednos po tom, <strong>ako sa L\u00edvia Hanesov\u00e1 stala jednou z\u00a0deleg\u00e1tov Eur\u00f3py na kongrese Svetovej cyklistickej organiz\u00e1cie (UCI)<\/strong>. Tento post znamen\u00e1, \u017ee slovensk\u00e1 deleg\u00e1tka bude ma\u0165 mo\u017enos\u0165 priamo ovplyv\u0148ova\u0165 a\u00a0podie\u013ea\u0165 sa na smerovan\u00ed v\u00fdvoja svetovej cyklistiky. Viac inform\u00e1ci\u00ed z\u00edskate na str\u00e1nke Slovensk\u00e9ho zv\u00e4zu cyklistiky na <a href=\"https:\/\/www.cyklistikaszc.sk\/sk\/submenu\/oznamy\/velky-uspech-slovenskej-cyklistickej-diplomacie\" rel=\"noopener\" target=\"_blank\">tomto odkaze<\/a>.<\/p>\n<h2><strong>Prv\u00e9 horsk\u00e9 etapy sez\u00f3ny na Volta a\u00a0Catalunya<\/strong><\/h2>\n<p>V\u00a0z\u00e1vere marca sa konali jedny z\u00a0najstar\u0161\u00edch etapov\u00fdch pretekov sveta. Vola a\u00a0Catalunya mo\u017eno nie je tak zn\u00e1ma, ako jej o\u00a0\u010dosi star\u0161ia sestra, La Vuelta, av\u0161ak aj ona osl\u00e1vila v\u00a0tomto roku 100. narodeniny. Na jej \u0161tartovej listine sa objavili sam\u00e9 ve\u013ek\u00e9 men\u00e1, \u010do bolo z\u00e1rukou o\u010dak\u00e1van\u00fdch heroick\u00fdch v\u00fdkonov. V\u00a0prvej etape a\u017e neveriacky zv\u00ed\u0165azil len 22-ro\u010dn\u00fd A. Kron. O\u00a0de\u0148 na to, v\u00a0\u010dasovke jednotlivcov, to bol b\u00fdval\u00fd majster sveta v\u00a0\u010dasovke, R. Dennis, ktor\u00fd \u201eopr\u00e1\u0161il\u201c staro-nov\u00fd pocit z\u00a0v\u00ed\u0165azstva. A\u017e v\u00a0tretej etape sme sa do\u010dkali poriadnych kopcov &#8211; teda konkr\u00e9tne iba jedn\u00e9ho, Vallter 2000. Pr\u00e1ve na jeho str\u00e1\u0148ach sa uk\u00e1zalo, kto na to v\u00a0\u00favode sez\u00f3ny \u201em\u00e1\u201c a\u00a0kto nie. <strong>Najsilnej\u0161\u00edm sa teda uk\u00e1zal A. Yates, ktor\u00fd fini\u0161oval pred E. Chavesom.<\/strong> Bol to tento druh\u00fd menovan\u00fd kolumbijsk\u00fd pretek\u00e1r, ktor\u00fd si po tejto etape obliekol dres ved\u00faceho jazdca pretekov.\n<lite-youtube videoid=k2ypDUaQg0I params=\"enablejsapi=1\" style=\"background-image: url('https:\/\/i.ytimg.com\/vi_webp\/k2ypDUaQg0I\/maxresdefault.webp');\"><\/lite-youtube>\n<h2><strong>U\u017eite si jarn\u00e9 traily s\u00a0Jolandou Neff<\/strong><\/h2>\n<p>Pr\u00edroda nie je jedin\u00e1, ktor\u00e1 sa v\u00a0t\u00fdchto d\u0148och pomaly preb\u00fadza do \u017eivota plnej formy. Cyklisti v\u00a0tomto oh\u013eadne nie s\u00fa v\u00fdnimkou. Tak napr\u00edklad tak\u00e1 b\u00fdval\u00e1 majsterka sveta v\u00a0XCO, Jolanda Neff, si v\u00a0Taliansku u\u017e\u00edva miestne traily. Ak chcete nabra\u0165 aspo\u0148 tro\u0161ku tej \u201eteoretickej\u201c zru\u010dnosti po mesiacoch bez bicykla, usa\u010fte sa a\u00a0nechajte sa nies\u0165 po utiahnut\u00fdch z\u00e1krut\u00e1ch v\u00a0Tosk\u00e1nsku.\n<lite-youtube videoid=pjtIg0tjm50 params=\"enablejsapi=1\" style=\"background-image: url('https:\/\/i.ytimg.com\/vi_webp\/pjtIg0tjm50\/maxresdefault.webp');\"><\/lite-youtube>\n<h2><strong>Ako na \u201eswitchback-y\u201c? S\u00a0trochou vynaliezavosti jednoducho<\/strong><\/h2>\n<p>Hovor\u00ed sa, \u017ee kde je v\u00f4\u013ea, tam je cesta. Ur\u010dite je to pr\u00edpad aj Wyna Mastersa, enduro a\u00a0zjazdov\u00e9ho pretek\u00e1ra, ktor\u00fd nem\u00e1 z\u00e1brany, ak ide o\u00a0inov\u00e1cie a\u00a0u\u013eah\u010denie si jazdenia. Tak napr\u00edklad v\u00a0nasleduj\u00facom videu v\u00e1m uk\u00e1\u017ee, \u017ee switchback-y v\u00f4bec nie s\u00fa \u0165a\u017ek\u00e1 vec. Teda v\u00a0pr\u00edpade, ak m\u00e1te po ruke par\u0165\u00e1ka a\u00a0viete sa prenies\u0165 nad predn\u00e9 koleso. Ostatn\u00e9 je u\u017e len prax. Tak\u017ee, nev\u00e1hajte a\u00a0za\u010dnite nacvi\u010dova\u0165 u\u017e dnes &#8211; <strong>\u010do sa v\u00a0mladosti nau\u010d\u00ed\u0161, na starobu akoby si na\u0161iel<\/strong>.<br \/>\nhttps:\/\/www.instagram.com\/p\/CMiKd7JBWG1\/<\/p>\n<h2><strong>Rogli\u010d s\u00a0v\u00ed\u0165azstvom, M\u00e4der s\u00a0neveriacim sklaman\u00edm<\/strong><\/h2>\n<p>Nie ka\u017ed\u00fd dojazd m\u00f4\u017ee by\u0165 preh\u013eadn\u00fd a\u00a0jednozna\u010dn\u00fd. I\u00a0ke\u010f v\u00e4\u010d\u0161ina prebieha bezprobl\u00e9movo a\u00a0s\u00faperi s\u00fa navz\u00e1jom obozn\u00e1men\u00ed o\u00a0pr\u00edtomnosti a\u00a0poz\u00edcii svojho soka, v\u00a0siedmej etape na tohtoro\u010dnom Par\u00ed\u017e-Nice to bolo o\u00a0nie\u010dom inom. Ale ako sa hovor\u00ed, v\u00fdnimka potvrdzuje pravidlo. \u0160vaj\u010diar, Gino M\u00e4der sa s\u00a0nieko\u013ekosekundov\u00fdm n\u00e1skokom pomaly pribli\u017eoval k\u00a0cie\u013eovej p\u00e1ske a\u00a0u\u017e sa zdalo, \u017ee nikto mu v\u00ed\u0165azstvo zobra\u0165 nem\u00f4\u017ee. To by tu ale nesmel by\u0165 Primo\u017e Rogli\u010d s\u00a0nechytate\u013en\u00fdm n\u00e1stupom. Perli\u010dkou je moment, kedy sa M\u00e4der obzrie za seba pr\u00e1ve v\u00a0momente, kedy ho obieha Rogli\u010d, pri\u010dom si ho ani nev\u0161imne. Op\u00e4tovn\u00fd poh\u013ead pred seba ho ale vytrhne z\u00a0mo\u017enej pred\u010dasnej oslavy v\u00ed\u0165azstva.\n<lite-youtube videoid=EYBb8_leDWI params=\"enablejsapi=1\" style=\"background-image: url('https:\/\/i.ytimg.com\/vi_webp\/EYBb8_leDWI\/maxresdefault.webp');\"><\/lite-youtube>\n<h2><strong>Cyklistika nie je v\u017edy radostn\u00e1 &#8211; d\u00e1vajte preto na seba pozor!<\/strong><\/h2>\n<p>Aj p\u00e1dy patria k\u00a0cyklistike. V\u00a0cestnej je to mo\u017eno e\u0161te o\u00a0nie\u010do hor\u0161ie, ke\u010f\u017ee pretek\u00e1ri sa r\u00fatia po cest\u00e1ch r\u00fdchlos\u0165ou \u010dasto prekra\u010duj\u00facou 70 km\/h a\u00a0jedine, \u010do ich m\u00f4\u017ee zastavi\u0165, je asfalt alebo pri\u013eahl\u00e9, nie pr\u00edli\u0161 m\u00e4kk\u00e9 okolit\u00e9 predmety. Tak\u00fdm pr\u00edpadom je aj George Bennett. Jeho p\u00e1d s\u00edce nevyzeral pr\u00edli\u0161 zdrvuj\u00faco, ale pr\u00e1ve to m\u00f4\u017ee niekedy klama\u0165. Je o\u010dividn\u00e9, \u017ee Bennett si udrel hlavu &#8211; ak by nebolo prilby, n\u00e1sledky mohli by\u0165 v\u00e1\u017enej\u0161ie. Jeho dezorient\u00e1cia a\u00a0neschopnos\u0165 sa priestorovo zorientova\u0165 boli ve\u013ek\u00fdm ot\u00e1znikom, \u010di ho uvo\u013eni\u0165 a\u00a0necha\u0165 ho pokra\u010dova\u0165 v\u00a0etape. Na\u0161\u0165astie, v\u0161etko dobre dopadlo.\n<lite-youtube videoid=JoVuMaZQxVQ params=\"enablejsapi=1\" style=\"background-image: url('https:\/\/i.ytimg.com\/vi_webp\/JoVuMaZQxVQ\/maxresdefault.webp');\"><\/lite-youtube>\n<p><strong>Ako vid\u00edme, cyklistika jednoducho \u201efi\u010d\u00ed\u201c.<\/strong> Budeme sa z\u00a0takto na\u0161liapnutej sez\u00f3ny te\u0161i\u0165 aj na bud\u00faci mesiac? Nu\u017e, to vie asi len ten hore. Dovtedy sa dr\u017ete a\u00a0nezabudnite na poctiv\u00e9 kilometre!<\/p>\n","protected":false},"excerpt":{"rendered":"<p>To, \u010do sa n\u00e1m e\u0161te pred nieko\u013ek\u00fdmi mesiacmi zdalo ako ut\u00f3pia alebo neuskuto\u010dnite\u013en\u00fd sen, sa v\u00a0posledn\u00fdch d\u0148och op\u00e4\u0165 rozbehlo na [&hellip;]<\/p>\n","protected":false},"author":81,"featured_media":11605,"comment_status":"open","ping_status":"open","sticky":false,"template":"","format":"standard","meta":{"footnotes":""},"categories":[63],"tags":[115,1038,331,418,749,498,704,1040,423,46,1012,179,170,885,1311,422,55,355],"global-categories":[1074],"class_list":["post-11595","post","type-post","status-publish","format-standard","has-post-thumbnail","hentry","category-grand-tour","tag-cestna-cyklistika","tag-egan-bernal","tag-etapove-preteky","tag-jarne-klasiky","tag-jolanda-neff","tag-julian-alaphilippe","tag-mathieu-van-der-poel","tag-mesacna-desiatka","tag-milano-san-remo","tag-peter-sagan","tag-pretekar","tag-preteky","tag-primoz-roglic","tag-profesional","tag-sezona-2021","tag-strade-bianche","tag-trening","tag-uci","global-categories-cycling"],"yoast_head":"<!-- This site is optimized with the Yoast SEO Premium plugin v25.3 (Yoast SEO v25.9) - https:\/\/yoast.com\/wordpress\/plugins\/seo\/ -->\n<title>Mesa\u010dn\u00e1 desiatka - dr\u017ete si prilby, sez\u00f3na za\u010d\u00edna - \u0160koda We Love Cycling Slovensko<\/title>\n<meta name=\"robots\" content=\"index, follow, max-snippet:-1, max-image-preview:large, max-video-preview:-1\" \/>\n<link rel=\"canonical\" href=\"https:\/\/www.welovecycling.com\/sk\/2021\/03\/30\/mesacna-desiatka-drzte-si-prilby-sezona-zacina\/\" \/>\n<meta property=\"og:locale\" content=\"sk_SK\" \/>\n<meta property=\"og:type\" content=\"article\" \/>\n<meta property=\"og:title\" content=\"Mesa\u010dn\u00e1 desiatka - dr\u017ete si prilby, sez\u00f3na za\u010d\u00edna\" \/>\n<meta property=\"og:description\" content=\"To, \u010do sa n\u00e1m e\u0161te pred nieko\u013ek\u00fdmi mesiacmi zdalo ako ut\u00f3pia alebo neuskuto\u010dnite\u013en\u00fd sen, sa v\u00a0posledn\u00fdch d\u0148och op\u00e4\u0165 rozbehlo na [&hellip;]\" \/>\n<meta property=\"og:url\" content=\"https:\/\/www.welovecycling.com\/sk\/2021\/03\/30\/mesacna-desiatka-drzte-si-prilby-sezona-zacina\/\" \/>\n<meta property=\"og:site_name\" content=\"\u0160koda We Love Cycling Slovensko\" \/>\n<meta property=\"article:published_time\" content=\"2021-03-30T08:00:32+00:00\" \/>\n<meta property=\"og:image\" content=\"https:\/\/d2p6e6u75xmxt8.cloudfront.net\/4\/2021\/03\/MD_00.webp\" \/>\n\t<meta property=\"og:image:width\" content=\"1380\" \/>\n\t<meta property=\"og:image:height\" content=\"600\" \/>\n\t<meta property=\"og:image:type\" content=\"image\/webp\" \/>\n<meta name=\"twitter:card\" content=\"summary_large_image\" \/>\n<meta name=\"twitter:label1\" content=\"Written by\" \/>\n\t<meta name=\"twitter:data1\" content=\"WeLoveCycling\" \/>\n\t<meta name=\"twitter:label2\" content=\"Est. reading time\" \/>\n\t<meta name=\"twitter:data2\" content=\"6\" \/>\n<script type=\"application\/ld+json\" class=\"yoast-schema-graph\">{\"@context\":\"https:\/\/schema.org\",\"@graph\":[{\"@type\":\"WebPage\",\"@id\":\"https:\/\/www.welovecycling.com\/sk\/2021\/03\/30\/mesacna-desiatka-drzte-si-prilby-sezona-zacina\/\",\"url\":\"https:\/\/www.welovecycling.com\/sk\/2021\/03\/30\/mesacna-desiatka-drzte-si-prilby-sezona-zacina\/\",\"name\":\"Mesa\u010dn\u00e1 desiatka - dr\u017ete si prilby, sez\u00f3na za\u010d\u00edna - \u0160koda We Love Cycling Slovensko\",\"isPartOf\":{\"@id\":\"https:\/\/www.welovecycling.com\/sk\/#website\"},\"primaryImageOfPage\":{\"@id\":\"https:\/\/www.welovecycling.com\/sk\/2021\/03\/30\/mesacna-desiatka-drzte-si-prilby-sezona-zacina\/#primaryimage\"},\"image\":{\"@id\":\"https:\/\/www.welovecycling.com\/sk\/2021\/03\/30\/mesacna-desiatka-drzte-si-prilby-sezona-zacina\/#primaryimage\"},\"thumbnailUrl\":\"https:\/\/d2p6e6u75xmxt8.cloudfront.net\/4\/2021\/03\/MD_00.webp\",\"datePublished\":\"2021-03-30T08:00:32+00:00\",\"author\":{\"@id\":\"\"},\"breadcrumb\":{\"@id\":\"https:\/\/www.welovecycling.com\/sk\/2021\/03\/30\/mesacna-desiatka-drzte-si-prilby-sezona-zacina\/#breadcrumb\"},\"inLanguage\":\"sk-SK\",\"potentialAction\":[{\"@type\":\"ReadAction\",\"target\":[\"https:\/\/www.welovecycling.com\/sk\/2021\/03\/30\/mesacna-desiatka-drzte-si-prilby-sezona-zacina\/\"]}]},{\"@type\":\"ImageObject\",\"inLanguage\":\"sk-SK\",\"@id\":\"https:\/\/www.welovecycling.com\/sk\/2021\/03\/30\/mesacna-desiatka-drzte-si-prilby-sezona-zacina\/#primaryimage\",\"url\":\"https:\/\/d2p6e6u75xmxt8.cloudfront.net\/4\/2021\/03\/MD_00.webp\",\"contentUrl\":\"https:\/\/d2p6e6u75xmxt8.cloudfront.net\/4\/2021\/03\/MD_00.webp\",\"width\":1380,\"height\":600},{\"@type\":\"BreadcrumbList\",\"@id\":\"https:\/\/www.welovecycling.com\/sk\/2021\/03\/30\/mesacna-desiatka-drzte-si-prilby-sezona-zacina\/#breadcrumb\",\"itemListElement\":[{\"@type\":\"ListItem\",\"position\":1,\"name\":\"Home\",\"item\":\"https:\/\/www.welovecycling.com\/sk\/\"},{\"@type\":\"ListItem\",\"position\":2,\"name\":\"Mesa\u010dn\u00e1 desiatka &#8211; dr\u017ete si prilby, sez\u00f3na za\u010d\u00edna\"}]},{\"@type\":\"WebSite\",\"@id\":\"https:\/\/www.welovecycling.com\/sk\/#website\",\"url\":\"https:\/\/www.welovecycling.com\/sk\/\",\"name\":\"\u0160koda We Love Cycling Slovensko\",\"description\":\"\u0160koda We Love Cycling Slovensko je v\u00e1\u0161 ka\u017edodenn\u00fd zdroj noviniek a in\u0161pir\u00e1cie z sveta cyklistiky\",\"potentialAction\":[{\"@type\":\"SearchAction\",\"target\":{\"@type\":\"EntryPoint\",\"urlTemplate\":\"https:\/\/www.welovecycling.com\/sk\/?s={search_term_string}\"},\"query-input\":{\"@type\":\"PropertyValueSpecification\",\"valueRequired\":true,\"valueName\":\"search_term_string\"}}],\"inLanguage\":\"sk-SK\"},{\"@type\":\"Person\",\"@id\":\"\",\"url\":\"https:\/\/www.welovecycling.com\/sk\/author\/\"}]}<\/script>\n<!-- \/ Yoast SEO Premium plugin. -->","yoast_head_json":{"title":"Mesa\u010dn\u00e1 desiatka - dr\u017ete si prilby, sez\u00f3na za\u010d\u00edna - \u0160koda We Love Cycling Slovensko","robots":{"index":"index","follow":"follow","max-snippet":"max-snippet:-1","max-image-preview":"max-image-preview:large","max-video-preview":"max-video-preview:-1"},"canonical":"https:\/\/www.welovecycling.com\/sk\/2021\/03\/30\/mesacna-desiatka-drzte-si-prilby-sezona-zacina\/","og_locale":"sk_SK","og_type":"article","og_title":"Mesa\u010dn\u00e1 desiatka - dr\u017ete si prilby, sez\u00f3na za\u010d\u00edna","og_description":"To, \u010do sa n\u00e1m e\u0161te pred nieko\u013ek\u00fdmi mesiacmi zdalo ako ut\u00f3pia alebo neuskuto\u010dnite\u013en\u00fd sen, sa v\u00a0posledn\u00fdch d\u0148och op\u00e4\u0165 rozbehlo na [&hellip;]","og_url":"https:\/\/www.welovecycling.com\/sk\/2021\/03\/30\/mesacna-desiatka-drzte-si-prilby-sezona-zacina\/","og_site_name":"\u0160koda We Love Cycling Slovensko","article_published_time":"2021-03-30T08:00:32+00:00","og_image":[{"width":1380,"height":600,"url":"https:\/\/d2p6e6u75xmxt8.cloudfront.net\/4\/2021\/03\/MD_00.webp","type":"image\/webp"}],"twitter_card":"summary_large_image","twitter_misc":{"Written by":"WeLoveCycling","Est. reading time":"6"},"schema":{"@context":"https:\/\/schema.org","@graph":[{"@type":"WebPage","@id":"https:\/\/www.welovecycling.com\/sk\/2021\/03\/30\/mesacna-desiatka-drzte-si-prilby-sezona-zacina\/","url":"https:\/\/www.welovecycling.com\/sk\/2021\/03\/30\/mesacna-desiatka-drzte-si-prilby-sezona-zacina\/","name":"Mesa\u010dn\u00e1 desiatka - dr\u017ete si prilby, sez\u00f3na za\u010d\u00edna - \u0160koda We Love Cycling Slovensko","isPartOf":{"@id":"https:\/\/www.welovecycling.com\/sk\/#website"},"primaryImageOfPage":{"@id":"https:\/\/www.welovecycling.com\/sk\/2021\/03\/30\/mesacna-desiatka-drzte-si-prilby-sezona-zacina\/#primaryimage"},"image":{"@id":"https:\/\/www.welovecycling.com\/sk\/2021\/03\/30\/mesacna-desiatka-drzte-si-prilby-sezona-zacina\/#primaryimage"},"thumbnailUrl":"https:\/\/d2p6e6u75xmxt8.cloudfront.net\/4\/2021\/03\/MD_00.webp","datePublished":"2021-03-30T08:00:32+00:00","author":{"@id":""},"breadcrumb":{"@id":"https:\/\/www.welovecycling.com\/sk\/2021\/03\/30\/mesacna-desiatka-drzte-si-prilby-sezona-zacina\/#breadcrumb"},"inLanguage":"sk-SK","potentialAction":[{"@type":"ReadAction","target":["https:\/\/www.welovecycling.com\/sk\/2021\/03\/30\/mesacna-desiatka-drzte-si-prilby-sezona-zacina\/"]}]},{"@type":"ImageObject","inLanguage":"sk-SK","@id":"https:\/\/www.welovecycling.com\/sk\/2021\/03\/30\/mesacna-desiatka-drzte-si-prilby-sezona-zacina\/#primaryimage","url":"https:\/\/d2p6e6u75xmxt8.cloudfront.net\/4\/2021\/03\/MD_00.webp","contentUrl":"https:\/\/d2p6e6u75xmxt8.cloudfront.net\/4\/2021\/03\/MD_00.webp","width":1380,"height":600},{"@type":"BreadcrumbList","@id":"https:\/\/www.welovecycling.com\/sk\/2021\/03\/30\/mesacna-desiatka-drzte-si-prilby-sezona-zacina\/#breadcrumb","itemListElement":[{"@type":"ListItem","position":1,"name":"Home","item":"https:\/\/www.welovecycling.com\/sk\/"},{"@type":"ListItem","position":2,"name":"Mesa\u010dn\u00e1 desiatka &#8211; dr\u017ete si prilby, sez\u00f3na za\u010d\u00edna"}]},{"@type":"WebSite","@id":"https:\/\/www.welovecycling.com\/sk\/#website","url":"https:\/\/www.welovecycling.com\/sk\/","name":"\u0160koda We Love Cycling Slovensko","description":"\u0160koda We Love Cycling Slovensko je v\u00e1\u0161 ka\u017edodenn\u00fd zdroj noviniek a in\u0161pir\u00e1cie z sveta cyklistiky","potentialAction":[{"@type":"SearchAction","target":{"@type":"EntryPoint","urlTemplate":"https:\/\/www.welovecycling.com\/sk\/?s={search_term_string}"},"query-input":{"@type":"PropertyValueSpecification","valueRequired":true,"valueName":"search_term_string"}}],"inLanguage":"sk-SK"},{"@type":"Person","@id":"","url":"https:\/\/www.welovecycling.com\/sk\/author\/"}]}},"_links":{"self":[{"href":"https:\/\/www.welovecycling.com\/sk\/wp-json\/wp\/v2\/posts\/11595","targetHints":{"allow":["GET"]}}],"collection":[{"href":"https:\/\/www.welovecycling.com\/sk\/wp-json\/wp\/v2\/posts"}],"about":[{"href":"https:\/\/www.welovecycling.com\/sk\/wp-json\/wp\/v2\/types\/post"}],"author":[{"embeddable":true,"href":"https:\/\/www.welovecycling.com\/sk\/wp-json\/wp\/v2\/users\/81"}],"replies":[{"embeddable":true,"href":"https:\/\/www.welovecycling.com\/sk\/wp-json\/wp\/v2\/comments?post=11595"}],"version-history":[{"count":2,"href":"https:\/\/www.welovecycling.com\/sk\/wp-json\/wp\/v2\/posts\/11595\/revisions"}],"predecessor-version":[{"id":11608,"href":"https:\/\/www.welovecycling.com\/sk\/wp-json\/wp\/v2\/posts\/11595\/revisions\/11608"}],"wp:featuredmedia":[{"embeddable":true,"href":"https:\/\/www.welovecycling.com\/sk\/wp-json\/wp\/v2\/media\/11605"}],"wp:attachment":[{"href":"https:\/\/www.welovecycling.com\/sk\/wp-json\/wp\/v2\/media?parent=11595"}],"wp:term":[{"taxonomy":"category","embeddable":true,"href":"https:\/\/www.welovecycling.com\/sk\/wp-json\/wp\/v2\/categories?post=11595"},{"taxonomy":"post_tag","embeddable":true,"href":"https:\/\/www.welovecycling.com\/sk\/wp-json\/wp\/v2\/tags?post=11595"},{"taxonomy":"global-categories","embeddable":true,"href":"https:\/\/www.welovecycling.com\/sk\/wp-json\/wp\/v2\/global-categories?post=11595"}],"curies":[{"name":"wp","href":"https:\/\/api.w.org\/{rel}","templated":true}]}}