{"id":11577,"date":"2021-04-02T10:00:05","date_gmt":"2021-04-02T08:00:05","guid":{"rendered":"https:\/\/www.welovecycling.com\/sk\/?p=11577"},"modified":"2021-03-29T14:20:24","modified_gmt":"2021-03-29T12:20:24","slug":"christian-prudhomme-je-rozumne-optimisticky-ohladom-kalendara-pretekov-pre-rok-2021","status":"publish","type":"post","link":"https:\/\/www.welovecycling.com\/sk\/2021\/04\/02\/christian-prudhomme-je-rozumne-optimisticky-ohladom-kalendara-pretekov-pre-rok-2021\/","title":{"rendered":"Christian Prudhomme je \u201erozumne optimistick\u00fd\u201c oh\u013eadom kalend\u00e1ra pretekov pre rok 2021"},"content":{"rendered":"<p><strong>Riadite\u013e Tour de France ver\u00ed, \u017ee preva\u017en\u00e1 \u010das\u0165 cyklistick\u00e9ho kalend\u00e1ra sa uskuto\u010dn\u00ed aj napriek pand\u00e9mii COVID-19.<\/strong><\/p>\n<p><!--more--><\/p>\n<p>U\u017e tu boli nejak\u00e9 pokusy o zru\u0161enie a odlo\u017eenie. Realita nie je \u013eahk\u00e1 a Prudhomme pripustil, \u017ee organiz\u00e1tori pretekov sa bud\u00fa musie\u0165 prisp\u00f4sobi\u0165 s\u00fa\u010dasn\u00fdm obmedzeniam. <em>\u201eNapr\u00edklad v pr\u00edpade Par\u00ed\u017e-Nice sa muselo zabezpe\u010di\u0165, aby mali pretek\u00e1ri pr\u00edstup do laborat\u00f3ri\u00ed, ktor\u00e9 s\u00fa schopn\u00e9 vykon\u00e1va\u0165 r\u00fdchle testy, aby mohli cestova\u0165 domov,\u201c<\/em> povedal Prudhomme pre RTBF.<\/p>\n<figure id=\"attachment_11579\" aria-describedby=\"caption-attachment-11579\" style=\"width: 1024px\" class=\"wp-caption alignnone\"><a href=\"https:\/\/d2p6e6u75xmxt8.cloudfront.net\/2\/2020\/09\/profimedia-0555880677.jpg\"><img loading=\"lazy\" decoding=\"async\" class=\"wp-image-11579 size-large\" src=\"https:\/\/d2p6e6u75xmxt8.cloudfront.net\/4\/2021\/03\/profimedia-0555880677-1024x698.jpg\" alt=\"2020 Tour de France \" width=\"1024\" height=\"698\" \/><\/a><figcaption id=\"caption-attachment-11579\" class=\"wp-caption-text\">Do marca neboli \u017eiadne ofici\u00e1lne zmeny v kalend\u00e1ri. \u00a9 Profimedia<\/figcaption><\/figure>\n<p>Av\u0161ak po v\u0161etk\u00fdch \u00favah\u00e1ch je riadite\u013e Tour a prezident AIOCC &#8211; Medzin\u00e1rodnej asoci\u00e1cie organiz\u00e1torov cyklistick\u00fdch pretekov &#8211; optimistick\u00fd.<\/p>\n<p><em>\u201eNa v\u0161etk\u00fdch stretnutiach, ktor\u00e9 vedieme s miestnymi org\u00e1nmi, v\u017edy zd\u00f4raz\u0148ujeme \u0161pecifick\u00fd charakter profesion\u00e1lneho \u0161portu, ktor\u00fd umo\u017e\u0148uje pokra\u010dova\u0165 v s\u00fa\u0165a\u017ei, samozrejme s prijat\u00edm potrebn\u00fdch opatren\u00ed. Som preto primerane optimistick\u00fd, aj ke\u010f som si pred p\u00e1r mesiacmi myslel, \u017ee by sme mohli za\u010da\u0165 rok 2021 ove\u013ea pokojnej\u0161ie&#8230; Tak to v\u0161ak nebolo, ale pokia\u013e sa veci nejako dramaticky nezmenia, nebude n\u00e1m to br\u00e1ni\u0165 v usporiadan\u00ed pretekov, samozrejme re\u0161pektuj\u00fac to, \u010do od n\u00e1s po\u017eaduj\u00fa \u00farady.\u201c<\/em><\/p>\n<div class=\"embed-controller-wrapper\">\n<blockquote class=\"twitter-tweet\" data-width=\"500\" data-dnt=\"true\">\n<p lang=\"en\" dir=\"ltr\">\ud83e\udd29 Here is the official <a href=\"https:\/\/twitter.com\/hashtag\/TDF2021?src=hash&amp;ref_src=twsrc%5Etfw\">#TDF2021<\/a> route!<\/p>\n<p>\ud83e\udd29 Voici le parcours officiel du <a href=\"https:\/\/twitter.com\/hashtag\/TDF2021?src=hash&amp;ref_src=twsrc%5Etfw\">#TDF2021<\/a> ! <a href=\"https:\/\/t.co\/MEoDFc2ph2\">pic.twitter.com\/MEoDFc2ph2<\/a><\/p>\n<p>&mdash; Tour de France\u2122 (@LeTour) <a href=\"https:\/\/twitter.com\/LeTour\/status\/1322985724761853955?ref_src=twsrc%5Etfw\">November 1, 2020<\/a><\/p><\/blockquote>\n<p><script async data-src=\"https:\/\/platform.twitter.com\/widgets.js\" charset=\"utf-8\"><\/script><\/div>\n<p>To plat\u00ed aj pre Tour de France. Najv\u00e4\u010d\u0161ie cyklistick\u00e9 preteky na svete sa po minuloro\u010dnom odlo\u017een\u00ed na jese\u0148, vracaj\u00fa k svojmu letn\u00e9mu d\u00e1tumu v roku 2021. Uskuto\u010dni\u0165 by sa mali od 26. j\u00fana do 18. j\u00fala. Je e\u0161te potrebn\u00e9 rozhodn\u00fa\u0165, \u010di bude div\u00e1kom umo\u017enen\u00e9 sledova\u0165 preteky priamo na mieste.<\/p>\n<p><em>&#8222;D\u00fafam, \u017ee na ceste budeme ma\u0165 \u013eud\u00ed, aj ke\u010f to dnes neviem. D\u00fafam, \u017ee budeme ma\u0165 op\u00e4\u0165 norm\u00e1lny \u017eivot a \u017ee za\u010diatok leta bude ako ak\u00e9si oslobodenie. D\u00fafame, \u017ee sl\u00e1vnostn\u00e1 atmosf\u00e9ra, ktor\u00e1 je nevyhnutn\u00e1 pre cyklistiku v\u0161eobecne a zvl\u00e1\u0161\u0165 pre Tour de France, m\u00f4\u017ee by\u0165 rovnako kr\u00e1sna ako v ned\u00e1vnej minulosti.\u201c<\/em><\/p>\n","protected":false},"excerpt":{"rendered":"<p>Riadite\u013e Tour de France ver\u00ed, \u017ee preva\u017en\u00e1 \u010das\u0165 cyklistick\u00e9ho kalend\u00e1ra sa uskuto\u010dn\u00ed aj napriek pand\u00e9mii COVID-19.<\/p>\n","protected":false},"author":81,"featured_media":11581,"comment_status":"open","ping_status":"open","sticky":false,"template":"","format":"standard","meta":{"footnotes":""},"categories":[4],"tags":[115,135,179,1311,20,355],"global-categories":[],"class_list":["post-11577","post","type-post","status-publish","format-standard","has-post-thumbnail","hentry","category-cestna-cyklisitika","tag-cestna-cyklistika","tag-christian-prudhomme","tag-preteky","tag-sezona-2021","tag-tour-de-france","tag-uci"],"yoast_head":"<!-- This site is optimized with the Yoast SEO Premium plugin v25.3 (Yoast SEO v25.9) - https:\/\/yoast.com\/wordpress\/plugins\/seo\/ -->\n<title>Christian Prudhomme je \u201erozumne optimistick\u00fd\u201c oh\u013eadom kalend\u00e1ra pretekov pre rok 2021 - \u0160koda We Love Cycling Slovensko<\/title>\n<meta name=\"robots\" content=\"index, follow, max-snippet:-1, max-image-preview:large, max-video-preview:-1\" \/>\n<link rel=\"canonical\" href=\"https:\/\/www.welovecycling.com\/sk\/2021\/04\/02\/christian-prudhomme-je-rozumne-optimisticky-ohladom-kalendara-pretekov-pre-rok-2021\/\" \/>\n<meta property=\"og:locale\" content=\"sk_SK\" \/>\n<meta property=\"og:type\" content=\"article\" \/>\n<meta property=\"og:title\" content=\"Christian Prudhomme je \u201erozumne optimistick\u00fd\u201c oh\u013eadom kalend\u00e1ra pretekov pre rok 2021\" \/>\n<meta property=\"og:description\" content=\"Riadite\u013e Tour de France ver\u00ed, \u017ee preva\u017en\u00e1 \u010das\u0165 cyklistick\u00e9ho kalend\u00e1ra sa uskuto\u010dn\u00ed aj napriek pand\u00e9mii COVID-19.\" \/>\n<meta property=\"og:url\" content=\"https:\/\/www.welovecycling.com\/sk\/2021\/04\/02\/christian-prudhomme-je-rozumne-optimisticky-ohladom-kalendara-pretekov-pre-rok-2021\/\" \/>\n<meta property=\"og:site_name\" content=\"\u0160koda We Love Cycling Slovensko\" \/>\n<meta property=\"article:published_time\" content=\"2021-04-02T08:00:05+00:00\" \/>\n<meta property=\"og:image\" content=\"https:\/\/d2p6e6u75xmxt8.cloudfront.net\/4\/2021\/03\/Christian-Prudhomme-profimedia-0558119274-CVR.webp\" \/>\n\t<meta property=\"og:image:width\" content=\"1366\" \/>\n\t<meta property=\"og:image:height\" content=\"600\" \/>\n\t<meta property=\"og:image:type\" content=\"image\/webp\" \/>\n<meta name=\"twitter:card\" content=\"summary_large_image\" \/>\n<meta name=\"twitter:label1\" content=\"Written by\" \/>\n\t<meta name=\"twitter:data1\" content=\"Monica Buck\" \/>\n\t<meta name=\"twitter:label2\" content=\"Est. reading time\" \/>\n\t<meta name=\"twitter:data2\" content=\"4\" \/>\n<script type=\"application\/ld+json\" class=\"yoast-schema-graph\">{\"@context\":\"https:\/\/schema.org\",\"@graph\":[{\"@type\":\"WebPage\",\"@id\":\"https:\/\/www.welovecycling.com\/sk\/2021\/04\/02\/christian-prudhomme-je-rozumne-optimisticky-ohladom-kalendara-pretekov-pre-rok-2021\/\",\"url\":\"https:\/\/www.welovecycling.com\/sk\/2021\/04\/02\/christian-prudhomme-je-rozumne-optimisticky-ohladom-kalendara-pretekov-pre-rok-2021\/\",\"name\":\"Christian Prudhomme je \u201erozumne optimistick\u00fd\u201c oh\u013eadom kalend\u00e1ra pretekov pre rok 2021 - \u0160koda We Love Cycling Slovensko\",\"isPartOf\":{\"@id\":\"https:\/\/www.welovecycling.com\/sk\/#website\"},\"primaryImageOfPage\":{\"@id\":\"https:\/\/www.welovecycling.com\/sk\/2021\/04\/02\/christian-prudhomme-je-rozumne-optimisticky-ohladom-kalendara-pretekov-pre-rok-2021\/#primaryimage\"},\"image\":{\"@id\":\"https:\/\/www.welovecycling.com\/sk\/2021\/04\/02\/christian-prudhomme-je-rozumne-optimisticky-ohladom-kalendara-pretekov-pre-rok-2021\/#primaryimage\"},\"thumbnailUrl\":\"https:\/\/d2p6e6u75xmxt8.cloudfront.net\/4\/2021\/03\/Christian-Prudhomme-profimedia-0558119274-CVR.webp\",\"datePublished\":\"2021-04-02T08:00:05+00:00\",\"author\":{\"@id\":\"\"},\"breadcrumb\":{\"@id\":\"https:\/\/www.welovecycling.com\/sk\/2021\/04\/02\/christian-prudhomme-je-rozumne-optimisticky-ohladom-kalendara-pretekov-pre-rok-2021\/#breadcrumb\"},\"inLanguage\":\"sk-SK\",\"potentialAction\":[{\"@type\":\"ReadAction\",\"target\":[\"https:\/\/www.welovecycling.com\/sk\/2021\/04\/02\/christian-prudhomme-je-rozumne-optimisticky-ohladom-kalendara-pretekov-pre-rok-2021\/\"]}]},{\"@type\":\"ImageObject\",\"inLanguage\":\"sk-SK\",\"@id\":\"https:\/\/www.welovecycling.com\/sk\/2021\/04\/02\/christian-prudhomme-je-rozumne-optimisticky-ohladom-kalendara-pretekov-pre-rok-2021\/#primaryimage\",\"url\":\"https:\/\/d2p6e6u75xmxt8.cloudfront.net\/4\/2021\/03\/Christian-Prudhomme-profimedia-0558119274-CVR.webp\",\"contentUrl\":\"https:\/\/d2p6e6u75xmxt8.cloudfront.net\/4\/2021\/03\/Christian-Prudhomme-profimedia-0558119274-CVR.webp\",\"width\":1366,\"height\":600,\"caption\":\"Christian Prudhomme\"},{\"@type\":\"BreadcrumbList\",\"@id\":\"https:\/\/www.welovecycling.com\/sk\/2021\/04\/02\/christian-prudhomme-je-rozumne-optimisticky-ohladom-kalendara-pretekov-pre-rok-2021\/#breadcrumb\",\"itemListElement\":[{\"@type\":\"ListItem\",\"position\":1,\"name\":\"Home\",\"item\":\"https:\/\/www.welovecycling.com\/sk\/\"},{\"@type\":\"ListItem\",\"position\":2,\"name\":\"Christian Prudhomme je \u201erozumne optimistick\u00fd\u201c oh\u013eadom kalend\u00e1ra pretekov pre rok 2021\"}]},{\"@type\":\"WebSite\",\"@id\":\"https:\/\/www.welovecycling.com\/sk\/#website\",\"url\":\"https:\/\/www.welovecycling.com\/sk\/\",\"name\":\"\u0160koda We Love Cycling Slovensko\",\"description\":\"\u0160koda We Love Cycling Slovensko je v\u00e1\u0161 ka\u017edodenn\u00fd zdroj noviniek a in\u0161pir\u00e1cie z sveta cyklistiky\",\"potentialAction\":[{\"@type\":\"SearchAction\",\"target\":{\"@type\":\"EntryPoint\",\"urlTemplate\":\"https:\/\/www.welovecycling.com\/sk\/?s={search_term_string}\"},\"query-input\":{\"@type\":\"PropertyValueSpecification\",\"valueRequired\":true,\"valueName\":\"search_term_string\"}}],\"inLanguage\":\"sk-SK\"},{\"@type\":\"Person\",\"@id\":\"\",\"url\":\"https:\/\/www.welovecycling.com\/sk\/author\/\"}]}<\/script>\n<!-- \/ Yoast SEO Premium plugin. -->","yoast_head_json":{"title":"Christian Prudhomme je \u201erozumne optimistick\u00fd\u201c oh\u013eadom kalend\u00e1ra pretekov pre rok 2021 - \u0160koda We Love Cycling Slovensko","robots":{"index":"index","follow":"follow","max-snippet":"max-snippet:-1","max-image-preview":"max-image-preview:large","max-video-preview":"max-video-preview:-1"},"canonical":"https:\/\/www.welovecycling.com\/sk\/2021\/04\/02\/christian-prudhomme-je-rozumne-optimisticky-ohladom-kalendara-pretekov-pre-rok-2021\/","og_locale":"sk_SK","og_type":"article","og_title":"Christian Prudhomme je \u201erozumne optimistick\u00fd\u201c oh\u013eadom kalend\u00e1ra pretekov pre rok 2021","og_description":"Riadite\u013e Tour de France ver\u00ed, \u017ee preva\u017en\u00e1 \u010das\u0165 cyklistick\u00e9ho kalend\u00e1ra sa uskuto\u010dn\u00ed aj napriek pand\u00e9mii COVID-19.","og_url":"https:\/\/www.welovecycling.com\/sk\/2021\/04\/02\/christian-prudhomme-je-rozumne-optimisticky-ohladom-kalendara-pretekov-pre-rok-2021\/","og_site_name":"\u0160koda We Love Cycling Slovensko","article_published_time":"2021-04-02T08:00:05+00:00","og_image":[{"width":1366,"height":600,"url":"https:\/\/d2p6e6u75xmxt8.cloudfront.net\/4\/2021\/03\/Christian-Prudhomme-profimedia-0558119274-CVR.webp","type":"image\/webp"}],"twitter_card":"summary_large_image","twitter_misc":{"Written by":"Monica Buck","Est. reading time":"4"},"schema":{"@context":"https:\/\/schema.org","@graph":[{"@type":"WebPage","@id":"https:\/\/www.welovecycling.com\/sk\/2021\/04\/02\/christian-prudhomme-je-rozumne-optimisticky-ohladom-kalendara-pretekov-pre-rok-2021\/","url":"https:\/\/www.welovecycling.com\/sk\/2021\/04\/02\/christian-prudhomme-je-rozumne-optimisticky-ohladom-kalendara-pretekov-pre-rok-2021\/","name":"Christian Prudhomme je \u201erozumne optimistick\u00fd\u201c oh\u013eadom kalend\u00e1ra pretekov pre rok 2021 - \u0160koda We Love Cycling Slovensko","isPartOf":{"@id":"https:\/\/www.welovecycling.com\/sk\/#website"},"primaryImageOfPage":{"@id":"https:\/\/www.welovecycling.com\/sk\/2021\/04\/02\/christian-prudhomme-je-rozumne-optimisticky-ohladom-kalendara-pretekov-pre-rok-2021\/#primaryimage"},"image":{"@id":"https:\/\/www.welovecycling.com\/sk\/2021\/04\/02\/christian-prudhomme-je-rozumne-optimisticky-ohladom-kalendara-pretekov-pre-rok-2021\/#primaryimage"},"thumbnailUrl":"https:\/\/d2p6e6u75xmxt8.cloudfront.net\/4\/2021\/03\/Christian-Prudhomme-profimedia-0558119274-CVR.webp","datePublished":"2021-04-02T08:00:05+00:00","author":{"@id":""},"breadcrumb":{"@id":"https:\/\/www.welovecycling.com\/sk\/2021\/04\/02\/christian-prudhomme-je-rozumne-optimisticky-ohladom-kalendara-pretekov-pre-rok-2021\/#breadcrumb"},"inLanguage":"sk-SK","potentialAction":[{"@type":"ReadAction","target":["https:\/\/www.welovecycling.com\/sk\/2021\/04\/02\/christian-prudhomme-je-rozumne-optimisticky-ohladom-kalendara-pretekov-pre-rok-2021\/"]}]},{"@type":"ImageObject","inLanguage":"sk-SK","@id":"https:\/\/www.welovecycling.com\/sk\/2021\/04\/02\/christian-prudhomme-je-rozumne-optimisticky-ohladom-kalendara-pretekov-pre-rok-2021\/#primaryimage","url":"https:\/\/d2p6e6u75xmxt8.cloudfront.net\/4\/2021\/03\/Christian-Prudhomme-profimedia-0558119274-CVR.webp","contentUrl":"https:\/\/d2p6e6u75xmxt8.cloudfront.net\/4\/2021\/03\/Christian-Prudhomme-profimedia-0558119274-CVR.webp","width":1366,"height":600,"caption":"Christian Prudhomme"},{"@type":"BreadcrumbList","@id":"https:\/\/www.welovecycling.com\/sk\/2021\/04\/02\/christian-prudhomme-je-rozumne-optimisticky-ohladom-kalendara-pretekov-pre-rok-2021\/#breadcrumb","itemListElement":[{"@type":"ListItem","position":1,"name":"Home","item":"https:\/\/www.welovecycling.com\/sk\/"},{"@type":"ListItem","position":2,"name":"Christian Prudhomme je \u201erozumne optimistick\u00fd\u201c oh\u013eadom kalend\u00e1ra pretekov pre rok 2021"}]},{"@type":"WebSite","@id":"https:\/\/www.welovecycling.com\/sk\/#website","url":"https:\/\/www.welovecycling.com\/sk\/","name":"\u0160koda We Love Cycling Slovensko","description":"\u0160koda We Love Cycling Slovensko je v\u00e1\u0161 ka\u017edodenn\u00fd zdroj noviniek a in\u0161pir\u00e1cie z sveta cyklistiky","potentialAction":[{"@type":"SearchAction","target":{"@type":"EntryPoint","urlTemplate":"https:\/\/www.welovecycling.com\/sk\/?s={search_term_string}"},"query-input":{"@type":"PropertyValueSpecification","valueRequired":true,"valueName":"search_term_string"}}],"inLanguage":"sk-SK"},{"@type":"Person","@id":"","url":"https:\/\/www.welovecycling.com\/sk\/author\/"}]}},"_links":{"self":[{"href":"https:\/\/www.welovecycling.com\/sk\/wp-json\/wp\/v2\/posts\/11577","targetHints":{"allow":["GET"]}}],"collection":[{"href":"https:\/\/www.welovecycling.com\/sk\/wp-json\/wp\/v2\/posts"}],"about":[{"href":"https:\/\/www.welovecycling.com\/sk\/wp-json\/wp\/v2\/types\/post"}],"author":[{"embeddable":true,"href":"https:\/\/www.welovecycling.com\/sk\/wp-json\/wp\/v2\/users\/81"}],"replies":[{"embeddable":true,"href":"https:\/\/www.welovecycling.com\/sk\/wp-json\/wp\/v2\/comments?post=11577"}],"version-history":[{"count":2,"href":"https:\/\/www.welovecycling.com\/sk\/wp-json\/wp\/v2\/posts\/11577\/revisions"}],"predecessor-version":[{"id":11584,"href":"https:\/\/www.welovecycling.com\/sk\/wp-json\/wp\/v2\/posts\/11577\/revisions\/11584"}],"wp:featuredmedia":[{"embeddable":true,"href":"https:\/\/www.welovecycling.com\/sk\/wp-json\/wp\/v2\/media\/11581"}],"wp:attachment":[{"href":"https:\/\/www.welovecycling.com\/sk\/wp-json\/wp\/v2\/media?parent=11577"}],"wp:term":[{"taxonomy":"category","embeddable":true,"href":"https:\/\/www.welovecycling.com\/sk\/wp-json\/wp\/v2\/categories?post=11577"},{"taxonomy":"post_tag","embeddable":true,"href":"https:\/\/www.welovecycling.com\/sk\/wp-json\/wp\/v2\/tags?post=11577"},{"taxonomy":"global-categories","embeddable":true,"href":"https:\/\/www.welovecycling.com\/sk\/wp-json\/wp\/v2\/global-categories?post=11577"}],"curies":[{"name":"wp","href":"https:\/\/api.w.org\/{rel}","templated":true}]}}