{"id":11569,"date":"2021-04-15T09:30:48","date_gmt":"2021-04-15T07:30:48","guid":{"rendered":"https:\/\/www.welovecycling.com\/sk\/?p=11569"},"modified":"2021-04-09T08:32:08","modified_gmt":"2021-04-09T06:32:08","slug":"zvuk-cyklistiky","status":"publish","type":"post","link":"https:\/\/www.welovecycling.com\/sk\/2021\/04\/15\/zvuk-cyklistiky\/","title":{"rendered":"Zvuk cyklistiky"},"content":{"rendered":"<p><strong>Vo v\u00e4\u010d\u0161ine telocvi\u010dn\u00ed hr\u00e1 hudba pr\u00edli\u0161 nahlas, ke\u010f cvi\u010d\u00edte. Niektor\u00fdch z\u00e1kazn\u00edkov hudba motivuje k v\u00e4\u010d\u0161iemu v\u00fdkonu, zatia\u013e \u010do in\u00ed sa rozhodn\u00fa pre \u0161tuple do u\u0161\u00ed &#8211; plat\u00ed tento zvyk aj na bicykli?<\/strong><\/p>\n<p><!--more--><\/p>\n<h2><strong>Je hudba rozpt\u00fdlen\u00edm?<\/strong><\/h2>\n<p>Nez\u00e1le\u017ealo na tom, \u010di \u0161of\u00e9rujem, bicyklujem, beh\u00e1m alebo um\u00fdvam riad. Ke\u010f v mojom playliste zaznel Slayer, moja noha bola na plynovom ped\u00e1li zrazu \u0165a\u017e\u0161ia a <strong>pri bicyklovan\u00ed som hne\u010f chcel za\u00fato\u010di\u0165 na ka\u017ed\u00fd kopec<\/strong>. Z tohto d\u00f4vodu u\u017e nepo\u010d\u00favam hudbu pri \u017eiadnej z t\u00fdchto aktiv\u00edt. Bol som svoj\u00edm najv\u00e4\u010d\u0161\u00edm nepriate\u013eom.<\/p>\n<p>N\u00e1lada pesni\u010dky What\u2019s a Girl to Do, spev\u00e1\u010dky Bat for Lashes, by mala vies\u0165 k upokojuj\u00facej jazde, ale choreografia jazdcov na BMX jasne in\u0161pirovala jednu gener\u00e1ciu, aby sk\u00fa\u0161ala jazdi\u0165 synchronizovane pod\u013ea hudby. CNET v\u0161ak m\u00e1 nieko\u013eko r\u00e1d t\u00fdkaj\u00facich sa bezpe\u010dnej cyklistiky pri po\u010d\u00favan\u00ed hudby. Len majte ruky na riadidl\u00e1ch a nesk\u00e1\u010dte bunny hop do rytmu.<\/p>\n<div class=\"embed-controller-wrapper\">\n<div class=\"embed-wrapper\"><iframe title=\"Copia plano secuencia - What&#039;s a girl to do\" width=\"500\" height=\"375\" data-src=\"https:\/\/www.youtube.com\/embed\/QLfBWP2IRDk?feature=oembed\" frameborder=\"0\" allow=\"accelerometer; autoplay; clipboard-write; encrypted-media; gyroscope; picture-in-picture; web-share\" referrerpolicy=\"strict-origin-when-cross-origin\" allowfullscreen><\/iframe><\/div>\n<\/div>\n<h2><strong>Podcasty a audioknihy<\/strong><\/h2>\n<p>V roku 2020 som bol tak\u00fd hladn\u00fd po profesion\u00e1lnej cyklistike, \u017ee som sa skuto\u010dne rozplakal, ke\u010f som na Eurosport po\u010d\u00faval z\u00e1znam z epick\u00e9ho tretieho v\u00ed\u0165azstva Luca Paoliniho na Gire v roku 2013. Sta\u010d\u00ed iba po\u010d\u00fava\u0165 ten koment\u00e1r, ke\u010f ste na bicykli, a zv\u00fd\u0161ite tak svoj v\u00fdkon o 20 %.<\/p>\n<div class=\"embed-controller-wrapper\">\n<div class=\"embed-wrapper\"><iframe title=\"Giro d&#039;Italia 2013 - Part 3 (stage 3)\" width=\"500\" height=\"281\" data-src=\"https:\/\/www.youtube.com\/embed\/09j29LPQpZ8?feature=oembed\" frameborder=\"0\" allow=\"accelerometer; autoplay; clipboard-write; encrypted-media; gyroscope; picture-in-picture; web-share\" referrerpolicy=\"strict-origin-when-cross-origin\" allowfullscreen><\/iframe><\/div>\n<\/div>\n<p>Alebo by ste mohli po\u010d\u00fava\u0165 o \u017eivote cyklistov vo vynikaj\u00facej biografii The Badger od Williama Fotheringhama. Pohlt\u00ed v\u00e1s ka\u017ed\u00fd detail o p\u00e1de a vzostupe franc\u00fazskej cyklistiky. Obzvl\u00e1\u0161\u0165 in\u0161pirat\u00edvne je to pri intervalovom tr\u00e9ningu na miestnych 20 % st\u00fapaniach.<\/p>\n<h2><strong>Prostredie<\/strong><\/h2>\n<p>John Cage, ve\u013ek\u00fd skladate\u013e 20. storo\u010dia uviedol, \u017ee niektor\u00e9 z najlep\u0161\u00edch hudobn\u00fdch diel, ktor\u00e9 po\u010dul, boli pri prech\u00e1dzkach krajinou. Cage hovor\u00ed, \u017ee hudba venuje pozornos\u0165 iba zvuku &#8211; v tomto videu si pozrite, ak\u00e9 zvuky dok\u00e1zal Frank Zappa vytvori\u0165 na bicykli.<\/p>\n<div class=\"embed-controller-wrapper\">\n<div class=\"embed-wrapper\"><iframe title=\"Steve Allen show, Frank Zappa Playing music on a Bicycle 1963\" width=\"500\" height=\"375\" data-src=\"https:\/\/www.youtube.com\/embed\/y9P2V0_p6vE?feature=oembed\" frameborder=\"0\" allow=\"accelerometer; autoplay; clipboard-write; encrypted-media; gyroscope; picture-in-picture; web-share\" referrerpolicy=\"strict-origin-when-cross-origin\" allowfullscreen><\/iframe><\/div>\n<\/div>\n<p>V\u0161etci pozn\u00e1me tie zvuky, ke\u010f po\u010das jazdy na bicykli po\u010dujeme, \u017ee nie\u010do nie je celkom v poriadku. Ale ko\u013ek\u00ed z v\u00e1s si v\u0161imli hudbu, ktor\u00fa v\u00e1\u0161 bicykel vyd\u00e1va, ke\u010f je po\u010das jazdy v\u0161etko v najlep\u0161om poriadku?<\/p>\n<p>Jednou z najlep\u0161\u00edch skladieb, ak\u00e9 som kedy po\u010dul, bola jazda s moj\u00edm otcom, ke\u010f mi uk\u00e1zal, ako vy\u010disti\u0165 a namaza\u0165 re\u0165az m\u00f4jho bicykla. M\u00e4kk\u00fd a plynul\u00fd zvuk prehadzova\u010dky, <strong>rytmick\u00e1 jazda po kame\u0148och a vietor v u\u0161iach<\/strong>. Zv\u00fd\u0161te zvuk a po\u010d\u00favajte t\u00fato kr\u00e1snu hudbu.\n<lite-youtube videoid=cOwns6jm9eI params=\"enablejsapi=1\" style=\"background-image: url('https:\/\/i.ytimg.com\/vi_webp\/cOwns6jm9eI\/maxresdefault.webp');\"><\/lite-youtube>\n","protected":false},"excerpt":{"rendered":"<p>Vo v\u00e4\u010d\u0161ine telocvi\u010dn\u00ed hr\u00e1 hudba pr\u00edli\u0161 nahlas, ke\u010f cvi\u010d\u00edte. Niektor\u00fdch z\u00e1kazn\u00edkov hudba motivuje k v\u00e4\u010d\u0161iemu v\u00fdkonu, zatia\u013e \u010do in\u00ed sa [&hellip;]<\/p>\n","protected":false},"author":81,"featured_media":11574,"comment_status":"open","ping_status":"open","sticky":false,"template":"","format":"standard","meta":{"footnotes":""},"categories":[118],"tags":[1294,115,1348,180,822,183],"global-categories":[],"class_list":["post-11569","post","type-post","status-publish","format-standard","has-post-thumbnail","hentry","category-zabava","tag-bezpecna-jazda","tag-cestna-cyklistika","tag-frank-zappa","tag-horska-cyklistika","tag-hudba","tag-zabava"],"yoast_head":"<!-- This site is optimized with the Yoast SEO Premium plugin v25.3 (Yoast SEO v25.9) - https:\/\/yoast.com\/wordpress\/plugins\/seo\/ -->\n<title>Zvuk cyklistiky - \u0160koda We Love Cycling Slovensko<\/title>\n<meta name=\"robots\" content=\"index, follow, max-snippet:-1, max-image-preview:large, max-video-preview:-1\" \/>\n<link rel=\"canonical\" href=\"https:\/\/www.welovecycling.com\/sk\/2021\/04\/15\/zvuk-cyklistiky\/\" \/>\n<meta property=\"og:locale\" content=\"sk_SK\" \/>\n<meta property=\"og:type\" content=\"article\" \/>\n<meta property=\"og:title\" content=\"Zvuk cyklistiky\" \/>\n<meta property=\"og:description\" content=\"Vo v\u00e4\u010d\u0161ine telocvi\u010dn\u00ed hr\u00e1 hudba pr\u00edli\u0161 nahlas, ke\u010f cvi\u010d\u00edte. Niektor\u00fdch z\u00e1kazn\u00edkov hudba motivuje k v\u00e4\u010d\u0161iemu v\u00fdkonu, zatia\u013e \u010do in\u00ed sa [&hellip;]\" \/>\n<meta property=\"og:url\" content=\"https:\/\/www.welovecycling.com\/sk\/2021\/04\/15\/zvuk-cyklistiky\/\" \/>\n<meta property=\"og:site_name\" content=\"\u0160koda We Love Cycling Slovensko\" \/>\n<meta property=\"article:published_time\" content=\"2021-04-15T07:30:48+00:00\" \/>\n<meta property=\"og:image\" content=\"https:\/\/d2p6e6u75xmxt8.cloudfront.net\/4\/2021\/03\/Frank-Zappa-bicycle-profimedia-0314033805-CVR.webp\" \/>\n\t<meta property=\"og:image:width\" content=\"1366\" \/>\n\t<meta property=\"og:image:height\" content=\"600\" \/>\n\t<meta property=\"og:image:type\" content=\"image\/webp\" \/>\n<meta name=\"twitter:card\" content=\"summary_large_image\" \/>\n<meta name=\"twitter:label1\" content=\"Written by\" \/>\n\t<meta name=\"twitter:data1\" content=\"Christopher Ashley\" \/>\n\t<meta name=\"twitter:label2\" content=\"Est. reading time\" \/>\n\t<meta name=\"twitter:data2\" content=\"5\" \/>\n<script type=\"application\/ld+json\" class=\"yoast-schema-graph\">{\"@context\":\"https:\/\/schema.org\",\"@graph\":[{\"@type\":\"WebPage\",\"@id\":\"https:\/\/www.welovecycling.com\/sk\/2021\/04\/15\/zvuk-cyklistiky\/\",\"url\":\"https:\/\/www.welovecycling.com\/sk\/2021\/04\/15\/zvuk-cyklistiky\/\",\"name\":\"Zvuk cyklistiky - \u0160koda We Love Cycling Slovensko\",\"isPartOf\":{\"@id\":\"https:\/\/www.welovecycling.com\/sk\/#website\"},\"primaryImageOfPage\":{\"@id\":\"https:\/\/www.welovecycling.com\/sk\/2021\/04\/15\/zvuk-cyklistiky\/#primaryimage\"},\"image\":{\"@id\":\"https:\/\/www.welovecycling.com\/sk\/2021\/04\/15\/zvuk-cyklistiky\/#primaryimage\"},\"thumbnailUrl\":\"https:\/\/d2p6e6u75xmxt8.cloudfront.net\/4\/2021\/03\/Frank-Zappa-bicycle-profimedia-0314033805-CVR.webp\",\"datePublished\":\"2021-04-15T07:30:48+00:00\",\"author\":{\"@id\":\"\"},\"breadcrumb\":{\"@id\":\"https:\/\/www.welovecycling.com\/sk\/2021\/04\/15\/zvuk-cyklistiky\/#breadcrumb\"},\"inLanguage\":\"sk-SK\",\"potentialAction\":[{\"@type\":\"ReadAction\",\"target\":[\"https:\/\/www.welovecycling.com\/sk\/2021\/04\/15\/zvuk-cyklistiky\/\"]}]},{\"@type\":\"ImageObject\",\"inLanguage\":\"sk-SK\",\"@id\":\"https:\/\/www.welovecycling.com\/sk\/2021\/04\/15\/zvuk-cyklistiky\/#primaryimage\",\"url\":\"https:\/\/d2p6e6u75xmxt8.cloudfront.net\/4\/2021\/03\/Frank-Zappa-bicycle-profimedia-0314033805-CVR.webp\",\"contentUrl\":\"https:\/\/d2p6e6u75xmxt8.cloudfront.net\/4\/2021\/03\/Frank-Zappa-bicycle-profimedia-0314033805-CVR.webp\",\"width\":1366,\"height\":600,\"caption\":\"Frank Zappa playing bicycle\"},{\"@type\":\"BreadcrumbList\",\"@id\":\"https:\/\/www.welovecycling.com\/sk\/2021\/04\/15\/zvuk-cyklistiky\/#breadcrumb\",\"itemListElement\":[{\"@type\":\"ListItem\",\"position\":1,\"name\":\"Home\",\"item\":\"https:\/\/www.welovecycling.com\/sk\/\"},{\"@type\":\"ListItem\",\"position\":2,\"name\":\"Zvuk cyklistiky\"}]},{\"@type\":\"WebSite\",\"@id\":\"https:\/\/www.welovecycling.com\/sk\/#website\",\"url\":\"https:\/\/www.welovecycling.com\/sk\/\",\"name\":\"\u0160koda We Love Cycling Slovensko\",\"description\":\"\u0160koda We Love Cycling Slovensko je v\u00e1\u0161 ka\u017edodenn\u00fd zdroj noviniek a in\u0161pir\u00e1cie z sveta cyklistiky\",\"potentialAction\":[{\"@type\":\"SearchAction\",\"target\":{\"@type\":\"EntryPoint\",\"urlTemplate\":\"https:\/\/www.welovecycling.com\/sk\/?s={search_term_string}\"},\"query-input\":{\"@type\":\"PropertyValueSpecification\",\"valueRequired\":true,\"valueName\":\"search_term_string\"}}],\"inLanguage\":\"sk-SK\"},{\"@type\":\"Person\",\"@id\":\"\",\"url\":\"https:\/\/www.welovecycling.com\/sk\/author\/\"}]}<\/script>\n<!-- \/ Yoast SEO Premium plugin. -->","yoast_head_json":{"title":"Zvuk cyklistiky - \u0160koda We Love Cycling Slovensko","robots":{"index":"index","follow":"follow","max-snippet":"max-snippet:-1","max-image-preview":"max-image-preview:large","max-video-preview":"max-video-preview:-1"},"canonical":"https:\/\/www.welovecycling.com\/sk\/2021\/04\/15\/zvuk-cyklistiky\/","og_locale":"sk_SK","og_type":"article","og_title":"Zvuk cyklistiky","og_description":"Vo v\u00e4\u010d\u0161ine telocvi\u010dn\u00ed hr\u00e1 hudba pr\u00edli\u0161 nahlas, ke\u010f cvi\u010d\u00edte. Niektor\u00fdch z\u00e1kazn\u00edkov hudba motivuje k v\u00e4\u010d\u0161iemu v\u00fdkonu, zatia\u013e \u010do in\u00ed sa [&hellip;]","og_url":"https:\/\/www.welovecycling.com\/sk\/2021\/04\/15\/zvuk-cyklistiky\/","og_site_name":"\u0160koda We Love Cycling Slovensko","article_published_time":"2021-04-15T07:30:48+00:00","og_image":[{"width":1366,"height":600,"url":"https:\/\/d2p6e6u75xmxt8.cloudfront.net\/4\/2021\/03\/Frank-Zappa-bicycle-profimedia-0314033805-CVR.webp","type":"image\/webp"}],"twitter_card":"summary_large_image","twitter_misc":{"Written by":"Christopher Ashley","Est. reading time":"5"},"schema":{"@context":"https:\/\/schema.org","@graph":[{"@type":"WebPage","@id":"https:\/\/www.welovecycling.com\/sk\/2021\/04\/15\/zvuk-cyklistiky\/","url":"https:\/\/www.welovecycling.com\/sk\/2021\/04\/15\/zvuk-cyklistiky\/","name":"Zvuk cyklistiky - \u0160koda We Love Cycling Slovensko","isPartOf":{"@id":"https:\/\/www.welovecycling.com\/sk\/#website"},"primaryImageOfPage":{"@id":"https:\/\/www.welovecycling.com\/sk\/2021\/04\/15\/zvuk-cyklistiky\/#primaryimage"},"image":{"@id":"https:\/\/www.welovecycling.com\/sk\/2021\/04\/15\/zvuk-cyklistiky\/#primaryimage"},"thumbnailUrl":"https:\/\/d2p6e6u75xmxt8.cloudfront.net\/4\/2021\/03\/Frank-Zappa-bicycle-profimedia-0314033805-CVR.webp","datePublished":"2021-04-15T07:30:48+00:00","author":{"@id":""},"breadcrumb":{"@id":"https:\/\/www.welovecycling.com\/sk\/2021\/04\/15\/zvuk-cyklistiky\/#breadcrumb"},"inLanguage":"sk-SK","potentialAction":[{"@type":"ReadAction","target":["https:\/\/www.welovecycling.com\/sk\/2021\/04\/15\/zvuk-cyklistiky\/"]}]},{"@type":"ImageObject","inLanguage":"sk-SK","@id":"https:\/\/www.welovecycling.com\/sk\/2021\/04\/15\/zvuk-cyklistiky\/#primaryimage","url":"https:\/\/d2p6e6u75xmxt8.cloudfront.net\/4\/2021\/03\/Frank-Zappa-bicycle-profimedia-0314033805-CVR.webp","contentUrl":"https:\/\/d2p6e6u75xmxt8.cloudfront.net\/4\/2021\/03\/Frank-Zappa-bicycle-profimedia-0314033805-CVR.webp","width":1366,"height":600,"caption":"Frank Zappa playing bicycle"},{"@type":"BreadcrumbList","@id":"https:\/\/www.welovecycling.com\/sk\/2021\/04\/15\/zvuk-cyklistiky\/#breadcrumb","itemListElement":[{"@type":"ListItem","position":1,"name":"Home","item":"https:\/\/www.welovecycling.com\/sk\/"},{"@type":"ListItem","position":2,"name":"Zvuk cyklistiky"}]},{"@type":"WebSite","@id":"https:\/\/www.welovecycling.com\/sk\/#website","url":"https:\/\/www.welovecycling.com\/sk\/","name":"\u0160koda We Love Cycling Slovensko","description":"\u0160koda We Love Cycling Slovensko je v\u00e1\u0161 ka\u017edodenn\u00fd zdroj noviniek a in\u0161pir\u00e1cie z sveta cyklistiky","potentialAction":[{"@type":"SearchAction","target":{"@type":"EntryPoint","urlTemplate":"https:\/\/www.welovecycling.com\/sk\/?s={search_term_string}"},"query-input":{"@type":"PropertyValueSpecification","valueRequired":true,"valueName":"search_term_string"}}],"inLanguage":"sk-SK"},{"@type":"Person","@id":"","url":"https:\/\/www.welovecycling.com\/sk\/author\/"}]}},"_links":{"self":[{"href":"https:\/\/www.welovecycling.com\/sk\/wp-json\/wp\/v2\/posts\/11569","targetHints":{"allow":["GET"]}}],"collection":[{"href":"https:\/\/www.welovecycling.com\/sk\/wp-json\/wp\/v2\/posts"}],"about":[{"href":"https:\/\/www.welovecycling.com\/sk\/wp-json\/wp\/v2\/types\/post"}],"author":[{"embeddable":true,"href":"https:\/\/www.welovecycling.com\/sk\/wp-json\/wp\/v2\/users\/81"}],"replies":[{"embeddable":true,"href":"https:\/\/www.welovecycling.com\/sk\/wp-json\/wp\/v2\/comments?post=11569"}],"version-history":[{"count":2,"href":"https:\/\/www.welovecycling.com\/sk\/wp-json\/wp\/v2\/posts\/11569\/revisions"}],"predecessor-version":[{"id":11576,"href":"https:\/\/www.welovecycling.com\/sk\/wp-json\/wp\/v2\/posts\/11569\/revisions\/11576"}],"wp:featuredmedia":[{"embeddable":true,"href":"https:\/\/www.welovecycling.com\/sk\/wp-json\/wp\/v2\/media\/11574"}],"wp:attachment":[{"href":"https:\/\/www.welovecycling.com\/sk\/wp-json\/wp\/v2\/media?parent=11569"}],"wp:term":[{"taxonomy":"category","embeddable":true,"href":"https:\/\/www.welovecycling.com\/sk\/wp-json\/wp\/v2\/categories?post=11569"},{"taxonomy":"post_tag","embeddable":true,"href":"https:\/\/www.welovecycling.com\/sk\/wp-json\/wp\/v2\/tags?post=11569"},{"taxonomy":"global-categories","embeddable":true,"href":"https:\/\/www.welovecycling.com\/sk\/wp-json\/wp\/v2\/global-categories?post=11569"}],"curies":[{"name":"wp","href":"https:\/\/api.w.org\/{rel}","templated":true}]}}