{"id":11516,"date":"2021-02-28T10:00:46","date_gmt":"2021-02-28T09:00:46","guid":{"rendered":"https:\/\/www.welovecycling.com\/sk\/?p=11516"},"modified":"2021-02-26T17:20:09","modified_gmt":"2021-02-26T16:20:09","slug":"mesacna-desiatka-vo-februari-plnou-parou-vpred","status":"publish","type":"post","link":"https:\/\/www.welovecycling.com\/sk\/2021\/02\/28\/mesacna-desiatka-vo-februari-plnou-parou-vpred\/","title":{"rendered":"Mesa\u010dn\u00e1 desiatka &#8211; vo febru\u00e1ri plnou parou vpred"},"content":{"rendered":"<p><strong>Ani sme sa nenazdali a\u00a0pomaly sme sa prehupli u\u017e do tretieho mesiaca v\u00a0roku. \u010cas ide skuto\u010dne r\u00fdchlo, po\u010dasie sa men\u00ed, sneh ustupuje a\u00a0nahr\u00e1dza ho slne\u010dn\u00e9 a\u00a0teplej\u0161ie po\u010dasie. Vedom\u00ed s\u00fa si toho aj cyklisti z\u00a0profipelot\u00f3nu a\u00a0in\u00fdch discipl\u00edn, ktor\u00ed to vo febru\u00e1ri pekne rozto\u010dili.<\/strong><!--more--><\/p>\n<h2><strong>Van der Poel je nov\u00fdm majstrom sveta v\u00a0cyklokrose<\/strong><\/h2>\n<p>Dlho o\u010dak\u00e1van\u00fd s\u00faboj dvoch najv\u00e4\u010d\u0161\u00edch hviezd cyklokrosu, M. van der Poela a\u00a0W. van Aerta vyvrcholil po\u010das Majstrovstiev sveta v\u00a0belgickom Oostende. Na pieso\u010dnatej trati s\u00a0umelo vytvoren\u00fdm prudk\u00fdm st\u00fapan\u00edm a\u00a0\u010fal\u0161\u00edmi nepr\u00edjemn\u00fdmi \u00fasekmi, nikto nedostal ni\u010d zadarmo. O\u00a0tom, \u017ee d\u00fahov\u00fd dres znamen\u00e1 pre ka\u017ed\u00e9ho ve\u013ea dosved\u010dovalo aj nasadenie od \u00favodn\u00fdch metrov. <strong>V\u00a0podstate by sa dalo poveda\u0165, \u017ee to boli preteky dvoch \u00fastredn\u00fdch jazdcov.<\/strong> Z\u00e1pletkou v\u00a0tomto rovnom boji bol v\u00a0prvom rade p\u00e1d van der Poela, e\u0161te v\u00a0\u00favode podujatia, z\u00a0ktor\u00e9ho sa dok\u00e1zal dotiahnu\u0165 sp\u00e4\u0165 na van Aerta. Pri opa\u010dnej situ\u00e1cii, kedy musel van Aert kv\u00f4li defektu meni\u0165 bicykel, sa u\u017e tento scen\u00e1r nezopakoval. Van der Poel si pri\u0161iel po obhajobu d\u00fahov\u00e9ho dresu.<br \/>\nhttps:\/\/www.instagram.com\/p\/CKuFY_QH-xe\/<\/p>\n<h2><strong>Ratboy a\u00a0jeho partia si u\u017e\u00edvaj\u00fa aj chladn\u00e9 po\u010dasie Anglicka<\/strong><\/h2>\n<p>Je s\u00edce pravdou, \u017ee v\u00a0tomto videu nenaraz\u00edte takmer na \u017eiaden sneh, av\u0161ak vlhkos\u0165, povestn\u00e1 pre tento ostrovn\u00fd \u0161t\u00e1t, je rovnako nepr\u00edjemn\u00e1. O\u010dividne to nezastavilo partiu z\u00a0okruhu zjazdu a\u00a0endura, ktor\u00fdch neodradia asi \u017eiadne podmienky. Pozrite si toto video, mo\u017eno v\u00e1m bude dne\u0161nou motiv\u00e1ciou k\u00a0tomu prevetra\u0165 aj v\u00e1\u0161ho dvojkolesov\u00e9ho par\u0165\u00e1ka.\n<lite-youtube videoid=mxHrzm3XA9A params=\"enablejsapi=1\" style=\"background-image: url('https:\/\/i.ytimg.com\/vi_webp\/mxHrzm3XA9A\/maxresdefault.webp');\"><\/lite-youtube>\n<h2><strong>UAE Tour nesklamala skvel\u00fdmi v\u00fdkonmi<\/strong><\/h2>\n<p>Na jedn\u00fdch z\u00a0m\u00e1la etapov\u00fdch pretekov v\u00a0\u00favode tohto roka, na UAE Tour, sa predstavila pln\u00e1 zostava profipelot\u00f3nu WorldTour. Nech\u00fdbali men\u00e1 ako T. Poga\u010dar, M. van der Poel. S. Bennett, C. Ewan alebo F. Ganna a\u00a0desiatky \u010fal\u0161\u00edch. Na zv\u00e4\u010d\u0161a rovinat\u00fdch etap\u00e1ch sa darilo klasik\u00e1rom a\u00a0\u0161print\u00e9rom. U\u017e v\u00a0prvej etape, ktor\u00e1 mala by\u0165 ur\u010den\u00e1 pre silov\u00fdch \u0161print\u00e9rov, sa z\u00a0v\u00ed\u0165azstva te\u0161il novope\u010den\u00fd majster sveta v\u00a0cyklokrose, M. van der Poel. Dok\u00e1zal toti\u017e zdola\u0165 men\u00e1 ako E. Viviani alebo F. Gaviria. Men\u0161\u00edm prekvapen\u00edm, ale rovnako nesmiernym v\u00fdkonom bol aj triumf F. Gannu v\u00a0individu\u00e1lnej \u010dasovke. <strong>V\u00a0celkovej klasifik\u00e1cii si v\u0161ak najlep\u0161ie po\u010d\u00ednal minuloro\u010dn\u00fd v\u00ed\u0165az Tour de France, T. Poga\u010dar.<\/strong> Svoju dominanciu potvrdil aj jedn\u00fdm etapov\u00fdm v\u00ed\u0165azstvom v\u00a0tretej etape.\n<lite-youtube videoid=omM_SOZBqZ0 params=\"enablejsapi=1\" style=\"background-image: url('https:\/\/i.ytimg.com\/vi_webp\/omM_SOZBqZ0\/maxresdefault.webp');\"><\/lite-youtube>\n<h2><strong>Peter Sagan sa lie\u010di z\u00a0koronav\u00edrusu<\/strong><\/h2>\n<p>Na za\u010diatku febru\u00e1ra sa na soci\u00e1lnej sieti objavila inform\u00e1cia, \u017ee slovensk\u00fd pretek\u00e1r, P. Sagan, bol pozit\u00edvne testovan\u00fd po\u010das pobytu na tr\u00e9ningovom kempe na Kan\u00e1rskych ostrovoch. Okrem neho sa nakazil aj jeho brat Juraj a\u00a0t\u00edmov\u00fd partner, E. Baska. Sagan nepopisoval priebeh ochorenia pr\u00edli\u0161ne negat\u00edvne, o\u010dividne sa mu po\u0161\u0165astilo prekon\u00e1va\u0165 ho s\u00a0miernym priebehom. T\u00e1to skuto\u010dnos\u0165 v\u0161ak bude hra\u0165 d\u00f4le\u017eit\u00fa rolu predov\u0161etk\u00fdm v\u00a0najbli\u017e\u0161ej \u010dasti sez\u00f3ny, ke\u010f\u017ee v\u00fdpadok z\u00a0pln\u00e9ho tr\u00e9ningov\u00e9ho nasadenia a\u00a0oslabenie tela, m\u00f4\u017ee znamena\u0165 pre Sagana aj stratu najvy\u0161\u0161\u00edch amb\u00edci\u00ed v\u00a0roku 2021.<br \/>\nhttps:\/\/www.instagram.com\/p\/CK8bVqgBjGe\/<\/p>\n<h2><strong>Franc\u00fazske Alpy priv\u00edtali eur\u00f3psku elitu<\/strong><\/h2>\n<p>Aj ke\u010f e\u0161te nie je j\u00fal a\u00a0Tour de France je \u010faleko, mal\u00fdm spestren\u00edm za\u010diatku sez\u00f3ny bolo aj Tour de la Provence, ktor\u00e9 aj napriek zaradeniu do ni\u017e\u0161ej kateg\u00f3rie, 2. Pro, <strong>sa stalo dejiskom ve\u013ekolep\u00fdch z\u00e1\u017eitkov<\/strong>. Stretli sa tu toti\u017e t\u00edmy ako Ineos Granadiers, Bahrain-Victorious, Deceuninck-Quick Step a\u00a0\u010fal\u0161ie elitn\u00e9 celky. Po\u010das \u0161tyroch n\u00e1ro\u010dn\u00fdch et\u00e1p to bol predov\u0161etk\u00fdm 23-ro\u010dn\u00fd Kolumbijec, E. R. Sosa, ktor\u00fd po v\u00ed\u0165azstve v\u00a03. etape s\u00a0dojazdom na Mont Ventoux nedal nikomu \u0161ancu v\u00a0poslednej, teda \u0161tvrtej etape. Odniesol si celkov\u00e9 v\u00ed\u0165azstvo pred s\u00fa\u010dasn\u00fdm majstrom sveta, J. Alaphilippom a\u00a0t\u00edmov\u00fdm kolegom, E. Bernalom.\n<lite-youtube videoid=_k5zDu8ZKvs params=\"enablejsapi=1\" style=\"background-image: url('https:\/\/i.ytimg.com\/vi_webp\/_k5zDu8ZKvs\/maxresdefault.webp');\"><\/lite-youtube>\n<h2><strong>U\u017eite si prvotriedne zjazd\u00e1rske umenie<\/strong><\/h2>\n<p>Zapadaj\u00face slnko, dvojcifern\u00e9 teploty, hladk\u00e9 cesty a\u00a0vietor vo vlasoch. Aj tak by bolo mo\u017en\u00e9 charakterizova\u0165 zjazd v\u00a0hor\u00e1ch Santa Monica, na ktorom sa hlavn\u00fd \u00fa\u010dastn\u00edk videa, Rafael, pok\u00fa\u0161a o\u00a0nesmierne r\u00fdchle sklesanie v\u0161etk\u00fdch v\u00fd\u0161kov\u00fdch metrov. A\u017e sa priam niekedy zd\u00e1, \u017ee bicykel pri t\u00fdchto n\u00e1klonoch je prilepen\u00fd k\u00a0asfaltu. <strong>Treba v\u0161ak doda\u0165, \u017ee toto je jazda sk\u00fasen\u00e9ho cyklistu, ktor\u00fd pozn\u00e1 svoj dom\u00e1ci raj\u00f3n.<\/strong>\n<lite-youtube videoid=bE4OFxdiVW0 params=\"enablejsapi=1\" style=\"background-image: url('https:\/\/i.ytimg.com\/vi_webp\/bE4OFxdiVW0\/maxresdefault.webp');\"><\/lite-youtube>\n<h2><strong>Ocenenie Zlat\u00fd ped\u00e1l si na\u0161lo laure\u00e1tov aj v\u00a0roku 2021<\/strong><\/h2>\n<p>Prest\u00ed\u017ene dom\u00e1ce ocenenie cyklistov v\u0161etk\u00fdch discipl\u00edn s\u00a0n\u00e1zvom Zlat\u00fd ped\u00e1l sa odovzd\u00e1valo v\u00a0\u00favode tohto roka v\u0161etk\u00fdm t\u00fdm, ktor\u00ed sa svojimi v\u00fdkonmi zasl\u00fa\u017eili o\u00a0popredn\u00e9 umiestnenia. Medzi in\u00fdmi si svoju \u201eso\u0161ku\u201c odniesol aj P. Sagan v\u00a0r\u00e1mci cestnej cyklistiky, M. Haring spomedzi horsk\u00fdch cyklistov, A. Roj\u010dek zo zjazdu\/4X, S. Hlavat\u00fd z\u00a0cyklotrialu, A. Ba\u010d\u00edkov\u00e1 v\u00a0dr\u00e1hovej cyklistike, K. Madar\u00e1sov\u00e1 spomedzi bikros\u00e1rov, v\u00a0BMX to bol zase M. Kova\u010dovi\u010d, M. Ul\u00edk v\u010faka cyklokrosu a\u00a0D\u00f3ra R\u00e1koczov\u00e1 a\u00a0Eszter Kulichov\u00e1 v\u00a0kateg\u00f3rii s\u00e1lovej cyklistiky. <strong>V\u0161etk\u00fdm ocenen\u00fdm blaho\u017eel\u00e1me!<\/strong><\/p>\n<h2><strong>Ako tr\u00e9nuje N. Schurter \u201emimo sez\u00f3ny\u201c?<\/strong><\/h2>\n<p>Samozrejme, \u017ee tento nadpis je zav\u00e1dzaj\u00faci. Sez\u00f3na horsk\u00fdch bicyklov u\u017e prirodzene za\u010dala a\u00a0ka\u017ed\u00fd spr\u00e1vny profesion\u00e1l nenech\u00e1va ni\u010d na n\u00e1hodu. \u0160pecifikom tohto \u0161vaj\u010diarskeho pretek\u00e1ra je jeho zru\u010dnos\u0165 v\u00a0technick\u00fdch pas\u00e1\u017each trat\u00ed. Pr\u00e1ve v\u00a0nich sa n\u00e1m prostredn\u00edctvom sledovania Svetov\u00fdch poh\u00e1rov zd\u00e1, \u017ee je to \u201ejednoduch\u00e9\u201c. Opak je ale pravdou. <strong>Ako ka\u017ed\u00fd in\u00fd, aj Schurter mus\u00ed t\u00fato svoju zru\u010dnos\u0165 cibri\u0165 a\u00a0udr\u017eiava\u0165 takto vysoko polo\u017een\u00fa latku neust\u00e1lym tr\u00e9ningom.<\/strong> Pozrime sa na jeden z\u00a0tak\u00fdchto tr\u00e9ningov a\u00a0presved\u010dme sa, nako\u013eko ide o\u00a0odvahu a\u00a0nako\u013eko o\u00a0tvrd\u00fa drinu.<br \/>\nhttps:\/\/www.instagram.com\/p\/CLb1J8Aha2n\/<\/p>\n<h2><strong>BMX, trial alebo\u00a0s\u00e1lov\u00e1 cyklistika stagnuje<\/strong><\/h2>\n<p>Pod\u013ea port\u00e1lu UCI sa vo viacer\u00fdch discipl\u00ednach svetovej cyklistiky \u010dak\u00e1 na zmenu situ\u00e1cie, zlep\u0161enie teraj\u0161ieho stavu. Aj ke\u010f cestn\u00e1 cyklistika ako-tak funguje, \u201eindoor-ov\u00e9\u201c, a\u00a0menej prest\u00ed\u017ene kateg\u00f3rie vy\u010dk\u00e1vaj\u00fa. Tak napr\u00edklad posledn\u00e9 podujatia BMX sa skladali z n\u00e1rodn\u00fdch \u0161ampion\u00e1tov a\u017e do polovice decembra. Rovnako tomu bolo aj v\u00a0triale. S\u00e1lov\u00e1 cyklistika m\u00e1 u\u017e vy\u0161e ro\u010dn\u00fa odmlku, ke\u010f 28. febru\u00e1ra 2020 sa konalo prv\u00e9 a\u00a0s\u00fa\u010dasne posledn\u00e9 kolo Svetov\u00e9ho poh\u00e1ra. <\/p>\n<p>Ako to vid\u00edte vy, zlep\u0161\u00ed sa \u010doskoro t\u00e1to situ\u00e1cia?<\/p>\n","protected":false},"excerpt":{"rendered":"<p>Ani sme sa nenazdali a\u00a0pomaly sme sa prehupli u\u017e do tretieho mesiaca v\u00a0roku. \u010cas ide skuto\u010dne r\u00fdchlo, po\u010dasie sa men\u00ed, [&hellip;]<\/p>\n","protected":false},"author":81,"featured_media":11524,"comment_status":"open","ping_status":"open","sticky":false,"template":"","format":"standard","meta":{"footnotes":""},"categories":[63],"tags":[115,532,1040,179,885,1311],"global-categories":[1074],"class_list":["post-11516","post","type-post","status-publish","format-standard","has-post-thumbnail","hentry","category-grand-tour","tag-cestna-cyklistika","tag-jazdenie","tag-mesacna-desiatka","tag-preteky","tag-profesional","tag-sezona-2021","global-categories-cycling"],"yoast_head":"<!-- This site is optimized with the Yoast SEO Premium plugin v25.3 (Yoast SEO v25.9) - https:\/\/yoast.com\/wordpress\/plugins\/seo\/ -->\n<title>Mesa\u010dn\u00e1 desiatka - vo febru\u00e1ri plnou parou vpred - \u0160koda We Love Cycling Slovensko<\/title>\n<meta name=\"robots\" content=\"index, follow, max-snippet:-1, max-image-preview:large, max-video-preview:-1\" \/>\n<link rel=\"canonical\" href=\"https:\/\/www.welovecycling.com\/sk\/2021\/02\/28\/mesacna-desiatka-vo-februari-plnou-parou-vpred\/\" \/>\n<meta property=\"og:locale\" content=\"sk_SK\" \/>\n<meta property=\"og:type\" content=\"article\" \/>\n<meta property=\"og:title\" content=\"Mesa\u010dn\u00e1 desiatka - vo febru\u00e1ri plnou parou vpred\" \/>\n<meta property=\"og:description\" content=\"Ani sme sa nenazdali a\u00a0pomaly sme sa prehupli u\u017e do tretieho mesiaca v\u00a0roku. \u010cas ide skuto\u010dne r\u00fdchlo, po\u010dasie sa men\u00ed, [&hellip;]\" \/>\n<meta property=\"og:url\" content=\"https:\/\/www.welovecycling.com\/sk\/2021\/02\/28\/mesacna-desiatka-vo-februari-plnou-parou-vpred\/\" \/>\n<meta property=\"og:site_name\" content=\"\u0160koda We Love Cycling Slovensko\" \/>\n<meta property=\"article:published_time\" content=\"2021-02-28T09:00:46+00:00\" \/>\n<meta property=\"og:image\" content=\"https:\/\/d2p6e6u75xmxt8.cloudfront.net\/4\/2021\/02\/WLC_MD_februar.webp\" \/>\n\t<meta property=\"og:image:width\" content=\"1380\" \/>\n\t<meta property=\"og:image:height\" content=\"600\" \/>\n\t<meta property=\"og:image:type\" content=\"image\/webp\" \/>\n<meta name=\"twitter:card\" content=\"summary_large_image\" \/>\n<meta name=\"twitter:label1\" content=\"Written by\" \/>\n\t<meta name=\"twitter:data1\" content=\"WeLoveCycling\" \/>\n\t<meta name=\"twitter:label2\" content=\"Est. reading time\" \/>\n\t<meta name=\"twitter:data2\" content=\"5\" \/>\n<script type=\"application\/ld+json\" class=\"yoast-schema-graph\">{\"@context\":\"https:\/\/schema.org\",\"@graph\":[{\"@type\":\"WebPage\",\"@id\":\"https:\/\/www.welovecycling.com\/sk\/2021\/02\/28\/mesacna-desiatka-vo-februari-plnou-parou-vpred\/\",\"url\":\"https:\/\/www.welovecycling.com\/sk\/2021\/02\/28\/mesacna-desiatka-vo-februari-plnou-parou-vpred\/\",\"name\":\"Mesa\u010dn\u00e1 desiatka - vo febru\u00e1ri plnou parou vpred - \u0160koda We Love Cycling Slovensko\",\"isPartOf\":{\"@id\":\"https:\/\/www.welovecycling.com\/sk\/#website\"},\"primaryImageOfPage\":{\"@id\":\"https:\/\/www.welovecycling.com\/sk\/2021\/02\/28\/mesacna-desiatka-vo-februari-plnou-parou-vpred\/#primaryimage\"},\"image\":{\"@id\":\"https:\/\/www.welovecycling.com\/sk\/2021\/02\/28\/mesacna-desiatka-vo-februari-plnou-parou-vpred\/#primaryimage\"},\"thumbnailUrl\":\"https:\/\/d2p6e6u75xmxt8.cloudfront.net\/4\/2021\/02\/WLC_MD_februar.webp\",\"datePublished\":\"2021-02-28T09:00:46+00:00\",\"author\":{\"@id\":\"\"},\"breadcrumb\":{\"@id\":\"https:\/\/www.welovecycling.com\/sk\/2021\/02\/28\/mesacna-desiatka-vo-februari-plnou-parou-vpred\/#breadcrumb\"},\"inLanguage\":\"sk-SK\",\"potentialAction\":[{\"@type\":\"ReadAction\",\"target\":[\"https:\/\/www.welovecycling.com\/sk\/2021\/02\/28\/mesacna-desiatka-vo-februari-plnou-parou-vpred\/\"]}]},{\"@type\":\"ImageObject\",\"inLanguage\":\"sk-SK\",\"@id\":\"https:\/\/www.welovecycling.com\/sk\/2021\/02\/28\/mesacna-desiatka-vo-februari-plnou-parou-vpred\/#primaryimage\",\"url\":\"https:\/\/d2p6e6u75xmxt8.cloudfront.net\/4\/2021\/02\/WLC_MD_februar.webp\",\"contentUrl\":\"https:\/\/d2p6e6u75xmxt8.cloudfront.net\/4\/2021\/02\/WLC_MD_februar.webp\",\"width\":1380,\"height\":600},{\"@type\":\"BreadcrumbList\",\"@id\":\"https:\/\/www.welovecycling.com\/sk\/2021\/02\/28\/mesacna-desiatka-vo-februari-plnou-parou-vpred\/#breadcrumb\",\"itemListElement\":[{\"@type\":\"ListItem\",\"position\":1,\"name\":\"Home\",\"item\":\"https:\/\/www.welovecycling.com\/sk\/\"},{\"@type\":\"ListItem\",\"position\":2,\"name\":\"Mesa\u010dn\u00e1 desiatka &#8211; vo febru\u00e1ri plnou parou vpred\"}]},{\"@type\":\"WebSite\",\"@id\":\"https:\/\/www.welovecycling.com\/sk\/#website\",\"url\":\"https:\/\/www.welovecycling.com\/sk\/\",\"name\":\"\u0160koda We Love Cycling Slovensko\",\"description\":\"\u0160koda We Love Cycling Slovensko je v\u00e1\u0161 ka\u017edodenn\u00fd zdroj noviniek a in\u0161pir\u00e1cie z sveta cyklistiky\",\"potentialAction\":[{\"@type\":\"SearchAction\",\"target\":{\"@type\":\"EntryPoint\",\"urlTemplate\":\"https:\/\/www.welovecycling.com\/sk\/?s={search_term_string}\"},\"query-input\":{\"@type\":\"PropertyValueSpecification\",\"valueRequired\":true,\"valueName\":\"search_term_string\"}}],\"inLanguage\":\"sk-SK\"},{\"@type\":\"Person\",\"@id\":\"\",\"url\":\"https:\/\/www.welovecycling.com\/sk\/author\/\"}]}<\/script>\n<!-- \/ Yoast SEO Premium plugin. -->","yoast_head_json":{"title":"Mesa\u010dn\u00e1 desiatka - vo febru\u00e1ri plnou parou vpred - \u0160koda We Love Cycling Slovensko","robots":{"index":"index","follow":"follow","max-snippet":"max-snippet:-1","max-image-preview":"max-image-preview:large","max-video-preview":"max-video-preview:-1"},"canonical":"https:\/\/www.welovecycling.com\/sk\/2021\/02\/28\/mesacna-desiatka-vo-februari-plnou-parou-vpred\/","og_locale":"sk_SK","og_type":"article","og_title":"Mesa\u010dn\u00e1 desiatka - vo febru\u00e1ri plnou parou vpred","og_description":"Ani sme sa nenazdali a\u00a0pomaly sme sa prehupli u\u017e do tretieho mesiaca v\u00a0roku. \u010cas ide skuto\u010dne r\u00fdchlo, po\u010dasie sa men\u00ed, [&hellip;]","og_url":"https:\/\/www.welovecycling.com\/sk\/2021\/02\/28\/mesacna-desiatka-vo-februari-plnou-parou-vpred\/","og_site_name":"\u0160koda We Love Cycling Slovensko","article_published_time":"2021-02-28T09:00:46+00:00","og_image":[{"width":1380,"height":600,"url":"https:\/\/d2p6e6u75xmxt8.cloudfront.net\/4\/2021\/02\/WLC_MD_februar.webp","type":"image\/webp"}],"twitter_card":"summary_large_image","twitter_misc":{"Written by":"WeLoveCycling","Est. reading time":"5"},"schema":{"@context":"https:\/\/schema.org","@graph":[{"@type":"WebPage","@id":"https:\/\/www.welovecycling.com\/sk\/2021\/02\/28\/mesacna-desiatka-vo-februari-plnou-parou-vpred\/","url":"https:\/\/www.welovecycling.com\/sk\/2021\/02\/28\/mesacna-desiatka-vo-februari-plnou-parou-vpred\/","name":"Mesa\u010dn\u00e1 desiatka - vo febru\u00e1ri plnou parou vpred - \u0160koda We Love Cycling Slovensko","isPartOf":{"@id":"https:\/\/www.welovecycling.com\/sk\/#website"},"primaryImageOfPage":{"@id":"https:\/\/www.welovecycling.com\/sk\/2021\/02\/28\/mesacna-desiatka-vo-februari-plnou-parou-vpred\/#primaryimage"},"image":{"@id":"https:\/\/www.welovecycling.com\/sk\/2021\/02\/28\/mesacna-desiatka-vo-februari-plnou-parou-vpred\/#primaryimage"},"thumbnailUrl":"https:\/\/d2p6e6u75xmxt8.cloudfront.net\/4\/2021\/02\/WLC_MD_februar.webp","datePublished":"2021-02-28T09:00:46+00:00","author":{"@id":""},"breadcrumb":{"@id":"https:\/\/www.welovecycling.com\/sk\/2021\/02\/28\/mesacna-desiatka-vo-februari-plnou-parou-vpred\/#breadcrumb"},"inLanguage":"sk-SK","potentialAction":[{"@type":"ReadAction","target":["https:\/\/www.welovecycling.com\/sk\/2021\/02\/28\/mesacna-desiatka-vo-februari-plnou-parou-vpred\/"]}]},{"@type":"ImageObject","inLanguage":"sk-SK","@id":"https:\/\/www.welovecycling.com\/sk\/2021\/02\/28\/mesacna-desiatka-vo-februari-plnou-parou-vpred\/#primaryimage","url":"https:\/\/d2p6e6u75xmxt8.cloudfront.net\/4\/2021\/02\/WLC_MD_februar.webp","contentUrl":"https:\/\/d2p6e6u75xmxt8.cloudfront.net\/4\/2021\/02\/WLC_MD_februar.webp","width":1380,"height":600},{"@type":"BreadcrumbList","@id":"https:\/\/www.welovecycling.com\/sk\/2021\/02\/28\/mesacna-desiatka-vo-februari-plnou-parou-vpred\/#breadcrumb","itemListElement":[{"@type":"ListItem","position":1,"name":"Home","item":"https:\/\/www.welovecycling.com\/sk\/"},{"@type":"ListItem","position":2,"name":"Mesa\u010dn\u00e1 desiatka &#8211; vo febru\u00e1ri plnou parou vpred"}]},{"@type":"WebSite","@id":"https:\/\/www.welovecycling.com\/sk\/#website","url":"https:\/\/www.welovecycling.com\/sk\/","name":"\u0160koda We Love Cycling Slovensko","description":"\u0160koda We Love Cycling Slovensko je v\u00e1\u0161 ka\u017edodenn\u00fd zdroj noviniek a in\u0161pir\u00e1cie z sveta cyklistiky","potentialAction":[{"@type":"SearchAction","target":{"@type":"EntryPoint","urlTemplate":"https:\/\/www.welovecycling.com\/sk\/?s={search_term_string}"},"query-input":{"@type":"PropertyValueSpecification","valueRequired":true,"valueName":"search_term_string"}}],"inLanguage":"sk-SK"},{"@type":"Person","@id":"","url":"https:\/\/www.welovecycling.com\/sk\/author\/"}]}},"_links":{"self":[{"href":"https:\/\/www.welovecycling.com\/sk\/wp-json\/wp\/v2\/posts\/11516","targetHints":{"allow":["GET"]}}],"collection":[{"href":"https:\/\/www.welovecycling.com\/sk\/wp-json\/wp\/v2\/posts"}],"about":[{"href":"https:\/\/www.welovecycling.com\/sk\/wp-json\/wp\/v2\/types\/post"}],"author":[{"embeddable":true,"href":"https:\/\/www.welovecycling.com\/sk\/wp-json\/wp\/v2\/users\/81"}],"replies":[{"embeddable":true,"href":"https:\/\/www.welovecycling.com\/sk\/wp-json\/wp\/v2\/comments?post=11516"}],"version-history":[{"count":2,"href":"https:\/\/www.welovecycling.com\/sk\/wp-json\/wp\/v2\/posts\/11516\/revisions"}],"predecessor-version":[{"id":11528,"href":"https:\/\/www.welovecycling.com\/sk\/wp-json\/wp\/v2\/posts\/11516\/revisions\/11528"}],"wp:featuredmedia":[{"embeddable":true,"href":"https:\/\/www.welovecycling.com\/sk\/wp-json\/wp\/v2\/media\/11524"}],"wp:attachment":[{"href":"https:\/\/www.welovecycling.com\/sk\/wp-json\/wp\/v2\/media?parent=11516"}],"wp:term":[{"taxonomy":"category","embeddable":true,"href":"https:\/\/www.welovecycling.com\/sk\/wp-json\/wp\/v2\/categories?post=11516"},{"taxonomy":"post_tag","embeddable":true,"href":"https:\/\/www.welovecycling.com\/sk\/wp-json\/wp\/v2\/tags?post=11516"},{"taxonomy":"global-categories","embeddable":true,"href":"https:\/\/www.welovecycling.com\/sk\/wp-json\/wp\/v2\/global-categories?post=11516"}],"curies":[{"name":"wp","href":"https:\/\/api.w.org\/{rel}","templated":true}]}}