{"id":11499,"date":"2021-03-04T10:00:55","date_gmt":"2021-03-04T09:00:55","guid":{"rendered":"https:\/\/www.welovecycling.com\/sk\/?p=11499"},"modified":"2021-02-26T13:56:05","modified_gmt":"2021-02-26T12:56:05","slug":"mtb-alebo-cesta","status":"publish","type":"post","link":"https:\/\/www.welovecycling.com\/sk\/2021\/03\/04\/mtb-alebo-cesta\/","title":{"rendered":"MTB alebo cestn\u00e1 cyklistika?"},"content":{"rendered":"<p><strong>Horsk\u00fd alebo cestn\u00fd bicykel? MTB alebo cesta? Chcel by som nap\u00edsa\u0165, \u017ee t\u00e1to ot\u00e1zka je star\u00e1 ako \u013eudstvo sam\u00e9, ale samozrejme nie je to tak. Aj ke\u010f je pravda, \u017ee medzi cyklistami je to asi to najz\u00e1kladnej\u0161ie rozdelenie. Slangovo sa niekedy navz\u00e1jom ozna\u010duj\u00fa aj \u017eiletk\u00e1ri a blato\u0161\u013eapi.<\/strong><!--more--><\/p>\n<h2><strong>Dva svety<\/strong><\/h2>\n<p>S\u00fa to v podstate dva odli\u0161n\u00e9 svety. T\u00ed \u010do fandia cestn\u00fdm bicyklom v\u00e4\u010d\u0161inu \u010dasu tr\u00e1via na cest\u00e1ch, asfaltk\u00e1ch a dnes u\u017e len v\u00fdnimo\u010dne na dla\u017eobn\u00fdch kock\u00e1ch miest a ded\u00edn. Po\u010das jedn\u00e9ho v\u00fdjazdu zvl\u00e1dnu viac, ako sto kilometrov a\u00a0dok\u00e1\u017eu v\u00a0sedle bez probl\u00e9mov str\u00e1vi\u0165 nieko\u013eko hod\u00edn. S\u00a0rados\u0165ou spozn\u00e1vaj\u00fa nov\u00e9 kraje a\u00a0mest\u00e1. <\/p>\n<p>Cyklisti, ktor\u00ed jazdia na MTB, tr\u00e1via svoj \u010das na horsk\u00fdch chodn\u00edkoch, \u010dlenit\u00fdch zjazdoch, alebo si u\u017e\u00edvaj\u00fa z\u00e1bavu na trailoch. Prioritou ani tak nie s\u00fa ve\u013ek\u00e9 porcie kilometrov, ako zauj\u00edmav\u00fd ter\u00e9n technick\u00fd zjazd \u010di ob\u013e\u00faben\u00fd okruh v okolit\u00fdch pohoriach. <\/p>\n<h2><strong>Komunity<\/strong><\/h2>\n<p>Je zauj\u00edmav\u00e9, ako sa v tomto smere buduj\u00fa komunity, ktor\u00e9 s\u00fa \u010dasto \u00faplne odli\u0161n\u00e9. V krajn\u00fdch pr\u00edpadoch sa dokonca stane, \u017ee na seba jednotliv\u00fd \u010dlenovia komun\u00edt dokonca h\u013eadia cez prsty. Na\u0161\u0165astie to v\u0161ak nie je pravidlom a d\u00f4kazy na to n\u00e1jdete, ke\u010f sa napr\u00edklad pri n\u00e1vrate z horsk\u00e9ho v\u00fdjazdu, po\u010das presunu po ceste, stretnete s kolegom na cestnom bicykli a ten v\u00e1s priate\u013esky pozdrav\u00ed.<\/p>\n<figure id=\"attachment_11502\" aria-describedby=\"caption-attachment-11502\" style=\"width: 1200px\" class=\"wp-caption alignnone\"><a href=\"https:\/\/d2p6e6u75xmxt8.cloudfront.net\/4\/2021\/02\/MTB-alebo-cesta_01.jpg\"><img loading=\"lazy\" decoding=\"async\" src=\"https:\/\/d2p6e6u75xmxt8.cloudfront.net\/4\/2021\/02\/MTB-alebo-cesta_01.jpg\" alt=\"Foto: pexels.com\" width=\"1200\" height=\"800\" class=\"size-full wp-image-11502\" \/><\/a><figcaption id=\"caption-attachment-11502\" class=\"wp-caption-text\">Foto: pexels.com<\/figcaption><\/figure>\n<h2><strong>V\u00fdzor a oble\u010denie<\/strong><\/h2>\n<p>Aj samotn\u00e9 oble\u010denie je \u00faplne rozdielne. Cestn\u00ed cyklisti preferuj\u00fa lycru a dresy \u010dasto s v\u00fdrazn\u00fdmi logami zna\u010diek a\u00a0firiem, ktor\u00e9 podporuj\u00fa profesion\u00e1lnych jazdcov. <strong>Mohli by sme ich ozna\u010di\u0165 za eleg\u00e1nov na bicykloch<\/strong>, preto\u017ee s\u00fa \u0161t\u00edhli, maj\u00fa oholen\u00e9 nohy a v\u00e4\u010d\u0161inou ich bicykel, ako aj oni, nemaj\u00fa na sebe \u017eiadne blato ani \u0161pinu. No, ten prach ciest sa s\u00edce nejak\u00fd objav\u00ed, ale nie je to hne\u010f vidie\u0165. <\/p>\n<p>Fan\u00fa\u0161ikovia MTB zasa maj\u00fa radi vo\u013enej\u0161ie oble\u010denie a ke\u010f maj\u00fa na sebe nejak\u00e9 log\u00e1, tak s\u00fa to \u010dasto lifestylov\u00e9 zna\u010dky \u010di zna\u010dky energetick\u00fdch n\u00e1pojov. <strong>Svojim v\u00fdzorom p\u00f4sobia drsnej\u0161ie <\/strong>a je to aj preto, \u017ee v\u00e4\u010d\u0161inu svojich aktiv\u00edt tr\u00e1via v lese a to sa \u010dasto prejav\u00ed aj na n\u00e1nose blata na ich bicykloch \u010di oble\u010den\u00ed. <\/p>\n<h2><strong>V\u00fdhody cesty<\/strong><\/h2>\n<p>V\u010faka vy\u0161\u0161ej r\u00fdchlosti prejdete \u010falej a spozn\u00e1te nov\u00e9 miesta v okol\u00ed. A aj t\u00e1 samotn\u00e1 r\u00fdchlos\u0165 je celkom n\u00e1vykov\u00e1. Ak patr\u00edte k\u00a0t\u00fdm, ktor\u00ed sa na jar u\u017e nevedia do\u010dka\u0165, kedy sadn\u00fa na bicykel, <strong>tak pr\u00e1ve fan\u00fa\u0161ikovia cestnej cyklistiky sa na cesty dostan\u00fa sk\u00f4r<\/strong>. Preto\u017ee po poriadnej zasne\u017eenej zime s\u00fa lesn\u00e9 chodn\u00ed\u010dky e\u0161te dlho rozmo\u010den\u00e9 a pln\u00e9 blata. A v neposlednom rade sa na ka\u017edom rohu m\u00f4\u017eete zastavi\u0165 na k\u00e1vi\u010dku \u010di kol\u00e1\u010dik. Z\u00e1le\u017e\u00ed na tom, \u010di chcete schudn\u00fa\u0165, alebo zlep\u0161i\u0165 kond\u00edciu. <\/p>\n<h2><strong>V\u00fdhody MTB<\/strong><\/h2>\n<p>Jazdite v pr\u00edrode a dos\u00fdta na nad\u00fdchate \u010derstv\u00e9ho vzduchu. <strong>Ak m\u00e1te \u0161\u0165astie, tak \u010das od \u010dasu uvid\u00edte vypla\u0161en\u00fa srnku, zajaca \u010di l\u00ed\u0161ku.<\/strong> Teda len aby nevbehli pod koles\u00e1. Jazda je zauj\u00edmav\u00e1, preto\u017ee povrch sa neust\u00e1le men\u00ed a nestane sa v\u00e1m, aby ste hodinu pozerali na nemenn\u00fd asfalt. V neposlednom rade na horskom bicykli m\u00f4\u017eete \u00eds\u0165 jazdi\u0165 aj na cestu, \u010do sa v opa\u010dnom pr\u00edpade s cestn\u00fdm bicyklom ned\u00e1. Je ale pravda, \u017ee na kaviare\u0148 v lese len tak \u013eahko nenatraf\u00edte.<\/p>\n<figure id=\"attachment_11504\" aria-describedby=\"caption-attachment-11504\" style=\"width: 1200px\" class=\"wp-caption alignnone\"><a href=\"https:\/\/d2p6e6u75xmxt8.cloudfront.net\/4\/2021\/02\/MTB-alebo-cesta_02.jpg\"><img loading=\"lazy\" decoding=\"async\" src=\"https:\/\/d2p6e6u75xmxt8.cloudfront.net\/4\/2021\/02\/MTB-alebo-cesta_02.jpg\" alt=\"\" width=\"1200\" height=\"800\" class=\"size-full wp-image-11504\" \/><\/a><figcaption id=\"caption-attachment-11504\" class=\"wp-caption-text\">Foto: pexels.com<\/figcaption><\/figure>\n<h2><strong>Vz\u00e1jomn\u00fd re\u0161pekt<\/strong><\/h2>\n<p>\u010ci u\u017e patr\u00edte do jednej alebo do druhej skupiny, <strong>prejavujte si navz\u00e1jom re\u0161pekt a d\u00e1vajte na seba pozor<\/strong>. Sme predsa len v\u0161etci jedna ve\u013ek\u00e1 cyklistick\u00e1 rodina. Tak\u017ee fan\u00fa\u0161ikovia cestnej cyklistiky, nech maj\u00fa rovn\u00e9 cesty a oh\u013eadupln\u00fdch vodi\u010dov \u00e1ut a fan\u00fa\u0161ikovia horskej cyklistiky, nech v\u017edy n\u00e1jdu bezpe\u010dne chodn\u00ed\u010dky pri n\u00e1vrate z h\u00f4r a nech sa im vyhn\u00fa ne\u017eelan\u00e9 stretnutia s obyvate\u013emi lesa.<\/p>\n","protected":false},"excerpt":{"rendered":"<p>Horsk\u00fd alebo cestn\u00fd bicykel? MTB alebo cesta? Chcel by som nap\u00edsa\u0165, \u017ee t\u00e1to ot\u00e1zka je star\u00e1 ako \u013eudstvo sam\u00e9, ale [&hellip;]<\/p>\n","protected":false},"author":81,"featured_media":11501,"comment_status":"open","ping_status":"open","sticky":false,"template":"","format":"standard","meta":{"footnotes":""},"categories":[4,3],"tags":[619,275,115,487,597,1246,546,180,773,890,532,824,767,412,318],"global-categories":[1074],"class_list":["post-11499","post","type-post","status-publish","format-standard","has-post-thumbnail","hentry","category-cestna-cyklisitika","category-mtb","tag-bicyklovanie","tag-cesta","tag-cestna-cyklistika","tag-cestny-bicykel","tag-cyklista","tag-cyklisticka-komunita","tag-cyklistika","tag-horska-cyklistika","tag-hory","tag-jazdec","tag-jazdenie","tag-les","tag-motivacia","tag-mtb","tag-vyjazd","global-categories-cycling"],"yoast_head":"<!-- This site is optimized with the Yoast SEO Premium plugin v25.3 (Yoast SEO v25.9) - https:\/\/yoast.com\/wordpress\/plugins\/seo\/ -->\n<title>MTB alebo cestn\u00e1 cyklistika? - \u0160koda We Love Cycling Slovensko<\/title>\n<meta name=\"robots\" content=\"index, follow, max-snippet:-1, max-image-preview:large, max-video-preview:-1\" \/>\n<link rel=\"canonical\" href=\"https:\/\/www.welovecycling.com\/sk\/2021\/03\/04\/mtb-alebo-cesta\/\" \/>\n<meta property=\"og:locale\" content=\"sk_SK\" \/>\n<meta property=\"og:type\" content=\"article\" \/>\n<meta property=\"og:title\" content=\"MTB alebo cestn\u00e1 cyklistika?\" \/>\n<meta property=\"og:description\" content=\"Horsk\u00fd alebo cestn\u00fd bicykel? MTB alebo cesta? Chcel by som nap\u00edsa\u0165, \u017ee t\u00e1to ot\u00e1zka je star\u00e1 ako \u013eudstvo sam\u00e9, ale [&hellip;]\" \/>\n<meta property=\"og:url\" content=\"https:\/\/www.welovecycling.com\/sk\/2021\/03\/04\/mtb-alebo-cesta\/\" \/>\n<meta property=\"og:site_name\" content=\"\u0160koda We Love Cycling Slovensko\" \/>\n<meta property=\"article:published_time\" content=\"2021-03-04T09:00:55+00:00\" \/>\n<meta property=\"og:image\" content=\"https:\/\/d2p6e6u75xmxt8.cloudfront.net\/4\/2021\/02\/MTB-alebo-cesta_00.webp\" \/>\n\t<meta property=\"og:image:width\" content=\"1380\" \/>\n\t<meta property=\"og:image:height\" content=\"600\" \/>\n\t<meta property=\"og:image:type\" content=\"image\/webp\" \/>\n<meta name=\"twitter:card\" content=\"summary_large_image\" \/>\n<meta name=\"twitter:label1\" content=\"Written by\" \/>\n\t<meta name=\"twitter:data1\" content=\"Radovan Vr\u0161ka\" \/>\n\t<meta name=\"twitter:label2\" content=\"Est. reading time\" \/>\n\t<meta name=\"twitter:data2\" content=\"3\" \/>\n<script type=\"application\/ld+json\" class=\"yoast-schema-graph\">{\"@context\":\"https:\/\/schema.org\",\"@graph\":[{\"@type\":\"WebPage\",\"@id\":\"https:\/\/www.welovecycling.com\/sk\/2021\/03\/04\/mtb-alebo-cesta\/\",\"url\":\"https:\/\/www.welovecycling.com\/sk\/2021\/03\/04\/mtb-alebo-cesta\/\",\"name\":\"MTB alebo cestn\u00e1 cyklistika? - \u0160koda We Love Cycling Slovensko\",\"isPartOf\":{\"@id\":\"https:\/\/www.welovecycling.com\/sk\/#website\"},\"primaryImageOfPage\":{\"@id\":\"https:\/\/www.welovecycling.com\/sk\/2021\/03\/04\/mtb-alebo-cesta\/#primaryimage\"},\"image\":{\"@id\":\"https:\/\/www.welovecycling.com\/sk\/2021\/03\/04\/mtb-alebo-cesta\/#primaryimage\"},\"thumbnailUrl\":\"https:\/\/d2p6e6u75xmxt8.cloudfront.net\/4\/2021\/02\/MTB-alebo-cesta_00.webp\",\"datePublished\":\"2021-03-04T09:00:55+00:00\",\"author\":{\"@id\":\"\"},\"breadcrumb\":{\"@id\":\"https:\/\/www.welovecycling.com\/sk\/2021\/03\/04\/mtb-alebo-cesta\/#breadcrumb\"},\"inLanguage\":\"sk-SK\",\"potentialAction\":[{\"@type\":\"ReadAction\",\"target\":[\"https:\/\/www.welovecycling.com\/sk\/2021\/03\/04\/mtb-alebo-cesta\/\"]}]},{\"@type\":\"ImageObject\",\"inLanguage\":\"sk-SK\",\"@id\":\"https:\/\/www.welovecycling.com\/sk\/2021\/03\/04\/mtb-alebo-cesta\/#primaryimage\",\"url\":\"https:\/\/d2p6e6u75xmxt8.cloudfront.net\/4\/2021\/02\/MTB-alebo-cesta_00.webp\",\"contentUrl\":\"https:\/\/d2p6e6u75xmxt8.cloudfront.net\/4\/2021\/02\/MTB-alebo-cesta_00.webp\",\"width\":1380,\"height\":600},{\"@type\":\"BreadcrumbList\",\"@id\":\"https:\/\/www.welovecycling.com\/sk\/2021\/03\/04\/mtb-alebo-cesta\/#breadcrumb\",\"itemListElement\":[{\"@type\":\"ListItem\",\"position\":1,\"name\":\"Home\",\"item\":\"https:\/\/www.welovecycling.com\/sk\/\"},{\"@type\":\"ListItem\",\"position\":2,\"name\":\"MTB alebo cestn\u00e1 cyklistika?\"}]},{\"@type\":\"WebSite\",\"@id\":\"https:\/\/www.welovecycling.com\/sk\/#website\",\"url\":\"https:\/\/www.welovecycling.com\/sk\/\",\"name\":\"\u0160koda We Love Cycling Slovensko\",\"description\":\"\u0160koda We Love Cycling Slovensko je v\u00e1\u0161 ka\u017edodenn\u00fd zdroj noviniek a in\u0161pir\u00e1cie z sveta cyklistiky\",\"potentialAction\":[{\"@type\":\"SearchAction\",\"target\":{\"@type\":\"EntryPoint\",\"urlTemplate\":\"https:\/\/www.welovecycling.com\/sk\/?s={search_term_string}\"},\"query-input\":{\"@type\":\"PropertyValueSpecification\",\"valueRequired\":true,\"valueName\":\"search_term_string\"}}],\"inLanguage\":\"sk-SK\"},{\"@type\":\"Person\",\"@id\":\"\",\"url\":\"https:\/\/www.welovecycling.com\/sk\/author\/\"}]}<\/script>\n<!-- \/ Yoast SEO Premium plugin. -->","yoast_head_json":{"title":"MTB alebo cestn\u00e1 cyklistika? - \u0160koda We Love Cycling Slovensko","robots":{"index":"index","follow":"follow","max-snippet":"max-snippet:-1","max-image-preview":"max-image-preview:large","max-video-preview":"max-video-preview:-1"},"canonical":"https:\/\/www.welovecycling.com\/sk\/2021\/03\/04\/mtb-alebo-cesta\/","og_locale":"sk_SK","og_type":"article","og_title":"MTB alebo cestn\u00e1 cyklistika?","og_description":"Horsk\u00fd alebo cestn\u00fd bicykel? MTB alebo cesta? Chcel by som nap\u00edsa\u0165, \u017ee t\u00e1to ot\u00e1zka je star\u00e1 ako \u013eudstvo sam\u00e9, ale [&hellip;]","og_url":"https:\/\/www.welovecycling.com\/sk\/2021\/03\/04\/mtb-alebo-cesta\/","og_site_name":"\u0160koda We Love Cycling Slovensko","article_published_time":"2021-03-04T09:00:55+00:00","og_image":[{"width":1380,"height":600,"url":"https:\/\/d2p6e6u75xmxt8.cloudfront.net\/4\/2021\/02\/MTB-alebo-cesta_00.webp","type":"image\/webp"}],"twitter_card":"summary_large_image","twitter_misc":{"Written by":"Radovan Vr\u0161ka","Est. reading time":"3"},"schema":{"@context":"https:\/\/schema.org","@graph":[{"@type":"WebPage","@id":"https:\/\/www.welovecycling.com\/sk\/2021\/03\/04\/mtb-alebo-cesta\/","url":"https:\/\/www.welovecycling.com\/sk\/2021\/03\/04\/mtb-alebo-cesta\/","name":"MTB alebo cestn\u00e1 cyklistika? - \u0160koda We Love Cycling Slovensko","isPartOf":{"@id":"https:\/\/www.welovecycling.com\/sk\/#website"},"primaryImageOfPage":{"@id":"https:\/\/www.welovecycling.com\/sk\/2021\/03\/04\/mtb-alebo-cesta\/#primaryimage"},"image":{"@id":"https:\/\/www.welovecycling.com\/sk\/2021\/03\/04\/mtb-alebo-cesta\/#primaryimage"},"thumbnailUrl":"https:\/\/d2p6e6u75xmxt8.cloudfront.net\/4\/2021\/02\/MTB-alebo-cesta_00.webp","datePublished":"2021-03-04T09:00:55+00:00","author":{"@id":""},"breadcrumb":{"@id":"https:\/\/www.welovecycling.com\/sk\/2021\/03\/04\/mtb-alebo-cesta\/#breadcrumb"},"inLanguage":"sk-SK","potentialAction":[{"@type":"ReadAction","target":["https:\/\/www.welovecycling.com\/sk\/2021\/03\/04\/mtb-alebo-cesta\/"]}]},{"@type":"ImageObject","inLanguage":"sk-SK","@id":"https:\/\/www.welovecycling.com\/sk\/2021\/03\/04\/mtb-alebo-cesta\/#primaryimage","url":"https:\/\/d2p6e6u75xmxt8.cloudfront.net\/4\/2021\/02\/MTB-alebo-cesta_00.webp","contentUrl":"https:\/\/d2p6e6u75xmxt8.cloudfront.net\/4\/2021\/02\/MTB-alebo-cesta_00.webp","width":1380,"height":600},{"@type":"BreadcrumbList","@id":"https:\/\/www.welovecycling.com\/sk\/2021\/03\/04\/mtb-alebo-cesta\/#breadcrumb","itemListElement":[{"@type":"ListItem","position":1,"name":"Home","item":"https:\/\/www.welovecycling.com\/sk\/"},{"@type":"ListItem","position":2,"name":"MTB alebo cestn\u00e1 cyklistika?"}]},{"@type":"WebSite","@id":"https:\/\/www.welovecycling.com\/sk\/#website","url":"https:\/\/www.welovecycling.com\/sk\/","name":"\u0160koda We Love Cycling Slovensko","description":"\u0160koda We Love Cycling Slovensko je v\u00e1\u0161 ka\u017edodenn\u00fd zdroj noviniek a in\u0161pir\u00e1cie z sveta cyklistiky","potentialAction":[{"@type":"SearchAction","target":{"@type":"EntryPoint","urlTemplate":"https:\/\/www.welovecycling.com\/sk\/?s={search_term_string}"},"query-input":{"@type":"PropertyValueSpecification","valueRequired":true,"valueName":"search_term_string"}}],"inLanguage":"sk-SK"},{"@type":"Person","@id":"","url":"https:\/\/www.welovecycling.com\/sk\/author\/"}]}},"_links":{"self":[{"href":"https:\/\/www.welovecycling.com\/sk\/wp-json\/wp\/v2\/posts\/11499","targetHints":{"allow":["GET"]}}],"collection":[{"href":"https:\/\/www.welovecycling.com\/sk\/wp-json\/wp\/v2\/posts"}],"about":[{"href":"https:\/\/www.welovecycling.com\/sk\/wp-json\/wp\/v2\/types\/post"}],"author":[{"embeddable":true,"href":"https:\/\/www.welovecycling.com\/sk\/wp-json\/wp\/v2\/users\/81"}],"replies":[{"embeddable":true,"href":"https:\/\/www.welovecycling.com\/sk\/wp-json\/wp\/v2\/comments?post=11499"}],"version-history":[{"count":2,"href":"https:\/\/www.welovecycling.com\/sk\/wp-json\/wp\/v2\/posts\/11499\/revisions"}],"predecessor-version":[{"id":11515,"href":"https:\/\/www.welovecycling.com\/sk\/wp-json\/wp\/v2\/posts\/11499\/revisions\/11515"}],"wp:featuredmedia":[{"embeddable":true,"href":"https:\/\/www.welovecycling.com\/sk\/wp-json\/wp\/v2\/media\/11501"}],"wp:attachment":[{"href":"https:\/\/www.welovecycling.com\/sk\/wp-json\/wp\/v2\/media?parent=11499"}],"wp:term":[{"taxonomy":"category","embeddable":true,"href":"https:\/\/www.welovecycling.com\/sk\/wp-json\/wp\/v2\/categories?post=11499"},{"taxonomy":"post_tag","embeddable":true,"href":"https:\/\/www.welovecycling.com\/sk\/wp-json\/wp\/v2\/tags?post=11499"},{"taxonomy":"global-categories","embeddable":true,"href":"https:\/\/www.welovecycling.com\/sk\/wp-json\/wp\/v2\/global-categories?post=11499"}],"curies":[{"name":"wp","href":"https:\/\/api.w.org\/{rel}","templated":true}]}}