{"id":11470,"date":"2021-03-23T10:00:35","date_gmt":"2021-03-23T09:00:35","guid":{"rendered":"https:\/\/www.welovecycling.com\/sk\/?p=11470"},"modified":"2021-03-22T08:29:25","modified_gmt":"2021-03-22T07:29:25","slug":"rozhovor-outdoormamas-aj-s-detmi-si-to-viete-poriadne-uzit","status":"publish","type":"post","link":"https:\/\/www.welovecycling.com\/sk\/2021\/03\/23\/rozhovor-outdoormamas-aj-s-detmi-si-to-viete-poriadne-uzit\/","title":{"rendered":"Rozhovor: Outdoormamas &#8211; aj s de\u0165mi si to viete poriadne u\u017ei\u0165"},"content":{"rendered":"<p><strong>Danka Arvay a Katka Laj\u010d\u00e1kov\u00e1 s\u00fa mamy, ktor\u00e9 spojila ich l\u00e1ska k de\u0165om, k \u0161portu a k pr\u00edrode. Ako toto spojenie vzniklo a ako pom\u00e1haj\u00fa \u010fal\u0161\u00edm akt\u00edvnym mami\u010dk\u00e1m, sa dozviete v dne\u0161nom rozhovore&#8230;<\/strong><!--more--><\/p>\n<p>Ako \u201cnov\u00e1\u010dik\u201d medzi mami\u010dkami som na diev\u010dat\u00e1 narazila na soci\u00e1lnej sieti, kde som h\u013eadala rady, ako akt\u00edvne tr\u00e1vi\u0165 s de\u0165mi \u010das v pr\u00edrode. Sna\u017e\u00edm sa u\u017e od prv\u00fdch t\u00fd\u017ed\u0148ov synovi ukazova\u0165 tento svet nie z displejov a spoza okna. Preto som si povedala, \u017ee najlep\u0161ie ich bude poriadne vyspoveda\u0165 \ud83d\ude0a.<\/p>\n<p><a href=\"https:\/\/d2p6e6u75xmxt8.cloudfront.net\/4\/2021\/02\/Rozhovor_-Outdoormamas_01.jpg\"><img loading=\"lazy\" decoding=\"async\" src=\"https:\/\/d2p6e6u75xmxt8.cloudfront.net\/4\/2021\/02\/Rozhovor_-Outdoormamas_01.jpg\" alt=\"\" width=\"1200\" height=\"800\" class=\"alignnone size-full wp-image-11473\" \/><\/a><\/p>\n<p><strong>Ahojte baby, sk\u00faste sa n\u00e1m tro\u0161ku predstavi\u0165&#8230; (pr\u00e1ca, deti, at\u010f. &#8211; pokojne sa rozp\u00ed\u0161te \ud83d\ude0a).<\/strong><br \/>\n<em>Ahoj, som Dana Arvay. M\u00e1m dve deti, chalanov &#8211; 6,5 ro\u010dn\u00e9ho a 3,5 ro\u010dn\u00e9ho. Som vy\u0161tudovan\u00e1 in\u017einierka statiky a na matersk\u00fa som odch\u00e1dzala ako ved\u00faca statick\u00e9ho oddelenia. Matersk\u00e1 mi v\u0161ak pomohla objavi\u0165 slovo mikromana\u017ement v celej svojej sile \ud83d\ude0a. Ak by som mala zhrn\u00fa\u0165 svoje z\u00e1\u013euby, tak asi by som stavila na troj kombo &#8211; cyklistika, lezenie a turistika. Oukej, asi aj ly\u017eovanie, ale to mi mrzn\u00fa nohy, a to nezn\u00e1\u0161am \ud83d\ude0a. Jazd\u00edm na biku od svojich 3 rokov takmer nonstop, aj pretek\u00e1rsky, leziem skoro dvadsa\u0165 rokov a turistiku mi v\u0161tepili do srdca moji rodi\u010dia na na\u0161ich potulk\u00e1ch po Slovensku sn\u00e1\u010f u\u017e od narodenia.<\/em> <\/p>\n<p><em>Ja som Katar\u00edna Laj\u010d\u00e1kov\u00e1 a som mama dvoch mal\u00fdch diev\u010dat (6,5 ro\u010dnej a 3,5 ro\u010dnej). Vy\u0161tudovala som produktov\u00fd dizajn, ale u\u017e po\u010das vysokej \u0161koly som sa orientovala hlavne na textiln\u00e9 produkty v \u0161portovom odvetv\u00ed. Profesne som pracovala ako dizajn\u00e9r funk\u010dn\u00e9ho oble\u010denia a doplnkov pre zahrani\u010dn\u00e9 a slovensk\u00e9 zna\u010dky. \u010ci\u017ee sa mi podarilo sk\u013abi\u0165 moje dve ve\u013ek\u00e9 z\u00e1\u013euby &#8211; \u0161port a dizajn, a z pr\u00e1ce sa stalo aj hobby a naopak. Zo \u0161portov je m\u00f4jmu srdcu najbli\u017e\u0161\u00ed skialp, bike, turistika a lezenie. V podstate ale ak\u00fdko\u013evek pohyb, ide\u00e1lne na \u010derstvom vzduchu, je pre moju du\u0161u a telo balzamom. Nebolo to ale v\u017edy tak, v\u0161eobecne som sk\u00f4r \u0161portov\u00fd antitalent, ke\u010f mi hod\u00edte loptu, v\u00e4\u010d\u0161inou ju nechyt\u00edm \ud83d\ude0a. \u0160portu som sa intenz\u00edvnej\u0161ie za\u010dala naozaj venova\u0165 a\u017e ako 20 ro\u010dn\u00e1, kedy som sa v\u010faka pohybu dostala zo zdravotn\u00fdch probl\u00e9mov a u\u017e sa z toho stala (pozit\u00edvna) z\u00e1vislos\u0165.<\/em><\/p>\n<p><a href=\"https:\/\/d2p6e6u75xmxt8.cloudfront.net\/4\/2021\/02\/Rozhovor_-Outdoormamas_02.jpg\"><img loading=\"lazy\" decoding=\"async\" src=\"https:\/\/d2p6e6u75xmxt8.cloudfront.net\/4\/2021\/02\/Rozhovor_-Outdoormamas_02.jpg\" alt=\"\" width=\"1200\" height=\"800\" class=\"alignnone size-full wp-image-11474\" \/><\/a><\/p>\n<p><strong>Kde ste sa spoznali?<\/strong><br \/>\n<strong>D:<\/strong><em> S Katkou sme sa prv\u00fdkr\u00e1t videli na jednej lezeckej stene v Bratislave. Ako Katka vrav\u00ed \u201cl\u00e1ska na prv\u00fd poh\u013ead\u201d. Vymenili sme si \u010d\u00edsla, \u017ee za\u010dneme spolu chodi\u0165 liez\u0165, \u010do sa nikdy nestalo \ud83d\ude0a. Za to sme v\u0161ak vytvorili spolo\u010dn\u00fd projekt &#8211; komunitu Outdoormamas.<\/em> <\/p>\n<p><strong>K:<\/strong><em> \u00c1no, ako vrav\u00ed Danka, stretli sa n\u00e1m poh\u013eady na lezeckej stene, obe sme vtedy mali \u201clen\u201d po jednom die\u0165ati, ktor\u00e9 n\u00e1m viseli na nohe. Liez\u0165 sme spolu s\u00edce neboli asi nikdy, ale pravidelne sme sa odvtedy stret\u00e1vali na prech\u00e1dzkach v lese, \u010di bike tripoch po Karpatoch.<\/em><\/p>\n<p><a href=\"https:\/\/d2p6e6u75xmxt8.cloudfront.net\/4\/2021\/02\/Rozhovor_-Outdoormamas_04.jpg\"><img loading=\"lazy\" decoding=\"async\" src=\"https:\/\/d2p6e6u75xmxt8.cloudfront.net\/4\/2021\/02\/Rozhovor_-Outdoormamas_04.jpg\" alt=\"\" width=\"1200\" height=\"800\" class=\"alignnone size-full wp-image-11475\" \/><\/a><\/p>\n<h2><strong>Za\u010diatky<\/strong><\/h2>\n<p><strong>Kedy ste za\u010dali so spolo\u010dnou aktivitou a \u010do boli impulzy na jej spustenie?<\/strong><br \/>\n<strong>D:<\/strong> <em>Ono sa to tak postupne tvorilo. Na za\u010diatku sme chodili sam\u00e9 a potom spolu. Ke\u010f sme sem tam na soci\u00e1lnych sie\u0165ach p\u00edsali o na\u0161ich v\u00fdletoch, reakcie ako \u201cneviem si to predstavi\u0165 s de\u0165mi\u201d, \u201cneviem ako\u201d, \u201cneodva\u017eujem sa\u201d, n\u00e1s presved\u010dili, \u017ee komunita na vz\u00e1jomn\u00fa podporu aktiv\u00edt v hor\u00e1ch bude dobr\u00fd n\u00e1pad. A tak vzniklo Outdoormamas \ud83d\ude0a.<\/em><\/p>\n<p><strong>K:<\/strong> <em>Prv\u00e9 chrob\u00e1ky v hlave n\u00e1m za\u010dali v\u0155ta\u0165 po na\u0161om zimnom nieko\u013ekod\u0148ovom v\u00fdjazde s de\u0165mi na Popradsk\u00e9 pleso (2 mamy, 4 deti, 2 batohy, 2 boby a vlak). Toto bol tak\u00fd absurdn\u00fd a z\u00e1bavn\u00fd &#8222;z\u00e1hul&#8220; a tak n\u00e1s nakopol, nielen v aktivit\u00e1ch s de\u0165mi, ale in\u0161piroval n\u00e1s a dal n\u00e1m gur\u00e1\u017e aj \u010falej do \u017eivota ako tak\u00e9ho. Proste t\u00e1 euf\u00f3ria a sebavedomie, \u017ee sme to zvl\u00e1dli a u\u017eili sme si to, n\u00e1s dr\u017eala e\u0161te dlho potom. Za\u010dali na to pozit\u00edvne reagova\u0165 \u010fal\u0161ie maminy, tak sme si povedali, \u017ee bola by \u0161koda nemotivova\u0165 a nein\u0161pirova\u0165 v tomto smere aj \u010falej.<\/em><\/p>\n<p><a href=\"https:\/\/d2p6e6u75xmxt8.cloudfront.net\/4\/2021\/02\/Rozhovor_-Outdoormamas_06.jpg\"><img loading=\"lazy\" decoding=\"async\" src=\"https:\/\/d2p6e6u75xmxt8.cloudfront.net\/4\/2021\/02\/Rozhovor_-Outdoormamas_06.jpg\" alt=\"\" width=\"1200\" height=\"800\" class=\"alignnone size-full wp-image-11476\" \/><\/a><\/p>\n<p><strong>Povedzte n\u00e1m, pros\u00edm, \u010do je cie\u013eom tejto va\u0161ej aktivity?<\/strong><br \/>\n<strong>D:<\/strong> <em>Cie\u013eom je vz\u00e1jomne podporova\u0165, in\u0161pirova\u0165, informova\u0165 a pom\u00e1ha\u0165 \u017een\u00e1m a rodin\u00e1m s de\u0165mi. Tento projekt vznikol pre to, aby in\u0161piroval matky, aby na\u0161li v sebe silu a odvahu \u2013 zobra\u0165 deti a \u00eds\u0165 von, do lesa, do pr\u00edrody, do h\u00f4r. Napr\u00edklad na turistiku, cyklistiku, jednoduch\u00e9 prech\u00e1dzky, objavovanie, cestovanie. A cez komunitn\u00fa podporu a zdie\u013ean\u00e9 inform\u00e1cie vedia kam a ako do pr\u00edrody chodi\u0165. Tento projekt je o tom uk\u00e1za\u0165 ostatn\u00fdm matk\u00e1m, \u017ee je d\u00f4le\u017eit\u00e9, aby robili veci, ktor\u00e9 ich nap\u013a\u0148aj\u00fa, ktor\u00e9 maj\u00fa radi. Preto\u017ee \u0161\u0165astn\u00e1 mama \u2013 \u0161\u0165astn\u00e9 die\u0165a \ud83d\ude0a.<\/em> <\/p>\n<p><strong>K:<\/strong> <em>Danka to nap\u00edsala a vystihla \u00faplne dokonale, nem\u00e1m \u010do doda\u0165 \ud83d\ude0a. Howgh, \u010di ako sa to hovori?<\/em><\/p>\n<p><a href=\"https:\/\/d2p6e6u75xmxt8.cloudfront.net\/4\/2021\/02\/Rozhovor_-Outdoormamas_07.jpg\"><img loading=\"lazy\" decoding=\"async\" src=\"https:\/\/d2p6e6u75xmxt8.cloudfront.net\/4\/2021\/02\/Rozhovor_-Outdoormamas_07.jpg\" alt=\"\" width=\"1200\" height=\"800\" class=\"alignnone size-full wp-image-11477\" \/><\/a><\/p>\n<h2><strong>Pl\u00e1ny<\/strong><\/h2>\n<p><strong>Ak\u00e9 s\u00fa va\u0161e pl\u00e1ny v r\u00e1mci Outdoormamas do bud\u00facna?<\/strong><br \/>\n<strong>D:<\/strong> <em>Neviem, \u010di vystihnem v\u0161etky pl\u00e1ny \ud83d\ude0a, ale ur\u010dite chceme roz\u0161\u00edri\u0165 na\u0161u webov\u00fa platformu na siln\u00fd port\u00e1l pln\u00fd pou\u017eite\u013en\u00fdch inform\u00e1ci\u00ed na v\u0161etk\u00fdch \u00farovniach, ktor\u00e9 \u010dlovek, \u010do chce \u00eds\u0165 do pr\u00edrody s de\u0165mi, m\u00f4\u017ee potrebova\u0165. Kr\u00e1sne n\u00e1m rastie a roz\u0161iruje sa aj samotn\u00e1 komunita, ktor\u00e1 akt\u00edvne zdru\u017euje \u017eeny na soci\u00e1lnej sieti. Komunita je ve\u013emi \u017eiv\u00e1 a pr\u00edspevkami sa to denne len tak hm\u00fdri, \u010do n\u00e1s akt\u00edvne pos\u00fava \u010falej. Minul\u00fd rok sa n\u00e1m nepodarilo realizova\u0165 Outdoormamas eventy, ktor\u00e9 boli ve\u013emi \u00faspe\u0161n\u00e9, uvid\u00edme ako tento rok, ale ur\u010dite zop\u00e1r eventov po Slovensku urob\u00edme.<\/em><\/p>\n<p><strong>K:<\/strong> <em>Ur\u010dite sa te\u0161\u00edme, ke\u010f sa trvalo stabilizuje cel\u00e1 situ\u00e1cia posledn\u00e9ho roka a bez ob\u00e1v u\u017e budeme m\u00f4c\u0165 rozbehn\u00fa\u0165 zase Outdoormamas eventy a aktivity aj v offline svete. Tam sa n\u00e1m \u010drt\u00e1 ve\u013ea pl\u00e1nov, n\u00e1padov aj kr\u00e1snych spolupr\u00e1c. Tie\u017e chceme vylep\u0161i\u0165 a zdokonali\u0165 n\u00e1\u0161 web o viacer\u00e9 funkcie a mo\u017enosti, ktor\u00fdm sa ur\u010dite pote\u0161ia nielen outdoormamy a outdoortatovia. Na podporu na\u0161ej \u010dinnosti a OZ sme rozbehli aj mal\u00fd <a href=\"https:\/\/shop.outdoormamas.sk\/index.php\" rel=\"noopener\" target=\"_blank\">Outdoormamas e-shop<\/a>, s origin\u00e1lnymi produktami \u201cdesigned by Outdoormamas\u201d. Komunita outdoorm\u00e1m je \u00fa\u017easn\u00e1 a ve\u013ea vec\u00ed sa n\u00e1m vypred\u00e1 za p\u00e1r dn\u00ed, tak\u017ee je \u010dasto polopr\u00e1zdny, k\u00fdm \u010dak\u00e1 na doskladnenie. Toto je asi najv\u00e4\u010d\u0161ia v\u00fdzva pre bl\u00edzku bud\u00facnos\u0165.<\/em> <\/p>\n<p><a href=\"https:\/\/d2p6e6u75xmxt8.cloudfront.net\/4\/2021\/03\/Rozhovor_-Outdoormamas_09.jpg\"><img loading=\"lazy\" decoding=\"async\" src=\"https:\/\/d2p6e6u75xmxt8.cloudfront.net\/4\/2021\/03\/Rozhovor_-Outdoormamas_09.jpg\" alt=\"\" width=\"1200\" height=\"800\" class=\"alignnone size-full wp-image-11588\" \/><\/a><\/p>\n<p><strong>Tak a po\u010fme sa pozrie\u0165 na to, ako sa zmenil v\u00e1\u0161 \u017eivot po pr\u00edchode det\u00ed?<\/strong><br \/>\n<strong>D:<\/strong> <em>Jedn\u00fdm slovom? \u00daplne \ud83d\ude0a. Hlavne som sa nau\u010dila vidie\u0165 ve\u013ea v malom. Len deti dok\u00e1\u017eu \u010dloveku spravi\u0165 z pol hodinovej prech\u00e1dzky v\u00fdstup na Everest, aj s bojom o pre\u017eitie \ud83d\ude0a. Ale teraz v\u00e1\u017ene. M\u00f4j \u017eivot sa zmenil kompletne. To je tak, ke\u010f sa zameranie na \u201cm\u0148a\u201d zmen\u00ed na \u201cmy\u201d. Nebolo to v\u017edy jednoduch\u00e9 a vesel\u00e9, hlavne na za\u010diatku, ale pr\u00e1ve pohyb v lese a pr\u00edrode ma udr\u017eal pri zdrav\u00fdch zmysloch \ud83d\ude0a. Tam som to bola zase ja, aj ke\u010f s mastn\u00fdmi vlasmi, kruhmi pod o\u010dami a odr\u00e1\u017eadlom v jednej ruke a vreckom pou\u017eit\u00fdch plienok v druhej.<\/em> <\/p>\n<p><strong>K:<\/strong> <em>Prestala som to by\u0165 \u201cja\u201d a za\u010dali sme byt \u201cmy\u201d. Pre m\u0148a osobne to v\u0161ak nebol a\u017e tak\u00fd \u0161ok \ud83d\ude0a. Prv\u00fa dc\u00e9ru som mala na dne\u0161n\u00e9 pomery relat\u00edvne mlad\u00e1, \u010di\u017ee som bola e\u0161te ve\u013emi flexibiln\u00e1 prisp\u00f4sobiv\u00e1 \ud83d\ude0a. Ona bola od narodenia ve\u013emi pohodov\u00e9 die\u0165a, \u010di\u017ee u\u017e t\u00fd\u017ede\u0148 po p\u00f4rode sme s \u0148ou podnikali krat\u0161ie \u010di dlh\u0161ie ko\u010d\u00edkov\u00e9 vych\u00e1dzky po Karpatoch. <\/p>\n<p>Nesk\u00f4r pribudli aj in\u00e9 v\u00fdlety, turistiky, bicyklova\u010dky, lezeck\u00e9 v\u00fdjazdy, dokonca aj na ly\u017ee sme ju so sebou (bezpe\u010dne) p\u00e1rkr\u00e1t zobrali. Pre m\u0148a bol \u017eivot s prv\u00fdm die\u0165a\u0165om rovnako akt\u00edvny ako predt\u00fdm, len sa trochu zmenil druh a \u0161trukt\u00fara aktiv\u00edt. S dvoma de\u0165mi to u\u017e bolo zlo\u017eitej\u0161ie, lebo dve deti neodnesiem, tie\u017e sa u\u017e n\u00e1roky a potreby det\u00ed zdvojn\u00e1sobili, a tak sme tie aktivity museli spomali\u0165 a prisp\u00f4sobi\u0165 e\u0161te viac prvorodenej, aby ich zvl\u00e1dla u\u017e na vlastn\u00fdch noh\u00e1ch. Teda okrem bicykla, tam sa dalo zviez\u0165 obe deti. Ten ma \u010dastokr\u00e1t zachr\u00e1nil.<\/em><\/p>\n<div id='gallery-1' class='gallery galleryid-11470 gallery-columns-2 gallery-size-full'><figure class='gallery-item'>\n\t\t\t<div class='gallery-icon landscape'>\n\t\t\t\t<a href='https:\/\/d2p6e6u75xmxt8.cloudfront.net\/4\/2021\/02\/Rozhovor_-Outdoormamas_10.webp'><img loading=\"lazy\" decoding=\"async\" width=\"1200\" height=\"1170\" src=\"https:\/\/d2p6e6u75xmxt8.cloudfront.net\/4\/2021\/02\/Rozhovor_-Outdoormamas_10.webp\" class=\"attachment-full size-full\" alt=\"\" srcset=\"https:\/\/d2p6e6u75xmxt8.cloudfront.net\/4\/2021\/02\/Rozhovor_-Outdoormamas_10.webp 1200w, https:\/\/d2p6e6u75xmxt8.cloudfront.net\/4\/2021\/02\/Rozhovor_-Outdoormamas_10-300x293.webp 300w, https:\/\/d2p6e6u75xmxt8.cloudfront.net\/4\/2021\/02\/Rozhovor_-Outdoormamas_10-1024x998.webp 1024w, https:\/\/d2p6e6u75xmxt8.cloudfront.net\/4\/2021\/02\/Rozhovor_-Outdoormamas_10-768x749.webp 768w\" sizes=\"auto, (max-width: 1200px) 100vw, 1200px\" \/><\/a>\n\t\t\t<\/div><\/figure><figure class='gallery-item'>\n\t\t\t<div class='gallery-icon landscape'>\n\t\t\t\t<a href='https:\/\/d2p6e6u75xmxt8.cloudfront.net\/4\/2021\/02\/Rozhovor_-Outdoormamas_11.webp'><img loading=\"lazy\" decoding=\"async\" width=\"1200\" height=\"1170\" src=\"https:\/\/d2p6e6u75xmxt8.cloudfront.net\/4\/2021\/02\/Rozhovor_-Outdoormamas_11.webp\" class=\"attachment-full size-full\" alt=\"\" srcset=\"https:\/\/d2p6e6u75xmxt8.cloudfront.net\/4\/2021\/02\/Rozhovor_-Outdoormamas_11.webp 1200w, https:\/\/d2p6e6u75xmxt8.cloudfront.net\/4\/2021\/02\/Rozhovor_-Outdoormamas_11-300x293.webp 300w, https:\/\/d2p6e6u75xmxt8.cloudfront.net\/4\/2021\/02\/Rozhovor_-Outdoormamas_11-1024x998.webp 1024w, https:\/\/d2p6e6u75xmxt8.cloudfront.net\/4\/2021\/02\/Rozhovor_-Outdoormamas_11-768x749.webp 768w\" sizes=\"auto, (max-width: 1200px) 100vw, 1200px\" \/><\/a>\n\t\t\t<\/div><\/figure>\n\t\t<\/div>\n\n<p><strong>Ke\u010f\u017ee sme port\u00e1l zameran\u00fd na cyklistiku, tak sa jej po\u010fme viac povenova\u0165&#8230;Tak\u017ee \u010do vy a bicykel? (pred\/s de\u0165mi)<\/strong><br \/>\n<strong>D:<\/strong> <em>Ja a bicykel sme asi ve\u010dn\u00e1 l\u00e1ska. Aj ke\u010f som kedysi zo zdravotn\u00fdch d\u00f4vodov cestn\u00fa cyklistiku na p\u00e1r rokov preru\u0161ila, v mene lezenia, op\u00e4\u0165 som sa k cyklistike vr\u00e1tila v \u00faplne inej sile a ostalo mi to doteraz. Venujem sa hlavne MTB. Jazdenie v lese je presne to, \u010do moja du\u0161a potrebuje &#8211; spojenie \u0161portu a h\u00f4r. S man\u017eelom, s ktor\u00fdm sme sa spoznali na jednom slovenskom marat\u00f3ne, sme teda predov\u0161etk\u00fdm cyklisti, o \u010dom by mohol rozpr\u00e1va\u0165 n\u00e1\u0161 dom s deviatimi bicyklami. <\/p>\n<p>Cyklistika pred a s de\u0165mi? Nepam\u00e4t\u00e1m si, \u017ee by som pred de\u0165mi chodila s nalo\u017eenou cykloseda\u010dkou a cyklovoz\u00edkom naraz, a na cyklovoz\u00edku e\u0161te priviazan\u00fd detsk\u00fd bicykel. To s\u00fa tie perly \u017eivota, ktor\u00e9 spozn\u00e1\u0161 a\u017e s de\u0165mi \ud83d\ude0a.<\/em><\/p>\n<p><strong>K:<\/strong> <em>Pri spomienke na moje bikersk\u00e9 za\u010diatky sa mus\u00edm zasmia\u0165 \ud83d\ude0a. S\u00edce som bicyklovala od detstva, ale tak klasicky, ako asi ka\u017ed\u00fd. Proste vedela som to\u010di\u0165 ped\u00e1lmi, za\u0161\u013eapa\u0165 do kopca, brzdi\u0165, prejs\u0165 viac \u010di menej kilometrov. Zmena nastala, ke\u010f som za\u010dala randi\u0165 s nov\u00fdm priate\u013eom (teraz u\u017e moj\u00edm mu\u017eom a na\u0161\u00edm outdoortatom), ktor\u00fd bol ve\u013ek\u00fd \u0161portovec a za\u010dal ma vl\u00e1\u010di\u0165 na biku po Karpatoch. Vtedy som prv\u00fdkr\u00e1t zistila, \u010do je to singl\u00e1\u010d \ud83d\ude0a. Mala som tak\u00fd oby\u010dajn\u00fd trekov\u00fd bicykel, s ve\u013emi plytk\u00fdm dez\u00e9nom a \u00fazkymi gumami, proste v\u0161etko len nie ide\u00e1l. <\/p>\n<p>Pam\u00e4t\u00e1m si, ako som p\u00e1rkr\u00e1t od zlosti a frustr\u00e1cie z vlastnej ne\u0161ikovnosti ten bicykel doslova aj tresla o zem \ud83d\ude0a. No ale napriek v\u0161etk\u00e9mu som si bike v kopcoch zamilovala, na\u0161etrila si na horsk\u00fd a u\u017e ma to nepustilo. S\u00edce \u010do sa t\u00fdka techniky st\u00e1le sa m\u00e1m \u010do u\u010di\u0165 a zlep\u0161ova\u0165, som od povahy sk\u00f4r bojazliv\u00e1, \u010di\u017ee v \u0165a\u017e\u0161om ter\u00e9ne vol\u00edm \u013eah\u0161iu cestu, t.j.zost\u00fapi\u0165. Podstatn\u00e1 je v\u0161ak pre m\u0148a rados\u0165 pri jazde a v\u00f4la na sebe pracova\u0165 a zlep\u0161ova\u0165 sa. Bicykel pre m\u0148a ale nie je iba \u0161portov\u00fd n\u00e1stroj. Ale aj plnohodnotn\u00fd dopravn\u00fd prostriedok. Na bicykli som sa prepravovala v be\u017enom \u017eivote po\u010das \u0161t\u00fadi\u00ed v D\u00e1nsku, aj pr\u00e1ce vo \u0160vaj\u010diarsku a Nemecku. Dennodenne, za ka\u017ed\u00e9ho po\u010dasia a podmienok. V lejaku, v snehu, po \u013eade. <\/p>\n<p>Boli to \u00fa\u017easn\u00e9 sk\u00fasenosti, lebo som videla, \u017ee takto funguj\u00fa aj in\u00ed \u013eudia. Neexistuje zl\u00e9 po\u010dasie, len zl\u00e1 v\u00fdbava. T\u00fdmto som sa riadila a st\u00e1le riadim aj pri de\u0165och. M\u00e1me to \u0161\u0165astie, \u017ee b\u00fdvame v malom meste\u010dku, kde sa d\u00e1 v\u0161etko obeha\u0165 na bicykli. Do \u0161k\u00f4lky, obchodov, v\u0161ade som chodila a chod\u00edm s de\u0165mi na bicykli. Aj v zime, aj v snehu a da\u017edi. Ke\u010f boli mal\u00e9, jedno die\u0165a som mala v cyklovoz\u00edku, druh\u00e9 v cykloseda\u010dke. <\/p>\n<p>C\u00edtila som sa ako n\u00e1kladn\u00e1 lokomot\u00edva. Teraz je to u\u017e \u013eahk\u00e9 a r\u00fdchle, star\u0161ia dc\u00e9ra je u\u017e sk\u00fasen\u00fd a samostatn\u00fd cyklista, mlad\u0161ia sed\u00ed spokojne v cykloseda\u010dke. Ale na tie na\u0161e za\u010diatky ve\u013emi rada spom\u00ednam. To boli tak\u00e9 extr\u00e9mne z\u00e1\u017eitky v be\u017enom \u017eivote.<\/em><\/p>\n<p><a href=\"https:\/\/d2p6e6u75xmxt8.cloudfront.net\/4\/2021\/02\/Rozhovor_-Outdoormamas_12.jpg\"><img loading=\"lazy\" decoding=\"async\" src=\"https:\/\/d2p6e6u75xmxt8.cloudfront.net\/4\/2021\/02\/Rozhovor_-Outdoormamas_12.jpg\" alt=\"\" width=\"1200\" height=\"800\" class=\"alignnone size-full wp-image-11482\" \/><\/a><\/p>\n<p><strong>Z\u00fa\u010dastnili ste sa aj na nejak\u00fdch pretekoch?<\/strong><br \/>\n<strong>D:<\/strong> <em>Pred de\u0165mi som jazdila MTB marat\u00f3ny &#8211; cel\u00fa slovensk\u00fa s\u00e9riu i po Eur\u00f3pe. Napr\u00edklad Salzkammergut v Rak\u00fasku \u010di Grand Raid vo \u0160vaj\u010diarsku. Jeden rok som sa v celoslovenskej s\u00e9rii umiestnila druh\u00e1. Sem tam som i\u0161la aj niektor\u00e9 cestn\u00e9 marat\u00f3ny, \u010di \u010dasovky do vrchu.<\/em><br \/>\n<strong>K:<\/strong> <em>Jedin\u00fd m\u00f4j pretek b\u00fdval kamar\u00e1tsky triatlon, kde to bolo viac o z\u00e1bave ako pretekan\u00ed \ud83d\ude0a<\/em>  <\/p>\n<p><strong>Detsk\u00e1 Tour Petra Sagana &#8211; sk\u00fasili si va\u0161e deti niekedy podobn\u00fa aktivitu?<\/strong><br \/>\n<strong>D:<\/strong> <em>Moje deti e\u0161te nie, ale viem o tejto Tour a ver\u00edm, \u017ee ke\u010f chalani podrast\u00fa, p\u00f4jdu si to vysk\u00fa\u0161a\u0165 \ud83d\ude0a.<\/em><\/p>\n<p><strong>K:<\/strong> <em>E\u0161te sme nesk\u00fasili, ale ak v\u0161ak na\u0161e deti vyjadria z\u00e1ujem o \u00fa\u010das\u0165 na pretekoch, hocijak\u00e9ho druhu, ur\u010dite a s rados\u0165ou ich podpor\u00edme.<\/em><\/p>\n<p><a href=\"https:\/\/d2p6e6u75xmxt8.cloudfront.net\/4\/2021\/02\/Rozhovor_-Outdoormamas_14.jpg\"><img loading=\"lazy\" decoding=\"async\" src=\"https:\/\/d2p6e6u75xmxt8.cloudfront.net\/4\/2021\/02\/Rozhovor_-Outdoormamas_14.jpg\" alt=\"\" width=\"1200\" height=\"800\" class=\"alignnone size-full wp-image-11483\" \/><\/a><br \/>\n<strong>Ako sa d\u00e1 vyrazi\u0165 na bicykel s de\u0165mi a nezbl\u00e1zni\u0165 sa?<\/strong><br \/>\n<strong>D:<\/strong> <em>To \u0165a proste mus\u00ed bavi\u0165. Samotn\u00e9 v\u00fdletovanie s de\u0165mi je \u201cmal\u00e9 peklo\u201d \ud83d\ude0a, a na bicykli to vie by\u0165 e\u0161te v\u00e4\u010d\u0161ia pr\u010da. Motivovanie, animovanie, ve\u013ek\u00e1 z\u00e1soba motiva\u010dn\u00e9ho proviantu a \u017eelezn\u00e1 dobr\u00e1 n\u00e1lada. Ke\u010f to v\u0161ak die\u0165a bav\u00ed, tak spolo\u010dn\u00e9 bikovanie m\u00f4\u017ee by\u0165 ve\u013emi pr\u00edjemn\u00e9. Bike vie de\u0165om uk\u00e1za\u0165 in\u00fa perspekt\u00edvu niekam sa dosta\u0165, nie\u010do vidie\u0165 \u010di za\u017ei\u0165. Niekedy je skuto\u010dne \u00fa\u017easn\u00e9, ke\u010f to die\u0165a objavuje s vami. Napr\u00edklad pekn\u00fd zjazd alebo nov\u00fd bufet \ud83d\ude0a.<\/em><\/p>\n<p><strong>K:<\/strong> <em>Ja pr\u00e1ve\u017ee vyr\u00e1\u017eam na bicykel s de\u0165mi, aby som sa nezbl\u00e1znila (doma) \ud83d\ude0a. Na bicykli n\u00e1m ide v\u0161etko spolu \u013eah\u0161ie. M\u0148a to bav\u00ed, deti to bav\u00ed, je to proste super str\u00e1ven\u00fd \u010das. T\u00fdm, \u017ee na bicykli s de\u0165mi b\u00fdvam v r\u00e1mci presunov skoro denne, je to pre n\u00e1s tak\u00e9 prirodzen\u00e9 ako ch\u00f4dza. Ke\u010f ideme na v\u00fdlet, u\u017e viem \u010do zbali\u0165, \u010do nezbali\u0165. Som z\u00e1stanca minimalizmu, \u010do nem\u00e1m, to mi nech\u00fdba. Podstatn\u00e9 je pri bicyklovan\u00ed s de\u0165mi, nema\u0165 o\u010dak\u00e1vania o neru\u0161enej plynulej jazde, splnen\u00ed \u010dasov\u00e9ho limitu a podobne. <\/p>\n<p>Vtedy si to naozaj vieme u\u017ei\u0165. Plynieme, niekedy r\u00fdchlej\u0161ie, niekedy pomal\u0161ie. I ke\u010f star\u0161ia dc\u00e9ra je u\u017e tak vybicyklovan\u00e1, \u017ee je z nej naozaj dobr\u00e1 par\u0165\u00e1\u010dka a tak v\u00e4\u010d\u0161inou u\u017e plynieme celkom r\u00fdchlo. A e\u0161te som zabudla &#8211; d\u00f4le\u017eit\u00fd je zmysel pre dobrodru\u017estvo \ud83d\ude0a. Tak v\u00e1s potom nerozhod\u00ed neo\u010dak\u00e1van\u00e1 preh\u00e1nka, minutie posledn\u00fdch z\u00e1sob jedla, zabudnut\u00e1 f\u013ea\u0161a vody, \u010di dve flauty v batohu namiesto repair kitu a pumpy (a \u00e1no, ako na potvoru akur\u00e1t vtedy, ke\u010f dostanete defekt).<\/em><\/p>\n<div id='gallery-2' class='gallery galleryid-11470 gallery-columns-2 gallery-size-full'><figure class='gallery-item'>\n\t\t\t<div class='gallery-icon landscape'>\n\t\t\t\t<a href='https:\/\/d2p6e6u75xmxt8.cloudfront.net\/4\/2021\/02\/Rozhovor_-Outdoormamas_15.webp'><img loading=\"lazy\" decoding=\"async\" width=\"1200\" height=\"800\" src=\"https:\/\/d2p6e6u75xmxt8.cloudfront.net\/4\/2021\/02\/Rozhovor_-Outdoormamas_15.webp\" class=\"attachment-full size-full\" alt=\"\" srcset=\"https:\/\/d2p6e6u75xmxt8.cloudfront.net\/4\/2021\/02\/Rozhovor_-Outdoormamas_15.webp 1200w, https:\/\/d2p6e6u75xmxt8.cloudfront.net\/4\/2021\/02\/Rozhovor_-Outdoormamas_15-300x200.webp 300w, https:\/\/d2p6e6u75xmxt8.cloudfront.net\/4\/2021\/02\/Rozhovor_-Outdoormamas_15-1024x683.webp 1024w, https:\/\/d2p6e6u75xmxt8.cloudfront.net\/4\/2021\/02\/Rozhovor_-Outdoormamas_15-768x512.webp 768w, https:\/\/d2p6e6u75xmxt8.cloudfront.net\/4\/2021\/02\/Rozhovor_-Outdoormamas_15-272x182.webp 272w\" sizes=\"auto, (max-width: 1200px) 100vw, 1200px\" \/><\/a>\n\t\t\t<\/div><\/figure><figure class='gallery-item'>\n\t\t\t<div class='gallery-icon landscape'>\n\t\t\t\t<a href='https:\/\/d2p6e6u75xmxt8.cloudfront.net\/4\/2021\/02\/Rozhovor_-Outdoormamas_16.webp'><img loading=\"lazy\" decoding=\"async\" width=\"1200\" height=\"800\" src=\"https:\/\/d2p6e6u75xmxt8.cloudfront.net\/4\/2021\/02\/Rozhovor_-Outdoormamas_16.webp\" class=\"attachment-full size-full\" alt=\"\" srcset=\"https:\/\/d2p6e6u75xmxt8.cloudfront.net\/4\/2021\/02\/Rozhovor_-Outdoormamas_16.webp 1200w, https:\/\/d2p6e6u75xmxt8.cloudfront.net\/4\/2021\/02\/Rozhovor_-Outdoormamas_16-300x200.webp 300w, https:\/\/d2p6e6u75xmxt8.cloudfront.net\/4\/2021\/02\/Rozhovor_-Outdoormamas_16-1024x683.webp 1024w, https:\/\/d2p6e6u75xmxt8.cloudfront.net\/4\/2021\/02\/Rozhovor_-Outdoormamas_16-768x512.webp 768w, https:\/\/d2p6e6u75xmxt8.cloudfront.net\/4\/2021\/02\/Rozhovor_-Outdoormamas_16-272x182.webp 272w\" sizes=\"auto, (max-width: 1200px) 100vw, 1200px\" \/><\/a>\n\t\t\t<\/div><\/figure>\n\t\t<\/div>\n\n<h2><strong>Bike a 2 deti &#8211; ide to dokopy?<\/strong><\/h2>\n<p><strong>Vie \u00eds\u0165 \u017eena sama na bicykel aj s dvoma de\u0165mi?<\/strong><br \/>\n<strong>D:<\/strong> <em>\u00c1no vie, aj ke\u010f to u\u017e vy\u017eaduje trochu odhodlania. Minul\u00fd rok sme si s Katkou vysk\u00fa\u0161ali tak\u00fdto viacd\u0148ov\u00fd v\u00fdlet s oboma na\u0161imi deckami a plne nabalen\u00e9 do cyklovoz\u00edkov. Pre\u0161li sme cyklocestu pozd\u013a\u017e Ba\u0165ovho kan\u00e1la na Morave. Star\u0161ie deti \u0161li \u010das\u0165 dennej cesty sam\u00e9 na bikoch a \u010das\u0165 sme \u0165ahali cel\u00fd cirkus my. Bola to celkom odv\u00e1\u017ena prvotina. Mysl\u00edm, \u017ee sa dovtedy e\u0161te nikto na tak\u00e9 podujatie odhodlal.<\/em><br \/>\n(len pre info, mo\u017eno sa z\u00edde l<a href=\"https:\/\/outdoormamas.sk\/2019\/08\/06\/batov-kanal-cyklo-vylet-matiek-s-detmi-i\/\" rel=\"noopener noreferrer\" target=\"_blank\">ink<\/a>)<\/p>\n<p><strong>K:<\/strong> <em>90 % na\u0161ich bicyklov\u00fdch v\u00fdjazdov s de\u0165mi chod\u00edm sama \ud83d\ude0a. \u010ci\u017ee \u00e1no, d\u00e1 sa to, ako som u\u017e spomenula v predo\u0161lej odpovedi. Pre m\u0148a je to najjednoduch\u0161ia akt\u00edvna aktivita, ktor\u00fa m\u00f4\u017eem robi\u0165 s de\u0165mi. Ur\u010dite pom\u00e1ha aj to, \u017ee priamo z domu m\u00e1me viacero mo\u017enost\u00ed na cyklov\u00fdlety, tak\u017ee logistika oh\u013eadom prepravy bicyklov a det\u00ed k \u0161tartu n\u00e1m odpad\u00e1. <\/p>\n<p>A ako spomenula Danka, d\u00e1 sa to aj ako viacd\u0148ov\u00fd trip, v na\u0161om pr\u00edpade na Morave. I ke\u010f tam to u\u017e chce ma\u0165 nie\u010do s de\u0165mi na biku od\u017eit\u00e9 a by\u0165 dobre pripraven\u00fd. \u00daplne sama by som si na to neviem \u010di tr\u00fafla. Ke\u010f pri\u0161la kr\u00edza alebo ne\u010dakan\u00e9 situ\u00e1cie, boli sme si jedna druhej d\u00f4le\u017eitou podporou.<\/em><\/p>\n<div id='gallery-3' class='gallery galleryid-11470 gallery-columns-2 gallery-size-full'><figure class='gallery-item'>\n\t\t\t<div class='gallery-icon landscape'>\n\t\t\t\t<a href='https:\/\/d2p6e6u75xmxt8.cloudfront.net\/4\/2021\/02\/Rozhovor_-Outdoormamas_17.webp'><img loading=\"lazy\" decoding=\"async\" width=\"1200\" height=\"800\" src=\"https:\/\/d2p6e6u75xmxt8.cloudfront.net\/4\/2021\/02\/Rozhovor_-Outdoormamas_17.webp\" class=\"attachment-full size-full\" alt=\"\" srcset=\"https:\/\/d2p6e6u75xmxt8.cloudfront.net\/4\/2021\/02\/Rozhovor_-Outdoormamas_17.webp 1200w, https:\/\/d2p6e6u75xmxt8.cloudfront.net\/4\/2021\/02\/Rozhovor_-Outdoormamas_17-300x200.webp 300w, https:\/\/d2p6e6u75xmxt8.cloudfront.net\/4\/2021\/02\/Rozhovor_-Outdoormamas_17-1024x683.webp 1024w, https:\/\/d2p6e6u75xmxt8.cloudfront.net\/4\/2021\/02\/Rozhovor_-Outdoormamas_17-768x512.webp 768w, https:\/\/d2p6e6u75xmxt8.cloudfront.net\/4\/2021\/02\/Rozhovor_-Outdoormamas_17-272x182.webp 272w\" sizes=\"auto, (max-width: 1200px) 100vw, 1200px\" \/><\/a>\n\t\t\t<\/div><\/figure><figure class='gallery-item'>\n\t\t\t<div class='gallery-icon landscape'>\n\t\t\t\t<a href='https:\/\/d2p6e6u75xmxt8.cloudfront.net\/4\/2021\/02\/Rozhovor_-Outdoormamas_18.webp'><img loading=\"lazy\" decoding=\"async\" width=\"1200\" height=\"800\" src=\"https:\/\/d2p6e6u75xmxt8.cloudfront.net\/4\/2021\/02\/Rozhovor_-Outdoormamas_18.webp\" class=\"attachment-full size-full\" alt=\"\" srcset=\"https:\/\/d2p6e6u75xmxt8.cloudfront.net\/4\/2021\/02\/Rozhovor_-Outdoormamas_18.webp 1200w, https:\/\/d2p6e6u75xmxt8.cloudfront.net\/4\/2021\/02\/Rozhovor_-Outdoormamas_18-300x200.webp 300w, https:\/\/d2p6e6u75xmxt8.cloudfront.net\/4\/2021\/02\/Rozhovor_-Outdoormamas_18-1024x683.webp 1024w, https:\/\/d2p6e6u75xmxt8.cloudfront.net\/4\/2021\/02\/Rozhovor_-Outdoormamas_18-768x512.webp 768w, https:\/\/d2p6e6u75xmxt8.cloudfront.net\/4\/2021\/02\/Rozhovor_-Outdoormamas_18-272x182.webp 272w\" sizes=\"auto, (max-width: 1200px) 100vw, 1200px\" \/><\/a>\n\t\t\t<\/div><\/figure>\n\t\t<\/div>\n\n<p><strong>\u010co v\u0161etko mus\u00ed ma\u0165 mama so sebou na v\u00fdjazde s de\u0165mi?<\/strong><br \/>\n<strong>D:<\/strong> <em>Pod\u013ea m\u0148a hlavne siln\u00e9 nervy \ud83d\ude0a. Ale inak za asi najk\u013e\u00fa\u010dovej\u0161ie u n\u00e1s pova\u017eujem dobr\u00e9 napl\u00e1novanie (s bufetom, kupkom, z\u00e1ujmov\u00fdm miestom po ceste). Ke\u010f die\u0165a vie, kam ide, a e\u0161te sa na to aj te\u0161\u00ed, cesta ubehne pr\u00edjemnej\u0161ie. Tak\u017ee sa z\u00edde dobr\u00e1 appka s mapou, dostatok vody a motiva\u010dn\u00fdch sladkost\u00ed.<\/em> <\/p>\n<p><strong>K:<\/strong> <em>Trpezlivos\u0165 a ve\u013ea jedla a vody. Bufet po ceste vylep\u0161\u00ed v\u00fdlet o 100 %, ale d\u00e1 sa to pre\u017ei\u0165 aj bez neho. Po\u010das prv\u00e9ho lockdownu minul\u00fa jar, kedy b\u00fdvalo v\u0161etko zavret\u00e9, som chodila s de\u0165mi na bike denne a zvykla som si, bra\u0165 n\u00e1m v\u0161etko potrebn\u00e9 jedlo a vodu so sebou. Aj deti si zvykli, \u017ee bufety, ihrisk\u00e1 a in\u00e9 atrakcie okrem padnut\u00fdch stromov obch\u00e1dzame. \u010ci\u017ee by som povedala, \u017ee je to o zvyku. \u010co mus\u00ed ma\u0165 mama na v\u00fdjazde s de\u0165mi? Seba, bike, deti a nad\u0161enie \ud83d\ude0a.<\/em><\/p>\n<p><a href=\"https:\/\/d2p6e6u75xmxt8.cloudfront.net\/4\/2021\/02\/Rozhovor_-Outdoormamas_19.jpg\"><img loading=\"lazy\" decoding=\"async\" src=\"https:\/\/d2p6e6u75xmxt8.cloudfront.net\/4\/2021\/02\/Rozhovor_-Outdoormamas_19.jpg\" alt=\"\" width=\"1200\" height=\"800\" class=\"alignnone size-full wp-image-11488\" \/><\/a><\/p>\n<p><strong>Ak\u00fd bol v\u00e1\u0161 najbl\u00e1znivej\u0161\u00ed bicyklov\u00fd v\u00fdlet s de\u0165mi?<\/strong><br \/>\n<strong>D:<\/strong> <em>\u013dah\u0161ia by bola asi ot\u00e1zka na oby\u010dajn\u00fd v\u00fdlet, haha. Ka\u017ed\u00fd n\u00e1\u0161 bicyklov\u00fd v\u00fdlet je v\u017edy nie\u010d\u00edm ozvl\u00e1\u0161tnen\u00fd. \u010ci u\u017e, \u017ee si zabudnem peniaze do bufetu, alebo sa die\u0165a vytrepe. Zvy\u010dajne v\u0161ak nev\u00e1ham deck\u00e1 vzia\u0165 sama na 50 kilometrov\u00fd v\u00fdlet s protivetrom, napakova\u0165 seba a deck\u00e1 do auta, s bicyklami na streche, a vyrazi\u0165 na vzdialen\u00e9 zauj\u00edmav\u00e9 miesta, \u010di ukazova\u0165 taje jazdenia singletrailov m\u00f4jmu star\u0161iemu synovi. Ale asi najv\u00e4\u010d\u0161ie vzr\u00fa\u0161o bol ten n\u00e1\u0161 prv\u00fd \u201cna \u0165a\u017eko\u201d v\u00fdlet na Ba\u0165ovom kan\u00e1li. Odvtedy s\u00fa aj \u0165a\u017e\u0161ie cyklo tripy u\u017e \u201ctak\u00e9 oby\u010dajn\u00e9\u201d \ud83d\ude0a.<\/em><\/p>\n<p><strong>K:<\/strong> <em>M\u00e1m rada spont\u00e1nne v\u00fdlety, napr\u00edklad, ke\u010f pl\u00e1nujeme \u00eds\u0165 len na 15 km oddychovku, a pred\u013a\u017ei sa n\u00e1m to na cel\u00fd de\u0148, \u010dasovo aj kilometrovo. Jednozna\u010dne najbl\u00e1znivej\u0161\u00ed trip bol v\u0161ak ten n\u00e1\u0161 spolo\u010dn\u00fd na Ba\u0165ovom kan\u00e1li. Ako vrav\u00edm ja, \u0165a\u017ekoton\u00e1\u017eny. Ko\u013eko z\u00e1\u017eitkov sa zmestilo do 4 dn\u00ed, ani nejdem hovori\u0165 \ud83d\ude0a. Najv\u00e4\u010d\u0161ia sranda bola, ke\u010f sme sa prv\u00fdkr\u00e1t chceli pohn\u00fa\u0165 &#8211; mlad\u0161ie die\u0165a v cykloseda\u010dke, star\u0161ie die\u0165a v cyklovoz\u00edku, cyklovoz\u00edk nabalen\u00fd po okraj a na \u0148om e\u0161te pripevnen\u00fd 16\u201d bicykel. \u0160liapne\u0161 do ped\u00e1lov a stoj\u00ed\u0161. Ale nakoniec sme to rozbehli a dali sme s t\u00fdmto n\u00e1kladom aj protivietor \ud83d\ude0a.<\/em><\/p>\n<div id='gallery-4' class='gallery galleryid-11470 gallery-columns-2 gallery-size-full'><figure class='gallery-item'>\n\t\t\t<div class='gallery-icon landscape'>\n\t\t\t\t<a href='https:\/\/d2p6e6u75xmxt8.cloudfront.net\/4\/2021\/02\/Rozhovor_-Outdoormamas_20.webp'><img loading=\"lazy\" decoding=\"async\" width=\"1200\" height=\"800\" src=\"https:\/\/d2p6e6u75xmxt8.cloudfront.net\/4\/2021\/02\/Rozhovor_-Outdoormamas_20.webp\" class=\"attachment-full size-full\" alt=\"\" srcset=\"https:\/\/d2p6e6u75xmxt8.cloudfront.net\/4\/2021\/02\/Rozhovor_-Outdoormamas_20.webp 1200w, https:\/\/d2p6e6u75xmxt8.cloudfront.net\/4\/2021\/02\/Rozhovor_-Outdoormamas_20-300x200.webp 300w, https:\/\/d2p6e6u75xmxt8.cloudfront.net\/4\/2021\/02\/Rozhovor_-Outdoormamas_20-1024x683.webp 1024w, https:\/\/d2p6e6u75xmxt8.cloudfront.net\/4\/2021\/02\/Rozhovor_-Outdoormamas_20-768x512.webp 768w, https:\/\/d2p6e6u75xmxt8.cloudfront.net\/4\/2021\/02\/Rozhovor_-Outdoormamas_20-272x182.webp 272w\" sizes=\"auto, (max-width: 1200px) 100vw, 1200px\" \/><\/a>\n\t\t\t<\/div><\/figure><figure class='gallery-item'>\n\t\t\t<div class='gallery-icon landscape'>\n\t\t\t\t<a href='https:\/\/d2p6e6u75xmxt8.cloudfront.net\/4\/2021\/02\/Rozhovor_-Outdoormamas_21.webp'><img loading=\"lazy\" decoding=\"async\" width=\"1200\" height=\"800\" src=\"https:\/\/d2p6e6u75xmxt8.cloudfront.net\/4\/2021\/02\/Rozhovor_-Outdoormamas_21.webp\" class=\"attachment-full size-full\" alt=\"\" srcset=\"https:\/\/d2p6e6u75xmxt8.cloudfront.net\/4\/2021\/02\/Rozhovor_-Outdoormamas_21.webp 1200w, https:\/\/d2p6e6u75xmxt8.cloudfront.net\/4\/2021\/02\/Rozhovor_-Outdoormamas_21-300x200.webp 300w, https:\/\/d2p6e6u75xmxt8.cloudfront.net\/4\/2021\/02\/Rozhovor_-Outdoormamas_21-1024x683.webp 1024w, https:\/\/d2p6e6u75xmxt8.cloudfront.net\/4\/2021\/02\/Rozhovor_-Outdoormamas_21-768x512.webp 768w, https:\/\/d2p6e6u75xmxt8.cloudfront.net\/4\/2021\/02\/Rozhovor_-Outdoormamas_21-272x182.webp 272w\" sizes=\"auto, (max-width: 1200px) 100vw, 1200px\" \/><\/a>\n\t\t\t<\/div><\/figure>\n\t\t<\/div>\n\n<p><strong>Va\u0161a najob\u013e\u00fabenej\u0161ia lokalita na bicyklovanie s de\u0165mi? (pokojne SR aj zahrani\u010die)<\/strong><br \/>\n<strong>D:<\/strong> <em>Za m\u0148a jednozna\u010dne Mal\u00e9 Karpaty. Pre die\u0165a skvel\u00fd pomer prev\u00fd\u0161enia, n\u00e1ro\u010dnosti tr\u00e1s a vzdialenosti. V Mal\u00fdch Karpatoch m\u00e1me vytvoren\u00fd \u00fa\u017easn\u00fd labyrint cyklo ciest a ofici\u00e1lnych singletrailov. D\u00e1 sa tu najazdi\u0165 stovky kilometrov, s bufetmi i cel\u00fd de\u0148 mimo civiliz\u00e1cie, \u013eahk\u00e9 i skuto\u010dne n\u00e1ro\u010dn\u00e9 trasy, ktor\u00e9 preveria tvoju kondi\u010dku, asfalt i brut\u00e1lne singl\u00e1\u010de. S de\u0165mi i bez. <\/p>\n<p>V \u010dasoch bez det\u00ed som Mal\u00e9 Karpaty zo sedla biku poznala len okrajovo. Jazdili sme ka\u017ed\u00fd v\u00edkend hlavne niekde inde. A\u017e potom s man\u017eelom sme za\u010dali jazdi\u0165 \u201ctu u n\u00e1s\u201d a teraz svoje poznatky \u00faro\u010d\u00edm pri v\u00fdletoch s de\u0165mi. Je to super.<\/em><\/p>\n<p><strong>K:<\/strong> <em>Mal\u00e9 Karpaty. Tie s\u00fa srdcovka. Z\u00e1merne sme si vybrali b\u00fdvanie hne\u010f pod malokarpatsk\u00fdmi lesmi a tak na bike vieme vybehn\u00fa\u0165 hocikedy, kedy sa n\u00e1m zachce. \u010ci je to podve\u010dern\u00e1 hodinka, alebo celodenn\u00fd v\u00fdlet. Odkedy za\u010dala star\u0161ia dc\u00e9ra jazdi\u0165 na 20\u201d \u013eahkom biku s prevodmi, tak n\u00e1m nie s\u00fa prek\u00e1\u017ekou ani kopce a prev\u00fd\u0161enia.<\/em> <\/p>\n<p><strong>Die\u0165a a bicykel &#8211; kedy je pod\u013ea v\u00e1s vhodn\u00e9 za\u010da\u0165? A ako to bolo\/je s va\u0161imi de\u0165mi?<\/strong><br \/>\n<strong>D:<\/strong> <em>Na za\u010diatku je odr\u00e1\u017eadlo. Mysl\u00edm, \u017ee je to jedna z naj vec\u00ed, ktor\u00e9 \u010dlovek vymyslel. Die\u0165a sa nau\u010d\u00ed balansu, pochop\u00ed rovnov\u00e1hu, r\u00fdchlos\u0165, dynamiku z\u00e1ta\u010diek a nerovnos\u0165 ter\u00e9nu a ako ich prejs\u0165. Z odr\u00e1\u017eadla je iba mal\u00fd krok k biku. Ak m\u00e1 die\u0165a k tomu vz\u0165ah, nau\u010d\u00ed sa jazdi\u0165 r\u00fdchlo a \u013eahko. M\u00f4j star\u0161\u00ed sa nau\u010dil v 3 rokoch jazdi\u0165 na bicykli. U\u017e s odr\u00e1\u017eadlom sme chodili na lesn\u00e9 cesty a dolu-kopce, tak\u017ee bike bol iba, \u017ee presadne\u0161 z osob\u00e1ku na r\u00fdchlik. Ke\u010f dostal star\u0161\u00ed syn 20tku bike, presadol z r\u00fdchlika na TGV \ud83d\ude0a.<\/em><\/p>\n<p><strong>K:<\/strong> <em>Pod\u013ea m\u0148a to je ve\u013emi individu\u00e1lne a ned\u00e1 sa to pau\u0161alizova\u0165. Podstatn\u00e9 je aby to \u201cchcelo\u201d die\u0165a samotn\u00e9 a nebolo do nie\u010doho tla\u010den\u00e9. Ka\u017ed\u00e9 die\u0165a je in\u00e9, m\u00e1 in\u00e9 predispoz\u00edcie a z\u00e1ujmy. Vid\u00edm to na svojich dvoch. Star\u0161ia dc\u00e9ra za\u010dala beha\u0165 na odr\u00e1\u017eadle ako 1,5 ro\u010dn\u00e1, v dvoch rokoch \u201czjazdovala\u201d s odr\u00e1\u017eadlom lesn\u00e9 chodn\u00ed\u010dky dolu brehom. Bicyklova\u0165 za\u010dala samostatne ako 2 a tri\u0161tvrtero\u010dn\u00e1. Teraz m\u00e1 6,5 roka a u\u017e je plnohodnotn\u00fd par\u0165\u00e1k. Mlad\u0161ia dc\u00e9ra s\u00edce rada beh\u00e1 na odr\u00e1\u017eadle, ale o bicykel zatia\u013e v\u00f4bec nejav\u00ed z\u00e1ujem. A je to \u00faplne v poriadku. V\u0161etko m\u00e1 svoj \u010das a pr\u00edde to vtedy, kedy m\u00e1 pr\u00eds\u0165.<\/em><\/p>\n<p><a href=\"https:\/\/d2p6e6u75xmxt8.cloudfront.net\/4\/2021\/02\/Rozhovor_-Outdoormamas_22.jpg\"><img loading=\"lazy\" decoding=\"async\" src=\"https:\/\/d2p6e6u75xmxt8.cloudfront.net\/4\/2021\/02\/Rozhovor_-Outdoormamas_22.jpg\" alt=\"\" width=\"1200\" height=\"800\" class=\"alignnone size-full wp-image-11491\" \/><\/a><\/p>\n<p><strong>Cyklovoz\u00edk vr. cykloseda\u010dka &#8211; va\u0161e sk\u00fasenosti\/rady\/odpor\u00fa\u010dania &#8211; ktor\u00e1 alternat\u00edva je pod\u013ea v\u00e1s lep\u0161ia?<\/strong><br \/>\n<strong>D:<\/strong><em> Heh, z\u00e1vis\u00ed od toho kedy a na \u010do. Ke\u010f boli deti mal\u00e9 &#8211; od 1 roku do 2,5 roka &#8211; tak som pou\u017e\u00edvala cyklovoz\u00edk. S mali\u010dk\u00fdmi de\u0165mi som potrebovala viac proviantu &#8211; plienky, termosky s jedlom, hra\u010dky, n\u00e1hradn\u00e9 oble\u010dko, at\u010f., ktor\u00fd sa do cyklovoz\u00edka dobre zmest\u00ed. Star\u0161ie deti (povedzme od 1,5 roka) u\u017e bav\u00ed samotn\u00e1 jazda, tak\u017ee viac ob\u013eubuj\u00fa u\u017e cykloseda\u010dky. <\/p>\n<p>Cyklovoz\u00edk je v\u00fdborn\u00fd na dlh\u00e9 a celodenn\u00e9 v\u00fdlety. Die\u0165a tam m\u00e1 viac priestoru a viac komfortu. V cykloseda\u010dke m\u00f4\u017ee by\u0165 u\u017e mrzut\u00e9 od druhej hodiny jazdy. Seda\u010dka je v\u0161ak ove\u013ea \u013eah\u0161ia, \u010do sa vozenia t\u00fdka, praktickej\u0161ia, \u010do sa priechodnosti cyklo ciest t\u00fdka, ale zase nestabilnej\u0161ia a re\u00e1lne, menej bezpe\u010dn\u00e1 (v porovnan\u00ed s cyklovoz\u00edkom). <\/p>\n<p>Cyklovoz\u00edk je ako tank (aj to\u013eko v\u00e1\u017ei \ud83d\ude0a ) a cykloseda\u010dka je ako st\u00edha\u010dka, z ktorej sa vystrel\u00ed\u0161, ke\u010f na to pr\u00edde. Pri zva\u017eovan\u00ed cyklovoz\u00edk versus cykloseda\u010dka je treba hlavne bra\u0165 do \u00favahy vek die\u0165a\u0165a a individu\u00e1lny v\u00fdvoj (sedenie, dr\u017eanie hlavy, chrbtice, chodenie, at\u010f.). Do cyklovoz\u00edkov sa daj\u00fa vlo\u017ei\u0165 adapt\u00e9ry, polstrovania a popruhy, pre v\u00e4\u010d\u0161iu ochranu mali\u010dk\u00fdch i v\u00e4\u010d\u0161\u00edch det\u00ed. My sme napr\u00edklad pou\u017e\u00edvali autoseda\u010dku do cyklovoz\u00edka. V cykloseda\u010dk\u00e1ch je tie\u017e rozdiel od v\u00fdrobcu k v\u00fdrobcovi. Filtrom pre v\u00fdber m\u00f4\u017ee by\u0165 preferovan\u00e9 d\u013a\u017eky, ter\u00e9n a obtia\u017enosti v\u00fdletov, a agilita jazdca \ud83d\ude0a.<\/em> <\/p>\n<p><strong>K:<\/strong> <em>Pri prvom die\u0165ati sme mali len cykloseda\u010dku. \u010ci\u017ee s die\u0165a\u0165om na biku sme za\u010dali jazdi\u0165 a\u017e v jej 1,5 roku, ale zato intenz\u00edvne. Ve\u013eakr\u00e1t som n\u00e1s zbalila a vyrazila s \u0148ou sama na celodenn\u00e9 bikova\u010dky po Karpatoch. Ke\u010f zaspala v seda\u010dke, proste som zastala, oprela bike o strom a ja som meditovala \ud83d\ude0a. Cykloseda\u010dka je vhodn\u00e1 na \u013eahk\u00e9 \u00faderky, viete s \u0148ou spravi\u0165 aj celodenn\u00fd trip, ale samozrejme neodnesie to\u013eko, \u010do cyklovoz\u00edk. Po naroden\u00ed druhej dc\u00e9ry sme zohnali aj cyklovoz\u00edk &#8211; vyu\u017e\u00edvala som ho hlavne na denn\u00fa prepravu det\u00ed. Dvojz\u00e1prah, cyklovoz\u00edk aj cykloseda\u010dka. <\/p>\n<p>V\u00fdhody voz\u00edka? Stabilnej\u0161\u00ed, zmestila som do\u0148 aj n\u00e1kup, o zbalen\u00ed sa na v\u00fdlet ani nehovor\u00edm. Tie\u017e je pre die\u0165a pohodlnej\u0161\u00ed. Pre \u0165aha\u010da na bicykli ale znate\u013ene \u0165a\u017e\u0161\u00ed. Obe moje deti mali ale cykloseda\u010dku rady, aj v nej celkom dlho vydr\u017eali (samozrejme, treba robi\u0165 pravideln\u00e9 prest\u00e1vky), \u010di\u017ee ja som z h\u013eadiska hmotnosti a obratnosti uprednost\u0148ovala nesk\u00f4r ju. Pre akt\u00edvnych rodi\u010dov-cyklistov ur\u010dite odpor\u00fa\u010dam ma\u0165 oboje a u\u017ei\u0165 a skombinova\u0165 si ich v\u00fdhody pod\u013ea toho, \u010do pr\u00e1ve potrebujete.<\/em> <\/p>\n<div id='gallery-5' class='gallery galleryid-11470 gallery-columns-2 gallery-size-full'><figure class='gallery-item'>\n\t\t\t<div class='gallery-icon landscape'>\n\t\t\t\t<a href='https:\/\/d2p6e6u75xmxt8.cloudfront.net\/4\/2021\/02\/Rozhovor_-Outdoormamas_23.webp'><img loading=\"lazy\" decoding=\"async\" width=\"1200\" height=\"800\" src=\"https:\/\/d2p6e6u75xmxt8.cloudfront.net\/4\/2021\/02\/Rozhovor_-Outdoormamas_23.webp\" class=\"attachment-full size-full\" alt=\"\" srcset=\"https:\/\/d2p6e6u75xmxt8.cloudfront.net\/4\/2021\/02\/Rozhovor_-Outdoormamas_23.webp 1200w, https:\/\/d2p6e6u75xmxt8.cloudfront.net\/4\/2021\/02\/Rozhovor_-Outdoormamas_23-300x200.webp 300w, https:\/\/d2p6e6u75xmxt8.cloudfront.net\/4\/2021\/02\/Rozhovor_-Outdoormamas_23-1024x683.webp 1024w, https:\/\/d2p6e6u75xmxt8.cloudfront.net\/4\/2021\/02\/Rozhovor_-Outdoormamas_23-768x512.webp 768w, https:\/\/d2p6e6u75xmxt8.cloudfront.net\/4\/2021\/02\/Rozhovor_-Outdoormamas_23-272x182.webp 272w\" sizes=\"auto, (max-width: 1200px) 100vw, 1200px\" \/><\/a>\n\t\t\t<\/div><\/figure><figure class='gallery-item'>\n\t\t\t<div class='gallery-icon landscape'>\n\t\t\t\t<a href='https:\/\/d2p6e6u75xmxt8.cloudfront.net\/4\/2021\/02\/Rozhovor_-Outdoormamas_24.webp'><img loading=\"lazy\" decoding=\"async\" width=\"1200\" height=\"800\" src=\"https:\/\/d2p6e6u75xmxt8.cloudfront.net\/4\/2021\/02\/Rozhovor_-Outdoormamas_24.webp\" class=\"attachment-full size-full\" alt=\"\" srcset=\"https:\/\/d2p6e6u75xmxt8.cloudfront.net\/4\/2021\/02\/Rozhovor_-Outdoormamas_24.webp 1200w, https:\/\/d2p6e6u75xmxt8.cloudfront.net\/4\/2021\/02\/Rozhovor_-Outdoormamas_24-300x200.webp 300w, https:\/\/d2p6e6u75xmxt8.cloudfront.net\/4\/2021\/02\/Rozhovor_-Outdoormamas_24-1024x683.webp 1024w, https:\/\/d2p6e6u75xmxt8.cloudfront.net\/4\/2021\/02\/Rozhovor_-Outdoormamas_24-768x512.webp 768w, https:\/\/d2p6e6u75xmxt8.cloudfront.net\/4\/2021\/02\/Rozhovor_-Outdoormamas_24-272x182.webp 272w\" sizes=\"auto, (max-width: 1200px) 100vw, 1200px\" \/><\/a>\n\t\t\t<\/div><\/figure>\n\t\t<\/div>\n\n<h2><strong>Centrovac\u00ed stojan<\/strong><\/h2>\n<p><strong>Ak\u00e9 m\u00e1te s de\u0165mi pl\u00e1ny na toto leto?<\/strong><br \/>\n<strong>D:<\/strong> <em>Tento rok bude pre n\u00e1s ve\u013emi zauj\u00edmav\u00fd, ke\u010f\u017ee v\u0161etko sa bude pl\u00e1nova\u0165 just-in-time, \u010di\u017ee tesne pred v\u00fdletom, ako situ\u00e1cia umo\u017en\u00ed. Zva\u017eujem v\u0161ak trochu viac pojazdi\u0165 bike parky. Okrem t\u00fdch zn\u00e1mej\u0161\u00edch aj tie nemej zn\u00e1me a lok\u00e1lnej\u0161ie, aj kv\u00f4li v\u00e4\u010d\u0161ej samote \ud83d\ude0a. Okrem toho zva\u017eujem prejdenie si viacer\u00fdch cyklotr\u00e1s a magistr\u00e1l v r\u00f4znych krajoch Slovenska ako Kysuce, Liptov \u010di Horehronie. S voz\u00edkom a dvomi de\u0165mi to bude asi poriadna v\u00fdzva, ke\u010f\u017ee Slovensko je v\u0161etko len nie rovinat\u00e9, ale ja m\u00e1m v\u00fdzvy rada.<\/em><\/p>\n<p><strong>K:<\/strong> <em>Posledn\u00fd rok n\u00e1s nau\u010dil, \u017ee lep\u0161ie je si ni\u010d pr\u00edli\u0161 dopredu nepl\u00e1nova\u0165 \ud83d\ude0a. Ak by sa nejak\u00fdm z\u00e1zrakom pandemick\u00e1 situ\u00e1cia zlep\u0161ila a u\u017e by bolo mo\u017en\u00e9 bezpe\u010dne cestova\u0165, ur\u010dite by sme chceli podnikn\u00fa\u0165 dlh\u0161\u00ed roadtrip s bike&#038;hike aktivitami, pravdepodobne v Alp\u00e1ch a pri mori. Tie\u017e sn\u00edvame (z\u00e1merne nepou\u017e\u00edvame slovo \u201cpl\u00e1nujeme\u201d) o prejden\u00ed Dunajskej cyklocesty s de\u0165mi, \u00fasek Passau-Bratislava. Okrem toho by sme radi spoznali a pobicyklovali s de\u0165mi aj kr\u00e1sne miesta Slovenska, ako napr\u00edklad Podpo\u013eanie, Turiec, Horehronie a in\u00e9. V\u0161etko je otvoren\u00e9, nech\u00e1me sa prekvapi\u0165, \u010do n\u00e1m leto prinesie.<\/em><\/p>\n<p><strong>Ako \u010dasto sa v\u00e1m s de\u0165mi podar\u00ed vyrazi\u0165 na bicykel?<\/strong><br \/>\n<strong>D:<\/strong> <em>Minuly rok toho bolo menej, kv\u00f4li m\u00f4jmu zraneniu kolena, tak\u017ee tak jeden &#8211; dvakr\u00e1t do t\u00fd\u017ed\u0148a. Asi to nie je \u010dasto a preto s\u00fa na\u0161e v\u00fdlety v\u017edy dlh\u0161ie i celod\u0148ov\u00e9, cez 40 km v\u017edy.<\/em> <\/p>\n<p><strong>K:<\/strong> <em>U n\u00e1s je rozdiel \u00eds\u0165 na bicykli a \u00eds\u0165 na bicykel \ud83d\ude0a. Na bicykli na n\u00e1kupy, do \u0161k\u00f4lky, na ihrisk\u00e1 sme pred vypuknut\u00edm pand\u00e9mie chodili skoro denne. Na bicyklov\u00e9 v\u00fdlety chod\u00edme pod\u013ea toho ako sa n\u00e1m chce, ko\u013eko m\u00e1me \u010dasu, ak\u00e9 je po\u010dasie, alebo ko\u013eko kom\u00e1rov sa aktu\u00e1lne vyskytuje v lokalite. Niekedy je to aj 4-5x do t\u00fd\u017ed\u0148a, niekedy 2x do t\u00fd\u017ed\u0148a a niekedy ani raz.<\/em> <\/p>\n<p><a href=\"https:\/\/d2p6e6u75xmxt8.cloudfront.net\/4\/2021\/02\/Rozhovor_-Outdoormamas_25.jpg\"><img loading=\"lazy\" decoding=\"async\" src=\"https:\/\/d2p6e6u75xmxt8.cloudfront.net\/4\/2021\/02\/Rozhovor_-Outdoormamas_25.jpg\" alt=\"\" width=\"1200\" height=\"800\" class=\"alignnone size-full wp-image-11494\" \/><\/a><\/p>\n<p><strong>Mnoh\u00e9 \u017eeny tvrdia, \u017ee popri de\u0165och, pr\u00e1ci a \u010fal\u0161\u00edch povinnostiach nemaj\u00fa v\u00f4bec \u010das na \u0161port, \u010do by ste im odk\u00e1zali?<\/strong><br \/>\n<strong>D:<\/strong> <em>Ani my \ud83d\ude0a. Preto rob\u00edme svoje z\u00e1\u013euby a ob\u013e\u00faben\u00e9 aktivity spolu s de\u0165mi. U\u017e\u00edvame si spolo\u010dn\u00fd \u010das akt\u00edvne, deti tak z\u00edskavaj\u00fa vz\u0165ah k pohybu a \u0161portu, podporuje sa ich fyzick\u00fd a motorick\u00fd v\u00fdvoj, a deti nach\u00e1dzaj\u00fa trochu odli\u0161n\u00e9 poh\u013eady na svet. A my matky sa m\u00f4\u017eeme takto pravidelne pekne prevetra\u0165, by\u0165 fyzicky i du\u0161evne offline, pr\u00eds\u0165 na in\u00e9 my\u0161lienky a niekedy si aj poriadne zamaka\u0165. Sta\u010d\u00ed sa odhodla\u0165, zbali\u0165 a vyrazi\u0165 objavova\u0165. Dnes sa d\u00e1 n\u00e1js\u0165 na ka\u017edom v\u00fdlete mno\u017estvo motiva\u010dn\u00fdch a zauj\u00edmav\u00fdch vec\u00ed, v\u00fdh\u013eadov, bufetov, pr\u00edrodn\u00fdch ihr\u00edsk, jazier na k\u00fapanie \u010di fariem na ob\u010derstvenie a z\u00e1bavu.<\/em> <\/p>\n<p><strong>K:<\/strong> <em>V\u00e4\u010d\u0161inu \u0161portov a in\u00fdch aktiv\u00edt rob\u00edm spolu s de\u0165mi. Je to pod\u013ea m\u0148a v\u0161etko o priorit\u00e1ch a sp\u00f4sobe \u017eivota. Ja by som bez pohybu nevedela plnohodnotne \u017ei\u0165 a tak sa ho sna\u017e\u00edm vtesna\u0165 do ka\u017edodenn\u00e9ho \u017eivota. Takto tie\u017e striedam program na\u0161ich dn\u00ed, aby som bola naplnen\u00e1 ja, aj deti &#8211; niekedy ideme na ihrisko a niekedy bicyklova\u0165 do lesov, a niekedy oboje. Ako deti rast\u00fa, tak sa mi dar\u00ed aj \u010dastej\u0161ie vybehn\u00fa\u0165 si na bike, \u010di zabeha\u0165 samej. Alebo ich d\u00e1me babke, a namiesto do divadla ideme s mu\u017eom na akt\u00edvne rande &#8211; bikova\u0165, \u010di liez\u0165. Neb\u00fdva to \u010dasto, ale nab\u00edja n\u00e1s to dlho dopredu.<\/em><\/p>\n","protected":false},"excerpt":{"rendered":"<p>Danka Arvay a Katka Laj\u010d\u00e1kov\u00e1 s\u00fa mamy, ktor\u00e9 spojila ich l\u00e1ska k de\u0165om, k \u0161portu a k pr\u00edrode. Ako toto [&hellip;]<\/p>\n","protected":false},"author":81,"featured_media":11472,"comment_status":"open","ping_status":"open","sticky":false,"template":"","format":"standard","meta":{"footnotes":""},"categories":[191],"tags":[1347,507,517,518,53,54,180,902,824,1314,509,501,523,237,508,475],"global-categories":[1074],"class_list":["post-11470","post","type-post","status-publish","format-standard","has-post-thumbnail","hentry","category-odporucame","tag-cestovanie","tag-cyklorodinka","tag-cyklosedacky","tag-cyklovozik","tag-deti","tag-detske-bicykle","tag-horska-cyklistika","tag-horsky-bicykel","tag-les","tag-outdoor","tag-rodina","tag-rozhovor","tag-slovensko","tag-trail","tag-vylet","tag-zeny","global-categories-cycling"],"yoast_head":"<!-- This site is optimized with the Yoast SEO Premium plugin v25.3 (Yoast SEO v25.9) - https:\/\/yoast.com\/wordpress\/plugins\/seo\/ -->\n<title>Rozhovor: Outdoormamas - aj s de\u0165mi si to viete poriadne u\u017ei\u0165 - \u0160koda We Love Cycling Slovensko<\/title>\n<meta name=\"robots\" content=\"index, follow, max-snippet:-1, max-image-preview:large, max-video-preview:-1\" \/>\n<link rel=\"canonical\" href=\"https:\/\/www.welovecycling.com\/sk\/2021\/03\/23\/rozhovor-outdoormamas-aj-s-detmi-si-to-viete-poriadne-uzit\/\" \/>\n<meta property=\"og:locale\" content=\"sk_SK\" \/>\n<meta property=\"og:type\" content=\"article\" \/>\n<meta property=\"og:title\" content=\"Rozhovor: Outdoormamas - aj s de\u0165mi si to viete poriadne u\u017ei\u0165\" \/>\n<meta property=\"og:description\" content=\"Danka Arvay a Katka Laj\u010d\u00e1kov\u00e1 s\u00fa mamy, ktor\u00e9 spojila ich l\u00e1ska k de\u0165om, k \u0161portu a k pr\u00edrode. Ako toto [&hellip;]\" \/>\n<meta property=\"og:url\" content=\"https:\/\/www.welovecycling.com\/sk\/2021\/03\/23\/rozhovor-outdoormamas-aj-s-detmi-si-to-viete-poriadne-uzit\/\" \/>\n<meta property=\"og:site_name\" content=\"\u0160koda We Love Cycling Slovensko\" \/>\n<meta property=\"article:published_time\" content=\"2021-03-23T09:00:35+00:00\" \/>\n<meta property=\"og:image\" content=\"https:\/\/d2p6e6u75xmxt8.cloudfront.net\/4\/2021\/02\/Rozhovor_-Outdoormamas_00.webp\" \/>\n\t<meta property=\"og:image:width\" content=\"1380\" \/>\n\t<meta property=\"og:image:height\" content=\"600\" \/>\n\t<meta property=\"og:image:type\" content=\"image\/webp\" \/>\n<meta name=\"twitter:card\" content=\"summary_large_image\" \/>\n<meta name=\"twitter:label1\" content=\"Written by\" \/>\n\t<meta name=\"twitter:data1\" content=\"WeLoveCycling\" \/>\n\t<meta name=\"twitter:label2\" content=\"Est. reading time\" \/>\n\t<meta name=\"twitter:data2\" content=\"20\" \/>\n<script type=\"application\/ld+json\" class=\"yoast-schema-graph\">{\"@context\":\"https:\/\/schema.org\",\"@graph\":[{\"@type\":\"WebPage\",\"@id\":\"https:\/\/www.welovecycling.com\/sk\/2021\/03\/23\/rozhovor-outdoormamas-aj-s-detmi-si-to-viete-poriadne-uzit\/\",\"url\":\"https:\/\/www.welovecycling.com\/sk\/2021\/03\/23\/rozhovor-outdoormamas-aj-s-detmi-si-to-viete-poriadne-uzit\/\",\"name\":\"Rozhovor: Outdoormamas - aj s de\u0165mi si to viete poriadne u\u017ei\u0165 - \u0160koda We Love Cycling Slovensko\",\"isPartOf\":{\"@id\":\"https:\/\/www.welovecycling.com\/sk\/#website\"},\"primaryImageOfPage\":{\"@id\":\"https:\/\/www.welovecycling.com\/sk\/2021\/03\/23\/rozhovor-outdoormamas-aj-s-detmi-si-to-viete-poriadne-uzit\/#primaryimage\"},\"image\":{\"@id\":\"https:\/\/www.welovecycling.com\/sk\/2021\/03\/23\/rozhovor-outdoormamas-aj-s-detmi-si-to-viete-poriadne-uzit\/#primaryimage\"},\"thumbnailUrl\":\"https:\/\/d2p6e6u75xmxt8.cloudfront.net\/4\/2021\/02\/Rozhovor_-Outdoormamas_00.webp\",\"datePublished\":\"2021-03-23T09:00:35+00:00\",\"author\":{\"@id\":\"\"},\"breadcrumb\":{\"@id\":\"https:\/\/www.welovecycling.com\/sk\/2021\/03\/23\/rozhovor-outdoormamas-aj-s-detmi-si-to-viete-poriadne-uzit\/#breadcrumb\"},\"inLanguage\":\"sk-SK\",\"potentialAction\":[{\"@type\":\"ReadAction\",\"target\":[\"https:\/\/www.welovecycling.com\/sk\/2021\/03\/23\/rozhovor-outdoormamas-aj-s-detmi-si-to-viete-poriadne-uzit\/\"]}]},{\"@type\":\"ImageObject\",\"inLanguage\":\"sk-SK\",\"@id\":\"https:\/\/www.welovecycling.com\/sk\/2021\/03\/23\/rozhovor-outdoormamas-aj-s-detmi-si-to-viete-poriadne-uzit\/#primaryimage\",\"url\":\"https:\/\/d2p6e6u75xmxt8.cloudfront.net\/4\/2021\/02\/Rozhovor_-Outdoormamas_00.webp\",\"contentUrl\":\"https:\/\/d2p6e6u75xmxt8.cloudfront.net\/4\/2021\/02\/Rozhovor_-Outdoormamas_00.webp\",\"width\":1380,\"height\":600},{\"@type\":\"BreadcrumbList\",\"@id\":\"https:\/\/www.welovecycling.com\/sk\/2021\/03\/23\/rozhovor-outdoormamas-aj-s-detmi-si-to-viete-poriadne-uzit\/#breadcrumb\",\"itemListElement\":[{\"@type\":\"ListItem\",\"position\":1,\"name\":\"Home\",\"item\":\"https:\/\/www.welovecycling.com\/sk\/\"},{\"@type\":\"ListItem\",\"position\":2,\"name\":\"Rozhovor: Outdoormamas &#8211; aj s de\u0165mi si to viete poriadne u\u017ei\u0165\"}]},{\"@type\":\"WebSite\",\"@id\":\"https:\/\/www.welovecycling.com\/sk\/#website\",\"url\":\"https:\/\/www.welovecycling.com\/sk\/\",\"name\":\"\u0160koda We Love Cycling Slovensko\",\"description\":\"\u0160koda We Love Cycling Slovensko je v\u00e1\u0161 ka\u017edodenn\u00fd zdroj noviniek a in\u0161pir\u00e1cie z sveta cyklistiky\",\"potentialAction\":[{\"@type\":\"SearchAction\",\"target\":{\"@type\":\"EntryPoint\",\"urlTemplate\":\"https:\/\/www.welovecycling.com\/sk\/?s={search_term_string}\"},\"query-input\":{\"@type\":\"PropertyValueSpecification\",\"valueRequired\":true,\"valueName\":\"search_term_string\"}}],\"inLanguage\":\"sk-SK\"},{\"@type\":\"Person\",\"@id\":\"\",\"url\":\"https:\/\/www.welovecycling.com\/sk\/author\/\"}]}<\/script>\n<!-- \/ Yoast SEO Premium plugin. -->","yoast_head_json":{"title":"Rozhovor: Outdoormamas - aj s de\u0165mi si to viete poriadne u\u017ei\u0165 - \u0160koda We Love Cycling Slovensko","robots":{"index":"index","follow":"follow","max-snippet":"max-snippet:-1","max-image-preview":"max-image-preview:large","max-video-preview":"max-video-preview:-1"},"canonical":"https:\/\/www.welovecycling.com\/sk\/2021\/03\/23\/rozhovor-outdoormamas-aj-s-detmi-si-to-viete-poriadne-uzit\/","og_locale":"sk_SK","og_type":"article","og_title":"Rozhovor: Outdoormamas - aj s de\u0165mi si to viete poriadne u\u017ei\u0165","og_description":"Danka Arvay a Katka Laj\u010d\u00e1kov\u00e1 s\u00fa mamy, ktor\u00e9 spojila ich l\u00e1ska k de\u0165om, k \u0161portu a k pr\u00edrode. Ako toto [&hellip;]","og_url":"https:\/\/www.welovecycling.com\/sk\/2021\/03\/23\/rozhovor-outdoormamas-aj-s-detmi-si-to-viete-poriadne-uzit\/","og_site_name":"\u0160koda We Love Cycling Slovensko","article_published_time":"2021-03-23T09:00:35+00:00","og_image":[{"width":1380,"height":600,"url":"https:\/\/d2p6e6u75xmxt8.cloudfront.net\/4\/2021\/02\/Rozhovor_-Outdoormamas_00.webp","type":"image\/webp"}],"twitter_card":"summary_large_image","twitter_misc":{"Written by":"WeLoveCycling","Est. reading time":"20"},"schema":{"@context":"https:\/\/schema.org","@graph":[{"@type":"WebPage","@id":"https:\/\/www.welovecycling.com\/sk\/2021\/03\/23\/rozhovor-outdoormamas-aj-s-detmi-si-to-viete-poriadne-uzit\/","url":"https:\/\/www.welovecycling.com\/sk\/2021\/03\/23\/rozhovor-outdoormamas-aj-s-detmi-si-to-viete-poriadne-uzit\/","name":"Rozhovor: Outdoormamas - aj s de\u0165mi si to viete poriadne u\u017ei\u0165 - \u0160koda We Love Cycling Slovensko","isPartOf":{"@id":"https:\/\/www.welovecycling.com\/sk\/#website"},"primaryImageOfPage":{"@id":"https:\/\/www.welovecycling.com\/sk\/2021\/03\/23\/rozhovor-outdoormamas-aj-s-detmi-si-to-viete-poriadne-uzit\/#primaryimage"},"image":{"@id":"https:\/\/www.welovecycling.com\/sk\/2021\/03\/23\/rozhovor-outdoormamas-aj-s-detmi-si-to-viete-poriadne-uzit\/#primaryimage"},"thumbnailUrl":"https:\/\/d2p6e6u75xmxt8.cloudfront.net\/4\/2021\/02\/Rozhovor_-Outdoormamas_00.webp","datePublished":"2021-03-23T09:00:35+00:00","author":{"@id":""},"breadcrumb":{"@id":"https:\/\/www.welovecycling.com\/sk\/2021\/03\/23\/rozhovor-outdoormamas-aj-s-detmi-si-to-viete-poriadne-uzit\/#breadcrumb"},"inLanguage":"sk-SK","potentialAction":[{"@type":"ReadAction","target":["https:\/\/www.welovecycling.com\/sk\/2021\/03\/23\/rozhovor-outdoormamas-aj-s-detmi-si-to-viete-poriadne-uzit\/"]}]},{"@type":"ImageObject","inLanguage":"sk-SK","@id":"https:\/\/www.welovecycling.com\/sk\/2021\/03\/23\/rozhovor-outdoormamas-aj-s-detmi-si-to-viete-poriadne-uzit\/#primaryimage","url":"https:\/\/d2p6e6u75xmxt8.cloudfront.net\/4\/2021\/02\/Rozhovor_-Outdoormamas_00.webp","contentUrl":"https:\/\/d2p6e6u75xmxt8.cloudfront.net\/4\/2021\/02\/Rozhovor_-Outdoormamas_00.webp","width":1380,"height":600},{"@type":"BreadcrumbList","@id":"https:\/\/www.welovecycling.com\/sk\/2021\/03\/23\/rozhovor-outdoormamas-aj-s-detmi-si-to-viete-poriadne-uzit\/#breadcrumb","itemListElement":[{"@type":"ListItem","position":1,"name":"Home","item":"https:\/\/www.welovecycling.com\/sk\/"},{"@type":"ListItem","position":2,"name":"Rozhovor: Outdoormamas &#8211; aj s de\u0165mi si to viete poriadne u\u017ei\u0165"}]},{"@type":"WebSite","@id":"https:\/\/www.welovecycling.com\/sk\/#website","url":"https:\/\/www.welovecycling.com\/sk\/","name":"\u0160koda We Love Cycling Slovensko","description":"\u0160koda We Love Cycling Slovensko je v\u00e1\u0161 ka\u017edodenn\u00fd zdroj noviniek a in\u0161pir\u00e1cie z sveta cyklistiky","potentialAction":[{"@type":"SearchAction","target":{"@type":"EntryPoint","urlTemplate":"https:\/\/www.welovecycling.com\/sk\/?s={search_term_string}"},"query-input":{"@type":"PropertyValueSpecification","valueRequired":true,"valueName":"search_term_string"}}],"inLanguage":"sk-SK"},{"@type":"Person","@id":"","url":"https:\/\/www.welovecycling.com\/sk\/author\/"}]}},"_links":{"self":[{"href":"https:\/\/www.welovecycling.com\/sk\/wp-json\/wp\/v2\/posts\/11470","targetHints":{"allow":["GET"]}}],"collection":[{"href":"https:\/\/www.welovecycling.com\/sk\/wp-json\/wp\/v2\/posts"}],"about":[{"href":"https:\/\/www.welovecycling.com\/sk\/wp-json\/wp\/v2\/types\/post"}],"author":[{"embeddable":true,"href":"https:\/\/www.welovecycling.com\/sk\/wp-json\/wp\/v2\/users\/81"}],"replies":[{"embeddable":true,"href":"https:\/\/www.welovecycling.com\/sk\/wp-json\/wp\/v2\/comments?post=11470"}],"version-history":[{"count":2,"href":"https:\/\/www.welovecycling.com\/sk\/wp-json\/wp\/v2\/posts\/11470\/revisions"}],"predecessor-version":[{"id":11592,"href":"https:\/\/www.welovecycling.com\/sk\/wp-json\/wp\/v2\/posts\/11470\/revisions\/11592"}],"wp:featuredmedia":[{"embeddable":true,"href":"https:\/\/www.welovecycling.com\/sk\/wp-json\/wp\/v2\/media\/11472"}],"wp:attachment":[{"href":"https:\/\/www.welovecycling.com\/sk\/wp-json\/wp\/v2\/media?parent=11470"}],"wp:term":[{"taxonomy":"category","embeddable":true,"href":"https:\/\/www.welovecycling.com\/sk\/wp-json\/wp\/v2\/categories?post=11470"},{"taxonomy":"post_tag","embeddable":true,"href":"https:\/\/www.welovecycling.com\/sk\/wp-json\/wp\/v2\/tags?post=11470"},{"taxonomy":"global-categories","embeddable":true,"href":"https:\/\/www.welovecycling.com\/sk\/wp-json\/wp\/v2\/global-categories?post=11470"}],"curies":[{"name":"wp","href":"https:\/\/api.w.org\/{rel}","templated":true}]}}