{"id":11453,"date":"2021-03-09T10:00:17","date_gmt":"2021-03-09T09:00:17","guid":{"rendered":"https:\/\/www.welovecycling.com\/sk\/?p=11453"},"modified":"2021-02-26T13:58:40","modified_gmt":"2021-02-26T12:58:40","slug":"pravidla-cestnej-premavky-kedy-ich-porusujeme","status":"publish","type":"post","link":"https:\/\/www.welovecycling.com\/sk\/2021\/03\/09\/pravidla-cestnej-premavky-kedy-ich-porusujeme\/","title":{"rendered":"Pravidl\u00e1 cestnej prem\u00e1vky &#8211; kedy ich poru\u0161ujeme"},"content":{"rendered":"<p><strong>Budete dlho h\u013eada\u0165, aby ste na\u0161li niekoho, kto si nemysl\u00ed, \u017ee rok 2020 bol n\u00e1ro\u010dn\u00fd. Ale st\u00e1le existuje ve\u013ea vec\u00ed, ktor\u00e9 v\u00e1s m\u00f4\u017eu taktie\u017e tr\u00e1pi\u0165. Napr\u00edklad to, \u010di \u013eudia dodr\u017eiavaj\u00fa pravidl\u00e1 cestnej prem\u00e1vky alebo nie. Spravme si rok 2021 ove\u013ea lep\u0161\u00ed.<\/strong><\/p>\n<p><!--more--><\/p>\n<h2><strong>Zdravi\u0165 \u010di nezdravi\u0165<\/strong><\/h2>\n<p>Nap\u00ed\u0161te do vyh\u013ead\u00e1va\u010da na internete vetu <em>\u201eZdravi\u0165 \u010di nezdravi\u0165 na bicykli?\u201c<\/em> a objav\u00edte mno\u017estvo n\u00e1zorov, \u010di by ste mali alebo nemali. Existuj\u00fa sporn\u00e9 argumenty o tom, \u010di je priate\u013esk\u00e9 zam\u00e1vanie nevyhnutnou zdvorilos\u0165ou, ktor\u00e1 poh\u00e1\u0148a cyklistick\u00fa komunitu alebo pas\u00edvne agres\u00edvnym dopytom po priate\u013estve.<\/p>\n<p>https:\/\/www.instagram.com\/p\/CKR2wefnIaZ\/?hl=en<\/p>\n<p>Cyklistick\u00fd nad\u0161enec na bikeradar.com hovor\u00ed o svojej jazde zo zelenej pr\u00edmestskej \u010dasti Surrey do mestsk\u00e9ho Lond\u00fdna, kde jazdci na bicykloch za 6 000 \u20ac <em>\u201enemaj\u00fa \u017eiadnu \u00factu\u201c<\/em>, zatia\u013e \u010do \u010fal\u0161\u00ed cyklista na f\u00f3re reddit.com tvrd\u00ed, \u017ee <em>\u201enem\u00e1te \u017eiadnu povinnos\u0165 m\u00e1va\u0165 \u013eu\u010fom, uvo\u013enite sa \u201c<\/em>.<\/p>\n<h2><strong>Opravte si svoje vlastn\u00e9 defekty<\/strong><\/h2>\n<p>Pod\u013ea n\u00e1\u0161ho n\u00e1zoru by ste nikdy nemali pok\u00fa\u0161a\u0165 lepi\u0165 derav\u00e9 du\u0161e. V\u017edy so sebou m\u00e1me nieko\u013eko n\u00e1hradn\u00fdch du\u0161\u00ed a vreckov\u00fd n\u00f4\u017e na vybratie ostr\u00fdch k\u00faskov z pneumatiky. Ke\u010f pr\u00eddeme domov, nem\u00e1me \u010das sa tr\u00e1pi\u0165 s opravou. Vo\u013en\u00fd \u010das potom vyu\u017e\u00edvame na v\u00fdrobu pe\u0148a\u017eeniek z recyklovan\u00fdch prepichnut\u00fdch du\u0161\u00ed.<\/p>\n<div class=\"embed-controller-wrapper\">\n<div class=\"embed-wrapper\"><iframe title=\"Locate and Fix A Leaking Bicycle Tube - DIY\" width=\"500\" height=\"281\" data-src=\"https:\/\/www.youtube.com\/embed\/HGL7b1ox7RU?feature=oembed\" frameborder=\"0\" allow=\"accelerometer; autoplay; clipboard-write; encrypted-media; gyroscope; picture-in-picture; web-share\" referrerpolicy=\"strict-origin-when-cross-origin\" allowfullscreen><\/iframe><\/div>\n<\/div>\n<p>Sme presved\u010den\u00ed, \u017ee jedin\u00fd \u010das, ktor\u00fd skuto\u010dne potrebujete venova\u0165 oprave du\u0161e je, ak ste otec a va\u0161e die\u0165a pri\u0161lo znovu s defektom. Ke\u010f si spomeniem, ako ma m\u00f4j otec zjavne trestal t\u00fdm, \u017ee ma n\u00fatil naplni\u0165 vedro pln\u00e9 mrzn\u00facej vody na terase, s prostriedkom na um\u00fdvanie riadu, naf\u00faknut\u00edm prederavenej du\u0161e a namo\u010den\u00edm do nej h\u013eada\u0165 bubliny. Dodnes si v\u010faka tomu d\u00e1vam poriadny pozor, aby som sa vyhol v\u0161etk\u00e9mu ostro vyzeraj\u00facemu.<\/p>\n<h2><strong>Cyklisti by nemali jazdi\u0165 na \u010derven\u00fa<\/strong><\/h2>\n<p>Greg Dickinson nap\u00edsal pre The Telegraph \u010dl\u00e1nok s poburuj\u00facim n\u00e1zvom <strong>\u201eJazd\u00edm na \u010derven\u00fa a tie\u017e by ste mali\u201c<\/strong><em>. My osobne sa zasadzujeme za neporu\u0161ovanie z\u00e1kona. Pol\u00edcia v\u00e1s zastav\u00ed a bude v\u00e1m \u00fa\u010dtovan\u00e1 pokuta.<\/p>\n<lite-youtube videoid=9InSOWU4xAw params=\"enablejsapi=1\" style=\"background-image: url('https:\/\/i.ytimg.com\/vi_webp\/9InSOWU4xAw\/maxresdefault.webp');\"><\/lite-youtube>\n<p>Niektor\u00e9 kri\u017eovatky vyzeraj\u00fa, akoby v\u00e1m skor\u00fd \u0161tart na \u010derven\u00fa umo\u017enil predbehn\u00fa\u0165 prem\u00e1vku a vyhn\u00fa\u0165 sa tak zdr\u017eaniu. St\u00e1le v\u0161ak never\u00edme, \u017ee je rozumn\u00e9 poru\u0161ova\u0165 z\u00e1kon &#8211; najm\u00e4 preto, \u017ee cyklisti s\u00fa tak zranite\u013en\u00ed. Toto pravidlo nie je ur\u010den\u00e9 na poru\u0161ovanie. Ak si mysl\u00edte, \u017ee sa d\u00e1 na kri\u017eovatke nie\u010do vylep\u0161i\u0165, nap\u00ed\u0161te miestnemu \u00faradu.<\/p>\n<p>V duchu nov\u00e9ho veku budeme vola\u0165 po jednote. Poprem\u00fd\u0161\u013eajte, pre\u010do existuj\u00fa konkr\u00e9tne pravidl\u00e1 &#8211; ak s\u00fa ur\u010den\u00e9 na zv\u00fd\u0161enie bezpe\u010dnosti v\u00e1s a \u010fal\u0161\u00edch \u013eud\u00ed, postupujte pod\u013ea nich. A ak s\u00fa tu preto, aby priniesli do \u017eivota \u013eud\u00ed rados\u0165, mo\u017eno je rok 2021 rokom, v ktorom ich treba vysk\u00fa\u0161a\u0165.<\/p>\n","protected":false},"excerpt":{"rendered":"<p>Budete dlho h\u013eada\u0165, aby ste na\u0161li niekoho, kto si nemysl\u00ed, \u017ee rok 2020 bol n\u00e1ro\u010dn\u00fd. Ale st\u00e1le existuje ve\u013ea vec\u00ed, [&hellip;]<\/p>\n","protected":false},"author":81,"featured_media":11457,"comment_status":"open","ping_status":"open","sticky":false,"template":"","format":"standard","meta":{"footnotes":""},"categories":[4],"tags":[1294,275,115,865,487,597,1246,904,525,863,864,1311],"global-categories":[],"class_list":["post-11453","post","type-post","status-publish","format-standard","has-post-thumbnail","hentry","category-cestna-cyklisitika","tag-bezpecna-jazda","tag-cesta","tag-cestna-cyklistika","tag-cestna-premavka","tag-cestny-bicykel","tag-cyklista","tag-cyklisticka-komunita","tag-defekt","tag-mesto","tag-pravidla","tag-pravidla-cestnej-premavky","tag-sezona-2021"],"yoast_head":"<!-- This site is optimized with the Yoast SEO Premium plugin v25.3 (Yoast SEO v25.9) - https:\/\/yoast.com\/wordpress\/plugins\/seo\/ -->\n<title>Pravidl\u00e1 cestnej prem\u00e1vky - kedy ich poru\u0161ujeme - \u0160koda We Love Cycling Slovensko<\/title>\n<meta name=\"robots\" content=\"index, follow, max-snippet:-1, max-image-preview:large, max-video-preview:-1\" \/>\n<link rel=\"canonical\" href=\"https:\/\/www.welovecycling.com\/sk\/2021\/03\/09\/pravidla-cestnej-premavky-kedy-ich-porusujeme\/\" \/>\n<meta property=\"og:locale\" content=\"sk_SK\" \/>\n<meta property=\"og:type\" content=\"article\" \/>\n<meta property=\"og:title\" content=\"Pravidl\u00e1 cestnej prem\u00e1vky - kedy ich poru\u0161ujeme\" \/>\n<meta property=\"og:description\" content=\"Budete dlho h\u013eada\u0165, aby ste na\u0161li niekoho, kto si nemysl\u00ed, \u017ee rok 2020 bol n\u00e1ro\u010dn\u00fd. Ale st\u00e1le existuje ve\u013ea vec\u00ed, [&hellip;]\" \/>\n<meta property=\"og:url\" content=\"https:\/\/www.welovecycling.com\/sk\/2021\/03\/09\/pravidla-cestnej-premavky-kedy-ich-porusujeme\/\" \/>\n<meta property=\"og:site_name\" content=\"\u0160koda We Love Cycling Slovensko\" \/>\n<meta property=\"article:published_time\" content=\"2021-03-09T09:00:17+00:00\" \/>\n<meta property=\"og:image\" content=\"https:\/\/d2p6e6u75xmxt8.cloudfront.net\/4\/2021\/02\/Traffic-light-profimedia-0562842922-CVR.webp\" \/>\n\t<meta property=\"og:image:width\" content=\"1366\" \/>\n\t<meta property=\"og:image:height\" content=\"600\" \/>\n\t<meta property=\"og:image:type\" content=\"image\/webp\" \/>\n<meta name=\"twitter:card\" content=\"summary_large_image\" \/>\n<meta name=\"twitter:label1\" content=\"Written by\" \/>\n\t<meta name=\"twitter:data1\" content=\"Christopher Ashley\" \/>\n\t<meta name=\"twitter:label2\" content=\"Est. reading time\" \/>\n\t<meta name=\"twitter:data2\" content=\"5\" \/>\n<script type=\"application\/ld+json\" class=\"yoast-schema-graph\">{\"@context\":\"https:\/\/schema.org\",\"@graph\":[{\"@type\":\"WebPage\",\"@id\":\"https:\/\/www.welovecycling.com\/sk\/2021\/03\/09\/pravidla-cestnej-premavky-kedy-ich-porusujeme\/\",\"url\":\"https:\/\/www.welovecycling.com\/sk\/2021\/03\/09\/pravidla-cestnej-premavky-kedy-ich-porusujeme\/\",\"name\":\"Pravidl\u00e1 cestnej prem\u00e1vky - kedy ich poru\u0161ujeme - \u0160koda We Love Cycling Slovensko\",\"isPartOf\":{\"@id\":\"https:\/\/www.welovecycling.com\/sk\/#website\"},\"primaryImageOfPage\":{\"@id\":\"https:\/\/www.welovecycling.com\/sk\/2021\/03\/09\/pravidla-cestnej-premavky-kedy-ich-porusujeme\/#primaryimage\"},\"image\":{\"@id\":\"https:\/\/www.welovecycling.com\/sk\/2021\/03\/09\/pravidla-cestnej-premavky-kedy-ich-porusujeme\/#primaryimage\"},\"thumbnailUrl\":\"https:\/\/d2p6e6u75xmxt8.cloudfront.net\/4\/2021\/02\/Traffic-light-profimedia-0562842922-CVR.webp\",\"datePublished\":\"2021-03-09T09:00:17+00:00\",\"author\":{\"@id\":\"\"},\"breadcrumb\":{\"@id\":\"https:\/\/www.welovecycling.com\/sk\/2021\/03\/09\/pravidla-cestnej-premavky-kedy-ich-porusujeme\/#breadcrumb\"},\"inLanguage\":\"sk-SK\",\"potentialAction\":[{\"@type\":\"ReadAction\",\"target\":[\"https:\/\/www.welovecycling.com\/sk\/2021\/03\/09\/pravidla-cestnej-premavky-kedy-ich-porusujeme\/\"]}]},{\"@type\":\"ImageObject\",\"inLanguage\":\"sk-SK\",\"@id\":\"https:\/\/www.welovecycling.com\/sk\/2021\/03\/09\/pravidla-cestnej-premavky-kedy-ich-porusujeme\/#primaryimage\",\"url\":\"https:\/\/d2p6e6u75xmxt8.cloudfront.net\/4\/2021\/02\/Traffic-light-profimedia-0562842922-CVR.webp\",\"contentUrl\":\"https:\/\/d2p6e6u75xmxt8.cloudfront.net\/4\/2021\/02\/Traffic-light-profimedia-0562842922-CVR.webp\",\"width\":1366,\"height\":600,\"caption\":\"Bicycle light\"},{\"@type\":\"BreadcrumbList\",\"@id\":\"https:\/\/www.welovecycling.com\/sk\/2021\/03\/09\/pravidla-cestnej-premavky-kedy-ich-porusujeme\/#breadcrumb\",\"itemListElement\":[{\"@type\":\"ListItem\",\"position\":1,\"name\":\"Home\",\"item\":\"https:\/\/www.welovecycling.com\/sk\/\"},{\"@type\":\"ListItem\",\"position\":2,\"name\":\"Pravidl\u00e1 cestnej prem\u00e1vky &#8211; kedy ich poru\u0161ujeme\"}]},{\"@type\":\"WebSite\",\"@id\":\"https:\/\/www.welovecycling.com\/sk\/#website\",\"url\":\"https:\/\/www.welovecycling.com\/sk\/\",\"name\":\"\u0160koda We Love Cycling Slovensko\",\"description\":\"\u0160koda We Love Cycling Slovensko je v\u00e1\u0161 ka\u017edodenn\u00fd zdroj noviniek a in\u0161pir\u00e1cie z sveta cyklistiky\",\"potentialAction\":[{\"@type\":\"SearchAction\",\"target\":{\"@type\":\"EntryPoint\",\"urlTemplate\":\"https:\/\/www.welovecycling.com\/sk\/?s={search_term_string}\"},\"query-input\":{\"@type\":\"PropertyValueSpecification\",\"valueRequired\":true,\"valueName\":\"search_term_string\"}}],\"inLanguage\":\"sk-SK\"},{\"@type\":\"Person\",\"@id\":\"\",\"url\":\"https:\/\/www.welovecycling.com\/sk\/author\/\"}]}<\/script>\n<!-- \/ Yoast SEO Premium plugin. -->","yoast_head_json":{"title":"Pravidl\u00e1 cestnej prem\u00e1vky - kedy ich poru\u0161ujeme - \u0160koda We Love Cycling Slovensko","robots":{"index":"index","follow":"follow","max-snippet":"max-snippet:-1","max-image-preview":"max-image-preview:large","max-video-preview":"max-video-preview:-1"},"canonical":"https:\/\/www.welovecycling.com\/sk\/2021\/03\/09\/pravidla-cestnej-premavky-kedy-ich-porusujeme\/","og_locale":"sk_SK","og_type":"article","og_title":"Pravidl\u00e1 cestnej prem\u00e1vky - kedy ich poru\u0161ujeme","og_description":"Budete dlho h\u013eada\u0165, aby ste na\u0161li niekoho, kto si nemysl\u00ed, \u017ee rok 2020 bol n\u00e1ro\u010dn\u00fd. Ale st\u00e1le existuje ve\u013ea vec\u00ed, [&hellip;]","og_url":"https:\/\/www.welovecycling.com\/sk\/2021\/03\/09\/pravidla-cestnej-premavky-kedy-ich-porusujeme\/","og_site_name":"\u0160koda We Love Cycling Slovensko","article_published_time":"2021-03-09T09:00:17+00:00","og_image":[{"width":1366,"height":600,"url":"https:\/\/d2p6e6u75xmxt8.cloudfront.net\/4\/2021\/02\/Traffic-light-profimedia-0562842922-CVR.webp","type":"image\/webp"}],"twitter_card":"summary_large_image","twitter_misc":{"Written by":"Christopher Ashley","Est. reading time":"5"},"schema":{"@context":"https:\/\/schema.org","@graph":[{"@type":"WebPage","@id":"https:\/\/www.welovecycling.com\/sk\/2021\/03\/09\/pravidla-cestnej-premavky-kedy-ich-porusujeme\/","url":"https:\/\/www.welovecycling.com\/sk\/2021\/03\/09\/pravidla-cestnej-premavky-kedy-ich-porusujeme\/","name":"Pravidl\u00e1 cestnej prem\u00e1vky - kedy ich poru\u0161ujeme - \u0160koda We Love Cycling Slovensko","isPartOf":{"@id":"https:\/\/www.welovecycling.com\/sk\/#website"},"primaryImageOfPage":{"@id":"https:\/\/www.welovecycling.com\/sk\/2021\/03\/09\/pravidla-cestnej-premavky-kedy-ich-porusujeme\/#primaryimage"},"image":{"@id":"https:\/\/www.welovecycling.com\/sk\/2021\/03\/09\/pravidla-cestnej-premavky-kedy-ich-porusujeme\/#primaryimage"},"thumbnailUrl":"https:\/\/d2p6e6u75xmxt8.cloudfront.net\/4\/2021\/02\/Traffic-light-profimedia-0562842922-CVR.webp","datePublished":"2021-03-09T09:00:17+00:00","author":{"@id":""},"breadcrumb":{"@id":"https:\/\/www.welovecycling.com\/sk\/2021\/03\/09\/pravidla-cestnej-premavky-kedy-ich-porusujeme\/#breadcrumb"},"inLanguage":"sk-SK","potentialAction":[{"@type":"ReadAction","target":["https:\/\/www.welovecycling.com\/sk\/2021\/03\/09\/pravidla-cestnej-premavky-kedy-ich-porusujeme\/"]}]},{"@type":"ImageObject","inLanguage":"sk-SK","@id":"https:\/\/www.welovecycling.com\/sk\/2021\/03\/09\/pravidla-cestnej-premavky-kedy-ich-porusujeme\/#primaryimage","url":"https:\/\/d2p6e6u75xmxt8.cloudfront.net\/4\/2021\/02\/Traffic-light-profimedia-0562842922-CVR.webp","contentUrl":"https:\/\/d2p6e6u75xmxt8.cloudfront.net\/4\/2021\/02\/Traffic-light-profimedia-0562842922-CVR.webp","width":1366,"height":600,"caption":"Bicycle light"},{"@type":"BreadcrumbList","@id":"https:\/\/www.welovecycling.com\/sk\/2021\/03\/09\/pravidla-cestnej-premavky-kedy-ich-porusujeme\/#breadcrumb","itemListElement":[{"@type":"ListItem","position":1,"name":"Home","item":"https:\/\/www.welovecycling.com\/sk\/"},{"@type":"ListItem","position":2,"name":"Pravidl\u00e1 cestnej prem\u00e1vky &#8211; kedy ich poru\u0161ujeme"}]},{"@type":"WebSite","@id":"https:\/\/www.welovecycling.com\/sk\/#website","url":"https:\/\/www.welovecycling.com\/sk\/","name":"\u0160koda We Love Cycling Slovensko","description":"\u0160koda We Love Cycling Slovensko je v\u00e1\u0161 ka\u017edodenn\u00fd zdroj noviniek a in\u0161pir\u00e1cie z sveta cyklistiky","potentialAction":[{"@type":"SearchAction","target":{"@type":"EntryPoint","urlTemplate":"https:\/\/www.welovecycling.com\/sk\/?s={search_term_string}"},"query-input":{"@type":"PropertyValueSpecification","valueRequired":true,"valueName":"search_term_string"}}],"inLanguage":"sk-SK"},{"@type":"Person","@id":"","url":"https:\/\/www.welovecycling.com\/sk\/author\/"}]}},"_links":{"self":[{"href":"https:\/\/www.welovecycling.com\/sk\/wp-json\/wp\/v2\/posts\/11453","targetHints":{"allow":["GET"]}}],"collection":[{"href":"https:\/\/www.welovecycling.com\/sk\/wp-json\/wp\/v2\/posts"}],"about":[{"href":"https:\/\/www.welovecycling.com\/sk\/wp-json\/wp\/v2\/types\/post"}],"author":[{"embeddable":true,"href":"https:\/\/www.welovecycling.com\/sk\/wp-json\/wp\/v2\/users\/81"}],"replies":[{"embeddable":true,"href":"https:\/\/www.welovecycling.com\/sk\/wp-json\/wp\/v2\/comments?post=11453"}],"version-history":[{"count":2,"href":"https:\/\/www.welovecycling.com\/sk\/wp-json\/wp\/v2\/posts\/11453\/revisions"}],"predecessor-version":[{"id":11459,"href":"https:\/\/www.welovecycling.com\/sk\/wp-json\/wp\/v2\/posts\/11453\/revisions\/11459"}],"wp:featuredmedia":[{"embeddable":true,"href":"https:\/\/www.welovecycling.com\/sk\/wp-json\/wp\/v2\/media\/11457"}],"wp:attachment":[{"href":"https:\/\/www.welovecycling.com\/sk\/wp-json\/wp\/v2\/media?parent=11453"}],"wp:term":[{"taxonomy":"category","embeddable":true,"href":"https:\/\/www.welovecycling.com\/sk\/wp-json\/wp\/v2\/categories?post=11453"},{"taxonomy":"post_tag","embeddable":true,"href":"https:\/\/www.welovecycling.com\/sk\/wp-json\/wp\/v2\/tags?post=11453"},{"taxonomy":"global-categories","embeddable":true,"href":"https:\/\/www.welovecycling.com\/sk\/wp-json\/wp\/v2\/global-categories?post=11453"}],"curies":[{"name":"wp","href":"https:\/\/api.w.org\/{rel}","templated":true}]}}