{"id":11444,"date":"2021-03-16T10:00:43","date_gmt":"2021-03-16T09:00:43","guid":{"rendered":"https:\/\/www.welovecycling.com\/sk\/?p=11444"},"modified":"2023-04-14T11:48:23","modified_gmt":"2023-04-14T09:48:23","slug":"zmeny-sponzorov-a-vybavenia-vo-worldtour-pre-rok-2021","status":"publish","type":"post","link":"https:\/\/www.welovecycling.com\/sk\/2021\/03\/16\/zmeny-sponzorov-a-vybavenia-vo-worldtour-pre-rok-2021\/","title":{"rendered":"Zmeny sponzorov a vybavenia vo WorldTour pre rok 2021"},"content":{"rendered":"<p><strong>Ka\u017ed\u00fdch p\u00e1r rokov, ke\u010f sa existuj\u00face zmluvy skon\u010dia, za\u017eije cyklistick\u00e1 WorldTour skuto\u010dn\u00fd koloto\u010d zmien sponzorstva, ktor\u00e9 s\u00fa poh\u00e1\u0148an\u00e9 mnoh\u00fdmi mot\u00edvmi, ako s\u00fa (samozrejme) peniaze, inov\u00e1cia produktu a zmeny vo vlastn\u00edctve t\u00edmu.<\/strong><\/p>\n<p><!--more--><\/p>\n<p>Napr\u00edklad v roku 2019 sa spolo\u010dnos\u0165 BMC Racing stala t\u00edmom CCC a pre\u0161la na zna\u010dku Giant, t\u00edm Sunweb pre\u0161iel z Giantu na Cerv\u00e9lo a Dimension Data podp\u00edsala zmluvu s BMC. Tento rok d\u00f4jde k podobn\u00fdm trojit\u00fdm zmen\u00e1m, ktor\u00e9 sa bud\u00fa t\u00fdka\u0165 Bianchi, Cerv\u00e9lo a Scott. Mitchelton-Scott sa stane GreenEdge Cycling, \u010do je n\u00e1zov spolo\u010dnosti zastre\u0161uj\u00facej t\u00edm a prejde na bicykle Bianchi. Jumbo-Visma opust\u00ed Bianchi a bude jazdi\u0165 na bicykloch Cerv\u00e9lo, zatia\u013e \u010do Team Sunweb sa rebranduje na Team DSM, \u010d\u00edm ukon\u010d\u00ed svoje partnerstvo s Cerv\u00e9lo a prejde na Scott.<\/p>\n<figure id=\"attachment_11446\" aria-describedby=\"caption-attachment-11446\" style=\"width: 1024px\" class=\"wp-caption alignnone\"><a href=\"https:\/\/d2p6e6u75xmxt8.cloudfront.net\/2\/2021\/01\/Jumbo-Visma-bicycles-profimedia-0583993476.jpg\"><img loading=\"lazy\" decoding=\"async\" class=\"wp-image-11446 size-large\" src=\"https:\/\/d2p6e6u75xmxt8.cloudfront.net\/4\/2021\/02\/Jumbo-Visma-bicycles-profimedia-0583993476-1024x682.jpg\" alt=\"Jumbo-Visma bicycles\" width=\"1024\" height=\"682\" \/><\/a><figcaption id=\"caption-attachment-11446\" class=\"wp-caption-text\">T\u00edm Jumbo-Visma bude jazdi\u0165 na bicykloch Cerv\u00e9lo. \u00a9 Profimedia<\/figcaption><\/figure>\n<h2><strong>\u010eal\u0161ie zmeny<\/strong><\/h2>\n<p>Ale to nie je v\u0161etko. Franc\u00fazsky t\u00edm AG2R Citro\u00ebn ukon\u010dil spolupr\u00e1cu so zna\u010dkou Eddy Merckx v prospech \u0161vaj\u010diarskej spolo\u010dnosti BMC. To je dobr\u00e1 spr\u00e1va pre nov\u00fa posilu t\u00edmu, Grega Van Avermaeta, ktor\u00fd zaznamenal ve\u013ek\u00e9 \u00faspechy s bicyklami tejto zna\u010dky. <em>\u201eVyhral som Par\u00ed\u017e-Roubaix, olympijsk\u00e9 hry v Riu a v\u0161etky svoje hlavn\u00e9 v\u00ed\u0165azstv\u00e1 na bicykloch BMC Teammachine SLR01,\u201c<\/em> uviedol. <em>\u201eProjekt AG2R Citro\u00ebn Team bol pre m\u0148a z r\u00f4znych d\u00f4vodov ve\u013emi atrakt\u00edvny a v\u010faka mo\u017enosti op\u00e4\u0165 jazdi\u0165 na BMC bolo moje rozhodnutie \u013eahk\u00e9.\u201c<\/em><\/p>\n<p>Zmluva trv\u00e1 od roku 2021 do roku 2023 a boli potvrden\u00e9 tri modely BMC pre tr\u00e9ningy a preteky: <strong>Teammachine SLR01, Timemachine Road a Timemachine<\/strong>. To znamen\u00e1, \u017ee bicykle Eddyho Merckxa op\u00fa\u0161\u0165aj\u00fa v roku 2021 WorldTour a pr\u00edtomnos\u0165 BMC v pelot\u00f3ne rastie z jedn\u00e9ho t\u00edmu na dva, preto\u017ee v s\u00fa\u010dasnosti je to posledn\u00fd rok trojro\u010dnej dohody t\u00edmu NTT Pro Cycling Douga Rydera, ktor\u00fd bol ned\u00e1vno premenovan\u00fd na Qhubeka-Assos.<\/p>\n<div class=\"embed-controller-wrapper\">\n<blockquote class=\"twitter-tweet\" data-width=\"500\" data-dnt=\"true\">\n<p lang=\"en\" dir=\"ltr\">\ud83d\udd14 ANNOUNCEMENT \ud83d\udd14<\/p>\n<p>Team Qhubeka ASSOS is excited to present its UCI continental feeder team, which will race as Team Qhubeka in 2021! <\/p>\n<p>\ud83c\uddff\ud83c\udde6 \ud83c\uddea\ud83c\uddf7 \ud83c\uddea\ud83c\uddf9 \ud83c\uddf7\ud83c\uddfc \ud83c\uddee\ud83c\uddf9 \ud83c\uddf3\ud83c\uddff<\/p>\n<p>Full Squad: <a href=\"https:\/\/t.co\/4gYwgmLPjX\">https:\/\/t.co\/4gYwgmLPjX<\/a><a href=\"https:\/\/twitter.com\/hashtag\/BicyclesChangeLives?src=hash&amp;ref_src=twsrc%5Etfw\">#BicyclesChangeLives<\/a> \ud83d\udd90\ufe0f <a href=\"https:\/\/t.co\/SKzZWI7UUc\">pic.twitter.com\/SKzZWI7UUc<\/a><\/p>\n<p>&mdash; Q36.5 Pro Cycling Team (@Q36_5ProCycling) <a href=\"https:\/\/twitter.com\/Q36_5ProCycling\/status\/1334754342000353280?ref_src=twsrc%5Etfw\">December 4, 2020<\/a><\/p><\/blockquote>\n<p><script async data-src=\"https:\/\/platform.twitter.com\/widgets.js\" charset=\"utf-8\"><\/script><\/div>\n<h2><strong>Prv\u00e1 sez\u00f3na bez zna\u010dky Giant<\/strong><\/h2>\n<p>Spolo\u010dnos\u0165 Want You Cycling, ktor\u00e1 stoj\u00ed za t\u00edmom Circus-Wanty Gobert, ktor\u00fd bude v roku 2021 zn\u00e1my ako Intermarch\u00e9 Wanty Gobert, navy\u0161e prevzala spolo\u010dnos\u0165 Continuum Sports. T\u00e1 doteraz st\u00e1la za t\u00edmom CCC, po tom, \u010do CCC uviedla, \u017ee opust\u00ed \u0161port kv\u00f4li finan\u010dn\u00fdm probl\u00e9mom sp\u00f4soben\u00fdch pand\u00e9miou Covid-19. Belgick\u00e1 spolo\u010dnos\u0165 vst\u00fapi do sponzorovania t\u00edmu a privedie zna\u010dku Cube Bikes na WorldTour prv\u00fdkr\u00e1t v hist\u00f3rii.<\/p>\n<p>V\u00fdsledkom bude, \u017ee rok 2021 bude prvou sez\u00f3nou bez bicyklov Giant v profi pelot\u00f3ne od prelomu tis\u00edcro\u010d\u00ed. Pre najv\u00e4\u010d\u0161ieho svetov\u00e9ho v\u00fdrobcu bicyklov to bude ve\u013ek\u00e1 rana.<\/p>\n<figure id=\"attachment_11447\" aria-describedby=\"caption-attachment-11447\" style=\"width: 1024px\" class=\"wp-caption alignnone\"><a href=\"https:\/\/d2p6e6u75xmxt8.cloudfront.net\/2\/2021\/01\/La-Vuelta-2020-profimedia-0567864189.jpg\"><img loading=\"lazy\" decoding=\"async\" class=\"size-large wp-image-11447\" src=\"https:\/\/d2p6e6u75xmxt8.cloudfront.net\/4\/2021\/02\/La-Vuelta-2020-profimedia-0567864189-1024x682.jpg\" alt=\"La Vuelta peloton\" width=\"1024\" height=\"682\" \/><\/a><figcaption id=\"caption-attachment-11447\" class=\"wp-caption-text\">V pelot\u00f3ne 2021 nebud\u00fa \u017eiadne bicykle Giant. \u00a9 Profimedia<\/figcaption><\/figure>\n<h2><strong>A \u010do elektronika?<\/strong><\/h2>\n<p>Pokia\u013e ide o cyklopo\u010d\u00edta\u010de, Garmin zost\u00e1va \u0161ampi\u00f3nom WorldTour s deviatimi t\u00edmami. Tie potvrdili, \u017ee bud\u00fa tento rok vyu\u017e\u00edva\u0165 t\u00fato technol\u00f3giu. Atlantsk\u00fd Wahoo v\u0161ak na\u010falej <strong>l\u00e1ka profesion\u00e1lne cyklistick\u00e9 t\u00edmy<\/strong>, pri\u010dom k celkovo piatim pribudli dva.<\/p>\n<p>Dva t\u00edmy, ktor\u00e9 v roku 2020 pou\u017e\u00edvali po\u010d\u00edta\u010de SRM urobili zmeny, Lotto-Soudal sa presunul do Garminu a Cofidis si vybrali Wahoo. T\u00edm DSM tie\u017e pre\u0161iel na Wahoo, ale z cyklopo\u010d\u00edta\u010dov Sigma.<\/p>\n<p>\u0160tyri t\u00edmy zatia\u013e nepotvrdili svoje cyklopo\u010d\u00edta\u010dov\u00e9 zna\u010dky pre rok 2021. Tak\u017ee je mo\u017en\u00e9, \u017ee SRM, Sigma a Stages si udr\u017eia \u00fa\u010das\u0165 vo WorldTour, ale e\u0161te sa nevie, v ak\u00fdch t\u00edmoch. Jedn\u00fdm z t\u00fdchto t\u00edmov by mohol by\u0165 Israel Start-Up Nation, ktor\u00e9ho zmluva s Britom Froomom je iba na jeden rok. Zmena sa jav\u00ed ako ve\u013emi pravdepodobn\u00e1.<\/p>\n","protected":false},"excerpt":{"rendered":"<p>Ka\u017ed\u00fdch p\u00e1r rokov, ke\u010f sa existuj\u00face zmluvy skon\u010dia, za\u017eije cyklistick\u00e1 WorldTour skuto\u010dn\u00fd koloto\u010d zmien sponzorstva, ktor\u00e9 s\u00fa poh\u00e1\u0148an\u00e9 mnoh\u00fdmi mot\u00edvmi, [&hellip;]<\/p>\n","protected":false},"author":172,"featured_media":11449,"comment_status":"open","ping_status":"open","sticky":false,"template":"","format":"standard","meta":{"footnotes":""},"categories":[4],"tags":[601,557,115,487,119,676,885,1311,727,728,1092,1236,556,106],"global-categories":[],"class_list":["post-11444","post","type-post","status-publish","format-standard","has-post-thumbnail","hentry","category-cestna-cyklisitika","tag-bmc","tag-ccc","tag-cestna-cyklistika","tag-cestny-bicykel","tag-chris-froome","tag-garmin","tag-profesional","tag-sezona-2021","tag-sponzor","tag-sponzoring","tag-team-jumbo-visma","tag-team-sunweb","tag-tim","tag-uci-worldtour"],"yoast_head":"<!-- This site is optimized with the Yoast SEO Premium plugin v25.3 (Yoast SEO v25.9) - https:\/\/yoast.com\/wordpress\/plugins\/seo\/ -->\n<title>2021 WorldTour: Equipment Changes - We Love Cycling Magazine<\/title>\n<meta name=\"description\" content=\"Ka\u017ed\u00fdch p\u00e1r rokov, ke\u010f sa existuj\u00face zmluvy skon\u010dia, za\u017eije cyklistick\u00e1 WorldTour skuto\u010dn\u00fd koloto\u010d zmien sponzorstva.\" \/>\n<meta name=\"robots\" content=\"index, follow, max-snippet:-1, max-image-preview:large, max-video-preview:-1\" \/>\n<link rel=\"canonical\" href=\"https:\/\/www.welovecycling.com\/sk\/2021\/03\/16\/zmeny-sponzorov-a-vybavenia-vo-worldtour-pre-rok-2021\/\" \/>\n<meta property=\"og:locale\" content=\"sk_SK\" \/>\n<meta property=\"og:type\" content=\"article\" \/>\n<meta property=\"og:title\" content=\"Zmeny sponzorov a vybavenia vo WorldTour pre rok 2021\" \/>\n<meta property=\"og:description\" content=\"Ka\u017ed\u00fdch p\u00e1r rokov, ke\u010f sa existuj\u00face zmluvy skon\u010dia, za\u017eije cyklistick\u00e1 WorldTour skuto\u010dn\u00fd koloto\u010d zmien sponzorstva.\" \/>\n<meta property=\"og:url\" content=\"https:\/\/www.welovecycling.com\/sk\/2021\/03\/16\/zmeny-sponzorov-a-vybavenia-vo-worldtour-pre-rok-2021\/\" \/>\n<meta property=\"og:site_name\" content=\"\u0160koda We Love Cycling Slovensko\" \/>\n<meta property=\"article:published_time\" content=\"2021-03-16T09:00:43+00:00\" \/>\n<meta property=\"article:modified_time\" content=\"2023-04-14T09:48:23+00:00\" \/>\n<meta property=\"og:image\" content=\"https:\/\/d2p6e6u75xmxt8.cloudfront.net\/4\/2021\/02\/Tour-de-France-peloton-profimedia-0558935701-CVR.webp\" \/>\n\t<meta property=\"og:image:width\" content=\"1366\" \/>\n\t<meta property=\"og:image:height\" content=\"600\" \/>\n\t<meta property=\"og:image:type\" content=\"image\/webp\" \/>\n<meta name=\"author\" content=\"dominika\" \/>\n<meta name=\"twitter:card\" content=\"summary_large_image\" \/>\n<meta name=\"twitter:label1\" content=\"Written by\" \/>\n\t<meta name=\"twitter:data1\" content=\"Siegfried Mortkowitz\" \/>\n\t<meta name=\"twitter:label2\" content=\"Est. reading time\" \/>\n\t<meta name=\"twitter:data2\" content=\"5\" \/>\n<script type=\"application\/ld+json\" class=\"yoast-schema-graph\">{\"@context\":\"https:\/\/schema.org\",\"@graph\":[{\"@type\":\"WebPage\",\"@id\":\"https:\/\/www.welovecycling.com\/sk\/2021\/03\/16\/zmeny-sponzorov-a-vybavenia-vo-worldtour-pre-rok-2021\/\",\"url\":\"https:\/\/www.welovecycling.com\/sk\/2021\/03\/16\/zmeny-sponzorov-a-vybavenia-vo-worldtour-pre-rok-2021\/\",\"name\":\"2021 WorldTour: Equipment Changes - We Love Cycling Magazine\",\"isPartOf\":{\"@id\":\"https:\/\/www.welovecycling.com\/sk\/#website\"},\"primaryImageOfPage\":{\"@id\":\"https:\/\/www.welovecycling.com\/sk\/2021\/03\/16\/zmeny-sponzorov-a-vybavenia-vo-worldtour-pre-rok-2021\/#primaryimage\"},\"image\":{\"@id\":\"https:\/\/www.welovecycling.com\/sk\/2021\/03\/16\/zmeny-sponzorov-a-vybavenia-vo-worldtour-pre-rok-2021\/#primaryimage\"},\"thumbnailUrl\":\"https:\/\/d2p6e6u75xmxt8.cloudfront.net\/4\/2021\/02\/Tour-de-France-peloton-profimedia-0558935701-CVR.webp\",\"datePublished\":\"2021-03-16T09:00:43+00:00\",\"dateModified\":\"2023-04-14T09:48:23+00:00\",\"author\":{\"@id\":\"https:\/\/www.welovecycling.com\/sk\/#\/schema\/person\/533b62b98b6c41bd5135ebfb1f742624\"},\"description\":\"Ka\u017ed\u00fdch p\u00e1r rokov, ke\u010f sa existuj\u00face zmluvy skon\u010dia, za\u017eije cyklistick\u00e1 WorldTour skuto\u010dn\u00fd koloto\u010d zmien sponzorstva.\",\"breadcrumb\":{\"@id\":\"https:\/\/www.welovecycling.com\/sk\/2021\/03\/16\/zmeny-sponzorov-a-vybavenia-vo-worldtour-pre-rok-2021\/#breadcrumb\"},\"inLanguage\":\"sk-SK\",\"potentialAction\":[{\"@type\":\"ReadAction\",\"target\":[\"https:\/\/www.welovecycling.com\/sk\/2021\/03\/16\/zmeny-sponzorov-a-vybavenia-vo-worldtour-pre-rok-2021\/\"]}]},{\"@type\":\"ImageObject\",\"inLanguage\":\"sk-SK\",\"@id\":\"https:\/\/www.welovecycling.com\/sk\/2021\/03\/16\/zmeny-sponzorov-a-vybavenia-vo-worldtour-pre-rok-2021\/#primaryimage\",\"url\":\"https:\/\/d2p6e6u75xmxt8.cloudfront.net\/4\/2021\/02\/Tour-de-France-peloton-profimedia-0558935701-CVR.webp\",\"contentUrl\":\"https:\/\/d2p6e6u75xmxt8.cloudfront.net\/4\/2021\/02\/Tour-de-France-peloton-profimedia-0558935701-CVR.webp\",\"width\":1366,\"height\":600},{\"@type\":\"BreadcrumbList\",\"@id\":\"https:\/\/www.welovecycling.com\/sk\/2021\/03\/16\/zmeny-sponzorov-a-vybavenia-vo-worldtour-pre-rok-2021\/#breadcrumb\",\"itemListElement\":[{\"@type\":\"ListItem\",\"position\":1,\"name\":\"Home\",\"item\":\"https:\/\/www.welovecycling.com\/sk\/\"},{\"@type\":\"ListItem\",\"position\":2,\"name\":\"Zmeny sponzorov a vybavenia vo WorldTour pre rok 2021\"}]},{\"@type\":\"WebSite\",\"@id\":\"https:\/\/www.welovecycling.com\/sk\/#website\",\"url\":\"https:\/\/www.welovecycling.com\/sk\/\",\"name\":\"\u0160koda We Love Cycling Slovensko\",\"description\":\"\u0160koda We Love Cycling Slovensko je v\u00e1\u0161 ka\u017edodenn\u00fd zdroj noviniek a in\u0161pir\u00e1cie z sveta cyklistiky\",\"potentialAction\":[{\"@type\":\"SearchAction\",\"target\":{\"@type\":\"EntryPoint\",\"urlTemplate\":\"https:\/\/www.welovecycling.com\/sk\/?s={search_term_string}\"},\"query-input\":{\"@type\":\"PropertyValueSpecification\",\"valueRequired\":true,\"valueName\":\"search_term_string\"}}],\"inLanguage\":\"sk-SK\"},{\"@type\":\"Person\",\"@id\":\"https:\/\/www.welovecycling.com\/sk\/#\/schema\/person\/533b62b98b6c41bd5135ebfb1f742624\",\"name\":\"dominika\",\"image\":{\"@type\":\"ImageObject\",\"inLanguage\":\"sk-SK\",\"@id\":\"https:\/\/www.welovecycling.com\/sk\/#\/schema\/person\/image\/\",\"url\":\"https:\/\/secure.gravatar.com\/avatar\/ded6f274ba2ec3e17fff153f7d9d96a4b33c2cb63907f75d9a5309c599a7f3e6?s=96&d=mm&r=g\",\"contentUrl\":\"https:\/\/secure.gravatar.com\/avatar\/ded6f274ba2ec3e17fff153f7d9d96a4b33c2cb63907f75d9a5309c599a7f3e6?s=96&d=mm&r=g\",\"caption\":\"dominika\"},\"url\":\"https:\/\/www.welovecycling.com\/sk\/author\/dominika\/\"}]}<\/script>\n<!-- \/ Yoast SEO Premium plugin. -->","yoast_head_json":{"title":"2021 WorldTour: Equipment Changes - We Love Cycling Magazine","description":"Ka\u017ed\u00fdch p\u00e1r rokov, ke\u010f sa existuj\u00face zmluvy skon\u010dia, za\u017eije cyklistick\u00e1 WorldTour skuto\u010dn\u00fd koloto\u010d zmien sponzorstva.","robots":{"index":"index","follow":"follow","max-snippet":"max-snippet:-1","max-image-preview":"max-image-preview:large","max-video-preview":"max-video-preview:-1"},"canonical":"https:\/\/www.welovecycling.com\/sk\/2021\/03\/16\/zmeny-sponzorov-a-vybavenia-vo-worldtour-pre-rok-2021\/","og_locale":"sk_SK","og_type":"article","og_title":"Zmeny sponzorov a vybavenia vo WorldTour pre rok 2021","og_description":"Ka\u017ed\u00fdch p\u00e1r rokov, ke\u010f sa existuj\u00face zmluvy skon\u010dia, za\u017eije cyklistick\u00e1 WorldTour skuto\u010dn\u00fd koloto\u010d zmien sponzorstva.","og_url":"https:\/\/www.welovecycling.com\/sk\/2021\/03\/16\/zmeny-sponzorov-a-vybavenia-vo-worldtour-pre-rok-2021\/","og_site_name":"\u0160koda We Love Cycling Slovensko","article_published_time":"2021-03-16T09:00:43+00:00","article_modified_time":"2023-04-14T09:48:23+00:00","og_image":[{"width":1366,"height":600,"url":"https:\/\/d2p6e6u75xmxt8.cloudfront.net\/4\/2021\/02\/Tour-de-France-peloton-profimedia-0558935701-CVR.webp","type":"image\/webp"}],"author":"dominika","twitter_card":"summary_large_image","twitter_misc":{"Written by":"Siegfried Mortkowitz","Est. reading time":"5"},"schema":{"@context":"https:\/\/schema.org","@graph":[{"@type":"WebPage","@id":"https:\/\/www.welovecycling.com\/sk\/2021\/03\/16\/zmeny-sponzorov-a-vybavenia-vo-worldtour-pre-rok-2021\/","url":"https:\/\/www.welovecycling.com\/sk\/2021\/03\/16\/zmeny-sponzorov-a-vybavenia-vo-worldtour-pre-rok-2021\/","name":"2021 WorldTour: Equipment Changes - We Love Cycling Magazine","isPartOf":{"@id":"https:\/\/www.welovecycling.com\/sk\/#website"},"primaryImageOfPage":{"@id":"https:\/\/www.welovecycling.com\/sk\/2021\/03\/16\/zmeny-sponzorov-a-vybavenia-vo-worldtour-pre-rok-2021\/#primaryimage"},"image":{"@id":"https:\/\/www.welovecycling.com\/sk\/2021\/03\/16\/zmeny-sponzorov-a-vybavenia-vo-worldtour-pre-rok-2021\/#primaryimage"},"thumbnailUrl":"https:\/\/d2p6e6u75xmxt8.cloudfront.net\/4\/2021\/02\/Tour-de-France-peloton-profimedia-0558935701-CVR.webp","datePublished":"2021-03-16T09:00:43+00:00","dateModified":"2023-04-14T09:48:23+00:00","author":{"@id":"https:\/\/www.welovecycling.com\/sk\/#\/schema\/person\/533b62b98b6c41bd5135ebfb1f742624"},"description":"Ka\u017ed\u00fdch p\u00e1r rokov, ke\u010f sa existuj\u00face zmluvy skon\u010dia, za\u017eije cyklistick\u00e1 WorldTour skuto\u010dn\u00fd koloto\u010d zmien sponzorstva.","breadcrumb":{"@id":"https:\/\/www.welovecycling.com\/sk\/2021\/03\/16\/zmeny-sponzorov-a-vybavenia-vo-worldtour-pre-rok-2021\/#breadcrumb"},"inLanguage":"sk-SK","potentialAction":[{"@type":"ReadAction","target":["https:\/\/www.welovecycling.com\/sk\/2021\/03\/16\/zmeny-sponzorov-a-vybavenia-vo-worldtour-pre-rok-2021\/"]}]},{"@type":"ImageObject","inLanguage":"sk-SK","@id":"https:\/\/www.welovecycling.com\/sk\/2021\/03\/16\/zmeny-sponzorov-a-vybavenia-vo-worldtour-pre-rok-2021\/#primaryimage","url":"https:\/\/d2p6e6u75xmxt8.cloudfront.net\/4\/2021\/02\/Tour-de-France-peloton-profimedia-0558935701-CVR.webp","contentUrl":"https:\/\/d2p6e6u75xmxt8.cloudfront.net\/4\/2021\/02\/Tour-de-France-peloton-profimedia-0558935701-CVR.webp","width":1366,"height":600},{"@type":"BreadcrumbList","@id":"https:\/\/www.welovecycling.com\/sk\/2021\/03\/16\/zmeny-sponzorov-a-vybavenia-vo-worldtour-pre-rok-2021\/#breadcrumb","itemListElement":[{"@type":"ListItem","position":1,"name":"Home","item":"https:\/\/www.welovecycling.com\/sk\/"},{"@type":"ListItem","position":2,"name":"Zmeny sponzorov a vybavenia vo WorldTour pre rok 2021"}]},{"@type":"WebSite","@id":"https:\/\/www.welovecycling.com\/sk\/#website","url":"https:\/\/www.welovecycling.com\/sk\/","name":"\u0160koda We Love Cycling Slovensko","description":"\u0160koda We Love Cycling Slovensko je v\u00e1\u0161 ka\u017edodenn\u00fd zdroj noviniek a in\u0161pir\u00e1cie z sveta cyklistiky","potentialAction":[{"@type":"SearchAction","target":{"@type":"EntryPoint","urlTemplate":"https:\/\/www.welovecycling.com\/sk\/?s={search_term_string}"},"query-input":{"@type":"PropertyValueSpecification","valueRequired":true,"valueName":"search_term_string"}}],"inLanguage":"sk-SK"},{"@type":"Person","@id":"https:\/\/www.welovecycling.com\/sk\/#\/schema\/person\/533b62b98b6c41bd5135ebfb1f742624","name":"dominika","image":{"@type":"ImageObject","inLanguage":"sk-SK","@id":"https:\/\/www.welovecycling.com\/sk\/#\/schema\/person\/image\/","url":"https:\/\/secure.gravatar.com\/avatar\/ded6f274ba2ec3e17fff153f7d9d96a4b33c2cb63907f75d9a5309c599a7f3e6?s=96&d=mm&r=g","contentUrl":"https:\/\/secure.gravatar.com\/avatar\/ded6f274ba2ec3e17fff153f7d9d96a4b33c2cb63907f75d9a5309c599a7f3e6?s=96&d=mm&r=g","caption":"dominika"},"url":"https:\/\/www.welovecycling.com\/sk\/author\/dominika\/"}]}},"_links":{"self":[{"href":"https:\/\/www.welovecycling.com\/sk\/wp-json\/wp\/v2\/posts\/11444","targetHints":{"allow":["GET"]}}],"collection":[{"href":"https:\/\/www.welovecycling.com\/sk\/wp-json\/wp\/v2\/posts"}],"about":[{"href":"https:\/\/www.welovecycling.com\/sk\/wp-json\/wp\/v2\/types\/post"}],"author":[{"embeddable":true,"href":"https:\/\/www.welovecycling.com\/sk\/wp-json\/wp\/v2\/users\/172"}],"replies":[{"embeddable":true,"href":"https:\/\/www.welovecycling.com\/sk\/wp-json\/wp\/v2\/comments?post=11444"}],"version-history":[{"count":2,"href":"https:\/\/www.welovecycling.com\/sk\/wp-json\/wp\/v2\/posts\/11444\/revisions"}],"predecessor-version":[{"id":17145,"href":"https:\/\/www.welovecycling.com\/sk\/wp-json\/wp\/v2\/posts\/11444\/revisions\/17145"}],"wp:featuredmedia":[{"embeddable":true,"href":"https:\/\/www.welovecycling.com\/sk\/wp-json\/wp\/v2\/media\/11449"}],"wp:attachment":[{"href":"https:\/\/www.welovecycling.com\/sk\/wp-json\/wp\/v2\/media?parent=11444"}],"wp:term":[{"taxonomy":"category","embeddable":true,"href":"https:\/\/www.welovecycling.com\/sk\/wp-json\/wp\/v2\/categories?post=11444"},{"taxonomy":"post_tag","embeddable":true,"href":"https:\/\/www.welovecycling.com\/sk\/wp-json\/wp\/v2\/tags?post=11444"},{"taxonomy":"global-categories","embeddable":true,"href":"https:\/\/www.welovecycling.com\/sk\/wp-json\/wp\/v2\/global-categories?post=11444"}],"curies":[{"name":"wp","href":"https:\/\/api.w.org\/{rel}","templated":true}]}}