{"id":11430,"date":"2021-03-18T10:00:12","date_gmt":"2021-03-18T09:00:12","guid":{"rendered":"https:\/\/www.welovecycling.com\/sk\/?p=11430"},"modified":"2021-03-09T07:25:31","modified_gmt":"2021-03-09T06:25:31","slug":"ako-sa-menia-proporcie-tela-pocas-tour-de-france","status":"publish","type":"post","link":"https:\/\/www.welovecycling.com\/sk\/2021\/03\/18\/ako-sa-menia-proporcie-tela-pocas-tour-de-france\/","title":{"rendered":"Ako sa menia proporcie tela po\u010das Tour de France"},"content":{"rendered":"<p><strong>U\u017e ste niekedy mysleli na to, \u017ee by ste niekedy, hypoteticky, mali \u0161ancu vyhra\u0165 Tour de France? Sk\u00fasme sa teraz presun\u00fa\u0165 od sn\u00edvania o tr\u00e9ningu, finan\u010dnej podpore a troche \u0161\u0165astia, k zameraniu sa na skuto\u010dn\u00fd potenci\u00e1l ukryt\u00fd v \u013eudskom tele. Robert J. Wood z <a href=\"https:\/\/www.topendsports.com\/\" rel=\"noopener noreferrer\" target=\"_blank\">Topednsports.com<\/a> sk\u00famal proporcie tela a vek v\u00ed\u0165azov Tour de France z uplynul\u00fdch rokov. V r\u00e1mci tohto v\u00fdskumu pri\u0161iel na nieko\u013eko zauj\u00edmav\u00fdch \u00fadajov. Pasujete aj vy do jeho tabu\u013eky?<\/strong><\/p>\n<p><!--more--><\/p>\n<h2><strong>Chud\u0161\u00ed, aj napriek rovnakej v\u00fd\u0161ke<\/strong><\/h2>\n<p>Ako ste u\u017e mo\u017eno spozorovali, u profesion\u00e1lnych cyklistov je zvykom by\u0165 nadpriemerne chud\u00fd a ma\u0165 \u013eahko odl\u00ed\u0161ite\u013en\u00e9 znaky, ak\u00fdmi s\u00fa aj <strong>tenk\u00e9 horn\u00e9 kon\u010datiny a zna\u010dne dlh\u00e9 stehn\u00e1<\/strong>. Propor\u010dne dlh\u0161ie stehenn\u00e9 kosti poskytuj\u00fa jazdcom pri ped\u00e1lovan\u00ed lep\u0161\u00ed p\u00e1kov\u00fd pomer. Naviac, vrch\u00e1ri s\u00fa zv\u00e4\u010d\u0161a men\u0161ej postavy a s ni\u017e\u0161ou hmotnos\u0165ou ne\u017e je tomu u \u0161print\u00e9rov alebo \u010dasovk\u00e1rov. Ke\u010f\u017ee s\u00fa horsk\u00e9 etapy t\u00fdm, \u010do mnohokr\u00e1t rozhoduje o celkovom v\u00ed\u0165azstve, t\u00ed, ktor\u00ed na tento \u00faspech pom\u00fd\u0161\u013eaj\u00fa, musia by\u0165 postavou niekde medzi vrch\u00e1rmi a \u0161print\u00e9rmi. Menili sa tieto miery pretek\u00e1rov na Tour po\u010das vy\u0161e storo\u010dnej hist\u00f3rie? Po\u010fme sa pozrie\u0165 na nieko\u013eko z vybran\u00fdch jazdcov.<\/p>\n<figure id=\"attachment_11431\" aria-describedby=\"caption-attachment-11431\" style=\"width: 1024px\" class=\"wp-caption alignnone\"><a href=\"https:\/\/d2p6e6u75xmxt8.cloudfront.net\/2\/2021\/01\/Tour-de-France-1980-profimedia-0068271717.jpg\"><img loading=\"lazy\" decoding=\"async\" class=\"wp-image-11431 size-large\" src=\"https:\/\/d2p6e6u75xmxt8.cloudfront.net\/4\/2021\/02\/Tour-de-France-1980-profimedia-0068271717-1024x671.jpg\" alt=\"1980 Tour de France\" width=\"1024\" height=\"671\" \/><\/a><figcaption id=\"caption-attachment-11431\" class=\"wp-caption-text\">Menili sa tel\u00e1 pretek\u00e1rov po\u010das desa\u0165ro\u010d\u00ed Tour de France? \u00a9 Profimedia<\/figcaption><\/figure>\n<h2><strong>Strata telesn\u00e9ho tuku<\/strong><\/h2>\n<p>Aj napriek nedostatku inform\u00e1ci\u00ed, z\u00e1kladn\u00e9 d\u00e1ta o telesn\u00fdch \u00fadajoch pretek\u00e1rov na Tour de France, ak\u00fdmi s\u00fa v\u00fd\u0161ka a hmotnos\u0165, s\u00fa pri v\u00ed\u0165azoch dostupn\u00e9 a\u017e do roku 1940. S pou\u017eit\u00edm t\u00fdchto d\u00e1t vypo\u010d\u00edtal Robert J. Wood ich priemern\u00e9 BMI a analyzoval ich telesn\u00e9 usp\u00f4sobenie. Priemern\u00e1 v\u00fd\u0161ka \u00fa\u010dastn\u00edkov ostala takmer po\u010das celej hist\u00f3rie rovnak\u00e1. Av\u0161ak hmotnos\u0165 sa menila do zna\u010dnej miery. Pod\u013ea v\u00fdsledkov Body Mass Index, \u00faspe\u0161n\u00ed jazdci s\u00fa chud\u0161\u00edmi, ne\u017e ako tomu bolo v minulosti. Od roku 1990 sa priemern\u00e1 hmotnos\u0165 jazdca zn\u00ed\u017eila o cel\u00fdch 5 kilogramov &#8211; ale bez z\u00e1va\u017enej\u0161ej zmeny v ich v\u00fd\u0161ke. <\/p>\n<p>Niekedy nie je hmotnos\u0165 najpriamej\u0161\u00edm vyjadren\u00edm \u0161ance vyhra\u0165 Tour de France. Rukolapn\u00fdm d\u00f4kazom je aj Lous Oca\u00f1a, ktor\u00fd dominoval v roku 1973. Jeho hmotnos\u0165 sa v tej dobe pohybovala na \u00farovni 52 kg. Naopak, Miguel Indurain, ktor\u00fd bol p\u00e4\u0165n\u00e1sobn\u00fdm v\u00ed\u0165azom, nemal probl\u00e9m s hmotnos\u0165ou 80 kg aj v t\u00fdch naj\u0165a\u017e\u0161\u00edch st\u00fapaniach. Priemern\u00e9 \u00fadaje ale nazna\u010duj\u00fa, \u017ee priemern\u00e1 hmotnos\u0165 v\u00ed\u0165azov sa jednozna\u010dne zni\u017euje. A to aj napriek tomu, \u017ee s\u00fa\u010dasn\u00ed nositelia \u017elt\u00e9ho dresu maj\u00fa rovnak\u00fa v\u00fd\u0161ku ako ich predchodcovia. To znamen\u00e1, \u017ee v dne\u0161nej dobe s\u00fa jazdci \u201evybaven\u00ed\u201c men\u0161\u00edm podielom tuku, ktor\u00fd sa bl\u00ed\u017ei k rekordn\u00fdm hodnot\u00e1m.<\/p>\n<figure id=\"attachment_11432\" aria-describedby=\"caption-attachment-11432\" style=\"width: 1024px\" class=\"wp-caption alignnone\"><a href=\"https:\/\/d2p6e6u75xmxt8.cloudfront.net\/2\/2021\/01\/Luis-Ocana-profimedia-0068222482.jpg\"><img loading=\"lazy\" decoding=\"async\" class=\"wp-image-11432 size-large\" src=\"https:\/\/d2p6e6u75xmxt8.cloudfront.net\/4\/2021\/02\/Luis-Ocana-profimedia-0068222482-1024x881.jpg\" alt=\"Luis Ocana\" width=\"1024\" height=\"881\" \/><\/a><figcaption id=\"caption-attachment-11432\" class=\"wp-caption-text\">Luis Oca\u00f1a v roku 1973. \u00a9 Profimedia<\/figcaption><\/figure>\n<h2><strong>Existuje optim\u00e1lna v\u00fd\u0161ka?<\/strong><\/h2>\n<p>Ak je va\u0161a v\u00fd\u0161ka pod 180 cm, m\u00e1me pre v\u00e1s zl\u00e9 spr\u00e1vy. Napriek v\u00fdnimk\u00e1m, <strong>priemern\u00e1 v\u00fd\u0161ka \u00fa\u010dastn\u00edka Tour de France je medzi 180 a 182 centimetrov &#8211; od roku 1990<\/strong>. Obrom pelot\u00f3nu bol v roku 2007 a 2008 Marcel Sieberg s jeho fenomen\u00e1lnymi 198 centimetrami. Na druhej strane, najni\u017e\u0161\u00edm pretek\u00e1rom bol Samuel Dumoulin pri jeho 159 cm. Napriek tomu sa z\u00fa\u010dastnil Tour de France celkovo 12-kr\u00e1t a to v rokoch 2003 a\u017e 2016. \u00dadaje z\u00edskan\u00e9 od roku 1947 nazna\u010duj\u00fa, \u017ee v\u00fd\u0161ka pretek\u00e1rov st\u00fapa &#8211; s nieko\u013ek\u00fdmi s\u00fa\u010dasn\u00fdmi celkov\u00fdmi v\u00ed\u0165azmi, ktor\u00ed bolo nadpriemerne vysok\u00ed &#8211; teda okrem napr\u00edklad Kolumbij\u010dana Egana Bernala, ktor\u00fd meria 175 cm. Legend\u00e1rni v\u00ed\u0165azi ako Chris Froome, Andy Schleck alebo Miguel Indurain, mali zase dobr\u00fd preh\u013ead o tom, \u010do sa dialo v pelot\u00f3ne &#8211; ich \u201enadh\u013ead\u201c zabezpe\u010dovalo 186 cm telesnej v\u00fd\u0161ky.<\/p>\n<figure id=\"attachment_11433\" aria-describedby=\"caption-attachment-11433\" style=\"width: 1024px\" class=\"wp-caption alignnone\"><a href=\"https:\/\/d2p6e6u75xmxt8.cloudfront.net\/2\/2021\/01\/Marcel-Sieberg-profimedia-0496432661.jpg\"><img loading=\"lazy\" decoding=\"async\" class=\"wp-image-11433 size-large\" src=\"https:\/\/d2p6e6u75xmxt8.cloudfront.net\/4\/2021\/02\/Marcel-Sieberg-profimedia-0496432661-1024x682.jpg\" alt=\"Marcel Sieberg\" width=\"1024\" height=\"682\" \/><\/a><figcaption id=\"caption-attachment-11433\" class=\"wp-caption-text\">Sme si ur\u010dite ist\u00ed, \u017ee v pelot\u00f3ne nebudete ma\u0165 probl\u00e9m spozorova\u0165 Marcela Sieberga. \u00a9 Profimedia<\/figcaption><\/figure>\n<h2><strong>Jazdci s\u00fa star\u0161\u00ed &#8211; ale len o nieko\u013eko rokov<\/strong><\/h2>\n<p>Najmlad\u0161\u00ed v\u00ed\u0165az Tour bol Henri Cornet v roku 1994, ktor\u00fd mal len 20 rokov. Najstar\u0161\u00edm zase Firmin Lambot z roku 1922, ktor\u00e9ho vek bol 36 rokov. Aj napriek tomu, \u017ee sme v uplynul\u00fdch rokoch videli v\u00ed\u0165azstvo Tadeja Poga\u010dara vo veku 22 rokov alebo rovnako star\u00e9ho Egana Bernala, priemern\u00fd vek dr\u017eite\u013ea \u017elt\u00e9ho dresu sa po\u010das posledn\u00fdch desiatich rokov pohyboval okolo 28 rokov. Vek v\u00ed\u0165azov je v priamom pomere s priemern\u00fdm vekom \u00fa\u010dastn\u00edkov. Pr\u00e1ve ten sa z p\u00f4vodn\u00fdch 28 rokov zv\u00fd\u0161il na cel\u00fdch 30 rokov. Tak\u00e9to nav\u00fd\u0161enie mo\u017eno prip\u00edsa\u0165 aj <strong>kvalitnej\u0161ej v\u00fd\u017eive a lek\u00e1rskej starostlivosti<\/strong>, ako aj neust\u00e1le sa zvy\u0161uj\u00facej finan\u010dnej odmene, ktor\u00e1 pretek\u00e1rov motivuje k tomu, aby sa na takto n\u00e1ro\u010dn\u00e9 podujatia neust\u00e1le vracali aj vo vy\u0161\u0161om veku. Priemern\u00fd vek v\u00ed\u0165azov tak jemne rastie, \u010do znamen\u00e1, \u017ee sk\u00fasenej\u0161\u00ed jazdci maj\u00fa v\u00e4\u010d\u0161iu \u0161ancu ovl\u00e1dnu\u0165 Tour. Samozrejme, ako sme mali mo\u017enos\u0165 pozorova\u0165 na uplynul\u00fdch GrandTour, \u00e9ra mlad\u00edkov asi prich\u00e1dza vo v\u00e4\u010d\u0161ej miere, ne\u017e ak\u00fd by na\u0161e v\u00fdpo\u010dty predpokladali.<\/p>\n","protected":false},"excerpt":{"rendered":"<p>U\u017e ste niekedy mysleli na to, \u017ee by ste niekedy, hypoteticky, mali \u0161ancu vyhra\u0165 Tour de France? Sk\u00fasme sa teraz [&hellip;]<\/p>\n","protected":false},"author":81,"featured_media":11435,"comment_status":"open","ping_status":"open","sticky":false,"template":"","format":"standard","meta":{"footnotes":""},"categories":[4],"tags":[619,275,115,487,119,597,546,1038,1174,1265,885,1258,20,55],"global-categories":[],"class_list":["post-11430","post","type-post","status-publish","format-standard","has-post-thumbnail","hentry","category-cestna-cyklisitika","tag-bicyklovanie","tag-cesta","tag-cestna-cyklistika","tag-cestny-bicykel","tag-chris-froome","tag-cyklista","tag-cyklistika","tag-egan-bernal","tag-hmotnost","tag-luis-ocana","tag-profesional","tag-tadej-pogacar","tag-tour-de-france","tag-trening"],"yoast_head":"<!-- This site is optimized with the Yoast SEO Premium plugin v25.3 (Yoast SEO v25.9) - https:\/\/yoast.com\/wordpress\/plugins\/seo\/ -->\n<title>Ako sa menia proporcie tela po\u010das Tour de France - \u0160koda We Love Cycling Slovensko<\/title>\n<meta name=\"robots\" content=\"index, follow, max-snippet:-1, max-image-preview:large, max-video-preview:-1\" \/>\n<link rel=\"canonical\" href=\"https:\/\/www.welovecycling.com\/sk\/2021\/03\/18\/ako-sa-menia-proporcie-tela-pocas-tour-de-france\/\" \/>\n<meta property=\"og:locale\" content=\"sk_SK\" \/>\n<meta property=\"og:type\" content=\"article\" \/>\n<meta property=\"og:title\" content=\"Ako sa menia proporcie tela po\u010das Tour de France\" \/>\n<meta property=\"og:description\" content=\"U\u017e ste niekedy mysleli na to, \u017ee by ste niekedy, hypoteticky, mali \u0161ancu vyhra\u0165 Tour de France? Sk\u00fasme sa teraz [&hellip;]\" \/>\n<meta property=\"og:url\" content=\"https:\/\/www.welovecycling.com\/sk\/2021\/03\/18\/ako-sa-menia-proporcie-tela-pocas-tour-de-france\/\" \/>\n<meta property=\"og:site_name\" content=\"\u0160koda We Love Cycling Slovensko\" \/>\n<meta property=\"article:published_time\" content=\"2021-03-18T09:00:12+00:00\" \/>\n<meta property=\"og:image\" content=\"https:\/\/d2p6e6u75xmxt8.cloudfront.net\/4\/2021\/02\/Tour-de-France-peloton-profimedia-0559058623-CVR.webp\" \/>\n\t<meta property=\"og:image:width\" content=\"1366\" \/>\n\t<meta property=\"og:image:height\" content=\"600\" \/>\n\t<meta property=\"og:image:type\" content=\"image\/webp\" \/>\n<meta name=\"twitter:card\" content=\"summary_large_image\" \/>\n<meta name=\"twitter:label1\" content=\"Written by\" \/>\n\t<meta name=\"twitter:data1\" content=\"Adam Marsal\" \/>\n\t<meta name=\"twitter:label2\" content=\"Est. reading time\" \/>\n\t<meta name=\"twitter:data2\" content=\"5\" \/>\n<script type=\"application\/ld+json\" class=\"yoast-schema-graph\">{\"@context\":\"https:\/\/schema.org\",\"@graph\":[{\"@type\":\"WebPage\",\"@id\":\"https:\/\/www.welovecycling.com\/sk\/2021\/03\/18\/ako-sa-menia-proporcie-tela-pocas-tour-de-france\/\",\"url\":\"https:\/\/www.welovecycling.com\/sk\/2021\/03\/18\/ako-sa-menia-proporcie-tela-pocas-tour-de-france\/\",\"name\":\"Ako sa menia proporcie tela po\u010das Tour de France - \u0160koda We Love Cycling Slovensko\",\"isPartOf\":{\"@id\":\"https:\/\/www.welovecycling.com\/sk\/#website\"},\"primaryImageOfPage\":{\"@id\":\"https:\/\/www.welovecycling.com\/sk\/2021\/03\/18\/ako-sa-menia-proporcie-tela-pocas-tour-de-france\/#primaryimage\"},\"image\":{\"@id\":\"https:\/\/www.welovecycling.com\/sk\/2021\/03\/18\/ako-sa-menia-proporcie-tela-pocas-tour-de-france\/#primaryimage\"},\"thumbnailUrl\":\"https:\/\/d2p6e6u75xmxt8.cloudfront.net\/4\/2021\/02\/Tour-de-France-peloton-profimedia-0559058623-CVR.webp\",\"datePublished\":\"2021-03-18T09:00:12+00:00\",\"author\":{\"@id\":\"\"},\"breadcrumb\":{\"@id\":\"https:\/\/www.welovecycling.com\/sk\/2021\/03\/18\/ako-sa-menia-proporcie-tela-pocas-tour-de-france\/#breadcrumb\"},\"inLanguage\":\"sk-SK\",\"potentialAction\":[{\"@type\":\"ReadAction\",\"target\":[\"https:\/\/www.welovecycling.com\/sk\/2021\/03\/18\/ako-sa-menia-proporcie-tela-pocas-tour-de-france\/\"]}]},{\"@type\":\"ImageObject\",\"inLanguage\":\"sk-SK\",\"@id\":\"https:\/\/www.welovecycling.com\/sk\/2021\/03\/18\/ako-sa-menia-proporcie-tela-pocas-tour-de-france\/#primaryimage\",\"url\":\"https:\/\/d2p6e6u75xmxt8.cloudfront.net\/4\/2021\/02\/Tour-de-France-peloton-profimedia-0559058623-CVR.webp\",\"contentUrl\":\"https:\/\/d2p6e6u75xmxt8.cloudfront.net\/4\/2021\/02\/Tour-de-France-peloton-profimedia-0559058623-CVR.webp\",\"width\":1366,\"height\":600,\"caption\":\"Tour de France\"},{\"@type\":\"BreadcrumbList\",\"@id\":\"https:\/\/www.welovecycling.com\/sk\/2021\/03\/18\/ako-sa-menia-proporcie-tela-pocas-tour-de-france\/#breadcrumb\",\"itemListElement\":[{\"@type\":\"ListItem\",\"position\":1,\"name\":\"Home\",\"item\":\"https:\/\/www.welovecycling.com\/sk\/\"},{\"@type\":\"ListItem\",\"position\":2,\"name\":\"Ako sa menia proporcie tela po\u010das Tour de France\"}]},{\"@type\":\"WebSite\",\"@id\":\"https:\/\/www.welovecycling.com\/sk\/#website\",\"url\":\"https:\/\/www.welovecycling.com\/sk\/\",\"name\":\"\u0160koda We Love Cycling Slovensko\",\"description\":\"\u0160koda We Love Cycling Slovensko je v\u00e1\u0161 ka\u017edodenn\u00fd zdroj noviniek a in\u0161pir\u00e1cie z sveta cyklistiky\",\"potentialAction\":[{\"@type\":\"SearchAction\",\"target\":{\"@type\":\"EntryPoint\",\"urlTemplate\":\"https:\/\/www.welovecycling.com\/sk\/?s={search_term_string}\"},\"query-input\":{\"@type\":\"PropertyValueSpecification\",\"valueRequired\":true,\"valueName\":\"search_term_string\"}}],\"inLanguage\":\"sk-SK\"},{\"@type\":\"Person\",\"@id\":\"\",\"url\":\"https:\/\/www.welovecycling.com\/sk\/author\/\"}]}<\/script>\n<!-- \/ Yoast SEO Premium plugin. -->","yoast_head_json":{"title":"Ako sa menia proporcie tela po\u010das Tour de France - \u0160koda We Love Cycling Slovensko","robots":{"index":"index","follow":"follow","max-snippet":"max-snippet:-1","max-image-preview":"max-image-preview:large","max-video-preview":"max-video-preview:-1"},"canonical":"https:\/\/www.welovecycling.com\/sk\/2021\/03\/18\/ako-sa-menia-proporcie-tela-pocas-tour-de-france\/","og_locale":"sk_SK","og_type":"article","og_title":"Ako sa menia proporcie tela po\u010das Tour de France","og_description":"U\u017e ste niekedy mysleli na to, \u017ee by ste niekedy, hypoteticky, mali \u0161ancu vyhra\u0165 Tour de France? Sk\u00fasme sa teraz [&hellip;]","og_url":"https:\/\/www.welovecycling.com\/sk\/2021\/03\/18\/ako-sa-menia-proporcie-tela-pocas-tour-de-france\/","og_site_name":"\u0160koda We Love Cycling Slovensko","article_published_time":"2021-03-18T09:00:12+00:00","og_image":[{"width":1366,"height":600,"url":"https:\/\/d2p6e6u75xmxt8.cloudfront.net\/4\/2021\/02\/Tour-de-France-peloton-profimedia-0559058623-CVR.webp","type":"image\/webp"}],"twitter_card":"summary_large_image","twitter_misc":{"Written by":"Adam Marsal","Est. reading time":"5"},"schema":{"@context":"https:\/\/schema.org","@graph":[{"@type":"WebPage","@id":"https:\/\/www.welovecycling.com\/sk\/2021\/03\/18\/ako-sa-menia-proporcie-tela-pocas-tour-de-france\/","url":"https:\/\/www.welovecycling.com\/sk\/2021\/03\/18\/ako-sa-menia-proporcie-tela-pocas-tour-de-france\/","name":"Ako sa menia proporcie tela po\u010das Tour de France - \u0160koda We Love Cycling Slovensko","isPartOf":{"@id":"https:\/\/www.welovecycling.com\/sk\/#website"},"primaryImageOfPage":{"@id":"https:\/\/www.welovecycling.com\/sk\/2021\/03\/18\/ako-sa-menia-proporcie-tela-pocas-tour-de-france\/#primaryimage"},"image":{"@id":"https:\/\/www.welovecycling.com\/sk\/2021\/03\/18\/ako-sa-menia-proporcie-tela-pocas-tour-de-france\/#primaryimage"},"thumbnailUrl":"https:\/\/d2p6e6u75xmxt8.cloudfront.net\/4\/2021\/02\/Tour-de-France-peloton-profimedia-0559058623-CVR.webp","datePublished":"2021-03-18T09:00:12+00:00","author":{"@id":""},"breadcrumb":{"@id":"https:\/\/www.welovecycling.com\/sk\/2021\/03\/18\/ako-sa-menia-proporcie-tela-pocas-tour-de-france\/#breadcrumb"},"inLanguage":"sk-SK","potentialAction":[{"@type":"ReadAction","target":["https:\/\/www.welovecycling.com\/sk\/2021\/03\/18\/ako-sa-menia-proporcie-tela-pocas-tour-de-france\/"]}]},{"@type":"ImageObject","inLanguage":"sk-SK","@id":"https:\/\/www.welovecycling.com\/sk\/2021\/03\/18\/ako-sa-menia-proporcie-tela-pocas-tour-de-france\/#primaryimage","url":"https:\/\/d2p6e6u75xmxt8.cloudfront.net\/4\/2021\/02\/Tour-de-France-peloton-profimedia-0559058623-CVR.webp","contentUrl":"https:\/\/d2p6e6u75xmxt8.cloudfront.net\/4\/2021\/02\/Tour-de-France-peloton-profimedia-0559058623-CVR.webp","width":1366,"height":600,"caption":"Tour de France"},{"@type":"BreadcrumbList","@id":"https:\/\/www.welovecycling.com\/sk\/2021\/03\/18\/ako-sa-menia-proporcie-tela-pocas-tour-de-france\/#breadcrumb","itemListElement":[{"@type":"ListItem","position":1,"name":"Home","item":"https:\/\/www.welovecycling.com\/sk\/"},{"@type":"ListItem","position":2,"name":"Ako sa menia proporcie tela po\u010das Tour de France"}]},{"@type":"WebSite","@id":"https:\/\/www.welovecycling.com\/sk\/#website","url":"https:\/\/www.welovecycling.com\/sk\/","name":"\u0160koda We Love Cycling Slovensko","description":"\u0160koda We Love Cycling Slovensko je v\u00e1\u0161 ka\u017edodenn\u00fd zdroj noviniek a in\u0161pir\u00e1cie z sveta cyklistiky","potentialAction":[{"@type":"SearchAction","target":{"@type":"EntryPoint","urlTemplate":"https:\/\/www.welovecycling.com\/sk\/?s={search_term_string}"},"query-input":{"@type":"PropertyValueSpecification","valueRequired":true,"valueName":"search_term_string"}}],"inLanguage":"sk-SK"},{"@type":"Person","@id":"","url":"https:\/\/www.welovecycling.com\/sk\/author\/"}]}},"_links":{"self":[{"href":"https:\/\/www.welovecycling.com\/sk\/wp-json\/wp\/v2\/posts\/11430","targetHints":{"allow":["GET"]}}],"collection":[{"href":"https:\/\/www.welovecycling.com\/sk\/wp-json\/wp\/v2\/posts"}],"about":[{"href":"https:\/\/www.welovecycling.com\/sk\/wp-json\/wp\/v2\/types\/post"}],"author":[{"embeddable":true,"href":"https:\/\/www.welovecycling.com\/sk\/wp-json\/wp\/v2\/users\/81"}],"replies":[{"embeddable":true,"href":"https:\/\/www.welovecycling.com\/sk\/wp-json\/wp\/v2\/comments?post=11430"}],"version-history":[{"count":2,"href":"https:\/\/www.welovecycling.com\/sk\/wp-json\/wp\/v2\/posts\/11430\/revisions"}],"predecessor-version":[{"id":11442,"href":"https:\/\/www.welovecycling.com\/sk\/wp-json\/wp\/v2\/posts\/11430\/revisions\/11442"}],"wp:featuredmedia":[{"embeddable":true,"href":"https:\/\/www.welovecycling.com\/sk\/wp-json\/wp\/v2\/media\/11435"}],"wp:attachment":[{"href":"https:\/\/www.welovecycling.com\/sk\/wp-json\/wp\/v2\/media?parent=11430"}],"wp:term":[{"taxonomy":"category","embeddable":true,"href":"https:\/\/www.welovecycling.com\/sk\/wp-json\/wp\/v2\/categories?post=11430"},{"taxonomy":"post_tag","embeddable":true,"href":"https:\/\/www.welovecycling.com\/sk\/wp-json\/wp\/v2\/tags?post=11430"},{"taxonomy":"global-categories","embeddable":true,"href":"https:\/\/www.welovecycling.com\/sk\/wp-json\/wp\/v2\/global-categories?post=11430"}],"curies":[{"name":"wp","href":"https:\/\/api.w.org\/{rel}","templated":true}]}}