{"id":11421,"date":"2021-02-18T10:00:18","date_gmt":"2021-02-18T09:00:18","guid":{"rendered":"https:\/\/www.welovecycling.com\/sk\/?p=11421"},"modified":"2021-02-11T09:22:15","modified_gmt":"2021-02-11T08:22:15","slug":"mads-pedersen-chce-ziskat-skoda-zeleny-dres-na-tour-de-france","status":"publish","type":"post","link":"https:\/\/www.welovecycling.com\/sk\/2021\/02\/18\/mads-pedersen-chce-ziskat-skoda-zeleny-dres-na-tour-de-france\/","title":{"rendered":"Mads Pedersen chce z\u00edska\u0165 \u0160koda Zelen\u00fd dres na Tour de France"},"content":{"rendered":"<p><strong>Ako Majster sveta z roku 2019, Mads Pedersen nemal pr\u00e1ve mno\u017estvo pr\u00edle\u017eitost\u00ed, kedy sa mohol predstavi\u0165 vo svojom jedine\u010dnom d\u00fahovom drese. Av\u0161ak, to chce zmeni\u0165. Pod\u013ea jeho slov na predsez\u00f3nnej konferencii, najv\u00e4\u010d\u0161\u00edm cie\u013eom tejto sez\u00f3ny bud\u00fa Majstrovstv\u00e1 sveta 2021.<\/strong><\/p>\n<p><!--more--><br \/>\n\u201eAk by som si mal vybra\u0165 jedny preteky, ktor\u00e9 by som v tomto roku chcel vyhra\u0165, r\u00e1d by som op\u00e4\u0165 zv\u00ed\u0165azil na Majstrovstv\u00e1ch sveta. Bola \u0161koda, \u017ee som svojim de\u0165om nemohol uk\u00e1za\u0165 obr\u00e1zky z Par\u00ed\u017e-Roubaix v d\u00fahovom drese &#8211; pr\u00e1ve to bolo na sez\u00f3nne s men\u0161\u00edm mno\u017estvom podujat\u00ed to naj\u0165a\u017e\u0161ie.\u201c<\/p>\n<p>Tento 24-ro\u010dn\u00fd pretek\u00e1r m\u00e1 e\u0161te aj in\u00e9 ciele. Po\u010das minul\u00e9ho roka <strong>vyhral aj Gent-Wevelgem<\/strong>. Pedersen by sa teda r\u00e1d prezentoval ako klasik\u00e1r. Vo svojom t\u00edme Trek-Segafredo m\u00e1 aj Jaspera Stuyvena, ktor\u00fd mu bude \u201ekry\u0165 chrb\u00e1t\u201c, alebo pom\u00e1ha\u0165 pri zisku \u010fal\u0161ieho \u00faspechu.<\/p>\n<div class=\"embed-controller-wrapper\">\n<blockquote class=\"twitter-tweet\" data-width=\"500\" data-dnt=\"true\">\n<p lang=\"en\" dir=\"ltr\">\ud83d\udea8TEAM NEWS!<\/p>\n<p>Provisional major goals for Trek-Segafredo leaders:<\/p>\n<p>Classics: <a href=\"https:\/\/twitter.com\/Jasperstuyven?ref_src=twsrc%5Etfw\">@Jasperstuyven<\/a> and <a href=\"https:\/\/twitter.com\/Mads__Pedersen?ref_src=twsrc%5Etfw\">@Mads__Pedersen<\/a> \ud83d\udcaa\ud83d\udcaa<br \/>Giro: <a href=\"https:\/\/twitter.com\/vincenzonibali?ref_src=twsrc%5Etfw\">@vincenzonibali<\/a>, <a href=\"https:\/\/twitter.com\/BaukeMollema?ref_src=twsrc%5Etfw\">@BaukeMollema<\/a> and <a href=\"https:\/\/twitter.com\/giuliocicco1?ref_src=twsrc%5Etfw\">@giuliocicco1<\/a> \ud83d\udc68\u200d\ud83d\udc68\u200d\ud83d\udc66<br \/>Tour: Nibali, Mollema, Stuyven and Pedersen \ud83d\udeb5\ud83d\udeb5\ud83d\udcaa\ud83d\udcaa<br \/>Vuelta: Ciccone \ud83c\udf1f <a href=\"https:\/\/t.co\/hLBwdOaXfY\">pic.twitter.com\/hLBwdOaXfY<\/a><\/p>\n<p>&mdash; Lidl-Trek (@LidlTrek) <a href=\"https:\/\/twitter.com\/LidlTrek\/status\/1348609095088164865?ref_src=twsrc%5Etfw\">January 11, 2021<\/a><\/p><\/blockquote>\n<p><script async data-src=\"https:\/\/platform.twitter.com\/widgets.js\" charset=\"utf-8\"><\/script><\/div>\n<p>\u201eTo, v \u010dom sme z m\u00f4jho poh\u013eadu o nie\u010do odli\u0161nej\u0161\u00ed, ne\u017e ostatn\u00ed pretek\u00e1ri, je skuto\u010dnos\u0165, \u017ee si u\u017e\u00edvame, ako niekto in\u00fd vyhr\u00e1 preteky. Popravde, v\u0161etci chceme, aby ten druh\u00fd z\u00edskal prvenstvo. Ak sa do fin\u00e1lovej pas\u00e1\u017ee dostane len Jasper, nepoci\u0165ujem to ako smolu. Povedzme to takto: ak by to bol Jasper, kto by sa na Gent-Wevelgem dostal do \u00faniku so \u0161print\u00e9rmi, bol by som viac ne\u017e \u0161\u0165astn\u00fd, ak by t\u00fato mo\u017enos\u0165 premenil na v\u00ed\u0165azstvo. Ma\u0165 mo\u017enos\u0165 vybra\u0165 si z dvoch jazdcov, n\u00e1s rob\u00ed silnej\u0161\u00edmi. Dalo by sa poveda\u0165, \u017ee m\u00e1me na ruke p\u00e1r kr\u00e1\u013eov &#8211; nie nejak\u00e9 zl\u00e9 karty.\u201c<\/p>\n<p>Ak ale na \u0161tarte stoja men\u00e1 ako Wout van Aert alebo Mathieu van der Poel, <strong>ide do tuh\u00e9ho<\/strong>. Av\u0161ak aj v t\u00fdchto chv\u00ed\u013each Mads Pedersen vie, \u017ee dok\u00e1\u017ee vyhr\u00e1va\u0165 aj pri priamom s\u00faboji s t\u00fdmi najlep\u0161\u00edmi.<\/p>\n<figure id=\"attachment_11423\" aria-describedby=\"caption-attachment-11423\" style=\"width: 1024px\" class=\"wp-caption alignnone\"><a href=\"https:\/\/d2p6e6u75xmxt8.cloudfront.net\/2\/2021\/01\/Wout-van-Aert-profimedia-0564373637-1.jpg\"><img loading=\"lazy\" decoding=\"async\" class=\"wp-image-11423 size-large\" src=\"https:\/\/d2p6e6u75xmxt8.cloudfront.net\/4\/2021\/02\/Wout-van-Aert-profimedia-0564373637-1-1024x665.jpg\" alt=\"Wout van Aert and Mathies van der Poel\" width=\"1024\" height=\"665\" \/><\/a><figcaption id=\"caption-attachment-11423\" class=\"wp-caption-text\">Wout van Aert a Mathieu van der Poel s\u00fa skuto\u010dne \u0165a\u017ek\u00fdmi s\u00fapermi, av\u0161ak Pedersen si ver\u00ed. \u00a9 Profimedia<\/figcaption><\/figure>\n<p>\u201eNie s\u00fa neporazite\u013en\u00ed. S\u00e1m som u\u017e dok\u00e1zal, \u017ee je nad nimi mo\u017en\u00e9 zv\u00ed\u0165azi\u0165. Samozrejme, nedok\u00e1\u017eem ich porazi\u0165 v\u017edy, ke\u010f spolu pretek\u00e1me. Ale rovnako ani oni nevyhr\u00e1vaj\u00fa v ka\u017ed\u00fdch pretekoch. Podstatn\u00e9 je, \u017ee jednoducho viem, \u017ee v\u00ed\u0165azstvo je v\u017edy uskuto\u010dnite\u013en\u00e9.\u201c<\/p>\n<p>To s\u00fa pl\u00e1ny Madsa Pedersena na rok 2021. Ale okrem nich existuj\u00fa aj in\u00e9 my\u0161lienky, o ktor\u00fdch tento D\u00e1n prem\u00fd\u0161\u013ea. Tour de France 2022 za\u010d\u00edna v Kodani a druh\u00e1 etapa vedie dokonca okolo Pedersenovho domu &#8211; aj preto by to bol skuto\u010dne magick\u00fd moment, ak by po\u010das tohto d\u0148a obliekol \u017elt\u00fd dres. A ak hovor\u00edme o Tour de France v spojitosti s Madsom Pedersenom, nesmieme zabudn\u00fa\u0165 na zelen\u00fd dres.<\/p>\n<p>\u201eV s\u00fa\u010dasnej dobe vid\u00edm mo\u017enosti, ako sa k nemu prebojova\u0165. Ak pr\u00edde moment, kedy bude Tour ako stvoren\u00e1 pre m\u0148a a dobre mi sadne, ur\u010dite nebudem v\u00e1ha\u0165. Bolo by skvel\u00e9 ma\u0165 po tom, ako skon\u010d\u00edm s cyklistikou, zelen\u00fd dres zavesen\u00fd na stene.\u201c<\/p>\n<p>Ako si mysl\u00edte, \u017ee sa bude Madsovi Pedersenovi dari\u0165 v sez\u00f3ne 2021? A dok\u00e1\u017ee niekedy z\u00edska\u0165 <strong>povestn\u00fd \u0160koda zelen\u00fd dres<\/strong>?<\/p>\n","protected":false},"excerpt":{"rendered":"<p>Ako Majster sveta z roku 2019, Mads Pedersen nemal pr\u00e1ve mno\u017estvo pr\u00edle\u017eitost\u00ed, kedy sa mohol predstavi\u0165 vo svojom jedine\u010dnom d\u00fahovom [&hellip;]<\/p>\n","protected":false},"author":81,"featured_media":11425,"comment_status":"open","ping_status":"open","sticky":false,"template":"","format":"standard","meta":{"footnotes":""},"categories":[4],"tags":[619,115,487,597,546,1345,704,542,1009,1346,20,156],"global-categories":[],"class_list":["post-11421","post","type-post","status-publish","format-standard","has-post-thumbnail","hentry","category-cestna-cyklisitika","tag-bicyklovanie","tag-cestna-cyklistika","tag-cestny-bicykel","tag-cyklista","tag-cyklistika","tag-mads-pedersen","tag-mathieu-van-der-poel","tag-skoda","tag-skoda-auto","tag-skoda-zeleny-dres","tag-tour-de-france","tag-zeleny-dres"],"yoast_head":"<!-- This site is optimized with the Yoast SEO Premium plugin v25.3 (Yoast SEO v25.9) - https:\/\/yoast.com\/wordpress\/plugins\/seo\/ -->\n<title>Mads Pedersen chce z\u00edska\u0165 \u0160koda Zelen\u00fd dres na Tour de France - \u0160koda We Love Cycling Slovensko<\/title>\n<meta name=\"robots\" content=\"index, follow, max-snippet:-1, max-image-preview:large, max-video-preview:-1\" \/>\n<link rel=\"canonical\" href=\"https:\/\/www.welovecycling.com\/sk\/2021\/02\/18\/mads-pedersen-chce-ziskat-skoda-zeleny-dres-na-tour-de-france\/\" \/>\n<meta property=\"og:locale\" content=\"sk_SK\" \/>\n<meta property=\"og:type\" content=\"article\" \/>\n<meta property=\"og:title\" content=\"Mads Pedersen chce z\u00edska\u0165 \u0160koda Zelen\u00fd dres na Tour de France\" \/>\n<meta property=\"og:description\" content=\"Ako Majster sveta z roku 2019, Mads Pedersen nemal pr\u00e1ve mno\u017estvo pr\u00edle\u017eitost\u00ed, kedy sa mohol predstavi\u0165 vo svojom jedine\u010dnom d\u00fahovom [&hellip;]\" \/>\n<meta property=\"og:url\" content=\"https:\/\/www.welovecycling.com\/sk\/2021\/02\/18\/mads-pedersen-chce-ziskat-skoda-zeleny-dres-na-tour-de-france\/\" \/>\n<meta property=\"og:site_name\" content=\"\u0160koda We Love Cycling Slovensko\" \/>\n<meta property=\"article:published_time\" content=\"2021-02-18T09:00:18+00:00\" \/>\n<meta property=\"og:image\" content=\"https:\/\/d2p6e6u75xmxt8.cloudfront.net\/4\/2021\/02\/Mads-Pedersen-profimedia-0558152868-CVR.webp\" \/>\n\t<meta property=\"og:image:width\" content=\"1366\" \/>\n\t<meta property=\"og:image:height\" content=\"600\" \/>\n\t<meta property=\"og:image:type\" content=\"image\/webp\" \/>\n<meta name=\"twitter:card\" content=\"summary_large_image\" \/>\n<meta name=\"twitter:label1\" content=\"Written by\" \/>\n\t<meta name=\"twitter:data1\" content=\"Monica Buck\" \/>\n\t<meta name=\"twitter:label2\" content=\"Est. reading time\" \/>\n\t<meta name=\"twitter:data2\" content=\"4\" \/>\n<script type=\"application\/ld+json\" class=\"yoast-schema-graph\">{\"@context\":\"https:\/\/schema.org\",\"@graph\":[{\"@type\":\"WebPage\",\"@id\":\"https:\/\/www.welovecycling.com\/sk\/2021\/02\/18\/mads-pedersen-chce-ziskat-skoda-zeleny-dres-na-tour-de-france\/\",\"url\":\"https:\/\/www.welovecycling.com\/sk\/2021\/02\/18\/mads-pedersen-chce-ziskat-skoda-zeleny-dres-na-tour-de-france\/\",\"name\":\"Mads Pedersen chce z\u00edska\u0165 \u0160koda Zelen\u00fd dres na Tour de France - \u0160koda We Love Cycling Slovensko\",\"isPartOf\":{\"@id\":\"https:\/\/www.welovecycling.com\/sk\/#website\"},\"primaryImageOfPage\":{\"@id\":\"https:\/\/www.welovecycling.com\/sk\/2021\/02\/18\/mads-pedersen-chce-ziskat-skoda-zeleny-dres-na-tour-de-france\/#primaryimage\"},\"image\":{\"@id\":\"https:\/\/www.welovecycling.com\/sk\/2021\/02\/18\/mads-pedersen-chce-ziskat-skoda-zeleny-dres-na-tour-de-france\/#primaryimage\"},\"thumbnailUrl\":\"https:\/\/d2p6e6u75xmxt8.cloudfront.net\/4\/2021\/02\/Mads-Pedersen-profimedia-0558152868-CVR.webp\",\"datePublished\":\"2021-02-18T09:00:18+00:00\",\"author\":{\"@id\":\"\"},\"breadcrumb\":{\"@id\":\"https:\/\/www.welovecycling.com\/sk\/2021\/02\/18\/mads-pedersen-chce-ziskat-skoda-zeleny-dres-na-tour-de-france\/#breadcrumb\"},\"inLanguage\":\"sk-SK\",\"potentialAction\":[{\"@type\":\"ReadAction\",\"target\":[\"https:\/\/www.welovecycling.com\/sk\/2021\/02\/18\/mads-pedersen-chce-ziskat-skoda-zeleny-dres-na-tour-de-france\/\"]}]},{\"@type\":\"ImageObject\",\"inLanguage\":\"sk-SK\",\"@id\":\"https:\/\/www.welovecycling.com\/sk\/2021\/02\/18\/mads-pedersen-chce-ziskat-skoda-zeleny-dres-na-tour-de-france\/#primaryimage\",\"url\":\"https:\/\/d2p6e6u75xmxt8.cloudfront.net\/4\/2021\/02\/Mads-Pedersen-profimedia-0558152868-CVR.webp\",\"contentUrl\":\"https:\/\/d2p6e6u75xmxt8.cloudfront.net\/4\/2021\/02\/Mads-Pedersen-profimedia-0558152868-CVR.webp\",\"width\":1366,\"height\":600,\"caption\":\"Mads Pedersen\"},{\"@type\":\"BreadcrumbList\",\"@id\":\"https:\/\/www.welovecycling.com\/sk\/2021\/02\/18\/mads-pedersen-chce-ziskat-skoda-zeleny-dres-na-tour-de-france\/#breadcrumb\",\"itemListElement\":[{\"@type\":\"ListItem\",\"position\":1,\"name\":\"Home\",\"item\":\"https:\/\/www.welovecycling.com\/sk\/\"},{\"@type\":\"ListItem\",\"position\":2,\"name\":\"Mads Pedersen chce z\u00edska\u0165 \u0160koda Zelen\u00fd dres na Tour de France\"}]},{\"@type\":\"WebSite\",\"@id\":\"https:\/\/www.welovecycling.com\/sk\/#website\",\"url\":\"https:\/\/www.welovecycling.com\/sk\/\",\"name\":\"\u0160koda We Love Cycling Slovensko\",\"description\":\"\u0160koda We Love Cycling Slovensko je v\u00e1\u0161 ka\u017edodenn\u00fd zdroj noviniek a in\u0161pir\u00e1cie z sveta cyklistiky\",\"potentialAction\":[{\"@type\":\"SearchAction\",\"target\":{\"@type\":\"EntryPoint\",\"urlTemplate\":\"https:\/\/www.welovecycling.com\/sk\/?s={search_term_string}\"},\"query-input\":{\"@type\":\"PropertyValueSpecification\",\"valueRequired\":true,\"valueName\":\"search_term_string\"}}],\"inLanguage\":\"sk-SK\"},{\"@type\":\"Person\",\"@id\":\"\",\"url\":\"https:\/\/www.welovecycling.com\/sk\/author\/\"}]}<\/script>\n<!-- \/ Yoast SEO Premium plugin. -->","yoast_head_json":{"title":"Mads Pedersen chce z\u00edska\u0165 \u0160koda Zelen\u00fd dres na Tour de France - \u0160koda We Love Cycling Slovensko","robots":{"index":"index","follow":"follow","max-snippet":"max-snippet:-1","max-image-preview":"max-image-preview:large","max-video-preview":"max-video-preview:-1"},"canonical":"https:\/\/www.welovecycling.com\/sk\/2021\/02\/18\/mads-pedersen-chce-ziskat-skoda-zeleny-dres-na-tour-de-france\/","og_locale":"sk_SK","og_type":"article","og_title":"Mads Pedersen chce z\u00edska\u0165 \u0160koda Zelen\u00fd dres na Tour de France","og_description":"Ako Majster sveta z roku 2019, Mads Pedersen nemal pr\u00e1ve mno\u017estvo pr\u00edle\u017eitost\u00ed, kedy sa mohol predstavi\u0165 vo svojom jedine\u010dnom d\u00fahovom [&hellip;]","og_url":"https:\/\/www.welovecycling.com\/sk\/2021\/02\/18\/mads-pedersen-chce-ziskat-skoda-zeleny-dres-na-tour-de-france\/","og_site_name":"\u0160koda We Love Cycling Slovensko","article_published_time":"2021-02-18T09:00:18+00:00","og_image":[{"width":1366,"height":600,"url":"https:\/\/d2p6e6u75xmxt8.cloudfront.net\/4\/2021\/02\/Mads-Pedersen-profimedia-0558152868-CVR.webp","type":"image\/webp"}],"twitter_card":"summary_large_image","twitter_misc":{"Written by":"Monica Buck","Est. reading time":"4"},"schema":{"@context":"https:\/\/schema.org","@graph":[{"@type":"WebPage","@id":"https:\/\/www.welovecycling.com\/sk\/2021\/02\/18\/mads-pedersen-chce-ziskat-skoda-zeleny-dres-na-tour-de-france\/","url":"https:\/\/www.welovecycling.com\/sk\/2021\/02\/18\/mads-pedersen-chce-ziskat-skoda-zeleny-dres-na-tour-de-france\/","name":"Mads Pedersen chce z\u00edska\u0165 \u0160koda Zelen\u00fd dres na Tour de France - \u0160koda We Love Cycling Slovensko","isPartOf":{"@id":"https:\/\/www.welovecycling.com\/sk\/#website"},"primaryImageOfPage":{"@id":"https:\/\/www.welovecycling.com\/sk\/2021\/02\/18\/mads-pedersen-chce-ziskat-skoda-zeleny-dres-na-tour-de-france\/#primaryimage"},"image":{"@id":"https:\/\/www.welovecycling.com\/sk\/2021\/02\/18\/mads-pedersen-chce-ziskat-skoda-zeleny-dres-na-tour-de-france\/#primaryimage"},"thumbnailUrl":"https:\/\/d2p6e6u75xmxt8.cloudfront.net\/4\/2021\/02\/Mads-Pedersen-profimedia-0558152868-CVR.webp","datePublished":"2021-02-18T09:00:18+00:00","author":{"@id":""},"breadcrumb":{"@id":"https:\/\/www.welovecycling.com\/sk\/2021\/02\/18\/mads-pedersen-chce-ziskat-skoda-zeleny-dres-na-tour-de-france\/#breadcrumb"},"inLanguage":"sk-SK","potentialAction":[{"@type":"ReadAction","target":["https:\/\/www.welovecycling.com\/sk\/2021\/02\/18\/mads-pedersen-chce-ziskat-skoda-zeleny-dres-na-tour-de-france\/"]}]},{"@type":"ImageObject","inLanguage":"sk-SK","@id":"https:\/\/www.welovecycling.com\/sk\/2021\/02\/18\/mads-pedersen-chce-ziskat-skoda-zeleny-dres-na-tour-de-france\/#primaryimage","url":"https:\/\/d2p6e6u75xmxt8.cloudfront.net\/4\/2021\/02\/Mads-Pedersen-profimedia-0558152868-CVR.webp","contentUrl":"https:\/\/d2p6e6u75xmxt8.cloudfront.net\/4\/2021\/02\/Mads-Pedersen-profimedia-0558152868-CVR.webp","width":1366,"height":600,"caption":"Mads Pedersen"},{"@type":"BreadcrumbList","@id":"https:\/\/www.welovecycling.com\/sk\/2021\/02\/18\/mads-pedersen-chce-ziskat-skoda-zeleny-dres-na-tour-de-france\/#breadcrumb","itemListElement":[{"@type":"ListItem","position":1,"name":"Home","item":"https:\/\/www.welovecycling.com\/sk\/"},{"@type":"ListItem","position":2,"name":"Mads Pedersen chce z\u00edska\u0165 \u0160koda Zelen\u00fd dres na Tour de France"}]},{"@type":"WebSite","@id":"https:\/\/www.welovecycling.com\/sk\/#website","url":"https:\/\/www.welovecycling.com\/sk\/","name":"\u0160koda We Love Cycling Slovensko","description":"\u0160koda We Love Cycling Slovensko je v\u00e1\u0161 ka\u017edodenn\u00fd zdroj noviniek a in\u0161pir\u00e1cie z sveta cyklistiky","potentialAction":[{"@type":"SearchAction","target":{"@type":"EntryPoint","urlTemplate":"https:\/\/www.welovecycling.com\/sk\/?s={search_term_string}"},"query-input":{"@type":"PropertyValueSpecification","valueRequired":true,"valueName":"search_term_string"}}],"inLanguage":"sk-SK"},{"@type":"Person","@id":"","url":"https:\/\/www.welovecycling.com\/sk\/author\/"}]}},"_links":{"self":[{"href":"https:\/\/www.welovecycling.com\/sk\/wp-json\/wp\/v2\/posts\/11421","targetHints":{"allow":["GET"]}}],"collection":[{"href":"https:\/\/www.welovecycling.com\/sk\/wp-json\/wp\/v2\/posts"}],"about":[{"href":"https:\/\/www.welovecycling.com\/sk\/wp-json\/wp\/v2\/types\/post"}],"author":[{"embeddable":true,"href":"https:\/\/www.welovecycling.com\/sk\/wp-json\/wp\/v2\/users\/81"}],"replies":[{"embeddable":true,"href":"https:\/\/www.welovecycling.com\/sk\/wp-json\/wp\/v2\/comments?post=11421"}],"version-history":[{"count":2,"href":"https:\/\/www.welovecycling.com\/sk\/wp-json\/wp\/v2\/posts\/11421\/revisions"}],"predecessor-version":[{"id":11429,"href":"https:\/\/www.welovecycling.com\/sk\/wp-json\/wp\/v2\/posts\/11421\/revisions\/11429"}],"wp:featuredmedia":[{"embeddable":true,"href":"https:\/\/www.welovecycling.com\/sk\/wp-json\/wp\/v2\/media\/11425"}],"wp:attachment":[{"href":"https:\/\/www.welovecycling.com\/sk\/wp-json\/wp\/v2\/media?parent=11421"}],"wp:term":[{"taxonomy":"category","embeddable":true,"href":"https:\/\/www.welovecycling.com\/sk\/wp-json\/wp\/v2\/categories?post=11421"},{"taxonomy":"post_tag","embeddable":true,"href":"https:\/\/www.welovecycling.com\/sk\/wp-json\/wp\/v2\/tags?post=11421"},{"taxonomy":"global-categories","embeddable":true,"href":"https:\/\/www.welovecycling.com\/sk\/wp-json\/wp\/v2\/global-categories?post=11421"}],"curies":[{"name":"wp","href":"https:\/\/api.w.org\/{rel}","templated":true}]}}