{"id":11399,"date":"2021-02-11T10:00:58","date_gmt":"2021-02-11T09:00:58","guid":{"rendered":"https:\/\/www.welovecycling.com\/sk\/?p=11399"},"modified":"2021-02-11T09:37:22","modified_gmt":"2021-02-11T08:37:22","slug":"momentky-zo-sucasneho-cyklokrosoveho-sveta","status":"publish","type":"post","link":"https:\/\/www.welovecycling.com\/sk\/2021\/02\/11\/momentky-zo-sucasneho-cyklokrosoveho-sveta\/","title":{"rendered":"Momentky zo s\u00fa\u010dasn\u00e9ho cyklokrosov\u00e9ho sveta"},"content":{"rendered":"<p><strong>Nepriazniv\u00e9 po\u010dasie, ktor\u00e9 na n\u00e1s \u010d\u00edha v\u00a0dne\u0161n\u00fdch d\u0148och, nie je ni\u010d\u00edm v\u00fdnimo\u010dn\u00fdm pre ist\u00fd druh cyklistov &#8211; cyklokros\u00e1rov. Ich jazdeck\u00e9 schopnosti, tra\u0165 a\u00a0taktie\u017e trad\u00edcia s\u00a0nimi spojen\u00e1, s\u00fa akoby synonymom zimn\u00e9ho jazdenia. Dnes sa preto pozrieme na niektor\u00e9 \u00fastredn\u00e9 okamihy sez\u00f3ny 2020\/2021, ktor\u00e9 podtrhli ich v\u00fdnimo\u010dnos\u0165 v\u00a0celej jej kr\u00e1se.<\/strong><!--more--><\/p>\n<h2><strong>Nekon\u010diaci boj dvoch gigantov<\/strong><\/h2>\n<p>O\u00a0M. van der Poelovi a\u00a0W. van Aertovi sme u\u017e toho nap\u00edsali h\u00e1dam dos\u0165. Fascinuj\u00facou je ale skuto\u010dnos\u0165, \u017ee st\u00e1le je o\u00a0\u010dom p\u00edsa\u0165. Tieto dve legendy (nielen) cyklokrosu, sa v\u00a0teraj\u0161ej sez\u00f3ne stretli hne\u010f nieko\u013ekokr\u00e1t. Naj\u010dastej\u0161ie tomu bolo predov\u0161etk\u00fdm na jednotliv\u00fdch kol\u00e1ch Svetov\u00e9ho poh\u00e1ra v\u00a0cyklokrose. Pravdupovediac, v\u017edy, ke\u010f na \u0161tarte st\u00e1la t\u00e1to dvojica, <strong>bolo takmer jednozna\u010dn\u00e9, \u017ee v\u00ed\u0165az vz\u00edde z\u00a0ich s\u00faboja<\/strong>. To sa aj naplnilo hne\u010f \u0161tyrikr\u00e1t. V\u00fdnimkou bolo len prv\u00e9 kolo v\u00a0ne\u010falekom T\u00e1bore, kde dominoval M. Vanthourenhout &#8211; M. van der Poel absentoval a\u00a0W. van Aert skon\u010dil tret\u00ed. <\/p>\n<lite-youtube videoid=A1jenmWScwo params=\"enablejsapi=1\" style=\"background-image: url('https:\/\/i.ytimg.com\/vi_webp\/A1jenmWScwo\/maxresdefault.webp');\"><\/lite-youtube>\n<p>Aby sme sa ale vr\u00e1tili nasp\u00e4\u0165 k\u00a0spom\u00ednan\u00fdm \u0161tyrom kol\u00e1m. 20. decembra, na rozbahnenej trati v\u00a0Namur, to spo\u010diatku vyzeralo n\u00e1dejne aj pre ostatn\u00fdch pretek\u00e1rov. Z\u00a0tohto \u201eomylu\u201c ich ale vytrhlo a\u017e posledn\u00e9, deviate kolo. Siln\u00e9 nohy predstavil najm\u00e4 americk\u00fd pretek\u00e1r, T. Pidcock, ktor\u00fd sa takmer a\u017e <strong>do posledn\u00e9ho kola dr\u017eal na \u010dele pretekov<\/strong>. Za n\u00edm v\u0161ak ne\u00faprosne dobiedzala holandsko-belgick\u00e1 dvojica. Ich v\u00fdslovne strojov\u00e9 tempo bolo dosta\u010duj\u00face, aby zmazalo n\u00e1skok ved\u00faceho Ameri\u010dana. Pol kola pred koncom rozhoduj\u00facim sp\u00f4sobom u\u010dinil koniec n\u00e1dejam oboch pretek\u00e1rov M. van der Poel a\u00a0s\u00a0nieko\u013ekosekundov\u00fdm n\u00e1skokom si pri\u0161iel po prv\u00e9 v\u00ed\u0165azstvo Svetov\u00e9ho poh\u00e1ra v\u00a0d\u00fahovom drese.<\/p>\n<p><strong>1. VAN DER POEL Mathieu<\/strong> &#8211; NED &#8211; ALPECIN-FENIX &#8211; 1:03:59<br \/>\n<strong>2. VAN AERT Wout<\/strong> &#8211; BEL &#8211; JUMBO-VISMA &#8211; 1:04:02<br \/>\n<strong>3. PIDCOCK Thomas<\/strong> &#8211; GBR &#8211; TRINITY RACING &#8211; 1:04:10<\/p>\n<lite-youtube videoid=MpXA3Imc8lU params=\"enablejsapi=1\" style=\"background-image: url('https:\/\/i.ytimg.com\/vi_webp\/MpXA3Imc8lU\/maxresdefault.webp');\"><\/lite-youtube>\n<h2><strong>St\u00e1le to blato<\/strong><\/h2>\n<p>Ak sme hovorili, \u017ee Namur bol blatist\u00fd, Dendermonde, ktor\u00e9 hos\u0165ovalo tretie kolo SP, pozmenilo v\u00fdznam tohto slova. Ne\u00faprosn\u00e9 zr\u00e1\u017eky po\u010das posledn\u00fdch dn\u00ed premenili tra\u0165 na mo\u010darist\u00e9 pl\u00e1ne, na ktor\u00fdch sa malo rozhodova\u0165 o\u00a0\u010fal\u0161om v\u00ed\u0165azovi. Zdalo sa, \u017ee silovo zameran\u00e1 tra\u0165 bude sk\u00f4r vyhovova\u0165, okrem in\u00e9ho aj technicky nadan\u00e9mu, M. van der Poelovi, \u010do v\u00a0skuto\u010dnosti nazna\u010doval aj \u00favod pretekov. Do kariet mu hral aj incident, kedy po p\u00e1de van Kessela sa jeho <strong>bicykel ocitol zakliesnen\u00fd v\u00a0stroji van Aerta<\/strong>, \u010do ho st\u00e1lo nieko\u013eko drahocenn\u00fdch sek\u00fand. To bola ale s\u00fa\u010dasne aj posledn\u00e1 nepriaze\u0148 osudu pre belgick\u00e9ho pretek\u00e1ra t\u00edmu Jumbo-Visma. Od tohto momentu sa dok\u00e1zal ne\u00faprosn\u00fdm tempom dosta\u0165 nielen k\u00a0van der Poelovi na \u010dele, ale v\u00a0tre\u0165om kole ho necha\u0165 za sebou. Min\u00fatov\u00fd rozdiel medzi t\u00fdmito dvomi jazdcami u\u017e o\u00a0kolo nesk\u00f4r bol jednozna\u010dn\u00fd. Bolestiv\u00e9 a\u00a0blatom zalepen\u00e9 tv\u00e1re pretek\u00e1rov hovorili o\u00a0tom, \u017ee tak\u00fato medzeru nemo\u017eno \u201ezalepi\u0165\u201c. V\u00fdsledkom tohto d\u0148a bolo v\u00ed\u0165azstvo van Aerta s\u00a0takmer trojmin\u00fatovou medzerou pred van der Poelom. Stav bol vyrovnan\u00fd, 1:1.<\/p>\n<p><strong>1. VAN AERT Wout<\/strong> &#8211; BEL &#8211; 1:06:10<br \/>\n<strong>2. VAN DER POEL Mathieu<\/strong> &#8211; NED &#8211; ALPECIN-FENIX &#8211; 1:08:59<br \/>\n<strong>3. AERTS Toon<\/strong> &#8211; BEL &#8211; TELENET BALOISE LIONS &#8211; 1:09:16<\/p>\n<lite-youtube videoid=M2GcdabTaQM params=\"enablejsapi=1\" style=\"background-image: url('https:\/\/i.ytimg.com\/vi_webp\/M2GcdabTaQM\/maxresdefault.webp');\"><\/lite-youtube>\n<h2><strong>Situ\u00e1cia pred MS sveta<\/strong><\/h2>\n<p>T\u00e1to sez\u00f3na sa zdala by\u0165 a\u017e pr\u00edli\u0161 jednoliatou, teda ak uv\u00e1\u017eime podmienky, v\u00a0ktor\u00fdch jazdci pretekali. Neboli to ani dosucha vyf\u00fakan\u00e9 \u00faseky, ani snehom a\u00a0\u013eadom prekryt\u00e9 pl\u00e1ne, ale jednoducho blato a\u00a0voda. <strong>V\u00a0Hulste sa op\u00e4\u0165 zi\u0161li t\u00ed najlep\u0161\u00ed.<\/strong> M. van der Poel, tak ako sme u\u00a0neho zvyknut\u00ed, za\u00fato\u010dil hne\u010f od \u0161tartu. V\u010faka men\u0161\u00edm probl\u00e9mom pri v\u00fdmene van Aertovho bicykla sa dok\u00e1zal osamostatni\u0165 u\u017e v\u00a0druhom kole, aj ke\u010f len s\u00a0minim\u00e1lnym n\u00e1skokom. Ten sa ale po\u010das nasleduj\u00facich kilometrov neust\u00e1le rozrastal. \u201eV p\u00e4t\u00e1ch\u201c mu nebol nik in\u00fd, ne\u017e van Aert spolu s\u00a0T. Pidcockom. Len 21-ro\u010dn\u00fd Ameri\u010dan ale neust\u00e1l tento mo\u017eno nerovn\u00fd s\u00faboj, \u010d\u00edm si van Aert poistil druh\u00e9 miesto e\u0161te pred cie\u013eovou rovinkou. Po 27 km v\u00a0chladnom a\u00a0vlhkom po\u010das\u00ed tak ruky nad hlavu mohol zdv\u00edha\u0165 holandsk\u00fd Majster sveta.<\/p>\n<p><strong>1. VAN DER POEL Mathieu <\/strong>&#8211; NED &#8211; ALPECIN-FENIX &#8211; 1:05:27<br \/>\n<strong>2. VAN AERT Wout<\/strong> &#8211; BEL &#8211; 1:06:58<br \/>\n<strong>3. PIDCOCK Thomas<\/strong> &#8211; GBR &#8211; TRINITY RACING &#8211; 1:07:16<\/p>\n<lite-youtube videoid=EX6tBgn861E params=\"enablejsapi=1\" style=\"background-image: url('https:\/\/i.ytimg.com\/vi_webp\/EX6tBgn861E\/maxresdefault.webp');\"><\/lite-youtube>\n<p>Posledn\u00fdm kolom, ktor\u00e9 malo pripravi\u0165 v\u0161etk\u00fdch na Majstrovstv\u00e1 sveta, konaj\u00face sa u\u017e o\u00a05 dn\u00ed v\u00a0Ostend, bolo Overijse. \u00davodn\u00fd \u0161print pozna\u010dil men\u0161\u00ed p\u00e1d, ktor\u00fd ale nemal vplyv na popredn\u00fdch jazdcov. Pelot\u00f3n sa nadelil a\u017e v\u00a0technick\u00fdch pas\u00e1\u017each. Na \u010dele sa tak objavili dve zn\u00e1me men\u00e1 &#8211; van der Poel a\u00a0van Aert. So \u0161myk\u013eavou a\u00a0blatistou tra\u0165ou si lep\u0161ie vedel poradi\u0165 druh\u00fd menovan\u00fd, Belgi\u010dan z\u00a0t\u00edmu Jumbo-Visma. Medzi nimi sa tak <strong>utvoril nieko\u013eko sekundov\u00fd rozdiel<\/strong>, ktor\u00fd sa zv\u00e4\u010d\u0161oval, respekt\u00edve zmen\u0161oval po\u010das zost\u00e1vaj\u00facich \u0161iestich okruhov. Po po\u0161myknut\u00ed van Aerta sa zdalo, \u017ee van der Poel zma\u017ee svoju stratu, ale viacer\u00e9 p\u00e1dy na strane Holan\u010fana prekazili t\u00fato mo\u017enos\u0165. V\u00a0z\u00e1vere nemohlo ved\u00faceho pretek\u00e1ra SP ni\u010d prekvapi\u0165 a\u00a0van Aert si tak pri\u0161iel po druh\u00e9 v\u00ed\u0165azstvo na Svetovom poh\u00e1ri.<\/p>\n<p><strong>1. VAN AERT Wout<\/strong> &#8211; BEL &#8211; 1:05:57<br \/>\n<strong>2. VAN DER POEL Mathieu<\/strong> &#8211; NED &#8211; ALPECIN-FENIX &#8211; 1:07:00<br \/>\n<strong>3. PIDCOCK Thomas<\/strong> &#8211; GBR &#8211; TRINITY RACING &#8211; 1:08:04<\/p>\n<h2><strong>Rozhodn\u00fa Majstrovstv\u00e1 sveta tento vyrovnan\u00fd s\u00faboj?<\/strong><\/h2>\n<p>Ak\u00fd v\u00e4\u010d\u0161\u00ed titul si m\u00f4\u017ee pretek\u00e1r pria\u0165, ne\u017e by\u0165 Majstrom sveta? \u010ci u\u017e ide o\u00a0kolekt\u00edvny alebo individu\u00e1lny \u0161port, pr\u00e1ve tento rozmer je sn\u00e1\u010f najcennej\u0161\u00ed. Vedom\u00ed si toho boli aj pretek\u00e1ri v\u00a0belgickom Ostende &#8211; v\u00ed\u0165az si toti\u017e odn\u00e1\u0161a d\u00fahov\u00fd dres, ktor\u00fd ho bude zdobi\u0165 nasleduj\u00faci rok. Kto to teda bude? Jeden z\u00a0tejto nerozlu\u010dnej dvojice, alebo mlad\u00fd, 22-ro\u010dn\u00fd T. Pidcock, \u010di niekto z\u00a0po\u010detnej belgickej a\u00a0holandskej ekipy? <\/p>\n<lite-youtube videoid=eeVvWaZ7C8g params=\"enablejsapi=1\" style=\"background-image: url('https:\/\/i.ytimg.com\/vi_webp\/eeVvWaZ7C8g\/maxresdefault.webp');\"><\/lite-youtube>\n<p>Div\u00e1cky atrakt\u00edvna tra\u0165 v\u00a0tesnej bl\u00edzkosti mora &#8211; tak bl\u00edzko, \u017ee neopatrn\u00e9mu pretek\u00e1rovi sa mohlo ujs\u0165 nieko\u013eko slan\u00fdch kvapiek &#8211; bola z\u00a0ve\u013ekej \u010dasti posiata hlbok\u00fdm pieskom. Pr\u00e1ve v\u010faka tomu bolo ist\u00e9, \u017ee tu nevyhr\u00e1 len v\u00fdlu\u010dne fyzicky najsilnej\u0161\u00ed pretek\u00e1r. Na \u0161tarte n\u00e1s v\u00edtala oran\u017eovo-modr\u00e1 kombin\u00e1cia spom\u00ednan\u00fdch holandsk\u00fdch a\u00a0belgick\u00fdch dresov. Po \u00favodnom v\u00fdstrele tieto farby ostali na\u010falej dominantn\u00e9 &#8211; predov\u0161etk\u00fdm v\u00a0pr\u00edpade ved\u00facej dvojice &#8211; van der Poela a\u00a0van Aerta. Bol to van der Poel, ktor\u00fd u\u017e v\u00a0druhom kole mohol takmer zabudn\u00fa\u0165 na zlat\u00fd kov. Av\u0161ak nebol by to on, ak by v\u00a0nadch\u00e1dzaj\u00facich okamihoch nepozdvihol tempo do takej miery, aby sa nevr\u00e1til sp\u00e4\u0165 na \u010delo. Nepriaze\u0148 osudu si v\u00a0\u010fal\u0161om kole vybrala pre zmenu Belgi\u010dana, ktor\u00fd s\u00a0<strong>men\u0161ou stratou a\u00a0defektom na prednom kolese, musel zamieri\u0165 do depa<\/strong>. Tesn\u00e1 bl\u00edzkos\u0165 oboch pretek\u00e1rov sa skon\u010dila a\u017e v\u00a05 z\u00a08 k\u00f4l. Viacer\u00e9 pieskov\u00e9 \u00faseky dok\u00e1zal van der Poel zdola\u0165 r\u00fdchlej\u0161ie, \u010do ho v\u00a0kone\u010dnom v\u00fdsledku doviedlo v\u00a0osamoten\u00ed a\u017e na cie\u013eov\u00fa rovinku. Staronov\u00fd Majster sveta tak op\u00e4\u0165 zdv\u00edhal ruky nad hlavu a\u00a0mohol oslavova\u0165 \u010fal\u0161\u00ed hodnotn\u00fd triumf.<\/p>\n<h2><strong>Slov\u00e1ci na Svetovom poh\u00e1ri a\u00a0na Majstrovstv\u00e1ch sveta<\/strong><\/h2>\n<p>Aj napriek obmedzeniam, ktor\u00e9 s\u00fa kladen\u00e9 (nielen) \u0161portov\u00fdm podujatiam, sa slovensk\u00e1 reprezent\u00e1cia dostala hne\u010f na nieko\u013eko svetov\u00fdch podujat\u00ed. Na prvom kole, ktor\u00e9 sa konalo v\u00a0\u010deskom T\u00e1bore, sa predstavili len dvaja \u00fa\u010dastn\u00edci z\u00a0na\u0161ej krajiny. Bol n\u00edm Ch. Haas, ktor\u00fd v\u00a0junioroch zajazdil 30. miesto, a\u00a0T. Kurnick\u00e1, ktor\u00e1 v\u00a0rovnakej, av\u0161ak d\u00e1mskej kateg\u00f3rii, obsadila v\u00fdborn\u00e9, 10. miesto. O\u00a0\u010dosi skromnej\u0161\u00ed po\u010det dresov sprev\u00e1dzal tretie kolo v\u00a0Dendermonde, kedy sme v\u00a0elitnej kateg\u00f3rii videli len J. Kurtyho, ktor\u00fd bol klasifikovan\u00fd na 60. mieste. Do tretice v\u0161etko dobr\u00e9 &#8211; to platilo aj na poslednom kole v\u00a0Overijse. Tri slovensk\u00e9 men\u00e1 a\u00a0to hne\u010f v\u00a0elitnej kateg\u00f3rii, sa umiestnili v\u00a0druhej polovici \u0161tartov\u00e9ho po\u013ea &#8211; M. Ul\u00edk na 44., O. Glajza na 51. a\u00a0J. Kurty na 59. mieste. Obdobne tomu bolo s\u00a0\u00fa\u010das\u0165ou aj na Majstrovstv\u00e1ch sveta. Trojica spom\u00ednan\u00fdch elitn\u00fdch pretek\u00e1rov zajazdila svoje sez\u00f3nne maxim\u00e1, a\u00a0to O. Glajza na 37., M. Ul\u00edk na 40. a\u00a0J. Kurty na 43. mieste. <\/p>\n<p>https:\/\/www.instagram.com\/p\/CIbjTkiH0fO\/<\/p>\n<h2><strong>Dom\u00e1ce majstrovstv\u00e1 a\u00a0nov\u00ed \u0161ampi\u00f3ni<\/strong><\/h2>\n<p>Ke\u010f\u017ee sa dom\u00e1ce \u0161ampion\u00e1ty jazdia e\u0161te v\u00a0\u00favode sez\u00f3ny, aby po\u010das nej mohli svoje dresy hrdo prezentova\u0165 na ka\u017edom podujat\u00ed, nech\u00fdbala ani na\u0161a trikol\u00f3ra medzi t\u00fdmi najlep\u0161\u00edmi. 5. decembra sa v\u00a0Topo\u013e\u010diankach <strong>odohrali Majstrovstv\u00e1 Slovenska<\/strong> s\u00a0po\u010detnou \u00fa\u010das\u0165ou mlad\u00fdch, ale aj sk\u00fasen\u00fdch pretek\u00e1rov. Pretekalo sa v\u00a0plnom nasaden\u00ed: od najmlad\u0161\u00edch kateg\u00f3ri\u00ed, cez juniorsk\u00e9, a\u017e k\u00a0elitn\u00fdm kateg\u00f3ri\u00e1m. Pr\u00e1ve juniorsk\u00ed mlad\u00edci sa v\u00a0po\u010dte 16 jazdcov predstavili v\u00a0silnej zostave. Po vy\u0161e tri\u0161tvr\u0165hodine sa z\u00a0v\u00ed\u0165azstva radoval L. Sokol\u00edk pred Ch. Haasom a\u00a0M. Hrt\u00e1nkom. <\/p>\n<p>V\u00a0r\u00e1mci elitn\u00fdch \u017eien sa rozhodovalo medzi 12 pretek\u00e1rkami. Posledn\u00e9 slovo mala \u201emlad\u00e1 krv\u201c, konkr\u00e9tne <strong>T. Kurnick\u00e1<\/strong>, ktor\u00e1 dok\u00e1zala zdola\u0165 aj mnohon\u00e1sobn\u00fa majsterku, <strong>J. Keseg \u0160tevkov\u00fa<\/strong>. Tretia skon\u010dila <strong>E. Glajzov\u00e1<\/strong>. A\u017e 18 pretek\u00e1rov sa z\u00fa\u010dastnilo elitn\u00fdch mu\u017esk\u00fdch pretekov. O\u00a0najv\u00e4\u010d\u0161iu dr\u00e1mu sa postarala dvojica <strong>M. Ul\u00edk<\/strong> a\u00a0<strong>J. Kurty<\/strong>, ktor\u00fdch boj pretrval a\u017e do posledn\u00e9ho okruhu. Nakoniec to bol prv\u00fd menovan\u00fd, M. Ul\u00edk, ktor\u00fd si odniesol povestn\u00fd dres s\u00a0trikol\u00f3rou. Na tre\u0165om mieste skon\u010dil <strong>O.&nbsp;Glajza<\/strong>.<\/p>\n<p>Ako vid\u00edte, cyklokros v\u00a0posledn\u00fdch mesiacoch <strong>na\u0161\u0165astie nepod\u013eahol \u017eiadnym nepriazniv\u00fdm vplyvom<\/strong> a\u00a0dok\u00e1zal absolvova\u0165 v\u00e4\u010d\u0161inu zo stanoven\u00e9ho kalend\u00e1ra. D\u00fafame, \u017ee po\u010dasie sa \u010doskoro um\u00fadri a\u00a0s\u00a0n\u00edm aj t\u00e1to situ\u00e1cia, ktor\u00e1 ur\u010dite nepraje ani jazdcom a\u00a0ani ich div\u00e1kom. <\/p>\n","protected":false},"excerpt":{"rendered":"<p>Nepriazniv\u00e9 po\u010dasie, ktor\u00e9 na n\u00e1s \u010d\u00edha v\u00a0dne\u0161n\u00fdch d\u0148och, nie je ni\u010d\u00edm v\u00fdnimo\u010dn\u00fdm pre ist\u00fd druh cyklistov &#8211; cyklokros\u00e1rov. Ich jazdeck\u00e9 [&hellip;]<\/p>\n","protected":false},"author":81,"featured_media":11407,"comment_status":"open","ping_status":"open","sticky":false,"template":"","format":"standard","meta":{"footnotes":""},"categories":[63],"tags":[319,1344,62,559,582,532,897,1152,281,704,412,179,885,1311,703,1343,55,907],"global-categories":[1074],"class_list":["post-11399","post","type-post","status-publish","format-standard","has-post-thumbnail","hentry","category-grand-tour","tag-adrenalin","tag-aerts-toon","tag-bezpecnost","tag-bicykel","tag-cyklokros","tag-jazdenie","tag-keseg-stevkova","tag-majstrovstva-slovenska","tag-majstrovstva-sveta","tag-mathieu-van-der-poel","tag-mtb","tag-preteky","tag-profesional","tag-sezona-2021","tag-svetovy-pohar","tag-thomas-pidcock","tag-trening","tag-wout-van-aert","global-categories-cycling"],"yoast_head":"<!-- This site is optimized with the Yoast SEO Premium plugin v25.3 (Yoast SEO v25.9) - https:\/\/yoast.com\/wordpress\/plugins\/seo\/ -->\n<title>Momentky zo s\u00fa\u010dasn\u00e9ho cyklokrosov\u00e9ho sveta - \u0160koda We Love Cycling Slovensko<\/title>\n<meta name=\"robots\" content=\"index, follow, max-snippet:-1, max-image-preview:large, max-video-preview:-1\" \/>\n<link rel=\"canonical\" href=\"https:\/\/www.welovecycling.com\/sk\/2021\/02\/11\/momentky-zo-sucasneho-cyklokrosoveho-sveta\/\" \/>\n<meta property=\"og:locale\" content=\"sk_SK\" \/>\n<meta property=\"og:type\" content=\"article\" \/>\n<meta property=\"og:title\" content=\"Momentky zo s\u00fa\u010dasn\u00e9ho cyklokrosov\u00e9ho sveta\" \/>\n<meta property=\"og:description\" content=\"Nepriazniv\u00e9 po\u010dasie, ktor\u00e9 na n\u00e1s \u010d\u00edha v\u00a0dne\u0161n\u00fdch d\u0148och, nie je ni\u010d\u00edm v\u00fdnimo\u010dn\u00fdm pre ist\u00fd druh cyklistov &#8211; cyklokros\u00e1rov. Ich jazdeck\u00e9 [&hellip;]\" \/>\n<meta property=\"og:url\" content=\"https:\/\/www.welovecycling.com\/sk\/2021\/02\/11\/momentky-zo-sucasneho-cyklokrosoveho-sveta\/\" \/>\n<meta property=\"og:site_name\" content=\"\u0160koda We Love Cycling Slovensko\" \/>\n<meta property=\"article:published_time\" content=\"2021-02-11T09:00:58+00:00\" \/>\n<meta property=\"og:image\" content=\"https:\/\/d2p6e6u75xmxt8.cloudfront.net\/4\/2021\/02\/Cyklokros_00.webp\" \/>\n\t<meta property=\"og:image:width\" content=\"1380\" \/>\n\t<meta property=\"og:image:height\" content=\"600\" \/>\n\t<meta property=\"og:image:type\" content=\"image\/webp\" \/>\n<meta name=\"twitter:card\" content=\"summary_large_image\" \/>\n<meta name=\"twitter:label1\" content=\"Written by\" \/>\n\t<meta name=\"twitter:data1\" content=\"WeLoveCycling\" \/>\n\t<meta name=\"twitter:label2\" content=\"Est. reading time\" \/>\n\t<meta name=\"twitter:data2\" content=\"7\" \/>\n<script type=\"application\/ld+json\" class=\"yoast-schema-graph\">{\"@context\":\"https:\/\/schema.org\",\"@graph\":[{\"@type\":\"WebPage\",\"@id\":\"https:\/\/www.welovecycling.com\/sk\/2021\/02\/11\/momentky-zo-sucasneho-cyklokrosoveho-sveta\/\",\"url\":\"https:\/\/www.welovecycling.com\/sk\/2021\/02\/11\/momentky-zo-sucasneho-cyklokrosoveho-sveta\/\",\"name\":\"Momentky zo s\u00fa\u010dasn\u00e9ho cyklokrosov\u00e9ho sveta - \u0160koda We Love Cycling Slovensko\",\"isPartOf\":{\"@id\":\"https:\/\/www.welovecycling.com\/sk\/#website\"},\"primaryImageOfPage\":{\"@id\":\"https:\/\/www.welovecycling.com\/sk\/2021\/02\/11\/momentky-zo-sucasneho-cyklokrosoveho-sveta\/#primaryimage\"},\"image\":{\"@id\":\"https:\/\/www.welovecycling.com\/sk\/2021\/02\/11\/momentky-zo-sucasneho-cyklokrosoveho-sveta\/#primaryimage\"},\"thumbnailUrl\":\"https:\/\/d2p6e6u75xmxt8.cloudfront.net\/4\/2021\/02\/Cyklokros_00.webp\",\"datePublished\":\"2021-02-11T09:00:58+00:00\",\"author\":{\"@id\":\"\"},\"breadcrumb\":{\"@id\":\"https:\/\/www.welovecycling.com\/sk\/2021\/02\/11\/momentky-zo-sucasneho-cyklokrosoveho-sveta\/#breadcrumb\"},\"inLanguage\":\"sk-SK\",\"potentialAction\":[{\"@type\":\"ReadAction\",\"target\":[\"https:\/\/www.welovecycling.com\/sk\/2021\/02\/11\/momentky-zo-sucasneho-cyklokrosoveho-sveta\/\"]}]},{\"@type\":\"ImageObject\",\"inLanguage\":\"sk-SK\",\"@id\":\"https:\/\/www.welovecycling.com\/sk\/2021\/02\/11\/momentky-zo-sucasneho-cyklokrosoveho-sveta\/#primaryimage\",\"url\":\"https:\/\/d2p6e6u75xmxt8.cloudfront.net\/4\/2021\/02\/Cyklokros_00.webp\",\"contentUrl\":\"https:\/\/d2p6e6u75xmxt8.cloudfront.net\/4\/2021\/02\/Cyklokros_00.webp\",\"width\":1380,\"height\":600},{\"@type\":\"BreadcrumbList\",\"@id\":\"https:\/\/www.welovecycling.com\/sk\/2021\/02\/11\/momentky-zo-sucasneho-cyklokrosoveho-sveta\/#breadcrumb\",\"itemListElement\":[{\"@type\":\"ListItem\",\"position\":1,\"name\":\"Home\",\"item\":\"https:\/\/www.welovecycling.com\/sk\/\"},{\"@type\":\"ListItem\",\"position\":2,\"name\":\"Momentky zo s\u00fa\u010dasn\u00e9ho cyklokrosov\u00e9ho sveta\"}]},{\"@type\":\"WebSite\",\"@id\":\"https:\/\/www.welovecycling.com\/sk\/#website\",\"url\":\"https:\/\/www.welovecycling.com\/sk\/\",\"name\":\"\u0160koda We Love Cycling Slovensko\",\"description\":\"\u0160koda We Love Cycling Slovensko je v\u00e1\u0161 ka\u017edodenn\u00fd zdroj noviniek a in\u0161pir\u00e1cie z sveta cyklistiky\",\"potentialAction\":[{\"@type\":\"SearchAction\",\"target\":{\"@type\":\"EntryPoint\",\"urlTemplate\":\"https:\/\/www.welovecycling.com\/sk\/?s={search_term_string}\"},\"query-input\":{\"@type\":\"PropertyValueSpecification\",\"valueRequired\":true,\"valueName\":\"search_term_string\"}}],\"inLanguage\":\"sk-SK\"},{\"@type\":\"Person\",\"@id\":\"\",\"url\":\"https:\/\/www.welovecycling.com\/sk\/author\/\"}]}<\/script>\n<!-- \/ Yoast SEO Premium plugin. -->","yoast_head_json":{"title":"Momentky zo s\u00fa\u010dasn\u00e9ho cyklokrosov\u00e9ho sveta - \u0160koda We Love Cycling Slovensko","robots":{"index":"index","follow":"follow","max-snippet":"max-snippet:-1","max-image-preview":"max-image-preview:large","max-video-preview":"max-video-preview:-1"},"canonical":"https:\/\/www.welovecycling.com\/sk\/2021\/02\/11\/momentky-zo-sucasneho-cyklokrosoveho-sveta\/","og_locale":"sk_SK","og_type":"article","og_title":"Momentky zo s\u00fa\u010dasn\u00e9ho cyklokrosov\u00e9ho sveta","og_description":"Nepriazniv\u00e9 po\u010dasie, ktor\u00e9 na n\u00e1s \u010d\u00edha v\u00a0dne\u0161n\u00fdch d\u0148och, nie je ni\u010d\u00edm v\u00fdnimo\u010dn\u00fdm pre ist\u00fd druh cyklistov &#8211; cyklokros\u00e1rov. Ich jazdeck\u00e9 [&hellip;]","og_url":"https:\/\/www.welovecycling.com\/sk\/2021\/02\/11\/momentky-zo-sucasneho-cyklokrosoveho-sveta\/","og_site_name":"\u0160koda We Love Cycling Slovensko","article_published_time":"2021-02-11T09:00:58+00:00","og_image":[{"width":1380,"height":600,"url":"https:\/\/d2p6e6u75xmxt8.cloudfront.net\/4\/2021\/02\/Cyklokros_00.webp","type":"image\/webp"}],"twitter_card":"summary_large_image","twitter_misc":{"Written by":"WeLoveCycling","Est. reading time":"7"},"schema":{"@context":"https:\/\/schema.org","@graph":[{"@type":"WebPage","@id":"https:\/\/www.welovecycling.com\/sk\/2021\/02\/11\/momentky-zo-sucasneho-cyklokrosoveho-sveta\/","url":"https:\/\/www.welovecycling.com\/sk\/2021\/02\/11\/momentky-zo-sucasneho-cyklokrosoveho-sveta\/","name":"Momentky zo s\u00fa\u010dasn\u00e9ho cyklokrosov\u00e9ho sveta - \u0160koda We Love Cycling Slovensko","isPartOf":{"@id":"https:\/\/www.welovecycling.com\/sk\/#website"},"primaryImageOfPage":{"@id":"https:\/\/www.welovecycling.com\/sk\/2021\/02\/11\/momentky-zo-sucasneho-cyklokrosoveho-sveta\/#primaryimage"},"image":{"@id":"https:\/\/www.welovecycling.com\/sk\/2021\/02\/11\/momentky-zo-sucasneho-cyklokrosoveho-sveta\/#primaryimage"},"thumbnailUrl":"https:\/\/d2p6e6u75xmxt8.cloudfront.net\/4\/2021\/02\/Cyklokros_00.webp","datePublished":"2021-02-11T09:00:58+00:00","author":{"@id":""},"breadcrumb":{"@id":"https:\/\/www.welovecycling.com\/sk\/2021\/02\/11\/momentky-zo-sucasneho-cyklokrosoveho-sveta\/#breadcrumb"},"inLanguage":"sk-SK","potentialAction":[{"@type":"ReadAction","target":["https:\/\/www.welovecycling.com\/sk\/2021\/02\/11\/momentky-zo-sucasneho-cyklokrosoveho-sveta\/"]}]},{"@type":"ImageObject","inLanguage":"sk-SK","@id":"https:\/\/www.welovecycling.com\/sk\/2021\/02\/11\/momentky-zo-sucasneho-cyklokrosoveho-sveta\/#primaryimage","url":"https:\/\/d2p6e6u75xmxt8.cloudfront.net\/4\/2021\/02\/Cyklokros_00.webp","contentUrl":"https:\/\/d2p6e6u75xmxt8.cloudfront.net\/4\/2021\/02\/Cyklokros_00.webp","width":1380,"height":600},{"@type":"BreadcrumbList","@id":"https:\/\/www.welovecycling.com\/sk\/2021\/02\/11\/momentky-zo-sucasneho-cyklokrosoveho-sveta\/#breadcrumb","itemListElement":[{"@type":"ListItem","position":1,"name":"Home","item":"https:\/\/www.welovecycling.com\/sk\/"},{"@type":"ListItem","position":2,"name":"Momentky zo s\u00fa\u010dasn\u00e9ho cyklokrosov\u00e9ho sveta"}]},{"@type":"WebSite","@id":"https:\/\/www.welovecycling.com\/sk\/#website","url":"https:\/\/www.welovecycling.com\/sk\/","name":"\u0160koda We Love Cycling Slovensko","description":"\u0160koda We Love Cycling Slovensko je v\u00e1\u0161 ka\u017edodenn\u00fd zdroj noviniek a in\u0161pir\u00e1cie z sveta cyklistiky","potentialAction":[{"@type":"SearchAction","target":{"@type":"EntryPoint","urlTemplate":"https:\/\/www.welovecycling.com\/sk\/?s={search_term_string}"},"query-input":{"@type":"PropertyValueSpecification","valueRequired":true,"valueName":"search_term_string"}}],"inLanguage":"sk-SK"},{"@type":"Person","@id":"","url":"https:\/\/www.welovecycling.com\/sk\/author\/"}]}},"_links":{"self":[{"href":"https:\/\/www.welovecycling.com\/sk\/wp-json\/wp\/v2\/posts\/11399","targetHints":{"allow":["GET"]}}],"collection":[{"href":"https:\/\/www.welovecycling.com\/sk\/wp-json\/wp\/v2\/posts"}],"about":[{"href":"https:\/\/www.welovecycling.com\/sk\/wp-json\/wp\/v2\/types\/post"}],"author":[{"embeddable":true,"href":"https:\/\/www.welovecycling.com\/sk\/wp-json\/wp\/v2\/users\/81"}],"replies":[{"embeddable":true,"href":"https:\/\/www.welovecycling.com\/sk\/wp-json\/wp\/v2\/comments?post=11399"}],"version-history":[{"count":2,"href":"https:\/\/www.welovecycling.com\/sk\/wp-json\/wp\/v2\/posts\/11399\/revisions"}],"predecessor-version":[{"id":11439,"href":"https:\/\/www.welovecycling.com\/sk\/wp-json\/wp\/v2\/posts\/11399\/revisions\/11439"}],"wp:featuredmedia":[{"embeddable":true,"href":"https:\/\/www.welovecycling.com\/sk\/wp-json\/wp\/v2\/media\/11407"}],"wp:attachment":[{"href":"https:\/\/www.welovecycling.com\/sk\/wp-json\/wp\/v2\/media?parent=11399"}],"wp:term":[{"taxonomy":"category","embeddable":true,"href":"https:\/\/www.welovecycling.com\/sk\/wp-json\/wp\/v2\/categories?post=11399"},{"taxonomy":"post_tag","embeddable":true,"href":"https:\/\/www.welovecycling.com\/sk\/wp-json\/wp\/v2\/tags?post=11399"},{"taxonomy":"global-categories","embeddable":true,"href":"https:\/\/www.welovecycling.com\/sk\/wp-json\/wp\/v2\/global-categories?post=11399"}],"curies":[{"name":"wp","href":"https:\/\/api.w.org\/{rel}","templated":true}]}}