{"id":11378,"date":"2021-01-28T10:00:21","date_gmt":"2021-01-28T09:00:21","guid":{"rendered":"https:\/\/www.welovecycling.com\/sk\/?p=11378"},"modified":"2021-01-28T07:02:54","modified_gmt":"2021-01-28T06:02:54","slug":"mesacna-desiatka-zaciname-novu-sezonu","status":"publish","type":"post","link":"https:\/\/www.welovecycling.com\/sk\/2021\/01\/28\/mesacna-desiatka-zaciname-novu-sezonu\/","title":{"rendered":"Mesa\u010dn\u00e1 desiatka &#8211; za\u010d\u00edname nov\u00fa sez\u00f3nu"},"content":{"rendered":"<p><strong>S\u00a0prich\u00e1dzaj\u00facim rokom sme mali ak\u00fa-tak\u00fa n\u00e1dej, \u017ee sa v\u0161etko bude postupne vraca\u0165 do \u201enorm\u00e1lu\u201c. Prv\u00fd mesiac roku 2021 ale nepriniesol mno\u017estvo senz\u00e1ci\u00ed.<\/strong><!--more--><\/p>\n<h2><strong>Boje ako na vojnovom fronte<\/strong><\/h2>\n<p>Jedn\u00fdm z\u00a0pozit\u00edv zimy je samozrejme cyklokros. Aj napriek nepriazni doby sa v\u00a0Holandsku, Belgicku a\u00a0in\u00fdch krajin\u00e1ch tento \u0161port na\u010falej praktizuje aj na najvy\u0161\u0161ej \u00farovni. S\u00a0pln\u00fdm nasaden\u00edm sme tak mohli po nieko\u013eko t\u00fd\u017ed\u0148ov sledova\u0165 boje predov\u0161etk\u00fdm M. van der Poela a\u00a0jeho dlhoro\u010dn\u00e9ho soka, W. van Aerta. O\u00a0v\u00ed\u0165azovi v\u0161ak nemo\u017eno rozhodn\u00fa\u0165 f\u00e9rovo, ke\u010f\u017ee ka\u017ed\u00fd z\u00a0nich si na svoje konto prip\u00edsal viacero triumfov zo svetov\u00e9ho poh\u00e1ra. V\u00a0Namure a\u00a0Hulste to bol Mathieu, zatia\u013e \u010do Mol a\u00a0Dendermonde opanoval van Aert.<\/p>\n<lite-youtube videoid=A1jenmWScwo params=\"enablejsapi=1\" style=\"background-image: url('https:\/\/i.ytimg.com\/vi_webp\/A1jenmWScwo\/maxresdefault.webp');\"><\/lite-youtube>\n<h2><strong>Sagan usilovne tr\u00e9nuje v\u00a0Taliansku<\/strong><\/h2>\n<p>Od posledn\u00e9ho podujatia je to u\u017e s\u00edce nejak\u00fd ten mesiac, av\u0161ak BORA-hansgrohe m\u00e1 <strong>jasne stanoven\u00e9 ciele<\/strong>. Tr\u00e9ning je z\u00e1kladom, o\u00a0\u010dom sved\u010d\u00ed aj video od Petra Sagana, ktor\u00fd posledn\u00e9 t\u00fd\u017edne str\u00e1vil pri jazere Garda, zn\u00e1meho to letoviska mnoh\u00fdch na\u0161incov. Na dennom menu boli predov\u0161etk\u00fdm dlh\u00e9 jazdy, doplnen\u00e9 aj o\u00a0nejak\u00e9 to spestrenie. Na\u0161\u0165astie, v\u00a0Taliansku sa m\u00f4\u017eu te\u0161i\u0165 zo such\u00fdch ciest, ktor\u00e9 praj\u00fa t\u00fdmto zimno-jarn\u00fdm kilometrom.<\/p>\n<p>https:\/\/www.instagram.com\/p\/CKUF8vWqyFG\/<\/p>\n<h2><strong>Janu\u00e1r bol na cestn\u00e9 preteky nanajv\u00fd\u0161 sk\u00fapy<\/strong><\/h2>\n<p>V\u00a0Eur\u00f3pe sa okrem \u0161panielskej Classica Comunitat Valenciana 1969 div\u00e1kom nedostalo viac-menej lep\u0161ej pr\u00edle\u017eitosti, ako sa op\u00e4\u0165 raz pozrie\u0165 na skuto\u010dn\u00fdch profesion\u00e1lov. Mimo n\u00e1\u0161ho kontinentu sa i\u0161li len kolumbijsk\u00e9 alebo novoz\u00e9landsk\u00e9 etap\u00e1ky, ktor\u00e9 boli hodnoten\u00e9 druhou kateg\u00f3riou. Pod\u013ea kalend\u00e1ra sa n\u00e1s najbli\u017e\u0161ie \u010dak\u00e1 UAE Tour na Bl\u00edzkom v\u00fdchode, ktor\u00e1 by mala od\u0161tartova\u0165 a\u017e 21. febru\u00e1ra.<\/p>\n<h2><strong>Wyn Masters m\u00e1 n\u00e1vod, ako si to u\u017ei\u0165 oboma smermi<\/strong><\/h2>\n<p>Zn\u00e1my zjazdov\u00fd pretek\u00e1r, ktor\u00fd si nenech\u00e1 ujs\u0165 ak\u00fako\u013evek mo\u017enos\u0165 osedla\u0165 svojho dvojkolesov\u00e9ho t\u00e1to\u0161a, sa tentokr\u00e1t vydal na britsk\u00e9 traily, kde mu asistoval elektrobicykel od GT Bicycles. Ako je vidie\u0165, dosta\u0165 sa na vrchol a\u00a0teda za\u010diatok trailu nie je ni\u010d \u0165a\u017ek\u00e9, ak pravda, m\u00e1te po ruke pr\u00eddavn\u00fd motor. Cesta dole je u\u017e za odmenu. Ako sa hovor\u00ed: proti gustu \u017eiaden di\u0161put\u00e1t.<\/p>\n<p>https:\/\/www.instagram.com\/p\/CKClGW6h2ah\/<\/p>\n<h2><strong>Ako to je s\u00a0Olympijsk\u00fdmi hrami?<\/strong><\/h2>\n<p>Z\u00a0pochopite\u013en\u00fdch d\u00f4vodov boli dlho o\u010dak\u00e1van\u00e9 minuloro\u010dn\u00e9 Olympijsk\u00e9 hry v\u00a0Tokiu prelo\u017een\u00e9 na nasleduj\u00faci, teda tento rok. Vtedy sa ale e\u0161te nevedelo to, \u010do teraz. V\u00fdvoj pand\u00e9mie o\u010dividne organiz\u00e1torom nepraje, \u010do dosved\u010duje aj ich rozhodnutie <strong>presun\u00fa\u0165 hry e\u0161te o\u00a0rok nesk\u00f4r<\/strong>. D\u00f4le\u017eitou skuto\u010dnos\u0165ou av\u0161ak je aj to, \u017ee ani ro\u010dn\u00edk 2021 nie je ist\u00fd. Navy\u0161e, mo\u017enos\u0165 op\u00e4tovn\u00e9ho pres\u00favania a\u017e na rok 2022 alebo 2023 je u\u017e takmer neuskuto\u010dnite\u013en\u00fd &#8211; najm\u00e4 pre n\u00e1kladnos\u0165 a\u00a0bl\u00ed\u017eiace sa hry v\u00a0Par\u00ed\u017ei, ktor\u00e9 by pod\u013ea stanoven\u00e9ho term\u00ednu mali zapo\u010da\u0165 v\u00a0lete 2024. Uvid\u00edme&#8230;<\/p>\n<h2><strong>Da\u0165 si to pivo alebo sk\u00f4r nie?<\/strong><\/h2>\n<p>Najm\u00e4 v\u00a0na\u0161ich kon\u010din\u00e1ch sa neraz pot\u00fdkame so z\u00e1va\u017en\u00fdm \u017eivotn\u00fdm rozhodnut\u00edm: da\u0165 si po\u010das v\u00fdjazdu jedno pivo alebo sk\u00f4r nie? Nu\u017e, ne\u013eahk\u00e1 ot\u00e1zka prirodzene plod\u00ed aj komplexn\u00e9 odpovede. Na jednej strane pivo obsahuje mno\u017estvo pozit\u00edvnych prvkov, ktor\u00e9 n\u00e1m pom\u00e1haj\u00fa <strong>z\u00e1sobova\u0165 na\u0161e telo potrebn\u00fdmi \u017eivinami<\/strong>. Na strane druhej je tu ale alkohol, ktor\u00fd nem\u00e1 pr\u00e1ve ten najlep\u0161\u00ed vplyv, ak hovor\u00edme o\u00a0v\u00fdkonnosti. Jaz\u00fd\u010dek t\u00fdchto v\u00e1h si prezreli na slovo vzat\u00ed profesion\u00e1li z\u00a0GCN a\u00a0tento test odsk\u00fa\u0161ali sami na sebe.<\/p>\n<lite-youtube videoid=l3FIZnth4Ko params=\"enablejsapi=1\" style=\"background-image: url('https:\/\/i.ytimg.com\/vi_webp\/l3FIZnth4Ko\/maxresdefault.webp');\"><\/lite-youtube>\n<h2><strong>Tom Dumoulin si d\u00e1va pauzu od profesion\u00e1lnej cyklistiky<\/strong><\/h2>\n<p>Neo\u010dak\u00e1van\u00e1 spr\u00e1va sa objavila koncom janu\u00e1ra. Uv\u00e1dza sa v\u00a0nej, \u017ee Tom Dumoulin, niekdaj\u0161\u00ed v\u00ed\u0165az Gira, ve\u013ek\u00e1 pomoc v\u00a0t\u00edme Jumbo-Visma, po\u017eiadal o\u00a0do\u010dasn\u00fd odchod z\u00a0t\u00edmu. Ide o\u00a0tzv. neplaten\u00e9 vo\u013eno. Nebolo by to prekvapiv\u00e9, najm\u00e4 z\u00a0poh\u013eadu s\u00fa\u010dasn\u00e9ho neist\u00e9ho stavu, av\u0161ak Tom ned\u00e1vno uviedol, <strong>\u017ee sa te\u0161\u00ed na tohtoro\u010dn\u00e9 klasiky<\/strong>. Jeho pr\u00edprava prebiehala v\u00a0s\u00falade s\u00a0uveden\u00fdmi term\u00ednmi pretekov, \u010do v\u00f4bec nenapovedalo o\u00a0nejakej mo\u017enosti preru\u0161enia. Napriek r\u00fa\u0161ku tajnosti, ktor\u00e9 sa nad t\u00fdmto odchodom nach\u00e1dza, nemo\u017eno vyl\u00fa\u010di\u0165 ani celkov\u00fd odchod a\u00a0ukon\u010denie kari\u00e9ry. To je ale predmetom \u0161pekul\u00e1ci\u00ed sk\u00f4r ne\u017e skuto\u010dnost\u00ed.<\/p>\n<lite-youtube videoid=-aIAYP6DcP0 params=\"enablejsapi=1\" style=\"background-image: url('https:\/\/i.ytimg.com\/vi_webp\/-aIAYP6DcP0\/maxresdefault.webp');\"><\/lite-youtube>\n<h2><strong>Cyklistika v\u00a0mest\u00e1ch \u017eije aj v\u00a0dobe pand\u00e9mie<\/strong><\/h2>\n<p>\u010ci u\u017e je to zapr\u00ed\u010dinen\u00e9 \u017eivotn\u00fdm \u0161t\u00fdlom alebo potrebou vynecha\u0165 preplnen\u00e9 autobusy (najm\u00e4 v\u00a0s\u00fa\u010dasnosti), mestsk\u00e1 cyklistika, ktor\u00e1 je prim\u00e1rne zameran\u00e1 na dopravu do pr\u00e1ce alebo do obchodu, sa ka\u017edoro\u010dne rozrast\u00e1. Situ\u00e1ciu z\u00a0dne\u0161n\u00fdch dn\u00ed dokumentuje aj anglick\u00e1 BBC, ktor\u00e1 prin\u00e1\u0161a dokument o\u00a0tomto pote\u0161uj\u00facom trende. Ot\u00e1zky, ktor\u00e9 sprev\u00e1dzaj\u00fa mestsk\u00e9 jazdenie, s\u00fa st\u00e1le aktu\u00e1lne &#8211; ide predov\u0161etk\u00fdm o\u00a0jazdn\u00e9 pruhy, oblasti vyhraden\u00e9 pre cyklistov, mo\u017enosti ich uskladnenia, po\u017ei\u010diavanie bicyklov a\u00a0v\u00a0neposlednom rade aj ich servis.<\/p>\n<lite-youtube videoid=Cukx_BSQ0Ww params=\"enablejsapi=1\" style=\"background-image: url('https:\/\/i.ytimg.com\/vi_webp\/Cukx_BSQ0Ww\/maxresdefault.webp');\"><\/lite-youtube>\n<h2><strong>Ziptrak Santos Festival of Cycling priniesol do Austr\u00e1lie mnoho profesion\u00e1lov<\/strong><\/h2>\n<p>Aj ke\u010f sme hovorili, \u017ee cyklistika v\u00a0janu\u00e1ri je na bode mrazu, austr\u00e1lske preteky Santos Festival of Cycling, ktor\u00e9 s\u00fa dc\u00e9rskym podujat\u00edm Santos Tour Down Under, za\u010dali vo ve\u013ekom \u0161t\u00fdle. U\u017e v\u00a0prvej etape, ktor\u00e1 merala 107 km, sa o\u00a0prekvapenie postaral \u201eveter\u00e1n\u201c cestnej cyklistky, Luke Durbridge. Ten stavil na s\u00f3lov\u00fd \u00fanik e\u0161te 80 km pred cie\u013eom. V\u010faka svojim sk\u00fasenostiam a\u00a0vytrvalosti dok\u00e1zal zv\u00ed\u0165azi\u0165 a\u00a0to s\u00a0vy\u0161e dvojmin\u00fatov\u00fdm n\u00e1skokom.<\/p>\n<lite-youtube videoid=oAZzh37tB3s params=\"enablejsapi=1\" style=\"background-image: url('https:\/\/i.ytimg.com\/vi_webp\/oAZzh37tB3s\/maxresdefault.webp');\"><\/lite-youtube>\n<h2><strong>Jazdi\u0165 v\u00a0Mexico City nie je jednoduch\u00e9 &#8211; teda, ak nie ste samovrah<\/strong><\/h2>\n<p>Terry Barentsen vo svojich vide\u00e1ch pon\u00faka zauj\u00edmav\u00e9 poh\u013eady na sc\u00e9nu mestskej cyklistiky, ktor\u00e1 v\u0161ak je o\u00a0nie\u010do odli\u0161n\u00e1 od toho, \u010do sa pod t\u00fdmto pojmom be\u017ene skr\u00fdva. Ide o\u00a0jazdcov a\u00a0jazdkyne, ktor\u00e9 v\u00a0najv\u00e4\u010d\u0161\u00edch mest\u00e1ch sveta dok\u00e1\u017eu splyn\u00fa\u0165 s\u00a0dopravou a\u00a0to aj za cenu <strong>\u010dasto riskantn\u00fdch k\u00faskov<\/strong>. V\u00a0tomto videu sa pozrieme do Maxico City, ktor\u00e9ho nekon\u010diace cesty s\u00fa ako stvoren\u00e9 pre upokojuj\u00facu jazdu &#8211; pravda, ak by sa po nich neprem\u00e1vali tis\u00edce \u00e1ut.<\/p>\n<lite-youtube videoid=5T6coQyrNAo params=\"enablejsapi=1\" style=\"background-image: url('https:\/\/i.ytimg.com\/vi_webp\/5T6coQyrNAo\/maxresdefault.webp');\"><\/lite-youtube>\n<p>Nu\u017e, to je asi tak v\u0161etko z\u00a0tohto mesiaca. Cyklistika pre\u017e\u00edva, aj ke\u010f nemo\u017eno hovori\u0165 o\u00a0ve\u013ek\u00fdch podujatiach &#8211; <strong>sk\u00f4r o\u00a0chv\u00edli individualizmu<\/strong>. Aj vy ost\u00e1vajte akt\u00edvni a\u00a0nezabudnite na svojho dvojkolesov\u00e9ho par\u0165\u00e1ka &#8211; \u010di u\u017e ho vo febru\u00e1ri prevetr\u00e1te alebo sa o\u0148 d\u00f4kladne postar\u00e1te. <\/p>\n","protected":false},"excerpt":{"rendered":"<p>S\u00a0prich\u00e1dzaj\u00facim rokom sme mali ak\u00fa-tak\u00fa n\u00e1dej, \u017ee sa v\u0161etko bude postupne vraca\u0165 do \u201enorm\u00e1lu\u201c. Prv\u00fd mesiac roku 2021 ale nepriniesol [&hellip;]<\/p>\n","protected":false},"author":81,"featured_media":11386,"comment_status":"open","ping_status":"open","sticky":false,"template":"","format":"standard","meta":{"footnotes":""},"categories":[63],"tags":[115,487,180,902,704,1040,600,46,885,907,475,317],"global-categories":[1074],"class_list":["post-11378","post","type-post","status-publish","format-standard","has-post-thumbnail","hentry","category-grand-tour","tag-cestna-cyklistika","tag-cestny-bicykel","tag-horska-cyklistika","tag-horsky-bicykel","tag-mathieu-van-der-poel","tag-mesacna-desiatka","tag-muzi","tag-peter-sagan","tag-profesional","tag-wout-van-aert","tag-zeny","tag-zima","global-categories-cycling"],"yoast_head":"<!-- This site is optimized with the Yoast SEO Premium plugin v25.3 (Yoast SEO v25.9) - https:\/\/yoast.com\/wordpress\/plugins\/seo\/ -->\n<title>Mesa\u010dn\u00e1 desiatka - za\u010d\u00edname nov\u00fa sez\u00f3nu - \u0160koda We Love Cycling Slovensko<\/title>\n<meta name=\"robots\" content=\"index, follow, max-snippet:-1, max-image-preview:large, max-video-preview:-1\" \/>\n<link rel=\"canonical\" href=\"https:\/\/www.welovecycling.com\/sk\/2021\/01\/28\/mesacna-desiatka-zaciname-novu-sezonu\/\" \/>\n<meta property=\"og:locale\" content=\"sk_SK\" \/>\n<meta property=\"og:type\" content=\"article\" \/>\n<meta property=\"og:title\" content=\"Mesa\u010dn\u00e1 desiatka - za\u010d\u00edname nov\u00fa sez\u00f3nu\" \/>\n<meta property=\"og:description\" content=\"S\u00a0prich\u00e1dzaj\u00facim rokom sme mali ak\u00fa-tak\u00fa n\u00e1dej, \u017ee sa v\u0161etko bude postupne vraca\u0165 do \u201enorm\u00e1lu\u201c. Prv\u00fd mesiac roku 2021 ale nepriniesol [&hellip;]\" \/>\n<meta property=\"og:url\" content=\"https:\/\/www.welovecycling.com\/sk\/2021\/01\/28\/mesacna-desiatka-zaciname-novu-sezonu\/\" \/>\n<meta property=\"og:site_name\" content=\"\u0160koda We Love Cycling Slovensko\" \/>\n<meta property=\"article:published_time\" content=\"2021-01-28T09:00:21+00:00\" \/>\n<meta property=\"og:image\" content=\"https:\/\/d2p6e6u75xmxt8.cloudfront.net\/4\/2021\/01\/WLC_januar_00.webp\" \/>\n\t<meta property=\"og:image:width\" content=\"1380\" \/>\n\t<meta property=\"og:image:height\" content=\"600\" \/>\n\t<meta property=\"og:image:type\" content=\"image\/webp\" \/>\n<meta name=\"twitter:card\" content=\"summary_large_image\" \/>\n<meta name=\"twitter:label1\" content=\"Written by\" \/>\n\t<meta name=\"twitter:data1\" content=\"WeLoveCycling\" \/>\n\t<meta name=\"twitter:label2\" content=\"Est. reading time\" \/>\n\t<meta name=\"twitter:data2\" content=\"5\" \/>\n<script type=\"application\/ld+json\" class=\"yoast-schema-graph\">{\"@context\":\"https:\/\/schema.org\",\"@graph\":[{\"@type\":\"WebPage\",\"@id\":\"https:\/\/www.welovecycling.com\/sk\/2021\/01\/28\/mesacna-desiatka-zaciname-novu-sezonu\/\",\"url\":\"https:\/\/www.welovecycling.com\/sk\/2021\/01\/28\/mesacna-desiatka-zaciname-novu-sezonu\/\",\"name\":\"Mesa\u010dn\u00e1 desiatka - za\u010d\u00edname nov\u00fa sez\u00f3nu - \u0160koda We Love Cycling Slovensko\",\"isPartOf\":{\"@id\":\"https:\/\/www.welovecycling.com\/sk\/#website\"},\"primaryImageOfPage\":{\"@id\":\"https:\/\/www.welovecycling.com\/sk\/2021\/01\/28\/mesacna-desiatka-zaciname-novu-sezonu\/#primaryimage\"},\"image\":{\"@id\":\"https:\/\/www.welovecycling.com\/sk\/2021\/01\/28\/mesacna-desiatka-zaciname-novu-sezonu\/#primaryimage\"},\"thumbnailUrl\":\"https:\/\/d2p6e6u75xmxt8.cloudfront.net\/4\/2021\/01\/WLC_januar_00.webp\",\"datePublished\":\"2021-01-28T09:00:21+00:00\",\"author\":{\"@id\":\"\"},\"breadcrumb\":{\"@id\":\"https:\/\/www.welovecycling.com\/sk\/2021\/01\/28\/mesacna-desiatka-zaciname-novu-sezonu\/#breadcrumb\"},\"inLanguage\":\"sk-SK\",\"potentialAction\":[{\"@type\":\"ReadAction\",\"target\":[\"https:\/\/www.welovecycling.com\/sk\/2021\/01\/28\/mesacna-desiatka-zaciname-novu-sezonu\/\"]}]},{\"@type\":\"ImageObject\",\"inLanguage\":\"sk-SK\",\"@id\":\"https:\/\/www.welovecycling.com\/sk\/2021\/01\/28\/mesacna-desiatka-zaciname-novu-sezonu\/#primaryimage\",\"url\":\"https:\/\/d2p6e6u75xmxt8.cloudfront.net\/4\/2021\/01\/WLC_januar_00.webp\",\"contentUrl\":\"https:\/\/d2p6e6u75xmxt8.cloudfront.net\/4\/2021\/01\/WLC_januar_00.webp\",\"width\":1380,\"height\":600},{\"@type\":\"BreadcrumbList\",\"@id\":\"https:\/\/www.welovecycling.com\/sk\/2021\/01\/28\/mesacna-desiatka-zaciname-novu-sezonu\/#breadcrumb\",\"itemListElement\":[{\"@type\":\"ListItem\",\"position\":1,\"name\":\"Home\",\"item\":\"https:\/\/www.welovecycling.com\/sk\/\"},{\"@type\":\"ListItem\",\"position\":2,\"name\":\"Mesa\u010dn\u00e1 desiatka &#8211; za\u010d\u00edname nov\u00fa sez\u00f3nu\"}]},{\"@type\":\"WebSite\",\"@id\":\"https:\/\/www.welovecycling.com\/sk\/#website\",\"url\":\"https:\/\/www.welovecycling.com\/sk\/\",\"name\":\"\u0160koda We Love Cycling Slovensko\",\"description\":\"\u0160koda We Love Cycling Slovensko je v\u00e1\u0161 ka\u017edodenn\u00fd zdroj noviniek a in\u0161pir\u00e1cie z sveta cyklistiky\",\"potentialAction\":[{\"@type\":\"SearchAction\",\"target\":{\"@type\":\"EntryPoint\",\"urlTemplate\":\"https:\/\/www.welovecycling.com\/sk\/?s={search_term_string}\"},\"query-input\":{\"@type\":\"PropertyValueSpecification\",\"valueRequired\":true,\"valueName\":\"search_term_string\"}}],\"inLanguage\":\"sk-SK\"},{\"@type\":\"Person\",\"@id\":\"\",\"url\":\"https:\/\/www.welovecycling.com\/sk\/author\/\"}]}<\/script>\n<!-- \/ Yoast SEO Premium plugin. -->","yoast_head_json":{"title":"Mesa\u010dn\u00e1 desiatka - za\u010d\u00edname nov\u00fa sez\u00f3nu - \u0160koda We Love Cycling Slovensko","robots":{"index":"index","follow":"follow","max-snippet":"max-snippet:-1","max-image-preview":"max-image-preview:large","max-video-preview":"max-video-preview:-1"},"canonical":"https:\/\/www.welovecycling.com\/sk\/2021\/01\/28\/mesacna-desiatka-zaciname-novu-sezonu\/","og_locale":"sk_SK","og_type":"article","og_title":"Mesa\u010dn\u00e1 desiatka - za\u010d\u00edname nov\u00fa sez\u00f3nu","og_description":"S\u00a0prich\u00e1dzaj\u00facim rokom sme mali ak\u00fa-tak\u00fa n\u00e1dej, \u017ee sa v\u0161etko bude postupne vraca\u0165 do \u201enorm\u00e1lu\u201c. Prv\u00fd mesiac roku 2021 ale nepriniesol [&hellip;]","og_url":"https:\/\/www.welovecycling.com\/sk\/2021\/01\/28\/mesacna-desiatka-zaciname-novu-sezonu\/","og_site_name":"\u0160koda We Love Cycling Slovensko","article_published_time":"2021-01-28T09:00:21+00:00","og_image":[{"width":1380,"height":600,"url":"https:\/\/d2p6e6u75xmxt8.cloudfront.net\/4\/2021\/01\/WLC_januar_00.webp","type":"image\/webp"}],"twitter_card":"summary_large_image","twitter_misc":{"Written by":"WeLoveCycling","Est. reading time":"5"},"schema":{"@context":"https:\/\/schema.org","@graph":[{"@type":"WebPage","@id":"https:\/\/www.welovecycling.com\/sk\/2021\/01\/28\/mesacna-desiatka-zaciname-novu-sezonu\/","url":"https:\/\/www.welovecycling.com\/sk\/2021\/01\/28\/mesacna-desiatka-zaciname-novu-sezonu\/","name":"Mesa\u010dn\u00e1 desiatka - za\u010d\u00edname nov\u00fa sez\u00f3nu - \u0160koda We Love Cycling Slovensko","isPartOf":{"@id":"https:\/\/www.welovecycling.com\/sk\/#website"},"primaryImageOfPage":{"@id":"https:\/\/www.welovecycling.com\/sk\/2021\/01\/28\/mesacna-desiatka-zaciname-novu-sezonu\/#primaryimage"},"image":{"@id":"https:\/\/www.welovecycling.com\/sk\/2021\/01\/28\/mesacna-desiatka-zaciname-novu-sezonu\/#primaryimage"},"thumbnailUrl":"https:\/\/d2p6e6u75xmxt8.cloudfront.net\/4\/2021\/01\/WLC_januar_00.webp","datePublished":"2021-01-28T09:00:21+00:00","author":{"@id":""},"breadcrumb":{"@id":"https:\/\/www.welovecycling.com\/sk\/2021\/01\/28\/mesacna-desiatka-zaciname-novu-sezonu\/#breadcrumb"},"inLanguage":"sk-SK","potentialAction":[{"@type":"ReadAction","target":["https:\/\/www.welovecycling.com\/sk\/2021\/01\/28\/mesacna-desiatka-zaciname-novu-sezonu\/"]}]},{"@type":"ImageObject","inLanguage":"sk-SK","@id":"https:\/\/www.welovecycling.com\/sk\/2021\/01\/28\/mesacna-desiatka-zaciname-novu-sezonu\/#primaryimage","url":"https:\/\/d2p6e6u75xmxt8.cloudfront.net\/4\/2021\/01\/WLC_januar_00.webp","contentUrl":"https:\/\/d2p6e6u75xmxt8.cloudfront.net\/4\/2021\/01\/WLC_januar_00.webp","width":1380,"height":600},{"@type":"BreadcrumbList","@id":"https:\/\/www.welovecycling.com\/sk\/2021\/01\/28\/mesacna-desiatka-zaciname-novu-sezonu\/#breadcrumb","itemListElement":[{"@type":"ListItem","position":1,"name":"Home","item":"https:\/\/www.welovecycling.com\/sk\/"},{"@type":"ListItem","position":2,"name":"Mesa\u010dn\u00e1 desiatka &#8211; za\u010d\u00edname nov\u00fa sez\u00f3nu"}]},{"@type":"WebSite","@id":"https:\/\/www.welovecycling.com\/sk\/#website","url":"https:\/\/www.welovecycling.com\/sk\/","name":"\u0160koda We Love Cycling Slovensko","description":"\u0160koda We Love Cycling Slovensko je v\u00e1\u0161 ka\u017edodenn\u00fd zdroj noviniek a in\u0161pir\u00e1cie z sveta cyklistiky","potentialAction":[{"@type":"SearchAction","target":{"@type":"EntryPoint","urlTemplate":"https:\/\/www.welovecycling.com\/sk\/?s={search_term_string}"},"query-input":{"@type":"PropertyValueSpecification","valueRequired":true,"valueName":"search_term_string"}}],"inLanguage":"sk-SK"},{"@type":"Person","@id":"","url":"https:\/\/www.welovecycling.com\/sk\/author\/"}]}},"_links":{"self":[{"href":"https:\/\/www.welovecycling.com\/sk\/wp-json\/wp\/v2\/posts\/11378","targetHints":{"allow":["GET"]}}],"collection":[{"href":"https:\/\/www.welovecycling.com\/sk\/wp-json\/wp\/v2\/posts"}],"about":[{"href":"https:\/\/www.welovecycling.com\/sk\/wp-json\/wp\/v2\/types\/post"}],"author":[{"embeddable":true,"href":"https:\/\/www.welovecycling.com\/sk\/wp-json\/wp\/v2\/users\/81"}],"replies":[{"embeddable":true,"href":"https:\/\/www.welovecycling.com\/sk\/wp-json\/wp\/v2\/comments?post=11378"}],"version-history":[{"count":2,"href":"https:\/\/www.welovecycling.com\/sk\/wp-json\/wp\/v2\/posts\/11378\/revisions"}],"predecessor-version":[{"id":11393,"href":"https:\/\/www.welovecycling.com\/sk\/wp-json\/wp\/v2\/posts\/11378\/revisions\/11393"}],"wp:featuredmedia":[{"embeddable":true,"href":"https:\/\/www.welovecycling.com\/sk\/wp-json\/wp\/v2\/media\/11386"}],"wp:attachment":[{"href":"https:\/\/www.welovecycling.com\/sk\/wp-json\/wp\/v2\/media?parent=11378"}],"wp:term":[{"taxonomy":"category","embeddable":true,"href":"https:\/\/www.welovecycling.com\/sk\/wp-json\/wp\/v2\/categories?post=11378"},{"taxonomy":"post_tag","embeddable":true,"href":"https:\/\/www.welovecycling.com\/sk\/wp-json\/wp\/v2\/tags?post=11378"},{"taxonomy":"global-categories","embeddable":true,"href":"https:\/\/www.welovecycling.com\/sk\/wp-json\/wp\/v2\/global-categories?post=11378"}],"curies":[{"name":"wp","href":"https:\/\/api.w.org\/{rel}","templated":true}]}}