{"id":11336,"date":"2021-01-22T10:00:14","date_gmt":"2021-01-22T09:00:14","guid":{"rendered":"https:\/\/www.welovecycling.com\/sk\/?p=11336"},"modified":"2021-01-15T12:34:40","modified_gmt":"2021-01-15T11:34:40","slug":"sezona-petra-sagana-v-roku-2021-aka-bude","status":"publish","type":"post","link":"https:\/\/www.welovecycling.com\/sk\/2021\/01\/22\/sezona-petra-sagana-v-roku-2021-aka-bude\/","title":{"rendered":"Sez\u00f3na Petra Sagana v\u00a0roku 2021. Ak\u00e1 bude?"},"content":{"rendered":"<p><strong>Ani sme sa nenazdali a\u00a0op\u00e4\u0165 sa rok preklopil do svojho \u010fal\u0161ieho vydania. St\u00e1le s\u00a0pretrv\u00e1vaj\u00facimi opatreniami ale \u0161portov\u00fd \u017eivot neust\u00e1va, aj ke\u010f doposia\u013e vo forme individu\u00e1lnych tr\u00e9ningov alebo kempov. Ist\u00e9 je, \u017ee aj ke\u010f nikto nevie, \u010do bude o\u00a0mesiac alebo dva, ka\u017ed\u00fd sa pripravuje tak, aby bol pripraven\u00fd na vytipovan\u00e9 preteky. Medzi nimi je aj slovensk\u00fd pretek\u00e1r, Peter Sagan.<\/strong><!--more--><\/p>\n<p>Pre Petra bude t\u00e1to sez\u00f3na u\u017e 12. v\u00a0porad\u00ed vo World Tour. Aj preto by sme ho mohli nazva\u0165 jedn\u00fdm z\u00a0t\u00fdch \u201estar\u0161\u00edch\u201c a\u00a0sk\u00fasenej\u0161\u00edch jazdcov. S\u00a0oh\u013eadom na jeho schopnosti a\u00a0pr\u00edpravu bol napl\u00e1novan\u00fd aj aspo\u0148 hypotetick\u00fd harmonogram pre nasleduj\u00face mesiace. V\u00a0nich sa m\u00e1 z\u00fa\u010dastni\u0165 hne\u010f na <strong>deviatich prest\u00ed\u017enych podujatiach<\/strong>. O\u00a0ktor\u00e9 ide? To sa dozviete v\u00a0nasleduj\u00facich riadkoch.<\/p>\n<p>Je v\u0161ak nutn\u00e9 podotkn\u00fa\u0165, \u017ee \u0161tartov\u00e9 listiny s\u00fa do zna\u010dnej miery e\u0161te neist\u00e9 a\u00a0vyplnen\u00e9 menami len sporadicky. Predsa len, mnoh\u00ed pretek\u00e1ri e\u0161te nedok\u00e1\u017eu odhadn\u00fa\u0165 v\u00fdsledky ich pr\u00edpravy a\u00a0toho, ak\u00e9 opatrenia bud\u00fa plati\u0165 v\u00a0tej-ktorej krajine. Napriek tomu, Peter je ako jeden z\u00a0m\u00e1la ozna\u010den\u00fd na pomerne po\u010detn\u00fdch akci\u00e1ch. <\/p>\n<h2><strong>Omloop Het Nieuwsblad Elite &#8211; 27. febru\u00e1ra<\/strong><\/h2>\n<p>Ak ide o\u00a0jednor\u00e1zovky, pr\u00e1ve Omloop je pre Sagana st\u00e1le e\u0161te nedosiahnutou m\u00e9tou. Napriek tomu, \u017ee sa na nej z\u00fa\u010dastnil u\u017e celkovo trikr\u00e1t, pri\u010dom dvakr\u00e1t dosiahol na strieborn\u00fa prie\u010dku, e\u0161te nikdy sa nedok\u00e1zal prebojova\u0165 na prv\u00e9 miesto. Tieto preteky by mohli Petrovi sedie\u0165, najm\u00e4 kv\u00f4li <strong>opakovan\u00fdm kr\u00e1tkym st\u00fapaniam<\/strong>, ktor\u00e9 najlep\u0161ie pripom\u00ednaj\u00fa Okolo Fl\u00e1mska, kde u\u017e Peter dok\u00e1zal zv\u00ed\u0165azi\u0165.<\/p>\n<lite-youtube videoid=MjVxwuXWB68 params=\"enablejsapi=1\" style=\"background-image: url('https:\/\/i.ytimg.com\/vi_webp\/MjVxwuXWB68\/maxresdefault.webp');\"><\/lite-youtube>\n<p>Minul\u00fd ro\u010dn\u00edk patril J. Stuyvenovi, kedy nedal \u0161ancu ani Y. Lampaertovi, s\u00a0ktor\u00fdm bojoval a\u017e do posledn\u00fdch metrov. S\u00edce ide o\u00a0jednu z\u00a0krat\u0161\u00edch trat\u00ed, celkovo 200 km, av\u0161ak v\u010faka belgick\u00fdm chu\u0165ovk\u00e1m, medzi ktor\u00e9 patria \u00faseky pav\u00e9 a\u00a0strm\u00e9 st\u00fapania, bude aj t\u00e1to porcia nam\u00e1havou sk\u00fa\u0161kou. Celkovo sa m\u00f4\u017eeme te\u0161i\u0165 na 9 \u00fasekov s \u201ema\u010dac\u00edmi hlavami\u201c a\u00a0a\u017e 13 krat\u0161\u00edch kopcov. Jazdci si bud\u00fa m\u00f4c\u0165 vyd\u00fdchnu\u0165 a\u017e na p\u00e1ske, ke\u010f\u017ee aj napriek tomu, \u017ee posledn\u00fdch 12 km je z\u00a0kopca a\u00a0bez \u0165a\u017e\u0161\u00edch \u00fasekov trate, preteka\u0165 sa bude do posledn\u00e9ho metra.<\/p>\n<h2><strong>Kuurne-Bruxelles-Kuurne &#8211; 28. febru\u00e1ra<\/strong><\/h2>\n<p>Napriek tomu, \u017ee ide o\u00a0ni\u017e\u0161ie hodnoten\u00e9 podujatie (1. kateg\u00f3ria Pro), ka\u017edoro\u010dne sa na \u0148om objavuj\u00fa len tie najprest\u00ed\u017enej\u0161ie men\u00e1. V\u00ed\u0165azstvo si z\u00a0neho odniesli okrem in\u00e9ho aj K. Asgreen, B. Jungels, D. Groenewegen alebo pred \u0161tyrmi rokmi aj P. Sagan. To je ale jeho jedin\u00e9 umiestnenie v\u00a0top 3. Navy\u0161e bude tento ro\u010dn\u00edk pre\u0148ho <strong>v\u00fdrazne n\u00e1ro\u010dnej\u0161\u00ed<\/strong>. D\u00f4vodom je skuto\u010dnos\u0165, \u017ee toto podujatie sa kon\u00e1 de\u0148 po Omloop. \u010ci Peter n\u00e1jde dostatok s\u00edl z\u00e1pasi\u0165 s\u00a0t\u00fdmi najlep\u0161\u00edmi aj po predch\u00e1dzaj\u00facom pretek\u00e1rskom dni, to sa nech\u00e1me prekvapi\u0165.<\/p>\n<lite-youtube videoid=9toSrOk6tI4 params=\"enablejsapi=1\" style=\"background-image: url('https:\/\/i.ytimg.com\/vi_webp\/9toSrOk6tI4\/maxresdefault.webp');\"><\/lite-youtube>\n<p>Aj ke\u010f s\u00fa samotn\u00e9 inform\u00e1cie o\u00a0t\u00fdchto pretekoch e\u0161te zahalen\u00e9 r\u00fa\u0161kom neistoty, minuloro\u010dn\u00e1 ed\u00edcia mala d\u013a\u017eku 201 km a\u00a0i\u0161lo o\u00a0takmer rovinat\u00fa tra\u0165 &#8211; s\u00edce okorenen\u00fa 11 krat\u0161\u00edmi strm\u00fdmi \u00fasekmi &#8211; av\u0161ak s\u00a0posledn\u00fdmi 50 km bez v\u00fdraznej\u0161\u00edch prek\u00e1\u017eok. Samozrejme, konkurencia je nabit\u00e1 do posledn\u00fdch miest. Zatia\u013e s\u00fa prihl\u00e1sen\u00e9 men\u00e1 ako T. Benoot, S. Kragh Andersen, K. Asgreen, G. van Avermaet a\u00a0in\u00ed.<\/p>\n<h2><strong>Mil\u00e1no-Sanremo &#8211; 20. marca<\/strong><\/h2>\n<p>S\u00a0vy\u0161e mesa\u010dnou prest\u00e1vkou sa do \u010fal\u0161ej jednor\u00e1zovky pust\u00ed Peter v\u00a0takmer dom\u00e1com Taliansku. A\u00a0\u017ee ten mesiac oddychu bude na to potrebn\u00fd, to dosved\u010duje charakter tejto najdlh\u0161ej klasiky sez\u00f3ny. S\u00a0vy\u0161e <strong>300 kilometrami<\/strong> o\u00a0nej nie je mo\u017en\u00e9 hovori\u0165 inak, ne\u017e  ako o\u00a0\u010distom pekle ne\u010faleko kr\u00e1snych pl\u00e1\u017e\u00ed a\u00a0modr\u00e9ho, Stredozemn\u00e9ho mora. Aj tu v\u00a0roku 2017 siahal Slov\u00e1k po v\u00ed\u0165azstve, av\u0161ak proti tomu bol M. Kwiatkowski. D\u00f4le\u017eit\u00e9 pre Petra bude to, \u017ee ak sa dostane z\u00a0Poggia v\u00a0prvej skupine, bude si musie\u0165 da\u0165 pozor na svojich \u201ekolegov\u201c, tak, ako tomu bolo aj v\u00a0roku 2019.<\/p>\n<lite-youtube videoid=NECr3ZQL1Z4 params=\"enablejsapi=1\" style=\"background-image: url('https:\/\/i.ytimg.com\/vi_webp\/NECr3ZQL1Z4\/maxresdefault.webp');\"><\/lite-youtube>\n<p>Ak sa pretek\u00e1ri dostan\u00fa cez m\u00e9tu na 270 km, je vhodn\u00e9 poveda\u0165, \u017ee tu sa skuto\u010dn\u00e9 boje o\u00a0v\u00ed\u0165azstvo e\u0161te len za\u010d\u00ednaj\u00fa. D\u00f4vodom s\u00fa dve st\u00fapania &#8211; Cipressa a\u00a0Poggio di Sanremo. S\u00edce s\u00fa kr\u00e1tke a\u00a0nie pr\u00edli\u0161 strm\u00e9, av\u0161ak v\u00a0pr\u00edpade umiestnenia na takomto bode pretekov, dok\u00e1\u017eu jednozna\u010dne uk\u00e1za\u0165, kto na to m\u00e1 a\u00a0kto nie. Navy\u0161e ak za Poggiom nasleduje u\u017e len zjazd a\u00a02 km roviny. <\/p>\n<h2><strong>E3 Saxo Bank Classic &#8211; 26. marca<\/strong><\/h2>\n<p>Na konci marca sa Sagan op\u00e4\u0165 predstav\u00ed na star\u00fdch zn\u00e1mych klasik\u00e1ch. Najprv to\u00a0bude E3, ktor\u00e1 mu bola naklonen\u00e1 v\u00a0roku 2014, vtedy e\u0161te v\u00a0drese Cannondale, kedy na nej z\u00edskal v\u00ed\u0165azstvo pre Terpstrom, a\u00a0dvakr\u00e1t dokonca z\u00edskal povestn\u00e9 striebro. Celkovo zapad\u00e1 do tradi\u010dn\u00e9ho ch\u00e1pania belgick\u00fdch jednor\u00e1zoviek. U\u017e teraz na \u0161tartovej listine svietia men\u00e1 ako W. van Aert, G. van Avermaet, C. Pedersen alebo S. Vanmarcke a\u00a0in\u00ed. <\/p>\n<lite-youtube videoid=cP9ZDgzl6FQ params=\"enablejsapi=1\" style=\"background-image: url('https:\/\/i.ytimg.com\/vi_webp\/cP9ZDgzl6FQ\/maxresdefault.webp');\"><\/lite-youtube>\n<p>Profilovo je podobn\u00e1 s\u00a0predch\u00e1dzaj\u00facimi podujatiami, ke\u010f\u017ee meria 204 km a\u00a0najvy\u0161\u0161\u00edm bodom trate je \u201ea\u017e\u201c 91 metrov\u00fd Kortekeer. Okrem neho sa ale jazdci musia pripravi\u0165 aj na \u010fal\u0161\u00edch 15 kr\u00e1tkych st\u00fapan\u00ed, ktor\u00e9 ich bud\u00fa sprev\u00e1dza\u0165 a\u017e na m\u00e9tu 20 km pred cie\u013eom, kde skuto\u010dne za\u010dne pozi\u010dn\u00fd s\u00faboj.<\/p>\n<h2><strong>Gent-Wevelgem na Fl\u00e1mskych poliach &#8211; 28. marca<\/strong><\/h2>\n<p>Druhou klasikou v\u00a0jednom t\u00fd\u017edni bude Gent-Wevelgem s\u00a0u\u017e 83. ro\u010dn\u00edkom. Aj ke\u010f svoj\u00edm profilom nepripom\u00edna nejak\u00fa \u201evra\u017edu\u201c, jazdci by to pop\u00edsali in\u00fdmi slovami. D\u00f4le\u017eit\u00e9 ale je, \u017ee slovensk\u00fd z\u00e1rez si t\u00e1to tra\u0165 pam\u00e4t\u00e1 &#8211; a\u00a0to hne\u010f trikr\u00e1t! V\u0161etko je z\u00e1sluha Petra Sagana, konkr\u00e9tne v\u00a0rokoch 2013, 2016 a\u00a02018. A\u00a0to nehovor\u00edme o\u00a0jednom druhom a\u00a0troch tret\u00edch miestach. Z\u00a0tohto \u00fadaju evidentne vypl\u00fdva, \u017ee Petrovi by sa dari\u0165 mohlo, z\u00e1le\u017ea\u0165 to bude ale na forme a\u00a0regener\u00e1cii z\u00a0E3.<\/p>\n<p>https:\/\/www.youtube.com\/watch?v=0CeWxNPY4Lw&#038;ab_channel=SuccessCycling<\/p>\n<p>Ak ide o\u00a0tra\u0165, vy\u0161e 230 km je tak\u00fdm priemerom \u010do do jarn\u00fdch klas\u00edk. Ani v\u00a0po\u010dte a\u00a0n\u00e1ro\u010dnosti st\u00fapan\u00ed si nezad\u00e1 s\u00a0t\u00fdmi najsl\u00e1vnej\u0161\u00edmi. To v\u0161ak neznamen\u00e1, \u017ee nedok\u00e1\u017ee pretek\u00e1rov potr\u00e1pi\u0165. Bo\u010dn\u00fd vietor alebo nepr\u00edjemn\u00e9 po\u010dasie bud\u00fa dostato\u010dn\u00fdm stra\u0161iakom v\u0161etk\u00fdch t\u00fdch, ktor\u00ed sa bud\u00fa chcie\u0165 na posledn\u00fdch takmer 40 kilometroch po rovine osamostatni\u0165. <\/p>\n<h2><strong>Ronde van Vlaandere &#8211; Okolo Fl\u00e1mska &#8211; 4. apr\u00edla<\/strong><\/h2>\n<p>Apr\u00edl pon\u00faka s\u00edce len dve podujatia, av\u0161ak z\u00a0kateg\u00f3rie t\u00fdch najvychytenej\u0161\u00edch. D\u00f4vodom pre tak\u00fdto honosn\u00fd pr\u00edvlastok je u\u017e samotn\u00fd n\u00e1zov: Okolo Fl\u00e1mska. Ka\u017ed\u00e9mu cyklistick\u00e9mu nad\u0161encovi sa ur\u010dite v\u00a0tomto pr\u00edpade pred o\u010dami objav\u00ed obr\u00e1zok, kedy Peter Sagan v\u00a0poslednom st\u00fapan\u00ed na Paterbergu odtrhol Vanmarcka a\u00a0aj napriek snahe Cancellaru <strong>zvl\u00e1dol posledn\u00fd rovinat\u00fd \u00fasek brav\u00farnym sp\u00f4sobom<\/strong>. To bol rok 2016. E\u0161te v\u00a0roku 2019 bol jedn\u00fdm z\u00a0t\u00fdch, ktor\u00ed mohli siahnu\u0165 po v\u00ed\u0165azstve. Uvid\u00edme, ako na tom bude tento rok &#8211; v\u00a0t\u00fdchto pretekoch ste bu\u010fto pripraven\u00ed na 100&nbsp;percent, alebo nem\u00e1te \u0161ancu.<\/p>\n<lite-youtube videoid=XFqfqO6CQko params=\"enablejsapi=1\" style=\"background-image: url('https:\/\/i.ytimg.com\/vi_webp\/XFqfqO6CQko\/maxresdefault.webp');\"><\/lite-youtube>\n<p>Cesta z\u00a0Antwerp do Oudenaarde nie je \u013eahk\u00e1. Del\u00ed v\u00e1s od neho a\u017e 244 kilometrov, posiatymi 15&nbsp;vyp\u00edsan\u00fdmi st\u00fapaniami. Aj ke\u010f u\u017e o\u00a0nich hovor\u00edme od prvej klasiky, vedzte, \u017ee tieto s\u00fa nie\u010d\u00edm \u0161pecifick\u00e9. Tak napr\u00edklad Oude Kwaremont a\u00a0Paterberg s\u00fa vydl\u00e1\u017eden\u00e9 t\u00fdmi najhlad\u0161\u00edmi pav\u00e9 a\u00a0preto a\u017e 20 % sklon bude nemal\u00fdm probl\u00e9mom. Najm\u00e4, ak sa chcete udr\u017ea\u0165 na bicykli.<\/p>\n<h2><strong>Par\u00ed\u017e-Roubaix &#8211; 11. apr\u00edla<\/strong><\/h2>\n<p>Druhou z\u00a0klas\u00edk, najzn\u00e1mej\u0161ou v\u00a0krajine v\u00edna a\u00a0syra, je Par\u00ed\u017e-Roubaix. Aj ke\u010f sme hovorili, \u017ee kopce na Okolo Fl\u00e1mska s\u00fa vydl\u00e1\u017eden\u00e9 pav\u00e9, na Roubaix je tak\u00fdchto \u00fasekov a\u017e 29 (v z\u00e1vislosti od organiz\u00e1cie). V\u00a0roku 2018 sme boli svedkami historick\u00e9ho momentu, ke\u010f si Peter Sagan najprv nast\u00fapil 50 km pred koncom, aby dohnal \u010deln\u00fa skupinku a\u00a0n\u00e1sledne ju <strong>len v\u00a0dvoj\u010dlennom po\u010dte dotiahol a\u017e do cie\u013ea<\/strong>. <\/p>\n<p><a href=\"https:\/\/www.youtube.com\/watch?v=FoViKmFrfoA&#038;ab_channel=Eurosport\" rel=\"noopener noreferrer\" target=\"_blank\">Paris-Roubaix 2018 | How The Race Was Won | Cycling | Eurosport &#8211; YouTube<\/a><\/p>\n<p>Ve\u013ek\u00fdm m\u00ednusom pre Petra bude skuto\u010dnos\u0165, \u017ee ide asi o\u00a0jedny z\u00a0najprest\u00ed\u017enej\u0161\u00edch pretekov roka. To znamen\u00e1, \u017ee na \u0161tarte sa uk\u00e1\u017ee priam v\u00fdkvet profesion\u00e1lnej cyklistiky. Ve\u013ekou premennou je aj riziko defektov \u010di p\u00e1dov, ktor\u00e9 m\u00f4\u017eu ihne\u010f ukon\u010di\u0165 n\u00e1deje a\u00a0sny o\u00a0v\u00ed\u0165azstve. Na\u0161\u0165astie je Peter sk\u00fasen\u00fdm a\u00a0obratn\u00fdm cyklistom, ktor\u00e9mu tieto prvky nerobia a\u017e tak\u00e9 ve\u013ek\u00e9 obtia\u017ee.<\/p>\n<h2><strong>Giro d&#8217;Italia &#8211; 8. &#8211; 30. m\u00e1ja<\/strong><\/h2>\n<p>Skuto\u010dnos\u0165, \u017ee a\u017e v\u00a0uplynulej sez\u00f3ne sa Peter postavil po prv\u00fdkr\u00e1t na \u0161tartov\u00fa \u010diaru Gira, je naozaj prekvapiv\u00e1. Mo\u017eno prekvapivej\u0161\u00edm, av\u0161ak v\u00a0pozit\u00edvnom zmysle, je to, \u017ee sa na\u0148 <strong>op\u00e4\u0165 vracia aj v\u00a0roku 2021<\/strong>. Na ot\u00e1zku \u201epre\u010do?\u201c by sme mohli doda\u0165, \u017ee tu m\u00e1 nejak\u00e9 tie nevybaven\u00e9 \u00fa\u010dty &#8211; najm\u00e4 ak ide o\u00a0dres bodovacej klasifik\u00e1cie.<\/p>\n<lite-youtube videoid=UtcJA69MpIU params=\"enablejsapi=1\" style=\"background-image: url('https:\/\/i.ytimg.com\/vi_webp\/UtcJA69MpIU\/maxresdefault.webp');\"><\/lite-youtube>\n<p>Na\u0161\u0165astie uplynul\u00e1 \u00fa\u010das\u0165 na Gire nebola tak\u00e1 temn\u00e1, ako by sa mohlo zda\u0165. Po viacer\u00fdch druh\u00fdch miestach sa v\u00a010. etape na Petra kone\u010dne \u201eusmialo \u0161\u0165astie\u201c, aj ke\u010f je potrebn\u00e9 uvies\u0165, \u017ee to bola Petrova n\u00e1maha a\u00a0pretek\u00e1rsky kum\u0161t, ktor\u00e9 ho doviezlo po debutov\u00e9 v\u00ed\u0165azstvo na talianskom etap\u00e1ku. Nav\u00fd\u0161i tento po\u010det v\u00a0tomto roku?<\/p>\n<h2><strong>Tour de France &#8211; 26. j\u00fana &#8211; 18. j\u00fala<\/strong><\/h2>\n<p>Po zmene v\u00a0minulom roku, kedy sa Tour preniesla na september, sa op\u00e4\u0165 r\u00e1ta s\u00a0jej p\u00f4vodn\u00fdm term\u00ednom na prelom letn\u00fdch mesiacov. Aj my by sme radi videli toto spektakul\u00e1rne divadlo op\u00e4\u0165 v\u00a0plnej jej kr\u00e1se. Navy\u0161e predov\u0161etk\u00fdm vtedy, keby sa Petrovi znovu podarilo z\u00edska\u0165 jemu u\u017e takmer pr\u00e1vom patriaci zelen\u00fd dres, ktor\u00fd mu v\u00a0sez\u00f3ne 2020 u\u0161iel. A\u00a0mo\u017eno aj preto bol minul\u00fd ro\u010dn\u00edk do istej miery z\u00e1\u017eivnej\u0161\u00ed &#8211; ka\u017ed\u00e1 etapa znamenala bu\u010fto zisk alebo stratu bodov na S. Bennetta. <strong>Bojovalo sa tak a\u017e do posledn\u00fdch et\u00e1p<\/strong> a\u00a0my ako div\u00e1ci pri telev\u00edznych obrazovk\u00e1ch sme mohli len o\u010dak\u00e1va\u0165 v\u00fdvoj ka\u017edej \u010fal\u0161ej etapy.<\/p>\n<lite-youtube videoid=y_BLCkhyn28 params=\"enablejsapi=1\" style=\"background-image: url('https:\/\/i.ytimg.com\/vi_webp\/y_BLCkhyn28\/maxresdefault.webp');\"><\/lite-youtube>\n<p>D\u00f4le\u017eit\u00fdm faktorom je teda aj to, ako na tom t\u00edm BORA-hansgrohe bude. Ako u\u017e bolo povedan\u00e9, v\u00a0uplynulom vydan\u00ed Tour predv\u00e1dzali jedny z\u00a0najv\u00fdraznej\u0161\u00edch v\u00fdkonov v\u00a0r\u00e1mci t\u00edmovej podpory. Ot\u00e1zne ale bude aj to, ako bude vyzera\u0165 tra\u0165, ke\u010f doposia\u013e sa ani Giro a\u00a0ani Tour nepodelili z\u00a0ich presn\u00fdmi \u0161pecifik\u00e1ciami et\u00e1p a\u00a0pod. &#8211; a\u00a0to opr\u00e1vnene. Ost\u00e1va n\u00e1m teda len \u010daka\u0165, ako sa sez\u00f3na bude vyv\u00edja\u0165 a\u00a0\u010do n\u00e1m dan\u00fd zdravotn\u00fd a\u00a0pandemick\u00fd stav prinesie.<\/p>\n","protected":false},"excerpt":{"rendered":"<p>Ani sme sa nenazdali a\u00a0op\u00e4\u0165 sa rok preklopil do svojho \u010fal\u0161ieho vydania. St\u00e1le s\u00a0pretrv\u00e1vaj\u00facimi opatreniami ale \u0161portov\u00fd \u017eivot neust\u00e1va, aj [&hellip;]<\/p>\n","protected":false},"author":81,"featured_media":11347,"comment_status":"open","ping_status":"open","sticky":false,"template":"","format":"standard","meta":{"footnotes":""},"categories":[63],"tags":[619,115,331,431,65,423,429,428,46,179,885,1311,20],"global-categories":[1074],"class_list":["post-11336","post","type-post","status-publish","format-standard","has-post-thumbnail","hentry","category-grand-tour","tag-bicyklovanie","tag-cestna-cyklistika","tag-etapove-preteky","tag-gent-wevelgem","tag-giro-d-italia","tag-milano-san-remo","tag-okolo-flamska","tag-pariz-roubaix","tag-peter-sagan","tag-preteky","tag-profesional","tag-sezona-2021","tag-tour-de-france","global-categories-cycling"],"yoast_head":"<!-- This site is optimized with the Yoast SEO Premium plugin v25.3 (Yoast SEO v25.9) - https:\/\/yoast.com\/wordpress\/plugins\/seo\/ -->\n<title>Sez\u00f3na Petra Sagana v\u00a0roku 2021. Ak\u00e1 bude? - \u0160koda We Love Cycling Slovensko<\/title>\n<meta name=\"robots\" content=\"index, follow, max-snippet:-1, max-image-preview:large, max-video-preview:-1\" \/>\n<link rel=\"canonical\" href=\"https:\/\/www.welovecycling.com\/sk\/2021\/01\/22\/sezona-petra-sagana-v-roku-2021-aka-bude\/\" \/>\n<meta property=\"og:locale\" content=\"sk_SK\" \/>\n<meta property=\"og:type\" content=\"article\" \/>\n<meta property=\"og:title\" content=\"Sez\u00f3na Petra Sagana v\u00a0roku 2021. Ak\u00e1 bude?\" \/>\n<meta property=\"og:description\" content=\"Ani sme sa nenazdali a\u00a0op\u00e4\u0165 sa rok preklopil do svojho \u010fal\u0161ieho vydania. St\u00e1le s\u00a0pretrv\u00e1vaj\u00facimi opatreniami ale \u0161portov\u00fd \u017eivot neust\u00e1va, aj [&hellip;]\" \/>\n<meta property=\"og:url\" content=\"https:\/\/www.welovecycling.com\/sk\/2021\/01\/22\/sezona-petra-sagana-v-roku-2021-aka-bude\/\" \/>\n<meta property=\"og:site_name\" content=\"\u0160koda We Love Cycling Slovensko\" \/>\n<meta property=\"article:published_time\" content=\"2021-01-22T09:00:14+00:00\" \/>\n<meta property=\"og:image\" content=\"https:\/\/d2p6e6u75xmxt8.cloudfront.net\/4\/2021\/01\/00_Sagan_2021.webp\" \/>\n\t<meta property=\"og:image:width\" content=\"1380\" \/>\n\t<meta property=\"og:image:height\" content=\"600\" \/>\n\t<meta property=\"og:image:type\" content=\"image\/webp\" \/>\n<meta name=\"twitter:card\" content=\"summary_large_image\" \/>\n<meta name=\"twitter:label1\" content=\"Written by\" \/>\n\t<meta name=\"twitter:data1\" content=\"WeLoveCycling\" \/>\n\t<meta name=\"twitter:label2\" content=\"Est. reading time\" \/>\n\t<meta name=\"twitter:data2\" content=\"8\" \/>\n<script type=\"application\/ld+json\" class=\"yoast-schema-graph\">{\"@context\":\"https:\/\/schema.org\",\"@graph\":[{\"@type\":\"WebPage\",\"@id\":\"https:\/\/www.welovecycling.com\/sk\/2021\/01\/22\/sezona-petra-sagana-v-roku-2021-aka-bude\/\",\"url\":\"https:\/\/www.welovecycling.com\/sk\/2021\/01\/22\/sezona-petra-sagana-v-roku-2021-aka-bude\/\",\"name\":\"Sez\u00f3na Petra Sagana v\u00a0roku 2021. Ak\u00e1 bude? - \u0160koda We Love Cycling Slovensko\",\"isPartOf\":{\"@id\":\"https:\/\/www.welovecycling.com\/sk\/#website\"},\"primaryImageOfPage\":{\"@id\":\"https:\/\/www.welovecycling.com\/sk\/2021\/01\/22\/sezona-petra-sagana-v-roku-2021-aka-bude\/#primaryimage\"},\"image\":{\"@id\":\"https:\/\/www.welovecycling.com\/sk\/2021\/01\/22\/sezona-petra-sagana-v-roku-2021-aka-bude\/#primaryimage\"},\"thumbnailUrl\":\"https:\/\/d2p6e6u75xmxt8.cloudfront.net\/4\/2021\/01\/00_Sagan_2021.webp\",\"datePublished\":\"2021-01-22T09:00:14+00:00\",\"author\":{\"@id\":\"\"},\"breadcrumb\":{\"@id\":\"https:\/\/www.welovecycling.com\/sk\/2021\/01\/22\/sezona-petra-sagana-v-roku-2021-aka-bude\/#breadcrumb\"},\"inLanguage\":\"sk-SK\",\"potentialAction\":[{\"@type\":\"ReadAction\",\"target\":[\"https:\/\/www.welovecycling.com\/sk\/2021\/01\/22\/sezona-petra-sagana-v-roku-2021-aka-bude\/\"]}]},{\"@type\":\"ImageObject\",\"inLanguage\":\"sk-SK\",\"@id\":\"https:\/\/www.welovecycling.com\/sk\/2021\/01\/22\/sezona-petra-sagana-v-roku-2021-aka-bude\/#primaryimage\",\"url\":\"https:\/\/d2p6e6u75xmxt8.cloudfront.net\/4\/2021\/01\/00_Sagan_2021.webp\",\"contentUrl\":\"https:\/\/d2p6e6u75xmxt8.cloudfront.net\/4\/2021\/01\/00_Sagan_2021.webp\",\"width\":1380,\"height\":600},{\"@type\":\"BreadcrumbList\",\"@id\":\"https:\/\/www.welovecycling.com\/sk\/2021\/01\/22\/sezona-petra-sagana-v-roku-2021-aka-bude\/#breadcrumb\",\"itemListElement\":[{\"@type\":\"ListItem\",\"position\":1,\"name\":\"Home\",\"item\":\"https:\/\/www.welovecycling.com\/sk\/\"},{\"@type\":\"ListItem\",\"position\":2,\"name\":\"Sez\u00f3na Petra Sagana v\u00a0roku 2021. Ak\u00e1 bude?\"}]},{\"@type\":\"WebSite\",\"@id\":\"https:\/\/www.welovecycling.com\/sk\/#website\",\"url\":\"https:\/\/www.welovecycling.com\/sk\/\",\"name\":\"\u0160koda We Love Cycling Slovensko\",\"description\":\"\u0160koda We Love Cycling Slovensko je v\u00e1\u0161 ka\u017edodenn\u00fd zdroj noviniek a in\u0161pir\u00e1cie z sveta cyklistiky\",\"potentialAction\":[{\"@type\":\"SearchAction\",\"target\":{\"@type\":\"EntryPoint\",\"urlTemplate\":\"https:\/\/www.welovecycling.com\/sk\/?s={search_term_string}\"},\"query-input\":{\"@type\":\"PropertyValueSpecification\",\"valueRequired\":true,\"valueName\":\"search_term_string\"}}],\"inLanguage\":\"sk-SK\"},{\"@type\":\"Person\",\"@id\":\"\",\"url\":\"https:\/\/www.welovecycling.com\/sk\/author\/\"}]}<\/script>\n<!-- \/ Yoast SEO Premium plugin. -->","yoast_head_json":{"title":"Sez\u00f3na Petra Sagana v\u00a0roku 2021. Ak\u00e1 bude? - \u0160koda We Love Cycling Slovensko","robots":{"index":"index","follow":"follow","max-snippet":"max-snippet:-1","max-image-preview":"max-image-preview:large","max-video-preview":"max-video-preview:-1"},"canonical":"https:\/\/www.welovecycling.com\/sk\/2021\/01\/22\/sezona-petra-sagana-v-roku-2021-aka-bude\/","og_locale":"sk_SK","og_type":"article","og_title":"Sez\u00f3na Petra Sagana v\u00a0roku 2021. Ak\u00e1 bude?","og_description":"Ani sme sa nenazdali a\u00a0op\u00e4\u0165 sa rok preklopil do svojho \u010fal\u0161ieho vydania. St\u00e1le s\u00a0pretrv\u00e1vaj\u00facimi opatreniami ale \u0161portov\u00fd \u017eivot neust\u00e1va, aj [&hellip;]","og_url":"https:\/\/www.welovecycling.com\/sk\/2021\/01\/22\/sezona-petra-sagana-v-roku-2021-aka-bude\/","og_site_name":"\u0160koda We Love Cycling Slovensko","article_published_time":"2021-01-22T09:00:14+00:00","og_image":[{"width":1380,"height":600,"url":"https:\/\/d2p6e6u75xmxt8.cloudfront.net\/4\/2021\/01\/00_Sagan_2021.webp","type":"image\/webp"}],"twitter_card":"summary_large_image","twitter_misc":{"Written by":"WeLoveCycling","Est. reading time":"8"},"schema":{"@context":"https:\/\/schema.org","@graph":[{"@type":"WebPage","@id":"https:\/\/www.welovecycling.com\/sk\/2021\/01\/22\/sezona-petra-sagana-v-roku-2021-aka-bude\/","url":"https:\/\/www.welovecycling.com\/sk\/2021\/01\/22\/sezona-petra-sagana-v-roku-2021-aka-bude\/","name":"Sez\u00f3na Petra Sagana v\u00a0roku 2021. Ak\u00e1 bude? - \u0160koda We Love Cycling Slovensko","isPartOf":{"@id":"https:\/\/www.welovecycling.com\/sk\/#website"},"primaryImageOfPage":{"@id":"https:\/\/www.welovecycling.com\/sk\/2021\/01\/22\/sezona-petra-sagana-v-roku-2021-aka-bude\/#primaryimage"},"image":{"@id":"https:\/\/www.welovecycling.com\/sk\/2021\/01\/22\/sezona-petra-sagana-v-roku-2021-aka-bude\/#primaryimage"},"thumbnailUrl":"https:\/\/d2p6e6u75xmxt8.cloudfront.net\/4\/2021\/01\/00_Sagan_2021.webp","datePublished":"2021-01-22T09:00:14+00:00","author":{"@id":""},"breadcrumb":{"@id":"https:\/\/www.welovecycling.com\/sk\/2021\/01\/22\/sezona-petra-sagana-v-roku-2021-aka-bude\/#breadcrumb"},"inLanguage":"sk-SK","potentialAction":[{"@type":"ReadAction","target":["https:\/\/www.welovecycling.com\/sk\/2021\/01\/22\/sezona-petra-sagana-v-roku-2021-aka-bude\/"]}]},{"@type":"ImageObject","inLanguage":"sk-SK","@id":"https:\/\/www.welovecycling.com\/sk\/2021\/01\/22\/sezona-petra-sagana-v-roku-2021-aka-bude\/#primaryimage","url":"https:\/\/d2p6e6u75xmxt8.cloudfront.net\/4\/2021\/01\/00_Sagan_2021.webp","contentUrl":"https:\/\/d2p6e6u75xmxt8.cloudfront.net\/4\/2021\/01\/00_Sagan_2021.webp","width":1380,"height":600},{"@type":"BreadcrumbList","@id":"https:\/\/www.welovecycling.com\/sk\/2021\/01\/22\/sezona-petra-sagana-v-roku-2021-aka-bude\/#breadcrumb","itemListElement":[{"@type":"ListItem","position":1,"name":"Home","item":"https:\/\/www.welovecycling.com\/sk\/"},{"@type":"ListItem","position":2,"name":"Sez\u00f3na Petra Sagana v\u00a0roku 2021. Ak\u00e1 bude?"}]},{"@type":"WebSite","@id":"https:\/\/www.welovecycling.com\/sk\/#website","url":"https:\/\/www.welovecycling.com\/sk\/","name":"\u0160koda We Love Cycling Slovensko","description":"\u0160koda We Love Cycling Slovensko je v\u00e1\u0161 ka\u017edodenn\u00fd zdroj noviniek a in\u0161pir\u00e1cie z sveta cyklistiky","potentialAction":[{"@type":"SearchAction","target":{"@type":"EntryPoint","urlTemplate":"https:\/\/www.welovecycling.com\/sk\/?s={search_term_string}"},"query-input":{"@type":"PropertyValueSpecification","valueRequired":true,"valueName":"search_term_string"}}],"inLanguage":"sk-SK"},{"@type":"Person","@id":"","url":"https:\/\/www.welovecycling.com\/sk\/author\/"}]}},"_links":{"self":[{"href":"https:\/\/www.welovecycling.com\/sk\/wp-json\/wp\/v2\/posts\/11336","targetHints":{"allow":["GET"]}}],"collection":[{"href":"https:\/\/www.welovecycling.com\/sk\/wp-json\/wp\/v2\/posts"}],"about":[{"href":"https:\/\/www.welovecycling.com\/sk\/wp-json\/wp\/v2\/types\/post"}],"author":[{"embeddable":true,"href":"https:\/\/www.welovecycling.com\/sk\/wp-json\/wp\/v2\/users\/81"}],"replies":[{"embeddable":true,"href":"https:\/\/www.welovecycling.com\/sk\/wp-json\/wp\/v2\/comments?post=11336"}],"version-history":[{"count":2,"href":"https:\/\/www.welovecycling.com\/sk\/wp-json\/wp\/v2\/posts\/11336\/revisions"}],"predecessor-version":[{"id":11352,"href":"https:\/\/www.welovecycling.com\/sk\/wp-json\/wp\/v2\/posts\/11336\/revisions\/11352"}],"wp:featuredmedia":[{"embeddable":true,"href":"https:\/\/www.welovecycling.com\/sk\/wp-json\/wp\/v2\/media\/11347"}],"wp:attachment":[{"href":"https:\/\/www.welovecycling.com\/sk\/wp-json\/wp\/v2\/media?parent=11336"}],"wp:term":[{"taxonomy":"category","embeddable":true,"href":"https:\/\/www.welovecycling.com\/sk\/wp-json\/wp\/v2\/categories?post=11336"},{"taxonomy":"post_tag","embeddable":true,"href":"https:\/\/www.welovecycling.com\/sk\/wp-json\/wp\/v2\/tags?post=11336"},{"taxonomy":"global-categories","embeddable":true,"href":"https:\/\/www.welovecycling.com\/sk\/wp-json\/wp\/v2\/global-categories?post=11336"}],"curies":[{"name":"wp","href":"https:\/\/api.w.org\/{rel}","templated":true}]}}