{"id":11329,"date":"2021-01-19T10:00:04","date_gmt":"2021-01-19T09:00:04","guid":{"rendered":"https:\/\/www.welovecycling.com\/sk\/?p=11329"},"modified":"2023-04-12T12:05:52","modified_gmt":"2023-04-12T10:05:52","slug":"uci-lobuje-aby-sa-z-cyklokrosu-stal-olympijsky-sport","status":"publish","type":"post","link":"https:\/\/www.welovecycling.com\/sk\/2021\/01\/19\/uci-lobuje-aby-sa-z-cyklokrosu-stal-olympijsky-sport\/","title":{"rendered":"UCI lobuje, aby sa z cyklokrosu stal olympijsk\u00fd \u0161port"},"content":{"rendered":"<p><strong>UCI pokra\u010duje vo svojom dlhom (a pravdepodobne m\u00e1rnom) lobistickom \u00fasil\u00ed, aby sa cyklokros stal olympijsk\u00fdm \u0161portom. Medzin\u00e1rodn\u00e1 cyklistick\u00e1 \u00fania sa v\u0161ak nezameriava na letn\u00e9 olympijsk\u00e9 hry, ako by sa dalo \u010daka\u0165, ale chce, aby sa cyklokros stal s\u00fa\u010das\u0165ou zimn\u00fdch olympijsk\u00fdch hier.<\/strong><!--more--><\/p>\n<p>Kame\u0148om \u00farazu v\u0161ak zost\u00e1va pravidlo charty MOV. To naria\u010fuje, aby \u0161port na zimn\u00fdch olympijsk\u00fdch hr\u00e1ch bol vykon\u00e1van\u00fd na snehu alebo \u013eade. To bol d\u00f4vod, pre\u010do sa vo \u0161vaj\u010diarskom Villars vo v\u00fd\u0161ke 1 300 metrov malo kona\u0165 kolo svetov\u00e9ho poh\u00e1ra v cyklokrose 2020. <em>&#8222;D\u00fafali sme, \u017ee sneh presved\u010d\u00ed Thomasa Bacha, prezidenta MOV,&#8220;<\/em> uviedol \u0161portov\u00fd riadite\u013e UCI Peter Van den Abeele na diskusii za okr\u00fahlym stolom, ktor\u00fa v decembri usporiadal holandsk\u00fd cyklistick\u00fd port\u00e1l WielerFlits. <em>&#8222;Bohu\u017eia\u013e, COVID-19 to naru\u0161il.&#8220;<\/em><\/p>\n<figure id=\"attachment_11330\" aria-describedby=\"caption-attachment-11330\" style=\"width: 1250px\" class=\"wp-caption alignnone\"><img loading=\"lazy\" decoding=\"async\" class=\"size-full wp-image-11330\" src=\"https:\/\/d2p6e6u75xmxt8.cloudfront.net\/4\/2021\/01\/Ceylin-Del-Carmen-Alvarado-profimedia-0578201191.jpg\" alt=\"Cyclocross Ceylin Del Carmen Alvarado\" width=\"1250\" height=\"833\" \/><figcaption id=\"caption-attachment-11330\" class=\"wp-caption-text\">Holan\u010fanka Ceylin Del Carmen Alvarado oslavuje v\u00ed\u0165azstvo v elitn\u00fdch pretekoch \u017eien v cyklokrosov\u00fdch pretekoch \u201eHerentals Crosst\u201c. \u00a9 Profimedia<\/figcaption><\/figure>\n<p>Napriek tomu bude lobistick\u00e9 \u00fasilie pokra\u010dova\u0165, uviedol Van den Abeele. D\u00f4vod, pre\u010do UCI a v\u0161etci cyklokros\u00e1ri t\u00fa\u017eia po tom, aby sa tento \u0161port stal olympijskou atrakciou, sa scvrk\u00e1va na jedno slovo: peniaze.<\/p>\n<p>Organiz\u00e1tori cyklokrosov\u00fdch pretekov Tomas Van Den Spiegel a Tom Van Damme, prezident belgick\u00e9ho cyklistick\u00e9ho zv\u00e4zu, v r\u00e1mci tej istej diskusie za okr\u00fahlym stolom uviedli, \u017ee olympijsk\u00e9 prijatie povedie k finan\u010dnej podpore cyklokrosov\u00fdch jazdcov. V\u010faka tomu sa zlep\u0161\u00ed poz\u00edcia tohto \u0161portu. <em>\u201eTo je jeden z d\u00f4vodov, pre\u010do horsk\u00e1 cyklistika z\u00edskala v poslednej dobe prevahu oproti tradi\u010dn\u00fdm cross country discipl\u00ednam,\u201c<\/em> uviedol Van Damme. <em>\u201eDot\u00e1cie id\u00fa na horsk\u00fa cyklistiku, ale nie na cyklokros. \u0160portovci, ktor\u00ed sa zameriavaj\u00fa na olympijsk\u00e9 hry, sa dostan\u00fa k financi\u00e1m sk\u00f4r.\u201c<\/em><\/p>\n<p>Belgicko je v\u00fdnimkou v tom, \u017ee cyklokrosov\u00e9 hviezdy s\u00fa tam platen\u00e9 dobre, uviedol Van Damme. <em>\u201eV mnoh\u00fdch krajin\u00e1ch je to sk\u00f4r platen\u00fd kon\u00ed\u010dek,\u201c<\/em> poznamenal. Van Den Spiegel uviedol, \u017ee olympijsk\u00e9 za\u010dlenenie uvo\u013en\u00ed ove\u013ea viac pe\u0148az\u00ed pre n\u00e1rodn\u00e9 feder\u00e1cie. <em>\u201ePozrite sa na dr\u00e1hov\u00fa cyklistiku v Anglicku, ktor\u00e1 je prev\u00e1dzkovan\u00e1 s ve\u013ek\u00fdmi rozpo\u010dtami, zatia\u013e \u010do cyklokros sa finan\u010dne iba tr\u00e1pi. \u017diadne olympijsk\u00e9 medaily &#8211; \u017eiadne peniaze.\u201c<\/em><\/p>\n<figure id=\"attachment_11331\" aria-describedby=\"caption-attachment-11331\" style=\"width: 1250px\" class=\"wp-caption alignnone\"><img loading=\"lazy\" decoding=\"async\" class=\"size-full wp-image-11331\" src=\"https:\/\/d2p6e6u75xmxt8.cloudfront.net\/4\/2021\/01\/Sanne-Cant-profimedia-0580630923.jpg\" alt=\"Sanne Cant\" width=\"1250\" height=\"833\" \/><figcaption id=\"caption-attachment-11331\" class=\"wp-caption-text\">Belgi\u010danka Sanne Cantov\u00e1 v\u00a0akcii, po\u010das \u017eensk\u00fdch elitn\u00fdch pretekov v cyklokrosovom podujat\u00ed Vestingcross v Hulste. \u00a9 Profimedia<\/figcaption><\/figure>\n<p>\u010clovek by si prirodzene myslel, \u017ee by bolo asi jednoduch\u0161ie pok\u00fasi\u0165 sa o prijatie cyklokrosu na letn\u00e9 olympijsk\u00e9 hry. No, ani nie. Jedna vec je, \u017ee sez\u00f3na prebieha cez jese\u0148 a zimu, tak\u017ee zimn\u00e9 olympijsk\u00e9 hry zapadaj\u00fa prirodzenej\u0161ie do kalend\u00e1ra tohto \u0161portu. Letn\u00e9 hry s\u00fa navy\u0161e obmedzen\u00e9 na 28 \u0161portov (teraz vr\u00e1tane breakdance!), 300 podujat\u00ed a 10 000 \u0161portovcov.<\/p>\n<p>To by znamenalo, \u017ee jedno cyklistick\u00e9 podujatie alebo \u0161port, ktor\u00fd u\u017e nikoho nezauj\u00edma, ako napr. p\u00e4\u0165boj &#8211; by bolo treba vyhodi\u0165 z olympi\u00e1dy. Tak by sa vytvoril priestor pre cyklokros. Na zimn\u00fdch olympijsk\u00fdch hr\u00e1ch tak\u00e9 obmedzenia neexistuj\u00fa. Ost\u00e1va iba to jedno nepr\u00edjemn\u00e9 pravidlo, \u017ee \u0161port sa mus\u00ed prev\u00e1dzkova\u0165 na snehu alebo \u013eade.<\/p>\n<p>T\u00ed, ktor\u00ed chc\u00fa podpori\u0165 n\u00e1vrh, aby sa cyklokros stal s\u00fa\u010das\u0165ou zimn\u00fdch olympijsk\u00fdch hier, m\u00f4\u017eu uvies\u0165 svoje meno v online pet\u00edcii zaslanej MOV. V pet\u00edcii sa \u010diasto\u010dne p\u00ed\u0161e: <em>\u201eCyklokros je \u010disto zimn\u00fd \u0161port, ktor\u00e9mu sa nieko\u013eko rokov venuj\u00fa cyklisti z cel\u00e9ho sveta (existuje minim\u00e1lne v t\u00fdch krajin\u00e1ch, kde sa praktizuje mno\u017estvo ostatn\u00fdch \u0161portov, ktor\u00e9 m\u00f4\u017eeme vidie\u0165 na zimn\u00fdch olympijsk\u00fdch hr\u00e1ch). D\u00e1\u017e\u010f, blato, chlad, \u013ead a sneh nezastavia jazdcov cyklokrosu.\u201c<\/em><\/p>\n<p>Pet\u00edciu n\u00e1jdete <a href=\"https:\/\/www.change.org\/p\/comit%C3%A9-international-olympique-cyclocross-in-the-list-of-olympic-winter-sports\" target=\"_blank\" rel=\"noopener noreferrer\">TU<\/a>. V \u010dase p\u00edsania tohto \u010dl\u00e1nku pet\u00edcii ch\u00fdbalo k svojmu cie\u013eu 292 podpisov do celkov\u00e9ho po\u010dtu 5 000. Ve\u013ea \u0161\u0165astia.<\/p>\n","protected":false},"excerpt":{"rendered":"<p>UCI pokra\u010duje vo svojom dlhom (a pravdepodobne m\u00e1rnom) lobistickom \u00fasil\u00ed, aby sa cyklokros stal olympijsk\u00fdm \u0161portom. Medzin\u00e1rodn\u00e1 cyklistick\u00e1 \u00fania sa [&hellip;]<\/p>\n","protected":false},"author":172,"featured_media":11333,"comment_status":"open","ping_status":"open","sticky":false,"template":"","format":"standard","meta":{"footnotes":""},"categories":[3],"tags":[1288,546,582,180,902,1315,179,1316,1317,355,317,1318],"global-categories":[],"class_list":["post-11329","post","type-post","status-publish","format-standard","has-post-thumbnail","hentry","category-mtb","tag-bicyklovanie-v-zime","tag-cyklistika","tag-cyklokros","tag-horska-cyklistika","tag-horsky-bicykel","tag-peter-van-den-abeele","tag-preteky","tag-tom-van-damme","tag-tomas-van-den-spiegel","tag-uci","tag-zima","tag-zimne-olympijske-hry"],"yoast_head":"<!-- This site is optimized with the Yoast SEO Premium plugin v25.3 (Yoast SEO v25.9) - https:\/\/yoast.com\/wordpress\/plugins\/seo\/ -->\n<title>UCI lobuje, aby sa z cyklokrosu stal olympijsk\u00fd \u0161port<\/title>\n<meta name=\"description\" content=\"UCI pokra\u010duje vo svojom dlhom (a pravdepodobne m\u00e1rnom) lobistickom \u00fasil\u00ed, aby sa cyklokros stal olympijsk\u00fdm \u0161portom.\" \/>\n<meta name=\"robots\" content=\"index, follow, max-snippet:-1, max-image-preview:large, max-video-preview:-1\" \/>\n<link rel=\"canonical\" href=\"https:\/\/www.welovecycling.com\/sk\/2021\/01\/19\/uci-lobuje-aby-sa-z-cyklokrosu-stal-olympijsky-sport\/\" \/>\n<meta property=\"og:locale\" content=\"sk_SK\" \/>\n<meta property=\"og:type\" content=\"article\" \/>\n<meta property=\"og:title\" content=\"UCI lobuje, aby sa z cyklokrosu stal olympijsk\u00fd \u0161port\" \/>\n<meta property=\"og:description\" content=\"UCI pokra\u010duje vo svojom dlhom (a pravdepodobne m\u00e1rnom) lobistickom \u00fasil\u00ed, aby sa cyklokros stal olympijsk\u00fdm \u0161portom.\" \/>\n<meta property=\"og:url\" content=\"https:\/\/www.welovecycling.com\/sk\/2021\/01\/19\/uci-lobuje-aby-sa-z-cyklokrosu-stal-olympijsky-sport\/\" \/>\n<meta property=\"og:site_name\" content=\"\u0160koda We Love Cycling Slovensko\" \/>\n<meta property=\"article:published_time\" content=\"2021-01-19T09:00:04+00:00\" \/>\n<meta property=\"article:modified_time\" content=\"2023-04-12T10:05:52+00:00\" \/>\n<meta property=\"og:image\" content=\"https:\/\/d2p6e6u75xmxt8.cloudfront.net\/4\/2021\/01\/Mathieu-Van-Der-Poel-profimedia-0404045640-1.webp\" \/>\n\t<meta property=\"og:image:width\" content=\"1366\" \/>\n\t<meta property=\"og:image:height\" content=\"600\" \/>\n\t<meta property=\"og:image:type\" content=\"image\/webp\" \/>\n<meta name=\"author\" content=\"dominika\" \/>\n<meta name=\"twitter:card\" content=\"summary_large_image\" \/>\n<meta name=\"twitter:label1\" content=\"Written by\" \/>\n\t<meta name=\"twitter:data1\" content=\"Siegfried Mortkowitz\" \/>\n\t<meta name=\"twitter:label2\" content=\"Est. reading time\" \/>\n\t<meta name=\"twitter:data2\" content=\"5\" \/>\n<script type=\"application\/ld+json\" class=\"yoast-schema-graph\">{\"@context\":\"https:\/\/schema.org\",\"@graph\":[{\"@type\":\"WebPage\",\"@id\":\"https:\/\/www.welovecycling.com\/sk\/2021\/01\/19\/uci-lobuje-aby-sa-z-cyklokrosu-stal-olympijsky-sport\/\",\"url\":\"https:\/\/www.welovecycling.com\/sk\/2021\/01\/19\/uci-lobuje-aby-sa-z-cyklokrosu-stal-olympijsky-sport\/\",\"name\":\"UCI lobuje, aby sa z cyklokrosu stal olympijsk\u00fd \u0161port\",\"isPartOf\":{\"@id\":\"https:\/\/www.welovecycling.com\/sk\/#website\"},\"primaryImageOfPage\":{\"@id\":\"https:\/\/www.welovecycling.com\/sk\/2021\/01\/19\/uci-lobuje-aby-sa-z-cyklokrosu-stal-olympijsky-sport\/#primaryimage\"},\"image\":{\"@id\":\"https:\/\/www.welovecycling.com\/sk\/2021\/01\/19\/uci-lobuje-aby-sa-z-cyklokrosu-stal-olympijsky-sport\/#primaryimage\"},\"thumbnailUrl\":\"https:\/\/d2p6e6u75xmxt8.cloudfront.net\/4\/2021\/01\/Mathieu-Van-Der-Poel-profimedia-0404045640-1.webp\",\"datePublished\":\"2021-01-19T09:00:04+00:00\",\"dateModified\":\"2023-04-12T10:05:52+00:00\",\"author\":{\"@id\":\"https:\/\/www.welovecycling.com\/sk\/#\/schema\/person\/533b62b98b6c41bd5135ebfb1f742624\"},\"description\":\"UCI pokra\u010duje vo svojom dlhom (a pravdepodobne m\u00e1rnom) lobistickom \u00fasil\u00ed, aby sa cyklokros stal olympijsk\u00fdm \u0161portom.\",\"breadcrumb\":{\"@id\":\"https:\/\/www.welovecycling.com\/sk\/2021\/01\/19\/uci-lobuje-aby-sa-z-cyklokrosu-stal-olympijsky-sport\/#breadcrumb\"},\"inLanguage\":\"sk-SK\",\"potentialAction\":[{\"@type\":\"ReadAction\",\"target\":[\"https:\/\/www.welovecycling.com\/sk\/2021\/01\/19\/uci-lobuje-aby-sa-z-cyklokrosu-stal-olympijsky-sport\/\"]}]},{\"@type\":\"ImageObject\",\"inLanguage\":\"sk-SK\",\"@id\":\"https:\/\/www.welovecycling.com\/sk\/2021\/01\/19\/uci-lobuje-aby-sa-z-cyklokrosu-stal-olympijsky-sport\/#primaryimage\",\"url\":\"https:\/\/d2p6e6u75xmxt8.cloudfront.net\/4\/2021\/01\/Mathieu-Van-Der-Poel-profimedia-0404045640-1.webp\",\"contentUrl\":\"https:\/\/d2p6e6u75xmxt8.cloudfront.net\/4\/2021\/01\/Mathieu-Van-Der-Poel-profimedia-0404045640-1.webp\",\"width\":1366,\"height\":600,\"caption\":\"Mathieu Van Der Poel\"},{\"@type\":\"BreadcrumbList\",\"@id\":\"https:\/\/www.welovecycling.com\/sk\/2021\/01\/19\/uci-lobuje-aby-sa-z-cyklokrosu-stal-olympijsky-sport\/#breadcrumb\",\"itemListElement\":[{\"@type\":\"ListItem\",\"position\":1,\"name\":\"Home\",\"item\":\"https:\/\/www.welovecycling.com\/sk\/\"},{\"@type\":\"ListItem\",\"position\":2,\"name\":\"UCI lobuje, aby sa z cyklokrosu stal olympijsk\u00fd \u0161port\"}]},{\"@type\":\"WebSite\",\"@id\":\"https:\/\/www.welovecycling.com\/sk\/#website\",\"url\":\"https:\/\/www.welovecycling.com\/sk\/\",\"name\":\"\u0160koda We Love Cycling Slovensko\",\"description\":\"\u0160koda We Love Cycling Slovensko je v\u00e1\u0161 ka\u017edodenn\u00fd zdroj noviniek a in\u0161pir\u00e1cie z sveta cyklistiky\",\"potentialAction\":[{\"@type\":\"SearchAction\",\"target\":{\"@type\":\"EntryPoint\",\"urlTemplate\":\"https:\/\/www.welovecycling.com\/sk\/?s={search_term_string}\"},\"query-input\":{\"@type\":\"PropertyValueSpecification\",\"valueRequired\":true,\"valueName\":\"search_term_string\"}}],\"inLanguage\":\"sk-SK\"},{\"@type\":\"Person\",\"@id\":\"https:\/\/www.welovecycling.com\/sk\/#\/schema\/person\/533b62b98b6c41bd5135ebfb1f742624\",\"name\":\"dominika\",\"image\":{\"@type\":\"ImageObject\",\"inLanguage\":\"sk-SK\",\"@id\":\"https:\/\/www.welovecycling.com\/sk\/#\/schema\/person\/image\/\",\"url\":\"https:\/\/secure.gravatar.com\/avatar\/ded6f274ba2ec3e17fff153f7d9d96a4b33c2cb63907f75d9a5309c599a7f3e6?s=96&d=mm&r=g\",\"contentUrl\":\"https:\/\/secure.gravatar.com\/avatar\/ded6f274ba2ec3e17fff153f7d9d96a4b33c2cb63907f75d9a5309c599a7f3e6?s=96&d=mm&r=g\",\"caption\":\"dominika\"},\"url\":\"https:\/\/www.welovecycling.com\/sk\/author\/dominika\/\"}]}<\/script>\n<!-- \/ Yoast SEO Premium plugin. -->","yoast_head_json":{"title":"UCI lobuje, aby sa z cyklokrosu stal olympijsk\u00fd \u0161port","description":"UCI pokra\u010duje vo svojom dlhom (a pravdepodobne m\u00e1rnom) lobistickom \u00fasil\u00ed, aby sa cyklokros stal olympijsk\u00fdm \u0161portom.","robots":{"index":"index","follow":"follow","max-snippet":"max-snippet:-1","max-image-preview":"max-image-preview:large","max-video-preview":"max-video-preview:-1"},"canonical":"https:\/\/www.welovecycling.com\/sk\/2021\/01\/19\/uci-lobuje-aby-sa-z-cyklokrosu-stal-olympijsky-sport\/","og_locale":"sk_SK","og_type":"article","og_title":"UCI lobuje, aby sa z cyklokrosu stal olympijsk\u00fd \u0161port","og_description":"UCI pokra\u010duje vo svojom dlhom (a pravdepodobne m\u00e1rnom) lobistickom \u00fasil\u00ed, aby sa cyklokros stal olympijsk\u00fdm \u0161portom.","og_url":"https:\/\/www.welovecycling.com\/sk\/2021\/01\/19\/uci-lobuje-aby-sa-z-cyklokrosu-stal-olympijsky-sport\/","og_site_name":"\u0160koda We Love Cycling Slovensko","article_published_time":"2021-01-19T09:00:04+00:00","article_modified_time":"2023-04-12T10:05:52+00:00","og_image":[{"width":1366,"height":600,"url":"https:\/\/d2p6e6u75xmxt8.cloudfront.net\/4\/2021\/01\/Mathieu-Van-Der-Poel-profimedia-0404045640-1.webp","type":"image\/webp"}],"author":"dominika","twitter_card":"summary_large_image","twitter_misc":{"Written by":"Siegfried Mortkowitz","Est. reading time":"5"},"schema":{"@context":"https:\/\/schema.org","@graph":[{"@type":"WebPage","@id":"https:\/\/www.welovecycling.com\/sk\/2021\/01\/19\/uci-lobuje-aby-sa-z-cyklokrosu-stal-olympijsky-sport\/","url":"https:\/\/www.welovecycling.com\/sk\/2021\/01\/19\/uci-lobuje-aby-sa-z-cyklokrosu-stal-olympijsky-sport\/","name":"UCI lobuje, aby sa z cyklokrosu stal olympijsk\u00fd \u0161port","isPartOf":{"@id":"https:\/\/www.welovecycling.com\/sk\/#website"},"primaryImageOfPage":{"@id":"https:\/\/www.welovecycling.com\/sk\/2021\/01\/19\/uci-lobuje-aby-sa-z-cyklokrosu-stal-olympijsky-sport\/#primaryimage"},"image":{"@id":"https:\/\/www.welovecycling.com\/sk\/2021\/01\/19\/uci-lobuje-aby-sa-z-cyklokrosu-stal-olympijsky-sport\/#primaryimage"},"thumbnailUrl":"https:\/\/d2p6e6u75xmxt8.cloudfront.net\/4\/2021\/01\/Mathieu-Van-Der-Poel-profimedia-0404045640-1.webp","datePublished":"2021-01-19T09:00:04+00:00","dateModified":"2023-04-12T10:05:52+00:00","author":{"@id":"https:\/\/www.welovecycling.com\/sk\/#\/schema\/person\/533b62b98b6c41bd5135ebfb1f742624"},"description":"UCI pokra\u010duje vo svojom dlhom (a pravdepodobne m\u00e1rnom) lobistickom \u00fasil\u00ed, aby sa cyklokros stal olympijsk\u00fdm \u0161portom.","breadcrumb":{"@id":"https:\/\/www.welovecycling.com\/sk\/2021\/01\/19\/uci-lobuje-aby-sa-z-cyklokrosu-stal-olympijsky-sport\/#breadcrumb"},"inLanguage":"sk-SK","potentialAction":[{"@type":"ReadAction","target":["https:\/\/www.welovecycling.com\/sk\/2021\/01\/19\/uci-lobuje-aby-sa-z-cyklokrosu-stal-olympijsky-sport\/"]}]},{"@type":"ImageObject","inLanguage":"sk-SK","@id":"https:\/\/www.welovecycling.com\/sk\/2021\/01\/19\/uci-lobuje-aby-sa-z-cyklokrosu-stal-olympijsky-sport\/#primaryimage","url":"https:\/\/d2p6e6u75xmxt8.cloudfront.net\/4\/2021\/01\/Mathieu-Van-Der-Poel-profimedia-0404045640-1.webp","contentUrl":"https:\/\/d2p6e6u75xmxt8.cloudfront.net\/4\/2021\/01\/Mathieu-Van-Der-Poel-profimedia-0404045640-1.webp","width":1366,"height":600,"caption":"Mathieu Van Der Poel"},{"@type":"BreadcrumbList","@id":"https:\/\/www.welovecycling.com\/sk\/2021\/01\/19\/uci-lobuje-aby-sa-z-cyklokrosu-stal-olympijsky-sport\/#breadcrumb","itemListElement":[{"@type":"ListItem","position":1,"name":"Home","item":"https:\/\/www.welovecycling.com\/sk\/"},{"@type":"ListItem","position":2,"name":"UCI lobuje, aby sa z cyklokrosu stal olympijsk\u00fd \u0161port"}]},{"@type":"WebSite","@id":"https:\/\/www.welovecycling.com\/sk\/#website","url":"https:\/\/www.welovecycling.com\/sk\/","name":"\u0160koda We Love Cycling Slovensko","description":"\u0160koda We Love Cycling Slovensko je v\u00e1\u0161 ka\u017edodenn\u00fd zdroj noviniek a in\u0161pir\u00e1cie z sveta cyklistiky","potentialAction":[{"@type":"SearchAction","target":{"@type":"EntryPoint","urlTemplate":"https:\/\/www.welovecycling.com\/sk\/?s={search_term_string}"},"query-input":{"@type":"PropertyValueSpecification","valueRequired":true,"valueName":"search_term_string"}}],"inLanguage":"sk-SK"},{"@type":"Person","@id":"https:\/\/www.welovecycling.com\/sk\/#\/schema\/person\/533b62b98b6c41bd5135ebfb1f742624","name":"dominika","image":{"@type":"ImageObject","inLanguage":"sk-SK","@id":"https:\/\/www.welovecycling.com\/sk\/#\/schema\/person\/image\/","url":"https:\/\/secure.gravatar.com\/avatar\/ded6f274ba2ec3e17fff153f7d9d96a4b33c2cb63907f75d9a5309c599a7f3e6?s=96&d=mm&r=g","contentUrl":"https:\/\/secure.gravatar.com\/avatar\/ded6f274ba2ec3e17fff153f7d9d96a4b33c2cb63907f75d9a5309c599a7f3e6?s=96&d=mm&r=g","caption":"dominika"},"url":"https:\/\/www.welovecycling.com\/sk\/author\/dominika\/"}]}},"_links":{"self":[{"href":"https:\/\/www.welovecycling.com\/sk\/wp-json\/wp\/v2\/posts\/11329","targetHints":{"allow":["GET"]}}],"collection":[{"href":"https:\/\/www.welovecycling.com\/sk\/wp-json\/wp\/v2\/posts"}],"about":[{"href":"https:\/\/www.welovecycling.com\/sk\/wp-json\/wp\/v2\/types\/post"}],"author":[{"embeddable":true,"href":"https:\/\/www.welovecycling.com\/sk\/wp-json\/wp\/v2\/users\/172"}],"replies":[{"embeddable":true,"href":"https:\/\/www.welovecycling.com\/sk\/wp-json\/wp\/v2\/comments?post=11329"}],"version-history":[{"count":2,"href":"https:\/\/www.welovecycling.com\/sk\/wp-json\/wp\/v2\/posts\/11329\/revisions"}],"predecessor-version":[{"id":17084,"href":"https:\/\/www.welovecycling.com\/sk\/wp-json\/wp\/v2\/posts\/11329\/revisions\/17084"}],"wp:featuredmedia":[{"embeddable":true,"href":"https:\/\/www.welovecycling.com\/sk\/wp-json\/wp\/v2\/media\/11333"}],"wp:attachment":[{"href":"https:\/\/www.welovecycling.com\/sk\/wp-json\/wp\/v2\/media?parent=11329"}],"wp:term":[{"taxonomy":"category","embeddable":true,"href":"https:\/\/www.welovecycling.com\/sk\/wp-json\/wp\/v2\/categories?post=11329"},{"taxonomy":"post_tag","embeddable":true,"href":"https:\/\/www.welovecycling.com\/sk\/wp-json\/wp\/v2\/tags?post=11329"},{"taxonomy":"global-categories","embeddable":true,"href":"https:\/\/www.welovecycling.com\/sk\/wp-json\/wp\/v2\/global-categories?post=11329"}],"curies":[{"name":"wp","href":"https:\/\/api.w.org\/{rel}","templated":true}]}}