{"id":11320,"date":"2021-01-15T10:00:19","date_gmt":"2021-01-15T09:00:19","guid":{"rendered":"https:\/\/www.welovecycling.com\/sk\/?p=11320"},"modified":"2021-01-19T08:46:55","modified_gmt":"2021-01-19T07:46:55","slug":"indoor-vs-outdoor-cyklistika-v-zime-co-vyhovuje-vam","status":"publish","type":"post","link":"https:\/\/www.welovecycling.com\/sk\/2021\/01\/15\/indoor-vs-outdoor-cyklistika-v-zime-co-vyhovuje-vam\/","title":{"rendered":"Indoor vs. outdoor cyklistika v zime &#8211; \u010do vyhovuje v\u00e1m?"},"content":{"rendered":"<p><strong>U\u017e nieko\u013eko rokov sa d\u00e1 bicyklova\u0165 do neskorej jesene. Po\u010dasie je pr\u00edjemn\u00e9 a\u00a0napriek nieko\u013ek\u00fdm da\u017ediv\u00fdm d\u0148om, je teplota vonku znesite\u013en\u00e1. Zimn\u00e9 mesiace s\u00fa v\u0161ak takisto dos\u0165 \u010dasto such\u00e9 a\u00a0bez snehu. A\u00a0navy\u0161e, ke\u010f sa teplota pohybuje len okolo nuly, st\u00e1le viac cyklistov neodklad\u00e1 bicykle v tomto ro\u010dnom obdob\u00ed.<\/strong><!--more--><\/p>\n<p>V\u00a0minulosti bolo takmer pravidlom, \u017ee s\u00a0n\u00e1stupom zimy sa drviv\u00e1 v\u00e4\u010d\u0161ina cyklistov <strong>presunula do tepla domovov, gar\u00e1\u017e\u00ed a\u00a0telocvi\u010dn\u00ed<\/strong>. Vtedy toti\u017e nastupuje na sc\u00e9nu trena\u017e\u00e9r. Pre niektor\u00fdch nutn\u00e9 zlo, in\u00ed to v\u00edtaj\u00fa ako pr\u00edjemn\u00fa zmenu. Kone\u010dne si pozr\u00fa popri \u0161liapan\u00ed do ped\u00e1lov ob\u013e\u00faben\u00e9 filmy, na ktor\u00e9 nemali cel\u00fd rok \u010das, alebo si zajazdia na online pretekoch.<br \/>\n<figure id=\"attachment_11322\" aria-describedby=\"caption-attachment-11322\" style=\"width: 1200px\" class=\"wp-caption alignnone\"><a href=\"https:\/\/d2p6e6u75xmxt8.cloudfront.net\/4\/2021\/01\/Indoor-vs-Outdoor_01.jpg\"><img loading=\"lazy\" decoding=\"async\" src=\"https:\/\/d2p6e6u75xmxt8.cloudfront.net\/4\/2021\/01\/Indoor-vs-Outdoor_01.jpg\" alt=\"\" width=\"1200\" height=\"800\" class=\"size-full wp-image-11322\" \/><\/a><figcaption id=\"caption-attachment-11322\" class=\"wp-caption-text\">pexels.com<\/figcaption><\/figure><\/p>\n<p>Niektor\u00ed v\u0161ak nemaj\u00fa kam trena\u017e\u00e9r umiestni\u0165, preto\u017ee napr\u00edklad v\u00a0panel\u00e1ku bude asi jedin\u00fdm vhodn\u00fdm miestom ob\u00fdva\u010dka a\u00a0to zvy\u0161ok rodiny nemus\u00ed v\u00edta\u0165 pr\u00e1ve s\u00a0nad\u0161en\u00edm. Tak\u017ee <strong>musia h\u013eada\u0165 alternat\u00edvne rie\u0161enia<\/strong>, ako \u0161portova\u0165 po\u010das t\u00fdchto  mesiacov. Pok\u00fdm sa chc\u00fa aj na\u010falej h\u00fdba\u0165 na \u010derstvom vzduchu, rie\u0161en\u00edm m\u00f4\u017ee by\u0165 beh, ly\u017eovanie alebo turistika. V\u00e4\u010d\u0161ie mo\u017enosti v\u0161ak pon\u00fakaj\u00fa indoor \u0161porty. Ot\u00e1zkou ost\u00e1va, \u010di a ako cyklista zvyknut\u00fd na pobyt na \u010derstvom vzduchu, vyh\u013ead\u00e1va uzatvoren\u00e9 priestory telocvi\u010dn\u00ed.<\/p>\n<figure id=\"attachment_11323\" aria-describedby=\"caption-attachment-11323\" style=\"width: 1200px\" class=\"wp-caption alignnone\"><a href=\"https:\/\/d2p6e6u75xmxt8.cloudfront.net\/4\/2021\/01\/Indoor-vs-Outdoor_02.jpg\"><img loading=\"lazy\" decoding=\"async\" src=\"https:\/\/d2p6e6u75xmxt8.cloudfront.net\/4\/2021\/01\/Indoor-vs-Outdoor_02.jpg\" alt=\"\" width=\"1200\" height=\"800\" class=\"size-full wp-image-11323\" \/><\/a><figcaption id=\"caption-attachment-11323\" class=\"wp-caption-text\">pexels.com<\/figcaption><\/figure>\n<p>Ve\u010dn\u00e1 dilema je aj to, ktor\u00e9 \u0161porty s\u00fa lep\u0161ie, \u010di indoor alebo outdoor. Ka\u017ed\u00fd druh m\u00e1 svoje v\u00fdhody aj nev\u00fdhody. Pozrime sa nieko\u013eko z\u00e1kladn\u00fdch v\u00fdhod a nev\u00fdhod \u0161portovania vonku a vo vn\u00fatri.<\/p>\n<h2><strong>Indoor plusy<\/strong><\/h2>\n<p>&#8211; pri indoor \u0161portoch sa viete zamera\u0165 na techniku, preto\u017ee podmienky okolia sa cel\u00fd rok nemenia<br \/>\n&#8211; po skon\u010den\u00ed tr\u00e9ningu m\u00e1te k\u00a0dispoz\u00edcii \u0161at\u0148u \u010di sprchu<br \/>\n&#8211; dostupn\u00e1 pomoc v\u00a0pr\u00edpade potreby<\/p>\n<h2><strong>Indoor m\u00ednusy<\/strong><\/h2>\n<p>&#8211; uzavret\u00e9 priestory bez slnka a\u00a0\u010derstv\u00e9ho vzduchu<br \/>\n&#8211; finan\u010dn\u00e9 n\u00e1klady za pren\u00e1jom \u010di vstupn\u00e9<\/p>\n<figure id=\"attachment_11324\" aria-describedby=\"caption-attachment-11324\" style=\"width: 1200px\" class=\"wp-caption alignnone\"><a href=\"https:\/\/d2p6e6u75xmxt8.cloudfront.net\/4\/2021\/01\/Indoor-vs-Outdoor_03.jpg\"><img loading=\"lazy\" decoding=\"async\" src=\"https:\/\/d2p6e6u75xmxt8.cloudfront.net\/4\/2021\/01\/Indoor-vs-Outdoor_03.jpg\" alt=\"\" width=\"1200\" height=\"800\" class=\"size-full wp-image-11324\" \/><\/a><figcaption id=\"caption-attachment-11324\" class=\"wp-caption-text\">pixabay.com<\/figcaption><\/figure>\n<h2><strong>Outdoor plusy<\/strong><\/h2>\n<p>&#8211; v\u00a0z\u00e1vislosti od druhu \u0161portu m\u00e1te k\u00a0dispoz\u00edcii v\u00e4\u010d\u0161ie \u201cplochy\u201d a\u00a0v\u00a0pr\u00edpade cyklistiky s\u00fa to desiatky kilometrov krajiny po\u010das jedn\u00e9ho v\u00fdjazdu<br \/>\n&#8211; v\u010faka slne\u010dn\u00fdm l\u00fa\u010dom m\u00e1te dostatok vitam\u00ednu D<br \/>\n&#8211; vonkaj\u0161ie \u0161porty s\u00fa vhodn\u00e9 aj pre deti a\u00a0ml\u00e1de\u017e, ktor\u00e1 sa v\u010faka nim dostane na vzduch, preto\u017ee v\u00a0s\u00fa\u010dasnej dobe tr\u00e1via ve\u013ea \u010dasu pred obrazovkami<\/p>\n<h2><strong>Outdoor m\u00ednusy<\/strong><\/h2>\n<p>&#8211; v\u00a0pr\u00edpade zranenia vonku, \u010di u\u017e po\u010das behu za mestom, alebo jazdy na bicykli v\u00a0lese nepr\u00edde pomoc tak r\u00fdchlo<br \/>\n&#8211; meniace sa po\u010dasie v\u00fdrazne ovplyvn\u00ed v\u00fdkonnos\u0165, ve\u010f napr\u00edklad tak\u00fd protivietor vie spravi\u0165 z\u00a0nede\u013en\u00e9ho v\u00fdjazdu hotov\u00e9 peklo<\/p>\n<figure id=\"attachment_11325\" aria-describedby=\"caption-attachment-11325\" style=\"width: 1200px\" class=\"wp-caption alignnone\"><a href=\"https:\/\/d2p6e6u75xmxt8.cloudfront.net\/4\/2021\/01\/Indoor-vs-Outdoor_04.jpg\"><img loading=\"lazy\" decoding=\"async\" src=\"https:\/\/d2p6e6u75xmxt8.cloudfront.net\/4\/2021\/01\/Indoor-vs-Outdoor_04.jpg\" alt=\"\" width=\"1200\" height=\"800\" class=\"size-full wp-image-11325\" \/><\/a><figcaption id=\"caption-attachment-11325\" class=\"wp-caption-text\">pixabay.com<\/figcaption><\/figure>\n<p>Neexistuje jasn\u00fd v\u00ed\u0165az v\u00a0porovnan\u00ed outdoor vs. indoor a aj tieto plusy a\u00a0m\u00ednusy s\u00fa ve\u013emi individu\u00e1lne. Ka\u017ed\u00fd z\u00a0n\u00e1s m\u00e1 na vec vlastn\u00fd poh\u013ead. Pre niekoho m\u00f4\u017eu by\u0165 meniace sa ro\u010dn\u00e9 obdobia v\u00edtanou zmenou v\u00a0tr\u00e9ningovej rutine. A\u00a0r\u00f4zne druhy po\u010dasia m\u00f4\u017ee bra\u0165 ako v\u00fdzvu na zlep\u0161enie v\u00fdkonnosti a\u00a0fyzickej odolnosti. Niekto zasa m\u00e1 r\u00e1d, ke\u010f vie de\u0148 po dni mera\u0165 svoj v\u00fdkon v\u00a0nemennom prostred\u00ed domova a\u00a0nemus\u00ed zoh\u013ead\u0148ova\u0165 \u017eiadne nev\u00edtan\u00e9 zmeny.<\/p>\n<p>Ako ste na tom vy? Do ktorej kateg\u00f3rie \u0161portovcov patr\u00edte?<\/p>\n<p>Zdroj titulnej fotografie: pixabay.com<\/p>\n","protected":false},"excerpt":{"rendered":"<p>U\u017e nieko\u013eko rokov sa d\u00e1 bicyklova\u0165 do neskorej jesene. Po\u010dasie je pr\u00edjemn\u00e9 a\u00a0napriek nieko\u013ek\u00fdm da\u017ediv\u00fdm d\u0148om, je teplota vonku znesite\u013en\u00e1. [&hellip;]<\/p>\n","protected":false},"author":81,"featured_media":11321,"comment_status":"open","ping_status":"open","sticky":false,"template":"","format":"standard","meta":{"footnotes":""},"categories":[2],"tags":[619,115,323,1307,180,1292,532,767,1314,813,263,55,1098,623,317],"global-categories":[1074],"class_list":["post-11320","post","type-post","status-publish","format-standard","has-post-thumbnail","hentry","category-zdravie-trening","tag-bicyklovanie","tag-cestna-cyklistika","tag-cvicenie","tag-domaci-trening","tag-horska-cyklistika","tag-indoor","tag-jazdenie","tag-motivacia","tag-outdoor","tag-sport","tag-trenazer","tag-trening","tag-vykonnost","tag-zdravy-zivotny-styl","tag-zima","global-categories-cycling"],"yoast_head":"<!-- This site is optimized with the Yoast SEO Premium plugin v25.3 (Yoast SEO v25.9) - https:\/\/yoast.com\/wordpress\/plugins\/seo\/ -->\n<title>Indoor vs. outdoor cyklistika v zime - \u010do vyhovuje v\u00e1m? - \u0160koda We Love Cycling Slovensko<\/title>\n<meta name=\"robots\" content=\"index, follow, max-snippet:-1, max-image-preview:large, max-video-preview:-1\" \/>\n<link rel=\"canonical\" href=\"https:\/\/www.welovecycling.com\/sk\/2021\/01\/15\/indoor-vs-outdoor-cyklistika-v-zime-co-vyhovuje-vam\/\" \/>\n<meta property=\"og:locale\" content=\"sk_SK\" \/>\n<meta property=\"og:type\" content=\"article\" \/>\n<meta property=\"og:title\" content=\"Indoor vs. outdoor cyklistika v zime - \u010do vyhovuje v\u00e1m?\" \/>\n<meta property=\"og:description\" content=\"U\u017e nieko\u013eko rokov sa d\u00e1 bicyklova\u0165 do neskorej jesene. Po\u010dasie je pr\u00edjemn\u00e9 a\u00a0napriek nieko\u013ek\u00fdm da\u017ediv\u00fdm d\u0148om, je teplota vonku znesite\u013en\u00e1. [&hellip;]\" \/>\n<meta property=\"og:url\" content=\"https:\/\/www.welovecycling.com\/sk\/2021\/01\/15\/indoor-vs-outdoor-cyklistika-v-zime-co-vyhovuje-vam\/\" \/>\n<meta property=\"og:site_name\" content=\"\u0160koda We Love Cycling Slovensko\" \/>\n<meta property=\"article:published_time\" content=\"2021-01-15T09:00:19+00:00\" \/>\n<meta property=\"article:modified_time\" content=\"2021-01-19T07:46:55+00:00\" \/>\n<meta property=\"og:image\" content=\"https:\/\/d2p6e6u75xmxt8.cloudfront.net\/4\/2021\/01\/Indoor-vs-Outdoor_00.webp\" \/>\n\t<meta property=\"og:image:width\" content=\"1380\" \/>\n\t<meta property=\"og:image:height\" content=\"600\" \/>\n\t<meta property=\"og:image:type\" content=\"image\/webp\" \/>\n<meta name=\"twitter:card\" content=\"summary_large_image\" \/>\n<meta name=\"twitter:label1\" content=\"Written by\" \/>\n\t<meta name=\"twitter:data1\" content=\"Radovan Vr\u0161ka\" \/>\n\t<meta name=\"twitter:label2\" content=\"Est. reading time\" \/>\n\t<meta name=\"twitter:data2\" content=\"3\" \/>\n<script type=\"application\/ld+json\" class=\"yoast-schema-graph\">{\"@context\":\"https:\/\/schema.org\",\"@graph\":[{\"@type\":\"WebPage\",\"@id\":\"https:\/\/www.welovecycling.com\/sk\/2021\/01\/15\/indoor-vs-outdoor-cyklistika-v-zime-co-vyhovuje-vam\/\",\"url\":\"https:\/\/www.welovecycling.com\/sk\/2021\/01\/15\/indoor-vs-outdoor-cyklistika-v-zime-co-vyhovuje-vam\/\",\"name\":\"Indoor vs. outdoor cyklistika v zime - \u010do vyhovuje v\u00e1m? - \u0160koda We Love Cycling Slovensko\",\"isPartOf\":{\"@id\":\"https:\/\/www.welovecycling.com\/sk\/#website\"},\"primaryImageOfPage\":{\"@id\":\"https:\/\/www.welovecycling.com\/sk\/2021\/01\/15\/indoor-vs-outdoor-cyklistika-v-zime-co-vyhovuje-vam\/#primaryimage\"},\"image\":{\"@id\":\"https:\/\/www.welovecycling.com\/sk\/2021\/01\/15\/indoor-vs-outdoor-cyklistika-v-zime-co-vyhovuje-vam\/#primaryimage\"},\"thumbnailUrl\":\"https:\/\/d2p6e6u75xmxt8.cloudfront.net\/4\/2021\/01\/Indoor-vs-Outdoor_00.webp\",\"datePublished\":\"2021-01-15T09:00:19+00:00\",\"dateModified\":\"2021-01-19T07:46:55+00:00\",\"author\":{\"@id\":\"\"},\"breadcrumb\":{\"@id\":\"https:\/\/www.welovecycling.com\/sk\/2021\/01\/15\/indoor-vs-outdoor-cyklistika-v-zime-co-vyhovuje-vam\/#breadcrumb\"},\"inLanguage\":\"sk-SK\",\"potentialAction\":[{\"@type\":\"ReadAction\",\"target\":[\"https:\/\/www.welovecycling.com\/sk\/2021\/01\/15\/indoor-vs-outdoor-cyklistika-v-zime-co-vyhovuje-vam\/\"]}]},{\"@type\":\"ImageObject\",\"inLanguage\":\"sk-SK\",\"@id\":\"https:\/\/www.welovecycling.com\/sk\/2021\/01\/15\/indoor-vs-outdoor-cyklistika-v-zime-co-vyhovuje-vam\/#primaryimage\",\"url\":\"https:\/\/d2p6e6u75xmxt8.cloudfront.net\/4\/2021\/01\/Indoor-vs-Outdoor_00.webp\",\"contentUrl\":\"https:\/\/d2p6e6u75xmxt8.cloudfront.net\/4\/2021\/01\/Indoor-vs-Outdoor_00.webp\",\"width\":1380,\"height\":600},{\"@type\":\"BreadcrumbList\",\"@id\":\"https:\/\/www.welovecycling.com\/sk\/2021\/01\/15\/indoor-vs-outdoor-cyklistika-v-zime-co-vyhovuje-vam\/#breadcrumb\",\"itemListElement\":[{\"@type\":\"ListItem\",\"position\":1,\"name\":\"Home\",\"item\":\"https:\/\/www.welovecycling.com\/sk\/\"},{\"@type\":\"ListItem\",\"position\":2,\"name\":\"Indoor vs. outdoor cyklistika v zime &#8211; \u010do vyhovuje v\u00e1m?\"}]},{\"@type\":\"WebSite\",\"@id\":\"https:\/\/www.welovecycling.com\/sk\/#website\",\"url\":\"https:\/\/www.welovecycling.com\/sk\/\",\"name\":\"\u0160koda We Love Cycling Slovensko\",\"description\":\"\u0160koda We Love Cycling Slovensko je v\u00e1\u0161 ka\u017edodenn\u00fd zdroj noviniek a in\u0161pir\u00e1cie z sveta cyklistiky\",\"potentialAction\":[{\"@type\":\"SearchAction\",\"target\":{\"@type\":\"EntryPoint\",\"urlTemplate\":\"https:\/\/www.welovecycling.com\/sk\/?s={search_term_string}\"},\"query-input\":{\"@type\":\"PropertyValueSpecification\",\"valueRequired\":true,\"valueName\":\"search_term_string\"}}],\"inLanguage\":\"sk-SK\"},{\"@type\":\"Person\",\"@id\":\"\",\"url\":\"https:\/\/www.welovecycling.com\/sk\/author\/\"}]}<\/script>\n<!-- \/ Yoast SEO Premium plugin. -->","yoast_head_json":{"title":"Indoor vs. outdoor cyklistika v zime - \u010do vyhovuje v\u00e1m? - \u0160koda We Love Cycling Slovensko","robots":{"index":"index","follow":"follow","max-snippet":"max-snippet:-1","max-image-preview":"max-image-preview:large","max-video-preview":"max-video-preview:-1"},"canonical":"https:\/\/www.welovecycling.com\/sk\/2021\/01\/15\/indoor-vs-outdoor-cyklistika-v-zime-co-vyhovuje-vam\/","og_locale":"sk_SK","og_type":"article","og_title":"Indoor vs. outdoor cyklistika v zime - \u010do vyhovuje v\u00e1m?","og_description":"U\u017e nieko\u013eko rokov sa d\u00e1 bicyklova\u0165 do neskorej jesene. Po\u010dasie je pr\u00edjemn\u00e9 a\u00a0napriek nieko\u013ek\u00fdm da\u017ediv\u00fdm d\u0148om, je teplota vonku znesite\u013en\u00e1. [&hellip;]","og_url":"https:\/\/www.welovecycling.com\/sk\/2021\/01\/15\/indoor-vs-outdoor-cyklistika-v-zime-co-vyhovuje-vam\/","og_site_name":"\u0160koda We Love Cycling Slovensko","article_published_time":"2021-01-15T09:00:19+00:00","article_modified_time":"2021-01-19T07:46:55+00:00","og_image":[{"width":1380,"height":600,"url":"https:\/\/d2p6e6u75xmxt8.cloudfront.net\/4\/2021\/01\/Indoor-vs-Outdoor_00.webp","type":"image\/webp"}],"twitter_card":"summary_large_image","twitter_misc":{"Written by":"Radovan Vr\u0161ka","Est. reading time":"3"},"schema":{"@context":"https:\/\/schema.org","@graph":[{"@type":"WebPage","@id":"https:\/\/www.welovecycling.com\/sk\/2021\/01\/15\/indoor-vs-outdoor-cyklistika-v-zime-co-vyhovuje-vam\/","url":"https:\/\/www.welovecycling.com\/sk\/2021\/01\/15\/indoor-vs-outdoor-cyklistika-v-zime-co-vyhovuje-vam\/","name":"Indoor vs. outdoor cyklistika v zime - \u010do vyhovuje v\u00e1m? - \u0160koda We Love Cycling Slovensko","isPartOf":{"@id":"https:\/\/www.welovecycling.com\/sk\/#website"},"primaryImageOfPage":{"@id":"https:\/\/www.welovecycling.com\/sk\/2021\/01\/15\/indoor-vs-outdoor-cyklistika-v-zime-co-vyhovuje-vam\/#primaryimage"},"image":{"@id":"https:\/\/www.welovecycling.com\/sk\/2021\/01\/15\/indoor-vs-outdoor-cyklistika-v-zime-co-vyhovuje-vam\/#primaryimage"},"thumbnailUrl":"https:\/\/d2p6e6u75xmxt8.cloudfront.net\/4\/2021\/01\/Indoor-vs-Outdoor_00.webp","datePublished":"2021-01-15T09:00:19+00:00","dateModified":"2021-01-19T07:46:55+00:00","author":{"@id":""},"breadcrumb":{"@id":"https:\/\/www.welovecycling.com\/sk\/2021\/01\/15\/indoor-vs-outdoor-cyklistika-v-zime-co-vyhovuje-vam\/#breadcrumb"},"inLanguage":"sk-SK","potentialAction":[{"@type":"ReadAction","target":["https:\/\/www.welovecycling.com\/sk\/2021\/01\/15\/indoor-vs-outdoor-cyklistika-v-zime-co-vyhovuje-vam\/"]}]},{"@type":"ImageObject","inLanguage":"sk-SK","@id":"https:\/\/www.welovecycling.com\/sk\/2021\/01\/15\/indoor-vs-outdoor-cyklistika-v-zime-co-vyhovuje-vam\/#primaryimage","url":"https:\/\/d2p6e6u75xmxt8.cloudfront.net\/4\/2021\/01\/Indoor-vs-Outdoor_00.webp","contentUrl":"https:\/\/d2p6e6u75xmxt8.cloudfront.net\/4\/2021\/01\/Indoor-vs-Outdoor_00.webp","width":1380,"height":600},{"@type":"BreadcrumbList","@id":"https:\/\/www.welovecycling.com\/sk\/2021\/01\/15\/indoor-vs-outdoor-cyklistika-v-zime-co-vyhovuje-vam\/#breadcrumb","itemListElement":[{"@type":"ListItem","position":1,"name":"Home","item":"https:\/\/www.welovecycling.com\/sk\/"},{"@type":"ListItem","position":2,"name":"Indoor vs. outdoor cyklistika v zime &#8211; \u010do vyhovuje v\u00e1m?"}]},{"@type":"WebSite","@id":"https:\/\/www.welovecycling.com\/sk\/#website","url":"https:\/\/www.welovecycling.com\/sk\/","name":"\u0160koda We Love Cycling Slovensko","description":"\u0160koda We Love Cycling Slovensko je v\u00e1\u0161 ka\u017edodenn\u00fd zdroj noviniek a in\u0161pir\u00e1cie z sveta cyklistiky","potentialAction":[{"@type":"SearchAction","target":{"@type":"EntryPoint","urlTemplate":"https:\/\/www.welovecycling.com\/sk\/?s={search_term_string}"},"query-input":{"@type":"PropertyValueSpecification","valueRequired":true,"valueName":"search_term_string"}}],"inLanguage":"sk-SK"},{"@type":"Person","@id":"","url":"https:\/\/www.welovecycling.com\/sk\/author\/"}]}},"_links":{"self":[{"href":"https:\/\/www.welovecycling.com\/sk\/wp-json\/wp\/v2\/posts\/11320","targetHints":{"allow":["GET"]}}],"collection":[{"href":"https:\/\/www.welovecycling.com\/sk\/wp-json\/wp\/v2\/posts"}],"about":[{"href":"https:\/\/www.welovecycling.com\/sk\/wp-json\/wp\/v2\/types\/post"}],"author":[{"embeddable":true,"href":"https:\/\/www.welovecycling.com\/sk\/wp-json\/wp\/v2\/users\/81"}],"replies":[{"embeddable":true,"href":"https:\/\/www.welovecycling.com\/sk\/wp-json\/wp\/v2\/comments?post=11320"}],"version-history":[{"count":2,"href":"https:\/\/www.welovecycling.com\/sk\/wp-json\/wp\/v2\/posts\/11320\/revisions"}],"predecessor-version":[{"id":11354,"href":"https:\/\/www.welovecycling.com\/sk\/wp-json\/wp\/v2\/posts\/11320\/revisions\/11354"}],"wp:featuredmedia":[{"embeddable":true,"href":"https:\/\/www.welovecycling.com\/sk\/wp-json\/wp\/v2\/media\/11321"}],"wp:attachment":[{"href":"https:\/\/www.welovecycling.com\/sk\/wp-json\/wp\/v2\/media?parent=11320"}],"wp:term":[{"taxonomy":"category","embeddable":true,"href":"https:\/\/www.welovecycling.com\/sk\/wp-json\/wp\/v2\/categories?post=11320"},{"taxonomy":"post_tag","embeddable":true,"href":"https:\/\/www.welovecycling.com\/sk\/wp-json\/wp\/v2\/tags?post=11320"},{"taxonomy":"global-categories","embeddable":true,"href":"https:\/\/www.welovecycling.com\/sk\/wp-json\/wp\/v2\/global-categories?post=11320"}],"curies":[{"name":"wp","href":"https:\/\/api.w.org\/{rel}","templated":true}]}}