{"id":11311,"date":"2021-01-13T10:00:05","date_gmt":"2021-01-13T09:00:05","guid":{"rendered":"https:\/\/www.welovecycling.com\/sk\/?p=11311"},"modified":"2021-01-11T12:38:20","modified_gmt":"2021-01-11T11:38:20","slug":"ako-sa-starat-o-elektrobicykel-v-zime","status":"publish","type":"post","link":"https:\/\/www.welovecycling.com\/sk\/2021\/01\/13\/ako-sa-starat-o-elektrobicykel-v-zime\/","title":{"rendered":"Ako sa stara\u0165 o\u00a0elektrobicykel v\u00a0zime?"},"content":{"rendered":"<p><strong>Pekn\u00e9 jarn\u00e9 po\u010dasie, kedy teplota je pr\u00edjemn\u00e1, cesty such\u00e9, po blate ani slychu a\u00a0jedin\u00e9, na \u010do mysl\u00edte, je ceste pred vami. V\u00a0zime je to ale o\u00a0\u010dosi in\u00e9, najm\u00e4, ak sedl\u00e1te elektrobicykel. Ako sa v\u00a0tomto pr\u00edpade stara\u0165 o\u00a0bicykel, na \u010do si d\u00e1va\u0165 pozor a\u00a0\u010do je dobr\u00e9 vedie\u0165, to sa dozviete v\u00a0nasleduj\u00facich riadkoch.<\/strong><!--more--><\/p>\n<p>Ako u\u017e bolo povedan\u00e9, zima m\u00e1 svoje \u0161pecifik\u00e1. H\u00e1dam nikto nebude namieta\u0165, ak povieme, \u017ee t\u00fdmi najv\u00fdraznej\u0161\u00edmi s\u00fa predov\u0161etk\u00fdm chlad, vlhkos\u0165 a\u00a0samozrejme aj ne\u010distoty, ktor\u00e9 maj\u00fa osobit\u00fa konzistenciu a\u00a0zlo\u017eenie pr\u00e1ve v\u00a0zimn\u00fdch mesiacoch. Na strane druhej ide o\u00a0\u010dasti bicykla, ktor\u00e9 s\u00a0t\u00fdmito vonkaj\u0161\u00edmi podmienkami najv\u00e4\u010d\u0161mi bojuj\u00fa, teda bat\u00e9ria a\u00a0elektronick\u00e9 s\u00fa\u010dasti, pohon, ot\u00e1\u010dav\u00e9 \u010dasti a\u00a0v\u00a0neposlednom rade aj r\u00e1m.<\/p>\n<h2><strong>D\u00e1vajte si pozor na n\u00edzke teploty<\/strong><\/h2>\n<p>Prv\u00fdm stra\u0161iakom je pokles teploty. Zatia\u013e \u010do o\u010dak\u00e1van\u00e1 vonkaj\u0161ia teplota v\u00e4\u010d\u0161iny elektronick\u00fdch spotrebi\u010dov sa uv\u00e1dza niekde okolo 20 stup\u0148ov Celzia, v\u00a0zime sa po\u013eahky <strong>dostanete aj pod bod mrazu<\/strong>. Ak si to premietneme do be\u017enej situ\u00e1cie, pri v\u00fdchode z\u00a0bytu do vonkaj\u0161\u00edch priestorov, za\u017eije bat\u00e9ria doslovne teplotn\u00fd \u0161ok, ke\u010f\u017ee rozdiel tepl\u00f4t m\u00f4\u017ee by\u0165 aj vy\u0161e 30 stup\u0148ov. Pri chladnom po\u010das\u00ed kles\u00e1 aj v\u00fdkonnos\u0165 bat\u00e9rie, preto je potrebn\u00e9 zv\u00e1\u017ei\u0165, do akej miery chceme v\u00a0mraze bat\u00e9riu za\u0165a\u017eova\u0165. <\/p>\n<p><a href=\"https:\/\/d2p6e6u75xmxt8.cloudfront.net\/4\/2021\/01\/Ebike_starostlivost_01.jpg\"><img loading=\"lazy\" decoding=\"async\" src=\"https:\/\/d2p6e6u75xmxt8.cloudfront.net\/4\/2021\/01\/Ebike_starostlivost_01.jpg\" alt=\"\" width=\"1200\" height=\"800\" class=\"alignnone size-full wp-image-11313\" \/><\/a><\/p>\n<p>Samozrejme, nie je ni\u010d\u00edm zak\u00e1zan\u00fdm jazdi\u0165 aj v\u00a0t\u00fdchto teplot\u00e1ch, len je dobr\u00e9 si uvedomi\u0165, ak\u00e9 d\u00f4sledky z\u00a0toho vypl\u00fdvaj\u00fa. Po prv\u00e9, mo\u017enos\u0165 skor\u0161ieho vybitia bat\u00e9rie. Po druh\u00e9, ak si chcete bat\u00e9riu ochr\u00e1ni\u0165 pred n\u00e1razovou zmenou teploty, nie je od veci vytvori\u0165 si obal z\u00a0termoizola\u010dn\u00e9ho materi\u00e1lu, napr. aj vrstvy alobalu v\u00a0kombin\u00e1cii s\u00a0l\u00e1tkov\u00fdm obalom. Po tretie, pri n\u00e1vrate z\u00a0chladu do tepla nenab\u00edjajte bat\u00e9riu okam\u017eite. T\u00fdm by ste ju toti\u017e mohli po\u0161kodi\u0165. Najprv ju pomaly nechajte zohria\u0165 (nie f\u00e9nom ani ohrieva\u010dom), a\u00a0a\u017e n\u00e1sledne dobite. S\u00fa\u010dasne, ak to nie je v\u00fdslovne potrebn\u00e9, nevyb\u00edjajte bat\u00e9riu \u00faplne &#8211; pri jazde rad\u0161ej vo\u013ete miernej\u0161ie m\u00f3dy jazdy. <\/p>\n<p>Ak v\u00a0zime nejazd\u00edte, alebo rob\u00edte tak len ve\u013emi zriedka a\u00a0v\u00a0kr\u00e1tkych intervaloch, tak\u017ee nevyb\u00edjate pr\u00edli\u0161ne bat\u00e9riu, je dobr\u00e9 ju v\u017edy aspo\u0148 prevent\u00edvne dobi\u0165. Pred\u00eddete tak nechcen\u00fdm komplik\u00e1ci\u00e1m a\u00a0na strane druhej, budete ma\u0165 bicykel v\u017edy pripraven\u00fd v\u00a0100 percentnom stave.<\/p>\n<p><a href=\"https:\/\/d2p6e6u75xmxt8.cloudfront.net\/4\/2021\/01\/Ebike_starostlivost_02.jpg\"><img loading=\"lazy\" decoding=\"async\" src=\"https:\/\/d2p6e6u75xmxt8.cloudfront.net\/4\/2021\/01\/Ebike_starostlivost_02.jpg\" alt=\"\" width=\"1200\" height=\"800\" class=\"alignnone size-full wp-image-11314\" \/><\/a><\/p>\n<h2><strong>Sneh a\u00a0voda dok\u00e1\u017eu svoje<\/strong><\/h2>\n<p>\u010eal\u0161\u00edm \u00faskal\u00edm zimn\u00e9ho jazdenia je aj v\u0161adepr\u00edtomn\u00e1 <strong>vlhkos\u0165<\/strong>. Samozrejme, s\u00fa aj tzv. such\u00e9 zimy, ale predsa len, ak popr\u0161\u00ed alebo napadne sneh, trv\u00e1 v\u00a0n\u00edzkych teplot\u00e1ch dlh\u0161ie, pokia\u013e sa odpar\u00ed alebo vsiakne do p\u00f4dy. Voda prispieva ku koroz\u00edvnym \u00fa\u010dinkom vonkaj\u0161ieho prostredia, preto je dobr\u00e9 vedie\u0165, kde v\u00e1m m\u00f4\u017ee u\u0161kodi\u0165 a\u00a0ako sa tomu vyvarova\u0165. Principi\u00e1lne je ka\u017ed\u00e1 bat\u00e9ria, ka\u017ed\u00fd motor a\u00a0taktie\u017e aj displej s\u00a0kabel\u00e1\u017eou dostato\u010dne odizolovan\u00fd, aby do nich nemohla vnikn\u00fa\u0165 vlhkos\u0165. Spolieha\u0165 sa ale na to nie je \u00faplne to naj\u0161\u0165astnej\u0161ie rie\u0161enie.<\/p>\n<p>Ak nemus\u00edte, nejazdite cez ml\u00e1ky alebo vo vysokom snehu. Pri um\u00fdvan\u00ed \u010dast\u00ed je taktie\u017e vhodn\u00e9 osu\u0161i\u0165 vlhk\u00e9 \u010dasti. Voda ale m\u00f4\u017ee aj prispie\u0165 k\u00a0dlh\u0161ej \u017eivotnost\u00ed \u010dast\u00ed &#8211; napr\u00edklad, ke\u010f bicykel pravidelne um\u00fdvate. Prirodzene, pou\u017e\u00edvajte na to dostupn\u00e9 \u010distiace prostriedky, rovnako ako aj n\u00e1stroje a\u00a0pr\u00edslu\u0161enstvo. <\/p>\n<p>Po umyt\u00ed je dobr\u00e9 op\u00e4tovne premaza\u0165 pohon a\u00a0ostatn\u00e9 klzn\u00e9 a\u00a0ot\u00e1\u010daj\u00face sa komponenty &#8211; predov\u0161etk\u00fdm tie, ktor\u00e9 s\u00fa bezprostredne vystaven\u00e9 vonkaj\u0161iemu vplyvu. Medzi tak\u00e9 pochopite\u013ene po\u010d\u00edtame re\u0165az, vn\u00fatorn\u00e9 nohy vidlice, alebo aj lo\u017eisk\u00e1 &#8211; \u010di u\u017e na celoodpru\u017een\u00fdch bicykloch alebo aj stredov\u00fdch zlo\u017eeniach. Pravda\u017ee, v\u00a0pr\u00edpade posledn\u00fdch menovan\u00fdch nejde o\u00a0ka\u017edot\u00fd\u017edenn\u00fd servis, ale je vhodn\u00e9 si overi\u0165, \u010di v\u0161etko pracuje hladko a\u00a0doslovne sa nezadrh\u00e1va. <\/p>\n<lite-youtube videoid=xpWGVR8jyDg params=\"enablejsapi=1\" style=\"background-image: url('https:\/\/i.ytimg.com\/vi_webp\/xpWGVR8jyDg\/maxresdefault.webp');\"><\/lite-youtube>\n<h2><strong>Ml\u00e1ky a\u00a0\u0161pina s\u00fa neust\u00e1lym nepriate\u013eom<\/strong><\/h2>\n<p>Rovnako ako to je v\u00a0pr\u00edpade samotnej vody a\u00a0snehu, kombin\u00e1cia chemik\u00e1li\u00ed a\u00a0pr\u00eddavkov, ktor\u00e9 s\u00fa charakteristick\u00e9 pr\u00e1ve pre zimn\u00fa \u00fadr\u017ebu ciest a\u00a0chodn\u00edkov, s\u00fa \u010fal\u0161\u00edm ohrozen\u00edm bicykla. So\u013e, ktor\u00e1 je vo ve\u013ekej miere pou\u017e\u00edvan\u00e1 na r\u00fdchlej\u0161ie sa topenie snehu a\u00a0\u013eadu, napom\u00e1ha pri eroz\u00edvnych \u00fa\u010dinkoch, \u010di u\u017e ide o\u00a0r\u00e1m, komponenty, alebo aj samotn\u00fd motor. Preto sa pok\u00faste v\u00a0prvom rade <strong>vyh\u00fdba\u0165 tak\u00fdmto \u00fasekom<\/strong> &#8211; kraje ciest, ml\u00e1ky na chodn\u00edkoch a\u00a0pod. Ak predsa len sa tak\u00fdmito cestami mus\u00edte vybra\u0165, nezabudnite bicykel po jazde o\u010disti\u0165 a\u00a0op\u00e4tovne namaza\u0165.<\/p>\n<p>Ako naj\u00fa\u010dinnej\u0161ia ochrana s\u00fa prij\u00edman\u00e9 blatn\u00edky &#8211; najm\u00e4 tie s\u00a0pred\u013a\u017eenou \u010das\u0165ou, \u010d\u00edm z\u00edskate takmer dokonal\u00fa ochranu. K\u00a0tomu si m\u00f4\u017eete dopom\u00f4c\u0165 ochrann\u00fdmi n\u00e1lepkami na r\u00e1me alebo pou\u017eit\u00edm \u0161pecifick\u00fdch voskov, ktor\u00e9 nebadate\u013ene p\u00f4sobia pri zachov\u00e1van\u00ed st\u00e1losti farby na r\u00e1me a\u00a0in\u00fdch \u010dastiach.<\/p>\n<p>Jedna vec je te\u00f3ria, druh\u00e1 prax. Ve\u013ea vec\u00ed sa nap\u00ed\u0161e, ale v\u00a0skuto\u010dnosti na to r\u00fdchlo zabudneme &#8211; predsa len, ka\u017ed\u00fd chce vyrazi\u0165 na bicykel \u010do najr\u00fdchlej\u0161ie, zabavi\u0165 sa a\u00a0nema\u0165 po pr\u00edjazde domov ve\u013ea starost\u00ed. Av\u0161ak spr\u00e1vnym zaobch\u00e1dzan\u00edm s\u00a0bicyklom, m\u00f4\u017eete pred\u013a\u017ei\u0165 interval servisu, \u010di v\u00fdmeny nov\u00fdch \u010dast\u00ed. Preto je rozumn\u00e9 si premyslie\u0165, \u010do a\u00a0ako budete robi\u0165. <strong>Cyklistike zdar!<\/strong><\/p>\n","protected":false},"excerpt":{"rendered":"<p>Pekn\u00e9 jarn\u00e9 po\u010dasie, kedy teplota je pr\u00edjemn\u00e1, cesty such\u00e9, po blate ani slychu a\u00a0jedin\u00e9, na \u010do mysl\u00edte, je ceste pred [&hellip;]<\/p>\n","protected":false},"author":81,"featured_media":11315,"comment_status":"open","ping_status":"open","sticky":false,"template":"","format":"standard","meta":{"footnotes":""},"categories":[774],"tags":[62,619,115,333,261,691,180,1191,222,563,1200,290,953,317,1290,630],"global-categories":[1074],"class_list":["post-11311","post","type-post","status-publish","format-standard","has-post-thumbnail","hentry","category-e-bike","tag-bezpecnost","tag-bicyklovanie","tag-cestna-cyklistika","tag-chlad","tag-ebike","tag-elektrobicykel","tag-horska-cyklistika","tag-jazda","tag-komponenty","tag-servis","tag-sneh","tag-udrzba","tag-voda","tag-zima","tag-zimna-udrzba","tag-znecistenie","global-categories-cycling"],"yoast_head":"<!-- This site is optimized with the Yoast SEO Premium plugin v25.3 (Yoast SEO v25.9) - https:\/\/yoast.com\/wordpress\/plugins\/seo\/ -->\n<title>Ako sa stara\u0165 o\u00a0elektrobicykel v\u00a0zime? - \u0160koda We Love Cycling Slovensko<\/title>\n<meta name=\"robots\" content=\"index, follow, max-snippet:-1, max-image-preview:large, max-video-preview:-1\" \/>\n<link rel=\"canonical\" href=\"https:\/\/www.welovecycling.com\/sk\/2021\/01\/13\/ako-sa-starat-o-elektrobicykel-v-zime\/\" \/>\n<meta property=\"og:locale\" content=\"sk_SK\" \/>\n<meta property=\"og:type\" content=\"article\" \/>\n<meta property=\"og:title\" content=\"Ako sa stara\u0165 o\u00a0elektrobicykel v\u00a0zime?\" \/>\n<meta property=\"og:description\" content=\"Pekn\u00e9 jarn\u00e9 po\u010dasie, kedy teplota je pr\u00edjemn\u00e1, cesty such\u00e9, po blate ani slychu a\u00a0jedin\u00e9, na \u010do mysl\u00edte, je ceste pred [&hellip;]\" \/>\n<meta property=\"og:url\" content=\"https:\/\/www.welovecycling.com\/sk\/2021\/01\/13\/ako-sa-starat-o-elektrobicykel-v-zime\/\" \/>\n<meta property=\"og:site_name\" content=\"\u0160koda We Love Cycling Slovensko\" \/>\n<meta property=\"article:published_time\" content=\"2021-01-13T09:00:05+00:00\" \/>\n<meta property=\"og:image\" content=\"https:\/\/d2p6e6u75xmxt8.cloudfront.net\/4\/2021\/01\/Ebike_starostlivost_00.webp\" \/>\n\t<meta property=\"og:image:width\" content=\"1380\" \/>\n\t<meta property=\"og:image:height\" content=\"600\" \/>\n\t<meta property=\"og:image:type\" content=\"image\/webp\" \/>\n<meta name=\"twitter:card\" content=\"summary_large_image\" \/>\n<meta name=\"twitter:label1\" content=\"Written by\" \/>\n\t<meta name=\"twitter:data1\" content=\"WeLoveCycling\" \/>\n\t<meta name=\"twitter:label2\" content=\"Est. reading time\" \/>\n\t<meta name=\"twitter:data2\" content=\"4\" \/>\n<script type=\"application\/ld+json\" class=\"yoast-schema-graph\">{\"@context\":\"https:\/\/schema.org\",\"@graph\":[{\"@type\":\"WebPage\",\"@id\":\"https:\/\/www.welovecycling.com\/sk\/2021\/01\/13\/ako-sa-starat-o-elektrobicykel-v-zime\/\",\"url\":\"https:\/\/www.welovecycling.com\/sk\/2021\/01\/13\/ako-sa-starat-o-elektrobicykel-v-zime\/\",\"name\":\"Ako sa stara\u0165 o\u00a0elektrobicykel v\u00a0zime? - \u0160koda We Love Cycling Slovensko\",\"isPartOf\":{\"@id\":\"https:\/\/www.welovecycling.com\/sk\/#website\"},\"primaryImageOfPage\":{\"@id\":\"https:\/\/www.welovecycling.com\/sk\/2021\/01\/13\/ako-sa-starat-o-elektrobicykel-v-zime\/#primaryimage\"},\"image\":{\"@id\":\"https:\/\/www.welovecycling.com\/sk\/2021\/01\/13\/ako-sa-starat-o-elektrobicykel-v-zime\/#primaryimage\"},\"thumbnailUrl\":\"https:\/\/d2p6e6u75xmxt8.cloudfront.net\/4\/2021\/01\/Ebike_starostlivost_00.webp\",\"datePublished\":\"2021-01-13T09:00:05+00:00\",\"author\":{\"@id\":\"\"},\"breadcrumb\":{\"@id\":\"https:\/\/www.welovecycling.com\/sk\/2021\/01\/13\/ako-sa-starat-o-elektrobicykel-v-zime\/#breadcrumb\"},\"inLanguage\":\"sk-SK\",\"potentialAction\":[{\"@type\":\"ReadAction\",\"target\":[\"https:\/\/www.welovecycling.com\/sk\/2021\/01\/13\/ako-sa-starat-o-elektrobicykel-v-zime\/\"]}]},{\"@type\":\"ImageObject\",\"inLanguage\":\"sk-SK\",\"@id\":\"https:\/\/www.welovecycling.com\/sk\/2021\/01\/13\/ako-sa-starat-o-elektrobicykel-v-zime\/#primaryimage\",\"url\":\"https:\/\/d2p6e6u75xmxt8.cloudfront.net\/4\/2021\/01\/Ebike_starostlivost_00.webp\",\"contentUrl\":\"https:\/\/d2p6e6u75xmxt8.cloudfront.net\/4\/2021\/01\/Ebike_starostlivost_00.webp\",\"width\":1380,\"height\":600},{\"@type\":\"BreadcrumbList\",\"@id\":\"https:\/\/www.welovecycling.com\/sk\/2021\/01\/13\/ako-sa-starat-o-elektrobicykel-v-zime\/#breadcrumb\",\"itemListElement\":[{\"@type\":\"ListItem\",\"position\":1,\"name\":\"Home\",\"item\":\"https:\/\/www.welovecycling.com\/sk\/\"},{\"@type\":\"ListItem\",\"position\":2,\"name\":\"Ako sa stara\u0165 o\u00a0elektrobicykel v\u00a0zime?\"}]},{\"@type\":\"WebSite\",\"@id\":\"https:\/\/www.welovecycling.com\/sk\/#website\",\"url\":\"https:\/\/www.welovecycling.com\/sk\/\",\"name\":\"\u0160koda We Love Cycling Slovensko\",\"description\":\"\u0160koda We Love Cycling Slovensko je v\u00e1\u0161 ka\u017edodenn\u00fd zdroj noviniek a in\u0161pir\u00e1cie z sveta cyklistiky\",\"potentialAction\":[{\"@type\":\"SearchAction\",\"target\":{\"@type\":\"EntryPoint\",\"urlTemplate\":\"https:\/\/www.welovecycling.com\/sk\/?s={search_term_string}\"},\"query-input\":{\"@type\":\"PropertyValueSpecification\",\"valueRequired\":true,\"valueName\":\"search_term_string\"}}],\"inLanguage\":\"sk-SK\"},{\"@type\":\"Person\",\"@id\":\"\",\"url\":\"https:\/\/www.welovecycling.com\/sk\/author\/\"}]}<\/script>\n<!-- \/ Yoast SEO Premium plugin. -->","yoast_head_json":{"title":"Ako sa stara\u0165 o\u00a0elektrobicykel v\u00a0zime? - \u0160koda We Love Cycling Slovensko","robots":{"index":"index","follow":"follow","max-snippet":"max-snippet:-1","max-image-preview":"max-image-preview:large","max-video-preview":"max-video-preview:-1"},"canonical":"https:\/\/www.welovecycling.com\/sk\/2021\/01\/13\/ako-sa-starat-o-elektrobicykel-v-zime\/","og_locale":"sk_SK","og_type":"article","og_title":"Ako sa stara\u0165 o\u00a0elektrobicykel v\u00a0zime?","og_description":"Pekn\u00e9 jarn\u00e9 po\u010dasie, kedy teplota je pr\u00edjemn\u00e1, cesty such\u00e9, po blate ani slychu a\u00a0jedin\u00e9, na \u010do mysl\u00edte, je ceste pred [&hellip;]","og_url":"https:\/\/www.welovecycling.com\/sk\/2021\/01\/13\/ako-sa-starat-o-elektrobicykel-v-zime\/","og_site_name":"\u0160koda We Love Cycling Slovensko","article_published_time":"2021-01-13T09:00:05+00:00","og_image":[{"width":1380,"height":600,"url":"https:\/\/d2p6e6u75xmxt8.cloudfront.net\/4\/2021\/01\/Ebike_starostlivost_00.webp","type":"image\/webp"}],"twitter_card":"summary_large_image","twitter_misc":{"Written by":"WeLoveCycling","Est. reading time":"4"},"schema":{"@context":"https:\/\/schema.org","@graph":[{"@type":"WebPage","@id":"https:\/\/www.welovecycling.com\/sk\/2021\/01\/13\/ako-sa-starat-o-elektrobicykel-v-zime\/","url":"https:\/\/www.welovecycling.com\/sk\/2021\/01\/13\/ako-sa-starat-o-elektrobicykel-v-zime\/","name":"Ako sa stara\u0165 o\u00a0elektrobicykel v\u00a0zime? - \u0160koda We Love Cycling Slovensko","isPartOf":{"@id":"https:\/\/www.welovecycling.com\/sk\/#website"},"primaryImageOfPage":{"@id":"https:\/\/www.welovecycling.com\/sk\/2021\/01\/13\/ako-sa-starat-o-elektrobicykel-v-zime\/#primaryimage"},"image":{"@id":"https:\/\/www.welovecycling.com\/sk\/2021\/01\/13\/ako-sa-starat-o-elektrobicykel-v-zime\/#primaryimage"},"thumbnailUrl":"https:\/\/d2p6e6u75xmxt8.cloudfront.net\/4\/2021\/01\/Ebike_starostlivost_00.webp","datePublished":"2021-01-13T09:00:05+00:00","author":{"@id":""},"breadcrumb":{"@id":"https:\/\/www.welovecycling.com\/sk\/2021\/01\/13\/ako-sa-starat-o-elektrobicykel-v-zime\/#breadcrumb"},"inLanguage":"sk-SK","potentialAction":[{"@type":"ReadAction","target":["https:\/\/www.welovecycling.com\/sk\/2021\/01\/13\/ako-sa-starat-o-elektrobicykel-v-zime\/"]}]},{"@type":"ImageObject","inLanguage":"sk-SK","@id":"https:\/\/www.welovecycling.com\/sk\/2021\/01\/13\/ako-sa-starat-o-elektrobicykel-v-zime\/#primaryimage","url":"https:\/\/d2p6e6u75xmxt8.cloudfront.net\/4\/2021\/01\/Ebike_starostlivost_00.webp","contentUrl":"https:\/\/d2p6e6u75xmxt8.cloudfront.net\/4\/2021\/01\/Ebike_starostlivost_00.webp","width":1380,"height":600},{"@type":"BreadcrumbList","@id":"https:\/\/www.welovecycling.com\/sk\/2021\/01\/13\/ako-sa-starat-o-elektrobicykel-v-zime\/#breadcrumb","itemListElement":[{"@type":"ListItem","position":1,"name":"Home","item":"https:\/\/www.welovecycling.com\/sk\/"},{"@type":"ListItem","position":2,"name":"Ako sa stara\u0165 o\u00a0elektrobicykel v\u00a0zime?"}]},{"@type":"WebSite","@id":"https:\/\/www.welovecycling.com\/sk\/#website","url":"https:\/\/www.welovecycling.com\/sk\/","name":"\u0160koda We Love Cycling Slovensko","description":"\u0160koda We Love Cycling Slovensko je v\u00e1\u0161 ka\u017edodenn\u00fd zdroj noviniek a in\u0161pir\u00e1cie z sveta cyklistiky","potentialAction":[{"@type":"SearchAction","target":{"@type":"EntryPoint","urlTemplate":"https:\/\/www.welovecycling.com\/sk\/?s={search_term_string}"},"query-input":{"@type":"PropertyValueSpecification","valueRequired":true,"valueName":"search_term_string"}}],"inLanguage":"sk-SK"},{"@type":"Person","@id":"","url":"https:\/\/www.welovecycling.com\/sk\/author\/"}]}},"_links":{"self":[{"href":"https:\/\/www.welovecycling.com\/sk\/wp-json\/wp\/v2\/posts\/11311","targetHints":{"allow":["GET"]}}],"collection":[{"href":"https:\/\/www.welovecycling.com\/sk\/wp-json\/wp\/v2\/posts"}],"about":[{"href":"https:\/\/www.welovecycling.com\/sk\/wp-json\/wp\/v2\/types\/post"}],"author":[{"embeddable":true,"href":"https:\/\/www.welovecycling.com\/sk\/wp-json\/wp\/v2\/users\/81"}],"replies":[{"embeddable":true,"href":"https:\/\/www.welovecycling.com\/sk\/wp-json\/wp\/v2\/comments?post=11311"}],"version-history":[{"count":2,"href":"https:\/\/www.welovecycling.com\/sk\/wp-json\/wp\/v2\/posts\/11311\/revisions"}],"predecessor-version":[{"id":11319,"href":"https:\/\/www.welovecycling.com\/sk\/wp-json\/wp\/v2\/posts\/11311\/revisions\/11319"}],"wp:featuredmedia":[{"embeddable":true,"href":"https:\/\/www.welovecycling.com\/sk\/wp-json\/wp\/v2\/media\/11315"}],"wp:attachment":[{"href":"https:\/\/www.welovecycling.com\/sk\/wp-json\/wp\/v2\/media?parent=11311"}],"wp:term":[{"taxonomy":"category","embeddable":true,"href":"https:\/\/www.welovecycling.com\/sk\/wp-json\/wp\/v2\/categories?post=11311"},{"taxonomy":"post_tag","embeddable":true,"href":"https:\/\/www.welovecycling.com\/sk\/wp-json\/wp\/v2\/tags?post=11311"},{"taxonomy":"global-categories","embeddable":true,"href":"https:\/\/www.welovecycling.com\/sk\/wp-json\/wp\/v2\/global-categories?post=11311"}],"curies":[{"name":"wp","href":"https:\/\/api.w.org\/{rel}","templated":true}]}}