{"id":11301,"date":"2021-01-11T10:00:19","date_gmt":"2021-01-11T09:00:19","guid":{"rendered":"https:\/\/www.welovecycling.com\/sk\/?p=11301"},"modified":"2021-01-05T11:21:26","modified_gmt":"2021-01-05T10:21:26","slug":"obhliadnutie-sa-za-sezonou-2020","status":"publish","type":"post","link":"https:\/\/www.welovecycling.com\/sk\/2021\/01\/11\/obhliadnutie-sa-za-sezonou-2020\/","title":{"rendered":"Obhliadnutie sa za sez\u00f3nou 2020"},"content":{"rendered":"<p><strong>Napriek pand\u00e9mii Covid-19, sa profesion\u00e1lna sc\u00e9na vrcholovej cyklistiky \u00faplne nezr\u00fatila, ale naopak pon\u00fakla cel\u00e9 tri Grand Tour. I ke\u010f sa mnoho z v\u00fdznamn\u00fdch pretekov pres\u00favalo na n\u00e1hradn\u00fd term\u00edn alebo im ch\u00fdbala povestn\u00e1 div\u00e1cka kulisa, aj tak m\u00f4\u017eeme o roku 2020 poveda\u0165, \u017ee i\u0161lo o \u00faspe\u0161n\u00fd rok s mnoh\u00fdmi pozit\u00edvnymi str\u00e1nkami.<\/strong><\/p>\n<p><!--more--><\/p>\n<p>Ak odhliadneme od spom\u00ednan\u00fdch Grand Tour, uplynul\u00e1 sez\u00f3na videla z\u00e1very a\u017e 10 z 11 \u017eensk\u00fdch World Tour pretekov. K tomu sa prid\u00e1vaj\u00fa aj Majstrovstv\u00e1 sveta, ktor\u00e9 sa museli presun\u00fa\u0165 z Aigle a oblasti Martigny vo \u0160vaj\u010diarsku do pretekmi opraden\u00e9ho miesta s n\u00e1zvom Imola v Taliansku. Tu dominoval v z\u00e1vere\u010dnom s\u00f3lo \u00faniku Julian Alaphilippe. Po\u010das roka sme tak videli nespo\u010det dychber\u00facich momentov, ako napr\u00edklad heroick\u00e9 v\u00fdkony v kopcoch v podan\u00ed Tadeja Poga\u010dara, ktor\u00e9 mu zabezpe\u010dili v\u00ed\u0165azstvo na Tour de France, ale aj moment sl\u00e1vy anglick\u00e9ho mlad\u00edka, Tao Geoghegan Harta, ktor\u00fd ovl\u00e1dol Giro.<\/p>\n<figure id=\"attachment_11302\" aria-describedby=\"caption-attachment-11302\" style=\"width: 1024px\" class=\"wp-caption alignnone\"><a href=\"https:\/\/d2p6e6u75xmxt8.cloudfront.net\/2\/2020\/10\/Ineos-Grenadiers-profimedia-0565481792.jpg\"><img loading=\"lazy\" decoding=\"async\" class=\"wp-image-11302 size-large\" src=\"https:\/\/d2p6e6u75xmxt8.cloudfront.net\/4\/2021\/01\/Ineos-Grenadiers-profimedia-0565481792-1024x682.jpg\" alt=\"Team Ineos Grenadiers\" width=\"1024\" height=\"682\" \/><\/a><figcaption id=\"caption-attachment-11302\" class=\"wp-caption-text\">Tao Geoghegan Hart vyhral Giro 2020. \u00a9 Profimedia<\/figcaption><\/figure>\n<p>To, \u010do sme skuto\u010dne ne\u010dakali, bolo odvolanie Chrisa Frooma a Gerainta Thomasa z listiny t\u00edmu Ineos Grenadiers na Tour de France, n\u00e1sledn\u00fd v\u00fdbuch Egana Bernala po\u010das nekone\u010dn\u00e9ho st\u00fapania na Grand Colombier a nakoniec aj ne\u0161\u0165astn\u00fa chv\u00ed\u013eu, kedy Dylan Groenewegen z Jumbo-Visma sp\u00f4sobil p\u00e1d pri \u0161print\u00e9rskom fini\u0161i na Okolo Po\u013eska, \u010do skon\u010dilo takmer tragicky pre Fabio Jakobsena.<\/p>\n<p>Pozrime sa teda o \u010dosi bli\u017e\u0161ie na in\u00e9 pr\u00edbehy, ktor\u00e9 n\u00e1m pripravila sez\u00f3na 2020.<\/p>\n<h2><strong>Spojili sme sily s Rouvy<\/strong><\/h2>\n<p>V janu\u00e1ri sa n\u00e1m podarilo nadviaza\u0165 spojenectvo s ROUVY, modernou interakt\u00edvnou virtu\u00e1lnou cyklistickou platformou, \u010d\u00edm sme v\u00e1m mohli prinies\u0165 <strong>mo\u017enos\u0165 sta\u0165 sa v\u00ed\u0165azmi aj z pohodlia va\u0161ich domovov<\/strong>. Ktoko\u013evek, kto mal chu\u0165 a \u010das, sa mohol z\u00fa\u010dastni\u0165 virtu\u00e1lnych pretekov, ktor\u00e9 sa skladali aj zo skuto\u010dn\u00fdch okruhov, spracovan\u00fdch do najmen\u0161\u00edch detailov. T\u00ed, ktor\u00ed dok\u00e1zali absolvova\u0165 v\u0161etky podujatia, boli automaticky zaraden\u00ed do \u017erebovania WeLoveCycling, v ktorom sa s\u00fa\u0165a\u017eilo o ve\u013emi zauj\u00edmav\u00fa cenu, a to zelen\u00fd dres z Tour de France, podp\u00edsan\u00fd samotn\u00fdm Petrom Saganom.<\/p>\n<h2><strong>Virtu\u00e1lni jazdci participovali pri Jazde pre Taliansko<\/strong><\/h2>\n<p>Spolupr\u00e1ca s ROUVY pokra\u010dovala aj po\u010das pand\u00e9mie koronav\u00edrusu, a to predov\u0161etk\u00fdm v marci, kedy jednou z naj\u0165a\u017e\u0161ie zasiahnut\u00fdch oblast\u00ed bol regi\u00f3n severn\u00e9ho Veneta. Nemocnice boli v stave pohotovosti a po\u010det vo\u013en\u00fdch l\u00f4\u017eok sa nezadr\u017eate\u013ene zmen\u0161oval. ROUVY sa zaviazalo, \u017ee daruje 1 \u20ac za ka\u017ed\u00e9ho jazdca, ktor\u00fd sa z\u00fa\u010dastn\u00ed na virtu\u00e1lnej v\u00fdzve Jazda pre Taliansko, ktor\u00e1 bola <strong>navrhnut\u00e1 pod\u013ea skuto\u010dn\u00fdch talianskych ciest<\/strong>.<\/p>\n<figure id=\"attachment_11303\" aria-describedby=\"caption-attachment-11303\" style=\"width: 1024px\" class=\"wp-caption alignnone\"><a href=\"https:\/\/d2p6e6u75xmxt8.cloudfront.net\/2\/2020\/03\/Cura-Nuova-Potassa-2.jpg\"><img loading=\"lazy\" decoding=\"async\" class=\"wp-image-11303 size-large\" src=\"https:\/\/d2p6e6u75xmxt8.cloudfront.net\/4\/2021\/01\/Cura-Nuova-Potassa-2-1024x576.jpg\" alt=\"Ride for Italy\" width=\"1024\" height=\"576\" \/><\/a><figcaption id=\"caption-attachment-11303\" class=\"wp-caption-text\">Virtu\u00e1lni jazdci pom\u00e1hali Taliansku.<\/figcaption><\/figure>\n<h2><strong>Spustila sa kampa\u0148 s pozit\u00edvnym n\u00e1bojom v snahe prekona\u0165 nepriaze\u0148 osudu<\/strong><\/h2>\n<p>Ride2Unite sa stalo \u00faplne novou cyklistickou iniciat\u00edvou, navrhnutou k tomu, aby \u0161\u00edrila pozit\u00edvnu atmosf\u00e9ru v boji proti ne\u0161\u0165astiu, sp\u00f4soben\u00e9ho pand\u00e9miou. I\u0161lo o nab\u00e1danie amat\u00e9rskych cyklistov a fan\u00fa\u0161ikov k tomu, aby sa <strong>op\u00e4\u0165 vr\u00e1tili do sediel ich bicyklov<\/strong> po prvej vlne tejto tr\u00e9ningovej prest\u00e1vky, zapr\u00ed\u010dinenej pr\u00e1ve celosvetovou pand\u00e9miou. Na na\u0161ich str\u00e1nkach, rovnako ako aj na soci\u00e1lnych m\u00e9di\u00e1ch, ste mohli vidie\u0165 cyklistick\u00e9 hviezdy, ako Wilco Kelderman, Michael Matthews, Andy Schleck, Philip Gilbert alebo Laurens ten Dam, ktor\u00ed odpovedali na ot\u00e1zky pr\u00e1ve od v\u00e1s &#8211; od amat\u00e9rskych cyklistov.<\/p>\n<h2><strong>Vy\u0161e 80 000 \u013eud\u00ed sa z\u00fa\u010dastnilo virtu\u00e1lnej Tour de France<\/strong><\/h2>\n<p>Organizuj\u00faca agent\u00fara Tour de France, A.S.O., sa spojila s online cyklistick\u00fdm tr\u00e9ningov\u00fdm port\u00e1lom Zwift, aby <strong>spustili historicky prv\u00fa virtu\u00e1lnu Tour de France<\/strong>. Z\u00fa\u010dastni\u0165 sa jej mohli nielen profesion\u00e1li, ale s\u00fa\u010dasne aj fan\u00fa\u0161ikovia, ktor\u00ed bojovali bok po boku na najr\u00f4znej\u0161\u00edch tratiach jednotliv\u00fdch et\u00e1p. Rovnako tomu bolo aj po\u010das L&#8217;Etape, otvorenom dni pre amat\u00e9rskych cyklistov, ktor\u00fd sa v\u00e4\u010d\u0161inou kon\u00e1 vtedy, ke\u010f maj\u00fa profesion\u00e1li na Tour de France vo\u013en\u00fd de\u0148. Navzdory o\u010dak\u00e1vaniam sa ho z\u00fa\u010dastnilo a\u017e 80 000 \u0161portovcov, \u010d\u00edm sa z virtu\u00e1lnej Tour stalo jedno z naj\u00faspe\u0161nej\u0161\u00edch podujat\u00ed v hist\u00f3rii digit\u00e1lneho \u0161portu.<\/p>\n<figure id=\"attachment_11304\" aria-describedby=\"caption-attachment-11304\" style=\"width: 2246px\" class=\"wp-caption alignnone\"><a href=\"https:\/\/d2p6e6u75xmxt8.cloudfront.net\/4\/2021\/01\/Virtual-TdF-2.JPG.jpg\"><img loading=\"lazy\" decoding=\"async\" class=\"wp-image-11304 size-full\" src=\"https:\/\/d2p6e6u75xmxt8.cloudfront.net\/4\/2021\/01\/Virtual-TdF-2.JPG.jpg\" alt=\"Virtual Tour de France\" width=\"2246\" height=\"1209\" \/><\/a><figcaption id=\"caption-attachment-11304\" class=\"wp-caption-text\">Virtu\u00e1lna Tour.<\/figcaption><\/figure>\n<h2><strong>Grand Tours boli prelo\u017een\u00e9<\/strong><\/h2>\n<p>Z d\u00f4vodu lockdown-u Covid-19 bola UCI n\u00faten\u00e1 \u00faplne prepl\u00e1nova\u0165 kalend\u00e1r pretekov na neskor\u0161ie obdobie, kedy sa u\u017e r\u00e1talo so zlep\u0161en\u00fdm stavom. Mnoho z o\u010dak\u00e1van\u00fdch podujat\u00ed bolo zru\u0161en\u00fdch alebo prelo\u017een\u00fdch. Organiz\u00e1tori tak museli vtesna\u0165 do skr\u00e1ten\u00e9ho intervalu \u010do najviac podujat\u00ed. I\u0161lo tak o obdobie medzi 1. augustom a 31. okt\u00f3brom. Aj napriek tejto komplik\u00e1cii sme boli svedkami <strong>\u0161\u0165astn\u00e9ho absolvovania v\u0161etk\u00fdch troch Grand Tours<\/strong>. Tour de France sa za\u010dala 29. augusta a fini\u0161ovala v Par\u00ed\u017ei 20. septembra. Pre Giro bolo potom vyhraden\u00e9 obdobie v\u00e4\u010d\u0161iny okt\u00f3bra. Poslednou bola Vuelta, ktor\u00e1 bola skr\u00e1ten\u00e1 o \u00favodn\u00e9 tri etapy, ktor\u00e9 sa mali kona\u0165 v Holandsku. Posledn\u00e1, 18. etapa, mala svoj de\u0148 a\u017e 8. novembra (!). Okrem zmenen\u00fdch term\u00ednov bola tohtoro\u010dn\u00e1 jedine\u010dnos\u0165 Grand Tour aj v zmen\u0161enom po\u010dte div\u00e1kov okolo trate. D\u00f4vodom boli hygienick\u00e9 opatrenia, ktor\u00e9 mali ochr\u00e1ni\u0165 nielen samotn\u00fdch div\u00e1kov, ale aj jazdcov.<\/p>\n<h2><strong>Plne elektrick\u00e1 \u0160koda ENYAQ iV sprev\u00e1dzala profesion\u00e1lov po\u010das et\u00e1p na Tour<\/strong><\/h2>\n<p>Po prv\u00fdkr\u00e1t v hist\u00f3rii Tour de France, jej \u00fa\u010dastn\u00edci boli sprev\u00e1dzan\u00ed plne elektrick\u00fdm vozidlom. Len nieko\u013eko dn\u00ed po tom, ako bola \u0160koda ENYAQ iV uveden\u00e1 na svetlo sveta v Prahe, mili\u00f3ny cyklistick\u00fdch fan\u00fa\u0161ikov ju mohli vidie\u0165 v akcii po\u010das 5. etapy na Tour. I\u0161lo o jedine\u010dn\u00fd moment, kedy \u0160koda, ako dlhodob\u00fd partner cyklistiky, op\u00e4\u0165 raz potvrdil svoje puto s t\u00fdmto \u0161portom. Po\u010das samotnej Tour de France sme tak mohli \u0160koda ENYAQ iV vidie\u0165 celkovo trikr\u00e1t, vr\u00e1tane sl\u00e1vneho z\u00e1veru na Champs-\u00c9lys\u00e9es.<\/p>\n<figure id=\"attachment_11305\" aria-describedby=\"caption-attachment-11305\" style=\"width: 1024px\" class=\"wp-caption alignnone\"><a href=\"https:\/\/d2p6e6u75xmxt8.cloudfront.net\/2\/2020\/09\/Enyaq-tdf-4-scaled.jpg\"><img loading=\"lazy\" decoding=\"async\" class=\"wp-image-11305 size-large\" src=\"https:\/\/d2p6e6u75xmxt8.cloudfront.net\/4\/2021\/01\/Enyaq-tdf-4-scaled-1024x576.jpg\" alt=\"\u0160koda ENYAQ iV\" width=\"1024\" height=\"576\" \/><\/a><figcaption id=\"caption-attachment-11305\" class=\"wp-caption-text\">\u0160koda bola vo\u013ebou vozidla pre riadite\u013ea pretekov u\u017e po mnoh\u00e9 roky, av\u0161ak toto bol prv\u00fdkr\u00e1t, kedy sa v\u017edy pripraven\u00fd SUPERB musel na chv\u00ed\u013eu stiahnu\u0165, aby bol nahraden\u00fd nov\u00fdm ENYAQ iV.<\/figcaption><\/figure>\n<h2><strong>Fenomen\u00e1lny Tadej Poga\u010dar bol strojcom najv\u00e4\u010d\u0161ej senz\u00e1cie roka<\/strong><\/h2>\n<p>Nikto by asi pred za\u010diatkom Tour s istotou neh\u00e1dal, \u017ee len 22-ro\u010dn\u00fd Slovinec, Tadej Poga\u010dar, sa stane druh\u00fdm <strong>najmlad\u0161\u00edm \u0161ampi\u00f3nom franc\u00fazskej Grand Tour v hist\u00f3rii<\/strong>. Naviac, stal sa prv\u00fdm jazdcom, ktor\u00fd kedy z\u00edskal celkovo a\u017e tri dresy &#8211; \u017elt\u00fd, biely pre najlep\u0161ieho mlad\u00e9ho jazdca a bodkovan\u00fd, ktor\u00fd patr\u00ed najlep\u0161iemu vrch\u00e1rovi. Jedin\u00fdm dresom, ktor\u00fd mu ch\u00fdbal, bol ten zelen\u00fd, prin\u00e1le\u017eiaci v\u00ed\u0165azovi bodovacej s\u00fa\u0165a\u017ee. V tej sa umiestnil na 8. mieste.<\/p>\n<h2><strong>Neust\u00e1le da\u017ede zmenili Majstrovstv\u00e1 sveta v zjazde na boj o hol\u00fd \u017eivot<\/strong><\/h2>\n<p>Reece Wilson sa stal nov\u00fdm Majstrom sveta v zjazde. Av\u0161ak v podmienkach, ktor\u00e9 mu pripravilo po\u010dasie v spojen\u00ed s blatist\u00fdm podkladom v rak\u00faskom Leogangu. Pri poh\u013eade na oblohu v tomto \u0161portovom stredisku ste po\u010das t\u00fdchto dn\u00ed mohli sledova\u0165 predov\u0161etk\u00fdm odtiene \u0161edi a\u017e tmav\u00fdch farieb, ktor\u00e9 neust\u00e1le predznamen\u00e1vali \u010fal\u0161ie a \u010fal\u0161ie zr\u00e1\u017eky. Brut\u00e1lne premo\u010den\u00fd podklad vytvoril podmienky, ktor\u00e9 si mnoh\u00ed z legend\u00e1rnych jazdcov sami nepam\u00e4taj\u00fa. Prejs\u0165 cel\u00fa tra\u0165 bez toho, aby si jazdec pomohol nohou pri odtl\u00e1\u010dan\u00ed sa z hlbok\u00e9ho blata a rigolov, bolo nemo\u017en\u00e9. Jedna z najv\u00e4\u010d\u0161\u00edch d\u00e1mskych hviezd, Vali H\u00f6ll, sa \u017eia\u013e nemohla z\u00fa\u010dastni\u0165 fin\u00e1lne, ke\u010f\u017ee v tr\u00e9ningu utrpela nepr\u00edjemn\u00e9 zranenie \u010dlenka, ke\u010f sa por\u00fa\u010dala cez riadidl\u00e1. A to pr\u00e1ve v mieste, kde bol vytvoren\u00fd nemenej n\u00e1ro\u010dn\u00fd skok.<\/p>\n<p><strong>Aj tak\u00fd bol rok 2020 a my sa u\u017e te\u0161\u00edme \u010do n\u00e1m prinesie ten s ozna\u010den\u00edm 2021.<\/strong><\/p>\n","protected":false},"excerpt":{"rendered":"<p>Napriek pand\u00e9mii Covid-19, sa profesion\u00e1lna sc\u00e9na vrcholovej cyklistiky \u00faplne nezr\u00fatila, ale naopak pon\u00fakla cel\u00e9 tri Grand Tour. I ke\u010f sa [&hellip;]<\/p>\n","protected":false},"author":81,"featured_media":11307,"comment_status":"open","ping_status":"open","sticky":false,"template":"","format":"standard","meta":{"footnotes":""},"categories":[4],"tags":[619,275,115,487,119,1038,65,1028,498,1271,428,46,1234,1218,256,542,1259,1258,20,1313,1226],"global-categories":[],"class_list":["post-11301","post","type-post","status-publish","format-standard","has-post-thumbnail","hentry","category-cestna-cyklisitika","tag-bicyklovanie","tag-cesta","tag-cestna-cyklistika","tag-cestny-bicykel","tag-chris-froome","tag-egan-bernal","tag-giro-d-italia","tag-ineos","tag-julian-alaphilippe","tag-la-vuelta-2020","tag-pariz-roubaix","tag-peter-sagan","tag-ride2unite","tag-rouvy","tag-sezona","tag-skoda","tag-skoda-enyaq-iv","tag-tadej-pogacar","tag-tour-de-france","tag-vali-holl","tag-zwift"],"yoast_head":"<!-- This site is optimized with the Yoast SEO Premium plugin v25.3 (Yoast SEO v25.9) - https:\/\/yoast.com\/wordpress\/plugins\/seo\/ -->\n<title>Obhliadnutie sa za sez\u00f3nou 2020 - \u0160koda We Love Cycling Slovensko<\/title>\n<meta name=\"robots\" content=\"index, follow, max-snippet:-1, max-image-preview:large, max-video-preview:-1\" \/>\n<link rel=\"canonical\" href=\"https:\/\/www.welovecycling.com\/sk\/2021\/01\/11\/obhliadnutie-sa-za-sezonou-2020\/\" \/>\n<meta property=\"og:locale\" content=\"sk_SK\" \/>\n<meta property=\"og:type\" content=\"article\" \/>\n<meta property=\"og:title\" content=\"Obhliadnutie sa za sez\u00f3nou 2020\" \/>\n<meta property=\"og:description\" content=\"Napriek pand\u00e9mii Covid-19, sa profesion\u00e1lna sc\u00e9na vrcholovej cyklistiky \u00faplne nezr\u00fatila, ale naopak pon\u00fakla cel\u00e9 tri Grand Tour. I ke\u010f sa [&hellip;]\" \/>\n<meta property=\"og:url\" content=\"https:\/\/www.welovecycling.com\/sk\/2021\/01\/11\/obhliadnutie-sa-za-sezonou-2020\/\" \/>\n<meta property=\"og:site_name\" content=\"\u0160koda We Love Cycling Slovensko\" \/>\n<meta property=\"article:published_time\" content=\"2021-01-11T09:00:19+00:00\" \/>\n<meta property=\"og:image\" content=\"https:\/\/d2p6e6u75xmxt8.cloudfront.net\/4\/2021\/01\/Pogacar-Tour-profimedia-0558807037-CVR.webp\" \/>\n\t<meta property=\"og:image:width\" content=\"1366\" \/>\n\t<meta property=\"og:image:height\" content=\"600\" \/>\n\t<meta property=\"og:image:type\" content=\"image\/webp\" \/>\n<meta name=\"twitter:card\" content=\"summary_large_image\" \/>\n<meta name=\"twitter:label1\" content=\"Written by\" \/>\n\t<meta name=\"twitter:data1\" content=\"Adam Marsal\" \/>\n\t<meta name=\"twitter:label2\" content=\"Est. reading time\" \/>\n\t<meta name=\"twitter:data2\" content=\"6\" \/>\n<script type=\"application\/ld+json\" class=\"yoast-schema-graph\">{\"@context\":\"https:\/\/schema.org\",\"@graph\":[{\"@type\":\"WebPage\",\"@id\":\"https:\/\/www.welovecycling.com\/sk\/2021\/01\/11\/obhliadnutie-sa-za-sezonou-2020\/\",\"url\":\"https:\/\/www.welovecycling.com\/sk\/2021\/01\/11\/obhliadnutie-sa-za-sezonou-2020\/\",\"name\":\"Obhliadnutie sa za sez\u00f3nou 2020 - \u0160koda We Love Cycling Slovensko\",\"isPartOf\":{\"@id\":\"https:\/\/www.welovecycling.com\/sk\/#website\"},\"primaryImageOfPage\":{\"@id\":\"https:\/\/www.welovecycling.com\/sk\/2021\/01\/11\/obhliadnutie-sa-za-sezonou-2020\/#primaryimage\"},\"image\":{\"@id\":\"https:\/\/www.welovecycling.com\/sk\/2021\/01\/11\/obhliadnutie-sa-za-sezonou-2020\/#primaryimage\"},\"thumbnailUrl\":\"https:\/\/d2p6e6u75xmxt8.cloudfront.net\/4\/2021\/01\/Pogacar-Tour-profimedia-0558807037-CVR.webp\",\"datePublished\":\"2021-01-11T09:00:19+00:00\",\"author\":{\"@id\":\"\"},\"breadcrumb\":{\"@id\":\"https:\/\/www.welovecycling.com\/sk\/2021\/01\/11\/obhliadnutie-sa-za-sezonou-2020\/#breadcrumb\"},\"inLanguage\":\"sk-SK\",\"potentialAction\":[{\"@type\":\"ReadAction\",\"target\":[\"https:\/\/www.welovecycling.com\/sk\/2021\/01\/11\/obhliadnutie-sa-za-sezonou-2020\/\"]}]},{\"@type\":\"ImageObject\",\"inLanguage\":\"sk-SK\",\"@id\":\"https:\/\/www.welovecycling.com\/sk\/2021\/01\/11\/obhliadnutie-sa-za-sezonou-2020\/#primaryimage\",\"url\":\"https:\/\/d2p6e6u75xmxt8.cloudfront.net\/4\/2021\/01\/Pogacar-Tour-profimedia-0558807037-CVR.webp\",\"contentUrl\":\"https:\/\/d2p6e6u75xmxt8.cloudfront.net\/4\/2021\/01\/Pogacar-Tour-profimedia-0558807037-CVR.webp\",\"width\":1366,\"height\":600,\"caption\":\"Tadej Poga\u010dar\"},{\"@type\":\"BreadcrumbList\",\"@id\":\"https:\/\/www.welovecycling.com\/sk\/2021\/01\/11\/obhliadnutie-sa-za-sezonou-2020\/#breadcrumb\",\"itemListElement\":[{\"@type\":\"ListItem\",\"position\":1,\"name\":\"Home\",\"item\":\"https:\/\/www.welovecycling.com\/sk\/\"},{\"@type\":\"ListItem\",\"position\":2,\"name\":\"Obhliadnutie sa za sez\u00f3nou 2020\"}]},{\"@type\":\"WebSite\",\"@id\":\"https:\/\/www.welovecycling.com\/sk\/#website\",\"url\":\"https:\/\/www.welovecycling.com\/sk\/\",\"name\":\"\u0160koda We Love Cycling Slovensko\",\"description\":\"\u0160koda We Love Cycling Slovensko je v\u00e1\u0161 ka\u017edodenn\u00fd zdroj noviniek a in\u0161pir\u00e1cie z sveta cyklistiky\",\"potentialAction\":[{\"@type\":\"SearchAction\",\"target\":{\"@type\":\"EntryPoint\",\"urlTemplate\":\"https:\/\/www.welovecycling.com\/sk\/?s={search_term_string}\"},\"query-input\":{\"@type\":\"PropertyValueSpecification\",\"valueRequired\":true,\"valueName\":\"search_term_string\"}}],\"inLanguage\":\"sk-SK\"},{\"@type\":\"Person\",\"@id\":\"\",\"url\":\"https:\/\/www.welovecycling.com\/sk\/author\/\"}]}<\/script>\n<!-- \/ Yoast SEO Premium plugin. -->","yoast_head_json":{"title":"Obhliadnutie sa za sez\u00f3nou 2020 - \u0160koda We Love Cycling Slovensko","robots":{"index":"index","follow":"follow","max-snippet":"max-snippet:-1","max-image-preview":"max-image-preview:large","max-video-preview":"max-video-preview:-1"},"canonical":"https:\/\/www.welovecycling.com\/sk\/2021\/01\/11\/obhliadnutie-sa-za-sezonou-2020\/","og_locale":"sk_SK","og_type":"article","og_title":"Obhliadnutie sa za sez\u00f3nou 2020","og_description":"Napriek pand\u00e9mii Covid-19, sa profesion\u00e1lna sc\u00e9na vrcholovej cyklistiky \u00faplne nezr\u00fatila, ale naopak pon\u00fakla cel\u00e9 tri Grand Tour. I ke\u010f sa [&hellip;]","og_url":"https:\/\/www.welovecycling.com\/sk\/2021\/01\/11\/obhliadnutie-sa-za-sezonou-2020\/","og_site_name":"\u0160koda We Love Cycling Slovensko","article_published_time":"2021-01-11T09:00:19+00:00","og_image":[{"width":1366,"height":600,"url":"https:\/\/d2p6e6u75xmxt8.cloudfront.net\/4\/2021\/01\/Pogacar-Tour-profimedia-0558807037-CVR.webp","type":"image\/webp"}],"twitter_card":"summary_large_image","twitter_misc":{"Written by":"Adam Marsal","Est. reading time":"6"},"schema":{"@context":"https:\/\/schema.org","@graph":[{"@type":"WebPage","@id":"https:\/\/www.welovecycling.com\/sk\/2021\/01\/11\/obhliadnutie-sa-za-sezonou-2020\/","url":"https:\/\/www.welovecycling.com\/sk\/2021\/01\/11\/obhliadnutie-sa-za-sezonou-2020\/","name":"Obhliadnutie sa za sez\u00f3nou 2020 - \u0160koda We Love Cycling Slovensko","isPartOf":{"@id":"https:\/\/www.welovecycling.com\/sk\/#website"},"primaryImageOfPage":{"@id":"https:\/\/www.welovecycling.com\/sk\/2021\/01\/11\/obhliadnutie-sa-za-sezonou-2020\/#primaryimage"},"image":{"@id":"https:\/\/www.welovecycling.com\/sk\/2021\/01\/11\/obhliadnutie-sa-za-sezonou-2020\/#primaryimage"},"thumbnailUrl":"https:\/\/d2p6e6u75xmxt8.cloudfront.net\/4\/2021\/01\/Pogacar-Tour-profimedia-0558807037-CVR.webp","datePublished":"2021-01-11T09:00:19+00:00","author":{"@id":""},"breadcrumb":{"@id":"https:\/\/www.welovecycling.com\/sk\/2021\/01\/11\/obhliadnutie-sa-za-sezonou-2020\/#breadcrumb"},"inLanguage":"sk-SK","potentialAction":[{"@type":"ReadAction","target":["https:\/\/www.welovecycling.com\/sk\/2021\/01\/11\/obhliadnutie-sa-za-sezonou-2020\/"]}]},{"@type":"ImageObject","inLanguage":"sk-SK","@id":"https:\/\/www.welovecycling.com\/sk\/2021\/01\/11\/obhliadnutie-sa-za-sezonou-2020\/#primaryimage","url":"https:\/\/d2p6e6u75xmxt8.cloudfront.net\/4\/2021\/01\/Pogacar-Tour-profimedia-0558807037-CVR.webp","contentUrl":"https:\/\/d2p6e6u75xmxt8.cloudfront.net\/4\/2021\/01\/Pogacar-Tour-profimedia-0558807037-CVR.webp","width":1366,"height":600,"caption":"Tadej Poga\u010dar"},{"@type":"BreadcrumbList","@id":"https:\/\/www.welovecycling.com\/sk\/2021\/01\/11\/obhliadnutie-sa-za-sezonou-2020\/#breadcrumb","itemListElement":[{"@type":"ListItem","position":1,"name":"Home","item":"https:\/\/www.welovecycling.com\/sk\/"},{"@type":"ListItem","position":2,"name":"Obhliadnutie sa za sez\u00f3nou 2020"}]},{"@type":"WebSite","@id":"https:\/\/www.welovecycling.com\/sk\/#website","url":"https:\/\/www.welovecycling.com\/sk\/","name":"\u0160koda We Love Cycling Slovensko","description":"\u0160koda We Love Cycling Slovensko je v\u00e1\u0161 ka\u017edodenn\u00fd zdroj noviniek a in\u0161pir\u00e1cie z sveta cyklistiky","potentialAction":[{"@type":"SearchAction","target":{"@type":"EntryPoint","urlTemplate":"https:\/\/www.welovecycling.com\/sk\/?s={search_term_string}"},"query-input":{"@type":"PropertyValueSpecification","valueRequired":true,"valueName":"search_term_string"}}],"inLanguage":"sk-SK"},{"@type":"Person","@id":"","url":"https:\/\/www.welovecycling.com\/sk\/author\/"}]}},"_links":{"self":[{"href":"https:\/\/www.welovecycling.com\/sk\/wp-json\/wp\/v2\/posts\/11301","targetHints":{"allow":["GET"]}}],"collection":[{"href":"https:\/\/www.welovecycling.com\/sk\/wp-json\/wp\/v2\/posts"}],"about":[{"href":"https:\/\/www.welovecycling.com\/sk\/wp-json\/wp\/v2\/types\/post"}],"author":[{"embeddable":true,"href":"https:\/\/www.welovecycling.com\/sk\/wp-json\/wp\/v2\/users\/81"}],"replies":[{"embeddable":true,"href":"https:\/\/www.welovecycling.com\/sk\/wp-json\/wp\/v2\/comments?post=11301"}],"version-history":[{"count":2,"href":"https:\/\/www.welovecycling.com\/sk\/wp-json\/wp\/v2\/posts\/11301\/revisions"}],"predecessor-version":[{"id":11309,"href":"https:\/\/www.welovecycling.com\/sk\/wp-json\/wp\/v2\/posts\/11301\/revisions\/11309"}],"wp:featuredmedia":[{"embeddable":true,"href":"https:\/\/www.welovecycling.com\/sk\/wp-json\/wp\/v2\/media\/11307"}],"wp:attachment":[{"href":"https:\/\/www.welovecycling.com\/sk\/wp-json\/wp\/v2\/media?parent=11301"}],"wp:term":[{"taxonomy":"category","embeddable":true,"href":"https:\/\/www.welovecycling.com\/sk\/wp-json\/wp\/v2\/categories?post=11301"},{"taxonomy":"post_tag","embeddable":true,"href":"https:\/\/www.welovecycling.com\/sk\/wp-json\/wp\/v2\/tags?post=11301"},{"taxonomy":"global-categories","embeddable":true,"href":"https:\/\/www.welovecycling.com\/sk\/wp-json\/wp\/v2\/global-categories?post=11301"}],"curies":[{"name":"wp","href":"https:\/\/api.w.org\/{rel}","templated":true}]}}