{"id":11292,"date":"2021-01-08T10:00:18","date_gmt":"2021-01-08T09:00:18","guid":{"rendered":"https:\/\/www.welovecycling.com\/sk\/?p=11292"},"modified":"2023-04-12T11:27:57","modified_gmt":"2023-04-12T09:27:57","slug":"davajte-si-pozor-na-cyklisticke-nastrahy-zimy","status":"publish","type":"post","link":"https:\/\/www.welovecycling.com\/sk\/2021\/01\/08\/davajte-si-pozor-na-cyklisticke-nastrahy-zimy\/","title":{"rendered":"D\u00e1vajte si pozor na cyklistick\u00e9 n\u00e1strahy zimy"},"content":{"rendered":"<p><strong>Cyklistika najm\u00e4 v zimnom obdob\u00ed prin\u00e1\u0161a nejednu n\u00e1strahu. Rovnako d\u00f4razne, mo\u017eno aj intenz\u00edvnej\u0161ie, je to potrebn\u00e9 zd\u00f4razni\u0165 pri doch\u00e1dzan\u00ed do pr\u00e1ce alebo prejazde ulicami mesta. Pr\u00e1ve tu sa ukr\u00fdva \u0161irok\u00e1 paleta skryt\u00fdch prekvapen\u00ed, ktor\u00e9 v\u00e1m m\u00f4\u017eu prinies\u0165 ne\u010dakan\u00e9 smutn\u00e9 chv\u00edle.<\/strong><!--more--><\/p>\n<h2><strong>\u010cierny \u013ead<\/strong><\/h2>\n<p>Ur\u010dite sa sami p\u00fdtate, \u010di ide o nejak\u00fd zne\u010disten\u00fd alebo upraven\u00fd \u013ead. Nie. Svoje pomenovanie z\u00edskal pr\u00e1ve kv\u00f4li svojej transparentnosti a tenkej vrstve, ktor\u00fa vytv\u00e1ra najm\u00e4 na cest\u00e1ch a chodn\u00edkoch. <strong>Pre jeho nevidite\u013enos\u0165 je extr\u00e9mne zradn\u00fd.<\/strong> Oproti tak\u00e9mu snehu, namrznutej po\u013eadovici alebo silnej\u0161ej vrstve \u013eadu je skuto\u010dne nepatrn\u00fd. Jeho v\u00fdskyt je podmienen\u00fd po\u010das\u00edm, kedy teploty klesaj\u00fa pod bod mrazu a vzdu\u0161n\u00e1 vlhkos\u0165 sa vyzr\u00e1\u017ea a primrzne na cest\u00e1ch a chodn\u00edkoch. Ke\u010f to najmenej \u010dak\u00e1te, pr\u00edde strata gripu a adh\u00e9zie, \u010do znamen\u00e1, \u017ee sa ur\u00fdchlene budete por\u00fa\u010da\u0165 k zemi.<\/p>\n<figure id=\"attachment_11293\" aria-describedby=\"caption-attachment-11293\" style=\"width: 1250px\" class=\"wp-caption alignnone\"><img loading=\"lazy\" decoding=\"async\" class=\"size-full wp-image-11293\" src=\"https:\/\/d2p6e6u75xmxt8.cloudfront.net\/4\/2021\/01\/Winter-London-profimedia-0112682236.jpg\" alt=\"Winter London\" width=\"1250\" height=\"833\" \/><figcaption id=\"caption-attachment-11293\" class=\"wp-caption-text\">\u010cierny \u013ead v\u00e1s m\u00f4\u017ee prekvapi\u0165 v tom najmenej vhodnom okamihu. \u00a9 Profimedia<\/figcaption><\/figure>\n<p><strong>Ako sa s n\u00edm vysporiada\u0165:<\/strong> Riziko pre cyklistov st\u00fapa v\u017edy, ke\u010f sa po\u010das zimn\u00e9ho obdobia men\u00ed po\u010dasie. Teploty okolo nuly &#8211; \u010di u\u017e nad \u0148ou alebo pod &#8211; s\u00fa relat\u00edvne bezpe\u010dn\u00e9, ale ke\u010f sa pohybuj\u00fa tesne okolo tohto nulov\u00e9ho bodu, pr\u00e1ve vtedy je dobr\u00e9 necha\u0165 bicykel doma. Ak sa aj napriek tomu rozhodnete vyrazi\u0165, pok\u00faste sa venova\u0165 riadeniu bicykla a ostra\u017eitosti o nie\u010do viac \u010dasu. Spoma\u013ete na polovicu be\u017enej r\u00fdchlosti a ak vid\u00edte ak\u00e9ko\u013evek odlesky od cesty, pok\u00faste sa uvo\u013enene balansova\u0165 na bicykli, bez vytv\u00e1rania prudk\u00fdch pohybov alebo brzdenia. Nikdy toti\u017e nesmiete neuv\u00e1\u017eene a r\u00fdchlo brzdi\u0165. Pr\u00e1ve n\u00e1hle preru\u0161enie trakcie znamen\u00e1 okam\u017eit\u00fd \u0161myk a n\u00e1sledn\u00fd p\u00e1d.<\/p>\n<h2><strong>N\u00edzka vidite\u013enos\u0165<\/strong><\/h2>\n<p>Ke\u010f slnko vych\u00e1dza o siedmej a zapad\u00e1 o \u0161tvrtej hodine poobede, mnoho svetla z tohto intervalu nez\u00edskate &#8211; najm\u00e4 ak ho str\u00e1vite v pr\u00e1ci. Cestovanie v \u0161ere alebo tme, najm\u00e4 ak je nad vami temn\u00e1 obloha a pred vami hust\u00e1 hmla, nie je ni\u010d\u00edm p\u00f4sobiv\u00fdm. Mnoho vodi\u010dov, s ktor\u00fdmi budete zdie\u013ea\u0165 vozovku, neraz nepo\u010dk\u00e1, pokia\u013e sa im predn\u00e9 sklo \u00faplne vy\u010dist\u00ed. To znamen\u00e1, \u017ee mus\u00edte po\u010d\u00edta\u0165 aj s ich neskor\u0161\u00edmi reakciami na va\u0161u pr\u00edtomnos\u0165. Jedno pravidlo je preto bezpodmiene\u010dn\u00e9 &#8211; <strong>mus\u00edte by\u0165 viden\u00ed<\/strong>.<\/p>\n<figure id=\"attachment_11294\" aria-describedby=\"caption-attachment-11294\" style=\"width: 1250px\" class=\"wp-caption alignnone\"><img loading=\"lazy\" decoding=\"async\" class=\"size-full wp-image-11294\" src=\"https:\/\/d2p6e6u75xmxt8.cloudfront.net\/4\/2021\/01\/Winter-Night-profimedia-0416593195.jpg\" alt=\"Winter Night\" width=\"1250\" height=\"833\" \/><figcaption id=\"caption-attachment-11294\" class=\"wp-caption-text\">Zimn\u00e9 jazdenie je nebezpe\u010dn\u00e9 najm\u00e4 po\u010das tmav\u00fdch \u010dast\u00ed d\u0148a. \u00a9 Profimedia<\/figcaption><\/figure>\n<p><strong>Ako na to:<\/strong> Vidie\u0165 a by\u0165 viden\u00fd. Prvou vecou s\u00fa svetl\u00e1, ktor\u00e9 nie s\u00fa len pas\u00edvnymi prvkami ako \u201codrazky\u201d alebo reflexn\u00e9 pruhy. Preto nikdy nezab\u00fadajte skontrolova\u0165 stav bat\u00e9ri\u00ed. Umiestnite ich na \u010do najvy\u0161\u0161ie miesto, najlep\u0161ie tak, aby na\u0148 ne\u0161pliechala voda od kolies. Najm\u00e4 v pr\u00edpade zadn\u00e9ho vyu\u017e\u00edvajte m\u00f3d blikaj\u00faceho svetla, ktor\u00e9 je \u013eah\u0161ie spozorovate\u013en\u00e9. \u010eal\u0161ou vecou s\u00fa odrazky a vidite\u013en\u00e9 oble\u010denie &#8211; s reflexn\u00fdmi prvkami alebo v pestr\u00fdch farb\u00e1ch. Ak nos\u00edte vak, aj na \u0148om je dobr\u00e9 umiestni\u0165 si nejak\u00fd ten svetl\u00fd predmet.<\/p>\n<h2><strong>Menej sk\u00fasen\u00ed vodi\u010di<\/strong><\/h2>\n<p>Ke\u010f sme u\u017e pri vodi\u010doch, probl\u00e9mom najm\u00e4 v sviato\u010dnom obdob\u00ed s\u00fa takzvan\u00ed v\u00edkendov\u00ed vodi\u010di, ktor\u00ed po\u010das roka toho ve\u013ea nenajazdia a pr\u00e1ve v zime sa <strong>st\u00e1vaj\u00fa ve\u013ek\u00fdm nebezpe\u010denstvom<\/strong>, predov\u0161etk\u00fdm vo chv\u00ed\u013each, kedy je vozovka v inom stave, ne\u017e na ak\u00fa s\u00fa zvyknut\u00ed po\u010das letn\u00fdch mesiacoch. Ich snaha stihn\u00fa\u0165 posledn\u00e9 otv\u00e1racie hodiny obchodu alebo sa \u010do najr\u00fdchlej\u0161ie premiestni\u0165 za vzdialenou rodinou, m\u00f4\u017eu by\u0165 neraz tragick\u00e9 &#8211; aj ke\u010f nie pr\u00e1ve pre nich samotn\u00fdch. Nedok\u00e1\u017eu toti\u017e predv\u00edda\u0165 situ\u00e1ciu.<\/p>\n<figure id=\"attachment_11295\" aria-describedby=\"caption-attachment-11295\" style=\"width: 1250px\" class=\"wp-caption alignnone\"><img loading=\"lazy\" decoding=\"async\" class=\"size-full wp-image-11295\" src=\"https:\/\/d2p6e6u75xmxt8.cloudfront.net\/4\/2021\/01\/Winter-Cycling-profimedia-0356837703.jpg\" alt=\"Cycling in Winter\" width=\"1250\" height=\"833\" \/><figcaption id=\"caption-attachment-11295\" class=\"wp-caption-text\">Myslite za druh\u00fdch \u00fa\u010dastn\u00edkov prem\u00e1vky &#8211; to je cesta k bezpe\u010dnej jazde. \u00a9 Profimedia<\/figcaption><\/figure>\n<p><strong>Ako na to:<\/strong> Nezabudnite na to, aby ste boli v\u017edy vidite\u013en\u00ed. Rad\u0161ej viac ne\u017e menej. Ak sa budete pok\u00fa\u0161a\u0165 odbo\u010di\u0165 alebo zmeni\u0165 smer jazdy, urobte to tak, aby u\u017e vopred o tom ka\u017ed\u00fd z vodi\u010dov vedel. Nerobte teda \u017eiadne r\u00fdchle pohyby alebo nepredv\u00eddan\u00e9 man\u00e9vre, aj ke\u010f ste na hlavnej. Pou\u017e\u00edvajte svalstvo hlavy a pri ka\u017edej pr\u00edle\u017eitosti sa nezabudnite oto\u010di\u0165 a skontrolova\u0165, ako s\u00fa na tom ostatn\u00ed &#8211; \u010di spoma\u013euj\u00fa, \u010di v\u00e1s niekto neobieha a pod. Netla\u010dte sa pr\u00edli\u0161 na kraj cesty &#8211; je tam mno\u017estvo ne\u010dist\u00f4t a n\u00e1strah, ktor\u00e9 v\u00e1s m\u00f4\u017eu bu\u010fto posla\u0165 k zemi, alebo nechtiac pri \u00fahybnom man\u00e9vri zaberiete tak\u00fd priestor cesty, ktor\u00fd t\u00ed za vami ne\u010dakaj\u00fa.<\/p>\n<h2><strong>Ne\u010distoty od psov a v\u00fdmole<\/strong><\/h2>\n<p>Pod snehom alebo blatom sa <strong>\u010dasto skr\u00fdvaj\u00fa ne\u010distoty<\/strong>, ktor\u00e9 tam zanech\u00e1vaj\u00fa psy a ich nezodpovedn\u00ed majitelia. Nielen\u017ee ide o menej pr\u00edjemn\u00fa sk\u00fasenos\u0165 \u010disti\u0165 to, ale s\u00fa\u010dasne sa vystavujete riziku p\u00e1du na tomto \u0161myk\u013eavom povrchu. Rovnako to plat\u00ed aj pri dierach na chodn\u00edkoch, ktor\u00e9 pod vrstvou snehu alebo naplnen\u00e9 vodou m\u00f4\u017eu vyzera\u0165 ako nevinn\u00e1 ml\u00e1ka, ale taktie\u017e v\u00e1s m\u00f4\u017eu pripravi\u0165 prinajmen\u0161om o vzduch v pl\u00e1\u0161ti.<\/p>\n<p><strong>Ako na to:<\/strong> Pozerajte pred seba. Ak nemus\u00edte, necho\u010fte skratkami a jazdite po tak\u00fdch cest\u00e1ch a chodn\u00edkoch, ktor\u00e9 pozn\u00e1te. Dodato\u010dn\u00e9 svetlo v\u00e1m pom\u00f4\u017ee spozorova\u0165 tiene a v\u00fdstupky na ceste, \u010d\u00edm budeme m\u00f4c\u0165 jednoduch\u0161ie odhadn\u00fa\u0165 predmety a povrchy, ktor\u00e9 sa pred vami nach\u00e1dzaj\u00fa. Zn\u00ed\u017ei\u0165 r\u00fdchlos\u0165 v tomto pr\u00edpade m\u00f4\u017ee pr\u00eds\u0165 vhod.<\/p>\n","protected":false},"excerpt":{"rendered":"<p>Cyklistika najm\u00e4 v zimnom obdob\u00ed prin\u00e1\u0161a nejednu n\u00e1strahu. Rovnako d\u00f4razne, mo\u017eno aj intenz\u00edvnej\u0161ie, je to potrebn\u00e9 zd\u00f4razni\u0165 pri doch\u00e1dzan\u00ed do [&hellip;]<\/p>\n","protected":false},"author":172,"featured_media":11297,"comment_status":"open","ping_status":"open","sticky":false,"template":"","format":"standard","meta":{"footnotes":""},"categories":[57],"tags":[62,559,619,1288,115,385,180,1312,1208,1200,317],"global-categories":[],"class_list":["post-11292","post","type-post","status-publish","format-standard","has-post-thumbnail","hentry","category-bezpecnost","tag-bezpecnost","tag-bicykel","tag-bicyklovanie","tag-bicyklovanie-v-zime","tag-cestna-cyklistika","tag-do-prace-na-bicykli","tag-horska-cyklistika","tag-lad","tag-riziko","tag-sneh","tag-zima"],"yoast_head":"<!-- This site is optimized with the Yoast SEO Premium plugin v25.3 (Yoast SEO v25.9) - https:\/\/yoast.com\/wordpress\/plugins\/seo\/ -->\n<title>D\u00e1vajte si pozor na cyklistick\u00e9 n\u00e1strahy zimy<\/title>\n<meta name=\"description\" content=\"Cyklistika najm\u00e4 v zimnom obdob\u00ed prin\u00e1\u0161a nejednu n\u00e1strahu. Je to potrebn\u00e9 zd\u00f4razni\u0165 pri doch\u00e1dzan\u00ed do pr\u00e1ce alebo prejazde ulicami mesta.\" \/>\n<meta name=\"robots\" content=\"index, follow, max-snippet:-1, max-image-preview:large, max-video-preview:-1\" \/>\n<link rel=\"canonical\" href=\"https:\/\/www.welovecycling.com\/sk\/2021\/01\/08\/davajte-si-pozor-na-cyklisticke-nastrahy-zimy\/\" \/>\n<meta property=\"og:locale\" content=\"sk_SK\" \/>\n<meta property=\"og:type\" content=\"article\" \/>\n<meta property=\"og:title\" content=\"D\u00e1vajte si pozor na cyklistick\u00e9 n\u00e1strahy zimy\" \/>\n<meta property=\"og:description\" content=\"Cyklistika najm\u00e4 v zimnom obdob\u00ed prin\u00e1\u0161a nejednu n\u00e1strahu. Je to potrebn\u00e9 zd\u00f4razni\u0165 pri doch\u00e1dzan\u00ed do pr\u00e1ce alebo prejazde ulicami mesta.\" \/>\n<meta property=\"og:url\" content=\"https:\/\/www.welovecycling.com\/sk\/2021\/01\/08\/davajte-si-pozor-na-cyklisticke-nastrahy-zimy\/\" \/>\n<meta property=\"og:site_name\" content=\"\u0160koda We Love Cycling Slovensko\" \/>\n<meta property=\"article:published_time\" content=\"2021-01-08T09:00:18+00:00\" \/>\n<meta property=\"article:modified_time\" content=\"2023-04-12T09:27:57+00:00\" \/>\n<meta property=\"og:image\" content=\"https:\/\/d2p6e6u75xmxt8.cloudfront.net\/4\/2021\/01\/Winter-Cycling-CVR-profimedia-0050654480.webp\" \/>\n\t<meta property=\"og:image:width\" content=\"1366\" \/>\n\t<meta property=\"og:image:height\" content=\"600\" \/>\n\t<meta property=\"og:image:type\" content=\"image\/webp\" \/>\n<meta name=\"author\" content=\"dominika\" \/>\n<meta name=\"twitter:card\" content=\"summary_large_image\" \/>\n<meta name=\"twitter:label1\" content=\"Written by\" \/>\n\t<meta name=\"twitter:data1\" content=\"Adam Marsal\" \/>\n\t<meta name=\"twitter:label2\" content=\"Est. reading time\" \/>\n\t<meta name=\"twitter:data2\" content=\"7\" \/>\n<script type=\"application\/ld+json\" class=\"yoast-schema-graph\">{\"@context\":\"https:\/\/schema.org\",\"@graph\":[{\"@type\":\"WebPage\",\"@id\":\"https:\/\/www.welovecycling.com\/sk\/2021\/01\/08\/davajte-si-pozor-na-cyklisticke-nastrahy-zimy\/\",\"url\":\"https:\/\/www.welovecycling.com\/sk\/2021\/01\/08\/davajte-si-pozor-na-cyklisticke-nastrahy-zimy\/\",\"name\":\"D\u00e1vajte si pozor na cyklistick\u00e9 n\u00e1strahy zimy\",\"isPartOf\":{\"@id\":\"https:\/\/www.welovecycling.com\/sk\/#website\"},\"primaryImageOfPage\":{\"@id\":\"https:\/\/www.welovecycling.com\/sk\/2021\/01\/08\/davajte-si-pozor-na-cyklisticke-nastrahy-zimy\/#primaryimage\"},\"image\":{\"@id\":\"https:\/\/www.welovecycling.com\/sk\/2021\/01\/08\/davajte-si-pozor-na-cyklisticke-nastrahy-zimy\/#primaryimage\"},\"thumbnailUrl\":\"https:\/\/d2p6e6u75xmxt8.cloudfront.net\/4\/2021\/01\/Winter-Cycling-CVR-profimedia-0050654480.webp\",\"datePublished\":\"2021-01-08T09:00:18+00:00\",\"dateModified\":\"2023-04-12T09:27:57+00:00\",\"author\":{\"@id\":\"https:\/\/www.welovecycling.com\/sk\/#\/schema\/person\/533b62b98b6c41bd5135ebfb1f742624\"},\"description\":\"Cyklistika najm\u00e4 v zimnom obdob\u00ed prin\u00e1\u0161a nejednu n\u00e1strahu. Je to potrebn\u00e9 zd\u00f4razni\u0165 pri doch\u00e1dzan\u00ed do pr\u00e1ce alebo prejazde ulicami mesta.\",\"breadcrumb\":{\"@id\":\"https:\/\/www.welovecycling.com\/sk\/2021\/01\/08\/davajte-si-pozor-na-cyklisticke-nastrahy-zimy\/#breadcrumb\"},\"inLanguage\":\"sk-SK\",\"potentialAction\":[{\"@type\":\"ReadAction\",\"target\":[\"https:\/\/www.welovecycling.com\/sk\/2021\/01\/08\/davajte-si-pozor-na-cyklisticke-nastrahy-zimy\/\"]}]},{\"@type\":\"ImageObject\",\"inLanguage\":\"sk-SK\",\"@id\":\"https:\/\/www.welovecycling.com\/sk\/2021\/01\/08\/davajte-si-pozor-na-cyklisticke-nastrahy-zimy\/#primaryimage\",\"url\":\"https:\/\/d2p6e6u75xmxt8.cloudfront.net\/4\/2021\/01\/Winter-Cycling-CVR-profimedia-0050654480.webp\",\"contentUrl\":\"https:\/\/d2p6e6u75xmxt8.cloudfront.net\/4\/2021\/01\/Winter-Cycling-CVR-profimedia-0050654480.webp\",\"width\":1366,\"height\":600,\"caption\":\"Cycling in Winter\"},{\"@type\":\"BreadcrumbList\",\"@id\":\"https:\/\/www.welovecycling.com\/sk\/2021\/01\/08\/davajte-si-pozor-na-cyklisticke-nastrahy-zimy\/#breadcrumb\",\"itemListElement\":[{\"@type\":\"ListItem\",\"position\":1,\"name\":\"Home\",\"item\":\"https:\/\/www.welovecycling.com\/sk\/\"},{\"@type\":\"ListItem\",\"position\":2,\"name\":\"D\u00e1vajte si pozor na cyklistick\u00e9 n\u00e1strahy zimy\"}]},{\"@type\":\"WebSite\",\"@id\":\"https:\/\/www.welovecycling.com\/sk\/#website\",\"url\":\"https:\/\/www.welovecycling.com\/sk\/\",\"name\":\"\u0160koda We Love Cycling Slovensko\",\"description\":\"\u0160koda We Love Cycling Slovensko je v\u00e1\u0161 ka\u017edodenn\u00fd zdroj noviniek a in\u0161pir\u00e1cie z sveta cyklistiky\",\"potentialAction\":[{\"@type\":\"SearchAction\",\"target\":{\"@type\":\"EntryPoint\",\"urlTemplate\":\"https:\/\/www.welovecycling.com\/sk\/?s={search_term_string}\"},\"query-input\":{\"@type\":\"PropertyValueSpecification\",\"valueRequired\":true,\"valueName\":\"search_term_string\"}}],\"inLanguage\":\"sk-SK\"},{\"@type\":\"Person\",\"@id\":\"https:\/\/www.welovecycling.com\/sk\/#\/schema\/person\/533b62b98b6c41bd5135ebfb1f742624\",\"name\":\"dominika\",\"image\":{\"@type\":\"ImageObject\",\"inLanguage\":\"sk-SK\",\"@id\":\"https:\/\/www.welovecycling.com\/sk\/#\/schema\/person\/image\/\",\"url\":\"https:\/\/secure.gravatar.com\/avatar\/ded6f274ba2ec3e17fff153f7d9d96a4b33c2cb63907f75d9a5309c599a7f3e6?s=96&d=mm&r=g\",\"contentUrl\":\"https:\/\/secure.gravatar.com\/avatar\/ded6f274ba2ec3e17fff153f7d9d96a4b33c2cb63907f75d9a5309c599a7f3e6?s=96&d=mm&r=g\",\"caption\":\"dominika\"},\"url\":\"https:\/\/www.welovecycling.com\/sk\/author\/dominika\/\"}]}<\/script>\n<!-- \/ Yoast SEO Premium plugin. -->","yoast_head_json":{"title":"D\u00e1vajte si pozor na cyklistick\u00e9 n\u00e1strahy zimy","description":"Cyklistika najm\u00e4 v zimnom obdob\u00ed prin\u00e1\u0161a nejednu n\u00e1strahu. Je to potrebn\u00e9 zd\u00f4razni\u0165 pri doch\u00e1dzan\u00ed do pr\u00e1ce alebo prejazde ulicami mesta.","robots":{"index":"index","follow":"follow","max-snippet":"max-snippet:-1","max-image-preview":"max-image-preview:large","max-video-preview":"max-video-preview:-1"},"canonical":"https:\/\/www.welovecycling.com\/sk\/2021\/01\/08\/davajte-si-pozor-na-cyklisticke-nastrahy-zimy\/","og_locale":"sk_SK","og_type":"article","og_title":"D\u00e1vajte si pozor na cyklistick\u00e9 n\u00e1strahy zimy","og_description":"Cyklistika najm\u00e4 v zimnom obdob\u00ed prin\u00e1\u0161a nejednu n\u00e1strahu. Je to potrebn\u00e9 zd\u00f4razni\u0165 pri doch\u00e1dzan\u00ed do pr\u00e1ce alebo prejazde ulicami mesta.","og_url":"https:\/\/www.welovecycling.com\/sk\/2021\/01\/08\/davajte-si-pozor-na-cyklisticke-nastrahy-zimy\/","og_site_name":"\u0160koda We Love Cycling Slovensko","article_published_time":"2021-01-08T09:00:18+00:00","article_modified_time":"2023-04-12T09:27:57+00:00","og_image":[{"width":1366,"height":600,"url":"https:\/\/d2p6e6u75xmxt8.cloudfront.net\/4\/2021\/01\/Winter-Cycling-CVR-profimedia-0050654480.webp","type":"image\/webp"}],"author":"dominika","twitter_card":"summary_large_image","twitter_misc":{"Written by":"Adam Marsal","Est. reading time":"7"},"schema":{"@context":"https:\/\/schema.org","@graph":[{"@type":"WebPage","@id":"https:\/\/www.welovecycling.com\/sk\/2021\/01\/08\/davajte-si-pozor-na-cyklisticke-nastrahy-zimy\/","url":"https:\/\/www.welovecycling.com\/sk\/2021\/01\/08\/davajte-si-pozor-na-cyklisticke-nastrahy-zimy\/","name":"D\u00e1vajte si pozor na cyklistick\u00e9 n\u00e1strahy zimy","isPartOf":{"@id":"https:\/\/www.welovecycling.com\/sk\/#website"},"primaryImageOfPage":{"@id":"https:\/\/www.welovecycling.com\/sk\/2021\/01\/08\/davajte-si-pozor-na-cyklisticke-nastrahy-zimy\/#primaryimage"},"image":{"@id":"https:\/\/www.welovecycling.com\/sk\/2021\/01\/08\/davajte-si-pozor-na-cyklisticke-nastrahy-zimy\/#primaryimage"},"thumbnailUrl":"https:\/\/d2p6e6u75xmxt8.cloudfront.net\/4\/2021\/01\/Winter-Cycling-CVR-profimedia-0050654480.webp","datePublished":"2021-01-08T09:00:18+00:00","dateModified":"2023-04-12T09:27:57+00:00","author":{"@id":"https:\/\/www.welovecycling.com\/sk\/#\/schema\/person\/533b62b98b6c41bd5135ebfb1f742624"},"description":"Cyklistika najm\u00e4 v zimnom obdob\u00ed prin\u00e1\u0161a nejednu n\u00e1strahu. Je to potrebn\u00e9 zd\u00f4razni\u0165 pri doch\u00e1dzan\u00ed do pr\u00e1ce alebo prejazde ulicami mesta.","breadcrumb":{"@id":"https:\/\/www.welovecycling.com\/sk\/2021\/01\/08\/davajte-si-pozor-na-cyklisticke-nastrahy-zimy\/#breadcrumb"},"inLanguage":"sk-SK","potentialAction":[{"@type":"ReadAction","target":["https:\/\/www.welovecycling.com\/sk\/2021\/01\/08\/davajte-si-pozor-na-cyklisticke-nastrahy-zimy\/"]}]},{"@type":"ImageObject","inLanguage":"sk-SK","@id":"https:\/\/www.welovecycling.com\/sk\/2021\/01\/08\/davajte-si-pozor-na-cyklisticke-nastrahy-zimy\/#primaryimage","url":"https:\/\/d2p6e6u75xmxt8.cloudfront.net\/4\/2021\/01\/Winter-Cycling-CVR-profimedia-0050654480.webp","contentUrl":"https:\/\/d2p6e6u75xmxt8.cloudfront.net\/4\/2021\/01\/Winter-Cycling-CVR-profimedia-0050654480.webp","width":1366,"height":600,"caption":"Cycling in Winter"},{"@type":"BreadcrumbList","@id":"https:\/\/www.welovecycling.com\/sk\/2021\/01\/08\/davajte-si-pozor-na-cyklisticke-nastrahy-zimy\/#breadcrumb","itemListElement":[{"@type":"ListItem","position":1,"name":"Home","item":"https:\/\/www.welovecycling.com\/sk\/"},{"@type":"ListItem","position":2,"name":"D\u00e1vajte si pozor na cyklistick\u00e9 n\u00e1strahy zimy"}]},{"@type":"WebSite","@id":"https:\/\/www.welovecycling.com\/sk\/#website","url":"https:\/\/www.welovecycling.com\/sk\/","name":"\u0160koda We Love Cycling Slovensko","description":"\u0160koda We Love Cycling Slovensko je v\u00e1\u0161 ka\u017edodenn\u00fd zdroj noviniek a in\u0161pir\u00e1cie z sveta cyklistiky","potentialAction":[{"@type":"SearchAction","target":{"@type":"EntryPoint","urlTemplate":"https:\/\/www.welovecycling.com\/sk\/?s={search_term_string}"},"query-input":{"@type":"PropertyValueSpecification","valueRequired":true,"valueName":"search_term_string"}}],"inLanguage":"sk-SK"},{"@type":"Person","@id":"https:\/\/www.welovecycling.com\/sk\/#\/schema\/person\/533b62b98b6c41bd5135ebfb1f742624","name":"dominika","image":{"@type":"ImageObject","inLanguage":"sk-SK","@id":"https:\/\/www.welovecycling.com\/sk\/#\/schema\/person\/image\/","url":"https:\/\/secure.gravatar.com\/avatar\/ded6f274ba2ec3e17fff153f7d9d96a4b33c2cb63907f75d9a5309c599a7f3e6?s=96&d=mm&r=g","contentUrl":"https:\/\/secure.gravatar.com\/avatar\/ded6f274ba2ec3e17fff153f7d9d96a4b33c2cb63907f75d9a5309c599a7f3e6?s=96&d=mm&r=g","caption":"dominika"},"url":"https:\/\/www.welovecycling.com\/sk\/author\/dominika\/"}]}},"_links":{"self":[{"href":"https:\/\/www.welovecycling.com\/sk\/wp-json\/wp\/v2\/posts\/11292","targetHints":{"allow":["GET"]}}],"collection":[{"href":"https:\/\/www.welovecycling.com\/sk\/wp-json\/wp\/v2\/posts"}],"about":[{"href":"https:\/\/www.welovecycling.com\/sk\/wp-json\/wp\/v2\/types\/post"}],"author":[{"embeddable":true,"href":"https:\/\/www.welovecycling.com\/sk\/wp-json\/wp\/v2\/users\/172"}],"replies":[{"embeddable":true,"href":"https:\/\/www.welovecycling.com\/sk\/wp-json\/wp\/v2\/comments?post=11292"}],"version-history":[{"count":2,"href":"https:\/\/www.welovecycling.com\/sk\/wp-json\/wp\/v2\/posts\/11292\/revisions"}],"predecessor-version":[{"id":11300,"href":"https:\/\/www.welovecycling.com\/sk\/wp-json\/wp\/v2\/posts\/11292\/revisions\/11300"}],"wp:featuredmedia":[{"embeddable":true,"href":"https:\/\/www.welovecycling.com\/sk\/wp-json\/wp\/v2\/media\/11297"}],"wp:attachment":[{"href":"https:\/\/www.welovecycling.com\/sk\/wp-json\/wp\/v2\/media?parent=11292"}],"wp:term":[{"taxonomy":"category","embeddable":true,"href":"https:\/\/www.welovecycling.com\/sk\/wp-json\/wp\/v2\/categories?post=11292"},{"taxonomy":"post_tag","embeddable":true,"href":"https:\/\/www.welovecycling.com\/sk\/wp-json\/wp\/v2\/tags?post=11292"},{"taxonomy":"global-categories","embeddable":true,"href":"https:\/\/www.welovecycling.com\/sk\/wp-json\/wp\/v2\/global-categories?post=11292"}],"curies":[{"name":"wp","href":"https:\/\/api.w.org\/{rel}","templated":true}]}}