{"id":11276,"date":"2021-01-04T10:00:36","date_gmt":"2021-01-04T09:00:36","guid":{"rendered":"https:\/\/www.welovecycling.com\/sk\/?p=11276"},"modified":"2023-04-13T09:42:12","modified_gmt":"2023-04-13T07:42:12","slug":"preco-je-jedna-dlha-jazda-lepsia-ako-dve-kratke","status":"publish","type":"post","link":"https:\/\/www.welovecycling.com\/sk\/2021\/01\/04\/preco-je-jedna-dlha-jazda-lepsia-ako-dve-kratke\/","title":{"rendered":"Pre\u010do je jedna dlh\u00e1 jazda lep\u0161ia ako dve kr\u00e1tke"},"content":{"rendered":"<p><strong>Diskutovali sme u\u017e o krat\u0161\u00edch v\u00fdjazdoch. Existuj\u00fa ale zauj\u00edmav\u00e9 argumenty aj pre variantu, akou je dlh\u0161\u00ed v\u00fdjazd. Pozrime sa, kto a kedy by mal \u00eds\u0165 na dlh\u00fd v\u00fdjazd namiesto toho, aby si ho rozdelil na dve krat\u0161ie \u010dasti.<\/strong><\/p>\n<p><!--more--><br \/>\nPredt\u00fdm, ako za\u010dneme uv\u00e1dza\u0165 argumenty, pre\u010do sa oplat\u00ed zahrn\u00fa\u0165 do tr\u00e9ningu jeden dlh\u00fd v\u00fdjazd, povedzme si prav\u00fd d\u00f4vod, pre\u010do to rob\u00ed v\u00e4\u010d\u0161ina cyklistick\u00fdch nad\u0161encov. <strong>Preto\u017ee je to z\u00e1bavn\u00e9!<\/strong> \u00cds\u0165 na celodenn\u00fd v\u00fdjazd m\u00f4\u017ee by\u0165 ve\u013ek\u00e1 z\u00e1bava. Kone\u010dne sa dostanete k tomu, aby ste dostato\u010dne presk\u00famali svoje okolie, po ceste si doprajete oddych pri dobrej k\u00e1ve a po n\u00e1vrate m\u00e1te pocit \u00faspechu a pr\u00edjemnej \u00fanavy. Uk\u00e1zalo sa v\u0161ak, \u017ee absolvovanie napr\u00edklad jednej 5-hodinovej jazdy namiesto dvoch samostatn\u00fdch 2,5-hodinov\u00fdch j\u00e1zd m\u00e1 aj \u010fal\u0161ie v\u00fdhody.<\/p>\n<figure id=\"attachment_11277\" aria-describedby=\"caption-attachment-11277\" style=\"width: 1024px\" class=\"wp-caption alignnone\"><a href=\"https:\/\/d2p6e6u75xmxt8.cloudfront.net\/2\/2020\/12\/Cyclists-ride-profimedia-0511465814.jpg\"><img loading=\"lazy\" decoding=\"async\" class=\"wp-image-11277 size-large\" src=\"https:\/\/d2p6e6u75xmxt8.cloudfront.net\/4\/2021\/01\/Cyclists-ride-profimedia-0511465814-1024x682.jpg\" alt=\"Cyclists in nature\" width=\"1024\" height=\"682\" \/><\/a><figcaption id=\"caption-attachment-11277\" class=\"wp-caption-text\">Jeden dlh\u00fd v\u00fdjazd poskytuje ve\u013ea z\u00e1bavy a pozn\u00e1vania svojho okolia. \u00a9 Profimedia<\/figcaption><\/figure>\n<h2><strong>Skontroluje stav a v\u00fdbavu bicykla<\/strong><\/h2>\n<p>Dlh\u00e9 jazdy s\u00fa obzvl\u00e1\u0161\u0165 dobr\u00e9, ak chcete poriadne <strong>otestova\u0165 svoj bicykel a vysk\u00fa\u0161a\u0165 nov\u00e9 komponenty<\/strong>. Probl\u00e9my, ktor\u00e9 po\u010das 2,5-hodinovej jazdy nemus\u00edte poci\u0165ova\u0165, m\u00f4\u017eu by\u0165 ve\u013emi problematick\u00e9, ak zdvojn\u00e1sob\u00edte \u010das v sedle. M\u00f4\u017ee sa u v\u00e1s objavi\u0165 boles\u0165 v oblasti kr\u010dnej chrbtice, znecitlivenie r\u00fak alebo p\u00e1lenie v noh\u00e1ch. Zaradenie dlhej jazdy na bicykli do tr\u00e9ningov\u00e9ho pl\u00e1nu v\u00e1m pom\u00f4\u017ee identifikova\u0165 tieto probl\u00e9my a m\u00f4\u017eete ich eliminova\u0165 pred svojimi ve\u013ek\u00fdmi pretekmi.<\/p>\n<div class=\"shortcode-ys-post-pinup\"><article class=\"loop-simple post-10367 post type-post status-publish format-standard has-post-thumbnail hentry category-odporucame tag-bicyklovanie tag-cestna-cyklistika tag-cyklo-jedlo tag-cyklorodinka tag-defekt tag-energia tag-horska-cyklistika tag-jedlo tag-naradie tag-oblecenie tag-peniaze tag-pitny-rezim tag-voda tag-vyjazd tag-vylet tag-vyziva tag-zdravie global-categories-cycling\" data-postid=\"10367\" role=\"article\" data-post-id=\"10367\" data-word-count=\"448\" data-headline-length=\"54\" data-category=\"Odpor\u00fa\u010dame\" data-global-category=\"Cycling\" data-author=\"Radovan Vr\u0161ka\" data-published=\"2020-07-29T10:00:51+02:00\" data-published-day=\"Wednesday\">\n    <div class=\"entry-thumbnail article-thumbnail\" content=\"https:\/\/d2p6e6u75xmxt8.cloudfront.net\/4\/2020\/07\/vyjazd_00-150x150.webp\"><a href=\"https:\/\/www.welovecycling.com\/sk\/2020\/07\/29\/co-si-nezabudnut-vziat-na-vyjazd-poradime-vam\/\" class=\"image-holder\" target=\"_self\"><img decoding=\"async\" loading=\"lazy\" class=\"\" src=\"https:\/\/d2p6e6u75xmxt8.cloudfront.net\/4\/2020\/07\/vyjazd_00-1024x445.webp\" srcset=\"https:\/\/d2p6e6u75xmxt8.cloudfront.net\/4\/2020\/07\/vyjazd_00.webp 1380w, https:\/\/d2p6e6u75xmxt8.cloudfront.net\/4\/2020\/07\/vyjazd_00-300x130.webp 300w, https:\/\/d2p6e6u75xmxt8.cloudfront.net\/4\/2020\/07\/vyjazd_00-1024x445.webp 1024w, https:\/\/d2p6e6u75xmxt8.cloudfront.net\/4\/2020\/07\/vyjazd_00-768x334.webp 768w\" width=\"1024\" height=\"445\" sizes=\"auto, (min-width: 1200px) 460px, (min-width: 768px) 38vw, 100vw\" alt=\"co-si-nezabudnut-vziat-na-vyjazd-poradime-vam\"\/><\/a><\/div>    <div class=\"entry-meta\">\n        <a class=\"label label-secondary post-category\" href=\"https:\/\/www.welovecycling.com\/sk\/category\/odporucame\/\" title=\"Odpor\u00fa\u010dame\">Odpor\u00fa\u010dame<\/a>\n    <\/div>\n    <div class=\"entry-details\">\n        <a href=\"https:\/\/www.welovecycling.com\/sk\/2020\/07\/29\/co-si-nezabudnut-vziat-na-vyjazd-poradime-vam\/\" class='entry-title-wrapper'>\n            <h3 class=\"entry-title\"><span>\u010co si nezabudn\u00fa\u0165 vzia\u0165 na v\u00fdjazd? Porad\u00edme v\u00e1m.<\/span><\/h3>\n        <\/a>\n    <\/div>\n    <\/article>\n<\/div>\n<h2><strong>Cvi\u010dte jedenie a pitie na bicykli<\/strong><\/h2>\n<p>Rovnako ako v\u00e1\u0161 bicykel, aj va\u0161a strat\u00e9gia, ktor\u00fa pl\u00e1nujete pou\u017ei\u0165 po\u010das pretekov, by mala by\u0165 poriadne vysk\u00fa\u0161an\u00e1. Jazda dlh\u00e1 5 hod\u00edn m\u00f4\u017ee <strong>odhali\u0165 r\u00f4zne probl\u00e9my<\/strong>. Ak m\u00e1lo hydratujete alebo nejete, nemus\u00edte po\u010das 2,5-hodinov\u00e9ho v\u00fdjazdu poci\u0165ova\u0165 \u017eiadne probl\u00e9my. Ak v\u0161ak tieto veci podcen\u00edte pri ove\u013ea dlh\u0161ej jazde, m\u00f4\u017ee to ma\u0165 pre v\u00e1s nepriazniv\u00e9 n\u00e1sledky. Cvi\u010denie stravovania sa na bicykli po\u010das dlh\u0161\u00edch v\u00fdjazdov v\u00e1s tie\u017e nau\u010d\u00ed, ak\u00e9 jedl\u00e1 v\u00e1\u0161 \u017eal\u00fadok pri \u00fanave toleruje. Tieto lekcie sa jednoducho nem\u00f4\u017eete nau\u010di\u0165 po\u010das krat\u0161\u00edch j\u00e1zd.<\/p>\n<figure id=\"attachment_11278\" aria-describedby=\"caption-attachment-11278\" style=\"width: 1024px\" class=\"wp-caption alignnone\"><a href=\"https:\/\/d2p6e6u75xmxt8.cloudfront.net\/2\/2020\/12\/Eating-profimedia-0452373444.jpg\"><img loading=\"lazy\" decoding=\"async\" class=\"size-large wp-image-11278\" src=\"https:\/\/d2p6e6u75xmxt8.cloudfront.net\/4\/2021\/01\/Eating-profimedia-0452373444-1024x576.jpg\" alt=\"Eating on bike\" width=\"1024\" height=\"576\" \/><\/a><figcaption id=\"caption-attachment-11278\" class=\"wp-caption-text\">Precvi\u010dte si stravovanie na bicykli. \u00a9 Profimedia<\/figcaption><\/figure>\n<h2><strong>Budujte psychick\u00fa odolnos\u0165<\/strong><\/h2>\n<p>Dlh\u00e9 jazdy na bicykli m\u00f4\u017eu by\u0165 ve\u013emi u\u017eito\u010dn\u00e9 pri budovan\u00ed psychickej odolnosti. Jedna vec je by\u0165 fyzicky tvrd\u00fd a dobre pripraven\u00fd, ale ke\u010f naraz\u00edte na neo\u010dak\u00e1van\u00fd probl\u00e9m alebo za\u017eijete pr\u00edli\u0161 ve\u013ea nepr\u00edjemnost\u00ed, <strong>bude v\u00e1s dr\u017ea\u0165 iba va\u0161e odhodlanie<\/strong>. Dlh\u00e9 jazdy otestuj\u00fa va\u0161u v\u00f4\u013eu pri extr\u00e9mnej \u00fanave, po\u010das siln\u00e9ho protivetra, ke\u010f budete skuto\u010dne unaven\u00ed, ke\u010f zmoknete, aj ke\u010f v\u00e1m bude pr\u00edli\u0161 hor\u00faco alebo pr\u00edli\u0161 chladno. V\u010faka v\u0161etk\u00fdm t\u00fdmto sk\u00fasenostiam budete v pretekoch psychicky dobre pripraven\u00ed. Krat\u0161ie jazdy poskytuj\u00fa ove\u013ea menej tak\u00fdchto pr\u00edle\u017eitost\u00ed.<\/p>\n<h2><strong>Nie je jasn\u00fd v\u00ed\u0165az<\/strong><\/h2>\n<p>Ak ste si pre\u010d\u00edtali tento \u010dl\u00e1nok, mo\u017eno ste uh\u00e1dli, \u017ee v tejto <strong>problematike sa ned\u00e1 ur\u010di\u0165 jasn\u00fd v\u00ed\u0165az<\/strong>. Dve krat\u0161ie jazdy, aj jedna dlh\u00e1 jazda maj\u00fa svoje v\u00fdhody a \u0161pecifick\u00e9 probl\u00e9my a obe by mali ma\u0165 miesto vo va\u0161om reperto\u00e1ri cyklistick\u00fdch tr\u00e9ningov. M\u00f4\u017eete ich strieda\u0165 a vyu\u017ei\u0165 jeden v\u00edkend na skuto\u010dne dlh\u00fa jazdu, pri ktorej si otestujete svoje stravovanie, nastavenie bicykla, popracujete na psychickej odolnosti a bicyklovanie si u\u017eijete ako dobrodru\u017estvo. A \u010fal\u0161\u00ed v\u00edkend m\u00f4\u017eete absolvova\u0165 dve krat\u0161ie jazdy a vylep\u0161i\u0165 svoje tr\u00e9ningov\u00e9 zru\u010dnosti.<\/p>\n","protected":false},"excerpt":{"rendered":"<p>Diskutovali sme u\u017e o krat\u0161\u00edch v\u00fdjazdoch. Existuj\u00fa ale zauj\u00edmav\u00e9 argumenty aj pre variantu, akou je dlh\u0161\u00ed v\u00fdjazd. Pozrime sa, kto [&hellip;]<\/p>\n","protected":false},"author":172,"featured_media":11280,"comment_status":"open","ping_status":"open","sticky":false,"template":"","format":"standard","meta":{"footnotes":""},"categories":[2],"tags":[619,115,1310,1307,180,532,41,767,55,318,508,183,161,623],"global-categories":[],"class_list":["post-11276","post","type-post","status-publish","format-standard","has-post-thumbnail","hentry","category-zdravie-trening","tag-bicyklovanie","tag-cestna-cyklistika","tag-dlhy-vyjazd","tag-domaci-trening","tag-horska-cyklistika","tag-jazdenie","tag-kratka-trat","tag-motivacia","tag-trening","tag-vyjazd","tag-vylet","tag-zabava","tag-zdravie","tag-zdravy-zivotny-styl"],"yoast_head":"<!-- This site is optimized with the Yoast SEO Premium plugin v25.3 (Yoast SEO v25.9) - https:\/\/yoast.com\/wordpress\/plugins\/seo\/ -->\n<title>Pre\u010do je jedna dlh\u00e1 jazda lep\u0161ia ako dve kr\u00e1tke<\/title>\n<meta name=\"description\" content=\"Pozrime sa spolu na to, kto a kedy by mal \u00eds\u0165 na dlh\u00fd v\u00fdjazd namiesto toho, aby si ho rozdelil na dve krat\u0161ie \u010dasti.\" \/>\n<meta name=\"robots\" content=\"index, follow, max-snippet:-1, max-image-preview:large, max-video-preview:-1\" \/>\n<link rel=\"canonical\" href=\"https:\/\/www.welovecycling.com\/sk\/2021\/01\/04\/preco-je-jedna-dlha-jazda-lepsia-ako-dve-kratke\/\" \/>\n<meta property=\"og:locale\" content=\"sk_SK\" \/>\n<meta property=\"og:type\" content=\"article\" \/>\n<meta property=\"og:title\" content=\"Pre\u010do je jedna dlh\u00e1 jazda lep\u0161ia ako dve kr\u00e1tke\" \/>\n<meta property=\"og:description\" content=\"Pozrime sa spolu na to, kto a kedy by mal \u00eds\u0165 na dlh\u00fd v\u00fdjazd namiesto toho, aby si ho rozdelil na dve krat\u0161ie \u010dasti.\" \/>\n<meta property=\"og:url\" content=\"https:\/\/www.welovecycling.com\/sk\/2021\/01\/04\/preco-je-jedna-dlha-jazda-lepsia-ako-dve-kratke\/\" \/>\n<meta property=\"og:site_name\" content=\"\u0160koda We Love Cycling Slovensko\" \/>\n<meta property=\"article:published_time\" content=\"2021-01-04T09:00:36+00:00\" \/>\n<meta property=\"article:modified_time\" content=\"2023-04-13T07:42:12+00:00\" \/>\n<meta property=\"og:image\" content=\"https:\/\/d2p6e6u75xmxt8.cloudfront.net\/4\/2021\/01\/Winter-cyclist-MTB-profimedia-0570651608-CVR.webp\" \/>\n\t<meta property=\"og:image:width\" content=\"1366\" \/>\n\t<meta property=\"og:image:height\" content=\"600\" \/>\n\t<meta property=\"og:image:type\" content=\"image\/webp\" \/>\n<meta name=\"author\" content=\"dominika\" \/>\n<meta name=\"twitter:card\" content=\"summary_large_image\" \/>\n<meta name=\"twitter:label1\" content=\"Written by\" \/>\n\t<meta name=\"twitter:data1\" content=\"Radovan Vr\u0161ka\" \/>\n\t<meta name=\"twitter:label2\" content=\"Est. reading time\" \/>\n\t<meta name=\"twitter:data2\" content=\"4\" \/>\n<script type=\"application\/ld+json\" class=\"yoast-schema-graph\">{\"@context\":\"https:\/\/schema.org\",\"@graph\":[{\"@type\":\"WebPage\",\"@id\":\"https:\/\/www.welovecycling.com\/sk\/2021\/01\/04\/preco-je-jedna-dlha-jazda-lepsia-ako-dve-kratke\/\",\"url\":\"https:\/\/www.welovecycling.com\/sk\/2021\/01\/04\/preco-je-jedna-dlha-jazda-lepsia-ako-dve-kratke\/\",\"name\":\"Pre\u010do je jedna dlh\u00e1 jazda lep\u0161ia ako dve kr\u00e1tke\",\"isPartOf\":{\"@id\":\"https:\/\/www.welovecycling.com\/sk\/#website\"},\"primaryImageOfPage\":{\"@id\":\"https:\/\/www.welovecycling.com\/sk\/2021\/01\/04\/preco-je-jedna-dlha-jazda-lepsia-ako-dve-kratke\/#primaryimage\"},\"image\":{\"@id\":\"https:\/\/www.welovecycling.com\/sk\/2021\/01\/04\/preco-je-jedna-dlha-jazda-lepsia-ako-dve-kratke\/#primaryimage\"},\"thumbnailUrl\":\"https:\/\/d2p6e6u75xmxt8.cloudfront.net\/4\/2021\/01\/Winter-cyclist-MTB-profimedia-0570651608-CVR.webp\",\"datePublished\":\"2021-01-04T09:00:36+00:00\",\"dateModified\":\"2023-04-13T07:42:12+00:00\",\"author\":{\"@id\":\"https:\/\/www.welovecycling.com\/sk\/#\/schema\/person\/533b62b98b6c41bd5135ebfb1f742624\"},\"description\":\"Pozrime sa spolu na to, kto a kedy by mal \u00eds\u0165 na dlh\u00fd v\u00fdjazd namiesto toho, aby si ho rozdelil na dve krat\u0161ie \u010dasti.\",\"breadcrumb\":{\"@id\":\"https:\/\/www.welovecycling.com\/sk\/2021\/01\/04\/preco-je-jedna-dlha-jazda-lepsia-ako-dve-kratke\/#breadcrumb\"},\"inLanguage\":\"sk-SK\",\"potentialAction\":[{\"@type\":\"ReadAction\",\"target\":[\"https:\/\/www.welovecycling.com\/sk\/2021\/01\/04\/preco-je-jedna-dlha-jazda-lepsia-ako-dve-kratke\/\"]}]},{\"@type\":\"ImageObject\",\"inLanguage\":\"sk-SK\",\"@id\":\"https:\/\/www.welovecycling.com\/sk\/2021\/01\/04\/preco-je-jedna-dlha-jazda-lepsia-ako-dve-kratke\/#primaryimage\",\"url\":\"https:\/\/d2p6e6u75xmxt8.cloudfront.net\/4\/2021\/01\/Winter-cyclist-MTB-profimedia-0570651608-CVR.webp\",\"contentUrl\":\"https:\/\/d2p6e6u75xmxt8.cloudfront.net\/4\/2021\/01\/Winter-cyclist-MTB-profimedia-0570651608-CVR.webp\",\"width\":1366,\"height\":600,\"caption\":\"Ride in winter\"},{\"@type\":\"BreadcrumbList\",\"@id\":\"https:\/\/www.welovecycling.com\/sk\/2021\/01\/04\/preco-je-jedna-dlha-jazda-lepsia-ako-dve-kratke\/#breadcrumb\",\"itemListElement\":[{\"@type\":\"ListItem\",\"position\":1,\"name\":\"Home\",\"item\":\"https:\/\/www.welovecycling.com\/sk\/\"},{\"@type\":\"ListItem\",\"position\":2,\"name\":\"Pre\u010do je jedna dlh\u00e1 jazda lep\u0161ia ako dve kr\u00e1tke\"}]},{\"@type\":\"WebSite\",\"@id\":\"https:\/\/www.welovecycling.com\/sk\/#website\",\"url\":\"https:\/\/www.welovecycling.com\/sk\/\",\"name\":\"\u0160koda We Love Cycling Slovensko\",\"description\":\"\u0160koda We Love Cycling Slovensko je v\u00e1\u0161 ka\u017edodenn\u00fd zdroj noviniek a in\u0161pir\u00e1cie z sveta cyklistiky\",\"potentialAction\":[{\"@type\":\"SearchAction\",\"target\":{\"@type\":\"EntryPoint\",\"urlTemplate\":\"https:\/\/www.welovecycling.com\/sk\/?s={search_term_string}\"},\"query-input\":{\"@type\":\"PropertyValueSpecification\",\"valueRequired\":true,\"valueName\":\"search_term_string\"}}],\"inLanguage\":\"sk-SK\"},{\"@type\":\"Person\",\"@id\":\"https:\/\/www.welovecycling.com\/sk\/#\/schema\/person\/533b62b98b6c41bd5135ebfb1f742624\",\"name\":\"dominika\",\"image\":{\"@type\":\"ImageObject\",\"inLanguage\":\"sk-SK\",\"@id\":\"https:\/\/www.welovecycling.com\/sk\/#\/schema\/person\/image\/\",\"url\":\"https:\/\/secure.gravatar.com\/avatar\/ded6f274ba2ec3e17fff153f7d9d96a4b33c2cb63907f75d9a5309c599a7f3e6?s=96&d=mm&r=g\",\"contentUrl\":\"https:\/\/secure.gravatar.com\/avatar\/ded6f274ba2ec3e17fff153f7d9d96a4b33c2cb63907f75d9a5309c599a7f3e6?s=96&d=mm&r=g\",\"caption\":\"dominika\"},\"url\":\"https:\/\/www.welovecycling.com\/sk\/author\/dominika\/\"}]}<\/script>\n<!-- \/ Yoast SEO Premium plugin. -->","yoast_head_json":{"title":"Pre\u010do je jedna dlh\u00e1 jazda lep\u0161ia ako dve kr\u00e1tke","description":"Pozrime sa spolu na to, kto a kedy by mal \u00eds\u0165 na dlh\u00fd v\u00fdjazd namiesto toho, aby si ho rozdelil na dve krat\u0161ie \u010dasti.","robots":{"index":"index","follow":"follow","max-snippet":"max-snippet:-1","max-image-preview":"max-image-preview:large","max-video-preview":"max-video-preview:-1"},"canonical":"https:\/\/www.welovecycling.com\/sk\/2021\/01\/04\/preco-je-jedna-dlha-jazda-lepsia-ako-dve-kratke\/","og_locale":"sk_SK","og_type":"article","og_title":"Pre\u010do je jedna dlh\u00e1 jazda lep\u0161ia ako dve kr\u00e1tke","og_description":"Pozrime sa spolu na to, kto a kedy by mal \u00eds\u0165 na dlh\u00fd v\u00fdjazd namiesto toho, aby si ho rozdelil na dve krat\u0161ie \u010dasti.","og_url":"https:\/\/www.welovecycling.com\/sk\/2021\/01\/04\/preco-je-jedna-dlha-jazda-lepsia-ako-dve-kratke\/","og_site_name":"\u0160koda We Love Cycling Slovensko","article_published_time":"2021-01-04T09:00:36+00:00","article_modified_time":"2023-04-13T07:42:12+00:00","og_image":[{"width":1366,"height":600,"url":"https:\/\/d2p6e6u75xmxt8.cloudfront.net\/4\/2021\/01\/Winter-cyclist-MTB-profimedia-0570651608-CVR.webp","type":"image\/webp"}],"author":"dominika","twitter_card":"summary_large_image","twitter_misc":{"Written by":"Radovan Vr\u0161ka","Est. reading time":"4"},"schema":{"@context":"https:\/\/schema.org","@graph":[{"@type":"WebPage","@id":"https:\/\/www.welovecycling.com\/sk\/2021\/01\/04\/preco-je-jedna-dlha-jazda-lepsia-ako-dve-kratke\/","url":"https:\/\/www.welovecycling.com\/sk\/2021\/01\/04\/preco-je-jedna-dlha-jazda-lepsia-ako-dve-kratke\/","name":"Pre\u010do je jedna dlh\u00e1 jazda lep\u0161ia ako dve kr\u00e1tke","isPartOf":{"@id":"https:\/\/www.welovecycling.com\/sk\/#website"},"primaryImageOfPage":{"@id":"https:\/\/www.welovecycling.com\/sk\/2021\/01\/04\/preco-je-jedna-dlha-jazda-lepsia-ako-dve-kratke\/#primaryimage"},"image":{"@id":"https:\/\/www.welovecycling.com\/sk\/2021\/01\/04\/preco-je-jedna-dlha-jazda-lepsia-ako-dve-kratke\/#primaryimage"},"thumbnailUrl":"https:\/\/d2p6e6u75xmxt8.cloudfront.net\/4\/2021\/01\/Winter-cyclist-MTB-profimedia-0570651608-CVR.webp","datePublished":"2021-01-04T09:00:36+00:00","dateModified":"2023-04-13T07:42:12+00:00","author":{"@id":"https:\/\/www.welovecycling.com\/sk\/#\/schema\/person\/533b62b98b6c41bd5135ebfb1f742624"},"description":"Pozrime sa spolu na to, kto a kedy by mal \u00eds\u0165 na dlh\u00fd v\u00fdjazd namiesto toho, aby si ho rozdelil na dve krat\u0161ie \u010dasti.","breadcrumb":{"@id":"https:\/\/www.welovecycling.com\/sk\/2021\/01\/04\/preco-je-jedna-dlha-jazda-lepsia-ako-dve-kratke\/#breadcrumb"},"inLanguage":"sk-SK","potentialAction":[{"@type":"ReadAction","target":["https:\/\/www.welovecycling.com\/sk\/2021\/01\/04\/preco-je-jedna-dlha-jazda-lepsia-ako-dve-kratke\/"]}]},{"@type":"ImageObject","inLanguage":"sk-SK","@id":"https:\/\/www.welovecycling.com\/sk\/2021\/01\/04\/preco-je-jedna-dlha-jazda-lepsia-ako-dve-kratke\/#primaryimage","url":"https:\/\/d2p6e6u75xmxt8.cloudfront.net\/4\/2021\/01\/Winter-cyclist-MTB-profimedia-0570651608-CVR.webp","contentUrl":"https:\/\/d2p6e6u75xmxt8.cloudfront.net\/4\/2021\/01\/Winter-cyclist-MTB-profimedia-0570651608-CVR.webp","width":1366,"height":600,"caption":"Ride in winter"},{"@type":"BreadcrumbList","@id":"https:\/\/www.welovecycling.com\/sk\/2021\/01\/04\/preco-je-jedna-dlha-jazda-lepsia-ako-dve-kratke\/#breadcrumb","itemListElement":[{"@type":"ListItem","position":1,"name":"Home","item":"https:\/\/www.welovecycling.com\/sk\/"},{"@type":"ListItem","position":2,"name":"Pre\u010do je jedna dlh\u00e1 jazda lep\u0161ia ako dve kr\u00e1tke"}]},{"@type":"WebSite","@id":"https:\/\/www.welovecycling.com\/sk\/#website","url":"https:\/\/www.welovecycling.com\/sk\/","name":"\u0160koda We Love Cycling Slovensko","description":"\u0160koda We Love Cycling Slovensko je v\u00e1\u0161 ka\u017edodenn\u00fd zdroj noviniek a in\u0161pir\u00e1cie z sveta cyklistiky","potentialAction":[{"@type":"SearchAction","target":{"@type":"EntryPoint","urlTemplate":"https:\/\/www.welovecycling.com\/sk\/?s={search_term_string}"},"query-input":{"@type":"PropertyValueSpecification","valueRequired":true,"valueName":"search_term_string"}}],"inLanguage":"sk-SK"},{"@type":"Person","@id":"https:\/\/www.welovecycling.com\/sk\/#\/schema\/person\/533b62b98b6c41bd5135ebfb1f742624","name":"dominika","image":{"@type":"ImageObject","inLanguage":"sk-SK","@id":"https:\/\/www.welovecycling.com\/sk\/#\/schema\/person\/image\/","url":"https:\/\/secure.gravatar.com\/avatar\/ded6f274ba2ec3e17fff153f7d9d96a4b33c2cb63907f75d9a5309c599a7f3e6?s=96&d=mm&r=g","contentUrl":"https:\/\/secure.gravatar.com\/avatar\/ded6f274ba2ec3e17fff153f7d9d96a4b33c2cb63907f75d9a5309c599a7f3e6?s=96&d=mm&r=g","caption":"dominika"},"url":"https:\/\/www.welovecycling.com\/sk\/author\/dominika\/"}]}},"_links":{"self":[{"href":"https:\/\/www.welovecycling.com\/sk\/wp-json\/wp\/v2\/posts\/11276","targetHints":{"allow":["GET"]}}],"collection":[{"href":"https:\/\/www.welovecycling.com\/sk\/wp-json\/wp\/v2\/posts"}],"about":[{"href":"https:\/\/www.welovecycling.com\/sk\/wp-json\/wp\/v2\/types\/post"}],"author":[{"embeddable":true,"href":"https:\/\/www.welovecycling.com\/sk\/wp-json\/wp\/v2\/users\/172"}],"replies":[{"embeddable":true,"href":"https:\/\/www.welovecycling.com\/sk\/wp-json\/wp\/v2\/comments?post=11276"}],"version-history":[{"count":2,"href":"https:\/\/www.welovecycling.com\/sk\/wp-json\/wp\/v2\/posts\/11276\/revisions"}],"predecessor-version":[{"id":11283,"href":"https:\/\/www.welovecycling.com\/sk\/wp-json\/wp\/v2\/posts\/11276\/revisions\/11283"}],"wp:featuredmedia":[{"embeddable":true,"href":"https:\/\/www.welovecycling.com\/sk\/wp-json\/wp\/v2\/media\/11280"}],"wp:attachment":[{"href":"https:\/\/www.welovecycling.com\/sk\/wp-json\/wp\/v2\/media?parent=11276"}],"wp:term":[{"taxonomy":"category","embeddable":true,"href":"https:\/\/www.welovecycling.com\/sk\/wp-json\/wp\/v2\/categories?post=11276"},{"taxonomy":"post_tag","embeddable":true,"href":"https:\/\/www.welovecycling.com\/sk\/wp-json\/wp\/v2\/tags?post=11276"},{"taxonomy":"global-categories","embeddable":true,"href":"https:\/\/www.welovecycling.com\/sk\/wp-json\/wp\/v2\/global-categories?post=11276"}],"curies":[{"name":"wp","href":"https:\/\/api.w.org\/{rel}","templated":true}]}}