{"id":11261,"date":"2020-12-30T10:00:50","date_gmt":"2020-12-30T09:00:50","guid":{"rendered":"https:\/\/www.welovecycling.com\/sk\/?p=11261"},"modified":"2020-12-23T21:18:13","modified_gmt":"2020-12-23T20:18:13","slug":"mesacna-desiatka-koniec-roka-vo-velkom-style","status":"publish","type":"post","link":"https:\/\/www.welovecycling.com\/sk\/2020\/12\/30\/mesacna-desiatka-koniec-roka-vo-velkom-style\/","title":{"rendered":"Mesa\u010dn\u00e1 desiatka &#8211; koniec roka vo ve\u013ekom \u0161t\u00fdle"},"content":{"rendered":"<p><strong>Pre viacer\u00fdch mo\u017eno vyt\u00fa\u017een\u00fd koniec roka &#8211; roka, ktor\u00fd si asi nikto nebude chcie\u0165 zopakova\u0165 &#8211; je ale aj napriek tomu pln\u00fd zauj\u00edmav\u00fdch udalost\u00ed z\u00a0cyklistickej sc\u00e9ny. Pozrime sa teda na to, ako sa s\u00a0n\u00edm l\u00fa\u010dili zvu\u010dn\u00e9, ale aj tie \u201eoby\u010dajn\u00e9\u201c men\u00e1.<\/strong><!--more--><\/p>\n<h2><strong>Mathieu van der Poel op\u00e4\u0165 dominuje cyklokrosu<\/strong><\/h2>\n<p>Po posledn\u00fdch cestn\u00fdch pretekoch na AG Driedaagse Brugge-De Panne, kedy v\u00a0posledn\u00fdch kilometroch skon\u010dil v\u00a0hlbokom odvod\u0148ovacom kan\u00e1li, je op\u00e4\u0165 na sc\u00e9ne. Tentokr\u00e1t ale tej pravej zimnej, teda cyklokrosovej. <strong>Minul\u00e1 sez\u00f3na bola pre\u0148ho ako z\u00a0rozpr\u00e1vky.<\/strong> Rovnako tak za\u010dala aj t\u00e1 s\u00a0ozna\u010den\u00edm 2020\/2021. Po v\u00ed\u0165azstvo si pri\u0161iel na Telenet Superprestige Gavere a\u00a0o\u00a0de\u0148 sk\u00f4r, na Scheldecross nesta\u010dil len na T. Pidcocka. N\u00e1sledne dominoval aj v\u00a0Namure, kde nedal \u0161ancu ani svojmu najv\u00e4\u010d\u0161iemu sokovi, W. van Aertovi. P\u00f4sobiv\u00fdm prvkom je pr\u00e1ve sp\u00f4sob, ako sa dok\u00e1\u017ee oprosti\u0165 od s\u00faperov a\u00a0d\u00f4js\u0165 si k\u00a0vyt\u00fa\u017een\u00e9mu v\u00ed\u0165azstvu.<\/p>\n<lite-youtube videoid=2sOfLgHaem4 params=\"enablejsapi=1\" style=\"background-image: url('https:\/\/i.ytimg.com\/vi_webp\/2sOfLgHaem4\/maxresdefault.webp');\"><\/lite-youtube>\n<h2><strong>Ukradli aj Saganov \u0161peci\u00e1l, hodnota je vy\u0161e 150\u00a0000 \u20ac<\/strong><\/h2>\n<p>Nejde pr\u00e1ve o\u00a0naj\u0161\u0165astnej\u0161iu spr\u00e1vu, ale aj tak\u00fdm sa nemo\u017eno vyhn\u00fa\u0165. V\u00a0Kalifornii, v\u00a0s\u00eddle Specialized sa pred nieko\u013ek\u00fdmi d\u0148ami udiala kr\u00e1de\u017e, kedy <strong>zmizlo nieko\u013eko bicyklov<\/strong>, medzi nimi aj Specialized S-Works Roubaix, na ktorom Peter Sagan zv\u00ed\u0165azil na Par\u00ed\u017e-Roubaix v\u00a0roku 2018. I\u0161lo o\u00a0jedine\u010dn\u00fd k\u00fasok s\u00a0neocenite\u013enou zberate\u013eskou hodnotou. Samozrejme, tejto skuto\u010dnosti si ur\u010dite boli vedom\u00ed aj zlodeji, ktor\u00ed si ho mo\u017eno vystavia niekde v\u00a0ob\u00fdva\u010dke. Tak\u017ee, ak budete niekoho vidie\u0165 na zlatom Roubaix, dajte o\u00a0tom vedie\u0165.<\/p>\n<h2><strong>Aj v\u00a0decembri sa pretekalo &#8211; dokonca v\u00a0Paraguaji<\/strong><\/h2>\n<p>Menej zn\u00e1ma destin\u00e1cia sa stala dejiskom n\u00e1rodn\u00e9ho \u0161ampion\u00e1tu, v\u00a0ktorom sa rozhodlo o\u00a0nov\u00fdch nosite\u013eoch n\u00e1rodn\u00fdch dresov. Jednozna\u010dnou \u017eenskou v\u00ed\u0165azkou bola A. M. Esp\u00ednola, dominuj\u00faca tak v\u00a0individu\u00e1lnej \u010dasovke, ako aj v\u00a0pretekoch s\u00a0hromadn\u00fdm \u0161tartom. Pri\u00a0mu\u017eoch to bol zase V. M. Grange, ktor\u00fd len s\u00a0tesn\u00fdm predstihol vyhral preteky s\u00a0hromadn\u00fdm \u0161tartom, ale v\u00a0\u010dasovke nesta\u010dil na F. D. Riverosa, s\u00a0ktor\u00fdm si prv\u00e9 miesto musel vymeni\u0165. S\u00edce ide o\u00a0men\u00e1, ktor\u00e9 n\u00e1m takmer ni\u010d nehovoria, ale kto vie &#8211; <strong>mo\u017eno n\u00e1s v\u00a0bud\u00facej sez\u00f3ne prekvapia<\/strong>.<\/p>\n<h2><strong>UCI prich\u00e1dza s\u00a0inovovan\u00fdmi pravidlami oh\u013eadne bari\u00e9r<\/strong><\/h2>\n<p>Po viacer\u00fdch ne\u0161\u0165astiach, v\u00a0ktor\u00fdch boli zapojen\u00e9 aj cie\u013eov\u00e9 bari\u00e9ry, UCI kone\u010dne pri\u0161la s\u00a0prepracovan\u00fdmi regulami, ktor\u00e9 maj\u00fa ochr\u00e1ni\u0165 jazdcov v\u00e4\u010d\u0161mi, ne\u017e to bolo doteraz. Tak napr\u00edklad na tohtoro\u010dnej Tour de Pologne takmer pri\u0161iel o\u00a0\u017eivot Fabio Jakobsen. Samozrejme, nie v\u017edy je mo\u017en\u00e9 pred\u00eds\u0165 ne\u0161\u0165astiam, ale prim\u00e1rne ide o\u00a0zn\u00ed\u017eenie a\u00a0zefekt\u00edvnenie organiz\u00e1cie oh\u013eadne <strong>budovania bari\u00e9r<\/strong>. UCI sa t\u00fdmto krokom sna\u017e\u00ed o\u00a0kooper\u00e1ciu medzi organiz\u00e1tormi pretekov, ale aj tret\u00edmi stranami, ktor\u00e9 m\u00f4\u017eu dopom\u00f4c\u0165 zlep\u0161i\u0165 t\u00fato situ\u00e1ciu.<\/p>\n<p>https:\/\/www.instagram.com\/p\/CHd6NY-Mh6h\/ <\/p>\n<h2><strong>Takmer nov\u00e1\u010dik na Svetovom poh\u00e1ri a\u00a0hne\u010f s\u00a0triumfom?<\/strong><\/h2>\n<p>Ceylin del Carmen Alvarado pozn\u00e1te najsk\u00f4r z\u00a0okruhov cyklorosu, predov\u0161etk\u00fdm z\u00a0minuloro\u010dn\u00fdch majstrovstiev sveta, kedy pr\u00e1ve \u0161tvorica holandsk\u00fdch pretek\u00e1rok dominovala \u0161tartov\u00e9mu po\u013eu a\u017e dokonca. <strong>Ceylin sa stala v\u00ed\u0165azkou.<\/strong> Shimano n\u00e1s tentokr\u00e1t vnesie do prostredia XCO, konkr\u00e9tne na Svetov\u00fd poh\u00e1r v\u00a0\u010cesku, kde sa tento rok konali hne\u010f dve kol\u00e1 za sebou. Ceylin vo svojej kateg\u00f3rii, teda do 23 rokov, najprv skon\u010dila na v\u00fdbornom druhom mieste. O\u00a0p\u00e1r dn\u00ed na to u\u017e s\u00faperk\u00e1m nedala \u0161ancu a\u00a0pri\u0161la si po prv\u00fd triumf v\u00a0XCO.<\/p>\n<lite-youtube videoid=EuL6KNYhXO4 params=\"enablejsapi=1\" style=\"background-image: url('https:\/\/i.ytimg.com\/vi_webp\/EuL6KNYhXO4\/maxresdefault.webp');\"><\/lite-youtube>\n<h2><strong>M\u00e1me nov\u00fdch majstrov v\u00a0UCI Cycling Esports<\/strong><\/h2>\n<p>V\u00a0dne\u0161nej dobe sa nem\u00f4\u017eeme divi\u0165, \u017ee pr\u00e1ve virtu\u00e1lne \u0161porty sa dostali do popredia a\u00a0pred zorn\u00e9 pole verejn\u00e9ho z\u00e1ujmu. Aj v\u00a0cyklistike sme sa u\u017e obozn\u00e1mili s\u00a0pretekan\u00edm \u201ena dia\u013eku\u201c. UCI prist\u00fapila k\u00a0z\u00e1sadn\u00e9mu kroku a\u00a0v\u00a0decembri sme sa tak stali svedkami <strong>prv\u00fdch majstrovstiev sveta<\/strong> pr\u00e1ve v\u00a0tejto discipl\u00edne. V\u00ed\u0165azmi sa stali Ashleigh Moolman Pasio a\u00a0Jason Osborne. Tra\u0165 mala vy\u0161e 50 km s\u00a0nie\u010do cez 400 nast\u00fapan\u00fdmi metrami. Nebola n\u00fadza ani o\u00a0po\u010detn\u00e9 n\u00e1rodnostn\u00e9 zast\u00fapenie. Celkovo sa tak z\u00fa\u010dastnilo a\u017e 18 \u0161t\u00e1tov. Ak by v\u00e1s zauj\u00edmalo, ak\u00fd v\u00fdkon potrebujete k\u00a0tomu, aby ste sa stali majstrami, v\u00a0mu\u017eskej kateg\u00f3rii je to 4,7 W\/kg.<\/p>\n<p><a href=\"https:\/\/twitter.com\/UCI_cycling?ref_src=twsrc%5Etfw%7Ctwcamp%5Etweetembed%7Ctwterm%5E1336713774972071943%7Ctwgr%5E%7Ctwcon%5Es1_&#038;ref_url=https%3A%2F%2Fwww.uci.org%2FSitefinity%2FContent%2FDocuments%3Fprovider%3DOpenAccessDataProviderlang%3Den\" rel=\"noopener noreferrer\" target=\"_blank\">UCI (@UCI_cycling) \/ Twitter<\/a><\/p>\n<h2><strong>Viano\u010dn\u00e9 jazdenie so zimnou n\u00e1ladou<\/strong><\/h2>\n<p>Ob\u013e\u00faben\u00e9 zoskupenie 50to01 c\u00edtilo pr\u00edchod zimy (aj ke\u010f bez snehu) a\u00a0to sa odrazilo aj na ich jazden\u00ed. Dalo by sa poveda\u0165, \u017ee v\u00a0dne\u0161n\u00fdch d\u0148och sa ich podmienky od na\u0161ich takmer nel\u00ed\u0161ia a\u00a0preto sa nimi <strong>m\u00f4\u017eeme bez v\u00fdhrady in\u0161pirova\u0165<\/strong>. Sta\u010d\u00ed v\u00e1m k\u00a0tomu bicykel a\u00a0chu\u0165 necha\u0165 sa obdarova\u0165 slu\u0161nou d\u00e1vkou blata. Nezab\u00fadajte, \u017ee (nielen) v\u00a0tomto obdob\u00ed ide o\u00a0rados\u0165 z\u00a0jazdenia a\u00a0nejak\u00e9 extr\u00e9mne pos\u00favanie hran\u00edc nestoj\u00ed za to, aby ste museli vynecha\u0165 \u0161tedrove\u010dern\u00fa oslavu.<\/p>\n<lite-youtube videoid=RMw-hUF97eg params=\"enablejsapi=1\" style=\"background-image: url('https:\/\/i.ytimg.com\/vi_webp\/RMw-hUF97eg\/maxresdefault.webp');\"><\/lite-youtube>\n<h2><strong>\u00davod decembra patril Majstrovstv\u00e1m Slovenska v\u00a0cyklokrose<\/strong><\/h2>\n<p>Aj ke\u010f je cyklokrosov\u00e1 sez\u00f3na v\u00a0plnom pr\u00fade, netreba zab\u00fada\u0165 na jedny z\u00a0najv\u00fdzna\u010dnej\u0161\u00edch podujat\u00ed tohto obdobia &#8211; n\u00e1rodn\u00e9 majstrovstv\u00e1. Tie slovensk\u00e9 <strong>pon\u00fakli zauj\u00edmav\u00e9 divadlo<\/strong> a\u00a0to aj v\u010faka podmienkam, ktor\u00e9 im pripravilo po\u010dasie a\u00a0ter\u00e9n. Nov\u00fdm majstrom sa tak v\u00a0kateg\u00f3rii Elite stal M. Ul\u00edk pred J. Kurtym a\u00a0O. Glajzom. V\u00a0\u017een\u00e1ch sa taktie\u017e bolo na \u010do pozera\u0165 a\u00a0to aj v\u010faka s\u00fabojom na \u010dele pretekov. Po takmer hodine sa z\u00a0v\u00ed\u0165azstva radovala T. Krunick\u00e1 pred nieko\u013ekon\u00e1sobnou v\u00ed\u0165azkou, J. Keseg \u0160tevkovou. S\u00a0v\u00fdraznej\u0161\u00edm odstupom skon\u010dila tretia E. Glajzov\u00e1. V\u0161etk\u00fdm z\u00fa\u010dastnen\u00fdm gratulujeme!<\/p>\n<p>https:\/\/www.instagram.com\/p\/CIbfKiMps_M\/ <\/p>\n<h2><strong>Zimn\u00fd tr\u00e9ning v\u00a0posil\u0148ovni? Bez bicykla ani na krok<\/strong><\/h2>\n<p>Niektor\u00ed jazdci maj\u00fa cyklistiku takmer v\u0161tepen\u00fa do ich DNA. To znamen\u00e1, \u017ee bez bicykla sa nepohn\u00fa ani na krok. Ak k\u00a0tomu prid\u00e1te aj potrebu tr\u00e9nova\u0165 v\u00a0t\u00fdchto ne\u013eahk\u00fdch \u010dasoch, v\u00fdsledkom takejto rovnice bude nakoniec <strong>tr\u00e9ning na bicykli<\/strong> aj na t\u00fdch najmenej o\u010dak\u00e1van\u00fdch miestach. Pretek\u00e1r z\u00a0nasleduj\u00faceho videa pon\u00faka prinajmen\u0161om nezvykl\u00fd sp\u00f4sob tr\u00e9ningu na  be\u017eiacom p\u00e1se, ktor\u00fd ur\u010dite nikomu neodpor\u00fa\u010dame.<\/p>\n<p>https:\/\/www.instagram.com\/p\/CH0_eJMHBcG\/<\/p>\n<h2><strong>Koniec roka s \u201eNajlep\u0161\u00edm z\u00a02020\u201c nesmie ch\u00fdba\u0165!<\/strong><\/h2>\n<p>Ke\u010f\u017ee sa nevyhnutne l\u00fa\u010dime s\u00a0uplynul\u00fdm rokom a\u00a0v\u00edtame ten nadch\u00e1dzaj\u00faci, chv\u00ed\u013eka nostalgie je ur\u010dite na mieste. Cyklistika aj po kriticky vyzeraj\u00facom \u00favode dok\u00e1zala v\u00a0druhej polovici roka <strong>prinies\u0165 legend\u00e1rne v\u00ed\u0165azstv\u00e1 a\u00a0s\u00faboje<\/strong>, ktor\u00e9 si aspo\u0148 v\u00a0takejto skr\u00e1tenej forme m\u00f4\u017eeme op\u00e4\u0165 prinies\u0165.<\/p>\n<lite-youtube videoid=RfJazsbfyBQ params=\"enablejsapi=1\" style=\"background-image: url('https:\/\/i.ytimg.com\/vi_webp\/RfJazsbfyBQ\/maxresdefault.webp');\"><\/lite-youtube>\n<p>Tak teda, v\u0161etko dobr\u00e9 do nov\u00e9ho roka a\u00a0d\u00fafajme, \u017ee bude o\u00a0nie\u010do lep\u0161\u00ed!<\/p>\n","protected":false},"excerpt":{"rendered":"<p>Pre viacer\u00fdch mo\u017eno vyt\u00fa\u017een\u00fd koniec roka &#8211; roka, ktor\u00fd si asi nikto nebude chcie\u0165 zopakova\u0165 &#8211; je ale aj napriek [&hellip;]<\/p>\n","protected":false},"author":81,"featured_media":11271,"comment_status":"open","ping_status":"open","sticky":false,"template":"","format":"standard","meta":{"footnotes":""},"categories":[63],"tags":[115,582,1152,704,1040,600,46,885,256,355,1309,106,475],"global-categories":[1074],"class_list":["post-11261","post","type-post","status-publish","format-standard","has-post-thumbnail","hentry","category-grand-tour","tag-cestna-cyklistika","tag-cyklokros","tag-majstrovstva-slovenska","tag-mathieu-van-der-poel","tag-mesacna-desiatka","tag-muzi","tag-peter-sagan","tag-profesional","tag-sezona","tag-uci","tag-uci-cycling-esports","tag-uci-worldtour","tag-zeny","global-categories-cycling"],"yoast_head":"<!-- This site is optimized with the Yoast SEO Premium plugin v25.3 (Yoast SEO v25.9) - https:\/\/yoast.com\/wordpress\/plugins\/seo\/ -->\n<title>Mesa\u010dn\u00e1 desiatka - koniec roka vo ve\u013ekom \u0161t\u00fdle - \u0160koda We Love Cycling Slovensko<\/title>\n<meta name=\"robots\" content=\"index, follow, max-snippet:-1, max-image-preview:large, max-video-preview:-1\" \/>\n<link rel=\"canonical\" href=\"https:\/\/www.welovecycling.com\/sk\/2020\/12\/30\/mesacna-desiatka-koniec-roka-vo-velkom-style\/\" \/>\n<meta property=\"og:locale\" content=\"sk_SK\" \/>\n<meta property=\"og:type\" content=\"article\" \/>\n<meta property=\"og:title\" content=\"Mesa\u010dn\u00e1 desiatka - koniec roka vo ve\u013ekom \u0161t\u00fdle\" \/>\n<meta property=\"og:description\" content=\"Pre viacer\u00fdch mo\u017eno vyt\u00fa\u017een\u00fd koniec roka &#8211; roka, ktor\u00fd si asi nikto nebude chcie\u0165 zopakova\u0165 &#8211; je ale aj napriek [&hellip;]\" \/>\n<meta property=\"og:url\" content=\"https:\/\/www.welovecycling.com\/sk\/2020\/12\/30\/mesacna-desiatka-koniec-roka-vo-velkom-style\/\" \/>\n<meta property=\"og:site_name\" content=\"\u0160koda We Love Cycling Slovensko\" \/>\n<meta property=\"article:published_time\" content=\"2020-12-30T09:00:50+00:00\" \/>\n<meta property=\"og:image\" content=\"https:\/\/d2p6e6u75xmxt8.cloudfront.net\/4\/2020\/12\/WLC_december_00.webp\" \/>\n\t<meta property=\"og:image:width\" content=\"1380\" \/>\n\t<meta property=\"og:image:height\" content=\"600\" \/>\n\t<meta property=\"og:image:type\" content=\"image\/webp\" \/>\n<meta name=\"twitter:card\" content=\"summary_large_image\" \/>\n<meta name=\"twitter:label1\" content=\"Written by\" \/>\n\t<meta name=\"twitter:data1\" content=\"WeLoveCycling\" \/>\n\t<meta name=\"twitter:label2\" content=\"Est. reading time\" \/>\n\t<meta name=\"twitter:data2\" content=\"6\" \/>\n<script type=\"application\/ld+json\" class=\"yoast-schema-graph\">{\"@context\":\"https:\/\/schema.org\",\"@graph\":[{\"@type\":\"WebPage\",\"@id\":\"https:\/\/www.welovecycling.com\/sk\/2020\/12\/30\/mesacna-desiatka-koniec-roka-vo-velkom-style\/\",\"url\":\"https:\/\/www.welovecycling.com\/sk\/2020\/12\/30\/mesacna-desiatka-koniec-roka-vo-velkom-style\/\",\"name\":\"Mesa\u010dn\u00e1 desiatka - koniec roka vo ve\u013ekom \u0161t\u00fdle - \u0160koda We Love Cycling Slovensko\",\"isPartOf\":{\"@id\":\"https:\/\/www.welovecycling.com\/sk\/#website\"},\"primaryImageOfPage\":{\"@id\":\"https:\/\/www.welovecycling.com\/sk\/2020\/12\/30\/mesacna-desiatka-koniec-roka-vo-velkom-style\/#primaryimage\"},\"image\":{\"@id\":\"https:\/\/www.welovecycling.com\/sk\/2020\/12\/30\/mesacna-desiatka-koniec-roka-vo-velkom-style\/#primaryimage\"},\"thumbnailUrl\":\"https:\/\/d2p6e6u75xmxt8.cloudfront.net\/4\/2020\/12\/WLC_december_00.webp\",\"datePublished\":\"2020-12-30T09:00:50+00:00\",\"author\":{\"@id\":\"\"},\"breadcrumb\":{\"@id\":\"https:\/\/www.welovecycling.com\/sk\/2020\/12\/30\/mesacna-desiatka-koniec-roka-vo-velkom-style\/#breadcrumb\"},\"inLanguage\":\"sk-SK\",\"potentialAction\":[{\"@type\":\"ReadAction\",\"target\":[\"https:\/\/www.welovecycling.com\/sk\/2020\/12\/30\/mesacna-desiatka-koniec-roka-vo-velkom-style\/\"]}]},{\"@type\":\"ImageObject\",\"inLanguage\":\"sk-SK\",\"@id\":\"https:\/\/www.welovecycling.com\/sk\/2020\/12\/30\/mesacna-desiatka-koniec-roka-vo-velkom-style\/#primaryimage\",\"url\":\"https:\/\/d2p6e6u75xmxt8.cloudfront.net\/4\/2020\/12\/WLC_december_00.webp\",\"contentUrl\":\"https:\/\/d2p6e6u75xmxt8.cloudfront.net\/4\/2020\/12\/WLC_december_00.webp\",\"width\":1380,\"height\":600},{\"@type\":\"BreadcrumbList\",\"@id\":\"https:\/\/www.welovecycling.com\/sk\/2020\/12\/30\/mesacna-desiatka-koniec-roka-vo-velkom-style\/#breadcrumb\",\"itemListElement\":[{\"@type\":\"ListItem\",\"position\":1,\"name\":\"Home\",\"item\":\"https:\/\/www.welovecycling.com\/sk\/\"},{\"@type\":\"ListItem\",\"position\":2,\"name\":\"Mesa\u010dn\u00e1 desiatka &#8211; koniec roka vo ve\u013ekom \u0161t\u00fdle\"}]},{\"@type\":\"WebSite\",\"@id\":\"https:\/\/www.welovecycling.com\/sk\/#website\",\"url\":\"https:\/\/www.welovecycling.com\/sk\/\",\"name\":\"\u0160koda We Love Cycling Slovensko\",\"description\":\"\u0160koda We Love Cycling Slovensko je v\u00e1\u0161 ka\u017edodenn\u00fd zdroj noviniek a in\u0161pir\u00e1cie z sveta cyklistiky\",\"potentialAction\":[{\"@type\":\"SearchAction\",\"target\":{\"@type\":\"EntryPoint\",\"urlTemplate\":\"https:\/\/www.welovecycling.com\/sk\/?s={search_term_string}\"},\"query-input\":{\"@type\":\"PropertyValueSpecification\",\"valueRequired\":true,\"valueName\":\"search_term_string\"}}],\"inLanguage\":\"sk-SK\"},{\"@type\":\"Person\",\"@id\":\"\",\"url\":\"https:\/\/www.welovecycling.com\/sk\/author\/\"}]}<\/script>\n<!-- \/ Yoast SEO Premium plugin. -->","yoast_head_json":{"title":"Mesa\u010dn\u00e1 desiatka - koniec roka vo ve\u013ekom \u0161t\u00fdle - \u0160koda We Love Cycling Slovensko","robots":{"index":"index","follow":"follow","max-snippet":"max-snippet:-1","max-image-preview":"max-image-preview:large","max-video-preview":"max-video-preview:-1"},"canonical":"https:\/\/www.welovecycling.com\/sk\/2020\/12\/30\/mesacna-desiatka-koniec-roka-vo-velkom-style\/","og_locale":"sk_SK","og_type":"article","og_title":"Mesa\u010dn\u00e1 desiatka - koniec roka vo ve\u013ekom \u0161t\u00fdle","og_description":"Pre viacer\u00fdch mo\u017eno vyt\u00fa\u017een\u00fd koniec roka &#8211; roka, ktor\u00fd si asi nikto nebude chcie\u0165 zopakova\u0165 &#8211; je ale aj napriek [&hellip;]","og_url":"https:\/\/www.welovecycling.com\/sk\/2020\/12\/30\/mesacna-desiatka-koniec-roka-vo-velkom-style\/","og_site_name":"\u0160koda We Love Cycling Slovensko","article_published_time":"2020-12-30T09:00:50+00:00","og_image":[{"width":1380,"height":600,"url":"https:\/\/d2p6e6u75xmxt8.cloudfront.net\/4\/2020\/12\/WLC_december_00.webp","type":"image\/webp"}],"twitter_card":"summary_large_image","twitter_misc":{"Written by":"WeLoveCycling","Est. reading time":"6"},"schema":{"@context":"https:\/\/schema.org","@graph":[{"@type":"WebPage","@id":"https:\/\/www.welovecycling.com\/sk\/2020\/12\/30\/mesacna-desiatka-koniec-roka-vo-velkom-style\/","url":"https:\/\/www.welovecycling.com\/sk\/2020\/12\/30\/mesacna-desiatka-koniec-roka-vo-velkom-style\/","name":"Mesa\u010dn\u00e1 desiatka - koniec roka vo ve\u013ekom \u0161t\u00fdle - \u0160koda We Love Cycling Slovensko","isPartOf":{"@id":"https:\/\/www.welovecycling.com\/sk\/#website"},"primaryImageOfPage":{"@id":"https:\/\/www.welovecycling.com\/sk\/2020\/12\/30\/mesacna-desiatka-koniec-roka-vo-velkom-style\/#primaryimage"},"image":{"@id":"https:\/\/www.welovecycling.com\/sk\/2020\/12\/30\/mesacna-desiatka-koniec-roka-vo-velkom-style\/#primaryimage"},"thumbnailUrl":"https:\/\/d2p6e6u75xmxt8.cloudfront.net\/4\/2020\/12\/WLC_december_00.webp","datePublished":"2020-12-30T09:00:50+00:00","author":{"@id":""},"breadcrumb":{"@id":"https:\/\/www.welovecycling.com\/sk\/2020\/12\/30\/mesacna-desiatka-koniec-roka-vo-velkom-style\/#breadcrumb"},"inLanguage":"sk-SK","potentialAction":[{"@type":"ReadAction","target":["https:\/\/www.welovecycling.com\/sk\/2020\/12\/30\/mesacna-desiatka-koniec-roka-vo-velkom-style\/"]}]},{"@type":"ImageObject","inLanguage":"sk-SK","@id":"https:\/\/www.welovecycling.com\/sk\/2020\/12\/30\/mesacna-desiatka-koniec-roka-vo-velkom-style\/#primaryimage","url":"https:\/\/d2p6e6u75xmxt8.cloudfront.net\/4\/2020\/12\/WLC_december_00.webp","contentUrl":"https:\/\/d2p6e6u75xmxt8.cloudfront.net\/4\/2020\/12\/WLC_december_00.webp","width":1380,"height":600},{"@type":"BreadcrumbList","@id":"https:\/\/www.welovecycling.com\/sk\/2020\/12\/30\/mesacna-desiatka-koniec-roka-vo-velkom-style\/#breadcrumb","itemListElement":[{"@type":"ListItem","position":1,"name":"Home","item":"https:\/\/www.welovecycling.com\/sk\/"},{"@type":"ListItem","position":2,"name":"Mesa\u010dn\u00e1 desiatka &#8211; koniec roka vo ve\u013ekom \u0161t\u00fdle"}]},{"@type":"WebSite","@id":"https:\/\/www.welovecycling.com\/sk\/#website","url":"https:\/\/www.welovecycling.com\/sk\/","name":"\u0160koda We Love Cycling Slovensko","description":"\u0160koda We Love Cycling Slovensko je v\u00e1\u0161 ka\u017edodenn\u00fd zdroj noviniek a in\u0161pir\u00e1cie z sveta cyklistiky","potentialAction":[{"@type":"SearchAction","target":{"@type":"EntryPoint","urlTemplate":"https:\/\/www.welovecycling.com\/sk\/?s={search_term_string}"},"query-input":{"@type":"PropertyValueSpecification","valueRequired":true,"valueName":"search_term_string"}}],"inLanguage":"sk-SK"},{"@type":"Person","@id":"","url":"https:\/\/www.welovecycling.com\/sk\/author\/"}]}},"_links":{"self":[{"href":"https:\/\/www.welovecycling.com\/sk\/wp-json\/wp\/v2\/posts\/11261","targetHints":{"allow":["GET"]}}],"collection":[{"href":"https:\/\/www.welovecycling.com\/sk\/wp-json\/wp\/v2\/posts"}],"about":[{"href":"https:\/\/www.welovecycling.com\/sk\/wp-json\/wp\/v2\/types\/post"}],"author":[{"embeddable":true,"href":"https:\/\/www.welovecycling.com\/sk\/wp-json\/wp\/v2\/users\/81"}],"replies":[{"embeddable":true,"href":"https:\/\/www.welovecycling.com\/sk\/wp-json\/wp\/v2\/comments?post=11261"}],"version-history":[{"count":2,"href":"https:\/\/www.welovecycling.com\/sk\/wp-json\/wp\/v2\/posts\/11261\/revisions"}],"predecessor-version":[{"id":11274,"href":"https:\/\/www.welovecycling.com\/sk\/wp-json\/wp\/v2\/posts\/11261\/revisions\/11274"}],"wp:featuredmedia":[{"embeddable":true,"href":"https:\/\/www.welovecycling.com\/sk\/wp-json\/wp\/v2\/media\/11271"}],"wp:attachment":[{"href":"https:\/\/www.welovecycling.com\/sk\/wp-json\/wp\/v2\/media?parent=11261"}],"wp:term":[{"taxonomy":"category","embeddable":true,"href":"https:\/\/www.welovecycling.com\/sk\/wp-json\/wp\/v2\/categories?post=11261"},{"taxonomy":"post_tag","embeddable":true,"href":"https:\/\/www.welovecycling.com\/sk\/wp-json\/wp\/v2\/tags?post=11261"},{"taxonomy":"global-categories","embeddable":true,"href":"https:\/\/www.welovecycling.com\/sk\/wp-json\/wp\/v2\/global-categories?post=11261"}],"curies":[{"name":"wp","href":"https:\/\/api.w.org\/{rel}","templated":true}]}}