{"id":11207,"date":"2020-12-11T10:00:08","date_gmt":"2020-12-11T09:00:08","guid":{"rendered":"https:\/\/www.welovecycling.com\/sk\/?p=11207"},"modified":"2020-12-07T10:40:10","modified_gmt":"2020-12-07T09:40:10","slug":"drobnosti-ktorymi-potesite-cyklistu-vyber-pre-muzov","status":"publish","type":"post","link":"https:\/\/www.welovecycling.com\/sk\/2020\/12\/11\/drobnosti-ktorymi-potesite-cyklistu-vyber-pre-muzov\/","title":{"rendered":"Drobnosti, ktor\u00fdmi pote\u0161\u00edte cyklistu &#8211; v\u00fdber pre mu\u017eov"},"content":{"rendered":"<p><strong>\u010co by ste asi tak chceli dosta\u0165 alebo v\u00a0druhom pr\u00edpade darova\u0165 po\u010das nasleduj\u00facich sviatkov? V\u00fdber mo\u017enost\u00ed takmer nie je limitovan\u00fd a\u00a0ide o\u00a0to, zvoli\u0165 to, \u010do v\u00e1m jednoducho vyhovuje. Dnes sme si preto pre v\u00e1s pripravili nieko\u013eko tipov, ako na jednej strane podpori\u0165 slovensk\u00fdch v\u00fdrobcov a\u00a0na druhej pote\u0161i\u0165 seba a\u00a0bl\u00edzkych.<\/strong><!--more--><\/p>\n<h2><strong>Profesion\u00e1lne oble\u010denie NyNa<\/strong><\/h2>\n<p>Ur\u010dite si pam\u00e4t\u00e1te do modra laden\u00e9 dresy na\u0161ej cyklistickej reprezent\u00e1cie, v\u00a0ktor\u00fdch sme v\u00eddavali okrem bratov Velitsovcov aj bratov Saganovcov. Pr\u00e1ve tieto sety poch\u00e1dzali zo Slovenska, konkr\u00e9tne od v\u00fdrobcu NyNa. Ich ponuka je \u0161irok\u00e1 a\u00a0o\u00a0kvalite sved\u010d\u00ed aj ich podpora jedin\u00e9ho slovensk\u00e9ho kontinent\u00e1lneho t\u00edmu, Dukla Bansk\u00e1 Bystrica. \u010ci u\u017e ide o\u00a0letn\u00e9 dresy, kr\u00e1tke nohavice, n\u00e1vleky, bundy alebo in\u00fd sortiment, v\u00a0<a href=\"https:\/\/www.nyna.sk\" rel=\"noopener noreferrer\" target=\"_blank\">e-shope NyNa<\/a> si pr\u00eddete na svoje. Ak by ste e\u0161te st\u00e1le boli skeptick\u00ed, 27-ro\u010dn\u00e1 prax vo v\u00fdrobe \u0161portov\u00e9ho oble\u010denia v\u00e1s h\u00e1dam presved\u010d\u00ed. <strong>Sk\u00faste a\u00a0uvid\u00edte sami.<\/strong><\/p>\n<h2><strong>Dreven\u00e9 bicykle Bikemi<\/strong><\/h2>\n<p>Obdarova\u0165 niekoho tak\u00fdm darom, ktor\u00fd je na jednej strane ekologick\u00fd, inovat\u00edvny a\u00a0s\u00fa\u010dasne <strong>prinesie mno\u017estvo radost\u00ed a\u00a0z\u00e1\u017eitkov<\/strong>, skuto\u010dne stoj\u00ed za to. Tak\u00fato mo\u017enos\u0165 pon\u00faka slovensk\u00fd v\u00fdrobca jedine\u010dn\u00fdch dreven\u00fdch bicyklov <a href=\"https:\/\/bikemi.sk\" rel=\"noopener noreferrer\" target=\"_blank\">Bikemi<\/a>, v\u010faka ktor\u00e9mu m\u00f4\u017eete ma\u0165 pr\u00edrodu v\u017edy \u201eso sebou\u201c. Esteticky p\u00f4sobiv\u00e9 stroje, ktor\u00e9 ale nemaj\u00fa m\u00ednusy v\u00a0dr\u017ean\u00ed kroku s\u00a0technologick\u00fdmi inov\u00e1ciami, sl\u00fa\u017eia na r\u00f4zne \u00fa\u010dely &#8211; od mestsk\u00e9ho jazdenia a\u017e po samotn\u00e9 horsk\u00e9 preteky. Nemajte obavy, tieto bicykle vydr\u017eia mo\u017eno viac, ne\u017e vy sami.<\/p>\n<p><a href=\"https:\/\/d2p6e6u75xmxt8.cloudfront.net\/4\/2020\/12\/Vianoce_muzi_03.jpg\"><img loading=\"lazy\" decoding=\"async\" src=\"https:\/\/d2p6e6u75xmxt8.cloudfront.net\/4\/2020\/12\/Vianoce_muzi_03.jpg\" alt=\"\" width=\"1200\" height=\"800\" class=\"alignnone size-full wp-image-11211\" \/><\/a><\/p>\n<p><a href=\"https:\/\/www.welovecycling.com\/sk\/2020\/08\/19\/rozhovor-drevene-bicykle-vyrobene-na-slovensku-nie-sen-ale-skutocnost\/\" rel=\"noopener noreferrer\" target=\"_blank\">Rozhovor s\u00a0Michalom I\u017edinsk\u00fdm<\/a>, zakladate\u013eom tejto firmy, si m\u00f4\u017eete pre\u010d\u00edta\u0165 aj na na\u0161om port\u00e1li. V\u0161etky d\u00f4le\u017eit\u00e9 ot\u00e1zky a\u00a0odpovede sa dozviete priamo z\u00a0jeho \u00fast a\u00a0verte, \u017ee tieto pr\u00edrodn\u00e9 bicykle naozaj stoja za to.<\/p>\n<h2><strong>Plechov\u00fd hrn\u010dek na ak\u00fako\u013evek pr\u00edle\u017eitos\u0165<\/strong><\/h2>\n<p>Viacd\u0148ov\u00e9 t\u00fary po krajoch Slovenska sa nezaob\u00eddu bez poriadnej pr\u00edpravy. Okrem tej fyzickej v\u0161ak mus\u00edte po\u010d\u00edta\u0165 aj s\u00a0materi\u00e1lnou. Ve\u010dern\u00e9 kempovanie alebo rann\u00e9 vst\u00e1vanie si jednoducho vy\u017eaduje k\u00e1vu alebo \u010daj z\u00a0<strong>tradi\u010dn\u00e9ho smaltovan\u00e9ho hrn\u010deka<\/strong>. Od <a href=\"https:\/\/www.valachshop.sk\/eshop\/reklamne-predmety-slovakia\/plechove-hrnceky\/produkt\/plechovy-hrncek-slovenske-kvety\/\" rel=\"noopener noreferrer\" target=\"_blank\">Valacha<\/a> m\u00e1te na v\u00fdber z\u00a0r\u00f4znych objemov a\u00a0grafick\u00fdch spracovan\u00ed. V\u010faka odolnej kon\u0161trukcii a\u00a0jednoduch\u00e9mu prevedeniu ho m\u00f4\u017eete pripoji\u0165 jednoducho na batoh a\u00a0necha\u0165 okoloid\u00facich kocha\u0165 sa va\u0161\u00edm \u201eodznakom\u201c zo Slovenska. <\/p>\n<p><a href=\"https:\/\/d2p6e6u75xmxt8.cloudfront.net\/4\/2020\/12\/Vianoce_muzi_04.jpg\"><img loading=\"lazy\" decoding=\"async\" src=\"https:\/\/d2p6e6u75xmxt8.cloudfront.net\/4\/2020\/12\/Vianoce_muzi_04.jpg\" alt=\"\" width=\"1200\" height=\"800\" class=\"alignnone size-full wp-image-11212\" \/><\/a><\/p>\n<h2><strong>Doplnky stravy pre ka\u017ed\u00e9ho \u0161portovca<\/strong><\/h2>\n<p>Tr\u00e9nova\u0165 a\u00a0pritom nejes\u0165, to by nedopadlo dobre. Okrem kvalitnej slaniny a\u00a0rez\u0148a si ale niekedy potrebujete da\u0165 aj nie\u010do naviac, nie\u010do, \u010do v\u00e1m pom\u00f4\u017ee bu\u010f lep\u0161ie regenerova\u0165 svalstvo alebo napravi\u0165 pr\u00edpadn\u00e9 nedostatky. Slovensk\u00fd v\u00fdrobca <a href=\"https:\/\/www.kompava.sk\" rel=\"noopener noreferrer\" target=\"_blank\">Kompava<\/a> presne vie, \u010do potrebujete. Z\u00a0bohatej ponuky doplnkov sa m\u00f4\u017eete <strong>pripravi\u0165 na viacero druhov \u0161portov<\/strong> &#8211; \u010di u\u017e ide o\u00a0vytrvalostn\u00e9 \u0161porty, akou je aj cyklistika, alebo na silov\u00e9 discipl\u00edny. K\u00a0tomu sa prid\u00e1va aj v\u0161eobecn\u00fd apel na zdrav\u00fd \u017eivotn\u00fd \u0161t\u00fdl, ktor\u00fd si Slov\u00e1ci m\u00f4\u017eu vychutn\u00e1va\u0165 u\u017e cel\u00fdch 18 rokov.<\/p>\n<p><a href=\"https:\/\/d2p6e6u75xmxt8.cloudfront.net\/4\/2020\/12\/Vianoce_muzi_05.jpg\"><img loading=\"lazy\" decoding=\"async\" src=\"https:\/\/d2p6e6u75xmxt8.cloudfront.net\/4\/2020\/12\/Vianoce_muzi_05.jpg\" alt=\"\" width=\"1200\" height=\"800\" class=\"alignnone size-full wp-image-11213\" \/><\/a><\/p>\n<h2><strong>Pono\u017eky TASURO spod Tatier<\/strong><\/h2>\n<p>C\u00edti\u0165 sa komfortne, ma\u0165 chodidlo neust\u00e1le odvetr\u00e1van\u00e9 a\u00a0u\u017e\u00edva\u0165 si tak len samotn\u00fd v\u00fdjazd &#8211; to je snom mnoh\u00fdch z\u00a0n\u00e1s. Aby sme sa k\u00a0nemu ale pribl\u00ed\u017eili, m\u00f4\u017eeme sa <strong>vybavi\u0165 funk\u010dn\u00fdmi pono\u017ekami<\/strong>, ako napr\u00edklad t\u00fdmi z\u00a0<a href=\"https:\/\/sk.tatrasvit-socks.eu\/tasuro-sportove-ponozky-s-odvadzanim-vlhkosti-a-striebrom.html#gref\" rel=\"noopener noreferrer\" target=\"_blank\">Tatrasvitu<\/a>. \u0160trukt\u00farovan\u00e1 vrchn\u00e1 \u010das\u0165 a\u00a0odoln\u00fd spodok zaru\u010duj\u00fa plynul\u00e9 vyparovanie vlhkosti, zatia\u013e \u010do v\u00e4\u010d\u0161inov\u00fd podiel bavlny je zn\u00e1mkou m\u00e4kk\u00e9ho na\u0161\u013eapovania. Nezab\u00fada sa ani na pr\u00eddavok i\u00f3nov\u00e9ho striebra pre antibakteri\u00e1lne vlastnosti. Dostupn\u00e9 s\u00fa aj v\u00a0prevedeniach s\u00a0vy\u0161\u0161\u00edm profilom.<\/p>\n<p><a href=\"https:\/\/d2p6e6u75xmxt8.cloudfront.net\/4\/2020\/12\/Vianoce_muzi_02.jpg\"><img loading=\"lazy\" decoding=\"async\" src=\"https:\/\/d2p6e6u75xmxt8.cloudfront.net\/4\/2020\/12\/Vianoce_muzi_02.jpg\" alt=\"\" width=\"1200\" height=\"800\" class=\"alignnone size-full wp-image-11218\" \/><\/a><\/p>\n<h2><strong>Ty\u010dinka (takmer) z\u00a0lona v\u00fdchodoslovenskej metropoly<\/strong><\/h2>\n<p>Ke\u010f sa v\u00a0Ko\u0161iciach povie slovo <a href=\"https:\/\/www.marva.sk\" rel=\"noopener noreferrer\" target=\"_blank\">Marva<\/a>, cyklisti a\u00a0\u0161portovci vo v\u0161eobecnosti ur\u010dite tu\u0161ia, \u017ee ide o\u00a0<strong>neopakovate\u013en\u00e9, dom\u00e1ce m\u00fcsli ty\u010dinky<\/strong> z\u00a0produkcie Martina Vargu. Tento p\u00e1n, s\u00e1m nad\u0161en\u00fd \u0161portovec, v\u00a0ponuke prin\u00e1\u0161a okrem spom\u00ednan\u00fdch ty\u010diniek aj poh\u00e1nkov\u00e9 alternat\u00edvy, su\u0161en\u00e9 ovocie, orechy, semienka \u010di \u010dokol\u00e1du &#8211; jednoducho v\u0161etko to, \u010do budete na v\u00fdjazde potrebova\u0165. Av\u0161ak ako sa hovor\u00ed, rad\u0161ej raz vysk\u00fa\u0161a\u0165, ako tis\u00edckr\u00e1t po\u010du\u0165!<\/p>\n<p><a href=\"https:\/\/d2p6e6u75xmxt8.cloudfront.net\/4\/2020\/12\/Vianoce_muzi_06.jpg\"><img loading=\"lazy\" decoding=\"async\" src=\"https:\/\/d2p6e6u75xmxt8.cloudfront.net\/4\/2020\/12\/Vianoce_muzi_06.jpg\" alt=\"\" width=\"1200\" height=\"800\" class=\"alignnone size-full wp-image-11214\" \/><\/a><\/p>\n<h2><strong>Bonus pre mal\u00e9ho cyklistu \u010di cyklistku: Karolka ko\u0161\u00edk na bicykel<\/strong><\/h2>\n<p>Mo\u017eno to nebude to prav\u00e9 orechov\u00e9 pre dospel\u00e1kov, ale deti si to ur\u010dite zasl\u00fa\u017eia. Jedine\u010dn\u00fd pl\u00e1tenn\u00fd ko\u0161\u00edk z\u00a0produkcie <a href=\"https:\/\/www.karolka.sk\/tasky\/kosik-na-bicykel\/kosik-taska-na-bicykel-bikebag-maleho-namornika-n-d\" rel=\"noopener noreferrer\" target=\"_blank\">Karolka<\/a> nielen\u017ee dobre vyzer\u00e1, ale s\u00fa\u010dasne pln\u00ed aj svoju funkciu. Pestr\u00e9 farby, jemn\u00fd textiln\u00fd povrch a\u00a0v\u00a0neposlednom rade aj \u0161itie na mieru, ktor\u00fdm zaru\u010d\u00edte, \u017ee va\u0161ej ratolesti <strong>padne presne ako uliaty<\/strong>. Dostupn\u00e9 s\u00fa v\u00a0nespo\u010detn\u00fdch vari\u00e1ci\u00e1ch a\u00a0pri dohode s\u00a0v\u00fdrobcom sa mo\u017eno dopracujete k\u00a0vysn\u00edvanej grafike. Samozrejme, ak po takomto ko\u0161\u00edku t\u00fa\u017eite aj vy, hranice predstavivosti sa neklad\u00fa!<\/p>\n<p><a href=\"https:\/\/d2p6e6u75xmxt8.cloudfront.net\/4\/2020\/12\/Vianoce_muzi_01.jpg\"><img loading=\"lazy\" decoding=\"async\" src=\"https:\/\/d2p6e6u75xmxt8.cloudfront.net\/4\/2020\/12\/Vianoce_muzi_01.jpg\" alt=\"\" width=\"1200\" height=\"800\" class=\"alignnone size-full wp-image-11215\" \/><\/a><\/p>\n<div class=\"shortcode-ys-post-pinup\"><article class=\"loop-simple post-11130 post type-post status-publish format-standard has-post-thumbnail hentry category-nakupny-poradca tag-darceky tag-deti tag-detske-bicykle tag-horska-cyklistika tag-nakup tag-nakupny-poradca tag-oblecenie tag-prilba tag-tricko tag-vianoce tag-zima global-categories-cycling\" data-postid=\"11130\" role=\"article\" data-post-id=\"11130\" data-word-count=\"577\" data-headline-length=\"48\" data-category=\"N\u00e1kupn\u00fd poradca\" data-global-category=\"Cycling\" data-author=\"WeLoveCycling\" data-published=\"2020-12-07T10:00:43+01:00\" data-published-day=\"Monday\">\n    <div class=\"entry-thumbnail article-thumbnail\" content=\"https:\/\/d2p6e6u75xmxt8.cloudfront.net\/4\/2020\/12\/Vianoce_00b-150x150.webp\"><a href=\"https:\/\/www.welovecycling.com\/sk\/2020\/12\/07\/darceky-pre-maleho-bikera-tipy-od-nas\/\" class=\"image-holder\" target=\"_self\"><img decoding=\"async\" loading=\"lazy\" class=\"\" src=\"https:\/\/d2p6e6u75xmxt8.cloudfront.net\/4\/2020\/12\/Vianoce_00b-1024x445.webp\" srcset=\"https:\/\/d2p6e6u75xmxt8.cloudfront.net\/4\/2020\/12\/Vianoce_00b.webp 1380w, https:\/\/d2p6e6u75xmxt8.cloudfront.net\/4\/2020\/12\/Vianoce_00b-300x130.webp 300w, https:\/\/d2p6e6u75xmxt8.cloudfront.net\/4\/2020\/12\/Vianoce_00b-1024x445.webp 1024w, https:\/\/d2p6e6u75xmxt8.cloudfront.net\/4\/2020\/12\/Vianoce_00b-768x334.webp 768w\" width=\"1024\" height=\"445\" sizes=\"auto, (min-width: 1200px) 460px, (min-width: 768px) 38vw, 100vw\" alt=\"darceky-pre-maleho-bikera-tipy-od-nas\"\/><\/a><\/div>    <div class=\"entry-meta\">\n        <a class=\"label label-secondary post-category\" href=\"https:\/\/www.welovecycling.com\/sk\/category\/nakupny-poradca\/\" title=\"N\u00e1kupn\u00fd poradca\">N\u00e1kupn\u00fd poradca<\/a>\n    <\/div>\n    <div class=\"entry-details\">\n        <a href=\"https:\/\/www.welovecycling.com\/sk\/2020\/12\/07\/darceky-pre-maleho-bikera-tipy-od-nas\/\" class='entry-title-wrapper'>\n            <h3 class=\"entry-title\"><span>Dar\u010deky pre mal\u00e9ho bikera &#8211; tipy od n\u00e1s<\/span><\/h3>\n        <\/a>\n    <\/div>\n    <\/article>\n<\/div>\n<p>Tak \u010do, in\u0161pirovali sme v\u00e1s nejak\u00fdm tipom? <strong>Prajeme v\u00e1m pr\u00edjemn\u00e9 pre\u017eitie viano\u010dn\u00fdch sviatkov.<\/strong><\/p>\n","protected":false},"excerpt":{"rendered":"<p>\u010co by ste asi tak chceli dosta\u0165 alebo v\u00a0druhom pr\u00edpade darova\u0165 po\u010das nasleduj\u00facich sviatkov? V\u00fdber mo\u017enost\u00ed takmer nie je limitovan\u00fd [&hellip;]<\/p>\n","protected":false},"author":81,"featured_media":11209,"comment_status":"open","ping_status":"open","sticky":false,"template":"","format":"standard","meta":{"footnotes":""},"categories":[52],"tags":[559,619,115,53,561,180,532,664,600,669,215,285,349,163,344],"global-categories":[1074],"class_list":["post-11207","post","type-post","status-publish","format-standard","has-post-thumbnail","hentry","category-nakupny-poradca","tag-bicykel","tag-bicyklovanie","tag-cestna-cyklistika","tag-deti","tag-dreveny-bicykel","tag-horska-cyklistika","tag-jazdenie","tag-kompava","tag-muzi","tag-nakup","tag-nakupny-poradca","tag-oblecenie","tag-ponozky","tag-strava","tag-vianoce","global-categories-cycling"],"yoast_head":"<!-- This site is optimized with the Yoast SEO Premium plugin v25.3 (Yoast SEO v25.9) - https:\/\/yoast.com\/wordpress\/plugins\/seo\/ -->\n<title>Drobnosti, ktor\u00fdmi pote\u0161\u00edte cyklistu - v\u00fdber pre mu\u017eov - \u0160koda We Love Cycling Slovensko<\/title>\n<meta name=\"robots\" content=\"index, follow, max-snippet:-1, max-image-preview:large, max-video-preview:-1\" \/>\n<link rel=\"canonical\" href=\"https:\/\/www.welovecycling.com\/sk\/2020\/12\/11\/drobnosti-ktorymi-potesite-cyklistu-vyber-pre-muzov\/\" \/>\n<meta property=\"og:locale\" content=\"sk_SK\" \/>\n<meta property=\"og:type\" content=\"article\" \/>\n<meta property=\"og:title\" content=\"Drobnosti, ktor\u00fdmi pote\u0161\u00edte cyklistu - v\u00fdber pre mu\u017eov\" \/>\n<meta property=\"og:description\" content=\"\u010co by ste asi tak chceli dosta\u0165 alebo v\u00a0druhom pr\u00edpade darova\u0165 po\u010das nasleduj\u00facich sviatkov? V\u00fdber mo\u017enost\u00ed takmer nie je limitovan\u00fd [&hellip;]\" \/>\n<meta property=\"og:url\" content=\"https:\/\/www.welovecycling.com\/sk\/2020\/12\/11\/drobnosti-ktorymi-potesite-cyklistu-vyber-pre-muzov\/\" \/>\n<meta property=\"og:site_name\" content=\"\u0160koda We Love Cycling Slovensko\" \/>\n<meta property=\"article:published_time\" content=\"2020-12-11T09:00:08+00:00\" \/>\n<meta property=\"og:image\" content=\"https:\/\/d2p6e6u75xmxt8.cloudfront.net\/4\/2020\/12\/Vianoce_muzi_00.webp\" \/>\n\t<meta property=\"og:image:width\" content=\"1380\" \/>\n\t<meta property=\"og:image:height\" content=\"600\" \/>\n\t<meta property=\"og:image:type\" content=\"image\/webp\" \/>\n<meta name=\"twitter:card\" content=\"summary_large_image\" \/>\n<meta name=\"twitter:label1\" content=\"Written by\" \/>\n\t<meta name=\"twitter:data1\" content=\"WeLoveCycling\" \/>\n\t<meta name=\"twitter:label2\" content=\"Est. reading time\" \/>\n\t<meta name=\"twitter:data2\" content=\"4\" \/>\n<script type=\"application\/ld+json\" class=\"yoast-schema-graph\">{\"@context\":\"https:\/\/schema.org\",\"@graph\":[{\"@type\":\"WebPage\",\"@id\":\"https:\/\/www.welovecycling.com\/sk\/2020\/12\/11\/drobnosti-ktorymi-potesite-cyklistu-vyber-pre-muzov\/\",\"url\":\"https:\/\/www.welovecycling.com\/sk\/2020\/12\/11\/drobnosti-ktorymi-potesite-cyklistu-vyber-pre-muzov\/\",\"name\":\"Drobnosti, ktor\u00fdmi pote\u0161\u00edte cyklistu - v\u00fdber pre mu\u017eov - \u0160koda We Love Cycling Slovensko\",\"isPartOf\":{\"@id\":\"https:\/\/www.welovecycling.com\/sk\/#website\"},\"primaryImageOfPage\":{\"@id\":\"https:\/\/www.welovecycling.com\/sk\/2020\/12\/11\/drobnosti-ktorymi-potesite-cyklistu-vyber-pre-muzov\/#primaryimage\"},\"image\":{\"@id\":\"https:\/\/www.welovecycling.com\/sk\/2020\/12\/11\/drobnosti-ktorymi-potesite-cyklistu-vyber-pre-muzov\/#primaryimage\"},\"thumbnailUrl\":\"https:\/\/d2p6e6u75xmxt8.cloudfront.net\/4\/2020\/12\/Vianoce_muzi_00.webp\",\"datePublished\":\"2020-12-11T09:00:08+00:00\",\"author\":{\"@id\":\"\"},\"breadcrumb\":{\"@id\":\"https:\/\/www.welovecycling.com\/sk\/2020\/12\/11\/drobnosti-ktorymi-potesite-cyklistu-vyber-pre-muzov\/#breadcrumb\"},\"inLanguage\":\"sk-SK\",\"potentialAction\":[{\"@type\":\"ReadAction\",\"target\":[\"https:\/\/www.welovecycling.com\/sk\/2020\/12\/11\/drobnosti-ktorymi-potesite-cyklistu-vyber-pre-muzov\/\"]}]},{\"@type\":\"ImageObject\",\"inLanguage\":\"sk-SK\",\"@id\":\"https:\/\/www.welovecycling.com\/sk\/2020\/12\/11\/drobnosti-ktorymi-potesite-cyklistu-vyber-pre-muzov\/#primaryimage\",\"url\":\"https:\/\/d2p6e6u75xmxt8.cloudfront.net\/4\/2020\/12\/Vianoce_muzi_00.webp\",\"contentUrl\":\"https:\/\/d2p6e6u75xmxt8.cloudfront.net\/4\/2020\/12\/Vianoce_muzi_00.webp\",\"width\":1380,\"height\":600},{\"@type\":\"BreadcrumbList\",\"@id\":\"https:\/\/www.welovecycling.com\/sk\/2020\/12\/11\/drobnosti-ktorymi-potesite-cyklistu-vyber-pre-muzov\/#breadcrumb\",\"itemListElement\":[{\"@type\":\"ListItem\",\"position\":1,\"name\":\"Home\",\"item\":\"https:\/\/www.welovecycling.com\/sk\/\"},{\"@type\":\"ListItem\",\"position\":2,\"name\":\"Drobnosti, ktor\u00fdmi pote\u0161\u00edte cyklistu &#8211; v\u00fdber pre mu\u017eov\"}]},{\"@type\":\"WebSite\",\"@id\":\"https:\/\/www.welovecycling.com\/sk\/#website\",\"url\":\"https:\/\/www.welovecycling.com\/sk\/\",\"name\":\"\u0160koda We Love Cycling Slovensko\",\"description\":\"\u0160koda We Love Cycling Slovensko je v\u00e1\u0161 ka\u017edodenn\u00fd zdroj noviniek a in\u0161pir\u00e1cie z sveta cyklistiky\",\"potentialAction\":[{\"@type\":\"SearchAction\",\"target\":{\"@type\":\"EntryPoint\",\"urlTemplate\":\"https:\/\/www.welovecycling.com\/sk\/?s={search_term_string}\"},\"query-input\":{\"@type\":\"PropertyValueSpecification\",\"valueRequired\":true,\"valueName\":\"search_term_string\"}}],\"inLanguage\":\"sk-SK\"},{\"@type\":\"Person\",\"@id\":\"\",\"url\":\"https:\/\/www.welovecycling.com\/sk\/author\/\"}]}<\/script>\n<!-- \/ Yoast SEO Premium plugin. -->","yoast_head_json":{"title":"Drobnosti, ktor\u00fdmi pote\u0161\u00edte cyklistu - v\u00fdber pre mu\u017eov - \u0160koda We Love Cycling Slovensko","robots":{"index":"index","follow":"follow","max-snippet":"max-snippet:-1","max-image-preview":"max-image-preview:large","max-video-preview":"max-video-preview:-1"},"canonical":"https:\/\/www.welovecycling.com\/sk\/2020\/12\/11\/drobnosti-ktorymi-potesite-cyklistu-vyber-pre-muzov\/","og_locale":"sk_SK","og_type":"article","og_title":"Drobnosti, ktor\u00fdmi pote\u0161\u00edte cyklistu - v\u00fdber pre mu\u017eov","og_description":"\u010co by ste asi tak chceli dosta\u0165 alebo v\u00a0druhom pr\u00edpade darova\u0165 po\u010das nasleduj\u00facich sviatkov? V\u00fdber mo\u017enost\u00ed takmer nie je limitovan\u00fd [&hellip;]","og_url":"https:\/\/www.welovecycling.com\/sk\/2020\/12\/11\/drobnosti-ktorymi-potesite-cyklistu-vyber-pre-muzov\/","og_site_name":"\u0160koda We Love Cycling Slovensko","article_published_time":"2020-12-11T09:00:08+00:00","og_image":[{"width":1380,"height":600,"url":"https:\/\/d2p6e6u75xmxt8.cloudfront.net\/4\/2020\/12\/Vianoce_muzi_00.webp","type":"image\/webp"}],"twitter_card":"summary_large_image","twitter_misc":{"Written by":"WeLoveCycling","Est. reading time":"4"},"schema":{"@context":"https:\/\/schema.org","@graph":[{"@type":"WebPage","@id":"https:\/\/www.welovecycling.com\/sk\/2020\/12\/11\/drobnosti-ktorymi-potesite-cyklistu-vyber-pre-muzov\/","url":"https:\/\/www.welovecycling.com\/sk\/2020\/12\/11\/drobnosti-ktorymi-potesite-cyklistu-vyber-pre-muzov\/","name":"Drobnosti, ktor\u00fdmi pote\u0161\u00edte cyklistu - v\u00fdber pre mu\u017eov - \u0160koda We Love Cycling Slovensko","isPartOf":{"@id":"https:\/\/www.welovecycling.com\/sk\/#website"},"primaryImageOfPage":{"@id":"https:\/\/www.welovecycling.com\/sk\/2020\/12\/11\/drobnosti-ktorymi-potesite-cyklistu-vyber-pre-muzov\/#primaryimage"},"image":{"@id":"https:\/\/www.welovecycling.com\/sk\/2020\/12\/11\/drobnosti-ktorymi-potesite-cyklistu-vyber-pre-muzov\/#primaryimage"},"thumbnailUrl":"https:\/\/d2p6e6u75xmxt8.cloudfront.net\/4\/2020\/12\/Vianoce_muzi_00.webp","datePublished":"2020-12-11T09:00:08+00:00","author":{"@id":""},"breadcrumb":{"@id":"https:\/\/www.welovecycling.com\/sk\/2020\/12\/11\/drobnosti-ktorymi-potesite-cyklistu-vyber-pre-muzov\/#breadcrumb"},"inLanguage":"sk-SK","potentialAction":[{"@type":"ReadAction","target":["https:\/\/www.welovecycling.com\/sk\/2020\/12\/11\/drobnosti-ktorymi-potesite-cyklistu-vyber-pre-muzov\/"]}]},{"@type":"ImageObject","inLanguage":"sk-SK","@id":"https:\/\/www.welovecycling.com\/sk\/2020\/12\/11\/drobnosti-ktorymi-potesite-cyklistu-vyber-pre-muzov\/#primaryimage","url":"https:\/\/d2p6e6u75xmxt8.cloudfront.net\/4\/2020\/12\/Vianoce_muzi_00.webp","contentUrl":"https:\/\/d2p6e6u75xmxt8.cloudfront.net\/4\/2020\/12\/Vianoce_muzi_00.webp","width":1380,"height":600},{"@type":"BreadcrumbList","@id":"https:\/\/www.welovecycling.com\/sk\/2020\/12\/11\/drobnosti-ktorymi-potesite-cyklistu-vyber-pre-muzov\/#breadcrumb","itemListElement":[{"@type":"ListItem","position":1,"name":"Home","item":"https:\/\/www.welovecycling.com\/sk\/"},{"@type":"ListItem","position":2,"name":"Drobnosti, ktor\u00fdmi pote\u0161\u00edte cyklistu &#8211; v\u00fdber pre mu\u017eov"}]},{"@type":"WebSite","@id":"https:\/\/www.welovecycling.com\/sk\/#website","url":"https:\/\/www.welovecycling.com\/sk\/","name":"\u0160koda We Love Cycling Slovensko","description":"\u0160koda We Love Cycling Slovensko je v\u00e1\u0161 ka\u017edodenn\u00fd zdroj noviniek a in\u0161pir\u00e1cie z sveta cyklistiky","potentialAction":[{"@type":"SearchAction","target":{"@type":"EntryPoint","urlTemplate":"https:\/\/www.welovecycling.com\/sk\/?s={search_term_string}"},"query-input":{"@type":"PropertyValueSpecification","valueRequired":true,"valueName":"search_term_string"}}],"inLanguage":"sk-SK"},{"@type":"Person","@id":"","url":"https:\/\/www.welovecycling.com\/sk\/author\/"}]}},"_links":{"self":[{"href":"https:\/\/www.welovecycling.com\/sk\/wp-json\/wp\/v2\/posts\/11207","targetHints":{"allow":["GET"]}}],"collection":[{"href":"https:\/\/www.welovecycling.com\/sk\/wp-json\/wp\/v2\/posts"}],"about":[{"href":"https:\/\/www.welovecycling.com\/sk\/wp-json\/wp\/v2\/types\/post"}],"author":[{"embeddable":true,"href":"https:\/\/www.welovecycling.com\/sk\/wp-json\/wp\/v2\/users\/81"}],"replies":[{"embeddable":true,"href":"https:\/\/www.welovecycling.com\/sk\/wp-json\/wp\/v2\/comments?post=11207"}],"version-history":[{"count":2,"href":"https:\/\/www.welovecycling.com\/sk\/wp-json\/wp\/v2\/posts\/11207\/revisions"}],"predecessor-version":[{"id":11220,"href":"https:\/\/www.welovecycling.com\/sk\/wp-json\/wp\/v2\/posts\/11207\/revisions\/11220"}],"wp:featuredmedia":[{"embeddable":true,"href":"https:\/\/www.welovecycling.com\/sk\/wp-json\/wp\/v2\/media\/11209"}],"wp:attachment":[{"href":"https:\/\/www.welovecycling.com\/sk\/wp-json\/wp\/v2\/media?parent=11207"}],"wp:term":[{"taxonomy":"category","embeddable":true,"href":"https:\/\/www.welovecycling.com\/sk\/wp-json\/wp\/v2\/categories?post=11207"},{"taxonomy":"post_tag","embeddable":true,"href":"https:\/\/www.welovecycling.com\/sk\/wp-json\/wp\/v2\/tags?post=11207"},{"taxonomy":"global-categories","embeddable":true,"href":"https:\/\/www.welovecycling.com\/sk\/wp-json\/wp\/v2\/global-categories?post=11207"}],"curies":[{"name":"wp","href":"https:\/\/api.w.org\/{rel}","templated":true}]}}