{"id":11165,"date":"2020-12-18T10:00:53","date_gmt":"2020-12-18T09:00:53","guid":{"rendered":"https:\/\/www.welovecycling.com\/sk\/?p=11165"},"modified":"2020-12-03T18:32:32","modified_gmt":"2020-12-03T17:32:32","slug":"tip-na-vylet-hrad-sivy-kamen-spomienky-na-tuto-cyklisticku-sezonu","status":"publish","type":"post","link":"https:\/\/www.welovecycling.com\/sk\/2020\/12\/18\/tip-na-vylet-hrad-sivy-kamen-spomienky-na-tuto-cyklisticku-sezonu\/","title":{"rendered":"Tip na v\u00fdlet: Hrad Siv\u00fd kame\u0148 &#8211; spomienky na t\u00fato cyklistick\u00fa sez\u00f3nu"},"content":{"rendered":"<p><strong>Pohorie Vt\u00e1\u010dnik na Hornej Nitre pon\u00faka ve\u013ea mo\u017enost\u00ed ako si dobre zajazdi\u0165 na bicykli. A\u00a0nielen to. Navy\u0161e je tu nieko\u013eko zauj\u00edmav\u00fdch pr\u00edrodn\u00fdch \u00fakazov, kr\u00e1snych v\u00fdh\u013eadov, star\u00fdch bukov\u00fdch lesov a\u00a0v\u00a0neposlednom rade desiatky zauj\u00edmav\u00fdch skaln\u00fdch \u00fatvarov. Niet divu, vznik pohoria je spojen\u00fd so sope\u010dnou \u010dinnos\u0165ou a\u00a0tak na r\u00f4zne obrovsk\u00e9 skaly naraz\u00edte po\u010das v\u00fdjazdu ka\u017ed\u00fa chv\u00ed\u013eu.<\/strong><!--more--><\/p>\n<p>Na jednom z\u00a0t\u00fdchto skaln\u00fdch mas\u00edvov bol v\u00a0\u0161trn\u00e1stom storo\u010d\u00ed postaven\u00fd <strong>hrad Siv\u00fd Kame\u0148<\/strong>. V\u00a0tom \u010dase v\u00a0okol\u00ed bol len Bojnick\u00fd z\u00e1mok a\u00a0bolo potrebn\u00e9 nov\u00e9 administrat\u00edvne centrum. To bol hlavn\u00fd d\u00f4vod vzniku hradu, ktor\u00fd dostal pomenovanie pod\u013ea sivej farby kame\u0148ov, ktor\u00e9 boli pou\u017eit\u00e9 na jeho stavbu.<\/p>\n<p><a href=\"https:\/\/d2p6e6u75xmxt8.cloudfront.net\/4\/2020\/12\/Tip-na-vylet-Hrad-Sivy-kamen_01.JPG.jpg\"><img loading=\"lazy\" decoding=\"async\" src=\"https:\/\/d2p6e6u75xmxt8.cloudfront.net\/4\/2020\/12\/Tip-na-vylet-Hrad-Sivy-kamen_01.JPG.jpg\" alt=\"\" width=\"1200\" height=\"800\" class=\"alignnone size-full wp-image-11168\" \/><\/a><\/p>\n<p>U\u017e samotn\u00e9 okolie hradu p\u00f4sob\u00ed tajomne a\u00a0na m\u0148a ako z\u00a0pr\u00edbehov P\u00e1na prste\u0148ov. Obrovsk\u00e9 skaly s\u00fa roztr\u00fasen\u00e9 po celom okol\u00ed, akoby ich tam rozh\u00e1dzal nejak\u00fd obor \u010di in\u00e1 fantastick\u00e1 bytos\u0165. Dosta\u0165 sa tam d\u00e1 viacer\u00fdmi mo\u017enos\u0165ami, asi najjednoduch\u0161ia mo\u017enos\u0165 je pr\u00eds\u0165 do <strong>obce Podhradie<\/strong>. Pre fan\u00fa\u0161ikov cyklistiky s\u00fa v\u0161ak zauj\u00edmavej\u0161ie pr\u00edstupov\u00e9 cesty cez okolit\u00e9 lesn\u00e9 cesti\u010dky. Dobre sa to d\u00e1 prepoji\u0165 aj s\u00a0n\u00e1v\u0161tevou <a href=\"https:\/\/www.welovecycling.com\/sk\/2020\/02\/24\/tip-na-vylet-jancekova-skala-tam-kde-su-mraveniska-vyssie-ako-cyklista\/\" rel=\"noopener noreferrer\" target=\"_blank\">Jan\u010dekovej skaly<\/a>, o\u00a0ktorej som p\u00edsal za\u010diatkom roku.<\/p>\n<div class=\"shortcode-ys-post-pinup\"><article class=\"loop-simple post-9152 post type-post status-publish format-standard has-post-thumbnail hentry category-odporucame tag-bicykel tag-bicyklovanie tag-cestna-cyklistika tag-cestovanie-s-bicyklom tag-cyklochodnik tag-cyklorodinka tag-cyklotrasy tag-horska-cyklistika tag-jancekova-skala tag-jar tag-jazda tag-jazdenie tag-les tag-slovensko tag-tip-na-vylet tag-trasa tag-vylet tag-zvierata global-categories-cycling\" data-postid=\"9152\" role=\"article\" data-post-id=\"9152\" data-word-count=\"421\" data-headline-length=\"82\" data-category=\"Odpor\u00fa\u010dame\" data-global-category=\"Cycling\" data-author=\"Radovan Vr\u0161ka\" data-published=\"2020-02-24T12:12:02+01:00\" data-published-day=\"Monday\">\n    <div class=\"entry-thumbnail article-thumbnail\" content=\"https:\/\/d2p6e6u75xmxt8.cloudfront.net\/4\/2020\/01\/Skala_00-150x150.webp\"><a href=\"https:\/\/www.welovecycling.com\/sk\/2020\/02\/24\/tip-na-vylet-jancekova-skala-tam-kde-su-mraveniska-vyssie-ako-cyklista\/\" class=\"image-holder\" target=\"_self\"><img decoding=\"async\" loading=\"lazy\" class=\"\" src=\"https:\/\/d2p6e6u75xmxt8.cloudfront.net\/4\/2020\/01\/Skala_00-1024x445.webp\" srcset=\"https:\/\/d2p6e6u75xmxt8.cloudfront.net\/4\/2020\/01\/Skala_00.webp 1380w, https:\/\/d2p6e6u75xmxt8.cloudfront.net\/4\/2020\/01\/Skala_00-300x130.webp 300w, https:\/\/d2p6e6u75xmxt8.cloudfront.net\/4\/2020\/01\/Skala_00-1024x445.webp 1024w, https:\/\/d2p6e6u75xmxt8.cloudfront.net\/4\/2020\/01\/Skala_00-768x334.webp 768w\" width=\"1024\" height=\"445\" sizes=\"auto, (min-width: 1200px) 460px, (min-width: 768px) 38vw, 100vw\" alt=\"tip-na-vylet-jancekova-skala-tam-kde-su-mraveniska-vyssie-ako-cyklista\"\/><\/a><\/div>    <div class=\"entry-meta\">\n        <a class=\"label label-secondary post-category\" href=\"https:\/\/www.welovecycling.com\/sk\/category\/odporucame\/\" title=\"Odpor\u00fa\u010dame\">Odpor\u00fa\u010dame<\/a>\n    <\/div>\n    <div class=\"entry-details\">\n        <a href=\"https:\/\/www.welovecycling.com\/sk\/2020\/02\/24\/tip-na-vylet-jancekova-skala-tam-kde-su-mraveniska-vyssie-ako-cyklista\/\" class='entry-title-wrapper'>\n            <h3 class=\"entry-title\"><span>Tip na v\u00fdlet: Jan\u010dekova skala \u2013 tam, kde s\u00fa mravenisk\u00e1 vy\u0161\u0161ie ako cyklista<\/span><\/h3>\n        <\/a>\n    <\/div>\n    <\/article>\n<\/div>\n<p><a href=\"https:\/\/d2p6e6u75xmxt8.cloudfront.net\/4\/2020\/12\/Tip-na-vylet-Hrad-Sivy-kamen_02.JPG.jpg\"><img loading=\"lazy\" decoding=\"async\" src=\"https:\/\/d2p6e6u75xmxt8.cloudfront.net\/4\/2020\/12\/Tip-na-vylet-Hrad-Sivy-kamen_02.JPG.jpg\" alt=\"\" width=\"1200\" height=\"800\" class=\"alignnone size-full wp-image-11169\" \/><\/a><\/p>\n<p>Ke\u010f\u017ee je t\u00e1to skala ne\u010faleko hradu, je logick\u00e9, \u017ee m\u00e1 <strong>pod\u013ea povesti s\u00a0n\u00edm spojitos\u0165<\/strong>. Jan\u010dek bol velite\u013eom vojensk\u00fdch vysl\u00fa\u017eilcov, ktor\u00ed rabovali kraj a\u00a0tr\u00fafli si aj na hrad. Ten s\u00edce nedobyli, ale pos\u00e1dka ich nieko\u013eko zajala. Dc\u00e9ra hradn\u00e9ho p\u00e1na sa do Jan\u010deka zamilovala, vyprosila pre neho milos\u0165. Ten v\u0161ak pri \u00fateku z\u00a0tejto skaly spadol aj s\u00a0ko\u0148om a\u00a0odvtedy m\u00e1 skala jeho meno.<\/p>\n<p><a href=\"https:\/\/d2p6e6u75xmxt8.cloudfront.net\/4\/2020\/12\/Tip-na-vylet-Hrad-Sivy-kamen_03.JPG.jpg\"><img loading=\"lazy\" decoding=\"async\" src=\"https:\/\/d2p6e6u75xmxt8.cloudfront.net\/4\/2020\/12\/Tip-na-vylet-Hrad-Sivy-kamen_03.JPG.jpg\" alt=\"\" width=\"1200\" height=\"800\" class=\"alignnone size-full wp-image-11170\" \/><\/a><\/p>\n<p>\u010ci u\u017e v\u00e1s teda zauj\u00edmaj\u00fa povesti, alebo radi nav\u0161tevujete hrady a\u00a0z\u00e1mky, <strong>v\u00fdlet do pohoria Vt\u00e1\u010dnik ur\u010dite nebudete \u013eutova\u0165<\/strong>. Ka\u017ed\u00fd cyklista tu n\u00e1jde \u010di u\u017e vysok\u00e9 kopce, ktor\u00e9 m\u00f4\u017ee bra\u0165 ako v\u00fdzvu, alebo par\u00e1dne a\u00a0dlh\u00e9 zjazdy. Ak v\u0161ak nechcete \u010daka\u0165 do jari, aby ste prevetrali svoje bicykle, vydajte sa tam aj hne\u010f ako turisti, lebo aj zimn\u00e1 krajina m\u00e1 svoje \u010daro.<\/p>\n","protected":false},"excerpt":{"rendered":"<p>Pohorie Vt\u00e1\u010dnik na Hornej Nitre pon\u00faka ve\u013ea mo\u017enost\u00ed ako si dobre zajazdi\u0165 na bicykli. A\u00a0nielen to. Navy\u0161e je tu nieko\u013eko [&hellip;]<\/p>\n","protected":false},"author":81,"featured_media":11167,"comment_status":"open","ping_status":"open","sticky":false,"template":"","format":"standard","meta":{"footnotes":""},"categories":[191],"tags":[115,180,744,1303,1197,1191,1102,824,931,947,741,545,318,508],"global-categories":[1074],"class_list":["post-11165","post","type-post","status-publish","format-standard","has-post-thumbnail","hentry","category-odporucame","tag-cestna-cyklistika","tag-horska-cyklistika","tag-hrad","tag-hrad-sivy-kamen","tag-jancekova-skala","tag-jazda","tag-kopec","tag-les","tag-odporucame","tag-pohorie","tag-tip-na-vylet","tag-trasa","tag-vyjazd","tag-vylet","global-categories-cycling"],"yoast_head":"<!-- This site is optimized with the Yoast SEO Premium plugin v25.3 (Yoast SEO v25.9) - https:\/\/yoast.com\/wordpress\/plugins\/seo\/ -->\n<title>Tip na v\u00fdlet: Hrad Siv\u00fd kame\u0148 - spomienky na t\u00fato cyklistick\u00fa sez\u00f3nu - \u0160koda We Love Cycling Slovensko<\/title>\n<meta name=\"robots\" content=\"index, follow, max-snippet:-1, max-image-preview:large, max-video-preview:-1\" \/>\n<link rel=\"canonical\" href=\"https:\/\/www.welovecycling.com\/sk\/2020\/12\/18\/tip-na-vylet-hrad-sivy-kamen-spomienky-na-tuto-cyklisticku-sezonu\/\" \/>\n<meta property=\"og:locale\" content=\"sk_SK\" \/>\n<meta property=\"og:type\" content=\"article\" \/>\n<meta property=\"og:title\" content=\"Tip na v\u00fdlet: Hrad Siv\u00fd kame\u0148 - spomienky na t\u00fato cyklistick\u00fa sez\u00f3nu\" \/>\n<meta property=\"og:description\" content=\"Pohorie Vt\u00e1\u010dnik na Hornej Nitre pon\u00faka ve\u013ea mo\u017enost\u00ed ako si dobre zajazdi\u0165 na bicykli. A\u00a0nielen to. Navy\u0161e je tu nieko\u013eko [&hellip;]\" \/>\n<meta property=\"og:url\" content=\"https:\/\/www.welovecycling.com\/sk\/2020\/12\/18\/tip-na-vylet-hrad-sivy-kamen-spomienky-na-tuto-cyklisticku-sezonu\/\" \/>\n<meta property=\"og:site_name\" content=\"\u0160koda We Love Cycling Slovensko\" \/>\n<meta property=\"article:published_time\" content=\"2020-12-18T09:00:53+00:00\" \/>\n<meta property=\"og:image\" content=\"https:\/\/d2p6e6u75xmxt8.cloudfront.net\/4\/2020\/12\/Tip-na-vylet-Hrad-Sivy-kamen_00.JPG.webp\" \/>\n\t<meta property=\"og:image:width\" content=\"1380\" \/>\n\t<meta property=\"og:image:height\" content=\"600\" \/>\n\t<meta property=\"og:image:type\" content=\"image\/webp\" \/>\n<meta name=\"twitter:card\" content=\"summary_large_image\" \/>\n<meta name=\"twitter:label1\" content=\"Written by\" \/>\n\t<meta name=\"twitter:data1\" content=\"Radovan Vr\u0161ka\" \/>\n\t<meta name=\"twitter:label2\" content=\"Est. reading time\" \/>\n\t<meta name=\"twitter:data2\" content=\"4\" \/>\n<script type=\"application\/ld+json\" class=\"yoast-schema-graph\">{\"@context\":\"https:\/\/schema.org\",\"@graph\":[{\"@type\":\"WebPage\",\"@id\":\"https:\/\/www.welovecycling.com\/sk\/2020\/12\/18\/tip-na-vylet-hrad-sivy-kamen-spomienky-na-tuto-cyklisticku-sezonu\/\",\"url\":\"https:\/\/www.welovecycling.com\/sk\/2020\/12\/18\/tip-na-vylet-hrad-sivy-kamen-spomienky-na-tuto-cyklisticku-sezonu\/\",\"name\":\"Tip na v\u00fdlet: Hrad Siv\u00fd kame\u0148 - spomienky na t\u00fato cyklistick\u00fa sez\u00f3nu - \u0160koda We Love Cycling Slovensko\",\"isPartOf\":{\"@id\":\"https:\/\/www.welovecycling.com\/sk\/#website\"},\"primaryImageOfPage\":{\"@id\":\"https:\/\/www.welovecycling.com\/sk\/2020\/12\/18\/tip-na-vylet-hrad-sivy-kamen-spomienky-na-tuto-cyklisticku-sezonu\/#primaryimage\"},\"image\":{\"@id\":\"https:\/\/www.welovecycling.com\/sk\/2020\/12\/18\/tip-na-vylet-hrad-sivy-kamen-spomienky-na-tuto-cyklisticku-sezonu\/#primaryimage\"},\"thumbnailUrl\":\"https:\/\/d2p6e6u75xmxt8.cloudfront.net\/4\/2020\/12\/Tip-na-vylet-Hrad-Sivy-kamen_00.JPG.webp\",\"datePublished\":\"2020-12-18T09:00:53+00:00\",\"author\":{\"@id\":\"\"},\"breadcrumb\":{\"@id\":\"https:\/\/www.welovecycling.com\/sk\/2020\/12\/18\/tip-na-vylet-hrad-sivy-kamen-spomienky-na-tuto-cyklisticku-sezonu\/#breadcrumb\"},\"inLanguage\":\"sk-SK\",\"potentialAction\":[{\"@type\":\"ReadAction\",\"target\":[\"https:\/\/www.welovecycling.com\/sk\/2020\/12\/18\/tip-na-vylet-hrad-sivy-kamen-spomienky-na-tuto-cyklisticku-sezonu\/\"]}]},{\"@type\":\"ImageObject\",\"inLanguage\":\"sk-SK\",\"@id\":\"https:\/\/www.welovecycling.com\/sk\/2020\/12\/18\/tip-na-vylet-hrad-sivy-kamen-spomienky-na-tuto-cyklisticku-sezonu\/#primaryimage\",\"url\":\"https:\/\/d2p6e6u75xmxt8.cloudfront.net\/4\/2020\/12\/Tip-na-vylet-Hrad-Sivy-kamen_00.JPG.webp\",\"contentUrl\":\"https:\/\/d2p6e6u75xmxt8.cloudfront.net\/4\/2020\/12\/Tip-na-vylet-Hrad-Sivy-kamen_00.JPG.webp\",\"width\":1380,\"height\":600},{\"@type\":\"BreadcrumbList\",\"@id\":\"https:\/\/www.welovecycling.com\/sk\/2020\/12\/18\/tip-na-vylet-hrad-sivy-kamen-spomienky-na-tuto-cyklisticku-sezonu\/#breadcrumb\",\"itemListElement\":[{\"@type\":\"ListItem\",\"position\":1,\"name\":\"Home\",\"item\":\"https:\/\/www.welovecycling.com\/sk\/\"},{\"@type\":\"ListItem\",\"position\":2,\"name\":\"Tip na v\u00fdlet: Hrad Siv\u00fd kame\u0148 &#8211; spomienky na t\u00fato cyklistick\u00fa sez\u00f3nu\"}]},{\"@type\":\"WebSite\",\"@id\":\"https:\/\/www.welovecycling.com\/sk\/#website\",\"url\":\"https:\/\/www.welovecycling.com\/sk\/\",\"name\":\"\u0160koda We Love Cycling Slovensko\",\"description\":\"\u0160koda We Love Cycling Slovensko je v\u00e1\u0161 ka\u017edodenn\u00fd zdroj noviniek a in\u0161pir\u00e1cie z sveta cyklistiky\",\"potentialAction\":[{\"@type\":\"SearchAction\",\"target\":{\"@type\":\"EntryPoint\",\"urlTemplate\":\"https:\/\/www.welovecycling.com\/sk\/?s={search_term_string}\"},\"query-input\":{\"@type\":\"PropertyValueSpecification\",\"valueRequired\":true,\"valueName\":\"search_term_string\"}}],\"inLanguage\":\"sk-SK\"},{\"@type\":\"Person\",\"@id\":\"\",\"url\":\"https:\/\/www.welovecycling.com\/sk\/author\/\"}]}<\/script>\n<!-- \/ Yoast SEO Premium plugin. -->","yoast_head_json":{"title":"Tip na v\u00fdlet: Hrad Siv\u00fd kame\u0148 - spomienky na t\u00fato cyklistick\u00fa sez\u00f3nu - \u0160koda We Love Cycling Slovensko","robots":{"index":"index","follow":"follow","max-snippet":"max-snippet:-1","max-image-preview":"max-image-preview:large","max-video-preview":"max-video-preview:-1"},"canonical":"https:\/\/www.welovecycling.com\/sk\/2020\/12\/18\/tip-na-vylet-hrad-sivy-kamen-spomienky-na-tuto-cyklisticku-sezonu\/","og_locale":"sk_SK","og_type":"article","og_title":"Tip na v\u00fdlet: Hrad Siv\u00fd kame\u0148 - spomienky na t\u00fato cyklistick\u00fa sez\u00f3nu","og_description":"Pohorie Vt\u00e1\u010dnik na Hornej Nitre pon\u00faka ve\u013ea mo\u017enost\u00ed ako si dobre zajazdi\u0165 na bicykli. A\u00a0nielen to. Navy\u0161e je tu nieko\u013eko [&hellip;]","og_url":"https:\/\/www.welovecycling.com\/sk\/2020\/12\/18\/tip-na-vylet-hrad-sivy-kamen-spomienky-na-tuto-cyklisticku-sezonu\/","og_site_name":"\u0160koda We Love Cycling Slovensko","article_published_time":"2020-12-18T09:00:53+00:00","og_image":[{"width":1380,"height":600,"url":"https:\/\/d2p6e6u75xmxt8.cloudfront.net\/4\/2020\/12\/Tip-na-vylet-Hrad-Sivy-kamen_00.JPG.webp","type":"image\/webp"}],"twitter_card":"summary_large_image","twitter_misc":{"Written by":"Radovan Vr\u0161ka","Est. reading time":"4"},"schema":{"@context":"https:\/\/schema.org","@graph":[{"@type":"WebPage","@id":"https:\/\/www.welovecycling.com\/sk\/2020\/12\/18\/tip-na-vylet-hrad-sivy-kamen-spomienky-na-tuto-cyklisticku-sezonu\/","url":"https:\/\/www.welovecycling.com\/sk\/2020\/12\/18\/tip-na-vylet-hrad-sivy-kamen-spomienky-na-tuto-cyklisticku-sezonu\/","name":"Tip na v\u00fdlet: Hrad Siv\u00fd kame\u0148 - spomienky na t\u00fato cyklistick\u00fa sez\u00f3nu - \u0160koda We Love Cycling Slovensko","isPartOf":{"@id":"https:\/\/www.welovecycling.com\/sk\/#website"},"primaryImageOfPage":{"@id":"https:\/\/www.welovecycling.com\/sk\/2020\/12\/18\/tip-na-vylet-hrad-sivy-kamen-spomienky-na-tuto-cyklisticku-sezonu\/#primaryimage"},"image":{"@id":"https:\/\/www.welovecycling.com\/sk\/2020\/12\/18\/tip-na-vylet-hrad-sivy-kamen-spomienky-na-tuto-cyklisticku-sezonu\/#primaryimage"},"thumbnailUrl":"https:\/\/d2p6e6u75xmxt8.cloudfront.net\/4\/2020\/12\/Tip-na-vylet-Hrad-Sivy-kamen_00.JPG.webp","datePublished":"2020-12-18T09:00:53+00:00","author":{"@id":""},"breadcrumb":{"@id":"https:\/\/www.welovecycling.com\/sk\/2020\/12\/18\/tip-na-vylet-hrad-sivy-kamen-spomienky-na-tuto-cyklisticku-sezonu\/#breadcrumb"},"inLanguage":"sk-SK","potentialAction":[{"@type":"ReadAction","target":["https:\/\/www.welovecycling.com\/sk\/2020\/12\/18\/tip-na-vylet-hrad-sivy-kamen-spomienky-na-tuto-cyklisticku-sezonu\/"]}]},{"@type":"ImageObject","inLanguage":"sk-SK","@id":"https:\/\/www.welovecycling.com\/sk\/2020\/12\/18\/tip-na-vylet-hrad-sivy-kamen-spomienky-na-tuto-cyklisticku-sezonu\/#primaryimage","url":"https:\/\/d2p6e6u75xmxt8.cloudfront.net\/4\/2020\/12\/Tip-na-vylet-Hrad-Sivy-kamen_00.JPG.webp","contentUrl":"https:\/\/d2p6e6u75xmxt8.cloudfront.net\/4\/2020\/12\/Tip-na-vylet-Hrad-Sivy-kamen_00.JPG.webp","width":1380,"height":600},{"@type":"BreadcrumbList","@id":"https:\/\/www.welovecycling.com\/sk\/2020\/12\/18\/tip-na-vylet-hrad-sivy-kamen-spomienky-na-tuto-cyklisticku-sezonu\/#breadcrumb","itemListElement":[{"@type":"ListItem","position":1,"name":"Home","item":"https:\/\/www.welovecycling.com\/sk\/"},{"@type":"ListItem","position":2,"name":"Tip na v\u00fdlet: Hrad Siv\u00fd kame\u0148 &#8211; spomienky na t\u00fato cyklistick\u00fa sez\u00f3nu"}]},{"@type":"WebSite","@id":"https:\/\/www.welovecycling.com\/sk\/#website","url":"https:\/\/www.welovecycling.com\/sk\/","name":"\u0160koda We Love Cycling Slovensko","description":"\u0160koda We Love Cycling Slovensko je v\u00e1\u0161 ka\u017edodenn\u00fd zdroj noviniek a in\u0161pir\u00e1cie z sveta cyklistiky","potentialAction":[{"@type":"SearchAction","target":{"@type":"EntryPoint","urlTemplate":"https:\/\/www.welovecycling.com\/sk\/?s={search_term_string}"},"query-input":{"@type":"PropertyValueSpecification","valueRequired":true,"valueName":"search_term_string"}}],"inLanguage":"sk-SK"},{"@type":"Person","@id":"","url":"https:\/\/www.welovecycling.com\/sk\/author\/"}]}},"_links":{"self":[{"href":"https:\/\/www.welovecycling.com\/sk\/wp-json\/wp\/v2\/posts\/11165","targetHints":{"allow":["GET"]}}],"collection":[{"href":"https:\/\/www.welovecycling.com\/sk\/wp-json\/wp\/v2\/posts"}],"about":[{"href":"https:\/\/www.welovecycling.com\/sk\/wp-json\/wp\/v2\/types\/post"}],"author":[{"embeddable":true,"href":"https:\/\/www.welovecycling.com\/sk\/wp-json\/wp\/v2\/users\/81"}],"replies":[{"embeddable":true,"href":"https:\/\/www.welovecycling.com\/sk\/wp-json\/wp\/v2\/comments?post=11165"}],"version-history":[{"count":2,"href":"https:\/\/www.welovecycling.com\/sk\/wp-json\/wp\/v2\/posts\/11165\/revisions"}],"predecessor-version":[{"id":11175,"href":"https:\/\/www.welovecycling.com\/sk\/wp-json\/wp\/v2\/posts\/11165\/revisions\/11175"}],"wp:featuredmedia":[{"embeddable":true,"href":"https:\/\/www.welovecycling.com\/sk\/wp-json\/wp\/v2\/media\/11167"}],"wp:attachment":[{"href":"https:\/\/www.welovecycling.com\/sk\/wp-json\/wp\/v2\/media?parent=11165"}],"wp:term":[{"taxonomy":"category","embeddable":true,"href":"https:\/\/www.welovecycling.com\/sk\/wp-json\/wp\/v2\/categories?post=11165"},{"taxonomy":"post_tag","embeddable":true,"href":"https:\/\/www.welovecycling.com\/sk\/wp-json\/wp\/v2\/tags?post=11165"},{"taxonomy":"global-categories","embeddable":true,"href":"https:\/\/www.welovecycling.com\/sk\/wp-json\/wp\/v2\/global-categories?post=11165"}],"curies":[{"name":"wp","href":"https:\/\/api.w.org\/{rel}","templated":true}]}}