{"id":11130,"date":"2020-12-07T10:00:43","date_gmt":"2020-12-07T09:00:43","guid":{"rendered":"https:\/\/www.welovecycling.com\/sk\/?p=11130"},"modified":"2020-12-07T15:58:09","modified_gmt":"2020-12-07T14:58:09","slug":"darceky-pre-maleho-bikera-tipy-od-nas","status":"publish","type":"post","link":"https:\/\/www.welovecycling.com\/sk\/2020\/12\/07\/darceky-pre-maleho-bikera-tipy-od-nas\/","title":{"rendered":"Dar\u010deky pre mal\u00e9ho bikera &#8211; tipy od n\u00e1s"},"content":{"rendered":"<p><strong>Kto m\u00e1 Vianoce a\u00a0dar\u010deky rad\u0161ej ako deti?  Ak m\u00e1te doma mal\u00e9ho cyklistu, tak sme pre v\u00e1s vybrali nieko\u013eko tipov na dar\u010deky. Ver\u00edme, \u017ee nimi sprav\u00edte rados\u0165 a\u00a0pod strom\u010dekom zavl\u00e1dne t\u00e1 spr\u00e1vna n\u00e1lada.<\/strong><!--more--><\/p>\n<h2><strong>Kto sa hr\u00e1, nehnev\u00e1<\/strong><\/h2>\n<p>V\u00a0zime sa na bicykli nejazd\u00ed, ale deti napriek tomu <strong>maj\u00fa radi z\u00e1bavu a\u00a0dobrodru\u017estvo<\/strong>. Doprajme im ho v\u00a0podobe spolo\u010denskej hry <a href=\"https:\/\/dajamabooks.sk\/produkt\/hra-kde-je-to\/\" rel=\"noopener noreferrer\" target=\"_blank\">Kde je to<\/a>. Bud\u00fa ma\u0165 mo\u017enos\u0165 spozn\u00e1va\u0165 Slovensko \u010di u\u017e na z\u00e1klade ot\u00e1zok alebo fotografi\u00ed. Hrac\u00ed pl\u00e1n je obojstrann\u00fd, jeden je jednoduch\u0161\u00ed pre deti a\u00a0druh\u00fd zlo\u017eitej\u0161\u00ed pre dospel\u00fdch. M\u00f4\u017eete si by\u0165 ist\u00ed, \u017ee sa zabav\u00edte po\u010das dlh\u00fdch zimn\u00fdch ve\u010derov. Navy\u0161e bli\u017e\u0161ie spozn\u00e1te nielen svoje okolie ale cel\u00e9 Slovensko, aby ste vedeli, kam vyrazi\u0165 na jar na bicykli. A\u00a0ak v\u00e1m u\u017e bude doma dlho, nemus\u00edte \u010daka\u0165 na jar, ale niektor\u00e9 miesta s\u00fa \u010darovn\u00e9 aj po\u010das zimnej prech\u00e1dzky.<\/p>\n<p><a href=\"https:\/\/d2p6e6u75xmxt8.cloudfront.net\/4\/2020\/12\/Vianoce_maly_biker_01.jpg\"><img loading=\"lazy\" decoding=\"async\" src=\"https:\/\/d2p6e6u75xmxt8.cloudfront.net\/4\/2020\/12\/Vianoce_maly_biker_01.jpg\" alt=\"\" width=\"1200\" height=\"800\" class=\"alignnone size-full wp-image-11133\" \/><\/a><\/p>\n<h2><strong>\u0160t\u00fdlov\u00e9 tri\u010dko<\/strong><\/h2>\n<p>Ka\u017ed\u00fd cyklista chce da\u0165 o\u00a0svojej z\u00e1\u013eube vedie\u0165 aj mimo bicykla. \u010ci u\u017e je v\u00a0\u0161kole alebo sa <strong>len tak preh\u00e1\u0148a vonku s\u00a0kamar\u00e1tmi<\/strong>. <a href=\"https:\/\/www.mellow.sk\/produkt\/detske-tricko-bikers\/\" rel=\"noopener noreferrer\" target=\"_blank\">Tri\u010dko od slovenskej zna\u010dky Mellow<\/a> je vyroben\u00e9 zo 100 % bavlny, v\u010faka \u010domu je pr\u00edjemn\u00e9 na telo a\u00a0dobre sa nos\u00ed. Navy\u0161e je certifikovan\u00e9, aby sp\u013a\u0148alo pr\u00edsne kvalitat\u00edvne podmienky pri jeho v\u00fdrobe. Zna\u010dka spolupracuje so slovensk\u00fdmi ilustr\u00e1tormi a\u00a0tak aj obr\u00e1zky cyklistov na tri\u010dku s\u00fa origin\u00e1lne. Uvid\u00edte, ak\u00fa rados\u0165 bud\u00fa ma\u0165 mal\u00ed cyklisti, ke\u010f si toto tri\u010dko n\u00e1jdu pod strom\u010dekom.<\/p>\n<p><a href=\"https:\/\/d2p6e6u75xmxt8.cloudfront.net\/4\/2020\/12\/Vianoce_maly_biker_02.jpg\"><img loading=\"lazy\" decoding=\"async\" src=\"https:\/\/d2p6e6u75xmxt8.cloudfront.net\/4\/2020\/12\/Vianoce_maly_biker_02.jpg\" alt=\"\" width=\"1200\" height=\"800\" class=\"alignnone size-full wp-image-11134\" \/><\/a><\/p>\n<h2><strong>Hrn\u010dek, ktor\u00fd sa nerozbije<\/strong><\/h2>\n<p>Slovensk\u00e1 zna\u010dka, ktorej vznik podnietili pr\u00e1ve deti a\u00a0ich vn\u00edmanie sveta. Pre deti je v\u0161etko nov\u00e9 a\u00a0rovnako d\u00f4le\u017eito objavuj\u00fa mal\u00e9 p\u00edsmenk\u00e1 ako ve\u013ek\u00fd vesm\u00edr. A\u00a0pr\u00e1ve tieto detaily sa objavuj\u00fa nielen na <strong>oble\u010den\u00ed ale aj na doplnkoch<\/strong>, ktor\u00e9 maj\u00fa v\u00a0ponuke. Vybrali sme <a href=\"https:\/\/mile.sk\/sk\/doplnky\/lyziari-smaltovany-hrncek\" rel=\"noopener noreferrer\" target=\"_blank\">plechov\u00fd smaltovan\u00fd hrn\u010dek<\/a>, ktor\u00fd sa skvele hod\u00ed na hor\u00face kakao. Na hrn\u010deku je grafika ly\u017eiarov, lebo po poriadnej ly\u017eova\u010dke \u010di s\u00e1nkova\u010dke hor\u00faci n\u00e1poj padne naozaj vhod. A\u00a0\u010do je najlep\u0161ie, hrn\u010dek sa len tak \u013eahko nerozbije a\u00a0vydr\u017e\u00ed naozaj ve\u013ea.<\/p>\n<p><a href=\"https:\/\/d2p6e6u75xmxt8.cloudfront.net\/4\/2020\/12\/Vianoce_maly_biker_03.jpg\"><img loading=\"lazy\" decoding=\"async\" src=\"https:\/\/d2p6e6u75xmxt8.cloudfront.net\/4\/2020\/12\/Vianoce_maly_biker_03.jpg\" alt=\"\" width=\"1200\" height=\"800\" class=\"alignnone size-full wp-image-11135\" \/><\/a><\/p>\n<h2><strong>Profesion\u00e1l od mali\u010dka<\/strong><\/h2>\n<p>Ak m\u00e1te doma mal\u00e9ho fan\u00fa\u0161ika cyklistiky, doprajte mu <a href=\"https:\/\/www.mtbiker.sk\/shop\/bicykle\/detske-bicykle\/16-palcove\/bianchi-xr16-2020.html\" rel=\"noopener noreferrer\" target=\"_blank\">nov\u00fd bicykel<\/a>. A\u00a0ke\u010f u\u017e nov\u00fd, nekupujte mu hocijak\u00fd, ale rovno od zna\u010dky Bianchi, ktor\u00e1 je najstar\u0161ou a\u00a0najprest\u00ed\u017enej\u0161ou zna\u010dkou bicyklov. Bicykle tejto zna\u010dky n\u00e1jdete v\u00a0pelot\u00f3noch v\u0161etk\u00fdch ve\u013ek\u00fdch pretekov. Aj tento detsk\u00fd bicykel spozn\u00e1te hne\u010f na prv\u00fd poh\u013ead, preto\u017ee je vo <strong>farbe celeste, \u010do je typick\u00e1 farba tejto zna\u010dky<\/strong>. Bicykel sa dod\u00e1va u\u017e aj s\u00a0pomocn\u00fdmi kolieskami, tak\u017ee m\u00e1te o\u00a0jednu staros\u0165 menej. Navy\u0161e m\u00e1 pl\u00e1\u0161te s\u00a0poriadnym dez\u00e9nom, aby ste nemuseli ka\u017ed\u00fa chv\u00ed\u013eu opravova\u0165 defekty.<\/p>\n<p><a href=\"https:\/\/d2p6e6u75xmxt8.cloudfront.net\/4\/2020\/12\/Vianoce_maly_biker_04.jpg\"><img loading=\"lazy\" decoding=\"async\" src=\"https:\/\/d2p6e6u75xmxt8.cloudfront.net\/4\/2020\/12\/Vianoce_maly_biker_04.jpg\" alt=\"\" width=\"1200\" height=\"800\" class=\"alignnone size-full wp-image-11136\" \/><\/a><\/p>\n<h2><strong>Poskladaj si bicykel<\/strong><\/h2>\n<p>Ak va\u0161e die\u0165a po\u010das sledovania Tour de France obdivovalo servisn\u00e9 vozidl\u00e1 a\u00a0zauj\u00edmalo sa o\u00a0to, \u010do sa stane s\u00a0pokazen\u00fdm bicyklom, <strong>ukr\u00fdva sa v\u00a0\u0148om mo\u017eno mal\u00fd technik<\/strong>. Preto bude dobr\u00e9 podpori\u0165 jeho zru\u010dnos\u0165 poriadnou stavebnicou. A\u00a0ke\u010f\u017ee ste cel\u00e1 rodina fan\u00fa\u0161ikmi cyklistiky, vybrali sme <a href=\"https:\/\/www.hrackyshop.sk\/bicykel-kovova-stavebnica-57ks.html\" rel=\"noopener noreferrer\" target=\"_blank\">stavebnicu bicykla<\/a>. Obsahuje viac ako 50 stavebn\u00fdch dielikov a\u00a0skrutiek. V\u0161etky \u010dasti s\u00fa z\u00a0kvalitn\u00fdch kovov\u00fdch a\u00a0chr\u00f3movan\u00fdch plastov\u00fdch s\u00fa\u010diastok. Navy\u0161e v\u00a0balen\u00ed deti n\u00e1jdu aj n\u00e1radie na mont\u00e1\u017e. Samozrejmos\u0165ou je obr\u00e1zkov\u00fd n\u00e1vod.<\/p>\n<p><a href=\"https:\/\/d2p6e6u75xmxt8.cloudfront.net\/4\/2020\/12\/Vianoce_maly_biker_05.jpg\"><img loading=\"lazy\" decoding=\"async\" src=\"https:\/\/d2p6e6u75xmxt8.cloudfront.net\/4\/2020\/12\/Vianoce_maly_biker_05.jpg\" alt=\"\" width=\"1200\" height=\"800\" class=\"alignnone size-full wp-image-11137\" \/><\/a><\/p>\n<h2><strong>Dokonal\u00fd model<\/strong><\/h2>\n<p>Ak sa v\u00e1m predsa len nechce sklada\u0165 bicykel z\u00a0desiatok \u010dast\u00ed, <strong>m\u00f4\u017eete si zaobstara\u0165 hotov\u00fd model<\/strong>. Tento sa bude perfektne vyn\u00edma\u0165 na poli\u010dke v\u00a0detskej izbe. <a href=\"https:\/\/www.ktmbikes.sk\/ktm-bikes\/eshop\/8-1-CYKLO-DARCEKY\/86-2-MODELY-BICYKLOV\/5\/1158-Model-bicykla-Gitane-Bernard-Hinault-1980\" rel=\"noopener noreferrer\" target=\"_blank\">Model franc\u00fazskeho cyklistu Bernarda Hinaulta<\/a>, ktor\u00fd p\u00e4\u0165kr\u00e1t vyhral Tour de France a\u00a0je z\u00e1rove\u0148 aj jedn\u00fdm zo siedmich cyklistov, ktor\u00ed vyhrali v\u0161etky Grand Tour, \u010di\u017ee Tour, Giro aj Vueltu. Model je perfektne prepracovan\u00fd so v\u0161etk\u00fdmi detailami a\u00a0umiestnen\u00fd je na praktickom stojane. D\u013a\u017eka je 10 cm a\u00a0jeho v\u00fd\u0161ka 6,5 cm. Pote\u0161te sa poh\u013eadom na tento model, v\u017edy ke\u010f p\u00f4jdete okolo poli\u010dky alebo stola, kde ho budete ma\u0165 vystaven\u00fd.<\/p>\n<p><a href=\"https:\/\/d2p6e6u75xmxt8.cloudfront.net\/4\/2020\/12\/Vianoce_maly_biker_06.jpg\"><img loading=\"lazy\" decoding=\"async\" src=\"https:\/\/d2p6e6u75xmxt8.cloudfront.net\/4\/2020\/12\/Vianoce_maly_biker_06.jpg\" alt=\"\" width=\"1200\" height=\"800\" class=\"alignnone size-full wp-image-11138\" \/><\/a><\/p>\n<h2><strong>Deti miluj\u00fa modern\u00e9 technol\u00f3gie<\/strong><\/h2>\n<p>Asi ka\u017ed\u00e9 die\u0165a miluje modern\u00e9 technol\u00f3gie, ale ob\u010das hroz\u00ed riziko, \u017ee cel\u00e9 dni presed\u00ed nad mobilom alebo telev\u00edziou. Preto je dobr\u00e9 <strong>podpori\u0165 aj jeho \u0161portov\u00e9 aktivity<\/strong> a\u00a0ako najlep\u0161ie by sa to dalo ako kombin\u00e1ciou <a href=\"https:\/\/www.fitbit.com\/au\/ace2\" rel=\"noopener noreferrer\" target=\"_blank\">fitness n\u00e1ramku<\/a>. Va\u0161e die\u0165a si bude m\u00f4c\u0165 v\u010faka modern\u00fdch technol\u00f3gi\u00e1m zmera\u0165 po\u010det prejden\u00fdch krokov, vzdialenos\u0165, \u010di ko\u013eko akt\u00edvnych min\u00fat str\u00e1vilo po\u010das d\u0148a. N\u00e1ramok m\u00e1 v\u00fddr\u017e a\u017e p\u00e4\u0165 dn\u00ed a\u00a0je dokonca vodotesn\u00fd, \u010do sa pri de\u0165och hod\u00ed. N\u00e1jdete tam aj rodi\u010dovsk\u00fd re\u017eim, v\u010faka ktor\u00e9mu m\u00e1te doh\u013ead nad aktivitou det\u00ed a\u00a0navy\u0161e im m\u00f4\u017eete ude\u013eova\u0165 trofeje za splnenie ur\u010dit\u00fdch cie\u013eov.<\/p>\n<p><a href=\"https:\/\/d2p6e6u75xmxt8.cloudfront.net\/4\/2020\/12\/Vianoce_maly_biker_07.jpg\"><img loading=\"lazy\" decoding=\"async\" src=\"https:\/\/d2p6e6u75xmxt8.cloudfront.net\/4\/2020\/12\/Vianoce_maly_biker_07.jpg\" alt=\"\" width=\"1200\" height=\"800\" class=\"alignnone size-full wp-image-11139\" \/><\/a><\/p>\n<h2><strong>Prilba, ktor\u00fa si m\u00f4\u017ee dotvori\u0165<\/strong><\/h2>\n<p>Bezpe\u010dnos\u0165 det\u00ed je d\u00f4le\u017eit\u00e1, tak\u017ee ur\u010dite pote\u0161\u00ed aj nov\u00e1 prilba. Zna\u010dka Merida pon\u00faka <a href=\"https:\/\/eshop.merida.sk\/lazer-one-biela_d13119.html\" rel=\"noopener noreferrer\" target=\"_blank\">\u0161t\u00fdlov\u00fa prilbu<\/a> vhodn\u00fa pre nad\u0161encov BMX jazdenia. Jednofarebn\u00fd \u010dist\u00fd dizajn d\u00e1va mo\u017enos\u0165 vynikn\u00fa\u0165 kreativite det\u00ed, preto\u017ee si ju m\u00f4\u017eu polepi\u0165 n\u00e1lepkami, alebo vyfarbi\u0165 fixkami. V\u010faka tomu bud\u00fa ma\u0165 jedine\u010dn\u00fd dizajn a\u00a0odl\u00ed\u0161ia sa od kamar\u00e1tov svojimi origin\u00e1lnymi n\u00e1padmi. <strong>Prilba m\u00e1 11 vetrac\u00edch otvorov<\/strong>, tak sa nemus\u00edte b\u00e1\u0165, \u017ee sa po\u010das letn\u00fdch dn\u00ed bud\u00fa va\u0161e deti po\u010das jazdy neprimerane poti\u0165. Je dostupn\u00e1 v\u00a0dvoch ve\u013ekostiach.<\/p>\n<p><a href=\"https:\/\/d2p6e6u75xmxt8.cloudfront.net\/4\/2020\/12\/Vianoce_maly_biker_08.jpg\"><img loading=\"lazy\" decoding=\"async\" src=\"https:\/\/d2p6e6u75xmxt8.cloudfront.net\/4\/2020\/12\/Vianoce_maly_biker_08.jpg\" alt=\"\" width=\"1200\" height=\"800\" class=\"alignnone size-full wp-image-11140\" \/><\/a><\/p>\n<p>Toto bol len mal\u00fd v\u00fdber od n\u00e1s. No kreativite sa medze neklad\u00fa a <strong>pote\u0161i\u0165 svoje die\u0165a m\u00f4\u017eete ak\u00fdmko\u013evek dar\u010dekom<\/strong>. No hlavne Vianoce s\u00fa o z\u00e1\u017eitkoch a atmosf\u00e9re a t\u00fa v\u00e1m pod viano\u010dn\u00fd strom\u010dek zo srdca \u017eel\u00e1me.<\/p>\n","protected":false},"excerpt":{"rendered":"<p>Kto m\u00e1 Vianoce a\u00a0dar\u010deky rad\u0161ej ako deti? Ak m\u00e1te doma mal\u00e9ho cyklistu, tak sme pre v\u00e1s vybrali nieko\u013eko tipov na [&hellip;]<\/p>\n","protected":false},"author":81,"featured_media":11164,"comment_status":"open","ping_status":"open","sticky":false,"template":"","format":"standard","meta":{"footnotes":""},"categories":[52],"tags":[345,53,54,180,669,215,285,264,663,344,317],"global-categories":[1074],"class_list":["post-11130","post","type-post","status-publish","format-standard","has-post-thumbnail","hentry","category-nakupny-poradca","tag-darceky","tag-deti","tag-detske-bicykle","tag-horska-cyklistika","tag-nakup","tag-nakupny-poradca","tag-oblecenie","tag-prilba","tag-tricko","tag-vianoce","tag-zima","global-categories-cycling"],"yoast_head":"<!-- This site is optimized with the Yoast SEO Premium plugin v25.3 (Yoast SEO v25.9) - https:\/\/yoast.com\/wordpress\/plugins\/seo\/ -->\n<title>Dar\u010deky pre mal\u00e9ho bikera - tipy od n\u00e1s - \u0160koda We Love Cycling Slovensko<\/title>\n<meta name=\"robots\" content=\"index, follow, max-snippet:-1, max-image-preview:large, max-video-preview:-1\" \/>\n<link rel=\"canonical\" href=\"https:\/\/www.welovecycling.com\/sk\/2020\/12\/07\/darceky-pre-maleho-bikera-tipy-od-nas\/\" \/>\n<meta property=\"og:locale\" content=\"sk_SK\" \/>\n<meta property=\"og:type\" content=\"article\" \/>\n<meta property=\"og:title\" content=\"Dar\u010deky pre mal\u00e9ho bikera - tipy od n\u00e1s\" \/>\n<meta property=\"og:description\" content=\"Kto m\u00e1 Vianoce a\u00a0dar\u010deky rad\u0161ej ako deti? Ak m\u00e1te doma mal\u00e9ho cyklistu, tak sme pre v\u00e1s vybrali nieko\u013eko tipov na [&hellip;]\" \/>\n<meta property=\"og:url\" content=\"https:\/\/www.welovecycling.com\/sk\/2020\/12\/07\/darceky-pre-maleho-bikera-tipy-od-nas\/\" \/>\n<meta property=\"og:site_name\" content=\"\u0160koda We Love Cycling Slovensko\" \/>\n<meta property=\"article:published_time\" content=\"2020-12-07T09:00:43+00:00\" \/>\n<meta property=\"article:modified_time\" content=\"2020-12-07T14:58:09+00:00\" \/>\n<meta property=\"og:image\" content=\"https:\/\/d2p6e6u75xmxt8.cloudfront.net\/4\/2020\/12\/Vianoce_00b.webp\" \/>\n\t<meta property=\"og:image:width\" content=\"1380\" \/>\n\t<meta property=\"og:image:height\" content=\"600\" \/>\n\t<meta property=\"og:image:type\" content=\"image\/webp\" \/>\n<meta name=\"twitter:card\" content=\"summary_large_image\" \/>\n<meta name=\"twitter:label1\" content=\"Written by\" \/>\n\t<meta name=\"twitter:data1\" content=\"WeLoveCycling\" \/>\n\t<meta name=\"twitter:label2\" content=\"Est. reading time\" \/>\n\t<meta name=\"twitter:data2\" content=\"4\" \/>\n<script type=\"application\/ld+json\" class=\"yoast-schema-graph\">{\"@context\":\"https:\/\/schema.org\",\"@graph\":[{\"@type\":\"WebPage\",\"@id\":\"https:\/\/www.welovecycling.com\/sk\/2020\/12\/07\/darceky-pre-maleho-bikera-tipy-od-nas\/\",\"url\":\"https:\/\/www.welovecycling.com\/sk\/2020\/12\/07\/darceky-pre-maleho-bikera-tipy-od-nas\/\",\"name\":\"Dar\u010deky pre mal\u00e9ho bikera - tipy od n\u00e1s - \u0160koda We Love Cycling Slovensko\",\"isPartOf\":{\"@id\":\"https:\/\/www.welovecycling.com\/sk\/#website\"},\"primaryImageOfPage\":{\"@id\":\"https:\/\/www.welovecycling.com\/sk\/2020\/12\/07\/darceky-pre-maleho-bikera-tipy-od-nas\/#primaryimage\"},\"image\":{\"@id\":\"https:\/\/www.welovecycling.com\/sk\/2020\/12\/07\/darceky-pre-maleho-bikera-tipy-od-nas\/#primaryimage\"},\"thumbnailUrl\":\"https:\/\/d2p6e6u75xmxt8.cloudfront.net\/4\/2020\/12\/Vianoce_00b.webp\",\"datePublished\":\"2020-12-07T09:00:43+00:00\",\"dateModified\":\"2020-12-07T14:58:09+00:00\",\"author\":{\"@id\":\"\"},\"breadcrumb\":{\"@id\":\"https:\/\/www.welovecycling.com\/sk\/2020\/12\/07\/darceky-pre-maleho-bikera-tipy-od-nas\/#breadcrumb\"},\"inLanguage\":\"sk-SK\",\"potentialAction\":[{\"@type\":\"ReadAction\",\"target\":[\"https:\/\/www.welovecycling.com\/sk\/2020\/12\/07\/darceky-pre-maleho-bikera-tipy-od-nas\/\"]}]},{\"@type\":\"ImageObject\",\"inLanguage\":\"sk-SK\",\"@id\":\"https:\/\/www.welovecycling.com\/sk\/2020\/12\/07\/darceky-pre-maleho-bikera-tipy-od-nas\/#primaryimage\",\"url\":\"https:\/\/d2p6e6u75xmxt8.cloudfront.net\/4\/2020\/12\/Vianoce_00b.webp\",\"contentUrl\":\"https:\/\/d2p6e6u75xmxt8.cloudfront.net\/4\/2020\/12\/Vianoce_00b.webp\",\"width\":1380,\"height\":600},{\"@type\":\"BreadcrumbList\",\"@id\":\"https:\/\/www.welovecycling.com\/sk\/2020\/12\/07\/darceky-pre-maleho-bikera-tipy-od-nas\/#breadcrumb\",\"itemListElement\":[{\"@type\":\"ListItem\",\"position\":1,\"name\":\"Home\",\"item\":\"https:\/\/www.welovecycling.com\/sk\/\"},{\"@type\":\"ListItem\",\"position\":2,\"name\":\"Dar\u010deky pre mal\u00e9ho bikera &#8211; tipy od n\u00e1s\"}]},{\"@type\":\"WebSite\",\"@id\":\"https:\/\/www.welovecycling.com\/sk\/#website\",\"url\":\"https:\/\/www.welovecycling.com\/sk\/\",\"name\":\"\u0160koda We Love Cycling Slovensko\",\"description\":\"\u0160koda We Love Cycling Slovensko je v\u00e1\u0161 ka\u017edodenn\u00fd zdroj noviniek a in\u0161pir\u00e1cie z sveta cyklistiky\",\"potentialAction\":[{\"@type\":\"SearchAction\",\"target\":{\"@type\":\"EntryPoint\",\"urlTemplate\":\"https:\/\/www.welovecycling.com\/sk\/?s={search_term_string}\"},\"query-input\":{\"@type\":\"PropertyValueSpecification\",\"valueRequired\":true,\"valueName\":\"search_term_string\"}}],\"inLanguage\":\"sk-SK\"},{\"@type\":\"Person\",\"@id\":\"\",\"url\":\"https:\/\/www.welovecycling.com\/sk\/author\/\"}]}<\/script>\n<!-- \/ Yoast SEO Premium plugin. -->","yoast_head_json":{"title":"Dar\u010deky pre mal\u00e9ho bikera - tipy od n\u00e1s - \u0160koda We Love Cycling Slovensko","robots":{"index":"index","follow":"follow","max-snippet":"max-snippet:-1","max-image-preview":"max-image-preview:large","max-video-preview":"max-video-preview:-1"},"canonical":"https:\/\/www.welovecycling.com\/sk\/2020\/12\/07\/darceky-pre-maleho-bikera-tipy-od-nas\/","og_locale":"sk_SK","og_type":"article","og_title":"Dar\u010deky pre mal\u00e9ho bikera - tipy od n\u00e1s","og_description":"Kto m\u00e1 Vianoce a\u00a0dar\u010deky rad\u0161ej ako deti? Ak m\u00e1te doma mal\u00e9ho cyklistu, tak sme pre v\u00e1s vybrali nieko\u013eko tipov na [&hellip;]","og_url":"https:\/\/www.welovecycling.com\/sk\/2020\/12\/07\/darceky-pre-maleho-bikera-tipy-od-nas\/","og_site_name":"\u0160koda We Love Cycling Slovensko","article_published_time":"2020-12-07T09:00:43+00:00","article_modified_time":"2020-12-07T14:58:09+00:00","og_image":[{"width":1380,"height":600,"url":"https:\/\/d2p6e6u75xmxt8.cloudfront.net\/4\/2020\/12\/Vianoce_00b.webp","type":"image\/webp"}],"twitter_card":"summary_large_image","twitter_misc":{"Written by":"WeLoveCycling","Est. reading time":"4"},"schema":{"@context":"https:\/\/schema.org","@graph":[{"@type":"WebPage","@id":"https:\/\/www.welovecycling.com\/sk\/2020\/12\/07\/darceky-pre-maleho-bikera-tipy-od-nas\/","url":"https:\/\/www.welovecycling.com\/sk\/2020\/12\/07\/darceky-pre-maleho-bikera-tipy-od-nas\/","name":"Dar\u010deky pre mal\u00e9ho bikera - tipy od n\u00e1s - \u0160koda We Love Cycling Slovensko","isPartOf":{"@id":"https:\/\/www.welovecycling.com\/sk\/#website"},"primaryImageOfPage":{"@id":"https:\/\/www.welovecycling.com\/sk\/2020\/12\/07\/darceky-pre-maleho-bikera-tipy-od-nas\/#primaryimage"},"image":{"@id":"https:\/\/www.welovecycling.com\/sk\/2020\/12\/07\/darceky-pre-maleho-bikera-tipy-od-nas\/#primaryimage"},"thumbnailUrl":"https:\/\/d2p6e6u75xmxt8.cloudfront.net\/4\/2020\/12\/Vianoce_00b.webp","datePublished":"2020-12-07T09:00:43+00:00","dateModified":"2020-12-07T14:58:09+00:00","author":{"@id":""},"breadcrumb":{"@id":"https:\/\/www.welovecycling.com\/sk\/2020\/12\/07\/darceky-pre-maleho-bikera-tipy-od-nas\/#breadcrumb"},"inLanguage":"sk-SK","potentialAction":[{"@type":"ReadAction","target":["https:\/\/www.welovecycling.com\/sk\/2020\/12\/07\/darceky-pre-maleho-bikera-tipy-od-nas\/"]}]},{"@type":"ImageObject","inLanguage":"sk-SK","@id":"https:\/\/www.welovecycling.com\/sk\/2020\/12\/07\/darceky-pre-maleho-bikera-tipy-od-nas\/#primaryimage","url":"https:\/\/d2p6e6u75xmxt8.cloudfront.net\/4\/2020\/12\/Vianoce_00b.webp","contentUrl":"https:\/\/d2p6e6u75xmxt8.cloudfront.net\/4\/2020\/12\/Vianoce_00b.webp","width":1380,"height":600},{"@type":"BreadcrumbList","@id":"https:\/\/www.welovecycling.com\/sk\/2020\/12\/07\/darceky-pre-maleho-bikera-tipy-od-nas\/#breadcrumb","itemListElement":[{"@type":"ListItem","position":1,"name":"Home","item":"https:\/\/www.welovecycling.com\/sk\/"},{"@type":"ListItem","position":2,"name":"Dar\u010deky pre mal\u00e9ho bikera &#8211; tipy od n\u00e1s"}]},{"@type":"WebSite","@id":"https:\/\/www.welovecycling.com\/sk\/#website","url":"https:\/\/www.welovecycling.com\/sk\/","name":"\u0160koda We Love Cycling Slovensko","description":"\u0160koda We Love Cycling Slovensko je v\u00e1\u0161 ka\u017edodenn\u00fd zdroj noviniek a in\u0161pir\u00e1cie z sveta cyklistiky","potentialAction":[{"@type":"SearchAction","target":{"@type":"EntryPoint","urlTemplate":"https:\/\/www.welovecycling.com\/sk\/?s={search_term_string}"},"query-input":{"@type":"PropertyValueSpecification","valueRequired":true,"valueName":"search_term_string"}}],"inLanguage":"sk-SK"},{"@type":"Person","@id":"","url":"https:\/\/www.welovecycling.com\/sk\/author\/"}]}},"_links":{"self":[{"href":"https:\/\/www.welovecycling.com\/sk\/wp-json\/wp\/v2\/posts\/11130","targetHints":{"allow":["GET"]}}],"collection":[{"href":"https:\/\/www.welovecycling.com\/sk\/wp-json\/wp\/v2\/posts"}],"about":[{"href":"https:\/\/www.welovecycling.com\/sk\/wp-json\/wp\/v2\/types\/post"}],"author":[{"embeddable":true,"href":"https:\/\/www.welovecycling.com\/sk\/wp-json\/wp\/v2\/users\/81"}],"replies":[{"embeddable":true,"href":"https:\/\/www.welovecycling.com\/sk\/wp-json\/wp\/v2\/comments?post=11130"}],"version-history":[{"count":2,"href":"https:\/\/www.welovecycling.com\/sk\/wp-json\/wp\/v2\/posts\/11130\/revisions"}],"predecessor-version":[{"id":11222,"href":"https:\/\/www.welovecycling.com\/sk\/wp-json\/wp\/v2\/posts\/11130\/revisions\/11222"}],"wp:featuredmedia":[{"embeddable":true,"href":"https:\/\/www.welovecycling.com\/sk\/wp-json\/wp\/v2\/media\/11164"}],"wp:attachment":[{"href":"https:\/\/www.welovecycling.com\/sk\/wp-json\/wp\/v2\/media?parent=11130"}],"wp:term":[{"taxonomy":"category","embeddable":true,"href":"https:\/\/www.welovecycling.com\/sk\/wp-json\/wp\/v2\/categories?post=11130"},{"taxonomy":"post_tag","embeddable":true,"href":"https:\/\/www.welovecycling.com\/sk\/wp-json\/wp\/v2\/tags?post=11130"},{"taxonomy":"global-categories","embeddable":true,"href":"https:\/\/www.welovecycling.com\/sk\/wp-json\/wp\/v2\/global-categories?post=11130"}],"curies":[{"name":"wp","href":"https:\/\/api.w.org\/{rel}","templated":true}]}}