{"id":11115,"date":"2020-12-04T10:00:58","date_gmt":"2020-12-04T09:00:58","guid":{"rendered":"https:\/\/www.welovecycling.com\/sk\/?p=11115"},"modified":"2020-12-04T13:28:49","modified_gmt":"2020-12-04T12:28:49","slug":"drobnosti-ktorymi-potesite-cyklistku-pod-vianocnym-stromcekom","status":"publish","type":"post","link":"https:\/\/www.welovecycling.com\/sk\/2020\/12\/04\/drobnosti-ktorymi-potesite-cyklistku-pod-vianocnym-stromcekom\/","title":{"rendered":"Drobnosti, ktor\u00fdmi pote\u0161\u00edte bikerku pod viano\u010dn\u00fdm strom\u010dekom"},"content":{"rendered":"<p><strong>\u017dijeme v\u00a0kr\u00e1snej krajine s\u00a0trad\u00edciami, ktor\u00e9 si ka\u017ed\u00fd rok po\u010das viano\u010dn\u00fdch sviatkov pripom\u00edname. A\u00a0pr\u00e1ve preto sme sa sna\u017eili vybra\u0165 veci, ktor\u00e9 k\u00a0t\u00fdmto trad\u00edci\u00e1m odkazuj\u00fa, \u010di u\u017e je to ov\u010dia vlna alebo pr\u00faten\u00e9 ko\u0161\u00edky. V\u00e4\u010d\u0161ina t\u00fdchto kr\u00e1snych vec\u00ed je vyroben\u00e1 na Slovensku a\u00a0ver\u00edme, \u017ee v\u00e1m spravia rados\u0165 nielen svojou kr\u00e1sou, ale v\u00e1s bude hria\u0165 aj pocit, \u017ee ste podporili lok\u00e1lnych v\u00fdrobcov.<\/strong><!--more--><\/p>\n<h2><strong>Zahrajte sa<\/strong><\/h2>\n<p>Vianoce s\u00fa \u010dasom, ke\u010f je rodina viac spolu a\u00a0to je skvel\u00e1 pr\u00edle\u017eitos\u0165 <strong>zahra\u0165 si spolo\u010densk\u00e9 hry<\/strong>. No a\u00a0ke\u010f\u017ee ako spr\u00e1vni cyklisti radi spozn\u00e1vame na\u0161u krajinu, bude vedomostn\u00e1 hra <a href=\"https:\/\/dajamabooks.sk\/produkt\/hra-poznas-slovensko\/\" rel=\"noopener noreferrer\" target=\"_blank\">Pozn\u00e1\u0161 Slovensko<\/a> t\u00fdm prav\u00fdm dar\u010dekom. Hra obsahuje dva hern\u00e9 pl\u00e1ny, aby si vedeli zahra\u0165 rovnako deti ako aj dospel\u00ed. Celkovo v\u00a0nej n\u00e1jdete viac ako osemsto ot\u00e1zok, ktor\u00e9 sa via\u017eu k\u00a0zauj\u00edmav\u00fdm pr\u00edrodn\u00fdm a\u00a0kult\u00farnym atrakci\u00e1m. Po\u010das chladn\u00fdch a\u00a0d\u00fafajme, \u017ee aj zasne\u017een\u00fdch dn\u00ed, si takto virtu\u00e1lne m\u00f4\u017eete prejs\u0165 na\u0161e doliny, pohoria, dedinky a\u00a0mest\u00e1 a\u00a0mo\u017eno v\u010faka tejto hre objav\u00edte mno\u017estvo tipov na v\u00fdlety.<\/p>\n<p><a href=\"https:\/\/d2p6e6u75xmxt8.cloudfront.net\/4\/2020\/12\/Vianoce_zeny_01.jpg\"><img loading=\"lazy\" decoding=\"async\" src=\"https:\/\/d2p6e6u75xmxt8.cloudfront.net\/4\/2020\/12\/Vianoce_zeny_01.jpg\" alt=\"\" width=\"1200\" height=\"800\" class=\"alignnone size-full wp-image-11119\" \/><\/a><\/p>\n<h2><strong>Nohy v teple<\/strong><\/h2>\n<p>Ak v\u00e1m je zima od n\u00f4h, je v\u00e1m zima v\u0161ade. A\u00a0preto sa <strong>oplat\u00ed investova\u0165 do kvalitn\u00fdch pono\u017eiek<\/strong>. Slovensk\u00fd v\u00fdrobca kvalitn\u00e9ho merino oble\u010denia Blackhill Outdoor, tento rok roz\u0161\u00edril svoju ponuku aj o\u00a0<a href=\"https:\/\/www.blackhilloutdoor.sk\/p\/merino-ponozky-dumbier-hnede\" rel=\"noopener noreferrer\" target=\"_blank\">pono\u017eky z\u00a0ov\u010dej vlny<\/a>. Nie s\u00fa to v\u0161ak oby\u010dajn\u00e9 pono\u017eky, ktor\u00e9 v\u00e1s zahrej\u00fa doma pri sledovan\u00ed rozpr\u00e1vok v\u00a0telev\u00edzii. S\u00fa to pono\u017eky pre milovn\u00edkov zimnej turistiky. Merino udr\u017euje spr\u00e1vnu mikrokl\u00edmu n\u00f4h a\u00a0okrem pr\u00edjemn\u00e9ho tepla udr\u017euje nohy v\u00a0suchu. Maj\u00fa viacero vylep\u0161en\u00ed ako je zv\u00fd\u0161en\u00e1 p\u00e4ta, spevnen\u00e9 chodidlo \u010di odvodov\u00e9 kan\u00e1liky. Doprajte si pohodlie s\u00a0materi\u00e1lom, ktor\u00fd n\u00e1m na Slovensku bol v\u00a0minulosti tak\u00fd prirodzen\u00fd.<\/p>\n<p><a href=\"https:\/\/d2p6e6u75xmxt8.cloudfront.net\/4\/2020\/12\/Vianoce_zeny_02.jpg\"><img loading=\"lazy\" decoding=\"async\" src=\"https:\/\/d2p6e6u75xmxt8.cloudfront.net\/4\/2020\/12\/Vianoce_zeny_02.jpg\" alt=\"\" width=\"1200\" height=\"800\" class=\"alignnone size-full wp-image-11120\" \/><\/a><\/p>\n<h2><strong>Rozmazn\u00e1vajte sa<\/strong><\/h2>\n<p>Nielen \u0161portovanie prospieva v\u00e1\u0161mu zdraviu, ale aj starostlivos\u0165 o\u00a0telo, ktor\u00e9 potrebujete ma\u0165 v\u00a0top kond\u00edcii. Po\u010das sychrav\u00fdch jesenn\u00fdch dn\u00ed dostala obzvl\u00e1\u0161\u0165 poko\u017eka poriadne zabra\u0165 a\u00a0tak si ju po\u010das zimy h\u00fd\u010dkajte. S\u00a0<a href=\"https:\/\/www.soaphoria.sk\/sk\/detox-absolute\/378-detox-absolute-vitaminove-telove-maslo.html\" rel=\"noopener noreferrer\" target=\"_blank\">vitam\u00ednov\u00fdm telov\u00fdm maslom<\/a> pre\u010dist\u00edte poko\u017eku a\u00a0podpor\u00edte elasticitu a\u00a0celkov\u00e9 prekrvenie. V\u00f4\u0148a limetky a\u00a0rozmar\u00ednu bude <strong>stimulova\u0165 v\u00e1\u0161 nervov\u00fd syst\u00e9m a\u00a0odb\u00fara nervozitu \u010di nap\u00e4tie<\/strong>. Aplik\u00e1cia je najvhodnej\u0161ia po sprche \u010di k\u00fapeli, na e\u0161te vlhk\u00fa poko\u017eku. V\u00fdrobok je slovensk\u00fd od firmy Soaphoria a\u00a0berie oh\u013ead nielen na \u017eivotn\u00e9 prostredie, ale pri jeho v\u00fdrobe a\u00a0testovan\u00ed netrpeli \u017eiadne zvierat\u00e1.<\/p>\n<p><a href=\"https:\/\/d2p6e6u75xmxt8.cloudfront.net\/4\/2020\/12\/Vianoce_zeny_03.jpg\"><img loading=\"lazy\" decoding=\"async\" src=\"https:\/\/d2p6e6u75xmxt8.cloudfront.net\/4\/2020\/12\/Vianoce_zeny_03.jpg\" alt=\"\" width=\"1200\" height=\"800\" class=\"alignnone size-full wp-image-11121\" \/><\/a><\/p>\n<h2><strong>Pripravte sa na piknik<\/strong><\/h2>\n<p>Ak pod strom\u010dek dostanete <a href=\"https:\/\/www.sashe.sk\/pik-nik\/detail\/pruteny-kosik-na-bicykel-svetly-v3\" rel=\"noopener noreferrer\" target=\"_blank\">pr\u00faten\u00fd k\u00f4\u0161 na bicykel<\/a>, asi sa u\u017e nebudete vedie\u0165 do\u010dka\u0165 prv\u00fdch jarn\u00fdch l\u00fa\u010dov. A\u00a0to preto, aby ste mohli vytiahnu\u0165 bicykel a\u00a0vyrazi\u0165 do obchodu \u010di na trh, na svoj prv\u00fd \u0161t\u00fdlov\u00fd n\u00e1kup. <strong>Kr\u00e1sne ko\u0161\u00edky vyr\u00e1baj\u00fa dve sestry<\/strong>, ktor\u00e9 si n\u00e1zov pre svoj projekt Pik-nik zvolili skuto\u010dne vhodne. D\u00f4vodom, pre\u010do sa pustili do v\u00fdroby nielen ko\u0161ov na bicykel, ale aj piknikov\u00fdch ko\u0161\u00edkov bola ich vlastn\u00e1 potreba si nie\u010do tak\u00e9 k\u00fapi\u0165, no na trhu nena\u0161li vhodn\u00e9ho v\u00fdrobcu. Tak za\u010dali ko\u0161e vyr\u00e1ba\u0165 sami. A\u00a0teraz sa m\u00f4\u017eete pote\u0161i\u0165 a\u00a0pochv\u00e1li\u0165 kr\u00e1snym ko\u0161om na bicykel aj vy. K\u00f4\u0161 je z\u00a0vn\u00fatornej strany vylo\u017een\u00fd bavlnenou l\u00e1tkou, ktorej vzor a\u00a0farebn\u00e9 prevedenie si pr\u00edpadne m\u00f4\u017eete po dohode prisp\u00f4sobi\u0165 svojmu vkusu.<\/p>\n<p><a href=\"https:\/\/d2p6e6u75xmxt8.cloudfront.net\/4\/2020\/12\/Vianoce_zeny_04.jpg\"><img loading=\"lazy\" decoding=\"async\" src=\"https:\/\/d2p6e6u75xmxt8.cloudfront.net\/4\/2020\/12\/Vianoce_zeny_04.jpg\" alt=\"\" width=\"1200\" height=\"800\" class=\"alignnone size-full wp-image-11122\" \/><\/a><\/p>\n<h2><strong>Tri\u010dko s ilustr\u00e1ciou<\/strong><\/h2>\n<p><a href=\"https:\/\/www.mellow.sk\/produkt\/bikers-pocket-deep-chestnut\/\" rel=\"noopener noreferrer\" target=\"_blank\">\u0160t\u00fdlov\u00e9 a\u00a0modern\u00e9 tri\u010dko<\/a> je s\u00a0mot\u00edvom cyklistov na vrecku. Tri\u010dko bolo vyroben\u00e9 na Slovensku z\u00a0<strong>kvalitnej bavlny s\u00a0certifik\u00e1tom OEKO-TEX STANDARD 100<\/strong>, v\u010faka ktor\u00e9mu musia v\u00fdrobky sp\u013a\u0148a\u0165 pr\u00edsne krit\u00e9ri\u00e1 pre kvalitu. Slovensk\u00e1 zna\u010dka Mellow vyr\u00e1ba origin\u00e1lny dizajn a\u00a0veci, ktor\u00e9 v\u00e1s prenes\u00fa do sveta snov a\u00a0fant\u00e1zie. Pr\u00edbeh zna\u010dky za\u010dal s\u00a0prv\u00fdm ru\u010dne u\u0161it\u00fdm vank\u00fa\u0161ikom v\u00a0tvare l\u00ed\u0161ky, ale\u00a0a\u017e vank\u00fa\u0161ik v\u00a0tvare ve\u013eryby spustil skuto\u010dn\u00fa tvorbu a\u00a0v\u00fdrobu pod touto zna\u010dkou. Dokonca vznikla aj ve\u013emi \u00faspe\u0161n\u00e1 kniha o\u00a0ve\u013erybe Gerde. Odvtedy zna\u010dka spolupracuje so slovensk\u00fdmi dizajn\u00e9rmi a\u00a0ilustr\u00e1tormi a\u00a0jednu z\u00a0ilustr\u00e1ci\u00ed m\u00f4\u017eete aj vy hrdo nosi\u0165 na svojom novom tri\u010dku.<\/p>\n<p><a href=\"https:\/\/d2p6e6u75xmxt8.cloudfront.net\/4\/2020\/12\/Vianoce_zeny_05.jpg\"><img loading=\"lazy\" decoding=\"async\" src=\"https:\/\/d2p6e6u75xmxt8.cloudfront.net\/4\/2020\/12\/Vianoce_zeny_05.jpg\" alt=\"\" width=\"1200\" height=\"800\" class=\"alignnone size-full wp-image-11123\" \/><\/a><\/p>\n<h2><strong>Jedna pono\u017eka bez druhej nem\u00f4\u017ee existova\u0165<\/strong><\/h2>\n<p>Vesel\u00e9 a\u00a0farebn\u00e9 pono\u017eky boli dlho v\u00fdsadou det\u00ed. Na\u0161\u0165astie, nieko\u013eko rokov dozadu sa aj pre n\u00e1s dospel\u00fdch za\u010dali vyr\u00e1ba\u0165 farebn\u00e9 a\u00a0obr\u00e1zkov\u00e9 pono\u017eky. V\u00fdrobcov a\u00a0predajcov je u\u017e dnes na trhu nieko\u013eko a\u00a0\u010do tak <a href=\"https:\/\/2ponozky.sk\/produkt\/bicykel\/\" rel=\"noopener noreferrer\" target=\"_blank\">vysk\u00fa\u0161a\u0165 jeden p\u00e1r<\/a> aj od predajcu s\u00a0vtipn\u00fdm n\u00e1zvom 2 pono\u017eky. N\u00e1zov je to skuto\u010dne trefn\u00fd, ve\u010f jedna pono\u017eka bez druhej nem\u00f4\u017eu existova\u0165. A\u00a0v\u00a0tomto pr\u00edpade sme vybrali zo s\u00e9rie, Ka\u017ed\u00e1 in\u00e1, pr\u00e1ve tie cyklistick\u00e9. Vyroben\u00e9 s\u00fa z <strong>80 % bavlny s\u00a0pr\u00edmesou z\u00a0elastanu a\u00a0polyamidu<\/strong>. Vyrobil ich po\u013esk\u00fd v\u00fdrobca Many Mornings, ktor\u00fd sa dr\u017e\u00ed z\u00e1sady, \u017ee v\u017edy, ke\u010f predaj\u00fa jeden p\u00e1r pono\u017eiek, daruj\u00fa druh\u00fd p\u00e1r do detsk\u00fdch domov alebo bezdomovcom. Tak\u017ee okrem pono\u017eiek v\u00e1s m\u00f4\u017ee hria\u0165 aj dobr\u00fd pocit.<\/p>\n<p><a href=\"https:\/\/d2p6e6u75xmxt8.cloudfront.net\/4\/2020\/12\/Vianoce_zeny_06-1.jpg\"><img loading=\"lazy\" decoding=\"async\" src=\"https:\/\/d2p6e6u75xmxt8.cloudfront.net\/4\/2020\/12\/Vianoce_zeny_06-1.jpg\" alt=\"\" width=\"1200\" height=\"800\" class=\"alignnone size-full wp-image-11124\" \/><\/a><\/p>\n<h2><strong>L\u00e1skovo<\/strong><\/h2>\n<p>Na bicykel je pre v\u00e1s u\u017e mo\u017eno ve\u013emi zima, alebo ve\u013ea snehu a\u00a0tak ste sa naplno pustili do cvi\u010denia jogy. M\u00e1me pre v\u00e1s <a href=\"https:\/\/www.laskovo.sk\/produkt\/zeleny-top\/\" rel=\"noopener noreferrer\" target=\"_blank\">joga top<\/a> v\u00a0pr\u00edrodnej olivovo zelenej farbe. Vyroben\u00fd je z\u00a095 % bio bavlny doplnen\u00fd elastanom. Tento materi\u00e1l je <strong>vhodn\u00fd aj pre alergikov \u010di \u013eud\u00ed s\u00a0inak citlivou poko\u017ekou<\/strong>. V\u010faka tenk\u00fdm ramienkam v\u00e1m po\u010das cvi\u010denia bude top perfektne sedie\u0165 a\u00a0nebude nikde tla\u010di\u0165. A\u00a0navy\u0161e ho viete vyu\u017ei\u0165 celoro\u010dne aj po\u010das in\u00fdch \u0161portov\u00fdch aktiv\u00edt, \u010di u\u017e si p\u00f4jdete zabeha\u0165, alebo zajazdi\u0165 na bicykli. V\u0161etky v\u00fdrobky tejto zna\u010dky si zamilujete a\u00a0k\u00a0tomu odkazuje aj ich n\u00e1zov.<\/p>\n<p><a href=\"https:\/\/d2p6e6u75xmxt8.cloudfront.net\/4\/2020\/12\/Vianoce_zeny_07.jpg\"><img loading=\"lazy\" decoding=\"async\" src=\"https:\/\/d2p6e6u75xmxt8.cloudfront.net\/4\/2020\/12\/Vianoce_zeny_07.jpg\" alt=\"\" width=\"1200\" height=\"800\" class=\"alignnone size-full wp-image-11125\" \/><\/a><\/p>\n<h2><strong>Franc\u00fazske retro<\/strong><\/h2>\n<p>Ak\u00e1 by ste to bola cyklistka, keby ste nemala poriadny a \u0161t\u00fdlov\u00fd bicykel. Ur\u010dite u\u017e m\u00e1te cestn\u00fd \u010di horsk\u00fd bicykel, ale jeden tak\u00fd ten <strong>do mesta \u010di na n\u00e1kupy<\/strong> by sa ur\u010dite hodil. A\u00a0ke\u010f sa posna\u017e\u00edte, n\u00e1jdete pre\u0148 ur\u010dite aj miesto v\u00a0pivnici \u010di gar\u00e1\u017ei. <a href=\"https:\/\/www.mtbiker.sk\/shop\/bicykle\/mestske\/ctm-cite-pastelova-modra-model-2020.html\" rel=\"noopener noreferrer\" target=\"_blank\">CTM CIT\u00e9<\/a> je tou pravou vo\u013ebou a\u00a0v\u010faka n\u00e1dhernej pastelovo modrej farby si ho zamilujete. Bicykel m\u00e1 skuto\u010dn\u00fd retro dizajn aj v\u010faka bled\u00fdm pl\u00e1\u0161\u0165om a\u00a0vy sa budete c\u00edti\u0165, ako by ste objavili kus franc\u00fazskej hist\u00f3rie. No a\u00a0pr\u00e1ve na tento bicykel sa perfektne hod\u00ed pr\u00faten\u00fd ko\u0161\u00edk, z\u00a0ktor\u00e9ho v\u00e1m bude tr\u010da\u0165 bageta a\u00a0f\u013ea\u0161a dobr\u00e9ho v\u00edna cestou na popolud\u0148aj\u0161\u00ed piknik pri rieke. M\u00e1te sa na \u010do te\u0161i\u0165.<\/p>\n<p><a href=\"https:\/\/d2p6e6u75xmxt8.cloudfront.net\/4\/2020\/12\/Vianoce_zeny_08.jpg\"><img loading=\"lazy\" decoding=\"async\" src=\"https:\/\/d2p6e6u75xmxt8.cloudfront.net\/4\/2020\/12\/Vianoce_zeny_08.jpg\" alt=\"\" width=\"1200\" height=\"800\" class=\"alignnone size-full wp-image-11126\" \/><\/a><\/p>\n<p>V\u0161etk\u00fdm cyklistk\u00e1m a bikerk\u00e1m <strong>\u017eel\u00e1me Vesel\u00e9 Vianoce<\/strong>. D\u00fafame, \u017ee pod viano\u010dn\u00fdm strom\u010dekom si n\u00e1jdete to, \u010do si \u017eel\u00e1te \ud83d\ude0a.<\/p>\n","protected":false},"excerpt":{"rendered":"<p>\u017dijeme v\u00a0kr\u00e1snej krajine s\u00a0trad\u00edciami, ktor\u00e9 si ka\u017ed\u00fd rok po\u010das viano\u010dn\u00fdch sviatkov pripom\u00edname. A\u00a0pr\u00e1ve preto sme sa sna\u017eili vybra\u0165 veci, ktor\u00e9 [&hellip;]<\/p>\n","protected":false},"author":81,"featured_media":11118,"comment_status":"open","ping_status":"open","sticky":false,"template":"","format":"standard","meta":{"footnotes":""},"categories":[52],"tags":[115,345,596,669,215,285,349,523,663,344,475,317],"global-categories":[1074],"class_list":["post-11115","post","type-post","status-publish","format-standard","has-post-thumbnail","hentry","category-nakupny-poradca","tag-cestna-cyklistika","tag-darceky","tag-mestsky-bicykel","tag-nakup","tag-nakupny-poradca","tag-oblecenie","tag-ponozky","tag-slovensko","tag-tricko","tag-vianoce","tag-zeny","tag-zima","global-categories-cycling"],"yoast_head":"<!-- This site is optimized with the Yoast SEO Premium plugin v25.3 (Yoast SEO v25.9) - https:\/\/yoast.com\/wordpress\/plugins\/seo\/ -->\n<title>Drobnosti, ktor\u00fdmi pote\u0161\u00edte bikerku pod viano\u010dn\u00fdm strom\u010dekom - \u0160koda We Love Cycling Slovensko<\/title>\n<meta name=\"robots\" content=\"index, follow, max-snippet:-1, max-image-preview:large, max-video-preview:-1\" \/>\n<link rel=\"canonical\" href=\"https:\/\/www.welovecycling.com\/sk\/2020\/12\/04\/drobnosti-ktorymi-potesite-cyklistku-pod-vianocnym-stromcekom\/\" \/>\n<meta property=\"og:locale\" content=\"sk_SK\" \/>\n<meta property=\"og:type\" content=\"article\" \/>\n<meta property=\"og:title\" content=\"Drobnosti, ktor\u00fdmi pote\u0161\u00edte bikerku pod viano\u010dn\u00fdm strom\u010dekom\" \/>\n<meta property=\"og:description\" content=\"\u017dijeme v\u00a0kr\u00e1snej krajine s\u00a0trad\u00edciami, ktor\u00e9 si ka\u017ed\u00fd rok po\u010das viano\u010dn\u00fdch sviatkov pripom\u00edname. A\u00a0pr\u00e1ve preto sme sa sna\u017eili vybra\u0165 veci, ktor\u00e9 [&hellip;]\" \/>\n<meta property=\"og:url\" content=\"https:\/\/www.welovecycling.com\/sk\/2020\/12\/04\/drobnosti-ktorymi-potesite-cyklistku-pod-vianocnym-stromcekom\/\" \/>\n<meta property=\"og:site_name\" content=\"\u0160koda We Love Cycling Slovensko\" \/>\n<meta property=\"article:published_time\" content=\"2020-12-04T09:00:58+00:00\" \/>\n<meta property=\"article:modified_time\" content=\"2020-12-04T12:28:49+00:00\" \/>\n<meta property=\"og:image\" content=\"https:\/\/d2p6e6u75xmxt8.cloudfront.net\/4\/2020\/12\/Vianoce_zeny_00.webp\" \/>\n\t<meta property=\"og:image:width\" content=\"1380\" \/>\n\t<meta property=\"og:image:height\" content=\"600\" \/>\n\t<meta property=\"og:image:type\" content=\"image\/webp\" \/>\n<meta name=\"twitter:card\" content=\"summary_large_image\" \/>\n<meta name=\"twitter:label1\" content=\"Written by\" \/>\n\t<meta name=\"twitter:data1\" content=\"WeLoveCycling\" \/>\n\t<meta name=\"twitter:label2\" content=\"Est. reading time\" \/>\n\t<meta name=\"twitter:data2\" content=\"5\" \/>\n<script type=\"application\/ld+json\" class=\"yoast-schema-graph\">{\"@context\":\"https:\/\/schema.org\",\"@graph\":[{\"@type\":\"WebPage\",\"@id\":\"https:\/\/www.welovecycling.com\/sk\/2020\/12\/04\/drobnosti-ktorymi-potesite-cyklistku-pod-vianocnym-stromcekom\/\",\"url\":\"https:\/\/www.welovecycling.com\/sk\/2020\/12\/04\/drobnosti-ktorymi-potesite-cyklistku-pod-vianocnym-stromcekom\/\",\"name\":\"Drobnosti, ktor\u00fdmi pote\u0161\u00edte bikerku pod viano\u010dn\u00fdm strom\u010dekom - \u0160koda We Love Cycling Slovensko\",\"isPartOf\":{\"@id\":\"https:\/\/www.welovecycling.com\/sk\/#website\"},\"primaryImageOfPage\":{\"@id\":\"https:\/\/www.welovecycling.com\/sk\/2020\/12\/04\/drobnosti-ktorymi-potesite-cyklistku-pod-vianocnym-stromcekom\/#primaryimage\"},\"image\":{\"@id\":\"https:\/\/www.welovecycling.com\/sk\/2020\/12\/04\/drobnosti-ktorymi-potesite-cyklistku-pod-vianocnym-stromcekom\/#primaryimage\"},\"thumbnailUrl\":\"https:\/\/d2p6e6u75xmxt8.cloudfront.net\/4\/2020\/12\/Vianoce_zeny_00.webp\",\"datePublished\":\"2020-12-04T09:00:58+00:00\",\"dateModified\":\"2020-12-04T12:28:49+00:00\",\"author\":{\"@id\":\"\"},\"breadcrumb\":{\"@id\":\"https:\/\/www.welovecycling.com\/sk\/2020\/12\/04\/drobnosti-ktorymi-potesite-cyklistku-pod-vianocnym-stromcekom\/#breadcrumb\"},\"inLanguage\":\"sk-SK\",\"potentialAction\":[{\"@type\":\"ReadAction\",\"target\":[\"https:\/\/www.welovecycling.com\/sk\/2020\/12\/04\/drobnosti-ktorymi-potesite-cyklistku-pod-vianocnym-stromcekom\/\"]}]},{\"@type\":\"ImageObject\",\"inLanguage\":\"sk-SK\",\"@id\":\"https:\/\/www.welovecycling.com\/sk\/2020\/12\/04\/drobnosti-ktorymi-potesite-cyklistku-pod-vianocnym-stromcekom\/#primaryimage\",\"url\":\"https:\/\/d2p6e6u75xmxt8.cloudfront.net\/4\/2020\/12\/Vianoce_zeny_00.webp\",\"contentUrl\":\"https:\/\/d2p6e6u75xmxt8.cloudfront.net\/4\/2020\/12\/Vianoce_zeny_00.webp\",\"width\":1380,\"height\":600},{\"@type\":\"BreadcrumbList\",\"@id\":\"https:\/\/www.welovecycling.com\/sk\/2020\/12\/04\/drobnosti-ktorymi-potesite-cyklistku-pod-vianocnym-stromcekom\/#breadcrumb\",\"itemListElement\":[{\"@type\":\"ListItem\",\"position\":1,\"name\":\"Home\",\"item\":\"https:\/\/www.welovecycling.com\/sk\/\"},{\"@type\":\"ListItem\",\"position\":2,\"name\":\"Drobnosti, ktor\u00fdmi pote\u0161\u00edte bikerku pod viano\u010dn\u00fdm strom\u010dekom\"}]},{\"@type\":\"WebSite\",\"@id\":\"https:\/\/www.welovecycling.com\/sk\/#website\",\"url\":\"https:\/\/www.welovecycling.com\/sk\/\",\"name\":\"\u0160koda We Love Cycling Slovensko\",\"description\":\"\u0160koda We Love Cycling Slovensko je v\u00e1\u0161 ka\u017edodenn\u00fd zdroj noviniek a in\u0161pir\u00e1cie z sveta cyklistiky\",\"potentialAction\":[{\"@type\":\"SearchAction\",\"target\":{\"@type\":\"EntryPoint\",\"urlTemplate\":\"https:\/\/www.welovecycling.com\/sk\/?s={search_term_string}\"},\"query-input\":{\"@type\":\"PropertyValueSpecification\",\"valueRequired\":true,\"valueName\":\"search_term_string\"}}],\"inLanguage\":\"sk-SK\"},{\"@type\":\"Person\",\"@id\":\"\",\"url\":\"https:\/\/www.welovecycling.com\/sk\/author\/\"}]}<\/script>\n<!-- \/ Yoast SEO Premium plugin. -->","yoast_head_json":{"title":"Drobnosti, ktor\u00fdmi pote\u0161\u00edte bikerku pod viano\u010dn\u00fdm strom\u010dekom - \u0160koda We Love Cycling Slovensko","robots":{"index":"index","follow":"follow","max-snippet":"max-snippet:-1","max-image-preview":"max-image-preview:large","max-video-preview":"max-video-preview:-1"},"canonical":"https:\/\/www.welovecycling.com\/sk\/2020\/12\/04\/drobnosti-ktorymi-potesite-cyklistku-pod-vianocnym-stromcekom\/","og_locale":"sk_SK","og_type":"article","og_title":"Drobnosti, ktor\u00fdmi pote\u0161\u00edte bikerku pod viano\u010dn\u00fdm strom\u010dekom","og_description":"\u017dijeme v\u00a0kr\u00e1snej krajine s\u00a0trad\u00edciami, ktor\u00e9 si ka\u017ed\u00fd rok po\u010das viano\u010dn\u00fdch sviatkov pripom\u00edname. A\u00a0pr\u00e1ve preto sme sa sna\u017eili vybra\u0165 veci, ktor\u00e9 [&hellip;]","og_url":"https:\/\/www.welovecycling.com\/sk\/2020\/12\/04\/drobnosti-ktorymi-potesite-cyklistku-pod-vianocnym-stromcekom\/","og_site_name":"\u0160koda We Love Cycling Slovensko","article_published_time":"2020-12-04T09:00:58+00:00","article_modified_time":"2020-12-04T12:28:49+00:00","og_image":[{"width":1380,"height":600,"url":"https:\/\/d2p6e6u75xmxt8.cloudfront.net\/4\/2020\/12\/Vianoce_zeny_00.webp","type":"image\/webp"}],"twitter_card":"summary_large_image","twitter_misc":{"Written by":"WeLoveCycling","Est. reading time":"5"},"schema":{"@context":"https:\/\/schema.org","@graph":[{"@type":"WebPage","@id":"https:\/\/www.welovecycling.com\/sk\/2020\/12\/04\/drobnosti-ktorymi-potesite-cyklistku-pod-vianocnym-stromcekom\/","url":"https:\/\/www.welovecycling.com\/sk\/2020\/12\/04\/drobnosti-ktorymi-potesite-cyklistku-pod-vianocnym-stromcekom\/","name":"Drobnosti, ktor\u00fdmi pote\u0161\u00edte bikerku pod viano\u010dn\u00fdm strom\u010dekom - \u0160koda We Love Cycling Slovensko","isPartOf":{"@id":"https:\/\/www.welovecycling.com\/sk\/#website"},"primaryImageOfPage":{"@id":"https:\/\/www.welovecycling.com\/sk\/2020\/12\/04\/drobnosti-ktorymi-potesite-cyklistku-pod-vianocnym-stromcekom\/#primaryimage"},"image":{"@id":"https:\/\/www.welovecycling.com\/sk\/2020\/12\/04\/drobnosti-ktorymi-potesite-cyklistku-pod-vianocnym-stromcekom\/#primaryimage"},"thumbnailUrl":"https:\/\/d2p6e6u75xmxt8.cloudfront.net\/4\/2020\/12\/Vianoce_zeny_00.webp","datePublished":"2020-12-04T09:00:58+00:00","dateModified":"2020-12-04T12:28:49+00:00","author":{"@id":""},"breadcrumb":{"@id":"https:\/\/www.welovecycling.com\/sk\/2020\/12\/04\/drobnosti-ktorymi-potesite-cyklistku-pod-vianocnym-stromcekom\/#breadcrumb"},"inLanguage":"sk-SK","potentialAction":[{"@type":"ReadAction","target":["https:\/\/www.welovecycling.com\/sk\/2020\/12\/04\/drobnosti-ktorymi-potesite-cyklistku-pod-vianocnym-stromcekom\/"]}]},{"@type":"ImageObject","inLanguage":"sk-SK","@id":"https:\/\/www.welovecycling.com\/sk\/2020\/12\/04\/drobnosti-ktorymi-potesite-cyklistku-pod-vianocnym-stromcekom\/#primaryimage","url":"https:\/\/d2p6e6u75xmxt8.cloudfront.net\/4\/2020\/12\/Vianoce_zeny_00.webp","contentUrl":"https:\/\/d2p6e6u75xmxt8.cloudfront.net\/4\/2020\/12\/Vianoce_zeny_00.webp","width":1380,"height":600},{"@type":"BreadcrumbList","@id":"https:\/\/www.welovecycling.com\/sk\/2020\/12\/04\/drobnosti-ktorymi-potesite-cyklistku-pod-vianocnym-stromcekom\/#breadcrumb","itemListElement":[{"@type":"ListItem","position":1,"name":"Home","item":"https:\/\/www.welovecycling.com\/sk\/"},{"@type":"ListItem","position":2,"name":"Drobnosti, ktor\u00fdmi pote\u0161\u00edte bikerku pod viano\u010dn\u00fdm strom\u010dekom"}]},{"@type":"WebSite","@id":"https:\/\/www.welovecycling.com\/sk\/#website","url":"https:\/\/www.welovecycling.com\/sk\/","name":"\u0160koda We Love Cycling Slovensko","description":"\u0160koda We Love Cycling Slovensko je v\u00e1\u0161 ka\u017edodenn\u00fd zdroj noviniek a in\u0161pir\u00e1cie z sveta cyklistiky","potentialAction":[{"@type":"SearchAction","target":{"@type":"EntryPoint","urlTemplate":"https:\/\/www.welovecycling.com\/sk\/?s={search_term_string}"},"query-input":{"@type":"PropertyValueSpecification","valueRequired":true,"valueName":"search_term_string"}}],"inLanguage":"sk-SK"},{"@type":"Person","@id":"","url":"https:\/\/www.welovecycling.com\/sk\/author\/"}]}},"_links":{"self":[{"href":"https:\/\/www.welovecycling.com\/sk\/wp-json\/wp\/v2\/posts\/11115","targetHints":{"allow":["GET"]}}],"collection":[{"href":"https:\/\/www.welovecycling.com\/sk\/wp-json\/wp\/v2\/posts"}],"about":[{"href":"https:\/\/www.welovecycling.com\/sk\/wp-json\/wp\/v2\/types\/post"}],"author":[{"embeddable":true,"href":"https:\/\/www.welovecycling.com\/sk\/wp-json\/wp\/v2\/users\/81"}],"replies":[{"embeddable":true,"href":"https:\/\/www.welovecycling.com\/sk\/wp-json\/wp\/v2\/comments?post=11115"}],"version-history":[{"count":2,"href":"https:\/\/www.welovecycling.com\/sk\/wp-json\/wp\/v2\/posts\/11115\/revisions"}],"predecessor-version":[{"id":11205,"href":"https:\/\/www.welovecycling.com\/sk\/wp-json\/wp\/v2\/posts\/11115\/revisions\/11205"}],"wp:featuredmedia":[{"embeddable":true,"href":"https:\/\/www.welovecycling.com\/sk\/wp-json\/wp\/v2\/media\/11118"}],"wp:attachment":[{"href":"https:\/\/www.welovecycling.com\/sk\/wp-json\/wp\/v2\/media?parent=11115"}],"wp:term":[{"taxonomy":"category","embeddable":true,"href":"https:\/\/www.welovecycling.com\/sk\/wp-json\/wp\/v2\/categories?post=11115"},{"taxonomy":"post_tag","embeddable":true,"href":"https:\/\/www.welovecycling.com\/sk\/wp-json\/wp\/v2\/tags?post=11115"},{"taxonomy":"global-categories","embeddable":true,"href":"https:\/\/www.welovecycling.com\/sk\/wp-json\/wp\/v2\/global-categories?post=11115"}],"curies":[{"name":"wp","href":"https:\/\/api.w.org\/{rel}","templated":true}]}}