{"id":11100,"date":"2020-11-30T10:00:10","date_gmt":"2020-11-30T09:00:10","guid":{"rendered":"https:\/\/www.welovecycling.com\/sk\/?p=11100"},"modified":"2020-11-27T22:31:44","modified_gmt":"2020-11-27T21:31:44","slug":"mesacna-desiatka-sezona-prechadza-do-svojej-zaverecnej-fazy","status":"publish","type":"post","link":"https:\/\/www.welovecycling.com\/sk\/2020\/11\/30\/mesacna-desiatka-sezona-prechadza-do-svojej-zaverecnej-fazy\/","title":{"rendered":"Mesa\u010dn\u00e1 desiatka &#8211; sez\u00f3na prech\u00e1dza do svojej z\u00e1vere\u010dnej f\u00e1zy"},"content":{"rendered":"<p><strong>Predposledn\u00fd mesiac v\u00a0roku predstavuje najm\u00e4 v\u00a0cyklistickom svete u\u017e d\u00e1vno ukon\u010den\u00fa sez\u00f3nu. Av\u0161ak tento rok tomu bolo inak. Mno\u017estvo podujat\u00ed sa presunulo na koniec roka, a\u00a0aj preto n\u00e1m vznikla zauj\u00edmav\u00e1 mozaika, poskladan\u00e1 zo v\u0161etk\u00fdch druhov cyklistiky.<\/strong><!--more--><\/p>\n<h2><strong>Vuelte op\u00e4\u0165 kra\u013eoval Slovinec<\/strong><\/h2>\n<p>Primo\u017e Rogli\u010d si po menej \u0161\u0165astnom z\u00e1vere Tour de France doprial poriadnu d\u00e1vku zados\u0165u\u010dinenia. Samozrejme, druh\u00e9 miesto v\u00a0celkovej klasifik\u00e1cii na Starej d\u00e1me nie je na zahodenie, ale zlato je zlato. Do \u0161panielskeho etap\u00e1ku vst\u00fapil asi s\u00a0podobn\u00fdmi amb\u00edciami, ke\u010f\u017ee u\u017e od konca prvej etapy obliekal \u010derven\u00fd dres ved\u00faceho mu\u017ea. Odst\u00fapenie T. Pinota alebo koniec n\u00e1dej\u00e1m, ktor\u00e9 boli pomyslene vkladan\u00e9 do Frooma zna\u010dili, \u017ee m\u00f4\u017ee \u00eds\u0165 o\u00a0\u013eahk\u00e9 v\u00ed\u0165azstvo. Av\u0161ak v\u00fdkony Carapaza hovorili o\u00a0opaku. Predov\u0161etk\u00fdm ich vz\u00e1jomn\u00fd s\u00faboj, ktor\u00fd v\u00a0poslednom t\u00fd\u017edni znamenal odstup len v\u00a0desiatkach sek\u00fand, <strong>priniesol vyt\u00fa\u017een\u00e9 nap\u00e4tie<\/strong>. Ani n\u00e1stup Carapaza v\u00a0poslednej horskej etape, ktor\u00fd zn\u00ed\u017eil celkov\u00fd rozdiel na 24 sek\u00fand, nemal vplyv na druh\u00e9 v\u00ed\u0165azstvo Rogli\u010da na La Vuelte.<\/p>\n<h2><strong>Svetov\u00fd poh\u00e1r v\u00a0Elimin\u00e1tore bol nap\u00ednav\u00fd do poslednej jazdy<\/strong><\/h2>\n<p>Menej zn\u00e1ma discipl\u00edna horskej cyklistiky &#8211; Elimin\u00e1tor &#8211; kedy v\u00a0ka\u017edom kole \u0161tartuje \u0161tvorica pretek\u00e1rov s\u00fa\u010dasne a\u00a0po nieko\u013ek\u00fdch min\u00fatach okru\u017enej jazdy postupuj\u00fa v\u017edy prv\u00ed dvaja pretek\u00e1ri, <strong>priniesla z\u00e1bavu do \u0161panielskej Barcelony<\/strong>. Tu sa toti\u017e konalo kolo Svetov\u00e9ho poh\u00e1ra, ktor\u00e9 priv\u00edtalo viacer\u00e9 zvu\u010dn\u00e9 men\u00e1. Jednou z \u201enajv\u00e4\u010d\u0161\u00edch celebr\u00edt\u201c bol aj trojn\u00e1sobn\u00fd majster sveta v\u00a0zjazde, Loic Bruni. Jeho v\u00fdbu\u0161nos\u0165 a\u00a0technika jazdy ho vyniesla a\u017e na celkov\u00e9 4. miesto. Prv\u00fdm sa stal J. Van Eck. Medzi \u017eenami kra\u013eovala len 18 ro\u010dn\u00e1 G. Tormena.<\/p>\n<p>https:\/\/www.youtube.com\/watch?v=yxn-y7_U8C8&#038;ab_channel=BTTLobo<\/p>\n<h2><strong>Posledn\u00e1 bodka za zjazdovou sez\u00f3nou v\u00a0Portugalsku<\/strong><\/h2>\n<p>Lousa sa stala posledn\u00fdm tohtoro\u010dn\u00fdm miestom konania sa Svetov\u00e9ho poh\u00e1ra v\u00a0zjazde. Desiatky pretek\u00e1rov si <strong>pri\u0161li zmera\u0165 sily a\u00a0zabojova\u0165<\/strong> e\u0161te o\u00a0posledn\u00e9 body do celkov\u00e9ho hodnotenia. Ve\u013ek\u00fd ot\u00e1znik visel najm\u00e4 v\u00a0mu\u017eskej elitnej kateg\u00f3rii. Boj medzi L. Brunim a\u00a0prekvapen\u00edm sez\u00f3ny, M.&nbsp;Walkerom z\u00e1le\u017ealo pr\u00e1ve v\u00a0tomto poslednom kole. Walkerova jazda, ktor\u00e1 ho v\u00a0cieli vyniesla a\u017e na 3.&nbsp;miesto bola jednozna\u010dnou odpove\u010fou, \u017ee to bude on, ktor\u00fd si odnesie domov biely dres. Zados\u0165u\u010dinenia sa dostalo aj Brunimu. Ten po fam\u00f3znej jazde dok\u00e1zal zdola\u0165 aj G. Minaara a\u00a0ukoristi\u0165 prv\u00e9 (a s\u00fa\u010dasne aj posledn\u00e9) v\u00ed\u0165azstvo v\u00a0tejto sez\u00f3ne. \u017densk\u00e1 kateg\u00f3ria taktie\u017e priniesla nap\u00ednav\u00e9 pretekanie. Dovtedy ved\u00faca M. Nicole stratila svoje prv\u00e9 miesto v\u010faka jednozna\u010dne najlep\u0161ej jazde M. Cabirou, ktor\u00e1 si tak okrem v\u00ed\u0165azstva v\u00a0tomto kole prip\u00edsala aj celkov\u00e9 hodnotenie.<\/p>\n<h2><strong>Dr\u00e1hari si pri\u0161li na svoje na Majstrovstv\u00e1ch Eur\u00f3py v\u00a0Plovdive<\/strong><\/h2>\n<p>Napriek pr\u00e1zdnej div\u00e1ckej kulise, kedy jedin\u00fdmi \u00fa\u010dastn\u00edkmi tak\u00fdchto smutne vyzeraj\u00facich majstrovstiev sa stali samotn\u00ed pretek\u00e1ri, na ov\u00e1le v\u00a0bulharskom Plovdive sa <strong>bojovalo naplno<\/strong>. V\u00a011&nbsp;majstrovstv\u00e1ch v Plovdive discipl\u00ednach sa predstavili desiatky eur\u00f3pskych elitn\u00fdch mien. Najv\u00e4\u010d\u0161ie \u00faspechy si odnieslo M. Levy, ktor\u00fd opanoval tak \u0160print ako aj Keirin. Rovnako na tom bol aj S. Mora Vedri so zlatom z\u00a0Bodovacej s\u00fa\u0165a\u017ee a\u00a0Madisonu. U\u00a0\u017eien to bola A. Vionova, triumfuj\u00faca v\u00a0t\u00edmovom \u0160printe a\u00a0\u0160printe jednotlivcov. Popul\u00e1rny Keirin v\u00a0tomto pr\u00edpade patril O. Starikovej.<\/p>\n<lite-youtube videoid=9ZVP4yF8yLI params=\"enablejsapi=1\" style=\"background-image: url('https:\/\/i.ytimg.com\/vi_webp\/9ZVP4yF8yLI\/maxresdefault.webp');\"><\/lite-youtube>\n<h2><strong>Nezab\u00fadajte, \u017ee cyklokros o\u017e\u00edva pr\u00e1ve v\u00a0t\u00fdchto d\u0148och<\/strong><\/h2>\n<p>Aj napriek pr\u00edsnym opatreniam sa cyklokros\u00e1ri vr\u00fatili do tohtoro\u010dnej sez\u00f3ny naplno. D\u00f4kazom toho s\u00fa desiatky pretekov, ktor\u00e9 n\u00e1s sprev\u00e1dzaj\u00fa u\u017e od konca septembra. Av\u0161ak a\u017e november priniesol Eur\u00f3pske cyklokrosov\u00e9 majstrovstv\u00e1. Aj napriek ne\u00fa\u010dasti najv\u00e4\u010d\u0161ej hviezdy, M. van der Poela, <strong>bolo na \u010do pozera\u0165<\/strong>. Predov\u0161etk\u00fdm i\u0161lo o\u00a0takmer v\u00fdlu\u010dne belgick\u00fd s\u00faboj v\u00a0mu\u017eskej kateg\u00f3rii, kedy zlato v\u00a0poslednom kole poistil E. Iserbyt. Rovnako tomu bolo v\u00a0\u017eenskej kateg\u00f3rii, kde dominovala povestn\u00e1 \u0161tvorica Holan\u010faniek. Tak ako aj na minuloro\u010dn\u00fdch MS, aj tu si po vyt\u00fa\u017een\u00e9 zlato pri\u0161la C. de C. Alvarado. Nebolo to ale tak\u00e9 jednoduch\u00e9, najm\u00e4, ke\u010f o\u00a0v\u00ed\u0165azstve pred krajankou A. Worstovou pre\u0165ala cie\u013eov\u00fa p\u00e1sku len o\u00a0desatiny sekundy sk\u00f4r. \u010co sa t\u00fdka slovensk\u00e9ho zast\u00fapenia, na\u0161u trikol\u00f3ru reprezentovala dvojica pretek\u00e1rov: v\u00a0mu\u017eoch to bol O. Glajza s\u00a0na 28. mieste a\u00a0medzi mu\u017emi do 23&nbsp;rokov zase T. Van\u010do na 36. mieste.<\/p>\n<h2><strong>Ako sa pripravi\u0165 na mokr\u00e9 jazdenie v\u00a0zime?<\/strong><\/h2>\n<p>Pozn\u00e1me to azda v\u0161etci &#8211; jazdi\u0165 na suchu alebo v\u00a0blate \u010di po da\u017edi, je nie\u010do diametr\u00e1lne odli\u0161n\u00e9. Pridan\u00e1 vlhkos\u0165 zmen\u00ed charakter povrchu a\u00a0t\u00fdm n\u00e1s priprav\u00ed minim\u00e1lne o\u00a0o\u010dak\u00e1van\u00fa d\u00e1vku pri\u013enavosti. Chceli by ste preto vedie\u0165, ako sa v\u00a0tak\u00fdchto situ\u00e1ci\u00e1ch zachova\u0165, <strong>\u010do na svojej technike jazdy vylep\u0161i\u0165<\/strong>? Presn\u00fd recept ur\u010dite neexistuje, ale aspo\u0148 o\u00a0nie\u010do bli\u017e\u0161ie k\u00a0bezpe\u010dn\u00e9mu jazdeniu sa m\u00f4\u017eete dosta\u0165 pomocou r\u00e1d R\u00e9myho M\u00e9taillera, zn\u00e1meho horsk\u00e9ho cyklistu, pre ktor\u00e9ho asi \u017eiadne podmienky nie s\u00fa probl\u00e9mom. Tak teda, po\u010d\u00favajte a\u00a0u\u010dte sa!<\/p>\n<lite-youtube videoid=grRqmb5hktA params=\"enablejsapi=1\" style=\"background-image: url('https:\/\/i.ytimg.com\/vi_webp\/grRqmb5hktA\/maxresdefault.webp');\"><\/lite-youtube>\n<h2><strong>Rekordy s\u00fa na to, aby sa prekon\u00e1vali!<\/strong><\/h2>\n<p>Ak\u00fdko\u013evek jedine\u010dn\u00fd cyklistick\u00fd \u010dasov\u00fd alebo r\u00fdchlostn\u00fd z\u00e1pis znamen\u00e1 v\u017edy posunutie hran\u00edc \u013eudsk\u00fdch, ale aj technick\u00fdch mo\u017enost\u00ed smerom vpred. Rovnako tomu bolo aj po\u010das okt\u00f3bra v\u00a0Utahu, kde sa P. Stetina pok\u00fasil spolu s\u00a0A. Rockwell o\u00a0zdolanie mu\u017esk\u00e9ho a\u00a0z\u00e1rove\u0148 aj \u017eensk\u00e9ho r\u00fdchlostn\u00e9ho rekordu na okruhu, nazvanom White Rim. Pra\u0161n\u00e9 dlh\u00e9 a\u00a0otvoren\u00e9 cesty <strong>znamenali celkovo 160 km a\u00a02 103 nast\u00fapan\u00fdch metrov<\/strong>. Dovtedaj\u0161\u00ed mu\u017esk\u00fd rekord bol na hranici 5:30 hod\u00edn, \u017eensk\u00fd zase 8:33. Ako nakoniec v\u00a0tomto ne\u013e\u00fatostnom boji obst\u00e1li tohtoro\u010dn\u00ed vyz\u00fdvatelia? To sa dozviete v\u00a0nasleduj\u00facom videu.<\/p>\n<lite-youtube videoid=WeFkg9nwDE8 params=\"enablejsapi=1\" style=\"background-image: url('https:\/\/i.ytimg.com\/vi_webp\/WeFkg9nwDE8\/maxresdefault.webp');\"><\/lite-youtube>\n<h2><strong>100 sek\u00fand \u010dist\u00e9ho jazdenia s\u00a0neskuto\u010dn\u00fdm Brandonom Semenukom<\/strong><\/h2>\n<p>Povestn\u00fdch \u201eRaw 100\u201c vst\u00fapilo do dej\u00edn jazdenia pred nieko\u013ek\u00fdmi rokmi, kedy pr\u00e1ve horsk\u00fd jazdec, B.&nbsp;Semenuk pon\u00fakol n\u00e1h\u013ead na jeho \u010dist\u00e9, technick\u00e9 a\u00a0najm\u00e4 p\u00f4sobiv\u00e9 jazdenie. Tento trend sa stal hitom, \u010doho d\u00f4kazom je u\u017e <strong>\u0161ieste pokra\u010dovanie tejto s\u00e9rie<\/strong>. Tentokr\u00e1t sa miestom \u010dinu stal opusten\u00fd lom v\u00a0britskej Kolumbii. Prec\u00edznos\u0165, s\u00a0akou Brendon zvl\u00e1da jednotliv\u00e9 k\u00fasky, podtrhnut\u00e1 skvelou kameramanskou pr\u00e1cou, v\u00e1s jednoducho mus\u00ed uchv\u00e1ti\u0165. Po\u010fte sa spolu s\u00a0nami pozrie\u0165 na 100 sek\u00fand a\u00a0u\u017eite si ni\u010d\u00edm neru\u0161en\u00fa jazdu roka.<\/p>\n<lite-youtube videoid=3jqTgj_UCeI params=\"enablejsapi=1\" style=\"background-image: url('https:\/\/i.ytimg.com\/vi_webp\/3jqTgj_UCeI\/maxresdefault.webp');\"><\/lite-youtube>\n<h2><strong>Mysl\u00edte si, \u017ee ste technicky zdatn\u00ed? M\u00e1me pre v\u00e1s nie\u010do na porovn\u00e1vanie<\/strong><\/h2>\n<p>To, \u010do sa v\u00a0na\u0161ich dom\u00e1cich podmienkach m\u00f4\u017ee \u010dastokr\u00e1t javi\u0165 ako skuto\u010dn\u00e1 sk\u00fa\u0161ka technick\u00e9ho jazdenia v\u00a0lese, m\u00f4\u017ee v\u00a0in\u00fdch k\u00fatoch sveta vyzera\u0165 ako pohodov\u00e1 jazda po\u010das nede\u013en\u00e9ho v\u00fdjazdu. Nejde v\u0161ak o\u00a0porovn\u00e1vanie sa, ale <strong>u\u017e\u00edvanie si radosti z\u00a0jazdy<\/strong>. Preto sa po\u010fme pozrie\u0165 na to, ak\u00e9 n\u00e1strahy si popul\u00e1rny Hazzard Racing pripravili pre nieko\u013ekon\u00e1sobn\u00e9ho majstra sveta v\u00a0triale, Jacka Carthyho. Mysl\u00edme, \u017ee nie je nutn\u00e9 dod\u00e1va\u0165 upozornenie, aby ste to doma nesk\u00fa\u0161ali. Ve\u010f predsa, pre\u010do by aj nie?<\/p>\n<lite-youtube videoid=IssOwHvnNm0 params=\"enablejsapi=1\" style=\"background-image: url('https:\/\/i.ytimg.com\/vi_webp\/IssOwHvnNm0\/maxresdefault.webp');\"><\/lite-youtube>\n<h2><strong>Pripome\u0148me si legend\u00e1rne chv\u00edle z\u00a0Gira 2020 s\u00a0Education First<\/strong><\/h2>\n<p>Zdalo by sa, \u017ee ide o\u00a0d\u00e1vnu hist\u00f3riu &#8211; predsa len, Giro je vecou m\u00e1jov\u00e9ho pretek\u00e1rskeho harmonogramu. Av\u0161ak, ak sa lep\u0161ie rozpam\u00e4t\u00e1me na tohtoro\u010dn\u00fa sez\u00f3nu, ihne\u010f pochop\u00edme, \u017ee <strong>Giro sa skon\u010dilo len predned\u00e1vnom<\/strong>. Aj preto si m\u00f4\u017eeme kr\u00e1tkym videom od Rapha Films pripomen\u00fa\u0165, ako tento taliansky etap\u00e1k vyzeral v\u00a0celej svojej kr\u00e1se. Aby ne\u0161lo iba o \u201evonkaj\u0161ie\u201c nahliadanie, vtiahneme v\u00e1s priamo do deja! A\u00a0to rovno s\u00a0t\u00edmom Education First Pro Cycling, ktor\u00fd na Gire 2020 z\u00edskal a\u017e dve etapov\u00e9 v\u00ed\u0165azstv\u00e1.<\/p>\n<lite-youtube videoid=vxLtfvMq80A params=\"enablejsapi=1\" style=\"background-image: url('https:\/\/i.ytimg.com\/vi_webp\/vxLtfvMq80A\/maxresdefault.webp');\"><\/lite-youtube>\n<p>Tak a\u00a0m\u00e1me za sebou aj predposledn\u00fd mesiac. Ako vid\u00edte, <strong>cyklistika neust\u00e1le \u017eije<\/strong>. Samozrejme, nadch\u00e1dzaj\u00faci mesiac bude na cyklistiku o\u00a0\u010dosi striedmej\u0161\u00ed, ale nikdy nehovorme nikdy! Tak \u010di onak, nezabudnite, \u017ee sez\u00f3na nikdy nekon\u010d\u00ed. Neexistuje zl\u00e9 po\u010dasie, len nedostato\u010dne pripraven\u00fd jazdec!<\/p>\n","protected":false},"excerpt":{"rendered":"<p>Predposledn\u00fd mesiac v\u00a0roku predstavuje najm\u00e4 v\u00a0cyklistickom svete u\u017e d\u00e1vno ukon\u010den\u00fa sez\u00f3nu. Av\u0161ak tento rok tomu bolo inak. Mno\u017estvo podujat\u00ed sa [&hellip;]<\/p>\n","protected":false},"author":81,"featured_media":11103,"comment_status":"open","ping_status":"open","sticky":false,"template":"","format":"standard","meta":{"footnotes":""},"categories":[63],"tags":[619,115,487,582,1180,65,180,532,1271,767,584,703,55,219],"global-categories":[1074],"class_list":["post-11100","post","type-post","status-publish","format-standard","has-post-thumbnail","hentry","category-grand-tour","tag-bicyklovanie","tag-cestna-cyklistika","tag-cestny-bicykel","tag-cyklokros","tag-draha","tag-giro-d-italia","tag-horska-cyklistika","tag-jazdenie","tag-la-vuelta-2020","tag-motivacia","tag-rekord","tag-svetovy-pohar","tag-trening","tag-vuelta-a-espana","global-categories-cycling"],"yoast_head":"<!-- This site is optimized with the Yoast SEO Premium plugin v25.3 (Yoast SEO v25.9) - https:\/\/yoast.com\/wordpress\/plugins\/seo\/ -->\n<title>Mesa\u010dn\u00e1 desiatka - sez\u00f3na prech\u00e1dza do svojej z\u00e1vere\u010dnej f\u00e1zy - \u0160koda We Love Cycling Slovensko<\/title>\n<meta name=\"robots\" content=\"index, follow, max-snippet:-1, max-image-preview:large, max-video-preview:-1\" \/>\n<link rel=\"canonical\" href=\"https:\/\/www.welovecycling.com\/sk\/2020\/11\/30\/mesacna-desiatka-sezona-prechadza-do-svojej-zaverecnej-fazy\/\" \/>\n<meta property=\"og:locale\" content=\"sk_SK\" \/>\n<meta property=\"og:type\" content=\"article\" \/>\n<meta property=\"og:title\" content=\"Mesa\u010dn\u00e1 desiatka - sez\u00f3na prech\u00e1dza do svojej z\u00e1vere\u010dnej f\u00e1zy\" \/>\n<meta property=\"og:description\" content=\"Predposledn\u00fd mesiac v\u00a0roku predstavuje najm\u00e4 v\u00a0cyklistickom svete u\u017e d\u00e1vno ukon\u010den\u00fa sez\u00f3nu. Av\u0161ak tento rok tomu bolo inak. Mno\u017estvo podujat\u00ed sa [&hellip;]\" \/>\n<meta property=\"og:url\" content=\"https:\/\/www.welovecycling.com\/sk\/2020\/11\/30\/mesacna-desiatka-sezona-prechadza-do-svojej-zaverecnej-fazy\/\" \/>\n<meta property=\"og:site_name\" content=\"\u0160koda We Love Cycling Slovensko\" \/>\n<meta property=\"article:published_time\" content=\"2020-11-30T09:00:10+00:00\" \/>\n<meta property=\"og:image\" content=\"https:\/\/d2p6e6u75xmxt8.cloudfront.net\/4\/2020\/11\/WLC_november_00.webp\" \/>\n\t<meta property=\"og:image:width\" content=\"1380\" \/>\n\t<meta property=\"og:image:height\" content=\"600\" \/>\n\t<meta property=\"og:image:type\" content=\"image\/webp\" \/>\n<meta name=\"twitter:card\" content=\"summary_large_image\" \/>\n<meta name=\"twitter:label1\" content=\"Written by\" \/>\n\t<meta name=\"twitter:data1\" content=\"WeLoveCycling\" \/>\n\t<meta name=\"twitter:label2\" content=\"Est. reading time\" \/>\n\t<meta name=\"twitter:data2\" content=\"6\" \/>\n<script type=\"application\/ld+json\" class=\"yoast-schema-graph\">{\"@context\":\"https:\/\/schema.org\",\"@graph\":[{\"@type\":\"WebPage\",\"@id\":\"https:\/\/www.welovecycling.com\/sk\/2020\/11\/30\/mesacna-desiatka-sezona-prechadza-do-svojej-zaverecnej-fazy\/\",\"url\":\"https:\/\/www.welovecycling.com\/sk\/2020\/11\/30\/mesacna-desiatka-sezona-prechadza-do-svojej-zaverecnej-fazy\/\",\"name\":\"Mesa\u010dn\u00e1 desiatka - sez\u00f3na prech\u00e1dza do svojej z\u00e1vere\u010dnej f\u00e1zy - \u0160koda We Love Cycling Slovensko\",\"isPartOf\":{\"@id\":\"https:\/\/www.welovecycling.com\/sk\/#website\"},\"primaryImageOfPage\":{\"@id\":\"https:\/\/www.welovecycling.com\/sk\/2020\/11\/30\/mesacna-desiatka-sezona-prechadza-do-svojej-zaverecnej-fazy\/#primaryimage\"},\"image\":{\"@id\":\"https:\/\/www.welovecycling.com\/sk\/2020\/11\/30\/mesacna-desiatka-sezona-prechadza-do-svojej-zaverecnej-fazy\/#primaryimage\"},\"thumbnailUrl\":\"https:\/\/d2p6e6u75xmxt8.cloudfront.net\/4\/2020\/11\/WLC_november_00.webp\",\"datePublished\":\"2020-11-30T09:00:10+00:00\",\"author\":{\"@id\":\"\"},\"breadcrumb\":{\"@id\":\"https:\/\/www.welovecycling.com\/sk\/2020\/11\/30\/mesacna-desiatka-sezona-prechadza-do-svojej-zaverecnej-fazy\/#breadcrumb\"},\"inLanguage\":\"sk-SK\",\"potentialAction\":[{\"@type\":\"ReadAction\",\"target\":[\"https:\/\/www.welovecycling.com\/sk\/2020\/11\/30\/mesacna-desiatka-sezona-prechadza-do-svojej-zaverecnej-fazy\/\"]}]},{\"@type\":\"ImageObject\",\"inLanguage\":\"sk-SK\",\"@id\":\"https:\/\/www.welovecycling.com\/sk\/2020\/11\/30\/mesacna-desiatka-sezona-prechadza-do-svojej-zaverecnej-fazy\/#primaryimage\",\"url\":\"https:\/\/d2p6e6u75xmxt8.cloudfront.net\/4\/2020\/11\/WLC_november_00.webp\",\"contentUrl\":\"https:\/\/d2p6e6u75xmxt8.cloudfront.net\/4\/2020\/11\/WLC_november_00.webp\",\"width\":1380,\"height\":600},{\"@type\":\"BreadcrumbList\",\"@id\":\"https:\/\/www.welovecycling.com\/sk\/2020\/11\/30\/mesacna-desiatka-sezona-prechadza-do-svojej-zaverecnej-fazy\/#breadcrumb\",\"itemListElement\":[{\"@type\":\"ListItem\",\"position\":1,\"name\":\"Home\",\"item\":\"https:\/\/www.welovecycling.com\/sk\/\"},{\"@type\":\"ListItem\",\"position\":2,\"name\":\"Mesa\u010dn\u00e1 desiatka &#8211; sez\u00f3na prech\u00e1dza do svojej z\u00e1vere\u010dnej f\u00e1zy\"}]},{\"@type\":\"WebSite\",\"@id\":\"https:\/\/www.welovecycling.com\/sk\/#website\",\"url\":\"https:\/\/www.welovecycling.com\/sk\/\",\"name\":\"\u0160koda We Love Cycling Slovensko\",\"description\":\"\u0160koda We Love Cycling Slovensko je v\u00e1\u0161 ka\u017edodenn\u00fd zdroj noviniek a in\u0161pir\u00e1cie z sveta cyklistiky\",\"potentialAction\":[{\"@type\":\"SearchAction\",\"target\":{\"@type\":\"EntryPoint\",\"urlTemplate\":\"https:\/\/www.welovecycling.com\/sk\/?s={search_term_string}\"},\"query-input\":{\"@type\":\"PropertyValueSpecification\",\"valueRequired\":true,\"valueName\":\"search_term_string\"}}],\"inLanguage\":\"sk-SK\"},{\"@type\":\"Person\",\"@id\":\"\",\"url\":\"https:\/\/www.welovecycling.com\/sk\/author\/\"}]}<\/script>\n<!-- \/ Yoast SEO Premium plugin. -->","yoast_head_json":{"title":"Mesa\u010dn\u00e1 desiatka - sez\u00f3na prech\u00e1dza do svojej z\u00e1vere\u010dnej f\u00e1zy - \u0160koda We Love Cycling Slovensko","robots":{"index":"index","follow":"follow","max-snippet":"max-snippet:-1","max-image-preview":"max-image-preview:large","max-video-preview":"max-video-preview:-1"},"canonical":"https:\/\/www.welovecycling.com\/sk\/2020\/11\/30\/mesacna-desiatka-sezona-prechadza-do-svojej-zaverecnej-fazy\/","og_locale":"sk_SK","og_type":"article","og_title":"Mesa\u010dn\u00e1 desiatka - sez\u00f3na prech\u00e1dza do svojej z\u00e1vere\u010dnej f\u00e1zy","og_description":"Predposledn\u00fd mesiac v\u00a0roku predstavuje najm\u00e4 v\u00a0cyklistickom svete u\u017e d\u00e1vno ukon\u010den\u00fa sez\u00f3nu. Av\u0161ak tento rok tomu bolo inak. Mno\u017estvo podujat\u00ed sa [&hellip;]","og_url":"https:\/\/www.welovecycling.com\/sk\/2020\/11\/30\/mesacna-desiatka-sezona-prechadza-do-svojej-zaverecnej-fazy\/","og_site_name":"\u0160koda We Love Cycling Slovensko","article_published_time":"2020-11-30T09:00:10+00:00","og_image":[{"width":1380,"height":600,"url":"https:\/\/d2p6e6u75xmxt8.cloudfront.net\/4\/2020\/11\/WLC_november_00.webp","type":"image\/webp"}],"twitter_card":"summary_large_image","twitter_misc":{"Written by":"WeLoveCycling","Est. reading time":"6"},"schema":{"@context":"https:\/\/schema.org","@graph":[{"@type":"WebPage","@id":"https:\/\/www.welovecycling.com\/sk\/2020\/11\/30\/mesacna-desiatka-sezona-prechadza-do-svojej-zaverecnej-fazy\/","url":"https:\/\/www.welovecycling.com\/sk\/2020\/11\/30\/mesacna-desiatka-sezona-prechadza-do-svojej-zaverecnej-fazy\/","name":"Mesa\u010dn\u00e1 desiatka - sez\u00f3na prech\u00e1dza do svojej z\u00e1vere\u010dnej f\u00e1zy - \u0160koda We Love Cycling Slovensko","isPartOf":{"@id":"https:\/\/www.welovecycling.com\/sk\/#website"},"primaryImageOfPage":{"@id":"https:\/\/www.welovecycling.com\/sk\/2020\/11\/30\/mesacna-desiatka-sezona-prechadza-do-svojej-zaverecnej-fazy\/#primaryimage"},"image":{"@id":"https:\/\/www.welovecycling.com\/sk\/2020\/11\/30\/mesacna-desiatka-sezona-prechadza-do-svojej-zaverecnej-fazy\/#primaryimage"},"thumbnailUrl":"https:\/\/d2p6e6u75xmxt8.cloudfront.net\/4\/2020\/11\/WLC_november_00.webp","datePublished":"2020-11-30T09:00:10+00:00","author":{"@id":""},"breadcrumb":{"@id":"https:\/\/www.welovecycling.com\/sk\/2020\/11\/30\/mesacna-desiatka-sezona-prechadza-do-svojej-zaverecnej-fazy\/#breadcrumb"},"inLanguage":"sk-SK","potentialAction":[{"@type":"ReadAction","target":["https:\/\/www.welovecycling.com\/sk\/2020\/11\/30\/mesacna-desiatka-sezona-prechadza-do-svojej-zaverecnej-fazy\/"]}]},{"@type":"ImageObject","inLanguage":"sk-SK","@id":"https:\/\/www.welovecycling.com\/sk\/2020\/11\/30\/mesacna-desiatka-sezona-prechadza-do-svojej-zaverecnej-fazy\/#primaryimage","url":"https:\/\/d2p6e6u75xmxt8.cloudfront.net\/4\/2020\/11\/WLC_november_00.webp","contentUrl":"https:\/\/d2p6e6u75xmxt8.cloudfront.net\/4\/2020\/11\/WLC_november_00.webp","width":1380,"height":600},{"@type":"BreadcrumbList","@id":"https:\/\/www.welovecycling.com\/sk\/2020\/11\/30\/mesacna-desiatka-sezona-prechadza-do-svojej-zaverecnej-fazy\/#breadcrumb","itemListElement":[{"@type":"ListItem","position":1,"name":"Home","item":"https:\/\/www.welovecycling.com\/sk\/"},{"@type":"ListItem","position":2,"name":"Mesa\u010dn\u00e1 desiatka &#8211; sez\u00f3na prech\u00e1dza do svojej z\u00e1vere\u010dnej f\u00e1zy"}]},{"@type":"WebSite","@id":"https:\/\/www.welovecycling.com\/sk\/#website","url":"https:\/\/www.welovecycling.com\/sk\/","name":"\u0160koda We Love Cycling Slovensko","description":"\u0160koda We Love Cycling Slovensko je v\u00e1\u0161 ka\u017edodenn\u00fd zdroj noviniek a in\u0161pir\u00e1cie z sveta cyklistiky","potentialAction":[{"@type":"SearchAction","target":{"@type":"EntryPoint","urlTemplate":"https:\/\/www.welovecycling.com\/sk\/?s={search_term_string}"},"query-input":{"@type":"PropertyValueSpecification","valueRequired":true,"valueName":"search_term_string"}}],"inLanguage":"sk-SK"},{"@type":"Person","@id":"","url":"https:\/\/www.welovecycling.com\/sk\/author\/"}]}},"_links":{"self":[{"href":"https:\/\/www.welovecycling.com\/sk\/wp-json\/wp\/v2\/posts\/11100","targetHints":{"allow":["GET"]}}],"collection":[{"href":"https:\/\/www.welovecycling.com\/sk\/wp-json\/wp\/v2\/posts"}],"about":[{"href":"https:\/\/www.welovecycling.com\/sk\/wp-json\/wp\/v2\/types\/post"}],"author":[{"embeddable":true,"href":"https:\/\/www.welovecycling.com\/sk\/wp-json\/wp\/v2\/users\/81"}],"replies":[{"embeddable":true,"href":"https:\/\/www.welovecycling.com\/sk\/wp-json\/wp\/v2\/comments?post=11100"}],"version-history":[{"count":2,"href":"https:\/\/www.welovecycling.com\/sk\/wp-json\/wp\/v2\/posts\/11100\/revisions"}],"predecessor-version":[{"id":11113,"href":"https:\/\/www.welovecycling.com\/sk\/wp-json\/wp\/v2\/posts\/11100\/revisions\/11113"}],"wp:featuredmedia":[{"embeddable":true,"href":"https:\/\/www.welovecycling.com\/sk\/wp-json\/wp\/v2\/media\/11103"}],"wp:attachment":[{"href":"https:\/\/www.welovecycling.com\/sk\/wp-json\/wp\/v2\/media?parent=11100"}],"wp:term":[{"taxonomy":"category","embeddable":true,"href":"https:\/\/www.welovecycling.com\/sk\/wp-json\/wp\/v2\/categories?post=11100"},{"taxonomy":"post_tag","embeddable":true,"href":"https:\/\/www.welovecycling.com\/sk\/wp-json\/wp\/v2\/tags?post=11100"},{"taxonomy":"global-categories","embeddable":true,"href":"https:\/\/www.welovecycling.com\/sk\/wp-json\/wp\/v2\/global-categories?post=11100"}],"curies":[{"name":"wp","href":"https:\/\/api.w.org\/{rel}","templated":true}]}}