{"id":11068,"date":"2020-11-23T10:00:13","date_gmt":"2020-11-23T09:00:13","guid":{"rendered":"https:\/\/www.welovecycling.com\/sk\/?p=11068"},"modified":"2023-04-12T11:53:48","modified_gmt":"2023-04-12T09:53:48","slug":"neprijemne-zlozvyky-cyklistov-ktorych-by-ste-sa-mali-zbavit","status":"publish","type":"post","link":"https:\/\/www.welovecycling.com\/sk\/2020\/11\/23\/neprijemne-zlozvyky-cyklistov-ktorych-by-ste-sa-mali-zbavit\/","title":{"rendered":"Nepr\u00edjemn\u00e9 zlozvyky cyklistov, ktor\u00fdch by ste sa mali zbavi\u0165"},"content":{"rendered":"<p><strong>Bicyklovanie n\u00e1m d\u00e1va slobodu, ale ka\u017ed\u00e1 \u010dinnos\u0165 m\u00e1 svoje hranice, ktor\u00fdch sa treba dr\u017ea\u0165. Aj ke\u010f v \u010dl\u00e1nkoch rad\u0161ej nebudeme predn\u00e1\u0161a\u0165 alebo moralizova\u0165, chceli by sme, aby sa tieto \u010dinnosti vytratili z ciest \u2013 ak nie pre ni\u010d in\u00e9, tak pre bezpe\u010dnos\u0165 n\u00e1s v\u0161etk\u00fdch. Ak uvid\u00edte cyklistu, ktor\u00fd rob\u00ed \u010doko\u013evek z t\u00fdchto zlozvykov, povedzte mu to, aby si to uvedomil a sk\u00fasil s t\u00fdm presta\u0165.<\/strong><!--more--><\/p>\n<h2><strong>Spr\u00e1vajte sa dobre k ostatn\u00fdm \u00fa\u010dastn\u00edkom prem\u00e1vky<\/strong><\/h2>\n<p>Dodr\u017eiavanie vzdialenosti 1,5 metra pre bezpe\u010dn\u00fd prejazd je jedna vec, spr\u00e1vanie cyklistu v prem\u00e1vke druh\u00e1. Star\u00e9 zlat\u00e9 pravidlo hovor\u00ed, <strong>\u017ee by sme sa mali spr\u00e1va\u0165 k ostatn\u00fdm rovnako, ako by sme chceli, aby sa in\u00ed spr\u00e1vali k n\u00e1m<\/strong>. A na ceste neplat\u00ed \u017eiadna v\u00fdnimka. Neradi vid\u00edme, ke\u010f je cesta pre niekoho pretek\u00e1rskou dr\u00e1hou. Tak\u00e9to spr\u00e1vanie navy\u0161e v\u0161eobecne rob\u00ed cyklistom zl\u00e9 meno. Zdr\u017ete sa tak\u00e9hoto spr\u00e1vania, aby ostatn\u00ed vodi\u010di a chodci re\u0161pektovali n\u00e1s cyklistov.<\/p>\n<p>https:\/\/www.youtube.com\/watch?v=fz1CWhICu9g<\/p>\n<h2><strong>Z dennej jazdy do pr\u00e1ce sa stali preteky<\/strong><\/h2>\n<p>Jazda po tej istej ceste tam a sp\u00e4\u0165 m\u00f4\u017ee by\u0165 po nieko\u013ek\u00fdch t\u00fd\u017ed\u0148och zbaven\u00e1 pr\u00ed\u0165a\u017elivosti. Ani nuda by v\u0161ak nemala cyklistu nab\u00e1da\u0165 k tomu, aby sa z doch\u00e1dzania stali pouli\u010dn\u00e9 preteky. Trochu viac adrenal\u00ednu v na\u0161ich ka\u017edodenn\u00fdch rutin\u00e1ch m\u00f4\u017ee by\u0165 pre \u013eud\u00ed okolo <strong>nepr\u00edjemn\u00e9 a nebezpe\u010dn\u00e9<\/strong>. Cyklisti, ktor\u00ed uh\u00e1\u0148aj\u00fa r\u00fdchlej\u0161ie, len aby boli v pr\u00e1ci o min\u00fatu sk\u00f4r ako v\u010dera, by sa mali prihl\u00e1si\u0165 na skuto\u010dn\u00e9 preteky a presta\u0165 ohrozova\u0165 ostatn\u00fdch \u00fa\u010dastn\u00edkov cestnej prem\u00e1vky.<\/p>\n<h2><strong>Nedodr\u017eiavanie pravidiel cestnej prem\u00e1vky<\/strong><\/h2>\n<p>Bez oh\u013eadu na to, ako ve\u013emi maj\u00fa cyklisti pocit, \u017ee svoj bicykel perfektne ovl\u00e1daj\u00fa, ostatn\u00fdch \u00fa\u010dastn\u00edkov prem\u00e1vky zneis\u0165uje va\u0161a jazda na \u010derven\u00fa, po chodn\u00edku pre chodcov, jazda v protismere a in\u00e9 poru\u0161ovanie pravidiel. Nedodr\u017eiavanie dopravn\u00fdch predpisov m\u00f4\u017ee vies\u0165 nielen k nehod\u00e1m, ale tie\u017e <strong>vyvol\u00e1va vlnu verejn\u00e9ho hnevu<\/strong>, ktor\u00fd zasiahne v\u0161etk\u00fdch cyklistov, vr\u00e1tane t\u00fdch, ktor\u00ed predpisy neporu\u0161uj\u00fa. To ist\u00e9 plat\u00ed aj pre nenosenie prilieb alebo zanedb\u00e1vanie pou\u017e\u00edvania svetiel po zotmen\u00ed.<\/p>\n<figure id=\"attachment_11070\" aria-describedby=\"caption-attachment-11070\" style=\"width: 1250px\" class=\"wp-caption alignnone\"><img loading=\"lazy\" decoding=\"async\" class=\"wp-image-11070 size-full\" src=\"https:\/\/d2p6e6u75xmxt8.cloudfront.net\/4\/2020\/11\/Cycling-in-Dark-profimedia-0564851840.jpg\" alt=\"Cycling in the dark\" width=\"1250\" height=\"833\" \/><figcaption id=\"caption-attachment-11070\" class=\"wp-caption-text\">Jazda na bicykli bez ak\u00fdchko\u013evek svetiel je ve\u013emi nebezpe\u010dn\u00e1. \u00a9 Profimedia<\/figcaption><\/figure>\n<h2><strong>Kontrola telef\u00f3nu, jazda bez dr\u017eania a in\u00e9 \u010dinnosti<\/strong><\/h2>\n<p>Je pravda, \u017ee ak budete po\u010das jazdy na bicykli na chv\u00ed\u013eu odpojen\u00ed, m\u00f4\u017ee to niektor\u00fdm osob\u00e1m z\u00e1visl\u00fdm na soci\u00e1lnych sie\u0165ach psychicky ubl\u00ed\u017ei\u0165. Ale ak po\u010das pou\u017e\u00edvania telef\u00f3nu pri jazde naraz\u00edte do auta, ktor\u00e9 sa pokazilo na semafore, m\u00f4\u017eete si v\u00e1\u017ene ubl\u00ed\u017ei\u0165 fyzicky. Cyklisti by sa za ka\u017ed\u00fdch okolnost\u00ed <strong>mali zamera\u0165 na riadenie bicykla<\/strong>. V\u0161etci vodi\u010di chc\u00fa vidie\u0165 va\u0161e ruky na riadidl\u00e1ch, ke\u010f ich m\u00ed\u0148ate na ceste plnej elektri\u010dkov\u00fdch ko\u013eajn\u00edc, dla\u017eobn\u00fdch kame\u0148ov a kan\u00e1lov. Pros\u00edm, \u017eiadne \u010fal\u0161ie selfie po\u010das jazdy.<\/p>\n<h2><strong>Spoliehanie sa na cudziu pomoc<\/strong><\/h2>\n<p>Ka\u017ed\u00fd cyklista ve\u013emi r\u00e1d pom\u00e1ha spolujazdcovi v n\u00fadzi. Bez oh\u013eadu na to, \u010di mu ch\u00fdba n\u00e1radie, du\u0161a, ob\u010derstvenie alebo voda, <strong>nemalo by sa to st\u00e1va\u0165 pr\u00edli\u0161 \u010dasto<\/strong>. Niektor\u00ed \u013eudia si zab\u00fadaj\u00fa vzia\u0165 svoje veci a spoliehaj\u00fa sa na pomoc ostatn\u00fdch. Ale to len dovtedy, k\u00fdm v\u010faka tomu nestratia aj posledn\u00e9ho priate\u013ea na bicykli.<\/p>\n<figure id=\"attachment_9538\" aria-describedby=\"caption-attachment-9538\" style=\"width: 2000px\" class=\"wp-caption alignnone\"><img loading=\"lazy\" decoding=\"async\" class=\"size-full wp-image-9538\" src=\"https:\/\/d2p6e6u75xmxt8.cloudfront.net\/4\/2020\/03\/stoneman-bikepacking.jpg\" alt=\"Friends Cycling\" width=\"2000\" height=\"1333\" \/><figcaption id=\"caption-attachment-9538\" class=\"wp-caption-text\">Nespoliehajte sa v\u017edy na pomoc niekoho in\u00e9ho!<\/figcaption><\/figure>\n<h2><strong>Obliekanie p\u00e1chnuceho oble\u010denia<\/strong><\/h2>\n<p>Trv\u00e1 nejak\u00fd \u010das, k\u00fdm zist\u00edte, \u017ee namiesto z\u00e1pachu z toho hospod\u00e1rskeho dvora, okolo ktor\u00e9ho ste pre\u0161li pred p\u00e1r min\u00fatami, poch\u00e1dza nepr\u00edjemn\u00fd z\u00e1pach z neoprat\u00e9ho oble\u010denia, ktor\u00e9 si na dne\u0161n\u00fa jazdu nasadil kolega cyklista. Vzh\u013eadom na skuto\u010dnos\u0165, \u017ee neexistuje \u017eiadna \u0161anca vyhn\u00fa\u0165 sa tomuto zmyslov\u00e9mu z\u00e1\u017eitku \u010fal\u0161ie dve hodiny, ocenili by ste, keby v\u00e1\u0161 spolujazdec venoval <strong>trochu viac pozornosti svojmu oble\u010deniu<\/strong>.<\/p>\n","protected":false},"excerpt":{"rendered":"<p>Bicyklovanie n\u00e1m d\u00e1va slobodu, ale ka\u017ed\u00e1 \u010dinnos\u0165 m\u00e1 svoje hranice, ktor\u00fdch sa treba dr\u017ea\u0165. Aj ke\u010f v \u010dl\u00e1nkoch rad\u0161ej nebudeme [&hellip;]<\/p>\n","protected":false},"author":172,"featured_media":11072,"comment_status":"open","ping_status":"open","sticky":false,"template":"","format":"standard","meta":{"footnotes":""},"categories":[57],"tags":[1294,62,619,115,865,597,180,1191,532,722,285,539,1207,1295],"global-categories":[],"class_list":["post-11068","post","type-post","status-publish","format-standard","has-post-thumbnail","hentry","category-bezpecnost","tag-bezpecna-jazda","tag-bezpecnost","tag-bicyklovanie","tag-cestna-cyklistika","tag-cestna-premavka","tag-cyklista","tag-horska-cyklistika","tag-jazda","tag-jazdenie","tag-nebezpecenstvo","tag-oblecenie","tag-pomoc","tag-telefon","tag-zlozvyk"],"yoast_head":"<!-- This site is optimized with the Yoast SEO Premium plugin v25.3 (Yoast SEO v25.9) - https:\/\/yoast.com\/wordpress\/plugins\/seo\/ -->\n<title>Nepr\u00edjemn\u00e9 zlozvyky cyklistov, ktor\u00fdch by ste sa mali zbavi\u0165<\/title>\n<meta name=\"description\" content=\"Ak uvid\u00edte cyklistu, ktor\u00fd rob\u00ed \u010doko\u013evek z t\u00fdchto zlozvykov, povedzte mu to, aby si to uvedomil a sk\u00fasil s t\u00fdm presta\u0165.\" \/>\n<meta name=\"robots\" content=\"index, follow, max-snippet:-1, max-image-preview:large, max-video-preview:-1\" \/>\n<link rel=\"canonical\" href=\"https:\/\/www.welovecycling.com\/sk\/2020\/11\/23\/neprijemne-zlozvyky-cyklistov-ktorych-by-ste-sa-mali-zbavit\/\" \/>\n<meta property=\"og:locale\" content=\"sk_SK\" \/>\n<meta property=\"og:type\" content=\"article\" \/>\n<meta property=\"og:title\" content=\"Nepr\u00edjemn\u00e9 zlozvyky cyklistov, ktor\u00fdch by ste sa mali zbavi\u0165\" \/>\n<meta property=\"og:description\" content=\"Ak uvid\u00edte cyklistu, ktor\u00fd rob\u00ed \u010doko\u013evek z t\u00fdchto zlozvykov, povedzte mu to, aby si to uvedomil a sk\u00fasil s t\u00fdm presta\u0165.\" \/>\n<meta property=\"og:url\" content=\"https:\/\/www.welovecycling.com\/sk\/2020\/11\/23\/neprijemne-zlozvyky-cyklistov-ktorych-by-ste-sa-mali-zbavit\/\" \/>\n<meta property=\"og:site_name\" content=\"\u0160koda We Love Cycling Slovensko\" \/>\n<meta property=\"article:published_time\" content=\"2020-11-23T09:00:13+00:00\" \/>\n<meta property=\"article:modified_time\" content=\"2023-04-12T09:53:48+00:00\" \/>\n<meta property=\"og:image\" content=\"https:\/\/d2p6e6u75xmxt8.cloudfront.net\/4\/2020\/11\/Cycling-Phone-CVR.webp\" \/>\n\t<meta property=\"og:image:width\" content=\"1366\" \/>\n\t<meta property=\"og:image:height\" content=\"600\" \/>\n\t<meta property=\"og:image:type\" content=\"image\/webp\" \/>\n<meta name=\"author\" content=\"dominika\" \/>\n<meta name=\"twitter:card\" content=\"summary_large_image\" \/>\n<meta name=\"twitter:label1\" content=\"Written by\" \/>\n\t<meta name=\"twitter:data1\" content=\"Adam Marsal\" \/>\n\t<meta name=\"twitter:label2\" content=\"Est. reading time\" \/>\n\t<meta name=\"twitter:data2\" content=\"4\" \/>\n<script type=\"application\/ld+json\" class=\"yoast-schema-graph\">{\"@context\":\"https:\/\/schema.org\",\"@graph\":[{\"@type\":\"WebPage\",\"@id\":\"https:\/\/www.welovecycling.com\/sk\/2020\/11\/23\/neprijemne-zlozvyky-cyklistov-ktorych-by-ste-sa-mali-zbavit\/\",\"url\":\"https:\/\/www.welovecycling.com\/sk\/2020\/11\/23\/neprijemne-zlozvyky-cyklistov-ktorych-by-ste-sa-mali-zbavit\/\",\"name\":\"Nepr\u00edjemn\u00e9 zlozvyky cyklistov, ktor\u00fdch by ste sa mali zbavi\u0165\",\"isPartOf\":{\"@id\":\"https:\/\/www.welovecycling.com\/sk\/#website\"},\"primaryImageOfPage\":{\"@id\":\"https:\/\/www.welovecycling.com\/sk\/2020\/11\/23\/neprijemne-zlozvyky-cyklistov-ktorych-by-ste-sa-mali-zbavit\/#primaryimage\"},\"image\":{\"@id\":\"https:\/\/www.welovecycling.com\/sk\/2020\/11\/23\/neprijemne-zlozvyky-cyklistov-ktorych-by-ste-sa-mali-zbavit\/#primaryimage\"},\"thumbnailUrl\":\"https:\/\/d2p6e6u75xmxt8.cloudfront.net\/4\/2020\/11\/Cycling-Phone-CVR.webp\",\"datePublished\":\"2020-11-23T09:00:13+00:00\",\"dateModified\":\"2023-04-12T09:53:48+00:00\",\"author\":{\"@id\":\"https:\/\/www.welovecycling.com\/sk\/#\/schema\/person\/533b62b98b6c41bd5135ebfb1f742624\"},\"description\":\"Ak uvid\u00edte cyklistu, ktor\u00fd rob\u00ed \u010doko\u013evek z t\u00fdchto zlozvykov, povedzte mu to, aby si to uvedomil a sk\u00fasil s t\u00fdm presta\u0165.\",\"breadcrumb\":{\"@id\":\"https:\/\/www.welovecycling.com\/sk\/2020\/11\/23\/neprijemne-zlozvyky-cyklistov-ktorych-by-ste-sa-mali-zbavit\/#breadcrumb\"},\"inLanguage\":\"sk-SK\",\"potentialAction\":[{\"@type\":\"ReadAction\",\"target\":[\"https:\/\/www.welovecycling.com\/sk\/2020\/11\/23\/neprijemne-zlozvyky-cyklistov-ktorych-by-ste-sa-mali-zbavit\/\"]}]},{\"@type\":\"ImageObject\",\"inLanguage\":\"sk-SK\",\"@id\":\"https:\/\/www.welovecycling.com\/sk\/2020\/11\/23\/neprijemne-zlozvyky-cyklistov-ktorych-by-ste-sa-mali-zbavit\/#primaryimage\",\"url\":\"https:\/\/d2p6e6u75xmxt8.cloudfront.net\/4\/2020\/11\/Cycling-Phone-CVR.webp\",\"contentUrl\":\"https:\/\/d2p6e6u75xmxt8.cloudfront.net\/4\/2020\/11\/Cycling-Phone-CVR.webp\",\"width\":1366,\"height\":600,\"caption\":\"Habits Cyclists\"},{\"@type\":\"BreadcrumbList\",\"@id\":\"https:\/\/www.welovecycling.com\/sk\/2020\/11\/23\/neprijemne-zlozvyky-cyklistov-ktorych-by-ste-sa-mali-zbavit\/#breadcrumb\",\"itemListElement\":[{\"@type\":\"ListItem\",\"position\":1,\"name\":\"Home\",\"item\":\"https:\/\/www.welovecycling.com\/sk\/\"},{\"@type\":\"ListItem\",\"position\":2,\"name\":\"Nepr\u00edjemn\u00e9 zlozvyky cyklistov, ktor\u00fdch by ste sa mali zbavi\u0165\"}]},{\"@type\":\"WebSite\",\"@id\":\"https:\/\/www.welovecycling.com\/sk\/#website\",\"url\":\"https:\/\/www.welovecycling.com\/sk\/\",\"name\":\"\u0160koda We Love Cycling Slovensko\",\"description\":\"\u0160koda We Love Cycling Slovensko je v\u00e1\u0161 ka\u017edodenn\u00fd zdroj noviniek a in\u0161pir\u00e1cie z sveta cyklistiky\",\"potentialAction\":[{\"@type\":\"SearchAction\",\"target\":{\"@type\":\"EntryPoint\",\"urlTemplate\":\"https:\/\/www.welovecycling.com\/sk\/?s={search_term_string}\"},\"query-input\":{\"@type\":\"PropertyValueSpecification\",\"valueRequired\":true,\"valueName\":\"search_term_string\"}}],\"inLanguage\":\"sk-SK\"},{\"@type\":\"Person\",\"@id\":\"https:\/\/www.welovecycling.com\/sk\/#\/schema\/person\/533b62b98b6c41bd5135ebfb1f742624\",\"name\":\"dominika\",\"image\":{\"@type\":\"ImageObject\",\"inLanguage\":\"sk-SK\",\"@id\":\"https:\/\/www.welovecycling.com\/sk\/#\/schema\/person\/image\/\",\"url\":\"https:\/\/secure.gravatar.com\/avatar\/ded6f274ba2ec3e17fff153f7d9d96a4b33c2cb63907f75d9a5309c599a7f3e6?s=96&d=mm&r=g\",\"contentUrl\":\"https:\/\/secure.gravatar.com\/avatar\/ded6f274ba2ec3e17fff153f7d9d96a4b33c2cb63907f75d9a5309c599a7f3e6?s=96&d=mm&r=g\",\"caption\":\"dominika\"},\"url\":\"https:\/\/www.welovecycling.com\/sk\/author\/dominika\/\"}]}<\/script>\n<!-- \/ Yoast SEO Premium plugin. -->","yoast_head_json":{"title":"Nepr\u00edjemn\u00e9 zlozvyky cyklistov, ktor\u00fdch by ste sa mali zbavi\u0165","description":"Ak uvid\u00edte cyklistu, ktor\u00fd rob\u00ed \u010doko\u013evek z t\u00fdchto zlozvykov, povedzte mu to, aby si to uvedomil a sk\u00fasil s t\u00fdm presta\u0165.","robots":{"index":"index","follow":"follow","max-snippet":"max-snippet:-1","max-image-preview":"max-image-preview:large","max-video-preview":"max-video-preview:-1"},"canonical":"https:\/\/www.welovecycling.com\/sk\/2020\/11\/23\/neprijemne-zlozvyky-cyklistov-ktorych-by-ste-sa-mali-zbavit\/","og_locale":"sk_SK","og_type":"article","og_title":"Nepr\u00edjemn\u00e9 zlozvyky cyklistov, ktor\u00fdch by ste sa mali zbavi\u0165","og_description":"Ak uvid\u00edte cyklistu, ktor\u00fd rob\u00ed \u010doko\u013evek z t\u00fdchto zlozvykov, povedzte mu to, aby si to uvedomil a sk\u00fasil s t\u00fdm presta\u0165.","og_url":"https:\/\/www.welovecycling.com\/sk\/2020\/11\/23\/neprijemne-zlozvyky-cyklistov-ktorych-by-ste-sa-mali-zbavit\/","og_site_name":"\u0160koda We Love Cycling Slovensko","article_published_time":"2020-11-23T09:00:13+00:00","article_modified_time":"2023-04-12T09:53:48+00:00","og_image":[{"width":1366,"height":600,"url":"https:\/\/d2p6e6u75xmxt8.cloudfront.net\/4\/2020\/11\/Cycling-Phone-CVR.webp","type":"image\/webp"}],"author":"dominika","twitter_card":"summary_large_image","twitter_misc":{"Written by":"Adam Marsal","Est. reading time":"4"},"schema":{"@context":"https:\/\/schema.org","@graph":[{"@type":"WebPage","@id":"https:\/\/www.welovecycling.com\/sk\/2020\/11\/23\/neprijemne-zlozvyky-cyklistov-ktorych-by-ste-sa-mali-zbavit\/","url":"https:\/\/www.welovecycling.com\/sk\/2020\/11\/23\/neprijemne-zlozvyky-cyklistov-ktorych-by-ste-sa-mali-zbavit\/","name":"Nepr\u00edjemn\u00e9 zlozvyky cyklistov, ktor\u00fdch by ste sa mali zbavi\u0165","isPartOf":{"@id":"https:\/\/www.welovecycling.com\/sk\/#website"},"primaryImageOfPage":{"@id":"https:\/\/www.welovecycling.com\/sk\/2020\/11\/23\/neprijemne-zlozvyky-cyklistov-ktorych-by-ste-sa-mali-zbavit\/#primaryimage"},"image":{"@id":"https:\/\/www.welovecycling.com\/sk\/2020\/11\/23\/neprijemne-zlozvyky-cyklistov-ktorych-by-ste-sa-mali-zbavit\/#primaryimage"},"thumbnailUrl":"https:\/\/d2p6e6u75xmxt8.cloudfront.net\/4\/2020\/11\/Cycling-Phone-CVR.webp","datePublished":"2020-11-23T09:00:13+00:00","dateModified":"2023-04-12T09:53:48+00:00","author":{"@id":"https:\/\/www.welovecycling.com\/sk\/#\/schema\/person\/533b62b98b6c41bd5135ebfb1f742624"},"description":"Ak uvid\u00edte cyklistu, ktor\u00fd rob\u00ed \u010doko\u013evek z t\u00fdchto zlozvykov, povedzte mu to, aby si to uvedomil a sk\u00fasil s t\u00fdm presta\u0165.","breadcrumb":{"@id":"https:\/\/www.welovecycling.com\/sk\/2020\/11\/23\/neprijemne-zlozvyky-cyklistov-ktorych-by-ste-sa-mali-zbavit\/#breadcrumb"},"inLanguage":"sk-SK","potentialAction":[{"@type":"ReadAction","target":["https:\/\/www.welovecycling.com\/sk\/2020\/11\/23\/neprijemne-zlozvyky-cyklistov-ktorych-by-ste-sa-mali-zbavit\/"]}]},{"@type":"ImageObject","inLanguage":"sk-SK","@id":"https:\/\/www.welovecycling.com\/sk\/2020\/11\/23\/neprijemne-zlozvyky-cyklistov-ktorych-by-ste-sa-mali-zbavit\/#primaryimage","url":"https:\/\/d2p6e6u75xmxt8.cloudfront.net\/4\/2020\/11\/Cycling-Phone-CVR.webp","contentUrl":"https:\/\/d2p6e6u75xmxt8.cloudfront.net\/4\/2020\/11\/Cycling-Phone-CVR.webp","width":1366,"height":600,"caption":"Habits Cyclists"},{"@type":"BreadcrumbList","@id":"https:\/\/www.welovecycling.com\/sk\/2020\/11\/23\/neprijemne-zlozvyky-cyklistov-ktorych-by-ste-sa-mali-zbavit\/#breadcrumb","itemListElement":[{"@type":"ListItem","position":1,"name":"Home","item":"https:\/\/www.welovecycling.com\/sk\/"},{"@type":"ListItem","position":2,"name":"Nepr\u00edjemn\u00e9 zlozvyky cyklistov, ktor\u00fdch by ste sa mali zbavi\u0165"}]},{"@type":"WebSite","@id":"https:\/\/www.welovecycling.com\/sk\/#website","url":"https:\/\/www.welovecycling.com\/sk\/","name":"\u0160koda We Love Cycling Slovensko","description":"\u0160koda We Love Cycling Slovensko je v\u00e1\u0161 ka\u017edodenn\u00fd zdroj noviniek a in\u0161pir\u00e1cie z sveta cyklistiky","potentialAction":[{"@type":"SearchAction","target":{"@type":"EntryPoint","urlTemplate":"https:\/\/www.welovecycling.com\/sk\/?s={search_term_string}"},"query-input":{"@type":"PropertyValueSpecification","valueRequired":true,"valueName":"search_term_string"}}],"inLanguage":"sk-SK"},{"@type":"Person","@id":"https:\/\/www.welovecycling.com\/sk\/#\/schema\/person\/533b62b98b6c41bd5135ebfb1f742624","name":"dominika","image":{"@type":"ImageObject","inLanguage":"sk-SK","@id":"https:\/\/www.welovecycling.com\/sk\/#\/schema\/person\/image\/","url":"https:\/\/secure.gravatar.com\/avatar\/ded6f274ba2ec3e17fff153f7d9d96a4b33c2cb63907f75d9a5309c599a7f3e6?s=96&d=mm&r=g","contentUrl":"https:\/\/secure.gravatar.com\/avatar\/ded6f274ba2ec3e17fff153f7d9d96a4b33c2cb63907f75d9a5309c599a7f3e6?s=96&d=mm&r=g","caption":"dominika"},"url":"https:\/\/www.welovecycling.com\/sk\/author\/dominika\/"}]}},"_links":{"self":[{"href":"https:\/\/www.welovecycling.com\/sk\/wp-json\/wp\/v2\/posts\/11068","targetHints":{"allow":["GET"]}}],"collection":[{"href":"https:\/\/www.welovecycling.com\/sk\/wp-json\/wp\/v2\/posts"}],"about":[{"href":"https:\/\/www.welovecycling.com\/sk\/wp-json\/wp\/v2\/types\/post"}],"author":[{"embeddable":true,"href":"https:\/\/www.welovecycling.com\/sk\/wp-json\/wp\/v2\/users\/172"}],"replies":[{"embeddable":true,"href":"https:\/\/www.welovecycling.com\/sk\/wp-json\/wp\/v2\/comments?post=11068"}],"version-history":[{"count":2,"href":"https:\/\/www.welovecycling.com\/sk\/wp-json\/wp\/v2\/posts\/11068\/revisions"}],"predecessor-version":[{"id":17082,"href":"https:\/\/www.welovecycling.com\/sk\/wp-json\/wp\/v2\/posts\/11068\/revisions\/17082"}],"wp:featuredmedia":[{"embeddable":true,"href":"https:\/\/www.welovecycling.com\/sk\/wp-json\/wp\/v2\/media\/11072"}],"wp:attachment":[{"href":"https:\/\/www.welovecycling.com\/sk\/wp-json\/wp\/v2\/media?parent=11068"}],"wp:term":[{"taxonomy":"category","embeddable":true,"href":"https:\/\/www.welovecycling.com\/sk\/wp-json\/wp\/v2\/categories?post=11068"},{"taxonomy":"post_tag","embeddable":true,"href":"https:\/\/www.welovecycling.com\/sk\/wp-json\/wp\/v2\/tags?post=11068"},{"taxonomy":"global-categories","embeddable":true,"href":"https:\/\/www.welovecycling.com\/sk\/wp-json\/wp\/v2\/global-categories?post=11068"}],"curies":[{"name":"wp","href":"https:\/\/api.w.org\/{rel}","templated":true}]}}