{"id":11053,"date":"2020-12-14T10:00:52","date_gmt":"2020-12-14T09:00:52","guid":{"rendered":"https:\/\/www.welovecycling.com\/sk\/?p=11053"},"modified":"2020-12-14T17:11:32","modified_gmt":"2020-12-14T16:11:32","slug":"sezona-petra-sagana-v-kocke-darilo-sa-slovenskemu-rychlikovi","status":"publish","type":"post","link":"https:\/\/www.welovecycling.com\/sk\/2020\/12\/14\/sezona-petra-sagana-v-kocke-darilo-sa-slovenskemu-rychlikovi\/","title":{"rendered":"Sez\u00f3na Petra Sagana v\u00a0kocke &#8211; darilo sa slovensk\u00e9mu r\u00fdchlikovi?"},"content":{"rendered":"<p><strong>Ro\u010dn\u00edk 2020 sa skon\u010dil a\u00a0je teda \u010das uva\u017eova\u0165 nad t\u00fdm, \u010do bolo v\u00a0uplynulom roku pozit\u00edvne a\u00a0kde sa naopak veci nediali tak, akoby sme od nich o\u010dak\u00e1vali. Rovnako je to aj v\u00a0pr\u00edpade sez\u00f3ny trojn\u00e1sobn\u00e9ho majstra sveta, Petra Sagana.<\/strong><!--more--><\/p>\n<p>Posledn\u00e9 sez\u00f3ny mali pre slovensk\u00e9ho rod\u00e1ka mo\u017eno a\u017e pr\u00edli\u0161 netradi\u010dn\u00e9 zn\u00e1mky stagn\u00e1cie alebo v\u00fdkonnostn\u00e9ho poklesu. Samozrejme nejde len o\u00a0nedokonalos\u0165 Sagana, ale aj o\u00a0siln\u00fa vlnu nesmierne talentovan\u00fdch mlad\u00fdch pretek\u00e1rov, ale aj okolnosti a\u00a0podmienky, ktor\u00e9 v\u00a0jednotliv\u00fdch rokoch vl\u00e1dli. Tento rok bol \u0161pecifick\u00fd svoj\u00edm preru\u0161en\u00edm a\u00a0n\u00e1sledn\u00fdm prudk\u00fdm vstupom s\u00a0pretekmi, ktor\u00e9 namiesto p\u00f4vodn\u00fdch siedmych mesiacov, boli <strong>natla\u010den\u00e9 len do troch alebo necel\u00fdch \u0161tyroch<\/strong>. Tak\u00e9to zmeny je len \u0165a\u017eko mo\u017en\u00e9 predv\u00edda\u0165 a\u00a0pripravi\u0165 sa na ne je e\u0161te o\u00a0nie\u010do n\u00e1ro\u010dnej\u0161ie.<\/p>\n<h2><strong>\u00davod roka na dvoch t\u00fd\u017ed\u0148ov\u00fdch etap\u00e1koch<\/strong><\/h2>\n<p>E\u0161te pred pand\u00e9miou, teda v\u00a0janu\u00e1ri a\u017e marci, sa Peter z\u00fa\u010dastnil na dvoch podujatiach, ktor\u00e9 sa skladali zo siedmych et\u00e1p. Prv\u00fdm bola argent\u00ednska Vuelta a\u00a0San Juan Internacional, ktor\u00e1 je s\u00edce hodnoten\u00e1 ni\u017e\u0161ou \u00farov\u0148ou 2.Pro, ale nech\u00fdbaj\u00fa na nej zvu\u010dn\u00e9 men\u00e1 a\u00a0t\u00edmy. V\u00a0teplej\u0161om prostred\u00ed, ne\u017e ak\u00e9 vl\u00e1dne v\u00a0Eur\u00f3pe po\u010das prv\u00e9ho mesiaca roka, sa Petrovi <strong>podarilo z\u00edska\u0165 jedno druh\u00e9 miesto<\/strong> (v rovinatej etape v\u00a0San Juan, kde nesta\u010dil len na F. Gaviriu) a\u00a0celkovo a\u017e p\u00e4\u0165 umiestnen\u00ed top 10.<\/p>\n<lite-youtube videoid=UkNdFYxluDk params=\"enablejsapi=1\" style=\"background-image: url('https:\/\/i.ytimg.com\/vi_webp\/UkNdFYxluDk\/maxresdefault.webp');\"><\/lite-youtube>\n<p>O\u00a0vy\u0161e mesiac na to u\u017e i\u0161lo do tuh\u00e9ho vo Franc\u00fazsku, konkr\u00e9tne na Par\u00ed\u017e-Nice. Ke\u010f\u017ee toto je u\u017e 2.UWT, teda najvy\u0161\u0161ia kateg\u00f3ria etapov\u00fdch pretekov, <strong>o\u00a0konkurenciu nebola n\u00fadza<\/strong>. Napriek odhodlan\u00fdm \u0161printom v\u00a03. a\u00a05. etape skon\u010dil druh\u00fd, respekt\u00edve tret\u00ed. Tieto v\u00fdsledky s\u00edce znamenali v\u00fdkonnostn\u00fd vzostup, ale st\u00e1le absenciu t\u00fa\u017een\u00e9ho v\u00ed\u0165azstva.<\/p>\n<h2><strong>Augustov\u00e9 jednor\u00e1zovky a\u00a0Dauphin\u00e9<\/strong><\/h2>\n<p>Po ukon\u010den\u00ed \u201ecyklistickej karant\u00e9ny\u201c sa pretek\u00e1ri vr\u00e1tili sp\u00e4\u0165 do o\u010dak\u00e1van\u00e9ho koloto\u010da pretekov. Tento n\u00e1hly vp\u00e1d prekvapil mnoh\u00fdch. Hne\u010f v\u00a0prv\u00fd augustov\u00fd de\u0148, na Strade Bianche z\u00a0vy\u0161e 160&nbsp;jazdcov dokon\u010dilo len 42. Medzi nimi nebol ani Peter Sagan, ktor\u00fd <strong>odst\u00fapil v\u00a0posledn\u00fdch desiatkach kilometrov<\/strong>.<\/p>\n<p>Naopak, Mil\u00e1no-Tur\u00edn a\u00a0Mil\u00e1no-Sanremo boli povzbudiv\u00fdmi v\u00fdsledkami pred Tour de France. V\u00a0prvom menovanom sa pod\u013ea predpokladov fini\u0161ovalo v\u00a0cie\u013eovom \u0161printe. Siln\u00e9 zlo\u017eenie pelot\u00f3nu, kde bol aj A. D\u00e9mare, C. Ewan alebo W. van Aert, <strong>nedoprialo Slov\u00e1kovi mo\u017enos\u0165 te\u0161i\u0165 sa z\u00a0v\u00ed\u0165azstva<\/strong>. I\u00a0ke\u010f porazil F. Gaviriu \u010di N. Bouhanniho, na spom\u00ednan\u00fa trojicu u\u017e nesta\u010dil. Obdobne tomu bolo aj na Sanremo. Najdlh\u0161ia tra\u0165 hist\u00f3rie, 305 km, s\u00edce vy\u010derpala v\u0161etk\u00fdch do posledn\u00fdch s\u00edl, av\u0161ak aj po poslednej dvojici kr\u00e1tkych st\u00fapan\u00ed &#8211; Poggio a\u00a0Cipressa &#8211; sa bal\u00edk r\u00fatil do cie\u013ea s\u00a0vidinou spolo\u010dn\u00e9ho \u0161printu. V\u00a0\u0148om boli klasik\u00e1ri ako W. van Aert, J. Alaphilippe alebo M. Matthews op\u00e4\u0165 silnej\u0161\u00ed ne\u017e Sagan. Av\u0161ak tieto dve \u0161tvrt\u00e9 miesta boli ind\u00edciou, \u017ee Saganova forma je na porovnate\u013enej \u00farovni s\u00a0ostatn\u00fdmi elitn\u00fdmi pretek\u00e1rmi.<\/p>\n<lite-youtube videoid=AC3Km2-GDxA params=\"enablejsapi=1\" style=\"background-image: url('https:\/\/i.ytimg.com\/vi_webp\/AC3Km2-GDxA\/maxresdefault.webp');\"><\/lite-youtube>\n<p>Crit\u00e9rium du Dauphin\u00e9 je v\u017edy poslednou zast\u00e1vkou pred Tour de France. Inak tomu nebolo ani v\u00a0tomto roku. Pre Sagana v\u0161ak t\u00e1to sk\u00fa\u0161ka nedopadla pr\u00edli\u0161 hodnotne. \u0160tyri dni fini\u0161oval v\u00a0druhej polovici \u0161tartov\u00e9ho po\u013ea a\u00a0<strong>po\u010das piateho odst\u00fapil<\/strong>. \u0160pecifikom Dauphin\u00e9 je aj skuto\u010dnos\u0165, \u017ee nejde o\u00a0pr\u00edli\u0161 \u0161print\u00e9rske podujatie, najm\u00e4 kv\u00f4li mno\u017estvu st\u00fapan\u00ed a\u00a0nemo\u017enosti odd\u00fdchnu\u0165 si aj v\u00a0pr\u00edpade ne\u00fa\u010dasti na celkovom porad\u00ed.<\/p>\n<h2><strong>Tour ako vrchol sez\u00f3ny?<\/strong><\/h2>\n<p>Peter Sagan v\u00a0zelenom drese je asi najikonickej\u0161ia predstava o\u00a0tomto pretek\u00e1rovi. Aj tento rok bola mo\u017enos\u0165 doplni\u0165 zbierku o\u00a0\u010fal\u0161\u00ed k\u00fasok. Forma, ako sme u\u017e napovedali, mala st\u00fapaj\u00faci charakter a\u00a0pri porovn\u00e1van\u00ed sa s\u00a0ostatn\u00fdmi klasik\u00e1rmi a\u00a0\u0161print\u00e9rmi <strong>nemal v\u00fdraznej\u0161ie probl\u00e9my<\/strong>. Podstatn\u00e9 bolo udr\u017ea\u0165 si stabiln\u00e9 v\u00fdsledky a\u00a0z\u00edskava\u0165 potrebn\u00e9 body v\u0161ade tam, kde to len bolo mo\u017en\u00e9. Av\u0161ak&#8230;<\/p>\n<lite-youtube videoid=DqXTrMuHIgw params=\"enablejsapi=1\" style=\"background-image: url('https:\/\/i.ytimg.com\/vi_webp\/DqXTrMuHIgw\/maxresdefault.webp');\"><\/lite-youtube>\n<p>U\u017e od za\u010diatku Tour bolo zrete\u013en\u00e9, \u017ee a\u0161pirantov na zelen\u00fd dres je viacero. Medzi nich patrili okrem Sagana aj M. Trentin alebo B. Coquard, \u010diasto\u010dne aj W. van Aert (ktor\u00fd \u201ena\u0161\u0165astie\u201c mal t\u00edmov\u00e9 povinnosti vo\u010di P. Rogli\u010dovi). A\u00a0v\u00a0neposlednom rade aj Sam Bennett. Pr\u00e1ve s\u00a0t\u00fdmto \u00edrskym pretek\u00e1rom <strong>zv\u00e1dzal Sagan boje o\u00a0prv\u00e9 miesto v\u00a0zelenej klasifik\u00e1cii<\/strong>. Toto pre\u0165ahovanie trvalo a\u017e do 10. etapy, kedy Bennett nadobro (i ke\u010f o\u00a0tom nikto dovtedy nevedel), prevzal bodovaciu s\u00fa\u0165a\u017e. <\/p>\n<p>Zlomov\u00fd moment pri\u0161iel v\u00a011. etape, kedy po hektickom \u0161printe s\u00edce Sagan pre\u0165al cie\u013eov\u00fa p\u00e1sku ako tret\u00ed &#8211; za Ewanom a\u00a0Bennettom &#8211; ale jeho po\u010d\u00ednanie si v\u00a0\u0161printe ohodnotili rozhodcovia ako nebezpe\u010dn\u00e9 a\u00a0t\u00fdm <strong>nestratil len body v\u00a0cieli, ale aj 13 bodov penaliz\u00e1cie<\/strong>. Z\u00a020 bodov straty bolo odrazu 70. Okrem ne\u00faspe\u0161n\u00e9ho sna\u017eenia sa o\u00a0dohnanie tejto straty v\u00a0\u00fanikoch alebo taktick\u00fdch \u0165ahoch cel\u00e9ho t\u00edmu BORA-hansgrohe, v\u00a0hre bolo aj etapov\u00e9 prvenstvo.<\/p>\n<lite-youtube videoid=xOuJxiCmGfk params=\"enablejsapi=1\" style=\"background-image: url('https:\/\/i.ytimg.com\/vi_webp\/xOuJxiCmGfk\/maxresdefault.webp');\"><\/lite-youtube>\n<p>Sagan po\u010das 21 et\u00e1p nemal to \u0161\u0165astie prekona\u0165 niektor\u00e9ho zo \u0161print\u00e9rov a\u00a0z\u00a0Tour odi\u0161iel s\u00a0dvomi tret\u00edmi, dvomi \u0161tvrt\u00fdmi a\u00a0dvomi piatymi miestami. Hovorilo sa, \u017ee Saganovi ch\u00fdbal e\u0161te mesiac pretekania a\u00a0dostal by sa do p\u00f4vodnej formy. <strong>To s\u00fa ale len odhady.<\/strong><\/p>\n<h2><strong>Debut na Gire ako zbohom sez\u00f3ne<\/strong><\/h2>\n<p>Vzh\u013eadom na to, \u017ee Sagan p\u00f4sobil dlh\u00e9 roky v\u00a0talianskych t\u00edmoch, bola jeho doteraj\u0161ia ne\u00fa\u010das\u0165 na Gire priam do o\u010di bij\u00faca. Tento rok sa to ale zmenilo a\u00a0aj on si <strong>obliekol povestn\u00fd fialov\u00fd dres pre l\u00eddra bodovacej klasifik\u00e1cie<\/strong>. Odhadovalo sa, \u017ee na Gire sa mu podar\u00ed premeni\u0165 v\u00fdkony na v\u00fdhru v\u00a0tejto celkovej klasifik\u00e1cii. To by ale bola pravda, keby Bennetta z\u00a0Tour nevystriedal D\u00e9mare na Gire.<\/p>\n<lite-youtube videoid=1XznY4ZuK2E params=\"enablejsapi=1\" style=\"background-image: url('https:\/\/i.ytimg.com\/vi_webp\/1XznY4ZuK2E\/maxresdefault.webp');\"><\/lite-youtube>\n<p>Tento Franc\u00faz \u201edovolil\u201c Saganovi obliec\u0165 si fialov\u00fd dres v\u00a0\u0161tvrtej etape a\u00a0uchova\u0165 si ho po\u010das dvoch dn\u00ed. Potom v\u00ed\u0165azstvom v\u00a0\u0161iestej etape spe\u010datil osud tejto s\u00fa\u0165a\u017ee. O\u00a0tom, \u017ee ne\u0161lo len o\u00a0n\u00e1hodu, sved\u010dia aj Saganove \u0161tyri druh\u00e9 miesta, z\u00a0ktor\u00fdch tri boli z\u00e1sluhou v\u00ed\u0165aza etapy, A. D\u00e9mara. Ve\u013ek\u00fa ranu osudu dok\u00e1zal Sagan napravi\u0165 prv\u00fdm v\u00ed\u0165azstvom sez\u00f3ny v\u00a010. etape po fam\u00f3znom \u00faniku a\u00a0s\u00f3lov\u00e9ho dojazdu do Tortoreta. To v\u0161ak bola posledn\u00e1 bodka za tohtoro\u010dn\u00fdmi v\u00fdkonmi.<\/p>\n<p>V\u00a0bud\u00facom roku bude ma\u0165 Peter Sagan 31 rokov. Je to ak\u00e9si stredn\u00e9 obdobie, kedy pretek\u00e1ri maj\u00fa pred sebou e\u0161te <strong>nieko\u013eko sez\u00f3n elitn\u00e9ho pretekania<\/strong>. Samozrejme, neplat\u00ed to pre ka\u017ed\u00e9ho a\u00a0st\u00e1le, ale fyziogn\u00f3miu tela jednoducho neoklamete. M\u00f4\u017eeme sa ale te\u0161i\u0165 na \u010fal\u0161ie v\u00ed\u0165azstv\u00e1 Sagana, alebo je toto predzves\u0165 pomal\u00e9ho odchodu? D\u00fafame, \u017ee to tak nebude!<\/p>\n","protected":false},"excerpt":{"rendered":"<p>Ro\u010dn\u00edk 2020 sa skon\u010dil a\u00a0je teda \u010das uva\u017eova\u0165 nad t\u00fdm, \u010do bolo v\u00a0uplynulom roku pozit\u00edvne a\u00a0kde sa naopak veci nediali [&hellip;]<\/p>\n","protected":false},"author":81,"featured_media":11257,"comment_status":"open","ping_status":"open","sticky":false,"template":"","format":"standard","meta":{"footnotes":""},"categories":[63],"tags":[619,115,487,331,306,65,532,178,423,46,179,20,269],"global-categories":[1074],"class_list":["post-11053","post","type-post","status-publish","format-standard","has-post-thumbnail","hentry","category-grand-tour","tag-bicyklovanie","tag-cestna-cyklistika","tag-cestny-bicykel","tag-etapove-preteky","tag-francuzsko","tag-giro-d-italia","tag-jazdenie","tag-maraton","tag-milano-san-remo","tag-peter-sagan","tag-preteky","tag-tour-de-france","tag-vitaz","global-categories-cycling"],"yoast_head":"<!-- This site is optimized with the Yoast SEO Premium plugin v25.3 (Yoast SEO v25.9) - https:\/\/yoast.com\/wordpress\/plugins\/seo\/ -->\n<title>Sez\u00f3na Petra Sagana v\u00a0kocke - darilo sa slovensk\u00e9mu r\u00fdchlikovi? - \u0160koda We Love Cycling Slovensko<\/title>\n<meta name=\"robots\" content=\"index, follow, max-snippet:-1, max-image-preview:large, max-video-preview:-1\" \/>\n<link rel=\"canonical\" href=\"https:\/\/www.welovecycling.com\/sk\/2020\/12\/14\/sezona-petra-sagana-v-kocke-darilo-sa-slovenskemu-rychlikovi\/\" \/>\n<meta property=\"og:locale\" content=\"sk_SK\" \/>\n<meta property=\"og:type\" content=\"article\" \/>\n<meta property=\"og:title\" content=\"Sez\u00f3na Petra Sagana v\u00a0kocke - darilo sa slovensk\u00e9mu r\u00fdchlikovi?\" \/>\n<meta property=\"og:description\" content=\"Ro\u010dn\u00edk 2020 sa skon\u010dil a\u00a0je teda \u010das uva\u017eova\u0165 nad t\u00fdm, \u010do bolo v\u00a0uplynulom roku pozit\u00edvne a\u00a0kde sa naopak veci nediali [&hellip;]\" \/>\n<meta property=\"og:url\" content=\"https:\/\/www.welovecycling.com\/sk\/2020\/12\/14\/sezona-petra-sagana-v-kocke-darilo-sa-slovenskemu-rychlikovi\/\" \/>\n<meta property=\"og:site_name\" content=\"\u0160koda We Love Cycling Slovensko\" \/>\n<meta property=\"article:published_time\" content=\"2020-12-14T09:00:52+00:00\" \/>\n<meta property=\"article:modified_time\" content=\"2020-12-14T16:11:32+00:00\" \/>\n<meta property=\"og:image\" content=\"https:\/\/d2p6e6u75xmxt8.cloudfront.net\/4\/2020\/12\/SPS_00-1.webp\" \/>\n\t<meta property=\"og:image:width\" content=\"1380\" \/>\n\t<meta property=\"og:image:height\" content=\"600\" \/>\n\t<meta property=\"og:image:type\" content=\"image\/webp\" \/>\n<meta name=\"twitter:card\" content=\"summary_large_image\" \/>\n<meta name=\"twitter:label1\" content=\"Written by\" \/>\n\t<meta name=\"twitter:data1\" content=\"WeLoveCycling\" \/>\n\t<meta name=\"twitter:label2\" content=\"Est. reading time\" \/>\n\t<meta name=\"twitter:data2\" content=\"5\" \/>\n<script type=\"application\/ld+json\" class=\"yoast-schema-graph\">{\"@context\":\"https:\/\/schema.org\",\"@graph\":[{\"@type\":\"WebPage\",\"@id\":\"https:\/\/www.welovecycling.com\/sk\/2020\/12\/14\/sezona-petra-sagana-v-kocke-darilo-sa-slovenskemu-rychlikovi\/\",\"url\":\"https:\/\/www.welovecycling.com\/sk\/2020\/12\/14\/sezona-petra-sagana-v-kocke-darilo-sa-slovenskemu-rychlikovi\/\",\"name\":\"Sez\u00f3na Petra Sagana v\u00a0kocke - darilo sa slovensk\u00e9mu r\u00fdchlikovi? - \u0160koda We Love Cycling Slovensko\",\"isPartOf\":{\"@id\":\"https:\/\/www.welovecycling.com\/sk\/#website\"},\"primaryImageOfPage\":{\"@id\":\"https:\/\/www.welovecycling.com\/sk\/2020\/12\/14\/sezona-petra-sagana-v-kocke-darilo-sa-slovenskemu-rychlikovi\/#primaryimage\"},\"image\":{\"@id\":\"https:\/\/www.welovecycling.com\/sk\/2020\/12\/14\/sezona-petra-sagana-v-kocke-darilo-sa-slovenskemu-rychlikovi\/#primaryimage\"},\"thumbnailUrl\":\"https:\/\/d2p6e6u75xmxt8.cloudfront.net\/4\/2020\/12\/SPS_00-1.webp\",\"datePublished\":\"2020-12-14T09:00:52+00:00\",\"dateModified\":\"2020-12-14T16:11:32+00:00\",\"author\":{\"@id\":\"\"},\"breadcrumb\":{\"@id\":\"https:\/\/www.welovecycling.com\/sk\/2020\/12\/14\/sezona-petra-sagana-v-kocke-darilo-sa-slovenskemu-rychlikovi\/#breadcrumb\"},\"inLanguage\":\"sk-SK\",\"potentialAction\":[{\"@type\":\"ReadAction\",\"target\":[\"https:\/\/www.welovecycling.com\/sk\/2020\/12\/14\/sezona-petra-sagana-v-kocke-darilo-sa-slovenskemu-rychlikovi\/\"]}]},{\"@type\":\"ImageObject\",\"inLanguage\":\"sk-SK\",\"@id\":\"https:\/\/www.welovecycling.com\/sk\/2020\/12\/14\/sezona-petra-sagana-v-kocke-darilo-sa-slovenskemu-rychlikovi\/#primaryimage\",\"url\":\"https:\/\/d2p6e6u75xmxt8.cloudfront.net\/4\/2020\/12\/SPS_00-1.webp\",\"contentUrl\":\"https:\/\/d2p6e6u75xmxt8.cloudfront.net\/4\/2020\/12\/SPS_00-1.webp\",\"width\":1380,\"height\":600},{\"@type\":\"BreadcrumbList\",\"@id\":\"https:\/\/www.welovecycling.com\/sk\/2020\/12\/14\/sezona-petra-sagana-v-kocke-darilo-sa-slovenskemu-rychlikovi\/#breadcrumb\",\"itemListElement\":[{\"@type\":\"ListItem\",\"position\":1,\"name\":\"Home\",\"item\":\"https:\/\/www.welovecycling.com\/sk\/\"},{\"@type\":\"ListItem\",\"position\":2,\"name\":\"Sez\u00f3na Petra Sagana v\u00a0kocke &#8211; darilo sa slovensk\u00e9mu r\u00fdchlikovi?\"}]},{\"@type\":\"WebSite\",\"@id\":\"https:\/\/www.welovecycling.com\/sk\/#website\",\"url\":\"https:\/\/www.welovecycling.com\/sk\/\",\"name\":\"\u0160koda We Love Cycling Slovensko\",\"description\":\"\u0160koda We Love Cycling Slovensko je v\u00e1\u0161 ka\u017edodenn\u00fd zdroj noviniek a in\u0161pir\u00e1cie z sveta cyklistiky\",\"potentialAction\":[{\"@type\":\"SearchAction\",\"target\":{\"@type\":\"EntryPoint\",\"urlTemplate\":\"https:\/\/www.welovecycling.com\/sk\/?s={search_term_string}\"},\"query-input\":{\"@type\":\"PropertyValueSpecification\",\"valueRequired\":true,\"valueName\":\"search_term_string\"}}],\"inLanguage\":\"sk-SK\"},{\"@type\":\"Person\",\"@id\":\"\",\"url\":\"https:\/\/www.welovecycling.com\/sk\/author\/\"}]}<\/script>\n<!-- \/ Yoast SEO Premium plugin. -->","yoast_head_json":{"title":"Sez\u00f3na Petra Sagana v\u00a0kocke - darilo sa slovensk\u00e9mu r\u00fdchlikovi? - \u0160koda We Love Cycling Slovensko","robots":{"index":"index","follow":"follow","max-snippet":"max-snippet:-1","max-image-preview":"max-image-preview:large","max-video-preview":"max-video-preview:-1"},"canonical":"https:\/\/www.welovecycling.com\/sk\/2020\/12\/14\/sezona-petra-sagana-v-kocke-darilo-sa-slovenskemu-rychlikovi\/","og_locale":"sk_SK","og_type":"article","og_title":"Sez\u00f3na Petra Sagana v\u00a0kocke - darilo sa slovensk\u00e9mu r\u00fdchlikovi?","og_description":"Ro\u010dn\u00edk 2020 sa skon\u010dil a\u00a0je teda \u010das uva\u017eova\u0165 nad t\u00fdm, \u010do bolo v\u00a0uplynulom roku pozit\u00edvne a\u00a0kde sa naopak veci nediali [&hellip;]","og_url":"https:\/\/www.welovecycling.com\/sk\/2020\/12\/14\/sezona-petra-sagana-v-kocke-darilo-sa-slovenskemu-rychlikovi\/","og_site_name":"\u0160koda We Love Cycling Slovensko","article_published_time":"2020-12-14T09:00:52+00:00","article_modified_time":"2020-12-14T16:11:32+00:00","og_image":[{"width":1380,"height":600,"url":"https:\/\/d2p6e6u75xmxt8.cloudfront.net\/4\/2020\/12\/SPS_00-1.webp","type":"image\/webp"}],"twitter_card":"summary_large_image","twitter_misc":{"Written by":"WeLoveCycling","Est. reading time":"5"},"schema":{"@context":"https:\/\/schema.org","@graph":[{"@type":"WebPage","@id":"https:\/\/www.welovecycling.com\/sk\/2020\/12\/14\/sezona-petra-sagana-v-kocke-darilo-sa-slovenskemu-rychlikovi\/","url":"https:\/\/www.welovecycling.com\/sk\/2020\/12\/14\/sezona-petra-sagana-v-kocke-darilo-sa-slovenskemu-rychlikovi\/","name":"Sez\u00f3na Petra Sagana v\u00a0kocke - darilo sa slovensk\u00e9mu r\u00fdchlikovi? - \u0160koda We Love Cycling Slovensko","isPartOf":{"@id":"https:\/\/www.welovecycling.com\/sk\/#website"},"primaryImageOfPage":{"@id":"https:\/\/www.welovecycling.com\/sk\/2020\/12\/14\/sezona-petra-sagana-v-kocke-darilo-sa-slovenskemu-rychlikovi\/#primaryimage"},"image":{"@id":"https:\/\/www.welovecycling.com\/sk\/2020\/12\/14\/sezona-petra-sagana-v-kocke-darilo-sa-slovenskemu-rychlikovi\/#primaryimage"},"thumbnailUrl":"https:\/\/d2p6e6u75xmxt8.cloudfront.net\/4\/2020\/12\/SPS_00-1.webp","datePublished":"2020-12-14T09:00:52+00:00","dateModified":"2020-12-14T16:11:32+00:00","author":{"@id":""},"breadcrumb":{"@id":"https:\/\/www.welovecycling.com\/sk\/2020\/12\/14\/sezona-petra-sagana-v-kocke-darilo-sa-slovenskemu-rychlikovi\/#breadcrumb"},"inLanguage":"sk-SK","potentialAction":[{"@type":"ReadAction","target":["https:\/\/www.welovecycling.com\/sk\/2020\/12\/14\/sezona-petra-sagana-v-kocke-darilo-sa-slovenskemu-rychlikovi\/"]}]},{"@type":"ImageObject","inLanguage":"sk-SK","@id":"https:\/\/www.welovecycling.com\/sk\/2020\/12\/14\/sezona-petra-sagana-v-kocke-darilo-sa-slovenskemu-rychlikovi\/#primaryimage","url":"https:\/\/d2p6e6u75xmxt8.cloudfront.net\/4\/2020\/12\/SPS_00-1.webp","contentUrl":"https:\/\/d2p6e6u75xmxt8.cloudfront.net\/4\/2020\/12\/SPS_00-1.webp","width":1380,"height":600},{"@type":"BreadcrumbList","@id":"https:\/\/www.welovecycling.com\/sk\/2020\/12\/14\/sezona-petra-sagana-v-kocke-darilo-sa-slovenskemu-rychlikovi\/#breadcrumb","itemListElement":[{"@type":"ListItem","position":1,"name":"Home","item":"https:\/\/www.welovecycling.com\/sk\/"},{"@type":"ListItem","position":2,"name":"Sez\u00f3na Petra Sagana v\u00a0kocke &#8211; darilo sa slovensk\u00e9mu r\u00fdchlikovi?"}]},{"@type":"WebSite","@id":"https:\/\/www.welovecycling.com\/sk\/#website","url":"https:\/\/www.welovecycling.com\/sk\/","name":"\u0160koda We Love Cycling Slovensko","description":"\u0160koda We Love Cycling Slovensko je v\u00e1\u0161 ka\u017edodenn\u00fd zdroj noviniek a in\u0161pir\u00e1cie z sveta cyklistiky","potentialAction":[{"@type":"SearchAction","target":{"@type":"EntryPoint","urlTemplate":"https:\/\/www.welovecycling.com\/sk\/?s={search_term_string}"},"query-input":{"@type":"PropertyValueSpecification","valueRequired":true,"valueName":"search_term_string"}}],"inLanguage":"sk-SK"},{"@type":"Person","@id":"","url":"https:\/\/www.welovecycling.com\/sk\/author\/"}]}},"_links":{"self":[{"href":"https:\/\/www.welovecycling.com\/sk\/wp-json\/wp\/v2\/posts\/11053","targetHints":{"allow":["GET"]}}],"collection":[{"href":"https:\/\/www.welovecycling.com\/sk\/wp-json\/wp\/v2\/posts"}],"about":[{"href":"https:\/\/www.welovecycling.com\/sk\/wp-json\/wp\/v2\/types\/post"}],"author":[{"embeddable":true,"href":"https:\/\/www.welovecycling.com\/sk\/wp-json\/wp\/v2\/users\/81"}],"replies":[{"embeddable":true,"href":"https:\/\/www.welovecycling.com\/sk\/wp-json\/wp\/v2\/comments?post=11053"}],"version-history":[{"count":2,"href":"https:\/\/www.welovecycling.com\/sk\/wp-json\/wp\/v2\/posts\/11053\/revisions"}],"predecessor-version":[{"id":11258,"href":"https:\/\/www.welovecycling.com\/sk\/wp-json\/wp\/v2\/posts\/11053\/revisions\/11258"}],"wp:featuredmedia":[{"embeddable":true,"href":"https:\/\/www.welovecycling.com\/sk\/wp-json\/wp\/v2\/media\/11257"}],"wp:attachment":[{"href":"https:\/\/www.welovecycling.com\/sk\/wp-json\/wp\/v2\/media?parent=11053"}],"wp:term":[{"taxonomy":"category","embeddable":true,"href":"https:\/\/www.welovecycling.com\/sk\/wp-json\/wp\/v2\/categories?post=11053"},{"taxonomy":"post_tag","embeddable":true,"href":"https:\/\/www.welovecycling.com\/sk\/wp-json\/wp\/v2\/tags?post=11053"},{"taxonomy":"global-categories","embeddable":true,"href":"https:\/\/www.welovecycling.com\/sk\/wp-json\/wp\/v2\/global-categories?post=11053"}],"curies":[{"name":"wp","href":"https:\/\/api.w.org\/{rel}","templated":true}]}}