{"id":11035,"date":"2020-11-13T10:00:47","date_gmt":"2020-11-13T09:00:47","guid":{"rendered":"https:\/\/www.welovecycling.com\/sk\/?p=11035"},"modified":"2020-11-12T08:36:19","modified_gmt":"2020-11-12T07:36:19","slug":"ake-prekvapenia-priniesla-tohtorocna-la-vuelta-2020","status":"publish","type":"post","link":"https:\/\/www.welovecycling.com\/sk\/2020\/11\/13\/ake-prekvapenia-priniesla-tohtorocna-la-vuelta-2020\/","title":{"rendered":"Ak\u00e9 prekvapenia priniesla tohtoro\u010dn\u00e1 La Vuelta 2020?"},"content":{"rendered":"<p><strong>Posledn\u00e1 z\u00a0trojice ve\u013ek\u00fdch Grand Tour je za nami. To, \u010domu by sme v\u00a0prvej polovici roka v\u00f4bec nechceli veri\u0165, sa nakoniec naplnilo takmer do bodky a\u00a0my sme mohli s\u00a0touto \u0161panielskou kr\u00e1skou uzavrie\u0165 sez\u00f3nu vo ve\u013ekom \u0161t\u00fdle.<\/strong><!--more--><\/p>\n<h2><strong>Primo\u017e Rogli\u010d kone\u010dne z\u00edskal ve\u013ek\u00fd triumf sez\u00f3ny<\/strong><\/h2>\n<p>Po\u010das 19. etapy Tour de France 2020 sme si u\u017e s\u00a0istotou mysleli, \u017ee Rogli\u010d si privezie \u017elt\u00fd dres a\u017e do Par\u00ed\u017ea. Av\u0161ak individu\u00e1lna \u010dasovka mu tieto sny trpko spretrhala. Svoju chu\u0165 si pri\u0161iel napravi\u0165 na Vueltu, kde op\u00e4\u0165 nemal n\u00fadzu o\u00a0oponentov. Medzi najv\u00e4\u010d\u0161\u00edch sa radil minuloro\u010dn\u00fd v\u00ed\u0165az Gira, Richard Carapaz, Enric Mas alebo Hugh Carthy \u010di Dan Martin. Av\u0161ak u\u017e \u00favod etap\u00e1ku predznamen\u00e1val, \u017ee Slovinec m\u00e1 vrcholn\u00fa formu. Ako i\u0161iel de\u0148 za d\u0148om, ohrozenie zo strany Carapaza bolo cite\u013enej\u0161ie, a\u017e sa nakoniec v\u00a0polovici pretekov prezliekol do \u010derven\u00e9ho. Boj o\u00a0sekundy vyvrcholil v\u00a0predposlednej etape, kedy Carapaz u\u017e nedok\u00e1zal stiahnu\u0165 nieko\u013eko desiatok sek\u00fand a\u00a0musel sa uspokoji\u0165 s\u00a0druh\u00fdm miestom. Rogli\u010d z\u00edskal celkov\u00e9 v\u00ed\u0165azstvo na Vuelte u\u017e po druh\u00fdkr\u00e1t, <strong>ke\u010f\u017ee svojimi v\u00fdkonmi opanoval aj minul\u00fd ro\u010dn\u00edk<\/strong>.\n<lite-youtube videoid=EPzdH5u6_b4 params=\"enablejsapi=1\" style=\"background-image: url('https:\/\/i.ytimg.com\/vi_webp\/EPzdH5u6_b4\/maxresdefault.webp');\"><\/lite-youtube>\n<h2><strong>\u0160print\u00e9rske boje prebiehali naplno<\/strong><\/h2>\n<p>Po tom, ako si Bennett priniesol zelen\u00fd dres z\u00a0Tour, pri\u0161iel na Vueltu, aby <strong>zav\u0155\u0161il \u00faspe\u0161n\u00fa sez\u00f3nu e\u0161te nejak\u00fdmi etapov\u00fdmi prvenstvami<\/strong>. V\u00a0tom mu ale \u010diasto\u010dne zabr\u00e1nil Saganov t\u00edmov\u00fd kolega, Pascal Ackermann. Vuelta je zn\u00e1ma svoj\u00edm \u201ene-rovn\u00fdm\u201c profilom trate, kedy d\u00fafa\u0165 vo viacer\u00e9 \u0161print\u00e9rske dojazdy je takmer ut\u00f3piou. Aj napriek tomu sme sa mohli te\u0161i\u0165 z\u00a0trojice \u0161printov. Prv\u00fdkr\u00e1t v\u00a0\u0161tvrtej etape, kedy Bennett prekonal v\u0161etk\u00fdch konkurentov jednozna\u010dn\u00fdm fini\u0161om. O\u00a0\u010dosi zauj\u00edmavej\u0161ie to bolo po\u010das 9. etapy. V\u00a0z\u00e1vere\u010dn\u00fdch stovk\u00e1ch metrov bol s\u00edce Bennett r\u00fdchlej\u0161\u00ed, ale kv\u00f4li jeho pr\u00edli\u0161n\u00e9mu pohybu mimo svoj smer jazdy bol penalizovan\u00fd. V\u00ed\u0165azom sa tak stal Ackermann.\n<lite-youtube videoid=ZCXPF6Ohux4 params=\"enablejsapi=1\" style=\"background-image: url('https:\/\/i.ytimg.com\/vi_webp\/ZCXPF6Ohux4\/maxresdefault.webp');\"><\/lite-youtube>\n<p>Tento stav 1:1 rozhodla a\u017e posledn\u00e1 etapa v\u00a0Mil\u00e1ne. V\u0161etci elitn\u00ed \u0161print\u00e9ri sa po \u013eavoto\u010divej z\u00e1krute do z\u00e1vere\u010dn\u00fdch stoviek metrov zoradili bok po boku. Aj ke\u010f Bennett chv\u00ed\u013eu pobudol v\u00a0h\u00e1ku Ackermanna, po n\u00e1slednom \u0161printe ho nedok\u00e1zal zdola\u0165. Rozhodla a\u017e cie\u013eov\u00e1 fotografia, ktor\u00e1 hovorila v\u00a0prospech Nemca. <\/p>\n<h2><strong>Bude ma\u0165 Jumbo-Visma v\u00a0bud\u00facnosti konkurenciu?<\/strong><\/h2>\n<p>Posledn\u00e9 roky patrili neprekonate\u013en\u00fdm a\u00a0takmer nad\u013eudsk\u00fdm v\u00fdkonom t\u00edmu Sky, respekt\u00edve Ineos. T\u00e1to sez\u00f3na ale bola o\u00a0nie\u010do in\u00e1. U\u017e na Tour de France potvrdzovali svoju silu jazdci Jumbo-Visma, <strong>ktor\u00ed dok\u00e1zali s\u0165ahova\u0165 ka\u017ed\u00fd nebezpe\u010dn\u00fd n\u00e1skok<\/strong>, ako aj chr\u00e1ni\u0165 svojho \u017elt\u00e9ho mu\u017ea. Rovnako tomu bolo aj na Vuelte. Groupetto vo fam\u00f3znom zlo\u017een\u00ed T. Dumoulin, G. Bennett, R. Gesink, S. Kuss, P. Martens, L. Hoffstede a\u00a0J. Vingegaardem, ktor\u00ed doprev\u00e1dzali P. Rogli\u010da a\u017e k\u00a0jeho v\u00ed\u0165azstvu, si m\u00f4\u017eu gratulova\u0165 aj k\u00a0\u0161tvorici etapov\u00fdch prvenstiev svojho l\u00eddra. Aj ke\u010f okrem Rogli\u010da sa nikto nepok\u00fa\u0161al o\u00a0celkov\u00e9 umiestnenie &#8211; T. Dumoulin ako niekdaj\u0161\u00ed v\u00ed\u0165az Gira odst\u00fapil v\u00a07. etape &#8211; dok\u00e1zali skon\u010di\u0165 na druhom mieste v\u00a0hodnoten\u00ed t\u00edmov. Bud\u00fa ich v\u00fdsledky rovnako dominantn\u00e9 aj v\u00a0bud\u00facej sez\u00f3ne? Uvid\u00edme.<\/p>\n<h2><strong>Aj na Vuelte sa darilo mlad\u00edkom<\/strong><\/h2>\n<p>O\u00a0tom, \u017ee tento rok bol pln\u00fd prekvapen\u00ed, ktor\u00fdch tvorcami boli pretek\u00e1ri s\u00a0vekom, za\u010d\u00ednaj\u00facim na \u010d\u00edslicu 2, sme hovorili v\u00a0s\u00favislosti s\u00a0Tour ale aj Girom. Rovnako tomu bolo aj na Vuelte. Aj ke\u010f celkov\u00e1 klasifik\u00e1cia ostala bez ich v\u00fdraznej\u0161ej zmienky &#8211; najlep\u0161ie sa umiestnil E. Mas na v\u00fdbornom piatom mieste so stratou 3:36, jednozna\u010dn\u00fdm a\u0161pirantom na \u201ecenu mlad\u00edka Vuelty\u201c je Franc\u00faz, David Gaudu. Ten si vo svojich 24 rokoch <strong>dok\u00e1zal pr\u00eds\u0165 hne\u010f po prv\u00e9 dve etapov\u00e9 prvenstv\u00e1 &#8211; a\u00a0to nie v\u00a0\u013eahk\u00fdch etap\u00e1ch<\/strong>. Prv\u00e9 vybojoval v\u00a0kopcovitej etape s\u00a0\u010d\u00edslom 11, kedy v\u00a0z\u00e1vere odtrhol aj Marca Solera a\u00a0pri\u0161iel si po prv\u00e9 kari\u00e9rne v\u00ed\u0165azstvo na GrandTour vo ve\u013ekom \u0161t\u00fdle. Zdalo by sa, \u017ee ide o\u00a0vrchol jeho doteraj\u0161ej sez\u00f3ny. To ur\u010dite. Ale nikto asi ned\u00fafal, \u017ee tento mlad\u00edk z\u00edska aj prvenstvo na Alto de la Covatilla v\u00a0poslednej horskej etape. Jeho v\u00fdkonom nedok\u00e1zal sekundova\u0165 aj jeden z\u00a0v\u00ed\u0165azov uplynul\u00fdch et\u00e1p, Ion Izagirre.\n<lite-youtube videoid=cRuxvZcfj6Q params=\"enablejsapi=1\" style=\"background-image: url('https:\/\/i.ytimg.com\/vi_webp\/cRuxvZcfj6Q\/maxresdefault.webp');\"><\/lite-youtube>\n<h2><strong>Ako pr\u00eds\u0165 o\u00a0v\u00ed\u0165azstvo kari\u00e9ry len o\u00a0zlomok sekundy<\/strong><\/h2>\n<p>Nu\u017e, nie ka\u017ed\u00fd de\u0148 sa dar\u00ed, av\u0161ak ma\u0165 to ne\u0161\u0165astie pr\u00eds\u0165 o\u00a0v\u00ed\u0165azstvo v\u00a0\u010dasovke, ktor\u00e1 meria vy\u0161e 30 kilometrov a\u00a0zah\u0155\u0148a aj prudk\u00e9 z\u00e1vere\u010dn\u00e9 st\u00fapanie, len o\u00a0jednu sekundu&#8230; To je teda skuto\u010dn\u00e9 ne\u0161\u0165astie. Svoje o\u00a0tom vie Will Barta z\u00a0CCC. Ten nast\u00fapil do 13. etapy s\u00a0ve\u013ek\u00fdmi o\u010dak\u00e1vaniami a\u00a0po prejden\u00ed cie\u013eovou p\u00e1skou sa tieto sny javili ako skuto\u010dnos\u0165. \u010cas dovtedy najr\u00fdchlej\u0161ieho Nelsona Oliveiru prekonal o\u00a09 sek\u00fand. Vtedy ost\u00e1valo na trati e\u0161te vy\u0161e 20 pretek\u00e1rov. Ako t\u00edto jednotliv\u00ed jazdci prech\u00e1dzali medzi\u010dasmi trate, zdalo sa, \u017ee nikto u\u017e Ameri\u010dana neohroz\u00ed. To a\u017e do chv\u00edle, kedy sa v\u00a0z\u00e1vere st\u00fapania objavil P. Rogli\u010d ako druh\u00fd mu\u017e celkovej klasifik\u00e1cie. Nap\u00e4tie v\u00a0Bartovej tv\u00e1ri bolo len \u0165a\u017eko maskovate\u013en\u00e9 a\u00a0ke\u010f po pretnut\u00ed cie\u013eovej \u010diary zasvietilo pri jeho mene zelen\u00e9 \u010d\u00edslo 1, <strong>Barta vedel, \u017ee svoj boj dnes prehral<\/strong>. To v\u0161etko po vy\u0161e 46 min\u00fatach jazdy.\n<lite-youtube videoid=v4llU-4vIjY params=\"enablejsapi=1\" style=\"background-image: url('https:\/\/i.ytimg.com\/vi_webp\/v4llU-4vIjY\/maxresdefault.webp');\"><\/lite-youtube>\n<p>Aj tak\u00e1to bola Vuelta 2020. Teraz u\u017e pretek\u00e1ri pomaly pom\u00fd\u0161\u013eaj\u00fa na bud\u00facoro\u010dn\u00e9 v\u00fdzvy, i\u00a0ke\u010f o\u00a0ich osude rozhodn\u00fa a\u017e \u010fal\u0161ie mesiace a situ\u00e1cia vo svete. Tak \u010di onak, sme radi, \u017ee sme si svetov\u00fa cyklistiku v\u00a0tomto roku mohli u\u017ei\u0165 rovnako, ako aj v\u00a0rokoch uplynul\u00fdch. <strong>Te\u0161\u00edme sa na to, \u010do n\u00e1m prinesie sez\u00f3na s\u00a0ozna\u010den\u00edm 2021<\/strong>.<\/p>\n","protected":false},"excerpt":{"rendered":"<p>Posledn\u00e1 z\u00a0trojice ve\u013ek\u00fdch Grand Tour je za nami. To, \u010domu by sme v\u00a0prvej polovici roka v\u00f4bec nechceli veri\u0165, sa nakoniec [&hellip;]<\/p>\n","protected":false},"author":81,"featured_media":11041,"comment_status":"open","ping_status":"open","sticky":false,"template":"","format":"standard","meta":{"footnotes":""},"categories":[63,217],"tags":[115,487,546,1291,1271,170,885,251,1092,219,623],"global-categories":[1074],"class_list":["post-11035","post","type-post","status-publish","format-standard","has-post-thumbnail","hentry","category-grand-tour","category-vuelta-a-espana","tag-cestna-cyklistika","tag-cestny-bicykel","tag-cyklistika","tag-david-gaudu","tag-la-vuelta-2020","tag-primoz-roglic","tag-profesional","tag-spanielsko","tag-team-jumbo-visma","tag-vuelta-a-espana","tag-zdravy-zivotny-styl","global-categories-cycling"],"yoast_head":"<!-- This site is optimized with the Yoast SEO Premium plugin v25.3 (Yoast SEO v25.9) - https:\/\/yoast.com\/wordpress\/plugins\/seo\/ -->\n<title>Ak\u00e9 prekvapenia priniesla tohtoro\u010dn\u00e1 La Vuelta 2020? - \u0160koda We Love Cycling Slovensko<\/title>\n<meta name=\"robots\" content=\"index, follow, max-snippet:-1, max-image-preview:large, max-video-preview:-1\" \/>\n<link rel=\"canonical\" href=\"https:\/\/www.welovecycling.com\/sk\/2020\/11\/13\/ake-prekvapenia-priniesla-tohtorocna-la-vuelta-2020\/\" \/>\n<meta property=\"og:locale\" content=\"sk_SK\" \/>\n<meta property=\"og:type\" content=\"article\" \/>\n<meta property=\"og:title\" content=\"Ak\u00e9 prekvapenia priniesla tohtoro\u010dn\u00e1 La Vuelta 2020?\" \/>\n<meta property=\"og:description\" content=\"Posledn\u00e1 z\u00a0trojice ve\u013ek\u00fdch Grand Tour je za nami. To, \u010domu by sme v\u00a0prvej polovici roka v\u00f4bec nechceli veri\u0165, sa nakoniec [&hellip;]\" \/>\n<meta property=\"og:url\" content=\"https:\/\/www.welovecycling.com\/sk\/2020\/11\/13\/ake-prekvapenia-priniesla-tohtorocna-la-vuelta-2020\/\" \/>\n<meta property=\"og:site_name\" content=\"\u0160koda We Love Cycling Slovensko\" \/>\n<meta property=\"article:published_time\" content=\"2020-11-13T09:00:47+00:00\" \/>\n<meta property=\"og:image\" content=\"https:\/\/d2p6e6u75xmxt8.cloudfront.net\/4\/2020\/11\/Vuelta_00.webp\" \/>\n\t<meta property=\"og:image:width\" content=\"1380\" \/>\n\t<meta property=\"og:image:height\" content=\"600\" \/>\n\t<meta property=\"og:image:type\" content=\"image\/webp\" \/>\n<meta name=\"twitter:card\" content=\"summary_large_image\" \/>\n<meta name=\"twitter:label1\" content=\"Written by\" \/>\n\t<meta name=\"twitter:data1\" content=\"WeLoveCycling\" \/>\n\t<meta name=\"twitter:label2\" content=\"Est. reading time\" \/>\n\t<meta name=\"twitter:data2\" content=\"4\" \/>\n<script type=\"application\/ld+json\" class=\"yoast-schema-graph\">{\"@context\":\"https:\/\/schema.org\",\"@graph\":[{\"@type\":\"WebPage\",\"@id\":\"https:\/\/www.welovecycling.com\/sk\/2020\/11\/13\/ake-prekvapenia-priniesla-tohtorocna-la-vuelta-2020\/\",\"url\":\"https:\/\/www.welovecycling.com\/sk\/2020\/11\/13\/ake-prekvapenia-priniesla-tohtorocna-la-vuelta-2020\/\",\"name\":\"Ak\u00e9 prekvapenia priniesla tohtoro\u010dn\u00e1 La Vuelta 2020? - \u0160koda We Love Cycling Slovensko\",\"isPartOf\":{\"@id\":\"https:\/\/www.welovecycling.com\/sk\/#website\"},\"primaryImageOfPage\":{\"@id\":\"https:\/\/www.welovecycling.com\/sk\/2020\/11\/13\/ake-prekvapenia-priniesla-tohtorocna-la-vuelta-2020\/#primaryimage\"},\"image\":{\"@id\":\"https:\/\/www.welovecycling.com\/sk\/2020\/11\/13\/ake-prekvapenia-priniesla-tohtorocna-la-vuelta-2020\/#primaryimage\"},\"thumbnailUrl\":\"https:\/\/d2p6e6u75xmxt8.cloudfront.net\/4\/2020\/11\/Vuelta_00.webp\",\"datePublished\":\"2020-11-13T09:00:47+00:00\",\"author\":{\"@id\":\"\"},\"breadcrumb\":{\"@id\":\"https:\/\/www.welovecycling.com\/sk\/2020\/11\/13\/ake-prekvapenia-priniesla-tohtorocna-la-vuelta-2020\/#breadcrumb\"},\"inLanguage\":\"sk-SK\",\"potentialAction\":[{\"@type\":\"ReadAction\",\"target\":[\"https:\/\/www.welovecycling.com\/sk\/2020\/11\/13\/ake-prekvapenia-priniesla-tohtorocna-la-vuelta-2020\/\"]}]},{\"@type\":\"ImageObject\",\"inLanguage\":\"sk-SK\",\"@id\":\"https:\/\/www.welovecycling.com\/sk\/2020\/11\/13\/ake-prekvapenia-priniesla-tohtorocna-la-vuelta-2020\/#primaryimage\",\"url\":\"https:\/\/d2p6e6u75xmxt8.cloudfront.net\/4\/2020\/11\/Vuelta_00.webp\",\"contentUrl\":\"https:\/\/d2p6e6u75xmxt8.cloudfront.net\/4\/2020\/11\/Vuelta_00.webp\",\"width\":1380,\"height\":600},{\"@type\":\"BreadcrumbList\",\"@id\":\"https:\/\/www.welovecycling.com\/sk\/2020\/11\/13\/ake-prekvapenia-priniesla-tohtorocna-la-vuelta-2020\/#breadcrumb\",\"itemListElement\":[{\"@type\":\"ListItem\",\"position\":1,\"name\":\"Home\",\"item\":\"https:\/\/www.welovecycling.com\/sk\/\"},{\"@type\":\"ListItem\",\"position\":2,\"name\":\"Ak\u00e9 prekvapenia priniesla tohtoro\u010dn\u00e1 La Vuelta 2020?\"}]},{\"@type\":\"WebSite\",\"@id\":\"https:\/\/www.welovecycling.com\/sk\/#website\",\"url\":\"https:\/\/www.welovecycling.com\/sk\/\",\"name\":\"\u0160koda We Love Cycling Slovensko\",\"description\":\"\u0160koda We Love Cycling Slovensko je v\u00e1\u0161 ka\u017edodenn\u00fd zdroj noviniek a in\u0161pir\u00e1cie z sveta cyklistiky\",\"potentialAction\":[{\"@type\":\"SearchAction\",\"target\":{\"@type\":\"EntryPoint\",\"urlTemplate\":\"https:\/\/www.welovecycling.com\/sk\/?s={search_term_string}\"},\"query-input\":{\"@type\":\"PropertyValueSpecification\",\"valueRequired\":true,\"valueName\":\"search_term_string\"}}],\"inLanguage\":\"sk-SK\"},{\"@type\":\"Person\",\"@id\":\"\",\"url\":\"https:\/\/www.welovecycling.com\/sk\/author\/\"}]}<\/script>\n<!-- \/ Yoast SEO Premium plugin. -->","yoast_head_json":{"title":"Ak\u00e9 prekvapenia priniesla tohtoro\u010dn\u00e1 La Vuelta 2020? - \u0160koda We Love Cycling Slovensko","robots":{"index":"index","follow":"follow","max-snippet":"max-snippet:-1","max-image-preview":"max-image-preview:large","max-video-preview":"max-video-preview:-1"},"canonical":"https:\/\/www.welovecycling.com\/sk\/2020\/11\/13\/ake-prekvapenia-priniesla-tohtorocna-la-vuelta-2020\/","og_locale":"sk_SK","og_type":"article","og_title":"Ak\u00e9 prekvapenia priniesla tohtoro\u010dn\u00e1 La Vuelta 2020?","og_description":"Posledn\u00e1 z\u00a0trojice ve\u013ek\u00fdch Grand Tour je za nami. To, \u010domu by sme v\u00a0prvej polovici roka v\u00f4bec nechceli veri\u0165, sa nakoniec [&hellip;]","og_url":"https:\/\/www.welovecycling.com\/sk\/2020\/11\/13\/ake-prekvapenia-priniesla-tohtorocna-la-vuelta-2020\/","og_site_name":"\u0160koda We Love Cycling Slovensko","article_published_time":"2020-11-13T09:00:47+00:00","og_image":[{"width":1380,"height":600,"url":"https:\/\/d2p6e6u75xmxt8.cloudfront.net\/4\/2020\/11\/Vuelta_00.webp","type":"image\/webp"}],"twitter_card":"summary_large_image","twitter_misc":{"Written by":"WeLoveCycling","Est. reading time":"4"},"schema":{"@context":"https:\/\/schema.org","@graph":[{"@type":"WebPage","@id":"https:\/\/www.welovecycling.com\/sk\/2020\/11\/13\/ake-prekvapenia-priniesla-tohtorocna-la-vuelta-2020\/","url":"https:\/\/www.welovecycling.com\/sk\/2020\/11\/13\/ake-prekvapenia-priniesla-tohtorocna-la-vuelta-2020\/","name":"Ak\u00e9 prekvapenia priniesla tohtoro\u010dn\u00e1 La Vuelta 2020? - \u0160koda We Love Cycling Slovensko","isPartOf":{"@id":"https:\/\/www.welovecycling.com\/sk\/#website"},"primaryImageOfPage":{"@id":"https:\/\/www.welovecycling.com\/sk\/2020\/11\/13\/ake-prekvapenia-priniesla-tohtorocna-la-vuelta-2020\/#primaryimage"},"image":{"@id":"https:\/\/www.welovecycling.com\/sk\/2020\/11\/13\/ake-prekvapenia-priniesla-tohtorocna-la-vuelta-2020\/#primaryimage"},"thumbnailUrl":"https:\/\/d2p6e6u75xmxt8.cloudfront.net\/4\/2020\/11\/Vuelta_00.webp","datePublished":"2020-11-13T09:00:47+00:00","author":{"@id":""},"breadcrumb":{"@id":"https:\/\/www.welovecycling.com\/sk\/2020\/11\/13\/ake-prekvapenia-priniesla-tohtorocna-la-vuelta-2020\/#breadcrumb"},"inLanguage":"sk-SK","potentialAction":[{"@type":"ReadAction","target":["https:\/\/www.welovecycling.com\/sk\/2020\/11\/13\/ake-prekvapenia-priniesla-tohtorocna-la-vuelta-2020\/"]}]},{"@type":"ImageObject","inLanguage":"sk-SK","@id":"https:\/\/www.welovecycling.com\/sk\/2020\/11\/13\/ake-prekvapenia-priniesla-tohtorocna-la-vuelta-2020\/#primaryimage","url":"https:\/\/d2p6e6u75xmxt8.cloudfront.net\/4\/2020\/11\/Vuelta_00.webp","contentUrl":"https:\/\/d2p6e6u75xmxt8.cloudfront.net\/4\/2020\/11\/Vuelta_00.webp","width":1380,"height":600},{"@type":"BreadcrumbList","@id":"https:\/\/www.welovecycling.com\/sk\/2020\/11\/13\/ake-prekvapenia-priniesla-tohtorocna-la-vuelta-2020\/#breadcrumb","itemListElement":[{"@type":"ListItem","position":1,"name":"Home","item":"https:\/\/www.welovecycling.com\/sk\/"},{"@type":"ListItem","position":2,"name":"Ak\u00e9 prekvapenia priniesla tohtoro\u010dn\u00e1 La Vuelta 2020?"}]},{"@type":"WebSite","@id":"https:\/\/www.welovecycling.com\/sk\/#website","url":"https:\/\/www.welovecycling.com\/sk\/","name":"\u0160koda We Love Cycling Slovensko","description":"\u0160koda We Love Cycling Slovensko je v\u00e1\u0161 ka\u017edodenn\u00fd zdroj noviniek a in\u0161pir\u00e1cie z sveta cyklistiky","potentialAction":[{"@type":"SearchAction","target":{"@type":"EntryPoint","urlTemplate":"https:\/\/www.welovecycling.com\/sk\/?s={search_term_string}"},"query-input":{"@type":"PropertyValueSpecification","valueRequired":true,"valueName":"search_term_string"}}],"inLanguage":"sk-SK"},{"@type":"Person","@id":"","url":"https:\/\/www.welovecycling.com\/sk\/author\/"}]}},"_links":{"self":[{"href":"https:\/\/www.welovecycling.com\/sk\/wp-json\/wp\/v2\/posts\/11035","targetHints":{"allow":["GET"]}}],"collection":[{"href":"https:\/\/www.welovecycling.com\/sk\/wp-json\/wp\/v2\/posts"}],"about":[{"href":"https:\/\/www.welovecycling.com\/sk\/wp-json\/wp\/v2\/types\/post"}],"author":[{"embeddable":true,"href":"https:\/\/www.welovecycling.com\/sk\/wp-json\/wp\/v2\/users\/81"}],"replies":[{"embeddable":true,"href":"https:\/\/www.welovecycling.com\/sk\/wp-json\/wp\/v2\/comments?post=11035"}],"version-history":[{"count":1,"href":"https:\/\/www.welovecycling.com\/sk\/wp-json\/wp\/v2\/posts\/11035\/revisions"}],"predecessor-version":[{"id":11040,"href":"https:\/\/www.welovecycling.com\/sk\/wp-json\/wp\/v2\/posts\/11035\/revisions\/11040"}],"wp:featuredmedia":[{"embeddable":true,"href":"https:\/\/www.welovecycling.com\/sk\/wp-json\/wp\/v2\/media\/11041"}],"wp:attachment":[{"href":"https:\/\/www.welovecycling.com\/sk\/wp-json\/wp\/v2\/media?parent=11035"}],"wp:term":[{"taxonomy":"category","embeddable":true,"href":"https:\/\/www.welovecycling.com\/sk\/wp-json\/wp\/v2\/categories?post=11035"},{"taxonomy":"post_tag","embeddable":true,"href":"https:\/\/www.welovecycling.com\/sk\/wp-json\/wp\/v2\/tags?post=11035"},{"taxonomy":"global-categories","embeddable":true,"href":"https:\/\/www.welovecycling.com\/sk\/wp-json\/wp\/v2\/global-categories?post=11035"}],"curies":[{"name":"wp","href":"https:\/\/api.w.org\/{rel}","templated":true}]}}