{"id":11028,"date":"2020-11-16T10:00:02","date_gmt":"2020-11-16T09:00:02","guid":{"rendered":"https:\/\/www.welovecycling.com\/sk\/?p=11028"},"modified":"2020-11-12T12:36:24","modified_gmt":"2020-11-12T11:36:24","slug":"ake-vyhody-prinasaju-elektrobicykle","status":"publish","type":"post","link":"https:\/\/www.welovecycling.com\/sk\/2020\/11\/16\/ake-vyhody-prinasaju-elektrobicykle\/","title":{"rendered":"Ak\u00e9 v\u00fdhody prin\u00e1\u0161aj\u00fa elektrobicykle?"},"content":{"rendered":"<p><strong>Elektrobicykle sa u n\u00e1s objavili pred p\u00e1r rokmi a odvtedy ich popularita st\u00e1le st\u00fapa. V predajniach sa ich ponuka z roka na rok roz\u0161iruje a st\u00e1le viac komponentov a doplnkov n\u00e1jdete \u0161peci\u00e1lne ur\u010den\u00fdch pre tieto bicykle. Ani na cest\u00e1ch u\u017e nie s\u00fa raritou. Pozrime sa, ak\u00e9 v\u00fdhody so sebou prin\u00e1\u0161aj\u00fa.<\/strong><!--more--><\/p>\n<h2><strong>Pre t\u00fdch so slab\u0161ou kondi\u010dkou<\/strong><\/h2>\n<p>Ak m\u00e1te slab\u0161iu kondi\u010dku a \u0161portovanie nie je va\u0161a siln\u00e1 str\u00e1nka, no napriek tomu sa rozhodnete nie\u010do pre seba urobi\u0165, mo\u017eno pr\u00e1ve elektrobicykel bude prvou vo\u013ebou. Bude to aj preto, \u017ee bicykle s\u00fa \u010doraz viac ob\u013e\u00faben\u00e9 a <strong>vyda\u0165 sa na nede\u013en\u00fd v\u00fdjazd bude hra\u010dka<\/strong>. Ve\u010f mo\u017eno neby\u0165 bicykla, tak by ste zostali sedie\u0165 doma pred telev\u00edziou, alebo si za\u0161li do najbli\u017e\u0161ej kr\u010dmy na pivo. A\u00a0takto str\u00e1vite pr\u00edjemn\u00fd de\u0148 v\u00a0pr\u00edrode a\u00a0ur\u010dite stretnete \u010fal\u0161\u00edch rovnako naladen\u00fdch \u013eud\u00ed.  <\/p>\n<h2><strong>Star\u0161\u00ed \u013eudia<\/strong><\/h2>\n<p>Ur\u010dite ste u\u017e za\u017eili situ\u00e1ciu, ke\u010f ste minim\u00e1lne hodinu \u0161liapali po kamenistej ceste do poriadneho kopca, fu\u010dali, d\u00fdchali z posledn\u00e9ho a v tom momente v\u00e1s predbehol \u0161es\u0165desiatnik na elektrobicykli. My\u0161lienky, ktor\u00e9 v\u00e1m v tej chv\u00edli za\u010dn\u00fa v\u00edri\u0165 v hlave rad\u0161ej nebudeme zverej\u0148ova\u0165. No nakoniec si predsa len <strong>utriedite chaos v hlave a doprajete mu to<\/strong>. Ve\u010f v\u010faka elektropodpore si p\u00e1nko m\u00f4\u017ee u\u017ei\u0165 \u010derstv\u00fd vzduchu a kr\u00e1sy pr\u00edrody. A v neposlednom rade upevn\u00ed svoj zdravotn\u00fd stav. A\u00a0mo\u017eno najbli\u017e\u0161ie vytiahne na bicykel aj svoju polovi\u010dku a\u00a0naplno si u\u017eij\u00fa svoju jese\u0148 \u017eivota.<\/p>\n<p><a href=\"https:\/\/d2p6e6u75xmxt8.cloudfront.net\/4\/2020\/11\/Ebike_01.jpg\"><img loading=\"lazy\" decoding=\"async\" src=\"https:\/\/d2p6e6u75xmxt8.cloudfront.net\/4\/2020\/11\/Ebike_01.jpg\" alt=\"\" width=\"1200\" height=\"800\" class=\"alignnone size-full wp-image-11030\" \/><\/a><\/p>\n<h2><strong>Po zranen\u00ed<\/strong><\/h2>\n<p>Elektrobicykle v\u0161ak dok\u00e1\u017eu vyu\u017ei\u0165 a oceni\u0165 aj tr\u00e9novan\u00ed \u0161portovci. A to v tom pr\u00edpade, ke\u010f s\u00fa napr\u00edklad po zranen\u00ed alebo oper\u00e1cii. Bicykel im <strong>pom\u00f4\u017ee zregenerova\u0165 a znovu sa dosta\u0165 do formy<\/strong>. Samozrejme v\u00a0kombin\u00e1cii s\u00a0rehabilit\u00e1ciou, pl\u00e1van\u00edm a\u00a0ostatn\u00fdmi lek\u00e1rmi odpor\u00fa\u010dan\u00fdmi postupmi. V\u010faka asistencii elektromotora nebudete telo ve\u013emi nam\u00e1ha\u0165, ale z\u00e1rove\u0148 sa budete udr\u017eiava\u0165 v\u00a0kond\u00edcii a\u00a0do formy sa dostanete ove\u013ea sk\u00f4r. <\/p>\n<h2><strong>Dizajnov\u00e9 k\u00fasky<\/strong><\/h2>\n<p>Zauj\u00edmavos\u0165ou je, \u017ee pr\u00e1ve elektrobicykle sa st\u00e1vaj\u00fa \u010doraz viac dizajnovan\u00e9. V\u00fdrobcovia sk\u00fa\u0161aj\u00fa nov\u00e9 tvary, skr\u00e1tka in\u00fd pr\u00edstup k\u00a0n\u00e1vrhom a\u00a0v\u00fdrobe t\u00fdchto bicyklov. A\u00a0tak sa dnes u\u017e stretnete aj s\u00a0<strong>futuristick\u00fdmi tvarmi \u010di kedysi popul\u00e1rnymi sklada\u010dkami<\/strong>. Ak ste fan\u00fa\u0161ikom nielen elektrobicyklov ale aj nov\u00fdch n\u00e1padov, najviac ich objav\u00edte na r\u00f4znych ve\u013etrhoch \u0161pecializovan\u00fdch pr\u00e1ve na bicykle. Pomaly sa v\u0161ak u\u017e za\u010d\u00ednaj\u00fa objavova\u0165 aj v\u00a0uliciach v\u00e4\u010d\u0161\u00edch miest. Tak\u00fdto bicykel sa st\u00e1va doplnkom osobnosti a\u00a0u\u017e d\u00e1vno to nie je len nie\u010do, \u010do v\u00e1m skr\u00e1ti a\u00a0ur\u00fdchli cestu do pr\u00e1ce \u010di do obchodu. <\/p>\n<p><a href=\"https:\/\/d2p6e6u75xmxt8.cloudfront.net\/4\/2020\/11\/Ebike_02.jpg\"><img loading=\"lazy\" decoding=\"async\" src=\"https:\/\/d2p6e6u75xmxt8.cloudfront.net\/4\/2020\/11\/Ebike_02.jpg\" alt=\"\" width=\"1200\" height=\"800\" class=\"alignnone size-full wp-image-11031\" \/><\/a><\/p>\n<h2><strong>Tr\u00e9ning s rodinou<\/strong><\/h2>\n<p>\u010eal\u0161ou mo\u017enos\u0165ou je, ke\u010f je jeden z rodiny akt\u00edvny cyklista a chce si vyrazi\u0165 na v\u00fdlet so svojou rodinou. Je logick\u00e9, \u017ee ostatn\u00ed by za norm\u00e1lnych okolnost\u00ed nezvl\u00e1dali jeho tempo. Na druh\u00fa stranu, keby mal on nasadi\u0165 tempo, ak\u00e9 udali jeho deti, asi by sa unudil k smrti. Tak\u017ee rie\u0161en\u00edm je <strong>vybavi\u0165 zvy\u0161ok rodiny elektrobicyklami a vyrazi\u0165 na cesty<\/strong>. Viete ak\u00fa rados\u0165 bud\u00fa ma\u0165 deti, ke\u010f zrazu dok\u00e1\u017eu v\u00a0poriadnom kopci predbehn\u00fa\u0165 svojho otca, ktor\u00fd vyhral nejednu cyklistick\u00fa s\u00fa\u0165a\u017e a\u00a0zrazu za nimi nest\u00edha?<\/p>\n<h2><strong>Tehotn\u00e1 man\u017eelka<\/strong><\/h2>\n<p>Podobn\u00e1 situ\u00e1cia m\u00f4\u017ee nasta\u0165, ke\u010f si chcete vyrazi\u0165 na v\u00fdjazd s\u00a0man\u017eelkou, ktor\u00e1 je tehotn\u00e1. Zv\u00fd\u0161en\u00e1 n\u00e1maha by jej nemusela prospie\u0165, ale zasa nejak\u00fd ten pohyb je aj v\u00a0tomto stave odpor\u00fa\u010dan\u00fd. Mali by ste ale zv\u00e1\u017ei\u0165 kam sa vybra\u0165, lebo st\u00e1le je tu riziko p\u00e1du. Tak\u017ee nejak\u00e9 n\u00e1ro\u010dn\u00e9 horsk\u00e9 chodn\u00edky bude rozumn\u00e9 vynecha\u0165 a\u00a0takisto jazdenie popri krajnici na ceste nie je pr\u00e1ve bezpe\u010dn\u00e9. <strong>N\u00e1jdite si nejak\u00fd pekn\u00fd cyklochodn\u00edk.<\/strong> Aj na Slovensku ich u\u017e poslednou dobou nieko\u013eko pribudlo, tak\u017ee nie\u010do si ur\u010dite vyberiete.   <\/p>\n<p><a href=\"https:\/\/d2p6e6u75xmxt8.cloudfront.net\/4\/2020\/11\/Ebike_03.jpg\"><img loading=\"lazy\" decoding=\"async\" src=\"https:\/\/d2p6e6u75xmxt8.cloudfront.net\/4\/2020\/11\/Ebike_03.jpg\" alt=\"\" width=\"1200\" height=\"800\" class=\"alignnone size-full wp-image-11032\" \/><\/a><\/p>\n<h2><strong>Doch\u00e1dzanie do pr\u00e1ce<\/strong><\/h2>\n<p>Jazdi\u0165 do pr\u00e1ce na bicykli je skvel\u00e9 a\u00a0najm\u00e4 ke\u010f za\u010dnete predbieha\u0165 v\u0161etky tie aut\u00e1, \u010dakaj\u00face v\u00a0nekone\u010dn\u00fdch kol\u00f3nach. Vy si to strihnete po cyklochodn\u00edku a\u00a0<strong>ste v\u00a0pr\u00e1ci r\u00fdchlo a\u00a0s\u00a0\u00fasmevom na per\u00e1ch<\/strong>. Jedinou nev\u00fdhodou je, \u017ee potrebujete sprchu a\u00a0ak u\u00a0v\u00e1s v\u00a0pr\u00e1ci tak\u00fa mo\u017enos\u0165 nem\u00e1te, jedn\u00fdm z\u00a0rie\u0161en\u00ed m\u00f4\u017ee by\u0165 pr\u00e1ve elektrobicykel. V\u00a0takom pr\u00edpade si m\u00f4\u017eete do pr\u00e1ce nabali\u0165 aj \u0165a\u017e\u0161iu bato\u017einu a\u00a0hravo to v\u0161etko zvl\u00e1dnete. <\/p>\n<p>Elektrobicykle rozdelili cyklistov na dve skupiny. T\u00e1 prv\u00e1 ich odsudzuje a neuzn\u00e1va a t\u00e1 druha ch\u00e1pe v\u00fdhody, ktor\u00e9 prin\u00e1\u0161aj\u00fa. Sna\u017eili sme sa <strong>prinies\u0165 trochu svetla do tejto tematiky<\/strong> a ver\u00edme, \u017ee aj t\u00ed najv\u00e4\u010d\u0161\u00ed odporcovia pochopia, \u017ee elektrobicykle maj\u00fa svoje miesto a zmysel. Mnoh\u00ed domasedi pr\u00e1ve v\u010faka nim znovu objavili \u010daro pohybu na \u010derstvom vzduchu a vymenili gau\u010d za sedlo bicykla. A\u00a0mimochodom, na pretekoch u\u017e s\u00fa aj kateg\u00f3rie pre elektrobicykle.<\/p>\n<p>Zdroj fotografi\u00ed: pixabay.com<\/p>\n","protected":false},"excerpt":{"rendered":"<p>Elektrobicykle sa u n\u00e1s objavili pred p\u00e1r rokmi a odvtedy ich popularita st\u00e1le st\u00fapa. V predajniach sa ich ponuka z [&hellip;]<\/p>\n","protected":false},"author":81,"featured_media":11029,"comment_status":"open","ping_status":"open","sticky":false,"template":"","format":"standard","meta":{"footnotes":""},"categories":[774],"tags":[115,507,184,385,261,691,180,750,826,509,446,55,161,623],"global-categories":[1074],"class_list":["post-11028","post","type-post","status-publish","format-standard","has-post-thumbnail","hentry","category-e-bike","tag-cestna-cyklistika","tag-cyklorodinka","tag-dizajn","tag-do-prace-na-bicykli","tag-ebike","tag-elektrobicykel","tag-horska-cyklistika","tag-kondicia","tag-radost","tag-rodina","tag-starnutie","tag-trening","tag-zdravie","tag-zdravy-zivotny-styl","global-categories-cycling"],"yoast_head":"<!-- This site is optimized with the Yoast SEO Premium plugin v25.3 (Yoast SEO v25.9) - https:\/\/yoast.com\/wordpress\/plugins\/seo\/ -->\n<title>Ak\u00e9 v\u00fdhody prin\u00e1\u0161aj\u00fa elektrobicykle? - \u0160koda We Love Cycling Slovensko<\/title>\n<meta name=\"robots\" content=\"index, follow, max-snippet:-1, max-image-preview:large, max-video-preview:-1\" \/>\n<link rel=\"canonical\" href=\"https:\/\/www.welovecycling.com\/sk\/2020\/11\/16\/ake-vyhody-prinasaju-elektrobicykle\/\" \/>\n<meta property=\"og:locale\" content=\"sk_SK\" \/>\n<meta property=\"og:type\" content=\"article\" \/>\n<meta property=\"og:title\" content=\"Ak\u00e9 v\u00fdhody prin\u00e1\u0161aj\u00fa elektrobicykle?\" \/>\n<meta property=\"og:description\" content=\"Elektrobicykle sa u n\u00e1s objavili pred p\u00e1r rokmi a odvtedy ich popularita st\u00e1le st\u00fapa. V predajniach sa ich ponuka z [&hellip;]\" \/>\n<meta property=\"og:url\" content=\"https:\/\/www.welovecycling.com\/sk\/2020\/11\/16\/ake-vyhody-prinasaju-elektrobicykle\/\" \/>\n<meta property=\"og:site_name\" content=\"\u0160koda We Love Cycling Slovensko\" \/>\n<meta property=\"article:published_time\" content=\"2020-11-16T09:00:02+00:00\" \/>\n<meta property=\"og:image\" content=\"https:\/\/d2p6e6u75xmxt8.cloudfront.net\/4\/2020\/11\/Ebike_00.webp\" \/>\n\t<meta property=\"og:image:width\" content=\"1380\" \/>\n\t<meta property=\"og:image:height\" content=\"600\" \/>\n\t<meta property=\"og:image:type\" content=\"image\/webp\" \/>\n<meta name=\"twitter:card\" content=\"summary_large_image\" \/>\n<meta name=\"twitter:label1\" content=\"Written by\" \/>\n\t<meta name=\"twitter:data1\" content=\"WeLoveCycling\" \/>\n\t<meta name=\"twitter:label2\" content=\"Est. reading time\" \/>\n\t<meta name=\"twitter:data2\" content=\"3\" \/>\n<script type=\"application\/ld+json\" class=\"yoast-schema-graph\">{\"@context\":\"https:\/\/schema.org\",\"@graph\":[{\"@type\":\"WebPage\",\"@id\":\"https:\/\/www.welovecycling.com\/sk\/2020\/11\/16\/ake-vyhody-prinasaju-elektrobicykle\/\",\"url\":\"https:\/\/www.welovecycling.com\/sk\/2020\/11\/16\/ake-vyhody-prinasaju-elektrobicykle\/\",\"name\":\"Ak\u00e9 v\u00fdhody prin\u00e1\u0161aj\u00fa elektrobicykle? - \u0160koda We Love Cycling Slovensko\",\"isPartOf\":{\"@id\":\"https:\/\/www.welovecycling.com\/sk\/#website\"},\"primaryImageOfPage\":{\"@id\":\"https:\/\/www.welovecycling.com\/sk\/2020\/11\/16\/ake-vyhody-prinasaju-elektrobicykle\/#primaryimage\"},\"image\":{\"@id\":\"https:\/\/www.welovecycling.com\/sk\/2020\/11\/16\/ake-vyhody-prinasaju-elektrobicykle\/#primaryimage\"},\"thumbnailUrl\":\"https:\/\/d2p6e6u75xmxt8.cloudfront.net\/4\/2020\/11\/Ebike_00.webp\",\"datePublished\":\"2020-11-16T09:00:02+00:00\",\"author\":{\"@id\":\"\"},\"breadcrumb\":{\"@id\":\"https:\/\/www.welovecycling.com\/sk\/2020\/11\/16\/ake-vyhody-prinasaju-elektrobicykle\/#breadcrumb\"},\"inLanguage\":\"sk-SK\",\"potentialAction\":[{\"@type\":\"ReadAction\",\"target\":[\"https:\/\/www.welovecycling.com\/sk\/2020\/11\/16\/ake-vyhody-prinasaju-elektrobicykle\/\"]}]},{\"@type\":\"ImageObject\",\"inLanguage\":\"sk-SK\",\"@id\":\"https:\/\/www.welovecycling.com\/sk\/2020\/11\/16\/ake-vyhody-prinasaju-elektrobicykle\/#primaryimage\",\"url\":\"https:\/\/d2p6e6u75xmxt8.cloudfront.net\/4\/2020\/11\/Ebike_00.webp\",\"contentUrl\":\"https:\/\/d2p6e6u75xmxt8.cloudfront.net\/4\/2020\/11\/Ebike_00.webp\",\"width\":1380,\"height\":600},{\"@type\":\"BreadcrumbList\",\"@id\":\"https:\/\/www.welovecycling.com\/sk\/2020\/11\/16\/ake-vyhody-prinasaju-elektrobicykle\/#breadcrumb\",\"itemListElement\":[{\"@type\":\"ListItem\",\"position\":1,\"name\":\"Home\",\"item\":\"https:\/\/www.welovecycling.com\/sk\/\"},{\"@type\":\"ListItem\",\"position\":2,\"name\":\"Ak\u00e9 v\u00fdhody prin\u00e1\u0161aj\u00fa elektrobicykle?\"}]},{\"@type\":\"WebSite\",\"@id\":\"https:\/\/www.welovecycling.com\/sk\/#website\",\"url\":\"https:\/\/www.welovecycling.com\/sk\/\",\"name\":\"\u0160koda We Love Cycling Slovensko\",\"description\":\"\u0160koda We Love Cycling Slovensko je v\u00e1\u0161 ka\u017edodenn\u00fd zdroj noviniek a in\u0161pir\u00e1cie z sveta cyklistiky\",\"potentialAction\":[{\"@type\":\"SearchAction\",\"target\":{\"@type\":\"EntryPoint\",\"urlTemplate\":\"https:\/\/www.welovecycling.com\/sk\/?s={search_term_string}\"},\"query-input\":{\"@type\":\"PropertyValueSpecification\",\"valueRequired\":true,\"valueName\":\"search_term_string\"}}],\"inLanguage\":\"sk-SK\"},{\"@type\":\"Person\",\"@id\":\"\",\"url\":\"https:\/\/www.welovecycling.com\/sk\/author\/\"}]}<\/script>\n<!-- \/ Yoast SEO Premium plugin. -->","yoast_head_json":{"title":"Ak\u00e9 v\u00fdhody prin\u00e1\u0161aj\u00fa elektrobicykle? - \u0160koda We Love Cycling Slovensko","robots":{"index":"index","follow":"follow","max-snippet":"max-snippet:-1","max-image-preview":"max-image-preview:large","max-video-preview":"max-video-preview:-1"},"canonical":"https:\/\/www.welovecycling.com\/sk\/2020\/11\/16\/ake-vyhody-prinasaju-elektrobicykle\/","og_locale":"sk_SK","og_type":"article","og_title":"Ak\u00e9 v\u00fdhody prin\u00e1\u0161aj\u00fa elektrobicykle?","og_description":"Elektrobicykle sa u n\u00e1s objavili pred p\u00e1r rokmi a odvtedy ich popularita st\u00e1le st\u00fapa. V predajniach sa ich ponuka z [&hellip;]","og_url":"https:\/\/www.welovecycling.com\/sk\/2020\/11\/16\/ake-vyhody-prinasaju-elektrobicykle\/","og_site_name":"\u0160koda We Love Cycling Slovensko","article_published_time":"2020-11-16T09:00:02+00:00","og_image":[{"width":1380,"height":600,"url":"https:\/\/d2p6e6u75xmxt8.cloudfront.net\/4\/2020\/11\/Ebike_00.webp","type":"image\/webp"}],"twitter_card":"summary_large_image","twitter_misc":{"Written by":"WeLoveCycling","Est. reading time":"3"},"schema":{"@context":"https:\/\/schema.org","@graph":[{"@type":"WebPage","@id":"https:\/\/www.welovecycling.com\/sk\/2020\/11\/16\/ake-vyhody-prinasaju-elektrobicykle\/","url":"https:\/\/www.welovecycling.com\/sk\/2020\/11\/16\/ake-vyhody-prinasaju-elektrobicykle\/","name":"Ak\u00e9 v\u00fdhody prin\u00e1\u0161aj\u00fa elektrobicykle? - \u0160koda We Love Cycling Slovensko","isPartOf":{"@id":"https:\/\/www.welovecycling.com\/sk\/#website"},"primaryImageOfPage":{"@id":"https:\/\/www.welovecycling.com\/sk\/2020\/11\/16\/ake-vyhody-prinasaju-elektrobicykle\/#primaryimage"},"image":{"@id":"https:\/\/www.welovecycling.com\/sk\/2020\/11\/16\/ake-vyhody-prinasaju-elektrobicykle\/#primaryimage"},"thumbnailUrl":"https:\/\/d2p6e6u75xmxt8.cloudfront.net\/4\/2020\/11\/Ebike_00.webp","datePublished":"2020-11-16T09:00:02+00:00","author":{"@id":""},"breadcrumb":{"@id":"https:\/\/www.welovecycling.com\/sk\/2020\/11\/16\/ake-vyhody-prinasaju-elektrobicykle\/#breadcrumb"},"inLanguage":"sk-SK","potentialAction":[{"@type":"ReadAction","target":["https:\/\/www.welovecycling.com\/sk\/2020\/11\/16\/ake-vyhody-prinasaju-elektrobicykle\/"]}]},{"@type":"ImageObject","inLanguage":"sk-SK","@id":"https:\/\/www.welovecycling.com\/sk\/2020\/11\/16\/ake-vyhody-prinasaju-elektrobicykle\/#primaryimage","url":"https:\/\/d2p6e6u75xmxt8.cloudfront.net\/4\/2020\/11\/Ebike_00.webp","contentUrl":"https:\/\/d2p6e6u75xmxt8.cloudfront.net\/4\/2020\/11\/Ebike_00.webp","width":1380,"height":600},{"@type":"BreadcrumbList","@id":"https:\/\/www.welovecycling.com\/sk\/2020\/11\/16\/ake-vyhody-prinasaju-elektrobicykle\/#breadcrumb","itemListElement":[{"@type":"ListItem","position":1,"name":"Home","item":"https:\/\/www.welovecycling.com\/sk\/"},{"@type":"ListItem","position":2,"name":"Ak\u00e9 v\u00fdhody prin\u00e1\u0161aj\u00fa elektrobicykle?"}]},{"@type":"WebSite","@id":"https:\/\/www.welovecycling.com\/sk\/#website","url":"https:\/\/www.welovecycling.com\/sk\/","name":"\u0160koda We Love Cycling Slovensko","description":"\u0160koda We Love Cycling Slovensko je v\u00e1\u0161 ka\u017edodenn\u00fd zdroj noviniek a in\u0161pir\u00e1cie z sveta cyklistiky","potentialAction":[{"@type":"SearchAction","target":{"@type":"EntryPoint","urlTemplate":"https:\/\/www.welovecycling.com\/sk\/?s={search_term_string}"},"query-input":{"@type":"PropertyValueSpecification","valueRequired":true,"valueName":"search_term_string"}}],"inLanguage":"sk-SK"},{"@type":"Person","@id":"","url":"https:\/\/www.welovecycling.com\/sk\/author\/"}]}},"_links":{"self":[{"href":"https:\/\/www.welovecycling.com\/sk\/wp-json\/wp\/v2\/posts\/11028","targetHints":{"allow":["GET"]}}],"collection":[{"href":"https:\/\/www.welovecycling.com\/sk\/wp-json\/wp\/v2\/posts"}],"about":[{"href":"https:\/\/www.welovecycling.com\/sk\/wp-json\/wp\/v2\/types\/post"}],"author":[{"embeddable":true,"href":"https:\/\/www.welovecycling.com\/sk\/wp-json\/wp\/v2\/users\/81"}],"replies":[{"embeddable":true,"href":"https:\/\/www.welovecycling.com\/sk\/wp-json\/wp\/v2\/comments?post=11028"}],"version-history":[{"count":2,"href":"https:\/\/www.welovecycling.com\/sk\/wp-json\/wp\/v2\/posts\/11028\/revisions"}],"predecessor-version":[{"id":11034,"href":"https:\/\/www.welovecycling.com\/sk\/wp-json\/wp\/v2\/posts\/11028\/revisions\/11034"}],"wp:featuredmedia":[{"embeddable":true,"href":"https:\/\/www.welovecycling.com\/sk\/wp-json\/wp\/v2\/media\/11029"}],"wp:attachment":[{"href":"https:\/\/www.welovecycling.com\/sk\/wp-json\/wp\/v2\/media?parent=11028"}],"wp:term":[{"taxonomy":"category","embeddable":true,"href":"https:\/\/www.welovecycling.com\/sk\/wp-json\/wp\/v2\/categories?post=11028"},{"taxonomy":"post_tag","embeddable":true,"href":"https:\/\/www.welovecycling.com\/sk\/wp-json\/wp\/v2\/tags?post=11028"},{"taxonomy":"global-categories","embeddable":true,"href":"https:\/\/www.welovecycling.com\/sk\/wp-json\/wp\/v2\/global-categories?post=11028"}],"curies":[{"name":"wp","href":"https:\/\/api.w.org\/{rel}","templated":true}]}}