{"id":11001,"date":"2020-11-06T10:00:08","date_gmt":"2020-11-06T09:00:08","guid":{"rendered":"https:\/\/www.welovecycling.com\/sk\/?p=11001"},"modified":"2020-11-04T09:25:50","modified_gmt":"2020-11-04T08:25:50","slug":"doplnkove-aktivity-pocas-zimy-okrem-bicykla-tu-mame-aj-ine-moznosti","status":"publish","type":"post","link":"https:\/\/www.welovecycling.com\/sk\/2020\/11\/06\/doplnkove-aktivity-pocas-zimy-okrem-bicykla-tu-mame-aj-ine-moznosti\/","title":{"rendered":"Doplnkov\u00e9 aktivity po\u010das zimy &#8211; okrem bicykla tu m\u00e1me aj in\u00e9 mo\u017enosti"},"content":{"rendered":"<p><strong>Nastalo obdobie chladn\u00fdch a\u00a0upr\u0161an\u00fdch dn\u00ed, kedy sa ned\u00e1 \u00eds\u0165 von ani so psom a\u00a0nie to e\u0161te na bicykli. Je to obdobie, kedy cyklisti opr\u00e1\u0161ia svoje trena\u017e\u00e9ry a\u00a0\u0161liapu do ped\u00e1lov pri sledovan\u00ed seri\u00e1lov, alebo z\u00e1znamov z\u00a0Tour de France. Aj aktivity na trena\u017e\u00e9ri v\u0161ak treba strieda\u0165 s\u00a0in\u00fdmi \u010dinnos\u0165ami, preto\u017ee sa treba nad\u00fdcha\u0165 \u010derstv\u00e9ho vzduchu. A\u00a0nielen to, ale aj na posilnenie imunity je potrebn\u00e9 myslie\u0165 a\u00a0na to je pohyb na \u010derstvom vzduchu ako stvoren\u00fd. Pozrime sa teda ak\u00e9 m\u00e1me mo\u017enosti.<\/strong><!--more--><\/p>\n<h2><strong>Beh<\/strong><\/h2>\n<p>Asi naj\u010dastej\u0161ou alternat\u00edvnou \u0161portovou aktivitou, ktor\u00fa cyklisti robia je beh. Jeho obrovskou v\u00fdhodou je, \u017ee na\u0148 ni\u010d nepotrebujete, okrem tenisiek. Oble\u010denie pokojne m\u00f4\u017eete pou\u017ei\u0165 aj to, ktor\u00e9 nos\u00edte na bicykel. Ak by v\u00e1s beh poriadne chytil, tak si \u0161pecializovan\u00e9 oble\u010denie dok\u00fapite nesk\u00f4r. V\u00a0porovnan\u00ed s\u00a0bicyklom, kde sa po\u010d\u00favanie hudby po\u010das jazdy neodpor\u00fa\u010da, s\u00fa sl\u00fachadl\u00e1 pri behu skvel\u00fdm doplnkom, ako spravi\u0165 svoj tr\u00e9ning zauj\u00edmav\u00fd. Ak by v\u00e1s beh predsa len za\u010dal nudi\u0165, sk\u00faste si na internete pozrie\u0165, ak\u00e9 r\u00f4zne varianty sa daj\u00fa be\u017ea\u0165. Napr\u00edklad <strong>met\u00f3da fartlek v\u00e1m d\u00e1 par\u00e1dne do tela<\/strong>.<\/p>\n<p><a href=\"https:\/\/d2p6e6u75xmxt8.cloudfront.net\/4\/2020\/11\/Aktivity-pocas-zimy_01.jpg\"><img loading=\"lazy\" decoding=\"async\" src=\"https:\/\/d2p6e6u75xmxt8.cloudfront.net\/4\/2020\/11\/Aktivity-pocas-zimy_01.jpg\" alt=\"\" width=\"1200\" height=\"800\" class=\"alignnone size-full wp-image-11004\" \/><\/a><\/p>\n<h2><strong>Turistika<\/strong><\/h2>\n<p>Ak ste horsk\u00fd cyklista, tak je asi prirodzen\u00e9, \u017ee nebudete chcie\u0165 opusti\u0165 hory ani po\u010das zimnej pr\u00edpravy. V\u00a0takom pr\u00edpade je vo\u013ebou turistika. Ur\u010dite ste e\u0161te vo va\u0161om okol\u00ed nepre\u0161li v\u0161etky turistick\u00e9 chodn\u00edky, <strong>tak pre\u010do ich nepresk\u00fama\u0165<\/strong>. Ak \u00e1no, st\u00e1le je ve\u013ea mo\u017enost\u00ed, ve\u010f Slovensko m\u00e1 najdokonalej\u0161iu sie\u0165 turistick\u00fdch chodn\u00edkov. Viete o\u00a0tom, \u017ee zna\u010den\u00fdch je viac ako p\u00e4tn\u00e1s\u0165tis\u00edc kilometrov tr\u00e1s? Tak\u017ee ho\u010fte si batoh na chrb\u00e1t a\u00a0cho\u010fte spozn\u00e1va\u0165.<\/p>\n<h2><strong>Skialpinizmus<\/strong><\/h2>\n<p>Ak je v\u00e1m turistika m\u00e1lo, vysk\u00fa\u0161ajte skialpinizmus. Je to kombin\u00e1cia ly\u017eovania, be\u017ekovania, ale potrebn\u00e9 s\u00fa aj lezeck\u00e9 schopnosti. Perfektne si v\u010faka nemu po\u010das zimy nielen <strong>udr\u017e\u00edte formu, ale e\u0161te aj zlep\u0161\u00edte kondi\u010dku<\/strong>. Niektor\u00ed ozna\u010duj\u00fa tento \u0161port ako balzam pre telo aj pre du\u0161u. Ak si vyberiete jeho \u013eah\u0161iu formu s\u00a0be\u017ekami, bud\u00fa v\u00e1m sta\u010di\u0165 aj kopce vo va\u0161om okol\u00ed. Ak sa v\u0161ak rozhodnete pre ten n\u00e1ro\u010dnej\u0161\u00ed sp\u00f4sob a\u00a0rozhodnete sa zdol\u00e1va\u0165 horsk\u00e9 \u0161t\u00edty a\u00a0chcete za\u017ei\u0165 poriadny adrenal\u00edn, budete potrebova\u0165 n\u00e1ro\u010dnej\u0161iu v\u00fdbavu a\u00a0sk\u00fasenosti. A\u00a0nakoniec upozornenie, aby ste si d\u00e1vali pozor na lav\u00edny. Pred nimi naozaj nestihnete ujs\u0165, tak\u017ee prevencia je na mieste.<\/p>\n<p><a href=\"https:\/\/d2p6e6u75xmxt8.cloudfront.net\/4\/2020\/11\/Aktivity-pocas-zimy_02.jpg\"><img loading=\"lazy\" decoding=\"async\" src=\"https:\/\/d2p6e6u75xmxt8.cloudfront.net\/4\/2020\/11\/Aktivity-pocas-zimy_02.jpg\" alt=\"\" width=\"1200\" height=\"800\" class=\"alignnone size-full wp-image-11005\" \/><\/a><\/p>\n<h2><strong>Posil\u0148ovanie<\/strong><\/h2>\n<p>Najlep\u0161ie je za\u010da\u0165 cvi\u010di\u0165 pod doh\u013eadom sk\u00fasen\u00e9ho tr\u00e9nera a\u00a0z\u00edska\u0165 spr\u00e1vne z\u00e1klady. Nesk\u00f4r u\u017e m\u00f4\u017eete cvi\u010di\u0165 aj sami a\u00a0v\u00a0pr\u00edpade, \u017ee sa z\u00a0nejak\u00e9ho d\u00f4vodu do fitness centra nedostanete, viete si vytvori\u0165 zauj\u00edmav\u00fa zostavu cvikov aj v\u00a0dom\u00e1cich podmienkach. Tu m\u00e1te na v\u00fdber, \u010di budete cvi\u010di\u0165 s\u00a0vlastnou hmotnos\u0165ou, alebo si k\u00fapite nejak\u00fa z\u00e1kladn\u00fa zostavu jednoru\u010dn\u00fdch \u010diniek. Pri cvi\u010den\u00ed s\u00a0vlastnou hmotnos\u0165ou <strong>objav\u00edte ve\u013ea zauj\u00edmav\u00fdch mo\u017enost\u00ed a\u00a0cvikov, ktor\u00e9 v\u00e1s prekvapia<\/strong>. Pou\u017eitie jednoru\u010diek zasa vy\u017eaduje od v\u00e1s trochu kreativity, aby ste nahradili cviky na strojoch. Pr\u00edpadne m\u00f4\u017eete skombinova\u0165 \u010dinky s\u00a0cvi\u010den\u00fdm vlastnou hmotnos\u0165ou. Kreativite sa medze neklad\u00fa.<\/p>\n<h2><strong>Pl\u00e1vanie<\/strong><\/h2>\n<p>Sko\u010di\u0165 do vody a\u00a0c\u00edti\u0165 akoby \u010dlovek lietal, aj tieto pocity v\u00e1s m\u00f4\u017eu sprev\u00e1dza\u0165 po\u010das pl\u00e1vania. No hlavne, ako v\u0161etci dobre vieme, <strong>pl\u00e1vanie dokonale precvi\u010d\u00ed svalstvo cel\u00e9ho tela<\/strong>. Je to jeden zo \u0161portov, ktor\u00e9 sa odpor\u00fa\u010daj\u00fa aj \u013eudom po \u0165a\u017ek\u00fdch chorob\u00e1ch \u010di zraneniach. Voda telo nadn\u00e1\u0161a, uvo\u013en\u00ed, ale z\u00e1rove\u0148 kladie ur\u010dit\u00fd odpor, \u010do pom\u00e1ha k op\u00e4tovn\u00e9mu z\u00edskaniu kond\u00edcie u\u00a0t\u00fdchto \u013eud\u00ed. Ale samozrejme sa odpor\u00fa\u010da aj ako skvel\u00fd doplnok, k\u00a0akejko\u013evek \u0161portovej aktivite.<\/p>\n<p><a href=\"https:\/\/d2p6e6u75xmxt8.cloudfront.net\/4\/2020\/11\/Aktivity-pocas-zimy_03.jpg\"><img loading=\"lazy\" decoding=\"async\" src=\"https:\/\/d2p6e6u75xmxt8.cloudfront.net\/4\/2020\/11\/Aktivity-pocas-zimy_03.jpg\" alt=\"\" width=\"1200\" height=\"800\" class=\"alignnone size-full wp-image-11006\" \/><\/a><\/p>\n<h2><strong>Prech\u00e1dzky<\/strong><\/h2>\n<p>Ak ste si na trena\u017e\u00e9ri dali do tela a\u00a0predsa e\u0161te m\u00e1te chu\u0165 \u00eds\u0165 von, aj zdanlivo <strong>oby\u010dajn\u00e1 prech\u00e1dzka m\u00e1 svoje \u010daro<\/strong>. Z\u00e1klad je zvoli\u0165 si dostato\u010dne dlh\u00fa trasu a\u00a0vykro\u010di\u0165 o\u00a0nie\u010do svi\u017enej\u0161\u00edm tempom. Nemus\u00ed to v\u0161ak hne\u010f by\u0165 \u017eiadny \u0161portov\u00fd v\u00fdkon. Pokojne sa na prech\u00e1dzku vyberte s\u00a0\u010dlenmi rodiny a\u00a0budete prekvapen\u00ed, ak\u00e9 pr\u00edjemn\u00e9 popoludnie spolu za\u017eijete.<\/p>\n<p>A\u00a0nezabudnite: hlavne si vyberte pekn\u00e9 prostredie. Beh \u010di prech\u00e1dzka ved\u013ea hlavnej a\u00a0ru\u0161nej cesty v\u00e1m ve\u013ea benefitov ned\u00e1. Ani po fyzickej str\u00e1nke ani po psychickej. Je ve\u013emi d\u00f4le\u017eit\u00e9, aby ste po\u010das va\u0161ich \u0161portov\u00fdch aktiv\u00edt, \u010di len oby\u010dajnej prech\u00e1dzky <strong>uspokojili aj va\u0161e zmysly a\u00a0cit pre kr\u00e1su<\/strong>. Na Slovensku predsa m\u00e1me to\u013eko kr\u00e1snych h\u00f4r, dol\u00edn a\u00a0l\u00fak. A\u00a0v\u0161etky spom\u00ednan\u00e9 \u0161porty sa daj\u00fa realizova\u0165 pr\u00e1ve tam.<\/p>\n<p>Zdroj fotografi\u00ed: pexels.com<\/p>\n","protected":false},"excerpt":{"rendered":"<p>Nastalo obdobie chladn\u00fdch a\u00a0upr\u0161an\u00fdch dn\u00ed, kedy sa ned\u00e1 \u00eds\u0165 von ani so psom a\u00a0nie to e\u0161te na bicykli. Je to [&hellip;]<\/p>\n","protected":false},"author":81,"featured_media":11003,"comment_status":"open","ping_status":"open","sticky":false,"template":"","format":"standard","meta":{"footnotes":""},"categories":[2],"tags":[1125,1286,773,824,285,1195,1287,1145,755,1200,416,263,55,901,161,623,317],"global-categories":[1074],"class_list":["post-11001","post","type-post","status-publish","format-standard","has-post-thumbnail","hentry","category-zdravie-trening","tag-beh","tag-bezky","tag-hory","tag-les","tag-oblecenie","tag-plavanie","tag-posilnovanie","tag-prechadzka","tag-skialp","tag-sneh","tag-strecing","tag-trenazer","tag-trening","tag-turistika","tag-zdravie","tag-zdravy-zivotny-styl","tag-zima","global-categories-cycling"],"yoast_head":"<!-- This site is optimized with the Yoast SEO Premium plugin v25.3 (Yoast SEO v25.9) - https:\/\/yoast.com\/wordpress\/plugins\/seo\/ -->\n<title>Doplnkov\u00e9 aktivity po\u010das zimy - okrem bicykla tu m\u00e1me aj in\u00e9 mo\u017enosti - \u0160koda We Love Cycling Slovensko<\/title>\n<meta name=\"robots\" content=\"index, follow, max-snippet:-1, max-image-preview:large, max-video-preview:-1\" \/>\n<link rel=\"canonical\" href=\"https:\/\/www.welovecycling.com\/sk\/2020\/11\/06\/doplnkove-aktivity-pocas-zimy-okrem-bicykla-tu-mame-aj-ine-moznosti\/\" \/>\n<meta property=\"og:locale\" content=\"sk_SK\" \/>\n<meta property=\"og:type\" content=\"article\" \/>\n<meta property=\"og:title\" content=\"Doplnkov\u00e9 aktivity po\u010das zimy - okrem bicykla tu m\u00e1me aj in\u00e9 mo\u017enosti\" \/>\n<meta property=\"og:description\" content=\"Nastalo obdobie chladn\u00fdch a\u00a0upr\u0161an\u00fdch dn\u00ed, kedy sa ned\u00e1 \u00eds\u0165 von ani so psom a\u00a0nie to e\u0161te na bicykli. Je to [&hellip;]\" \/>\n<meta property=\"og:url\" content=\"https:\/\/www.welovecycling.com\/sk\/2020\/11\/06\/doplnkove-aktivity-pocas-zimy-okrem-bicykla-tu-mame-aj-ine-moznosti\/\" \/>\n<meta property=\"og:site_name\" content=\"\u0160koda We Love Cycling Slovensko\" \/>\n<meta property=\"article:published_time\" content=\"2020-11-06T09:00:08+00:00\" \/>\n<meta property=\"og:image\" content=\"https:\/\/d2p6e6u75xmxt8.cloudfront.net\/4\/2020\/11\/Aktivity-pocas-zimy_00-.webp\" \/>\n\t<meta property=\"og:image:width\" content=\"1380\" \/>\n\t<meta property=\"og:image:height\" content=\"600\" \/>\n\t<meta property=\"og:image:type\" content=\"image\/webp\" \/>\n<meta name=\"twitter:card\" content=\"summary_large_image\" \/>\n<meta name=\"twitter:label1\" content=\"Written by\" \/>\n\t<meta name=\"twitter:data1\" content=\"Radovan Vr\u0161ka\" \/>\n\t<meta name=\"twitter:label2\" content=\"Est. reading time\" \/>\n\t<meta name=\"twitter:data2\" content=\"4\" \/>\n<script type=\"application\/ld+json\" class=\"yoast-schema-graph\">{\"@context\":\"https:\/\/schema.org\",\"@graph\":[{\"@type\":\"WebPage\",\"@id\":\"https:\/\/www.welovecycling.com\/sk\/2020\/11\/06\/doplnkove-aktivity-pocas-zimy-okrem-bicykla-tu-mame-aj-ine-moznosti\/\",\"url\":\"https:\/\/www.welovecycling.com\/sk\/2020\/11\/06\/doplnkove-aktivity-pocas-zimy-okrem-bicykla-tu-mame-aj-ine-moznosti\/\",\"name\":\"Doplnkov\u00e9 aktivity po\u010das zimy - okrem bicykla tu m\u00e1me aj in\u00e9 mo\u017enosti - \u0160koda We Love Cycling Slovensko\",\"isPartOf\":{\"@id\":\"https:\/\/www.welovecycling.com\/sk\/#website\"},\"primaryImageOfPage\":{\"@id\":\"https:\/\/www.welovecycling.com\/sk\/2020\/11\/06\/doplnkove-aktivity-pocas-zimy-okrem-bicykla-tu-mame-aj-ine-moznosti\/#primaryimage\"},\"image\":{\"@id\":\"https:\/\/www.welovecycling.com\/sk\/2020\/11\/06\/doplnkove-aktivity-pocas-zimy-okrem-bicykla-tu-mame-aj-ine-moznosti\/#primaryimage\"},\"thumbnailUrl\":\"https:\/\/d2p6e6u75xmxt8.cloudfront.net\/4\/2020\/11\/Aktivity-pocas-zimy_00-.webp\",\"datePublished\":\"2020-11-06T09:00:08+00:00\",\"author\":{\"@id\":\"\"},\"breadcrumb\":{\"@id\":\"https:\/\/www.welovecycling.com\/sk\/2020\/11\/06\/doplnkove-aktivity-pocas-zimy-okrem-bicykla-tu-mame-aj-ine-moznosti\/#breadcrumb\"},\"inLanguage\":\"sk-SK\",\"potentialAction\":[{\"@type\":\"ReadAction\",\"target\":[\"https:\/\/www.welovecycling.com\/sk\/2020\/11\/06\/doplnkove-aktivity-pocas-zimy-okrem-bicykla-tu-mame-aj-ine-moznosti\/\"]}]},{\"@type\":\"ImageObject\",\"inLanguage\":\"sk-SK\",\"@id\":\"https:\/\/www.welovecycling.com\/sk\/2020\/11\/06\/doplnkove-aktivity-pocas-zimy-okrem-bicykla-tu-mame-aj-ine-moznosti\/#primaryimage\",\"url\":\"https:\/\/d2p6e6u75xmxt8.cloudfront.net\/4\/2020\/11\/Aktivity-pocas-zimy_00-.webp\",\"contentUrl\":\"https:\/\/d2p6e6u75xmxt8.cloudfront.net\/4\/2020\/11\/Aktivity-pocas-zimy_00-.webp\",\"width\":1380,\"height\":600},{\"@type\":\"BreadcrumbList\",\"@id\":\"https:\/\/www.welovecycling.com\/sk\/2020\/11\/06\/doplnkove-aktivity-pocas-zimy-okrem-bicykla-tu-mame-aj-ine-moznosti\/#breadcrumb\",\"itemListElement\":[{\"@type\":\"ListItem\",\"position\":1,\"name\":\"Home\",\"item\":\"https:\/\/www.welovecycling.com\/sk\/\"},{\"@type\":\"ListItem\",\"position\":2,\"name\":\"Doplnkov\u00e9 aktivity po\u010das zimy &#8211; okrem bicykla tu m\u00e1me aj in\u00e9 mo\u017enosti\"}]},{\"@type\":\"WebSite\",\"@id\":\"https:\/\/www.welovecycling.com\/sk\/#website\",\"url\":\"https:\/\/www.welovecycling.com\/sk\/\",\"name\":\"\u0160koda We Love Cycling Slovensko\",\"description\":\"\u0160koda We Love Cycling Slovensko je v\u00e1\u0161 ka\u017edodenn\u00fd zdroj noviniek a in\u0161pir\u00e1cie z sveta cyklistiky\",\"potentialAction\":[{\"@type\":\"SearchAction\",\"target\":{\"@type\":\"EntryPoint\",\"urlTemplate\":\"https:\/\/www.welovecycling.com\/sk\/?s={search_term_string}\"},\"query-input\":{\"@type\":\"PropertyValueSpecification\",\"valueRequired\":true,\"valueName\":\"search_term_string\"}}],\"inLanguage\":\"sk-SK\"},{\"@type\":\"Person\",\"@id\":\"\",\"url\":\"https:\/\/www.welovecycling.com\/sk\/author\/\"}]}<\/script>\n<!-- \/ Yoast SEO Premium plugin. -->","yoast_head_json":{"title":"Doplnkov\u00e9 aktivity po\u010das zimy - okrem bicykla tu m\u00e1me aj in\u00e9 mo\u017enosti - \u0160koda We Love Cycling Slovensko","robots":{"index":"index","follow":"follow","max-snippet":"max-snippet:-1","max-image-preview":"max-image-preview:large","max-video-preview":"max-video-preview:-1"},"canonical":"https:\/\/www.welovecycling.com\/sk\/2020\/11\/06\/doplnkove-aktivity-pocas-zimy-okrem-bicykla-tu-mame-aj-ine-moznosti\/","og_locale":"sk_SK","og_type":"article","og_title":"Doplnkov\u00e9 aktivity po\u010das zimy - okrem bicykla tu m\u00e1me aj in\u00e9 mo\u017enosti","og_description":"Nastalo obdobie chladn\u00fdch a\u00a0upr\u0161an\u00fdch dn\u00ed, kedy sa ned\u00e1 \u00eds\u0165 von ani so psom a\u00a0nie to e\u0161te na bicykli. Je to [&hellip;]","og_url":"https:\/\/www.welovecycling.com\/sk\/2020\/11\/06\/doplnkove-aktivity-pocas-zimy-okrem-bicykla-tu-mame-aj-ine-moznosti\/","og_site_name":"\u0160koda We Love Cycling Slovensko","article_published_time":"2020-11-06T09:00:08+00:00","og_image":[{"width":1380,"height":600,"url":"https:\/\/d2p6e6u75xmxt8.cloudfront.net\/4\/2020\/11\/Aktivity-pocas-zimy_00-.webp","type":"image\/webp"}],"twitter_card":"summary_large_image","twitter_misc":{"Written by":"Radovan Vr\u0161ka","Est. reading time":"4"},"schema":{"@context":"https:\/\/schema.org","@graph":[{"@type":"WebPage","@id":"https:\/\/www.welovecycling.com\/sk\/2020\/11\/06\/doplnkove-aktivity-pocas-zimy-okrem-bicykla-tu-mame-aj-ine-moznosti\/","url":"https:\/\/www.welovecycling.com\/sk\/2020\/11\/06\/doplnkove-aktivity-pocas-zimy-okrem-bicykla-tu-mame-aj-ine-moznosti\/","name":"Doplnkov\u00e9 aktivity po\u010das zimy - okrem bicykla tu m\u00e1me aj in\u00e9 mo\u017enosti - \u0160koda We Love Cycling Slovensko","isPartOf":{"@id":"https:\/\/www.welovecycling.com\/sk\/#website"},"primaryImageOfPage":{"@id":"https:\/\/www.welovecycling.com\/sk\/2020\/11\/06\/doplnkove-aktivity-pocas-zimy-okrem-bicykla-tu-mame-aj-ine-moznosti\/#primaryimage"},"image":{"@id":"https:\/\/www.welovecycling.com\/sk\/2020\/11\/06\/doplnkove-aktivity-pocas-zimy-okrem-bicykla-tu-mame-aj-ine-moznosti\/#primaryimage"},"thumbnailUrl":"https:\/\/d2p6e6u75xmxt8.cloudfront.net\/4\/2020\/11\/Aktivity-pocas-zimy_00-.webp","datePublished":"2020-11-06T09:00:08+00:00","author":{"@id":""},"breadcrumb":{"@id":"https:\/\/www.welovecycling.com\/sk\/2020\/11\/06\/doplnkove-aktivity-pocas-zimy-okrem-bicykla-tu-mame-aj-ine-moznosti\/#breadcrumb"},"inLanguage":"sk-SK","potentialAction":[{"@type":"ReadAction","target":["https:\/\/www.welovecycling.com\/sk\/2020\/11\/06\/doplnkove-aktivity-pocas-zimy-okrem-bicykla-tu-mame-aj-ine-moznosti\/"]}]},{"@type":"ImageObject","inLanguage":"sk-SK","@id":"https:\/\/www.welovecycling.com\/sk\/2020\/11\/06\/doplnkove-aktivity-pocas-zimy-okrem-bicykla-tu-mame-aj-ine-moznosti\/#primaryimage","url":"https:\/\/d2p6e6u75xmxt8.cloudfront.net\/4\/2020\/11\/Aktivity-pocas-zimy_00-.webp","contentUrl":"https:\/\/d2p6e6u75xmxt8.cloudfront.net\/4\/2020\/11\/Aktivity-pocas-zimy_00-.webp","width":1380,"height":600},{"@type":"BreadcrumbList","@id":"https:\/\/www.welovecycling.com\/sk\/2020\/11\/06\/doplnkove-aktivity-pocas-zimy-okrem-bicykla-tu-mame-aj-ine-moznosti\/#breadcrumb","itemListElement":[{"@type":"ListItem","position":1,"name":"Home","item":"https:\/\/www.welovecycling.com\/sk\/"},{"@type":"ListItem","position":2,"name":"Doplnkov\u00e9 aktivity po\u010das zimy &#8211; okrem bicykla tu m\u00e1me aj in\u00e9 mo\u017enosti"}]},{"@type":"WebSite","@id":"https:\/\/www.welovecycling.com\/sk\/#website","url":"https:\/\/www.welovecycling.com\/sk\/","name":"\u0160koda We Love Cycling Slovensko","description":"\u0160koda We Love Cycling Slovensko je v\u00e1\u0161 ka\u017edodenn\u00fd zdroj noviniek a in\u0161pir\u00e1cie z sveta cyklistiky","potentialAction":[{"@type":"SearchAction","target":{"@type":"EntryPoint","urlTemplate":"https:\/\/www.welovecycling.com\/sk\/?s={search_term_string}"},"query-input":{"@type":"PropertyValueSpecification","valueRequired":true,"valueName":"search_term_string"}}],"inLanguage":"sk-SK"},{"@type":"Person","@id":"","url":"https:\/\/www.welovecycling.com\/sk\/author\/"}]}},"_links":{"self":[{"href":"https:\/\/www.welovecycling.com\/sk\/wp-json\/wp\/v2\/posts\/11001","targetHints":{"allow":["GET"]}}],"collection":[{"href":"https:\/\/www.welovecycling.com\/sk\/wp-json\/wp\/v2\/posts"}],"about":[{"href":"https:\/\/www.welovecycling.com\/sk\/wp-json\/wp\/v2\/types\/post"}],"author":[{"embeddable":true,"href":"https:\/\/www.welovecycling.com\/sk\/wp-json\/wp\/v2\/users\/81"}],"replies":[{"embeddable":true,"href":"https:\/\/www.welovecycling.com\/sk\/wp-json\/wp\/v2\/comments?post=11001"}],"version-history":[{"count":2,"href":"https:\/\/www.welovecycling.com\/sk\/wp-json\/wp\/v2\/posts\/11001\/revisions"}],"predecessor-version":[{"id":11008,"href":"https:\/\/www.welovecycling.com\/sk\/wp-json\/wp\/v2\/posts\/11001\/revisions\/11008"}],"wp:featuredmedia":[{"embeddable":true,"href":"https:\/\/www.welovecycling.com\/sk\/wp-json\/wp\/v2\/media\/11003"}],"wp:attachment":[{"href":"https:\/\/www.welovecycling.com\/sk\/wp-json\/wp\/v2\/media?parent=11001"}],"wp:term":[{"taxonomy":"category","embeddable":true,"href":"https:\/\/www.welovecycling.com\/sk\/wp-json\/wp\/v2\/categories?post=11001"},{"taxonomy":"post_tag","embeddable":true,"href":"https:\/\/www.welovecycling.com\/sk\/wp-json\/wp\/v2\/tags?post=11001"},{"taxonomy":"global-categories","embeddable":true,"href":"https:\/\/www.welovecycling.com\/sk\/wp-json\/wp\/v2\/global-categories?post=11001"}],"curies":[{"name":"wp","href":"https:\/\/api.w.org\/{rel}","templated":true}]}}