{"id":10958,"date":"2020-10-30T10:00:22","date_gmt":"2020-10-30T09:00:22","guid":{"rendered":"https:\/\/www.welovecycling.com\/sk\/?p=10958"},"modified":"2020-10-28T14:30:32","modified_gmt":"2020-10-28T13:30:32","slug":"mesacna-desiatka-pomaly-uzatvarame-sezonu","status":"publish","type":"post","link":"https:\/\/www.welovecycling.com\/sk\/2020\/10\/30\/mesacna-desiatka-pomaly-uzatvarame-sezonu\/","title":{"rendered":"Mesa\u010dn\u00e1 desiatka &#8211; pomaly uzatv\u00e1rame sez\u00f3nu"},"content":{"rendered":"<p><strong>Kto by si e\u0161te v\u00a0marci tipol, \u017ee na konci okt\u00f3bra budeme ma\u0165 za sebou v\u00e4\u010d\u0161inu jednor\u00e1zoviek a\u00a0dve Grand Tour? Sen sa stal skuto\u010dnos\u0165ou a\u00a0dnes sa s vami v preh\u013eade okt\u00f3brov\u00e9ho diania podel\u00edme s desiatimi momentami.<\/strong><!--more--><\/p>\n<h2><strong>Peter Sagan z\u00edskal svoje prv\u00e9 v\u00ed\u0165azstvo sez\u00f3ny<\/strong><\/h2>\n<p>Cel\u00fdch 460 dn\u00ed musel Sagan \u010daka\u0165 na \u010fal\u0161ie v\u00ed\u0165azstvo, odkedy z\u00edskal etapu na minuloro\u010dnej Tour de France. Po ubolenej Tour 2020, kedy mu v\u00ed\u0165azstv\u00e1 unikali aj z\u00e1sluhou siln\u00fdch s\u00faperov, <strong>sa na Gire do\u010dkal zados\u0165u\u010dinenia<\/strong>. V\u00a0jemne zvlnenej etape s\u00a0\u010d\u00edslom 10 sa dok\u00e1zal dosta\u0165 do \u00faniku, v\u00a0ktorom nakoniec dominoval v\u00a0z\u00e1vere\u010dnom st\u00fapan\u00ed. Na rovinatej pas\u00e1\u017ei do cie\u013eov\u00e9ho Tortoreta prich\u00e1dzal s\u00a0dostato\u010dn\u00fdm n\u00e1skokom na to, aby mohol v\u00ed\u0165azne zdvihn\u00fa\u0165 ruky nad hlavu.<br \/>\nhttps:\/\/www.youtube.com\/watch?v=0XmQVlzTFfs&#038;ab_channel=kompersor4<\/p>\n<h2><strong>Maxim\u00e1lne v\u00fdkony so sebou \u010dasto prin\u00e1\u0161aj\u00fa aj \u00farazy<\/strong><\/h2>\n<p>Menej pr\u00edjemnou tv\u00e1rou cyklistiky je pr\u00e1ve boles\u0165, ktor\u00e1 nie je sp\u00f4soben\u00e1 fyzick\u00fdm vyp\u00e4t\u00edm, ale naopak chybami a\u00a0zraneniami z\u00a0nich prameniacich. Svoje o\u00a0tom vie aj majster sveta, Julian Alaphilippe, ktor\u00fd na klasike Okolo Fl\u00e1mska <strong>narazil do doprovodnej motorky a\u00a0zlomil si tak ruku<\/strong>. \u00daraz sa nevyhol ani Mathieu van der Poelovi, ktor\u00fd skon\u010dil v\u00a0hlbokej priekope pri ceste. Ve\u013ek\u00e9 o\u010dak\u00e1vania, ktor\u00e9 le\u017eali na pleciach Gerainta Thomasa na Gire sa po jednom nevinnom p\u00e1de v\u00a0tretej etape razom rozplynuli. Rovnako tak tomu bolo aj v\u00a0pr\u00edpade klasik\u00e1ra, Grega van Avermaeta, ktor\u00fd na dom\u00e1cej klasike Li\u00e8ge-Bastogne-Li\u00e8ge spadol a\u00a0privodil si tak zranenia s\u00a0dobou lie\u010denia a\u017e tri mesiace.<br \/>\nhttps:\/\/www.youtube.com\/watch?v=VPXTgFGfHdA&#038;ab_channel=TOPMEILLEURSTM <\/p>\n<h2><strong>Zasl\u00fa\u017een\u00e9 v\u00ed\u0165azstva nov\u00fdch majstrov sveta v\u00a0zjazde<\/strong><\/h2>\n<p>Mnoh\u00ed z\u00a0dlhoro\u010dn\u00fdch \u00fa\u010dastn\u00edkov Svetov\u00e9ho poh\u00e1ra v\u00a0zjazde si nepam\u00e4taj\u00fa obdobn\u00e9 podmienky, ktor\u00e9 panovali na tohtoro\u010dn\u00fdch MS v\u00a0Rak\u00faskom Leogangu. Desiatky centimetrov hlbok\u00e9 blato v\u00a0spojen\u00ed s\u00a0ob\u010dasn\u00fdm sne\u017een\u00edm, mraziv\u00fdmi teplotami a\u00a0n\u00e1ro\u010dnos\u0165ou trate <strong>vytvorili podmienky, v\u00a0ktor\u00fdch bolo len ve\u013emi \u0165a\u017ek\u00e9 odhadova\u0165 v\u00ed\u0165aza<\/strong>. Nakoniec sa n\u00edm stal Reece Wilson z\u00a0Ve\u013ekej Brit\u00e1nie. V\u00a0\u017eenskej kateg\u00f3rii to bola prekvapivo Camille Balanche, ktor\u00e1 aj sk\u00fasen\u00fdm pretek\u00e1rkam, akou je aj Tracey Hannah, nadelila vy\u0161e 20 sek\u00fand.<br \/>\nhttps:\/\/www.youtube.com\/watch?v=sQuwRCdTcnk&#038;t=90s&#038;ab_channel=KidUKnott <\/p>\n<h2><strong>Dlhoro\u010dn\u00ed rivali si to rozdali \u201ena f\u00e9rovku\u201c<\/strong><\/h2>\n<p>Po\u010das jedn\u00fdch z\u00a0najsl\u00e1vnej\u0161\u00edch pretekov klasik\u00e1rskej sez\u00f3ny, Okolo Fl\u00e1mska, bolo \u201evyma\u013eovan\u00e9\u201c u\u017e 35&nbsp;km, ke\u010f na \u010dele ostali v\u00a0s\u00fa\u010dasnosti jedni z\u00a0najsilnej\u0161\u00edch klasik\u00e1rov &#8211; <strong>Mathieu van der Poel a\u00a0Wout van Aert<\/strong>. To, \u010do ich okrem tejto skuto\u010dnosti sp\u00e1ja, je aj ich rivalita v\u00a0cyklokrose, ke\u010f e\u0161te doned\u00e1vna spolu pretekali v\u00a0elitnej kateg\u00f3rii. Aj preto bolo \u0161print\u00e9rske rozuzlenie na cie\u013eovej rovinke na konci tejto klasiky jedn\u00fdm z\u00a0najz\u00e1\u017eivnej\u0161\u00edch. Ich \u0161print zapo\u010dal na m\u00e9te 200 metrov pred cie\u013eom &#8211; od tohto bodu to bol mu\u017e proti mu\u017eovi. Len o\u00a0nieko\u013eko centimetrov vyhral Mathieu van der Poel. Tento moment sa ur\u010dite zap\u00ed\u0161e do hist\u00f3rie a\u00a0ot\u00e1zkou je aj to, kedy sa do\u010dk\u00e1me opakovania? <\/p>\n<div class=\"embed-controller-wrapper\">\n<div class=\"embed-wrapper\"><iframe title=\"Tour of Flanders 2020 - Ronde van Vlaanderen Mens Elite Highlights | Cycling | Eurosport\" width=\"500\" height=\"281\" data-src=\"https:\/\/www.youtube.com\/embed\/UDL1myTN9w4?start=154&#038;feature=oembed&#038;t=154&#038;enablejsapi=1\" frameborder=\"0\" allow=\"accelerometer; autoplay; clipboard-write; encrypted-media; gyroscope; picture-in-picture; web-share\" referrerpolicy=\"strict-origin-when-cross-origin\" allowfullscreen><\/iframe><\/div>\n<\/div>\n<h2><strong>Neradujte sa pred\u010dasne alebo ako sa sta\u0165 ter\u010dom posmechu<\/strong><\/h2>\n<p>Elitn\u00e1 proficyklistika sa niekedy vyd\u00e1 tro\u0161ku neo\u010dak\u00e1van\u00fdm smerom a\u00a0to predov\u0161etk\u00fdm v\u00a0pr\u00edpadoch, kedy sl\u00e1va, ako sa hovor\u00ed, st\u00fapne do hlavy. Nie, \u017ee  by sme chceli by\u0165 moralistami, av\u0161ak to, \u010do sa stalo v\u00a0cieli Li\u00e8ge-Bastogne-Li\u00e8ge nebolo o\u010dak\u00e1van\u00e9. V\u00a0\u0161printe piatich jazdcov, z\u00a0ktor\u00fdch bol evidentne najlep\u0161\u00edm tohtoro\u010dn\u00fd majster sveta, Julian Alaphilippe, sa tento Franc\u00faz za\u010dal radova\u0165 z\u00a0v\u00ed\u0165azstva u\u017e 25 metrov pred koncom, \u010do v\u00a0pr\u00edpade, ke\u010f proti sebe m\u00e1te pretek\u00e1ra ako Primo\u017e Rogli\u010d, <strong>nie je ani vhodn\u00e9 a\u00a0ani efekt\u00edvne<\/strong>. Samozrejme, Rogli\u010d si v\u010faka Alaphilippov\u00fdm zdvihnut\u00fdm ruk\u00e1m mohol pr\u00eds\u0165 pre \u010fal\u0161ie cenn\u00e9 v\u00ed\u0165azstvo a\u00a0Alaphilippovi tak ostali len o\u010di pre pla\u010d. Nu\u017e, nabud\u00face to sn\u00e1\u010f u\u017e dotiahne dokonca.\n<lite-youtube videoid=G9juEMBTWZQ params=\"enablejsapi=1\" style=\"background-image: url('https:\/\/i.ytimg.com\/vi_webp\/G9juEMBTWZQ\/maxresdefault.webp');\"><\/lite-youtube>\n<h2><strong>Neobvykl\u00e9 &#8211; 4 kol\u00e1 Svetov\u00e9ho poh\u00e1ra v\u00a0zjazde a XCO sa i\u0161li len v\u00a0dvoch destin\u00e1ci\u00e1ch<\/strong><\/h2>\n<p>Ka\u017edoro\u010dne sa fan\u00fa\u0161ikovia te\u0161ia na zverejnenie kalend\u00e1ra Svetov\u00e9ho poh\u00e1ra v\u00a0zjazde, aby vedeli, do ktor\u00fdch destin\u00e1ci\u00ed si maj\u00fa rezervova\u0165 letenky. V\u00a0tomto pr\u00edpade to mali ur\u010dite o\u00a0dos\u0165 jednoduch\u0161ie. E\u0161te na prelome septembra a\u00a0okt\u00f3bra sa elita svetov\u00e9ho XCO presunula do \u010ceskej republiky, kde <strong>v\u00a0Novom meste na Morave absolvovali dve kol\u00e1<\/strong>. Najprv sa stali v\u00ed\u0165azmi dvaja nov\u00e1\u010dikovia v\u00a0tejto kateg\u00f3rii, Loana Lecomte a v\u00a0mu\u017eoch elite Simon Andreassen. O\u00a0p\u00e1r dn\u00ed na to to u\u017e bola Pauline Ferrand Prevot a\u00a0Henrique Avancini. Naopak, po Majstrovstv\u00e1ch sveta v\u00a0zjazde sa pretek\u00e1ri vydali do Mariboru, kde po\u010das \u0161tyroch dn\u00ed absolvovali taktie\u017e dve kol\u00e1, v\u00a0prvom dominoval Loris Vergier a\u00a0Marine Cabirou. Na o\u00a0\u010dosi odli\u0161nej trati u\u017e o\u00a0dva dni boli Nina Hoffmann a\u00a0znova Loris Vergier, ktor\u00fd si t\u00fdmto v\u00fdkonmi zabezpe\u010dil prv\u00e9 miesto v\u00a0SP.\n<lite-youtube videoid=qpTLISu1oG8 params=\"enablejsapi=1\" style=\"background-image: url('https:\/\/i.ytimg.com\/vi_webp\/qpTLISu1oG8\/maxresdefault.webp');\"><\/lite-youtube>\n<h2><strong>Ako ste na tom vy? Ob\u013eubujete aj vy mo\u017enos\u0165 zdokona\u013eova\u0165 sa?<\/strong><\/h2>\n<p>Skupina okolo Josha Brycelanda (Ratboy) alebo Craiga Evansa s\u00a0n\u00e1zvom 50to01 <strong>neprest\u00e1va jazdi\u0165 po\u010das cel\u00e9ho roka<\/strong>. V\u00a0tomto videu si to m\u00f4\u017eete overi\u0165 aj sami. Ich zru\u010dnos\u0165 s\u00a0ovl\u00e1dan\u00edm bicykla a\u00a0na strane druhej pohoda, ktor\u00e1 vl\u00e1dne v\u0161ade naokolo je mo\u017eno aj t\u00fdm, \u010do horsk\u00ed (ale ur\u010dite aj cestn\u00ed) cyklisti h\u013eadaj\u00fa vo svojich cyklistick\u00fdch \u017eivotoch. Predsa len, \u010do je lep\u0161ie, ne\u017e c\u00edti\u0165, \u017ee v\u00e1m to jednoducho \u201eide\u201c a\u00a0navy\u0161e v\u00a0spolo\u010dnost\u00ed v\u00e1m bl\u00edzkych \u013eud\u00ed? U\u017eite si preto t\u00fdchto necel\u00fdch 9 min\u00fat trikov, ktor\u00fdm nikto zn\u00e1mku d\u00e1va\u0165 nebude.\n<lite-youtube videoid=2S255mje6PE params=\"enablejsapi=1\" style=\"background-image: url('https:\/\/i.ytimg.com\/vi_webp\/2S255mje6PE\/maxresdefault.webp');\"><\/lite-youtube>\n<h2><strong>Majstra sveta pozn\u00e1 aj marat\u00f3nsky svet horskej cyklistky<\/strong><\/h2>\n<p>Tento rok je v\u0161etko tro\u0161ku s oneskoren\u00edm. Av\u0161ak aj napriek tomu sa v\u00e4\u010d\u0161ina z\u00a0najv\u00e4\u010d\u0161\u00edch svetov\u00fdch podujat\u00ed nakoniec uskuto\u010dnila. Medzi ne patrili aj Majstrovstv\u00e1 sveta v\u00a0marat\u00f3ne, ktor\u00e9 sa v\u00a0tomto roku konali a\u017e v\u00a0Turecku. Mnoh\u00fdmi fan\u00fa\u0161ikmi bola s\u00edce t\u00e1to tra\u0165 ozna\u010dovan\u00e1 ako neadekv\u00e1tna &#8211; vzh\u013eadom na dlh\u00e9 asfaltov\u00e9 presuny \u010di ch\u00fdbaj\u00face skuto\u010dn\u00e9 horsk\u00e9 traily, av\u0161ak to ni\u010d nemenilo na ich uskuto\u010dnen\u00ed. Po minuloro\u010dnom v\u00ed\u0165azstve bol <strong>jasn\u00fdm favoritom Hector Leonardo Paez Leon<\/strong>, ktor\u00fd spolo\u010dne s\u00a0Martinom Sto\u0161kom a\u00a0Tiagom Ferreirom dominovali pretekom a\u017e do chv\u00edle, kedy sa kolumbijsk\u00fd obhajca titulu za\u010dal vz\u010fa\u013eova\u0165 od dvojice prenasledovate\u013eov. Napriek tomu, \u017ee do cie\u013ea ost\u00e1valo vy\u0161e 20 km, svoj n\u00e1skok si s\u00a0preh\u013eadom ustr\u00e1\u017eil. V\u00a0kateg\u00f3rii \u017eien sa bojovalo a\u017e do posledn\u00fdch metrov, kedy nieko\u013ekon\u00e1sobn\u00fa Majsterku sveta, Maju Wloszczowsku porazila Ramona Forchini. Darilo sa aj jedinej slovenskej z\u00e1stupkyni, Janke Keseg \u0160tevkovej, ktor\u00e1 obsadila v\u00fdborn\u00e9 13.&nbsp;miesto. V\u00a0mu\u017eskej kateg\u00f3rii sme zast\u00fapenie nemali.<\/p>\n<h2><strong>Na Slovensku sa bojovalo o\u00a0majstrovsk\u00e9 dresy v\u00a0bikrose a\u00a0v\u00a0BMX Freestyle<\/strong><\/h2>\n<p>Cyklistika m\u00e1 r\u00f4zne podoby, len niektor\u00e9 s\u00fa pre mnoh\u00fdch lep\u0161ie zn\u00e1me a\u00a0niektor\u00e9 takmer v\u00f4bec. Svoje o\u00a0tom ur\u010dite vedia aj bikros a\u00a0BMX. Pr\u00e1ve ony mali svoj sviatok v\u00a0polovici okt\u00f3bra. V\u00a0\u0160uranoch sa predstavili najlep\u0161\u00ed v\u00a0kateg\u00f3rii BMX, z\u00a0ktor\u00fdch vzi\u0161li v\u00ed\u0165azne Adri\u00e1n Mika a\u00a0Angelika I\u017e\u00e1kov\u00e1. V\u00a0bikrose zas kra\u013eoval v\u00a0kateg\u00f3rii nad 17 rokov Sebasti\u00e1n Sulka z\u00a0TJ BMX Pardubice. <strong>V\u0161etk\u00fdm z\u00fa\u010dastnen\u00fdm gratulujeme<\/strong> a\u00a0prajeme \u010fal\u0161ie cenn\u00e9 v\u00fdsledky. Kompletn\u00e9 v\u00fdsledky z\u00edskate na <a href=\"https:\/\/www.cyklistikaszc.sk\" rel=\"noopener noreferrer\" target=\"_blank\">tomto odkaze<\/a>.<\/p>\n<p><a href=\"https:\/\/d2p6e6u75xmxt8.cloudfront.net\/4\/2020\/10\/MD_oktorber_01.jpg\"><img loading=\"lazy\" decoding=\"async\" src=\"https:\/\/d2p6e6u75xmxt8.cloudfront.net\/4\/2020\/10\/MD_oktorber_01.jpg\" alt=\"\" width=\"1200\" height=\"800\" class=\"alignnone size-full wp-image-10967\" \/><\/a><\/p>\n<h2><strong>Ch\u00fdba v\u00e1m cyklistick\u00fd par\u0165\u00e1k? Mo\u017eno ho m\u00e1te doma a\u00a0len o\u00a0tom neviete<\/strong><\/h2>\n<p>Svet je niekedy zvl\u00e1\u0161tny, ale s\u00a0ur\u010ditou d\u00e1vkou nadh\u013eadu to nemus\u00ed by\u0165 a\u017e tak\u00e9 \u010dierne. Pr\u00e1ve tak to asi vyzeralo na ulici jedn\u00e9ho americk\u00e9ho cyklistu, <strong>ke\u010f sa na ceste objavil so svojim chlp\u00e1\u010dom vo vaku na chrbte<\/strong>. Ok, poviete si. Av\u0161ak tento dun\u010do mal na hlave kvalitn\u00e9 okuliare a\u00a0najm\u00e4 &#8211; nemal prilbu. Mo\u017en\u00e1 je aj skuto\u010dnos\u0165, \u017ee i\u0161lo o\u00a0nov\u00fd typ tr\u00e9ningu so z\u00e1\u0165a\u017eou, alebo ho tento \u0161tvornoh\u00fd priate\u013e po\u010das tr\u00e9ningu motivoval jemn\u00fdmi brechmi do ucha. Nu\u017e, nikto nevie viac. A\u00a0preto, ak niekedy budete vidie\u0165 niekoho z\u00a0reprezent\u00e1cie nacvi\u010dova\u0165 \u010dasovku so psom na chrbte, nedivte sa, je to len jednoducho nov\u00fd sp\u00f4sob tr\u00e9ningu.<\/p>\n<p>Video si m\u00f4\u017eete pozrie\u0165 na <a href=\"https:\/\/www.instagram.com\/p\/CG2hMexnRHp\/\">tomto odkaze<\/a>. <\/p>\n<p>Pand\u00e9mia n\u00e1s teda zasiahla op\u00e4\u0165, mo\u017eno o\u00a0nie\u010do v\u00fdraznej\u0161ie. Pr\u00e1ve v\u00a0tomto obdob\u00ed za\u010d\u00edna cyklokrosov\u00e1 sez\u00f3na, ktor\u00e1 je neodmyslite\u013enou s\u00fa\u010das\u0165ou cyklistick\u00e9ho sveta. Ako dopadne &#8211; uvid\u00edme nov\u00fdch majstrov alebo sa do\u010dk\u00e1me odlo\u017eenia na leto? <strong>Kto vie.<\/strong><\/p>\n<p>Zdroj titulnej fotografie: pixabay.com<\/p>\n","protected":false},"excerpt":{"rendered":"<p>Kto by si e\u0161te v\u00a0marci tipol, \u017ee na konci okt\u00f3bra budeme ma\u0165 za sebou v\u00e4\u010d\u0161inu jednor\u00e1zoviek a\u00a0dve Grand Tour? Sen [&hellip;]<\/p>\n","protected":false},"author":81,"featured_media":10966,"comment_status":"open","ping_status":"open","sticky":false,"template":"","format":"standard","meta":{"footnotes":""},"categories":[63],"tags":[626,115,721,65,180,498,432,704,1040,429,46,170,885,703,355,907,172],"global-categories":[1074],"class_list":["post-10958","post","type-post","status-publish","format-standard","has-post-thumbnail","hentry","category-grand-tour","tag-bmx","tag-cestna-cyklistika","tag-freestyle","tag-giro-d-italia","tag-horska-cyklistika","tag-julian-alaphilippe","tag-liege-bastogne-liege","tag-mathieu-van-der-poel","tag-mesacna-desiatka","tag-okolo-flamska","tag-peter-sagan","tag-primoz-roglic","tag-profesional","tag-svetovy-pohar","tag-uci","tag-wout-van-aert","tag-zjazd","global-categories-cycling"],"yoast_head":"<!-- This site is optimized with the Yoast SEO Premium plugin v25.3 (Yoast SEO v25.9) - https:\/\/yoast.com\/wordpress\/plugins\/seo\/ -->\n<title>Mesa\u010dn\u00e1 desiatka - pomaly uzatv\u00e1rame sez\u00f3nu - \u0160koda We Love Cycling Slovensko<\/title>\n<meta name=\"robots\" content=\"index, follow, max-snippet:-1, max-image-preview:large, max-video-preview:-1\" \/>\n<link rel=\"canonical\" href=\"https:\/\/www.welovecycling.com\/sk\/2020\/10\/30\/mesacna-desiatka-pomaly-uzatvarame-sezonu\/\" \/>\n<meta property=\"og:locale\" content=\"sk_SK\" \/>\n<meta property=\"og:type\" content=\"article\" \/>\n<meta property=\"og:title\" content=\"Mesa\u010dn\u00e1 desiatka - pomaly uzatv\u00e1rame sez\u00f3nu\" \/>\n<meta property=\"og:description\" content=\"Kto by si e\u0161te v\u00a0marci tipol, \u017ee na konci okt\u00f3bra budeme ma\u0165 za sebou v\u00e4\u010d\u0161inu jednor\u00e1zoviek a\u00a0dve Grand Tour? Sen [&hellip;]\" \/>\n<meta property=\"og:url\" content=\"https:\/\/www.welovecycling.com\/sk\/2020\/10\/30\/mesacna-desiatka-pomaly-uzatvarame-sezonu\/\" \/>\n<meta property=\"og:site_name\" content=\"\u0160koda We Love Cycling Slovensko\" \/>\n<meta property=\"article:published_time\" content=\"2020-10-30T09:00:22+00:00\" \/>\n<meta property=\"og:image\" content=\"https:\/\/d2p6e6u75xmxt8.cloudfront.net\/4\/2020\/10\/MD_oktorber_00.webp\" \/>\n\t<meta property=\"og:image:width\" content=\"1380\" \/>\n\t<meta property=\"og:image:height\" content=\"600\" \/>\n\t<meta property=\"og:image:type\" content=\"image\/webp\" \/>\n<meta name=\"twitter:card\" content=\"summary_large_image\" \/>\n<meta name=\"twitter:label1\" content=\"Written by\" \/>\n\t<meta name=\"twitter:data1\" content=\"WeLoveCycling\" \/>\n\t<meta name=\"twitter:label2\" content=\"Est. reading time\" \/>\n\t<meta name=\"twitter:data2\" content=\"6\" \/>\n<script type=\"application\/ld+json\" class=\"yoast-schema-graph\">{\"@context\":\"https:\/\/schema.org\",\"@graph\":[{\"@type\":\"WebPage\",\"@id\":\"https:\/\/www.welovecycling.com\/sk\/2020\/10\/30\/mesacna-desiatka-pomaly-uzatvarame-sezonu\/\",\"url\":\"https:\/\/www.welovecycling.com\/sk\/2020\/10\/30\/mesacna-desiatka-pomaly-uzatvarame-sezonu\/\",\"name\":\"Mesa\u010dn\u00e1 desiatka - pomaly uzatv\u00e1rame sez\u00f3nu - \u0160koda We Love Cycling Slovensko\",\"isPartOf\":{\"@id\":\"https:\/\/www.welovecycling.com\/sk\/#website\"},\"primaryImageOfPage\":{\"@id\":\"https:\/\/www.welovecycling.com\/sk\/2020\/10\/30\/mesacna-desiatka-pomaly-uzatvarame-sezonu\/#primaryimage\"},\"image\":{\"@id\":\"https:\/\/www.welovecycling.com\/sk\/2020\/10\/30\/mesacna-desiatka-pomaly-uzatvarame-sezonu\/#primaryimage\"},\"thumbnailUrl\":\"https:\/\/d2p6e6u75xmxt8.cloudfront.net\/4\/2020\/10\/MD_oktorber_00.webp\",\"datePublished\":\"2020-10-30T09:00:22+00:00\",\"author\":{\"@id\":\"\"},\"breadcrumb\":{\"@id\":\"https:\/\/www.welovecycling.com\/sk\/2020\/10\/30\/mesacna-desiatka-pomaly-uzatvarame-sezonu\/#breadcrumb\"},\"inLanguage\":\"sk-SK\",\"potentialAction\":[{\"@type\":\"ReadAction\",\"target\":[\"https:\/\/www.welovecycling.com\/sk\/2020\/10\/30\/mesacna-desiatka-pomaly-uzatvarame-sezonu\/\"]}]},{\"@type\":\"ImageObject\",\"inLanguage\":\"sk-SK\",\"@id\":\"https:\/\/www.welovecycling.com\/sk\/2020\/10\/30\/mesacna-desiatka-pomaly-uzatvarame-sezonu\/#primaryimage\",\"url\":\"https:\/\/d2p6e6u75xmxt8.cloudfront.net\/4\/2020\/10\/MD_oktorber_00.webp\",\"contentUrl\":\"https:\/\/d2p6e6u75xmxt8.cloudfront.net\/4\/2020\/10\/MD_oktorber_00.webp\",\"width\":1380,\"height\":600},{\"@type\":\"BreadcrumbList\",\"@id\":\"https:\/\/www.welovecycling.com\/sk\/2020\/10\/30\/mesacna-desiatka-pomaly-uzatvarame-sezonu\/#breadcrumb\",\"itemListElement\":[{\"@type\":\"ListItem\",\"position\":1,\"name\":\"Home\",\"item\":\"https:\/\/www.welovecycling.com\/sk\/\"},{\"@type\":\"ListItem\",\"position\":2,\"name\":\"Mesa\u010dn\u00e1 desiatka &#8211; pomaly uzatv\u00e1rame sez\u00f3nu\"}]},{\"@type\":\"WebSite\",\"@id\":\"https:\/\/www.welovecycling.com\/sk\/#website\",\"url\":\"https:\/\/www.welovecycling.com\/sk\/\",\"name\":\"\u0160koda We Love Cycling Slovensko\",\"description\":\"\u0160koda We Love Cycling Slovensko je v\u00e1\u0161 ka\u017edodenn\u00fd zdroj noviniek a in\u0161pir\u00e1cie z sveta cyklistiky\",\"potentialAction\":[{\"@type\":\"SearchAction\",\"target\":{\"@type\":\"EntryPoint\",\"urlTemplate\":\"https:\/\/www.welovecycling.com\/sk\/?s={search_term_string}\"},\"query-input\":{\"@type\":\"PropertyValueSpecification\",\"valueRequired\":true,\"valueName\":\"search_term_string\"}}],\"inLanguage\":\"sk-SK\"},{\"@type\":\"Person\",\"@id\":\"\",\"url\":\"https:\/\/www.welovecycling.com\/sk\/author\/\"}]}<\/script>\n<!-- \/ Yoast SEO Premium plugin. -->","yoast_head_json":{"title":"Mesa\u010dn\u00e1 desiatka - pomaly uzatv\u00e1rame sez\u00f3nu - \u0160koda We Love Cycling Slovensko","robots":{"index":"index","follow":"follow","max-snippet":"max-snippet:-1","max-image-preview":"max-image-preview:large","max-video-preview":"max-video-preview:-1"},"canonical":"https:\/\/www.welovecycling.com\/sk\/2020\/10\/30\/mesacna-desiatka-pomaly-uzatvarame-sezonu\/","og_locale":"sk_SK","og_type":"article","og_title":"Mesa\u010dn\u00e1 desiatka - pomaly uzatv\u00e1rame sez\u00f3nu","og_description":"Kto by si e\u0161te v\u00a0marci tipol, \u017ee na konci okt\u00f3bra budeme ma\u0165 za sebou v\u00e4\u010d\u0161inu jednor\u00e1zoviek a\u00a0dve Grand Tour? Sen [&hellip;]","og_url":"https:\/\/www.welovecycling.com\/sk\/2020\/10\/30\/mesacna-desiatka-pomaly-uzatvarame-sezonu\/","og_site_name":"\u0160koda We Love Cycling Slovensko","article_published_time":"2020-10-30T09:00:22+00:00","og_image":[{"width":1380,"height":600,"url":"https:\/\/d2p6e6u75xmxt8.cloudfront.net\/4\/2020\/10\/MD_oktorber_00.webp","type":"image\/webp"}],"twitter_card":"summary_large_image","twitter_misc":{"Written by":"WeLoveCycling","Est. reading time":"6"},"schema":{"@context":"https:\/\/schema.org","@graph":[{"@type":"WebPage","@id":"https:\/\/www.welovecycling.com\/sk\/2020\/10\/30\/mesacna-desiatka-pomaly-uzatvarame-sezonu\/","url":"https:\/\/www.welovecycling.com\/sk\/2020\/10\/30\/mesacna-desiatka-pomaly-uzatvarame-sezonu\/","name":"Mesa\u010dn\u00e1 desiatka - pomaly uzatv\u00e1rame sez\u00f3nu - \u0160koda We Love Cycling Slovensko","isPartOf":{"@id":"https:\/\/www.welovecycling.com\/sk\/#website"},"primaryImageOfPage":{"@id":"https:\/\/www.welovecycling.com\/sk\/2020\/10\/30\/mesacna-desiatka-pomaly-uzatvarame-sezonu\/#primaryimage"},"image":{"@id":"https:\/\/www.welovecycling.com\/sk\/2020\/10\/30\/mesacna-desiatka-pomaly-uzatvarame-sezonu\/#primaryimage"},"thumbnailUrl":"https:\/\/d2p6e6u75xmxt8.cloudfront.net\/4\/2020\/10\/MD_oktorber_00.webp","datePublished":"2020-10-30T09:00:22+00:00","author":{"@id":""},"breadcrumb":{"@id":"https:\/\/www.welovecycling.com\/sk\/2020\/10\/30\/mesacna-desiatka-pomaly-uzatvarame-sezonu\/#breadcrumb"},"inLanguage":"sk-SK","potentialAction":[{"@type":"ReadAction","target":["https:\/\/www.welovecycling.com\/sk\/2020\/10\/30\/mesacna-desiatka-pomaly-uzatvarame-sezonu\/"]}]},{"@type":"ImageObject","inLanguage":"sk-SK","@id":"https:\/\/www.welovecycling.com\/sk\/2020\/10\/30\/mesacna-desiatka-pomaly-uzatvarame-sezonu\/#primaryimage","url":"https:\/\/d2p6e6u75xmxt8.cloudfront.net\/4\/2020\/10\/MD_oktorber_00.webp","contentUrl":"https:\/\/d2p6e6u75xmxt8.cloudfront.net\/4\/2020\/10\/MD_oktorber_00.webp","width":1380,"height":600},{"@type":"BreadcrumbList","@id":"https:\/\/www.welovecycling.com\/sk\/2020\/10\/30\/mesacna-desiatka-pomaly-uzatvarame-sezonu\/#breadcrumb","itemListElement":[{"@type":"ListItem","position":1,"name":"Home","item":"https:\/\/www.welovecycling.com\/sk\/"},{"@type":"ListItem","position":2,"name":"Mesa\u010dn\u00e1 desiatka &#8211; pomaly uzatv\u00e1rame sez\u00f3nu"}]},{"@type":"WebSite","@id":"https:\/\/www.welovecycling.com\/sk\/#website","url":"https:\/\/www.welovecycling.com\/sk\/","name":"\u0160koda We Love Cycling Slovensko","description":"\u0160koda We Love Cycling Slovensko je v\u00e1\u0161 ka\u017edodenn\u00fd zdroj noviniek a in\u0161pir\u00e1cie z sveta cyklistiky","potentialAction":[{"@type":"SearchAction","target":{"@type":"EntryPoint","urlTemplate":"https:\/\/www.welovecycling.com\/sk\/?s={search_term_string}"},"query-input":{"@type":"PropertyValueSpecification","valueRequired":true,"valueName":"search_term_string"}}],"inLanguage":"sk-SK"},{"@type":"Person","@id":"","url":"https:\/\/www.welovecycling.com\/sk\/author\/"}]}},"_links":{"self":[{"href":"https:\/\/www.welovecycling.com\/sk\/wp-json\/wp\/v2\/posts\/10958","targetHints":{"allow":["GET"]}}],"collection":[{"href":"https:\/\/www.welovecycling.com\/sk\/wp-json\/wp\/v2\/posts"}],"about":[{"href":"https:\/\/www.welovecycling.com\/sk\/wp-json\/wp\/v2\/types\/post"}],"author":[{"embeddable":true,"href":"https:\/\/www.welovecycling.com\/sk\/wp-json\/wp\/v2\/users\/81"}],"replies":[{"embeddable":true,"href":"https:\/\/www.welovecycling.com\/sk\/wp-json\/wp\/v2\/comments?post=10958"}],"version-history":[{"count":2,"href":"https:\/\/www.welovecycling.com\/sk\/wp-json\/wp\/v2\/posts\/10958\/revisions"}],"predecessor-version":[{"id":10981,"href":"https:\/\/www.welovecycling.com\/sk\/wp-json\/wp\/v2\/posts\/10958\/revisions\/10981"}],"wp:featuredmedia":[{"embeddable":true,"href":"https:\/\/www.welovecycling.com\/sk\/wp-json\/wp\/v2\/media\/10966"}],"wp:attachment":[{"href":"https:\/\/www.welovecycling.com\/sk\/wp-json\/wp\/v2\/media?parent=10958"}],"wp:term":[{"taxonomy":"category","embeddable":true,"href":"https:\/\/www.welovecycling.com\/sk\/wp-json\/wp\/v2\/categories?post=10958"},{"taxonomy":"post_tag","embeddable":true,"href":"https:\/\/www.welovecycling.com\/sk\/wp-json\/wp\/v2\/tags?post=10958"},{"taxonomy":"global-categories","embeddable":true,"href":"https:\/\/www.welovecycling.com\/sk\/wp-json\/wp\/v2\/global-categories?post=10958"}],"curies":[{"name":"wp","href":"https:\/\/api.w.org\/{rel}","templated":true}]}}