{"id":10950,"date":"2020-11-02T10:00:07","date_gmt":"2020-11-02T09:00:07","guid":{"rendered":"https:\/\/www.welovecycling.com\/sk\/?p=10950"},"modified":"2020-10-29T11:28:50","modified_gmt":"2020-10-29T10:28:50","slug":"eugene-christophe-si-musel-na-tour-v-roku-1913-opravit-vidlicu-bicykla-u-kovaca","status":"publish","type":"post","link":"https:\/\/www.welovecycling.com\/sk\/2020\/11\/02\/eugene-christophe-si-musel-na-tour-v-roku-1913-opravit-vidlicu-bicykla-u-kovaca\/","title":{"rendered":"Eugene Christophe si musel na Tour v roku 1913 opravi\u0165 vidlicu bicykla u kov\u00e1\u010da"},"content":{"rendered":"<p><strong>Modern\u00ed jazdci Tour de France sa nemusia pr\u00edli\u0161 stara\u0165 o mechanick\u00e9 probl\u00e9my. V\u00e4\u010d\u0161inou je pomerne \u013eahk\u00e9 zohna\u0165 n\u00e1hradn\u00fd bicykel, ak sa nie\u010do pokaz\u00ed. Nie v\u017edy to tak bolo. Ako si jazdci poradili s mechanick\u00fdmi probl\u00e9mami v \u010dasoch, ke\u010f nemali podporu?<\/strong><!--more--><\/p>\n<p>Tour v roku 1913 bola doteraz najdlh\u0161ia Tour, ktor\u00e1 <strong>merala 5 388 km<\/strong> a jeden z favoritov, Eugene Christophe, mal \u0165a\u017ek\u00fa \u00falohu, aby po belgickom v\u00ed\u0165azstve predch\u00e1dzaj\u00faceho roka z\u00edskal titul sp\u00e4\u0165 do Franc\u00fazska.<\/p>\n<p>Ke\u010f dorazili preteky do pohoria Pyreneje, Christophe zaost\u00e1val o 4 min\u00faty za v\u00ed\u0165azom z roku 1912 Odilom Defraye. Jeho pl\u00e1nom bolo za\u00fato\u010di\u0165 po\u010das legend\u00e1rnych et\u00e1p Peyresourde, Aspin, Tourmalet a Aubisque. <strong>\u00daspe\u0161ne za\u00fato\u010dil<\/strong> a Defraye, ktor\u00fd bojoval s bo\u013eav\u00fdm stehenn\u00fdm svalom, to v spodnej \u010dasti Tourmaletu vzdal, mal viac ako hodinov\u00fd deficit. Jedin\u00fdm Belgi\u010danom na dostrel bol Philippe Thys, ale potreboval by z\u00e1zrak, aby ho dobehol.<\/p>\n<figure id=\"attachment_10951\" aria-describedby=\"caption-attachment-10951\" style=\"width: 1024px\" class=\"wp-caption alignnone\"><a href=\"https:\/\/d2p6e6u75xmxt8.cloudfront.net\/2\/2020\/09\/profimedia-0286570057-1.jpg\"><img loading=\"lazy\" decoding=\"async\" class=\"wp-image-10951 size-large\" src=\"https:\/\/d2p6e6u75xmxt8.cloudfront.net\/4\/2020\/10\/profimedia-0286570057-1-1024x865.jpg\" alt=\"Eug\u00e8ne Christophe 1912\" width=\"1024\" height=\"865\" \/><\/a><figcaption id=\"caption-attachment-10951\" class=\"wp-caption-text\">Christophe v roku 1912. \u00a9 Profimedia<\/figcaption><\/figure>\n<p>Christophe doslova letel po pra\u0161nej ceste a dostal sa na vrchol Tourmaletu, kde zlo\u017eil zadn\u00e9 koleso a preradil na v\u00e4\u010d\u0161\u00ed prevodov\u00fd stupe\u0148. Bolo to mnoho rokov predt\u00fdm, ako sa za\u010dali pou\u017e\u00edva\u0165 prehadzova\u010dky. Cyklisti na Tour 1913 museli pou\u017e\u00edva\u0165 \u201edvojr\u00fdchlostn\u00e9\u201c bicykle. Na ka\u017edej strane kolesa mali dva r\u00f4zne prevodn\u00edky. Pre zaradenie r\u00fdchlostn\u00fdch stup\u0148ov <strong>museli cyklisti zlo\u017ei\u0165 cel\u00e9 koleso, oto\u010di\u0165 ho a prestavi\u0165 opa\u010dn\u00fdm smerom.<\/strong> V tejto chv\u00edli mal Christophe v klasifik\u00e1cii na Thysa ve\u013emi pohodln\u00fd 18-min\u00fatov\u00fd n\u00e1skok. Pri zostupe si spieval, spokojn\u00fd s t\u00fdm, ako mu ubiehaj\u00fa preteky. Potom v\u0161ak do\u0161lo ku katastrofe. Nesk\u00f4r nap\u00edsal:<\/p>\n<p><em>&#8222;Asi 10 kilometrov pred Ste-Marie-de-Campan som c\u00edtil, \u017ee s mojimi riaden\u00edm nie je nie\u010do v poriadku. U\u017e som nebol schopn\u00fd ovl\u00e1da\u0165 bicykel. Zastavil som a zosadol z bicykla. A potom som uvidel, \u017ee m\u00e1m zlomen\u00fa vidlicu.\u201c<\/em><\/p>\n<p>Ako z\u00e1mo\u010dn\u00edk mohol Eugene Christophe opravi\u0165 ve\u013ea vec\u00ed, ale <strong>zlomen\u00e1 vidlica bola u\u017e pr\u00edli\u0161<\/strong>. Bol s\u00e1m. Tak\u017ee sa rozhodol da\u0165 dolu predn\u00e9 koleso, nies\u0165 ho \u013eavou rukou a r\u00e1m svojho bicykla mal prevesen\u00fd cez prav\u00e9 rameno. Pokra\u010doval v ceste pe\u0161o, zatia\u013e \u010do konkurenti ho neust\u00e1le m\u00ed\u0148ali. \u0160m\u00fdkal sa po kopcoch medzi serpent\u00ednami po zadku a h\u013eadal ov\u010die chodn\u00edky, aby u\u0161etril \u010das. Po desiatich kilometroch pe\u0161o sa dostal do Ste-Marie-de-Campan, kde uvidel mal\u00e9 diev\u010datko.<\/p>\n<p><em>&#8222;Kde je miestna vyh\u0148a?&#8220;<\/em> p\u00fdtal sa Christophe.<\/p>\n<p><em>&#8222;Na opa\u010dnej strane dediny.&#8220;<\/em> <em>&#8222;P\u00e1n Lecomte je kov\u00e1\u010d,\u201c<\/em>odpovedalo diev\u010da.<\/p>\n<p><em>&#8222;Zober ma tam, pros\u00edm.&#8220;<\/em><\/p>\n<figure id=\"attachment_10952\" aria-describedby=\"caption-attachment-10952\" style=\"width: 1250px\" class=\"wp-caption alignnone\"><a href=\"https:\/\/d2p6e6u75xmxt8.cloudfront.net\/4\/2020\/10\/profimedia-0330140367.jpg\"><img loading=\"lazy\" decoding=\"async\" src=\"https:\/\/d2p6e6u75xmxt8.cloudfront.net\/4\/2020\/10\/profimedia-0330140367.jpg\" alt=\"\" width=\"1250\" height=\"833\" class=\"size-full wp-image-10952\" \/><\/a><figcaption id=\"caption-attachment-10952\" class=\"wp-caption-text\">Jean Stablinski a Eug\u00e8ne Christophe v roku 1968. \u00a9 Profimedia<\/figcaption><\/figure>\n<p>Ke\u010f sa Christophe dostal ku kov\u00e1\u010dovi vo svojom roztrhanom oble\u010den\u00ed a zablatenej tv\u00e1ri, <strong>organiz\u00e1tori pretekov ho tam u\u017e \u010dakali<\/strong>. Uzavreli vyh\u0148u, lebo \u010doskoro by sa cel\u00e1 dedina pri\u0161la pozera\u0165.<\/p>\n<p><em>&#8222;T\u00fa vidlicu m\u00f4\u017eem opravi\u0165,&#8220;<\/em> pon\u00faka Lecomte.<\/p>\n<p>Organiz\u00e1tori boli pr\u00edsni a kov\u00e1\u010dovi to nedovolili. <strong>Ak\u00e1ko\u013evek vonkaj\u0161ia pomoc by Christopheho diskvalifikovala.<\/strong> Lecomte teda mohol Christophovi radi\u0165 iba \u00fastne, ke\u010f za\u010dal vidlicu opravova\u0165 s\u00e1m.<\/p>\n<p><em>&#8222;Potrebujete obe ruky, aby ste na vidlicu mohli t\u013ac\u0165 kladivom,&#8220;<\/em> hovor\u00ed Lecomte.<\/p>\n<p><em>&#8222;Ako m\u00e1m s\u00fa\u010dasne d\u00facha\u0165 vzduch, aby som udr\u017eal siln\u00fd plame\u0148?&#8220;<\/em> odpoved\u00e1 Christophe.<\/p>\n<p>V z\u00fafalstve po\u017eiadal 7-ro\u010dn\u00e9ho chlapca, ktor\u00fd sa tam vkradol, aby ovl\u00e1dal mechy. Vidlicu sa mu podarilo opravi\u0165. Po zlo\u017een\u00ed bicykla bol pripraven\u00fd pokra\u010dova\u0165 v pretekoch.<\/p>\n<p><em>&#8222;Dobr\u00e1 pr\u00e1ca. Ale mal\u00fd chlapec za v\u00e1s ovl\u00e1dal mechy. To je vonkaj\u0161ia pomoc. Dostanete pokutu 10&nbsp;min\u00fat,\u201c<\/em> informoval ho organiz\u00e1tor pretekov.<\/p>\n<p>Christophe nad\u00e1val, ale zostal s\u00fastreden\u00fd na cie\u013e. V tej chv\u00edli <strong>mal stratu kv\u00f4li cel\u00e9mu incidentu viac ako 4 hodiny<\/strong>. Naplnil si vreck\u00e1 chlebom a znova za\u010dal \u0161liapa\u0165 do ped\u00e1lov. V ten de\u0148 e\u0161te stihol predbehn\u00fa\u0165 \u010fal\u0161\u00edch 15 cyklistov a zdola\u0165 \u010fal\u0161ie dva vrcholy. Dok\u00e1zal to, ale jeho sen o v\u00ed\u0165azstve na Tour bol pre\u010d.<\/p>\n<p>Protesty fan\u00fa\u0161ikov prin\u00fatili organiz\u00e1torov zn\u00ed\u017ei\u0165 jeho trest na 3 min\u00faty, ale to nezmenilo v\u00fdsledok. Eugene Christophe skon\u010dil v celkovej klasifik\u00e1cii na 7. mieste. V\u010faka incidentu na Tourmalet <strong>v roku 1913 sa v\u0161ak stal sl\u00e1vnej\u0161\u00edm, ne\u017e ktor\u00fdko\u013evek in\u00fd \u0161ampi\u00f3n tej doby<\/strong>.<\/p>\n","protected":false},"excerpt":{"rendered":"<p>Modern\u00ed jazdci Tour de France sa nemusia pr\u00edli\u0161 stara\u0165 o mechanick\u00e9 probl\u00e9my. V\u00e4\u010d\u0161inou je pomerne \u013eahk\u00e9 zohna\u0165 n\u00e1hradn\u00fd bicykel, ak [&hellip;]<\/p>\n","protected":false},"author":81,"featured_media":10954,"comment_status":"open","ping_status":"open","sticky":false,"template":"","format":"standard","meta":{"footnotes":""},"categories":[4],"tags":[619,115,487,331,1278,306,876,637,1012,179,1252,20,1277],"global-categories":[],"class_list":["post-10950","post","type-post","status-publish","format-standard","has-post-thumbnail","hentry","category-cestna-cyklisitika","tag-bicyklovanie","tag-cestna-cyklistika","tag-cestny-bicykel","tag-etapove-preteky","tag-eugene-christophe","tag-francuzsko","tag-historia","tag-oprava","tag-pretekar","tag-preteky","tag-stara-dama","tag-tour-de-france","tag-tour-de-france-1913"],"yoast_head":"<!-- This site is optimized with the Yoast SEO Premium plugin v25.3 (Yoast SEO v25.9) - https:\/\/yoast.com\/wordpress\/plugins\/seo\/ -->\n<title>Eugene Christophe si musel na Tour v roku 1913 opravi\u0165 vidlicu bicykla u kov\u00e1\u010da<\/title>\n<meta name=\"description\" content=\"Modern Tour de France riders don\u2019t have to worry too much about mechanical issues. So how did Eugene Christophe deal with a broken fork back in 1913?\" \/>\n<meta name=\"robots\" content=\"index, follow, max-snippet:-1, max-image-preview:large, max-video-preview:-1\" \/>\n<link rel=\"canonical\" href=\"https:\/\/www.welovecycling.com\/sk\/2020\/11\/02\/eugene-christophe-si-musel-na-tour-v-roku-1913-opravit-vidlicu-bicykla-u-kovaca\/\" \/>\n<meta property=\"og:locale\" content=\"sk_SK\" \/>\n<meta property=\"og:type\" content=\"article\" \/>\n<meta property=\"og:title\" content=\"Eugene Christophe si musel na Tour v roku 1913 opravi\u0165 vidlicu bicykla u kov\u00e1\u010da\" \/>\n<meta property=\"og:description\" content=\"Modern Tour de France riders don\u2019t have to worry too much about mechanical issues. So how did Eugene Christophe deal with a broken fork back in 1913?\" \/>\n<meta property=\"og:url\" content=\"https:\/\/www.welovecycling.com\/sk\/2020\/11\/02\/eugene-christophe-si-musel-na-tour-v-roku-1913-opravit-vidlicu-bicykla-u-kovaca\/\" \/>\n<meta property=\"og:site_name\" content=\"\u0160koda We Love Cycling Slovensko\" \/>\n<meta property=\"article:published_time\" content=\"2020-11-02T09:00:07+00:00\" \/>\n<meta property=\"og:image\" content=\"https:\/\/d2p6e6u75xmxt8.cloudfront.net\/4\/2020\/10\/Eugene-Christophe-profimedia-0226021645-CVR.webp\" \/>\n\t<meta property=\"og:image:width\" content=\"1366\" \/>\n\t<meta property=\"og:image:height\" content=\"600\" \/>\n\t<meta property=\"og:image:type\" content=\"image\/webp\" \/>\n<meta name=\"twitter:card\" content=\"summary_large_image\" \/>\n<meta name=\"twitter:label1\" content=\"Written by\" \/>\n\t<meta name=\"twitter:data1\" content=\"Ji\u0159\u00ed Kalo\u010d\" \/>\n\t<meta name=\"twitter:label2\" content=\"Est. reading time\" \/>\n\t<meta name=\"twitter:data2\" content=\"6\" \/>\n<script type=\"application\/ld+json\" class=\"yoast-schema-graph\">{\"@context\":\"https:\/\/schema.org\",\"@graph\":[{\"@type\":\"WebPage\",\"@id\":\"https:\/\/www.welovecycling.com\/sk\/2020\/11\/02\/eugene-christophe-si-musel-na-tour-v-roku-1913-opravit-vidlicu-bicykla-u-kovaca\/\",\"url\":\"https:\/\/www.welovecycling.com\/sk\/2020\/11\/02\/eugene-christophe-si-musel-na-tour-v-roku-1913-opravit-vidlicu-bicykla-u-kovaca\/\",\"name\":\"Eugene Christophe si musel na Tour v roku 1913 opravi\u0165 vidlicu bicykla u kov\u00e1\u010da\",\"isPartOf\":{\"@id\":\"https:\/\/www.welovecycling.com\/sk\/#website\"},\"primaryImageOfPage\":{\"@id\":\"https:\/\/www.welovecycling.com\/sk\/2020\/11\/02\/eugene-christophe-si-musel-na-tour-v-roku-1913-opravit-vidlicu-bicykla-u-kovaca\/#primaryimage\"},\"image\":{\"@id\":\"https:\/\/www.welovecycling.com\/sk\/2020\/11\/02\/eugene-christophe-si-musel-na-tour-v-roku-1913-opravit-vidlicu-bicykla-u-kovaca\/#primaryimage\"},\"thumbnailUrl\":\"https:\/\/d2p6e6u75xmxt8.cloudfront.net\/4\/2020\/10\/Eugene-Christophe-profimedia-0226021645-CVR.webp\",\"datePublished\":\"2020-11-02T09:00:07+00:00\",\"author\":{\"@id\":\"\"},\"description\":\"Modern Tour de France riders don\u2019t have to worry too much about mechanical issues. So how did Eugene Christophe deal with a broken fork back in 1913?\",\"breadcrumb\":{\"@id\":\"https:\/\/www.welovecycling.com\/sk\/2020\/11\/02\/eugene-christophe-si-musel-na-tour-v-roku-1913-opravit-vidlicu-bicykla-u-kovaca\/#breadcrumb\"},\"inLanguage\":\"sk-SK\",\"potentialAction\":[{\"@type\":\"ReadAction\",\"target\":[\"https:\/\/www.welovecycling.com\/sk\/2020\/11\/02\/eugene-christophe-si-musel-na-tour-v-roku-1913-opravit-vidlicu-bicykla-u-kovaca\/\"]}]},{\"@type\":\"ImageObject\",\"inLanguage\":\"sk-SK\",\"@id\":\"https:\/\/www.welovecycling.com\/sk\/2020\/11\/02\/eugene-christophe-si-musel-na-tour-v-roku-1913-opravit-vidlicu-bicykla-u-kovaca\/#primaryimage\",\"url\":\"https:\/\/d2p6e6u75xmxt8.cloudfront.net\/4\/2020\/10\/Eugene-Christophe-profimedia-0226021645-CVR.webp\",\"contentUrl\":\"https:\/\/d2p6e6u75xmxt8.cloudfront.net\/4\/2020\/10\/Eugene-Christophe-profimedia-0226021645-CVR.webp\",\"width\":1366,\"height\":600,\"caption\":\"1913 Tour\"},{\"@type\":\"BreadcrumbList\",\"@id\":\"https:\/\/www.welovecycling.com\/sk\/2020\/11\/02\/eugene-christophe-si-musel-na-tour-v-roku-1913-opravit-vidlicu-bicykla-u-kovaca\/#breadcrumb\",\"itemListElement\":[{\"@type\":\"ListItem\",\"position\":1,\"name\":\"Home\",\"item\":\"https:\/\/www.welovecycling.com\/sk\/\"},{\"@type\":\"ListItem\",\"position\":2,\"name\":\"Eugene Christophe si musel na Tour v roku 1913 opravi\u0165 vidlicu bicykla u kov\u00e1\u010da\"}]},{\"@type\":\"WebSite\",\"@id\":\"https:\/\/www.welovecycling.com\/sk\/#website\",\"url\":\"https:\/\/www.welovecycling.com\/sk\/\",\"name\":\"\u0160koda We Love Cycling Slovensko\",\"description\":\"\u0160koda We Love Cycling Slovensko je v\u00e1\u0161 ka\u017edodenn\u00fd zdroj noviniek a in\u0161pir\u00e1cie z sveta cyklistiky\",\"potentialAction\":[{\"@type\":\"SearchAction\",\"target\":{\"@type\":\"EntryPoint\",\"urlTemplate\":\"https:\/\/www.welovecycling.com\/sk\/?s={search_term_string}\"},\"query-input\":{\"@type\":\"PropertyValueSpecification\",\"valueRequired\":true,\"valueName\":\"search_term_string\"}}],\"inLanguage\":\"sk-SK\"},{\"@type\":\"Person\",\"@id\":\"\",\"url\":\"https:\/\/www.welovecycling.com\/sk\/author\/\"}]}<\/script>\n<!-- \/ Yoast SEO Premium plugin. -->","yoast_head_json":{"title":"Eugene Christophe si musel na Tour v roku 1913 opravi\u0165 vidlicu bicykla u kov\u00e1\u010da","description":"Modern Tour de France riders don\u2019t have to worry too much about mechanical issues. So how did Eugene Christophe deal with a broken fork back in 1913?","robots":{"index":"index","follow":"follow","max-snippet":"max-snippet:-1","max-image-preview":"max-image-preview:large","max-video-preview":"max-video-preview:-1"},"canonical":"https:\/\/www.welovecycling.com\/sk\/2020\/11\/02\/eugene-christophe-si-musel-na-tour-v-roku-1913-opravit-vidlicu-bicykla-u-kovaca\/","og_locale":"sk_SK","og_type":"article","og_title":"Eugene Christophe si musel na Tour v roku 1913 opravi\u0165 vidlicu bicykla u kov\u00e1\u010da","og_description":"Modern Tour de France riders don\u2019t have to worry too much about mechanical issues. So how did Eugene Christophe deal with a broken fork back in 1913?","og_url":"https:\/\/www.welovecycling.com\/sk\/2020\/11\/02\/eugene-christophe-si-musel-na-tour-v-roku-1913-opravit-vidlicu-bicykla-u-kovaca\/","og_site_name":"\u0160koda We Love Cycling Slovensko","article_published_time":"2020-11-02T09:00:07+00:00","og_image":[{"width":1366,"height":600,"url":"https:\/\/d2p6e6u75xmxt8.cloudfront.net\/4\/2020\/10\/Eugene-Christophe-profimedia-0226021645-CVR.webp","type":"image\/webp"}],"twitter_card":"summary_large_image","twitter_misc":{"Written by":"Ji\u0159\u00ed Kalo\u010d","Est. reading time":"6"},"schema":{"@context":"https:\/\/schema.org","@graph":[{"@type":"WebPage","@id":"https:\/\/www.welovecycling.com\/sk\/2020\/11\/02\/eugene-christophe-si-musel-na-tour-v-roku-1913-opravit-vidlicu-bicykla-u-kovaca\/","url":"https:\/\/www.welovecycling.com\/sk\/2020\/11\/02\/eugene-christophe-si-musel-na-tour-v-roku-1913-opravit-vidlicu-bicykla-u-kovaca\/","name":"Eugene Christophe si musel na Tour v roku 1913 opravi\u0165 vidlicu bicykla u kov\u00e1\u010da","isPartOf":{"@id":"https:\/\/www.welovecycling.com\/sk\/#website"},"primaryImageOfPage":{"@id":"https:\/\/www.welovecycling.com\/sk\/2020\/11\/02\/eugene-christophe-si-musel-na-tour-v-roku-1913-opravit-vidlicu-bicykla-u-kovaca\/#primaryimage"},"image":{"@id":"https:\/\/www.welovecycling.com\/sk\/2020\/11\/02\/eugene-christophe-si-musel-na-tour-v-roku-1913-opravit-vidlicu-bicykla-u-kovaca\/#primaryimage"},"thumbnailUrl":"https:\/\/d2p6e6u75xmxt8.cloudfront.net\/4\/2020\/10\/Eugene-Christophe-profimedia-0226021645-CVR.webp","datePublished":"2020-11-02T09:00:07+00:00","author":{"@id":""},"description":"Modern Tour de France riders don\u2019t have to worry too much about mechanical issues. So how did Eugene Christophe deal with a broken fork back in 1913?","breadcrumb":{"@id":"https:\/\/www.welovecycling.com\/sk\/2020\/11\/02\/eugene-christophe-si-musel-na-tour-v-roku-1913-opravit-vidlicu-bicykla-u-kovaca\/#breadcrumb"},"inLanguage":"sk-SK","potentialAction":[{"@type":"ReadAction","target":["https:\/\/www.welovecycling.com\/sk\/2020\/11\/02\/eugene-christophe-si-musel-na-tour-v-roku-1913-opravit-vidlicu-bicykla-u-kovaca\/"]}]},{"@type":"ImageObject","inLanguage":"sk-SK","@id":"https:\/\/www.welovecycling.com\/sk\/2020\/11\/02\/eugene-christophe-si-musel-na-tour-v-roku-1913-opravit-vidlicu-bicykla-u-kovaca\/#primaryimage","url":"https:\/\/d2p6e6u75xmxt8.cloudfront.net\/4\/2020\/10\/Eugene-Christophe-profimedia-0226021645-CVR.webp","contentUrl":"https:\/\/d2p6e6u75xmxt8.cloudfront.net\/4\/2020\/10\/Eugene-Christophe-profimedia-0226021645-CVR.webp","width":1366,"height":600,"caption":"1913 Tour"},{"@type":"BreadcrumbList","@id":"https:\/\/www.welovecycling.com\/sk\/2020\/11\/02\/eugene-christophe-si-musel-na-tour-v-roku-1913-opravit-vidlicu-bicykla-u-kovaca\/#breadcrumb","itemListElement":[{"@type":"ListItem","position":1,"name":"Home","item":"https:\/\/www.welovecycling.com\/sk\/"},{"@type":"ListItem","position":2,"name":"Eugene Christophe si musel na Tour v roku 1913 opravi\u0165 vidlicu bicykla u kov\u00e1\u010da"}]},{"@type":"WebSite","@id":"https:\/\/www.welovecycling.com\/sk\/#website","url":"https:\/\/www.welovecycling.com\/sk\/","name":"\u0160koda We Love Cycling Slovensko","description":"\u0160koda We Love Cycling Slovensko je v\u00e1\u0161 ka\u017edodenn\u00fd zdroj noviniek a in\u0161pir\u00e1cie z sveta cyklistiky","potentialAction":[{"@type":"SearchAction","target":{"@type":"EntryPoint","urlTemplate":"https:\/\/www.welovecycling.com\/sk\/?s={search_term_string}"},"query-input":{"@type":"PropertyValueSpecification","valueRequired":true,"valueName":"search_term_string"}}],"inLanguage":"sk-SK"},{"@type":"Person","@id":"","url":"https:\/\/www.welovecycling.com\/sk\/author\/"}]}},"_links":{"self":[{"href":"https:\/\/www.welovecycling.com\/sk\/wp-json\/wp\/v2\/posts\/10950","targetHints":{"allow":["GET"]}}],"collection":[{"href":"https:\/\/www.welovecycling.com\/sk\/wp-json\/wp\/v2\/posts"}],"about":[{"href":"https:\/\/www.welovecycling.com\/sk\/wp-json\/wp\/v2\/types\/post"}],"author":[{"embeddable":true,"href":"https:\/\/www.welovecycling.com\/sk\/wp-json\/wp\/v2\/users\/81"}],"replies":[{"embeddable":true,"href":"https:\/\/www.welovecycling.com\/sk\/wp-json\/wp\/v2\/comments?post=10950"}],"version-history":[{"count":2,"href":"https:\/\/www.welovecycling.com\/sk\/wp-json\/wp\/v2\/posts\/10950\/revisions"}],"predecessor-version":[{"id":10957,"href":"https:\/\/www.welovecycling.com\/sk\/wp-json\/wp\/v2\/posts\/10950\/revisions\/10957"}],"wp:featuredmedia":[{"embeddable":true,"href":"https:\/\/www.welovecycling.com\/sk\/wp-json\/wp\/v2\/media\/10954"}],"wp:attachment":[{"href":"https:\/\/www.welovecycling.com\/sk\/wp-json\/wp\/v2\/media?parent=10950"}],"wp:term":[{"taxonomy":"category","embeddable":true,"href":"https:\/\/www.welovecycling.com\/sk\/wp-json\/wp\/v2\/categories?post=10950"},{"taxonomy":"post_tag","embeddable":true,"href":"https:\/\/www.welovecycling.com\/sk\/wp-json\/wp\/v2\/tags?post=10950"},{"taxonomy":"global-categories","embeddable":true,"href":"https:\/\/www.welovecycling.com\/sk\/wp-json\/wp\/v2\/global-categories?post=10950"}],"curies":[{"name":"wp","href":"https:\/\/api.w.org\/{rel}","templated":true}]}}