{"id":10941,"date":"2020-10-28T10:00:15","date_gmt":"2020-10-28T09:00:15","guid":{"rendered":"https:\/\/www.welovecycling.com\/sk\/?p=10941"},"modified":"2020-10-26T13:13:45","modified_gmt":"2020-10-26T12:13:45","slug":"napinavy-suboj-do-poslednej-etapy-giro-pozna-svojho-vitaza","status":"publish","type":"post","link":"https:\/\/www.welovecycling.com\/sk\/2020\/10\/28\/napinavy-suboj-do-poslednej-etapy-giro-pozna-svojho-vitaza\/","title":{"rendered":"Nap\u00ednav\u00fd s\u00faboj do poslednej etapy &#8211; Giro pozn\u00e1 svojho v\u00ed\u0165aza"},"content":{"rendered":"<p><strong>Po\u010das uplynul\u00e9ho v\u00edkendu sme boli svedkami \u010fal\u0161ej historickej chv\u00edle, kedy sa okt\u00f3brov\u00e9 Giro skon\u010dilo individu\u00e1lnou \u010dasovkou v\u00a0Mil\u00e1ne. Kto sa nakoniec stal \u201eru\u017eov\u00fdm mu\u017eom\u201c? <\/strong><!--more--><\/p>\n<p>Cel\u00fdch 21 et\u00e1p sme netrpezlivo o\u010dak\u00e1vali ka\u017edodenn\u00e9 zmeny situ\u00e1cie (nielen) v\u00a0Taliansku, ktor\u00e9 predpovedali to, <strong>\u010di sa tento etap\u00e1k uskuto\u010dn\u00ed v\u00a0plnej d\u013a\u017eke, alebo bude musie\u0165 po nieko\u013ek\u00fdch d\u0148och skon\u010di\u0165<\/strong>. Na\u0161\u0165astie, tak\u00e9to \u010dierne scen\u00e1re s\u00fa u\u017e minulos\u0165ou. Rovnako ako aj Tour de France, jej talianska alternat\u00edva prekonala boj s\u00a0pand\u00e9miou takmer na jednotku.<\/p>\n<h2><strong>Titul putuje do Ve\u013ekej Brit\u00e1nie<\/strong><\/h2>\n<p>Aby sme nechodili dlho okolo hor\u00facej ka\u0161e, povieme to rovno: v\u00ed\u0165azom celkovej klasifik\u00e1cie 103.&nbsp;ro\u010dn\u00edka Giro d&#8217;Italia sa stal Tao Geoghegan Hart. Tento pretek\u00e1r, ktor\u00e9ho meno mnoh\u00fdm takmer ni\u010d nehovor\u00ed, <strong>dok\u00e1zal v\u00a0nede\u013enej \u010dasovke potvrdi\u0165 svoju dominantn\u00fa formu a\u00a0zdola\u0165 s\u00faperov<\/strong>. T\u00fdmto v\u00fdkonom sa jednozna\u010dne zap\u00edsal do svetovej hist\u00f3rie cyklistiky. Navy\u0161e, ide o\u00a0jeho najv\u00e4\u010d\u0161\u00ed \u00faspech v\u00a0kari\u00e9re &#8211; spolo\u010dne s\u00a0dvoma vyhran\u00fdmi etapami pr\u00e1ve v\u00a0tomto ro\u010dn\u00edku Gira. Po minuloro\u010dn\u00fdch dvoch vyhran\u00fdch etap\u00e1ch na Tour of the Alps s\u00fa toto jedin\u00e9 v\u00ed\u0165azstv\u00e1 pretek\u00e1ra z\u00a0t\u00edmu Ineos Grenadiers. Svoje l\u00eddersk\u00e9 postavenie v\u00a0anglickom celku si z\u00edskal po tom, ako po tretej etape odst\u00fapil Geraint Thomas. Ineos sa po tomto ne\u0161\u0165ast\u00ed upriamil na etapov\u00e9 v\u00ed\u0165azstv\u00e1, av\u0161ak pri v\u00fdkonoch Harta sa taktika zmenila pr\u00e1ve v\u00a0jeho prospech.<\/p>\n<lite-youtube videoid=vLVQkBxQBik params=\"enablejsapi=1\" style=\"background-image: url('https:\/\/i.ytimg.com\/vi_webp\/vLVQkBxQBik\/maxresdefault.webp');\"><\/lite-youtube>\n<h2><strong>Mlad\u00e1 krv valcuje profesion\u00e1lny pelot\u00f3n<\/strong><\/h2>\n<p>Tohtoro\u010dn\u00fd v\u00ed\u0165az m\u00e1 len 25 rokov. V\u00ed\u0165az Tour m\u00e1 22. Minuloro\u010dn\u00fd v\u00ed\u0165az Tour mal taktie\u017e 22. Tento a\u017e priam neuverite\u013en\u00fd vek je zn\u00e1mkou, <strong>\u017ee nast\u00e1va obmena gener\u00e1ci\u00ed<\/strong>. Sta\u010d\u00ed sa pozrie\u0165 na \u010fal\u0161ie miesta celkovej klasifik\u00e1cie. Aj ke\u010f v\u00a0nej n\u00e1jdeme 35-ro\u010dn\u00fdch pretek\u00e1rov, Jakoba Fuglsanga a\u00a0Vincenta Nibaliho na 6., respekt\u00edve 7. mieste, pred nimi je hne\u010f \u0161tvorica dvadsiatnikov. Po Hartovi je to hne\u010f druh\u00fd, Jai Hindley vo veku 24 rokov, za n\u00edm jeho t\u00edmov\u00fd kolega, Wilco Kelderman vo veku 29 rokov a\u00a0nakoniec Jo\u00e3o Almeida, ktor\u00fd m\u00e1 len 22 rokov. Ak sa pozrieme aj na in\u00e9 klasifik\u00e1cie, tak pr\u00e1ve t\u00fa vrch\u00e1rsku vyhral pred Hartom Ruben Guerreiro, ktor\u00fd m\u00e1 26 rokov a\u00a0doposia\u013e nezaznamenal in\u00e9 profesion\u00e1lne v\u00ed\u0165azstvo. Obdobne aj Filippo Ganna vo veku 24 rokov s\u00a0\u00fa\u017easnou sez\u00f3nou nielen na Gire.<\/p>\n<lite-youtube videoid=0JEwFP7oeOQ params=\"enablejsapi=1\" style=\"background-image: url('https:\/\/i.ytimg.com\/vi_webp\/0JEwFP7oeOQ\/maxresdefault.webp');\"><\/lite-youtube>\n<p>Samozrejme, je to mal\u00e1 vzorka, av\u0161ak s\u00a0ve\u013eavravn\u00fdmi d\u00f4kazmi. Zauj\u00edmav\u00e1 je skuto\u010dnos\u0165, \u017ee pr\u00e1ve t\u00edto popredn\u00ed mlad\u00ed pretek\u00e1ri maj\u00fa za sebou kr\u00e1tku hist\u00f3riu &#8211; Hindley je profesion\u00e1lom od roku 2016 (vo World Tour od 2018), Almeida dokonca od 2017 a\u00a0v\u00a0profipelot\u00f3ne oblieka dres Deceuninck-Quick Step e\u0161te len prv\u00fa sez\u00f3nu. Bude toto trend bud\u00facich rokov &#8211; <strong>\u00fastup teraj\u0161\u00edch tridsiatnikov a\u00a0siln\u00e1 gener\u00e1cia mlad\u00edkov<\/strong>? Nechajme sa prekvapi\u0165.<\/p>\n<h2><strong>Etapov\u00fdm v\u00ed\u0165azstv\u00e1m kra\u013eoval Ganna a\u00a0D\u00e9mare<\/strong><\/h2>\n<p>Okrem celkov\u00e9ho v\u00ed\u0165azstva s\u00fa vysoko hodnoten\u00e9 aj etapov\u00e9 prvenstv\u00e1. Ani v\u00a0tomto ro\u010dn\u00edku nebola n\u00fadza o\u00a0bojovn\u00e9 \u00faniky alebo \u0161print\u00e9rske fini\u0161e na hranici \u013eudsk\u00fdch s\u00edl. Napriek tomu to boli pr\u00e1ve \u0161tyria pretek\u00e1ri, ktor\u00ed si rozdelil v\u00e4\u010d\u0161inu vavr\u00ednov (celkovo 12). Ide o\u00a0vysok\u00fd pomer v\u00ed\u0165azstiev na jedn\u00e9ho pretek\u00e1ra, av\u0161ak v\u0161etko m\u00e1 svoj d\u00f4vod. Najviac ich teda z\u00edskal <strong>Filippo Ganna spolu s\u00a0Arnaudom D\u00e9marom<\/strong> &#8211; ka\u017ed\u00fd po \u0161tyroch. Prv\u00fd menovan\u00fd ovl\u00e1dol v\u0161etky individu\u00e1lne \u010dasovky (3), \u010do predpovedal aj fakt, \u017ee sa tento mlad\u00fd Talian stal pred nieko\u013ek\u00fdmi t\u00fd\u017ed\u0148ami majstrom sveta v\u00a0\u010dasovke. Naopak, 29-ro\u010dn\u00fd Franc\u00faz, si pri\u0161iel po v\u0161etky \u0161tyri v\u00ed\u0165azstv\u00e1 v\u00a0z\u00e1vere\u010dn\u00fdch \u0161printoch et\u00e1p, kedy sa mu podarilo porazi\u0165 Sagana celkovo trikr\u00e1t. Diego Ulissi s\u00a0dvomi v\u00fdhrami bol taktie\u017e s\u00faperom Sagana a\u00a0D\u00e9mara s\u00a0nemenej \u00factyhodn\u00fdmi v\u00fdkonmi. Nakoniec je potrebn\u00e9 spomen\u00fa\u0165 aj dve horsk\u00e9 v\u00ed\u0165azstva teraz u\u017e celkov\u00e9ho v\u00ed\u0165aza Gira, Tao Geoghegan Harta v\u00a0rozhoduj\u00facich etap\u00e1ch.<\/p>\n<lite-youtube videoid=jpm23W5CbtY params=\"enablejsapi=1\" style=\"background-image: url('https:\/\/i.ytimg.com\/vi_webp\/jpm23W5CbtY\/maxresdefault.webp');\"><\/lite-youtube>\n<h2><strong>Sagan nedosiahol na tentokr\u00e1t fialov\u00fd dres<\/strong><\/h2>\n<p>V\u00fdkony Petra Sagana s\u00fa v\u00a0poslednom obdob\u00ed interpretovan\u00e9 ako d\u00f4kazy jeho stagn\u00e1ci\u00ed, ak nie v\u00fdslovne regresi\u00ed. Jednoducho povedan\u00e9, mnoh\u00ed mu u\u017e neveria, \u017ee dok\u00e1\u017ee \u00faradova\u0165 s\u00a0niekdaj\u0161ou \u013eahkos\u0165ou. Na jeho debutovom Gire v\u0161ak dok\u00e1zal vyhra\u0165 10. etapu, kedy bol na tom \u201es\u00e1m\u201c &#8211; jeho snaha bola <strong>zav\u0155\u0161en\u00e1 s\u00f3lov\u00fdm \u00fanikom a\u017e na cie\u013eov\u00fa p\u00e1sku<\/strong>. To je pr\u00e1ve ten \u0161t\u00fdl, ktor\u00fd si pam\u00e4t\u00e1me aj napr\u00edklad z\u00a0Okolo Fl\u00e1mska \u010di Par\u00ed\u017e-Rubaix. Nane\u0161\u0165astie toto jedno v\u00ed\u0165azstvo v\u00a0kombin\u00e1cii s\u00a0\u010fal\u0161\u00edmi \u0161tyrmi druh\u00fdmi miestami nesta\u010dilo na v\u00fdborn\u00e9ho Arnauda D\u00e9mara. T\u00e1to skuto\u010dnos\u0165 ale e\u0161te ni\u010d nedokazuje. Zvl\u00e1\u0161tnos\u0165 tejto sez\u00f3ny vn\u00e1\u0161a do hodnotenia v\u00fdsledkov a\u00a0porovn\u00e1vania jednotliv\u00fdch cyklistov neistotu, ktor\u00fa len \u0165a\u017eko eliminova\u0165. In\u00fdmi slovami, Peter osl\u00e1vil 30. narodeniny. To znamen\u00e1, \u017ee o\u00a0konci kari\u00e9ry e\u0161te len \u0165a\u017eko hovori\u0165. Ver\u00edme v\u0161ak, \u017ee ak bude bud\u00faca sez\u00f3na prebieha\u0165 v\u00a0klasickom harmonograme, Sagana budeme na\u010falej v\u00eddava\u0165 v\u00a0\u0161printoch alebo na klasik\u00e1ch ako doteraz.<\/p>\n<p>https:\/\/www.youtube.com\/watch?v=0XmQVlzTFfs&#038;ab_channel=kompersor4 <\/p>\n<h2><strong>Nieko\u013eko \u0161tatist\u00edk nakoniec<\/strong><\/h2>\n<p>Giro vo svojich 21 etap\u00e1ch potr\u00e1pilo mnoh\u00fdch &#8211; <strong>medzi nimi bolo aj nieko\u013eko desiatok pretek\u00e1rov, ktor\u00ed to e\u0161te pred ukon\u010den\u00edm vzdali alebo boli n\u00faten\u00ed odst\u00fapi\u0165<\/strong>. Celkovo tak i\u0161lo o\u00a043 pretek\u00e1rov. Najviac ich bolo po\u010das desiatej etapy do Tortoreta (kde vyhral Peter Sagan) &#8211; celkovo a\u017e 16. Mimo toho zaujme aj zoznam \u201enajlep\u0161\u00edch najhor\u0161\u00edch\u201c v\u00fdsledkov v\u00a0etape. V\u00ed\u0165azom sa stal Jo\u00e3o Almeide s\u00a0najhor\u0161\u00edm v\u00fdsledkom na 28. mieste po\u010das 21 et\u00e1p &#8211; \u00factyhodn\u00e9. Ke\u010f u\u017e hovor\u00edme o\u00a0umiestnen\u00ed, ak\u00fa celkov\u00fa stratu mal pod\u013ea v\u00e1s posledn\u00fd mu\u017e po\u00a021 etape? Povestn\u00fd Maglia Nera (teda \u010dierny dres, ktor\u00fd sa v\u0161ak u\u017e neude\u013euje), z\u00edskal na 133. mieste Brit, Jonathan Dibben so stratou 6 hod\u00edn a\u00a0takmer 14 min\u00fat. Aj ke\u010f ide o\u00a0najhor\u0161\u00ed \u010das, asi takmer pre ka\u017ed\u00e9ho z\u00a0n\u00e1s by to bol nad\u013eudsk\u00fd v\u00fdkon.<\/p>\n<p>Tak a\u00a0\u010dak\u00e1 n\u00e1s u\u017e len posledn\u00e1 &#8211; La Vuelta. D\u00fafajme e\u0161te raz, \u017ee sa zaob\u00edde bez \u0165a\u017ekost\u00ed, ktor\u00e9 v\u00a0s\u00fa\u010dasnosti obmedzuj\u00fa aj n\u00e1s, oby\u010dajn\u00fdch smrte\u013en\u00edkov. My m\u00f4\u017eeme len veri\u0165, \u017ee <strong>Giro sa vr\u00e1ti aj o\u00a0rok a\u00a0to v\u00a0plnej par\u00e1de<\/strong>.<\/p>\n","protected":false},"excerpt":{"rendered":"<p>Po\u010das uplynul\u00e9ho v\u00edkendu sme boli svedkami \u010fal\u0161ej historickej chv\u00edle, kedy sa okt\u00f3brov\u00e9 Giro skon\u010dilo individu\u00e1lnou \u010dasovkou v\u00a0Mil\u00e1ne. Kto sa nakoniec [&hellip;]<\/p>\n","protected":false},"author":81,"featured_media":10947,"comment_status":"open","ping_status":"open","sticky":false,"template":"","format":"standard","meta":{"footnotes":""},"categories":[64,63],"tags":[150,227,115,1275,961,65,1274,46,885,256,1276,419,1273,269,1097],"global-categories":[1074],"class_list":["post-10941","post","type-post","status-publish","format-standard","has-post-thumbnail","hentry","category-giro-ditalia","category-grand-tour","tag-arnaud-demare","tag-casovka","tag-cestna-cyklistika","tag-diego-ulissi","tag-etapa","tag-giro-d-italia","tag-jonathan-dibben","tag-peter-sagan","tag-profesional","tag-sezona","tag-talian","tag-taliansko","tag-tao-geoghegan-hart","tag-vitaz","tag-vykon","global-categories-cycling"],"yoast_head":"<!-- This site is optimized with the Yoast SEO Premium plugin v25.3 (Yoast SEO v25.9) - https:\/\/yoast.com\/wordpress\/plugins\/seo\/ -->\n<title>Nap\u00ednav\u00fd s\u00faboj do poslednej etapy - Giro pozn\u00e1 svojho v\u00ed\u0165aza - \u0160koda We Love Cycling Slovensko<\/title>\n<meta name=\"robots\" content=\"index, follow, max-snippet:-1, max-image-preview:large, max-video-preview:-1\" \/>\n<link rel=\"canonical\" href=\"https:\/\/www.welovecycling.com\/sk\/2020\/10\/28\/napinavy-suboj-do-poslednej-etapy-giro-pozna-svojho-vitaza\/\" \/>\n<meta property=\"og:locale\" content=\"sk_SK\" \/>\n<meta property=\"og:type\" content=\"article\" \/>\n<meta property=\"og:title\" content=\"Nap\u00ednav\u00fd s\u00faboj do poslednej etapy - Giro pozn\u00e1 svojho v\u00ed\u0165aza\" \/>\n<meta property=\"og:description\" content=\"Po\u010das uplynul\u00e9ho v\u00edkendu sme boli svedkami \u010fal\u0161ej historickej chv\u00edle, kedy sa okt\u00f3brov\u00e9 Giro skon\u010dilo individu\u00e1lnou \u010dasovkou v\u00a0Mil\u00e1ne. Kto sa nakoniec [&hellip;]\" \/>\n<meta property=\"og:url\" content=\"https:\/\/www.welovecycling.com\/sk\/2020\/10\/28\/napinavy-suboj-do-poslednej-etapy-giro-pozna-svojho-vitaza\/\" \/>\n<meta property=\"og:site_name\" content=\"\u0160koda We Love Cycling Slovensko\" \/>\n<meta property=\"article:published_time\" content=\"2020-10-28T09:00:15+00:00\" \/>\n<meta property=\"og:image\" content=\"https:\/\/d2p6e6u75xmxt8.cloudfront.net\/4\/2020\/10\/Giro_00.webp\" \/>\n\t<meta property=\"og:image:width\" content=\"1380\" \/>\n\t<meta property=\"og:image:height\" content=\"600\" \/>\n\t<meta property=\"og:image:type\" content=\"image\/webp\" \/>\n<meta name=\"twitter:card\" content=\"summary_large_image\" \/>\n<meta name=\"twitter:label1\" content=\"Written by\" \/>\n\t<meta name=\"twitter:data1\" content=\"WeLoveCycling\" \/>\n\t<meta name=\"twitter:label2\" content=\"Est. reading time\" \/>\n\t<meta name=\"twitter:data2\" content=\"5\" \/>\n<script type=\"application\/ld+json\" class=\"yoast-schema-graph\">{\"@context\":\"https:\/\/schema.org\",\"@graph\":[{\"@type\":\"WebPage\",\"@id\":\"https:\/\/www.welovecycling.com\/sk\/2020\/10\/28\/napinavy-suboj-do-poslednej-etapy-giro-pozna-svojho-vitaza\/\",\"url\":\"https:\/\/www.welovecycling.com\/sk\/2020\/10\/28\/napinavy-suboj-do-poslednej-etapy-giro-pozna-svojho-vitaza\/\",\"name\":\"Nap\u00ednav\u00fd s\u00faboj do poslednej etapy - Giro pozn\u00e1 svojho v\u00ed\u0165aza - \u0160koda We Love Cycling Slovensko\",\"isPartOf\":{\"@id\":\"https:\/\/www.welovecycling.com\/sk\/#website\"},\"primaryImageOfPage\":{\"@id\":\"https:\/\/www.welovecycling.com\/sk\/2020\/10\/28\/napinavy-suboj-do-poslednej-etapy-giro-pozna-svojho-vitaza\/#primaryimage\"},\"image\":{\"@id\":\"https:\/\/www.welovecycling.com\/sk\/2020\/10\/28\/napinavy-suboj-do-poslednej-etapy-giro-pozna-svojho-vitaza\/#primaryimage\"},\"thumbnailUrl\":\"https:\/\/d2p6e6u75xmxt8.cloudfront.net\/4\/2020\/10\/Giro_00.webp\",\"datePublished\":\"2020-10-28T09:00:15+00:00\",\"author\":{\"@id\":\"\"},\"breadcrumb\":{\"@id\":\"https:\/\/www.welovecycling.com\/sk\/2020\/10\/28\/napinavy-suboj-do-poslednej-etapy-giro-pozna-svojho-vitaza\/#breadcrumb\"},\"inLanguage\":\"sk-SK\",\"potentialAction\":[{\"@type\":\"ReadAction\",\"target\":[\"https:\/\/www.welovecycling.com\/sk\/2020\/10\/28\/napinavy-suboj-do-poslednej-etapy-giro-pozna-svojho-vitaza\/\"]}]},{\"@type\":\"ImageObject\",\"inLanguage\":\"sk-SK\",\"@id\":\"https:\/\/www.welovecycling.com\/sk\/2020\/10\/28\/napinavy-suboj-do-poslednej-etapy-giro-pozna-svojho-vitaza\/#primaryimage\",\"url\":\"https:\/\/d2p6e6u75xmxt8.cloudfront.net\/4\/2020\/10\/Giro_00.webp\",\"contentUrl\":\"https:\/\/d2p6e6u75xmxt8.cloudfront.net\/4\/2020\/10\/Giro_00.webp\",\"width\":1380,\"height\":600},{\"@type\":\"BreadcrumbList\",\"@id\":\"https:\/\/www.welovecycling.com\/sk\/2020\/10\/28\/napinavy-suboj-do-poslednej-etapy-giro-pozna-svojho-vitaza\/#breadcrumb\",\"itemListElement\":[{\"@type\":\"ListItem\",\"position\":1,\"name\":\"Home\",\"item\":\"https:\/\/www.welovecycling.com\/sk\/\"},{\"@type\":\"ListItem\",\"position\":2,\"name\":\"Nap\u00ednav\u00fd s\u00faboj do poslednej etapy &#8211; Giro pozn\u00e1 svojho v\u00ed\u0165aza\"}]},{\"@type\":\"WebSite\",\"@id\":\"https:\/\/www.welovecycling.com\/sk\/#website\",\"url\":\"https:\/\/www.welovecycling.com\/sk\/\",\"name\":\"\u0160koda We Love Cycling Slovensko\",\"description\":\"\u0160koda We Love Cycling Slovensko je v\u00e1\u0161 ka\u017edodenn\u00fd zdroj noviniek a in\u0161pir\u00e1cie z sveta cyklistiky\",\"potentialAction\":[{\"@type\":\"SearchAction\",\"target\":{\"@type\":\"EntryPoint\",\"urlTemplate\":\"https:\/\/www.welovecycling.com\/sk\/?s={search_term_string}\"},\"query-input\":{\"@type\":\"PropertyValueSpecification\",\"valueRequired\":true,\"valueName\":\"search_term_string\"}}],\"inLanguage\":\"sk-SK\"},{\"@type\":\"Person\",\"@id\":\"\",\"url\":\"https:\/\/www.welovecycling.com\/sk\/author\/\"}]}<\/script>\n<!-- \/ Yoast SEO Premium plugin. -->","yoast_head_json":{"title":"Nap\u00ednav\u00fd s\u00faboj do poslednej etapy - Giro pozn\u00e1 svojho v\u00ed\u0165aza - \u0160koda We Love Cycling Slovensko","robots":{"index":"index","follow":"follow","max-snippet":"max-snippet:-1","max-image-preview":"max-image-preview:large","max-video-preview":"max-video-preview:-1"},"canonical":"https:\/\/www.welovecycling.com\/sk\/2020\/10\/28\/napinavy-suboj-do-poslednej-etapy-giro-pozna-svojho-vitaza\/","og_locale":"sk_SK","og_type":"article","og_title":"Nap\u00ednav\u00fd s\u00faboj do poslednej etapy - Giro pozn\u00e1 svojho v\u00ed\u0165aza","og_description":"Po\u010das uplynul\u00e9ho v\u00edkendu sme boli svedkami \u010fal\u0161ej historickej chv\u00edle, kedy sa okt\u00f3brov\u00e9 Giro skon\u010dilo individu\u00e1lnou \u010dasovkou v\u00a0Mil\u00e1ne. Kto sa nakoniec [&hellip;]","og_url":"https:\/\/www.welovecycling.com\/sk\/2020\/10\/28\/napinavy-suboj-do-poslednej-etapy-giro-pozna-svojho-vitaza\/","og_site_name":"\u0160koda We Love Cycling Slovensko","article_published_time":"2020-10-28T09:00:15+00:00","og_image":[{"width":1380,"height":600,"url":"https:\/\/d2p6e6u75xmxt8.cloudfront.net\/4\/2020\/10\/Giro_00.webp","type":"image\/webp"}],"twitter_card":"summary_large_image","twitter_misc":{"Written by":"WeLoveCycling","Est. reading time":"5"},"schema":{"@context":"https:\/\/schema.org","@graph":[{"@type":"WebPage","@id":"https:\/\/www.welovecycling.com\/sk\/2020\/10\/28\/napinavy-suboj-do-poslednej-etapy-giro-pozna-svojho-vitaza\/","url":"https:\/\/www.welovecycling.com\/sk\/2020\/10\/28\/napinavy-suboj-do-poslednej-etapy-giro-pozna-svojho-vitaza\/","name":"Nap\u00ednav\u00fd s\u00faboj do poslednej etapy - Giro pozn\u00e1 svojho v\u00ed\u0165aza - \u0160koda We Love Cycling Slovensko","isPartOf":{"@id":"https:\/\/www.welovecycling.com\/sk\/#website"},"primaryImageOfPage":{"@id":"https:\/\/www.welovecycling.com\/sk\/2020\/10\/28\/napinavy-suboj-do-poslednej-etapy-giro-pozna-svojho-vitaza\/#primaryimage"},"image":{"@id":"https:\/\/www.welovecycling.com\/sk\/2020\/10\/28\/napinavy-suboj-do-poslednej-etapy-giro-pozna-svojho-vitaza\/#primaryimage"},"thumbnailUrl":"https:\/\/d2p6e6u75xmxt8.cloudfront.net\/4\/2020\/10\/Giro_00.webp","datePublished":"2020-10-28T09:00:15+00:00","author":{"@id":""},"breadcrumb":{"@id":"https:\/\/www.welovecycling.com\/sk\/2020\/10\/28\/napinavy-suboj-do-poslednej-etapy-giro-pozna-svojho-vitaza\/#breadcrumb"},"inLanguage":"sk-SK","potentialAction":[{"@type":"ReadAction","target":["https:\/\/www.welovecycling.com\/sk\/2020\/10\/28\/napinavy-suboj-do-poslednej-etapy-giro-pozna-svojho-vitaza\/"]}]},{"@type":"ImageObject","inLanguage":"sk-SK","@id":"https:\/\/www.welovecycling.com\/sk\/2020\/10\/28\/napinavy-suboj-do-poslednej-etapy-giro-pozna-svojho-vitaza\/#primaryimage","url":"https:\/\/d2p6e6u75xmxt8.cloudfront.net\/4\/2020\/10\/Giro_00.webp","contentUrl":"https:\/\/d2p6e6u75xmxt8.cloudfront.net\/4\/2020\/10\/Giro_00.webp","width":1380,"height":600},{"@type":"BreadcrumbList","@id":"https:\/\/www.welovecycling.com\/sk\/2020\/10\/28\/napinavy-suboj-do-poslednej-etapy-giro-pozna-svojho-vitaza\/#breadcrumb","itemListElement":[{"@type":"ListItem","position":1,"name":"Home","item":"https:\/\/www.welovecycling.com\/sk\/"},{"@type":"ListItem","position":2,"name":"Nap\u00ednav\u00fd s\u00faboj do poslednej etapy &#8211; Giro pozn\u00e1 svojho v\u00ed\u0165aza"}]},{"@type":"WebSite","@id":"https:\/\/www.welovecycling.com\/sk\/#website","url":"https:\/\/www.welovecycling.com\/sk\/","name":"\u0160koda We Love Cycling Slovensko","description":"\u0160koda We Love Cycling Slovensko je v\u00e1\u0161 ka\u017edodenn\u00fd zdroj noviniek a in\u0161pir\u00e1cie z sveta cyklistiky","potentialAction":[{"@type":"SearchAction","target":{"@type":"EntryPoint","urlTemplate":"https:\/\/www.welovecycling.com\/sk\/?s={search_term_string}"},"query-input":{"@type":"PropertyValueSpecification","valueRequired":true,"valueName":"search_term_string"}}],"inLanguage":"sk-SK"},{"@type":"Person","@id":"","url":"https:\/\/www.welovecycling.com\/sk\/author\/"}]}},"_links":{"self":[{"href":"https:\/\/www.welovecycling.com\/sk\/wp-json\/wp\/v2\/posts\/10941","targetHints":{"allow":["GET"]}}],"collection":[{"href":"https:\/\/www.welovecycling.com\/sk\/wp-json\/wp\/v2\/posts"}],"about":[{"href":"https:\/\/www.welovecycling.com\/sk\/wp-json\/wp\/v2\/types\/post"}],"author":[{"embeddable":true,"href":"https:\/\/www.welovecycling.com\/sk\/wp-json\/wp\/v2\/users\/81"}],"replies":[{"embeddable":true,"href":"https:\/\/www.welovecycling.com\/sk\/wp-json\/wp\/v2\/comments?post=10941"}],"version-history":[{"count":2,"href":"https:\/\/www.welovecycling.com\/sk\/wp-json\/wp\/v2\/posts\/10941\/revisions"}],"predecessor-version":[{"id":10948,"href":"https:\/\/www.welovecycling.com\/sk\/wp-json\/wp\/v2\/posts\/10941\/revisions\/10948"}],"wp:featuredmedia":[{"embeddable":true,"href":"https:\/\/www.welovecycling.com\/sk\/wp-json\/wp\/v2\/media\/10947"}],"wp:attachment":[{"href":"https:\/\/www.welovecycling.com\/sk\/wp-json\/wp\/v2\/media?parent=10941"}],"wp:term":[{"taxonomy":"category","embeddable":true,"href":"https:\/\/www.welovecycling.com\/sk\/wp-json\/wp\/v2\/categories?post=10941"},{"taxonomy":"post_tag","embeddable":true,"href":"https:\/\/www.welovecycling.com\/sk\/wp-json\/wp\/v2\/tags?post=10941"},{"taxonomy":"global-categories","embeddable":true,"href":"https:\/\/www.welovecycling.com\/sk\/wp-json\/wp\/v2\/global-categories?post=10941"}],"curies":[{"name":"wp","href":"https:\/\/api.w.org\/{rel}","templated":true}]}}