{"id":10916,"date":"2020-10-21T10:00:10","date_gmt":"2020-10-21T08:00:10","guid":{"rendered":"https:\/\/www.welovecycling.com\/sk\/?p=10916"},"modified":"2023-04-13T12:51:44","modified_gmt":"2023-04-13T10:51:44","slug":"kto-vyhra-tohtorocnu-la-vueltu","status":"publish","type":"post","link":"https:\/\/www.welovecycling.com\/sk\/2020\/10\/21\/kto-vyhra-tohtorocnu-la-vueltu\/","title":{"rendered":"Kto vyhr\u00e1 tohtoro\u010dn\u00fa La Vuelta?"},"content":{"rendered":"<p><strong>Po\u010das Vuelty 2020 budeme svedkami dvoch paraleln\u00fdch pretekov &#8211; jazdci proti sebe a jazdci proti v\u00edrusu. To, \u010do sa stalo na Gire, ke\u010f museli dva cel\u00e9 t\u00edmy odst\u00fapi\u0165 kv\u00f4li pozit\u00edvnym testom na Covid-19 a \u010fal\u0161ie t\u00edmy a jazdci \u017eiadali o zastavenie pretekov, by malo by\u0165 v\u00fdstrahou pre v\u0161etk\u00fdch z\u00fa\u010dastnen\u00fdch na poslednej Grand Tour tohto roka. Navy\u0161e, vo v\u0161eobecnosti bola situ\u00e1cia s roz\u0161\u00edren\u00edm v\u00edrusu lep\u0161ia v Taliansku, ne\u017e je tomu v s\u00fa\u010dasnosti v \u0160panielsku. D\u00fafajme v\u0161ak, \u017ee Giro prinieslo organiz\u00e1torom viacer\u00e9 poznatky a rady, ako sa vyvarova\u0165 nebezpe\u010dn\u00fdm situ\u00e1ci\u00e1m. Preto ver\u00edme, \u017ee La Vuelta skon\u010d\u00ed \u00faspe\u0161ne z\u00e1vere\u010dnou etapou v Madride.<\/strong><\/p>\n<p><!--more--><\/p>\n<p>Pr\u00e1ve tieto \u201eskuto\u010dn\u00e9\u201c preteky boli <strong>skr\u00e1ten\u00e9 o tri etapy na s\u00fa\u010dasn\u00fdch 18<\/strong>. Navy\u0161e ich profil predznamen\u00e1va, \u017ee v\u00ed\u0165azn\u00fd jazdec bude patri\u0165 do kateg\u00f3rie vrch\u00e1rov. K tomu sa prid\u00e1va ja d\u00f4raz na \u010dasovku jednotlivcov po\u010das \u00favodn\u00e9ho d\u0148a tretieho t\u00fd\u017ed\u0148a podujatia. Av\u0161ak \u010das, ktor\u00fd niektor\u00fd z adeptov strat\u00ed v tejto kr\u00e1tkej etape, m\u00f4\u017ee \u201epo\u013eahky\u201c z\u00edska\u0165 v niektorom z \u0165a\u017ek\u00fdch st\u00fapan\u00ed. Napr\u00edklad aj v 17. etape na vrchole La Cotavilla.<\/p>\n<p>https:\/\/www.instagram.com\/p\/CGkMfnBD_b1\/<\/p>\n<p>Mnoho pozornosti bude najm\u00e4 na Chrisovi Froomovi a jeho t\u00edme Ineos Grenadiers. Ineos sa pok\u00fa\u0161al vyhra\u0165 ka\u017ed\u00fa z doteraj\u0161\u00edch dvoch Grand Tour, av\u0161ak v\u00fdsledky s\u00fa o \u010dosi pozadu pred t\u00fdm, \u010do sa od nich o\u010dak\u00e1valo. Aj preto m\u00f4\u017eeme od nich <strong>o\u010dak\u00e1va\u0165 maxim\u00e1lne \u00fasilie napravi\u0165 si reput\u00e1ciu<\/strong>.<\/p>\n<p>Ale na strane druhej, bud\u00fa skuto\u010dne motivovan\u00ed a\u017e do takej miery? S\u00fahlas\u00edme s Philippom Gilbertom a Seanom Kellym, ktor\u00ed pre Eurosport povedali svoje n\u00e1zory na formu Chrisa Frooma. T\u00e1 je pod\u013ea nich nedostato\u010dn\u00e1 na to, aby dok\u00e1zal vyhra\u0165 celkov\u00fa klasifik\u00e1ciu. <em>\u201eNemysl\u00edm si, \u017ee Froome je pripraven\u00fd na v\u00ed\u0165azstvo,\u201c<\/em> povedal Gilbert. <em>\u201eMysl\u00edm si, \u017ee \u013eudia zab\u00fadaj\u00fa na p\u00e1d, ktor\u00fd utrpel pred 18 mesiacmi. St\u00e1le sa domnievam, \u017ee je jeho \u00fa\u010das\u0165 na tak\u00fdchto prest\u00ed\u017enych pretekoch z\u00e1zrakom. Jedno je ist\u00e9, bude to pre\u0148ho ve\u013ek\u00e1 v\u00fdzva.\u201c<\/em><\/p>\n<p><em>\u201eNebude ma\u0165 dostatok \u010dasu alebo dostatok s\u00fa\u0165a\u017en\u00fdch dn\u00ed za sebou,\u201c<\/em> povedal Kelly. <em>\u201eAk by pretekal po\u010das cel\u00e9ho roka, mohol by by\u0165 pripraven\u00fd na postavenie sa na stupne v\u00ed\u0165azov na Vuelte, av\u0161ak to asi nie je pr\u00edpad tohto roku.\u201c<\/em><\/p>\n<p>Aj to je d\u00f4vod, pre\u010do je na \u0161tartovej listine Ineosu aj Richard Carapaz. Tento 27-ro\u010dn\u00fd rod\u00e1k z Bol\u00edvie vyhral Giro pred dvoma rokmi a na konci Tour de France (ke\u010f u\u017e bolo ist\u00e9, \u017ee Egan Bernal nezopakuje svoje v\u00ed\u0165azstvo z minul\u00e9ho roku) bola jeho forma presved\u010div\u00fdm znakom pripravenosti aj na vy\u0161\u0161ie ciele, ne\u017e len na etapov\u00e9 prvenstvo. Preto si mysl\u00edme, <strong>\u017ee tentokr\u00e1t to bude Froome, ktor\u00fd bude pom\u00e1ha\u0165 Carapazovi v horsk\u00fdch etap\u00e1ch<\/strong>, \u010do bude nakoniec aj ak\u00fdmsi posledn\u00fdm slovom Frooma v t\u00edme Ineos. To v\u0161etko po siedmych v\u00ed\u0165azstv\u00e1ch na Grand Tour, medzi ktor\u00e9 patria aj dve \u010derven\u00e9 dresy z Vuelty. Froome tak opust\u00ed Ineos na konci tohto roku a zarad\u00ed sa medzi jazdcov Israel Start-Up Nation v roku 2021.<\/p>\n<p>https:\/\/www.instagram.com\/p\/CGiNQNKpld-\/?utm_source=ig_web_copy_link<\/p>\n<p>Carapaz v\u0161ak bude ma\u0165 proti sebe nez\u00e1videniahodn\u00e9ho s\u00fapera, Primo\u017ea Rogli\u010da, ktor\u00fd v poslednej etape tohtoro\u010dnej Tour pri\u0161iel o celkov\u00e9 prvenstvo. Aj kv\u00f4li tomu bude Slovinec nanajv\u00fd\u0161 motivovan\u00fd k tomu, aby potvrdil svoju elitn\u00fa formu hodnotn\u00fdm v\u00ed\u0165azstvom. T\u00fdm bude m\u00f4c\u0165 vylie\u010di\u0165 rany, ktor\u00e9 mu priniesla prehra v 20. etape Tour, kedy pod\u013eahol krajanovi, Tadejovi Poga\u010darovi.<\/p>\n<p>Naviac, Rogli\u010d bude ma\u0165 po svojom boku aj Toma Dumoulina. Ten, spolu s Seppom Kussom &#8211; Ameri\u010danom s tvrd\u00fdm tempom a kamennou tv\u00e1rou, <strong>bude ur\u010dova\u0165 tempo v horsk\u00fdch etap\u00e1ch<\/strong>. Ak by nebolo Rogli\u010da, mo\u017eno by Tom pom\u00fd\u0161\u013eal aj na osobn\u00e9 z\u00e1ujmy a mo\u017eno aj top 5 v celkovej klasifik\u00e1cii. M\u00ednusom bude ur\u010dite absencia Wouta van Aerta, ktor\u00fd sa na Vuelte nepredstav\u00ed.<\/p>\n<figure id=\"attachment_10919\" aria-describedby=\"caption-attachment-10919\" style=\"width: 1024px\" class=\"wp-caption alignnone\"><a href=\"https:\/\/d2p6e6u75xmxt8.cloudfront.net\/2\/2020\/10\/Tom-Doumulin-profimedia-0558805165.jpg\"><img loading=\"lazy\" decoding=\"async\" class=\"size-large wp-image-10919\" src=\"https:\/\/d2p6e6u75xmxt8.cloudfront.net\/4\/2020\/10\/Tom-Doumulin-profimedia-0558805165-1024x724.jpg\" alt=\"Tom Doumulin\" width=\"1024\" height=\"724\" \/><\/a><figcaption id=\"caption-attachment-10919\" class=\"wp-caption-text\">Rogli\u010d bude ma\u0165 Dumoulina po svojom boku. \u00a9 Profimedia<\/figcaption><\/figure>\n<p>T\u00edto jazdci s\u00fa teda favoritmi na v\u00ed\u0165azstvo na Vuelte. Av\u0161ak na \u0161tartovej listine sa nach\u00e1dza aj nieko\u013eko mien, ktor\u00fdch nehodno opomen\u00fa\u0165. Patr\u00ed medzi nich aj franc\u00fazska dvojica, Thibaut Pinot a Guillaume Martin. Tak ako Rogli\u010d, aj Pinot si bude chcie\u0165 dok\u00e1za\u0165 svoje kvality. Ako 30-ro\u010dn\u00e9mu pretek\u00e1rovi s ve\u013emi n\u00e1chyln\u00fdm telom k zraneniam bude toto mo\u017eno aj jeho posledn\u00e1 mo\u017enos\u0165 vyhra\u0165 jednu z Grand Tour. Je dos\u0165 mo\u017en\u00e9, \u017ee sa to nestane, av\u0161ak aj p\u00f3dium by bolo zados\u0165u\u010dinen\u00edm.<\/p>\n<p>Guillaume Martin patril po\u010das v\u00e4\u010d\u0161ej \u010dasti Tour medzi favoritov pre celkov\u00e9 poradie na Tour, av\u0161ak v 12. etape sa nedok\u00e1zal udr\u017ea\u0165 s ostatn\u00fdmi a vo zvy\u0161ku Tour u\u017e len stagnoval na celkovom 11. mieste. To bolo s\u00fa\u010dasnej aj <strong>najlep\u0161ie umiestnenie t\u00edmu Cofidis od roku 2013<\/strong>. To m\u00f4\u017ee predznamen\u00e1va\u0165, \u017ee t\u00edm si bude veri\u0165 a mo\u017eno bude chcie\u0165 dok\u00e1za\u0165, \u017ee maj\u00fa aj naviac.<\/p>\n<p>Medzi ostatn\u00fdch vhodn\u00fdch pretek\u00e1rov patr\u00ed aj mlad\u00fd Enric Maes a jeho t\u00edmov\u00fd kolega, Alejandro Valverde. T\u00edto \u0160panieli z Movistaru s\u00fa akoby protikladmi &#8211; Enric m\u00e1 25 rokov, zatia\u013e \u010do Alejandro u\u017e neuverite\u013en\u00fdch 40. Pr\u00e1ve on vyhral Vueltu v roku 2009 a aj bodovaciu klasifik\u00e1ciu v roku 2018 (v svojich 38 rokoch!). Jeho podstatne mlad\u0161\u00ed kolega skon\u010dil druh\u00fd na Vuelte v rovnakom roku, kedy mal e\u0161te len 23 rokov. Na tohtoro\u010dnej Tour sa mu podarilo skvel\u00e9 piate miesto. Ak sa vyvaruje p\u00e1dom a zdravotn\u00fdm \u0165a\u017ekostiam, Mas by mohol by\u0165 ve\u013ek\u00fdm vyz\u00fdvate\u013eom.<\/p>\n<p><strong>Nech\u00e1me sa teda prekvapi\u0165!<\/strong><\/p>\n","protected":false},"excerpt":{"rendered":"<p>Po\u010das Vuelty 2020 budeme svedkami dvoch paraleln\u00fdch pretekov &#8211; jazdci proti sebe a jazdci proti v\u00edrusu. To, \u010do sa stalo [&hellip;]<\/p>\n","protected":false},"author":172,"featured_media":10921,"comment_status":"open","ping_status":"open","sticky":false,"template":"","format":"standard","meta":{"footnotes":""},"categories":[4],"tags":[491,115,1038,961,1271,170,974,256,251,1272,307,219],"global-categories":[],"class_list":["post-10916","post","type-post","status-publish","format-standard","has-post-thumbnail","hentry","category-cestna-cyklisitika","tag-alejandro-valverde","tag-cestna-cyklistika","tag-egan-bernal","tag-etapa","tag-la-vuelta-2020","tag-primoz-roglic","tag-richard-carapaz","tag-sezona","tag-spanielsko","tag-tadeji-pogocar","tag-tom-dumoulin","tag-vuelta-a-espana"],"yoast_head":"<!-- This site is optimized with the Yoast SEO Premium plugin v25.3 (Yoast SEO v25.9) - https:\/\/yoast.com\/wordpress\/plugins\/seo\/ -->\n<title>Kto vyhr\u00e1 tohtoro\u010dn\u00fa La Vuelta?<\/title>\n<meta name=\"description\" content=\"La Vuelta 2020 n\u00e1m naskytne poh\u013ead na dva paraleln\u00e9 preteky - jazdci proti sebe a jazdci proti v\u00edrusu. Ako to dopadne?\" \/>\n<meta name=\"robots\" content=\"index, follow, max-snippet:-1, max-image-preview:large, max-video-preview:-1\" \/>\n<link rel=\"canonical\" href=\"https:\/\/www.welovecycling.com\/sk\/2020\/10\/21\/kto-vyhra-tohtorocnu-la-vueltu\/\" \/>\n<meta property=\"og:locale\" content=\"sk_SK\" \/>\n<meta property=\"og:type\" content=\"article\" \/>\n<meta property=\"og:title\" content=\"Kto vyhr\u00e1 tohtoro\u010dn\u00fa La Vuelta?\" \/>\n<meta property=\"og:description\" content=\"La Vuelta 2020 n\u00e1m naskytne poh\u013ead na dva paraleln\u00e9 preteky - jazdci proti sebe a jazdci proti v\u00edrusu. Ako to dopadne?\" \/>\n<meta property=\"og:url\" content=\"https:\/\/www.welovecycling.com\/sk\/2020\/10\/21\/kto-vyhra-tohtorocnu-la-vueltu\/\" \/>\n<meta property=\"og:site_name\" content=\"\u0160koda We Love Cycling Slovensko\" \/>\n<meta property=\"article:published_time\" content=\"2020-10-21T08:00:10+00:00\" \/>\n<meta property=\"article:modified_time\" content=\"2023-04-13T10:51:44+00:00\" \/>\n<meta property=\"og:image\" content=\"https:\/\/d2p6e6u75xmxt8.cloudfront.net\/4\/2020\/10\/La-Vuelta-2020-profimedia-0564649145-CVR.webp\" \/>\n\t<meta property=\"og:image:width\" content=\"1366\" \/>\n\t<meta property=\"og:image:height\" content=\"600\" \/>\n\t<meta property=\"og:image:type\" content=\"image\/webp\" \/>\n<meta name=\"author\" content=\"dominika\" \/>\n<meta name=\"twitter:card\" content=\"summary_large_image\" \/>\n<meta name=\"twitter:label1\" content=\"Written by\" \/>\n\t<meta name=\"twitter:data1\" content=\"Siegfried Mortkowitz\" \/>\n\t<meta name=\"twitter:label2\" content=\"Est. reading time\" \/>\n\t<meta name=\"twitter:data2\" content=\"5\" \/>\n<script type=\"application\/ld+json\" class=\"yoast-schema-graph\">{\"@context\":\"https:\/\/schema.org\",\"@graph\":[{\"@type\":\"WebPage\",\"@id\":\"https:\/\/www.welovecycling.com\/sk\/2020\/10\/21\/kto-vyhra-tohtorocnu-la-vueltu\/\",\"url\":\"https:\/\/www.welovecycling.com\/sk\/2020\/10\/21\/kto-vyhra-tohtorocnu-la-vueltu\/\",\"name\":\"Kto vyhr\u00e1 tohtoro\u010dn\u00fa La Vuelta?\",\"isPartOf\":{\"@id\":\"https:\/\/www.welovecycling.com\/sk\/#website\"},\"primaryImageOfPage\":{\"@id\":\"https:\/\/www.welovecycling.com\/sk\/2020\/10\/21\/kto-vyhra-tohtorocnu-la-vueltu\/#primaryimage\"},\"image\":{\"@id\":\"https:\/\/www.welovecycling.com\/sk\/2020\/10\/21\/kto-vyhra-tohtorocnu-la-vueltu\/#primaryimage\"},\"thumbnailUrl\":\"https:\/\/d2p6e6u75xmxt8.cloudfront.net\/4\/2020\/10\/La-Vuelta-2020-profimedia-0564649145-CVR.webp\",\"datePublished\":\"2020-10-21T08:00:10+00:00\",\"dateModified\":\"2023-04-13T10:51:44+00:00\",\"author\":{\"@id\":\"https:\/\/www.welovecycling.com\/sk\/#\/schema\/person\/533b62b98b6c41bd5135ebfb1f742624\"},\"description\":\"La Vuelta 2020 n\u00e1m naskytne poh\u013ead na dva paraleln\u00e9 preteky - jazdci proti sebe a jazdci proti v\u00edrusu. Ako to dopadne?\",\"breadcrumb\":{\"@id\":\"https:\/\/www.welovecycling.com\/sk\/2020\/10\/21\/kto-vyhra-tohtorocnu-la-vueltu\/#breadcrumb\"},\"inLanguage\":\"sk-SK\",\"potentialAction\":[{\"@type\":\"ReadAction\",\"target\":[\"https:\/\/www.welovecycling.com\/sk\/2020\/10\/21\/kto-vyhra-tohtorocnu-la-vueltu\/\"]}]},{\"@type\":\"ImageObject\",\"inLanguage\":\"sk-SK\",\"@id\":\"https:\/\/www.welovecycling.com\/sk\/2020\/10\/21\/kto-vyhra-tohtorocnu-la-vueltu\/#primaryimage\",\"url\":\"https:\/\/d2p6e6u75xmxt8.cloudfront.net\/4\/2020\/10\/La-Vuelta-2020-profimedia-0564649145-CVR.webp\",\"contentUrl\":\"https:\/\/d2p6e6u75xmxt8.cloudfront.net\/4\/2020\/10\/La-Vuelta-2020-profimedia-0564649145-CVR.webp\",\"width\":1366,\"height\":600,\"caption\":\"La Vuelta 2020\"},{\"@type\":\"BreadcrumbList\",\"@id\":\"https:\/\/www.welovecycling.com\/sk\/2020\/10\/21\/kto-vyhra-tohtorocnu-la-vueltu\/#breadcrumb\",\"itemListElement\":[{\"@type\":\"ListItem\",\"position\":1,\"name\":\"Home\",\"item\":\"https:\/\/www.welovecycling.com\/sk\/\"},{\"@type\":\"ListItem\",\"position\":2,\"name\":\"Kto vyhr\u00e1 tohtoro\u010dn\u00fa La Vuelta?\"}]},{\"@type\":\"WebSite\",\"@id\":\"https:\/\/www.welovecycling.com\/sk\/#website\",\"url\":\"https:\/\/www.welovecycling.com\/sk\/\",\"name\":\"\u0160koda We Love Cycling Slovensko\",\"description\":\"\u0160koda We Love Cycling Slovensko je v\u00e1\u0161 ka\u017edodenn\u00fd zdroj noviniek a in\u0161pir\u00e1cie z sveta cyklistiky\",\"potentialAction\":[{\"@type\":\"SearchAction\",\"target\":{\"@type\":\"EntryPoint\",\"urlTemplate\":\"https:\/\/www.welovecycling.com\/sk\/?s={search_term_string}\"},\"query-input\":{\"@type\":\"PropertyValueSpecification\",\"valueRequired\":true,\"valueName\":\"search_term_string\"}}],\"inLanguage\":\"sk-SK\"},{\"@type\":\"Person\",\"@id\":\"https:\/\/www.welovecycling.com\/sk\/#\/schema\/person\/533b62b98b6c41bd5135ebfb1f742624\",\"name\":\"dominika\",\"image\":{\"@type\":\"ImageObject\",\"inLanguage\":\"sk-SK\",\"@id\":\"https:\/\/www.welovecycling.com\/sk\/#\/schema\/person\/image\/\",\"url\":\"https:\/\/secure.gravatar.com\/avatar\/ded6f274ba2ec3e17fff153f7d9d96a4b33c2cb63907f75d9a5309c599a7f3e6?s=96&d=mm&r=g\",\"contentUrl\":\"https:\/\/secure.gravatar.com\/avatar\/ded6f274ba2ec3e17fff153f7d9d96a4b33c2cb63907f75d9a5309c599a7f3e6?s=96&d=mm&r=g\",\"caption\":\"dominika\"},\"url\":\"https:\/\/www.welovecycling.com\/sk\/author\/dominika\/\"}]}<\/script>\n<!-- \/ Yoast SEO Premium plugin. -->","yoast_head_json":{"title":"Kto vyhr\u00e1 tohtoro\u010dn\u00fa La Vuelta?","description":"La Vuelta 2020 n\u00e1m naskytne poh\u013ead na dva paraleln\u00e9 preteky - jazdci proti sebe a jazdci proti v\u00edrusu. Ako to dopadne?","robots":{"index":"index","follow":"follow","max-snippet":"max-snippet:-1","max-image-preview":"max-image-preview:large","max-video-preview":"max-video-preview:-1"},"canonical":"https:\/\/www.welovecycling.com\/sk\/2020\/10\/21\/kto-vyhra-tohtorocnu-la-vueltu\/","og_locale":"sk_SK","og_type":"article","og_title":"Kto vyhr\u00e1 tohtoro\u010dn\u00fa La Vuelta?","og_description":"La Vuelta 2020 n\u00e1m naskytne poh\u013ead na dva paraleln\u00e9 preteky - jazdci proti sebe a jazdci proti v\u00edrusu. Ako to dopadne?","og_url":"https:\/\/www.welovecycling.com\/sk\/2020\/10\/21\/kto-vyhra-tohtorocnu-la-vueltu\/","og_site_name":"\u0160koda We Love Cycling Slovensko","article_published_time":"2020-10-21T08:00:10+00:00","article_modified_time":"2023-04-13T10:51:44+00:00","og_image":[{"width":1366,"height":600,"url":"https:\/\/d2p6e6u75xmxt8.cloudfront.net\/4\/2020\/10\/La-Vuelta-2020-profimedia-0564649145-CVR.webp","type":"image\/webp"}],"author":"dominika","twitter_card":"summary_large_image","twitter_misc":{"Written by":"Siegfried Mortkowitz","Est. reading time":"5"},"schema":{"@context":"https:\/\/schema.org","@graph":[{"@type":"WebPage","@id":"https:\/\/www.welovecycling.com\/sk\/2020\/10\/21\/kto-vyhra-tohtorocnu-la-vueltu\/","url":"https:\/\/www.welovecycling.com\/sk\/2020\/10\/21\/kto-vyhra-tohtorocnu-la-vueltu\/","name":"Kto vyhr\u00e1 tohtoro\u010dn\u00fa La Vuelta?","isPartOf":{"@id":"https:\/\/www.welovecycling.com\/sk\/#website"},"primaryImageOfPage":{"@id":"https:\/\/www.welovecycling.com\/sk\/2020\/10\/21\/kto-vyhra-tohtorocnu-la-vueltu\/#primaryimage"},"image":{"@id":"https:\/\/www.welovecycling.com\/sk\/2020\/10\/21\/kto-vyhra-tohtorocnu-la-vueltu\/#primaryimage"},"thumbnailUrl":"https:\/\/d2p6e6u75xmxt8.cloudfront.net\/4\/2020\/10\/La-Vuelta-2020-profimedia-0564649145-CVR.webp","datePublished":"2020-10-21T08:00:10+00:00","dateModified":"2023-04-13T10:51:44+00:00","author":{"@id":"https:\/\/www.welovecycling.com\/sk\/#\/schema\/person\/533b62b98b6c41bd5135ebfb1f742624"},"description":"La Vuelta 2020 n\u00e1m naskytne poh\u013ead na dva paraleln\u00e9 preteky - jazdci proti sebe a jazdci proti v\u00edrusu. Ako to dopadne?","breadcrumb":{"@id":"https:\/\/www.welovecycling.com\/sk\/2020\/10\/21\/kto-vyhra-tohtorocnu-la-vueltu\/#breadcrumb"},"inLanguage":"sk-SK","potentialAction":[{"@type":"ReadAction","target":["https:\/\/www.welovecycling.com\/sk\/2020\/10\/21\/kto-vyhra-tohtorocnu-la-vueltu\/"]}]},{"@type":"ImageObject","inLanguage":"sk-SK","@id":"https:\/\/www.welovecycling.com\/sk\/2020\/10\/21\/kto-vyhra-tohtorocnu-la-vueltu\/#primaryimage","url":"https:\/\/d2p6e6u75xmxt8.cloudfront.net\/4\/2020\/10\/La-Vuelta-2020-profimedia-0564649145-CVR.webp","contentUrl":"https:\/\/d2p6e6u75xmxt8.cloudfront.net\/4\/2020\/10\/La-Vuelta-2020-profimedia-0564649145-CVR.webp","width":1366,"height":600,"caption":"La Vuelta 2020"},{"@type":"BreadcrumbList","@id":"https:\/\/www.welovecycling.com\/sk\/2020\/10\/21\/kto-vyhra-tohtorocnu-la-vueltu\/#breadcrumb","itemListElement":[{"@type":"ListItem","position":1,"name":"Home","item":"https:\/\/www.welovecycling.com\/sk\/"},{"@type":"ListItem","position":2,"name":"Kto vyhr\u00e1 tohtoro\u010dn\u00fa La Vuelta?"}]},{"@type":"WebSite","@id":"https:\/\/www.welovecycling.com\/sk\/#website","url":"https:\/\/www.welovecycling.com\/sk\/","name":"\u0160koda We Love Cycling Slovensko","description":"\u0160koda We Love Cycling Slovensko je v\u00e1\u0161 ka\u017edodenn\u00fd zdroj noviniek a in\u0161pir\u00e1cie z sveta cyklistiky","potentialAction":[{"@type":"SearchAction","target":{"@type":"EntryPoint","urlTemplate":"https:\/\/www.welovecycling.com\/sk\/?s={search_term_string}"},"query-input":{"@type":"PropertyValueSpecification","valueRequired":true,"valueName":"search_term_string"}}],"inLanguage":"sk-SK"},{"@type":"Person","@id":"https:\/\/www.welovecycling.com\/sk\/#\/schema\/person\/533b62b98b6c41bd5135ebfb1f742624","name":"dominika","image":{"@type":"ImageObject","inLanguage":"sk-SK","@id":"https:\/\/www.welovecycling.com\/sk\/#\/schema\/person\/image\/","url":"https:\/\/secure.gravatar.com\/avatar\/ded6f274ba2ec3e17fff153f7d9d96a4b33c2cb63907f75d9a5309c599a7f3e6?s=96&d=mm&r=g","contentUrl":"https:\/\/secure.gravatar.com\/avatar\/ded6f274ba2ec3e17fff153f7d9d96a4b33c2cb63907f75d9a5309c599a7f3e6?s=96&d=mm&r=g","caption":"dominika"},"url":"https:\/\/www.welovecycling.com\/sk\/author\/dominika\/"}]}},"_links":{"self":[{"href":"https:\/\/www.welovecycling.com\/sk\/wp-json\/wp\/v2\/posts\/10916","targetHints":{"allow":["GET"]}}],"collection":[{"href":"https:\/\/www.welovecycling.com\/sk\/wp-json\/wp\/v2\/posts"}],"about":[{"href":"https:\/\/www.welovecycling.com\/sk\/wp-json\/wp\/v2\/types\/post"}],"author":[{"embeddable":true,"href":"https:\/\/www.welovecycling.com\/sk\/wp-json\/wp\/v2\/users\/172"}],"replies":[{"embeddable":true,"href":"https:\/\/www.welovecycling.com\/sk\/wp-json\/wp\/v2\/comments?post=10916"}],"version-history":[{"count":2,"href":"https:\/\/www.welovecycling.com\/sk\/wp-json\/wp\/v2\/posts\/10916\/revisions"}],"predecessor-version":[{"id":17133,"href":"https:\/\/www.welovecycling.com\/sk\/wp-json\/wp\/v2\/posts\/10916\/revisions\/17133"}],"wp:featuredmedia":[{"embeddable":true,"href":"https:\/\/www.welovecycling.com\/sk\/wp-json\/wp\/v2\/media\/10921"}],"wp:attachment":[{"href":"https:\/\/www.welovecycling.com\/sk\/wp-json\/wp\/v2\/media?parent=10916"}],"wp:term":[{"taxonomy":"category","embeddable":true,"href":"https:\/\/www.welovecycling.com\/sk\/wp-json\/wp\/v2\/categories?post=10916"},{"taxonomy":"post_tag","embeddable":true,"href":"https:\/\/www.welovecycling.com\/sk\/wp-json\/wp\/v2\/tags?post=10916"},{"taxonomy":"global-categories","embeddable":true,"href":"https:\/\/www.welovecycling.com\/sk\/wp-json\/wp\/v2\/global-categories?post=10916"}],"curies":[{"name":"wp","href":"https:\/\/api.w.org\/{rel}","templated":true}]}}