{"id":10906,"date":"2020-11-20T10:00:05","date_gmt":"2020-11-20T09:00:05","guid":{"rendered":"https:\/\/www.welovecycling.com\/sk\/?p=10906"},"modified":"2020-11-19T12:37:30","modified_gmt":"2020-11-19T11:37:30","slug":"preco-vsetky-ostatne-sporty-blednu-zavistou-pred-cyklistikou","status":"publish","type":"post","link":"https:\/\/www.welovecycling.com\/sk\/2020\/11\/20\/preco-vsetky-ostatne-sporty-blednu-zavistou-pred-cyklistikou\/","title":{"rendered":"Pre\u010do v\u0161etky ostatn\u00e9 \u0161porty bledn\u00fa z\u00e1vis\u0165ou pred cyklistikou?"},"content":{"rendered":"<p><strong>Ke\u010f som tento \u010dl\u00e1nok za\u010dal p\u00edsa\u0165, len p\u00e1r min\u00fat po tom, \u010do som pri\u0161iel do pr\u00e1ce na bicykli, mus\u00edm uzna\u0165, \u017ee cyklistika je najlep\u0161\u00edm \u0161portom zo v\u0161etk\u00fdch. Nemysl\u00edm t\u00fdm, \u017ee in\u00e9 \u0161porty s\u00fa zl\u00e9, len chcem poveda\u0165, \u017ee nie s\u00fa tak\u00e9 dobr\u00e9 ako cyklistika.<\/strong><\/p>\n<p><!--more--><\/p>\n<p>Po\u010das dne\u0161nej cesty do kancel\u00e1rie som pre\u0161iel okolo stoviek automobilov, tis\u00edcov chodcov, dvoch \u0161kolsk\u00fdch tried, zop\u00e1r \u013eud\u00ed ven\u010diacich svoje psy, nieko\u013ek\u00fdch rann\u00fdch be\u017ecov a &#8230; nespo\u010detn\u00e9ho mno\u017estva cyklistov. Boli to \u0161portov\u00ed nad\u0161enci na bicykloch z uhl\u00edkov\u00fdch vl\u00e1kien, kuri\u00e9ri na bicykloch, ktor\u00ed mali smie\u0161ne batohy podobn\u00e9 krabici, hipsteri na ru\u017eov\u00fdch bikesharingov\u00fdch bicykloch, jedna klasick\u00e1 d\u00e1ma s ko\u0161\u00edkom pripevnen\u00fdm vpredu a <strong>mnoho doch\u00e1dzaj\u00facich do pr\u00e1ce &#8211; rovnako ako ja<\/strong>.<\/p>\n<figure id=\"attachment_10907\" aria-describedby=\"caption-attachment-10907\" style=\"width: 1024px\" class=\"wp-caption alignnone\"><a href=\"https:\/\/d2p6e6u75xmxt8.cloudfront.net\/2\/2020\/09\/profimedia-0556850396.jpg\"><img loading=\"lazy\" decoding=\"async\" class=\"wp-image-10907 size-large\" src=\"https:\/\/d2p6e6u75xmxt8.cloudfront.net\/4\/2020\/10\/profimedia-0556850396-1024x638.jpg\" alt=\"Urban cycling\" width=\"1024\" height=\"638\" \/><\/a><figcaption id=\"caption-attachment-10907\" class=\"wp-caption-text\">Po ceste som pre\u0161iel okolo nespo\u010detn\u00e9ho mno\u017estva cyklistov.<\/figcaption><\/figure>\n<p>Nie je prekvapen\u00edm, \u017ee som v uliciach Prahy nena\u0161iel \u017eiadnych \u013eud\u00ed, ktor\u00ed by \u0161plhali po lane, venovali sa jachtingu, ps\u00edm z\u00e1prahom, \u010di kor\u010du\u013eovali. Ke\u010f\u017ee bicykel bol vyn\u00e1jden\u00fd pred stop\u00e4\u0165desiatimi rokmi, <strong>stala sa cyklistika jedn\u00fdm z najdostupnej\u0161\u00edch \u0161portov<\/strong>, ak\u00e9 si m\u00f4\u017eete zvoli\u0165, a d\u00f4vody s\u00fa celkom jasn\u00e9.<\/p>\n<p>Sotva existuje lep\u0161\u00ed d\u00f4kaz, ako porovnanie cyklistiky s in\u00fdmi popul\u00e1rnymi aktivitami. Predstavte si napr\u00edklad pl\u00e1vanie. Kond\u00edciu z\u00edskate t\u00fdm, \u017ee sa ka\u017ed\u00fd druh\u00fd de\u0148 namo\u010d\u00edte do vody, ale prostredie sa m\u00e1lokedy zmen\u00ed, pokia\u013e v\u00e1s neza\u010dne po\u010das tr\u00e9ningu prenasledova\u0165 \u0161ialen\u00e1 ka\u010dica. Hne\u010f od za\u010diatku ste \u00faplne mokr\u00ed, \u010do pri cyklistike neplat\u00ed, pokia\u013e nem\u00e1te na sebe smie\u0161ny batoh v tvare \u0161katule. M\u00f4\u017eete by\u0165 unaven\u00ed, straten\u00ed alebo dokonca \u00faplne neschopn\u00ed jazdy na bicykli, napriek tomu nikdy nezomriete len preto, \u017ee v\u00e1m v strede trasy do\u0161la energia, ako sa to m\u00f4\u017ee sta\u0165 po\u010das pl\u00e1vania uprostred jazera. Strata \u017eivota utopen\u00edm navy\u0161e nie je sp\u00f4sob, ak\u00fdm sa chcete rozl\u00fa\u010di\u0165 s t\u00fdmto svetom.<\/p>\n<p>Futbal, hokej, volejbal alebo basketbal s\u00fa vynikaj\u00face \u0161porty, mili\u00f3ny fan\u00fa\u0161ikov po celom svete ich sleduj\u00fa takmer rovnako zbo\u017ene, ako telev\u00edzne seri\u00e1ly. Aj ke\u010f je cyklistika \u0161port, <strong>ktor\u00fd je lep\u0161ie zdie\u013ea\u0165 s priate\u013emi<\/strong>. Ak v okol\u00ed n\u00e1hodou \u017eiadny nie je, st\u00e1le m\u00f4\u017eete nasko\u010di\u0165 na bicykel a \u00eds\u0165 von. Ako v\u0161ak chcete prihra\u0165 loptu, ak sa ocitnete sami uprostred futbalov\u00e9ho ihriska? Ako by ste mohli sk\u00f3rova\u0165, ak by tam nebol brank\u00e1r, ktor\u00fd by chytal?<\/p>\n<figure id=\"attachment_10908\" aria-describedby=\"caption-attachment-10908\" style=\"width: 1024px\" class=\"wp-caption alignnone\"><a href=\"https:\/\/d2p6e6u75xmxt8.cloudfront.net\/2\/2020\/09\/pexels-juan-salamanca-61143.jpg\"><img loading=\"lazy\" decoding=\"async\" class=\"wp-image-10908 size-large\" src=\"https:\/\/d2p6e6u75xmxt8.cloudfront.net\/4\/2020\/10\/pexels-juan-salamanca-61143-1024x682.jpg\" alt=\"Football field\" width=\"1024\" height=\"682\" \/><\/a><figcaption id=\"caption-attachment-10908\" class=\"wp-caption-text\">Ako v\u0161ak chcete prihra\u0165 loptu, ak sa ocitnete sami uprostred futbalov\u00e9ho ihriska?<\/figcaption><\/figure>\n<p>Beh je in\u00fd pr\u00edbeh. Je to takmer tak dobr\u00e9 ako bicyklovanie, <strong>preto\u017ee v\u00e1m umo\u017e\u0148uje presk\u00fama\u0165 r\u00f4zne \u010dasti mesta a krajiny<\/strong> alebo si len zabeha\u0165 okolo bloku, ak m\u00e1te chu\u0165, ale st\u00e1le m\u00e1 pr\u00edli\u0161 ve\u013ea nev\u00fdhod. Aj ke\u010f po\u010das st\u00fapania m\u00f4\u017eete svojmu telu da\u0165 riadne zabra\u0165 a vypoti\u0165 sa, akon\u00e1hle sa dostanete na vrchol, za tento boj neexistuje \u017eiadna odmena, v podobe jazdy dole. Ak so sebou nem\u00e1te bicykel, mus\u00edte iba pokra\u010dova\u0165 v behu, tentokr\u00e1t v\u0161ak s t\u00fdm, \u017ee va\u0161e chodidl\u00e1 dopadaj\u00fa na vozovku silnej\u0161ie, \u010do sp\u00f4sob\u00ed ni\u010div\u00e9 bolesti v bokoch, kolen\u00e1ch a \u010dlenkoch.<\/p>\n<p>Sme si dobre vedom\u00ed skuto\u010dnosti, \u017ee be\u017eeck\u00e1 obuv je jedinou potrebnou invest\u00edciou, ale mus\u00edme v\u00e1m pripomen\u00fa\u0165, \u017ee predv\u00e1dzanie sa na va\u0161om \u00faplne novom bicykli, ktor\u00fd st\u00e1l takmer to\u013eko ako \u0161portov\u00e9 auto, patr\u00ed k cyklistike <strong>rovnako ako prilby a ped\u00e1le<\/strong>. Ne\u0161\u0165astn\u00ed be\u017eci m\u00f4\u017eu vystavi\u0165 iba svoje ru\u017eov\u00e9 \u010delenky alebo kompresn\u00e9 pono\u017eky, a to je prinajmen\u0161om z poh\u013eadu snoba dos\u0165 smutn\u00e9.<\/p>\n<figure id=\"attachment_10909\" aria-describedby=\"caption-attachment-10909\" style=\"width: 1024px\" class=\"wp-caption alignnone\"><a href=\"https:\/\/d2p6e6u75xmxt8.cloudfront.net\/2\/2020\/09\/pexels-andrea-piacquadio-3763869.jpg\"><img loading=\"lazy\" decoding=\"async\" class=\"wp-image-10909 size-large\" src=\"https:\/\/d2p6e6u75xmxt8.cloudfront.net\/4\/2020\/10\/pexels-andrea-piacquadio-3763869-1024x682.jpg\" alt=\"Running shoes\" width=\"1024\" height=\"682\" \/><\/a><figcaption id=\"caption-attachment-10909\" class=\"wp-caption-text\">Sme si dobre vedom\u00ed skuto\u010dnosti, \u017ee be\u017eeck\u00e1 obuv je jedinou potrebnou invest\u00edciou.<\/figcaption><\/figure>\n<p>A potom je tu gymnastika. Aj ke\u010f je to kr\u00e1sna vec, \u0165a\u017eko si povieme: <em>\u201ePo\u010fme si u\u017ei\u0165 nejak\u00e9 to mlynsk\u00e9 koleso alebo zop\u00e1r kotrmelcov.\u201c<\/em> Bez neust\u00e1leho tr\u00e9ningu v posil\u0148ovni sa mo\u017eno nikdy ani nezdvihnete na hrazde &#8211; tak\u00fd n\u00e1ro\u010dn\u00fd je tento \u0161port. Pokia\u013e ste neza\u010dali vo veku piatich rokov a  nezorientovali v z\u00e1kladoch, va\u0161a lo\u010f nav\u017edy odpl\u00e1vala. Na rozdiel od gymnastiky je cyklistika \u0161port, <strong>s ktor\u00fdm m\u00f4\u017eete za\u010da\u0165 bez oh\u013eadu na vek<\/strong>. M\u00f4\u017eete namieta\u0165, \u017ee na MAMILov (mu\u017ei stredn\u00e9ho veku oble\u010den\u00ed v lycre) je z\u00e1bavn\u00fd poh\u013ead, ale napriek tomu si m\u00f4\u017eu u\u017ei\u0165 jazdu na bicykli, akon\u00e1hle ich nech\u00e1te na pokoji.<\/p>\n<p>Podobn\u00e9 nev\u00fdhody mo\u017eno n\u00e1js\u0165 v akomko\u013evek inom \u0161porte. Mohli by ste napr\u00edklad poveda\u0165: <em>\u201eNechajte ma \u010daka\u0165 s pizzou v ruke, a\u017e pok\u00fdm rieka zamrzne, aby som sa na nej mohol kor\u010du\u013eova\u0165,\u201c<\/em> alebo <em>\u201ePrekopem sa v\u010faka karate cez dav, aby som dostal obed,\u201c<\/em> ale m\u00f4\u017eete robi\u0165 oboje bez n\u00e1mahy v\u010faka jazde na bicykli.<\/p>\n<p>Cyklistika nie je len o tom, aby n\u00e1s pobavila alebo posl\u00fa\u017eila ako dopravn\u00fd prostriedok, ako sa napr\u00edklad dosta\u0165 na sch\u00f4dzku. M\u00f4\u017eete ju vidie\u0165 na olympi\u00e1de, majstrovstv\u00e1ch sveta, svetov\u00fdch poh\u00e1roch alebo ve\u013ekej Tour s mili\u00f3nmi div\u00e1kov sleduj\u00facich ka\u017ed\u00fa etapu. To v\u0161etko rob\u00ed z cyklistiky nepochybne <strong>najlep\u0161\u00ed \u0161port zo v\u0161etk\u00fdch<\/strong>.<\/p>\n","protected":false},"excerpt":{"rendered":"<p>Ke\u010f som tento \u010dl\u00e1nok za\u010dal p\u00edsa\u0165, len p\u00e1r min\u00fat po tom, \u010do som pri\u0161iel do pr\u00e1ce na bicykli, mus\u00edm uzna\u0165, [&hellip;]<\/p>\n","protected":false},"author":81,"featured_media":10911,"comment_status":"open","ping_status":"open","sticky":false,"template":"","format":"standard","meta":{"footnotes":""},"categories":[4],"tags":[1125,559,619,115,487,546,385,532,1195,813,614,183,161,623],"global-categories":[],"class_list":["post-10906","post","type-post","status-publish","format-standard","has-post-thumbnail","hentry","category-cestna-cyklisitika","tag-beh","tag-bicykel","tag-bicyklovanie","tag-cestna-cyklistika","tag-cestny-bicykel","tag-cyklistika","tag-do-prace-na-bicykli","tag-jazdenie","tag-plavanie","tag-sport","tag-urban","tag-zabava","tag-zdravie","tag-zdravy-zivotny-styl"],"yoast_head":"<!-- This site is optimized with the Yoast SEO Premium plugin v25.3 (Yoast SEO v25.9) - https:\/\/yoast.com\/wordpress\/plugins\/seo\/ -->\n<title>Pre\u010do v\u0161etky ostatn\u00e9 \u0161porty bledn\u00fa z\u00e1vis\u0165ou pred cyklistikou? - \u0160koda We Love Cycling Slovensko<\/title>\n<meta name=\"robots\" content=\"index, follow, max-snippet:-1, max-image-preview:large, max-video-preview:-1\" \/>\n<link rel=\"canonical\" href=\"https:\/\/www.welovecycling.com\/sk\/2020\/11\/20\/preco-vsetky-ostatne-sporty-blednu-zavistou-pred-cyklistikou\/\" \/>\n<meta property=\"og:locale\" content=\"sk_SK\" \/>\n<meta property=\"og:type\" content=\"article\" \/>\n<meta property=\"og:title\" content=\"Pre\u010do v\u0161etky ostatn\u00e9 \u0161porty bledn\u00fa z\u00e1vis\u0165ou pred cyklistikou?\" \/>\n<meta property=\"og:description\" content=\"Ke\u010f som tento \u010dl\u00e1nok za\u010dal p\u00edsa\u0165, len p\u00e1r min\u00fat po tom, \u010do som pri\u0161iel do pr\u00e1ce na bicykli, mus\u00edm uzna\u0165, [&hellip;]\" \/>\n<meta property=\"og:url\" content=\"https:\/\/www.welovecycling.com\/sk\/2020\/11\/20\/preco-vsetky-ostatne-sporty-blednu-zavistou-pred-cyklistikou\/\" \/>\n<meta property=\"og:site_name\" content=\"\u0160koda We Love Cycling Slovensko\" \/>\n<meta property=\"article:published_time\" content=\"2020-11-20T09:00:05+00:00\" \/>\n<meta property=\"og:image\" content=\"https:\/\/d2p6e6u75xmxt8.cloudfront.net\/4\/2020\/10\/Training-CVR-profimedia-0374757289.webp\" \/>\n\t<meta property=\"og:image:width\" content=\"1366\" \/>\n\t<meta property=\"og:image:height\" content=\"600\" \/>\n\t<meta property=\"og:image:type\" content=\"image\/webp\" \/>\n<meta name=\"twitter:card\" content=\"summary_large_image\" \/>\n<meta name=\"twitter:label1\" content=\"Written by\" \/>\n\t<meta name=\"twitter:data1\" content=\"Adam Marsal\" \/>\n\t<meta name=\"twitter:label2\" content=\"Est. reading time\" \/>\n\t<meta name=\"twitter:data2\" content=\"5\" \/>\n<script type=\"application\/ld+json\" class=\"yoast-schema-graph\">{\"@context\":\"https:\/\/schema.org\",\"@graph\":[{\"@type\":\"WebPage\",\"@id\":\"https:\/\/www.welovecycling.com\/sk\/2020\/11\/20\/preco-vsetky-ostatne-sporty-blednu-zavistou-pred-cyklistikou\/\",\"url\":\"https:\/\/www.welovecycling.com\/sk\/2020\/11\/20\/preco-vsetky-ostatne-sporty-blednu-zavistou-pred-cyklistikou\/\",\"name\":\"Pre\u010do v\u0161etky ostatn\u00e9 \u0161porty bledn\u00fa z\u00e1vis\u0165ou pred cyklistikou? - \u0160koda We Love Cycling Slovensko\",\"isPartOf\":{\"@id\":\"https:\/\/www.welovecycling.com\/sk\/#website\"},\"primaryImageOfPage\":{\"@id\":\"https:\/\/www.welovecycling.com\/sk\/2020\/11\/20\/preco-vsetky-ostatne-sporty-blednu-zavistou-pred-cyklistikou\/#primaryimage\"},\"image\":{\"@id\":\"https:\/\/www.welovecycling.com\/sk\/2020\/11\/20\/preco-vsetky-ostatne-sporty-blednu-zavistou-pred-cyklistikou\/#primaryimage\"},\"thumbnailUrl\":\"https:\/\/d2p6e6u75xmxt8.cloudfront.net\/4\/2020\/10\/Training-CVR-profimedia-0374757289.webp\",\"datePublished\":\"2020-11-20T09:00:05+00:00\",\"author\":{\"@id\":\"\"},\"breadcrumb\":{\"@id\":\"https:\/\/www.welovecycling.com\/sk\/2020\/11\/20\/preco-vsetky-ostatne-sporty-blednu-zavistou-pred-cyklistikou\/#breadcrumb\"},\"inLanguage\":\"sk-SK\",\"potentialAction\":[{\"@type\":\"ReadAction\",\"target\":[\"https:\/\/www.welovecycling.com\/sk\/2020\/11\/20\/preco-vsetky-ostatne-sporty-blednu-zavistou-pred-cyklistikou\/\"]}]},{\"@type\":\"ImageObject\",\"inLanguage\":\"sk-SK\",\"@id\":\"https:\/\/www.welovecycling.com\/sk\/2020\/11\/20\/preco-vsetky-ostatne-sporty-blednu-zavistou-pred-cyklistikou\/#primaryimage\",\"url\":\"https:\/\/d2p6e6u75xmxt8.cloudfront.net\/4\/2020\/10\/Training-CVR-profimedia-0374757289.webp\",\"contentUrl\":\"https:\/\/d2p6e6u75xmxt8.cloudfront.net\/4\/2020\/10\/Training-CVR-profimedia-0374757289.webp\",\"width\":1366,\"height\":600,\"caption\":\"Road Cycling\"},{\"@type\":\"BreadcrumbList\",\"@id\":\"https:\/\/www.welovecycling.com\/sk\/2020\/11\/20\/preco-vsetky-ostatne-sporty-blednu-zavistou-pred-cyklistikou\/#breadcrumb\",\"itemListElement\":[{\"@type\":\"ListItem\",\"position\":1,\"name\":\"Home\",\"item\":\"https:\/\/www.welovecycling.com\/sk\/\"},{\"@type\":\"ListItem\",\"position\":2,\"name\":\"Pre\u010do v\u0161etky ostatn\u00e9 \u0161porty bledn\u00fa z\u00e1vis\u0165ou pred cyklistikou?\"}]},{\"@type\":\"WebSite\",\"@id\":\"https:\/\/www.welovecycling.com\/sk\/#website\",\"url\":\"https:\/\/www.welovecycling.com\/sk\/\",\"name\":\"\u0160koda We Love Cycling Slovensko\",\"description\":\"\u0160koda We Love Cycling Slovensko je v\u00e1\u0161 ka\u017edodenn\u00fd zdroj noviniek a in\u0161pir\u00e1cie z sveta cyklistiky\",\"potentialAction\":[{\"@type\":\"SearchAction\",\"target\":{\"@type\":\"EntryPoint\",\"urlTemplate\":\"https:\/\/www.welovecycling.com\/sk\/?s={search_term_string}\"},\"query-input\":{\"@type\":\"PropertyValueSpecification\",\"valueRequired\":true,\"valueName\":\"search_term_string\"}}],\"inLanguage\":\"sk-SK\"},{\"@type\":\"Person\",\"@id\":\"\",\"url\":\"https:\/\/www.welovecycling.com\/sk\/author\/\"}]}<\/script>\n<!-- \/ Yoast SEO Premium plugin. -->","yoast_head_json":{"title":"Pre\u010do v\u0161etky ostatn\u00e9 \u0161porty bledn\u00fa z\u00e1vis\u0165ou pred cyklistikou? - \u0160koda We Love Cycling Slovensko","robots":{"index":"index","follow":"follow","max-snippet":"max-snippet:-1","max-image-preview":"max-image-preview:large","max-video-preview":"max-video-preview:-1"},"canonical":"https:\/\/www.welovecycling.com\/sk\/2020\/11\/20\/preco-vsetky-ostatne-sporty-blednu-zavistou-pred-cyklistikou\/","og_locale":"sk_SK","og_type":"article","og_title":"Pre\u010do v\u0161etky ostatn\u00e9 \u0161porty bledn\u00fa z\u00e1vis\u0165ou pred cyklistikou?","og_description":"Ke\u010f som tento \u010dl\u00e1nok za\u010dal p\u00edsa\u0165, len p\u00e1r min\u00fat po tom, \u010do som pri\u0161iel do pr\u00e1ce na bicykli, mus\u00edm uzna\u0165, [&hellip;]","og_url":"https:\/\/www.welovecycling.com\/sk\/2020\/11\/20\/preco-vsetky-ostatne-sporty-blednu-zavistou-pred-cyklistikou\/","og_site_name":"\u0160koda We Love Cycling Slovensko","article_published_time":"2020-11-20T09:00:05+00:00","og_image":[{"width":1366,"height":600,"url":"https:\/\/d2p6e6u75xmxt8.cloudfront.net\/4\/2020\/10\/Training-CVR-profimedia-0374757289.webp","type":"image\/webp"}],"twitter_card":"summary_large_image","twitter_misc":{"Written by":"Adam Marsal","Est. reading time":"5"},"schema":{"@context":"https:\/\/schema.org","@graph":[{"@type":"WebPage","@id":"https:\/\/www.welovecycling.com\/sk\/2020\/11\/20\/preco-vsetky-ostatne-sporty-blednu-zavistou-pred-cyklistikou\/","url":"https:\/\/www.welovecycling.com\/sk\/2020\/11\/20\/preco-vsetky-ostatne-sporty-blednu-zavistou-pred-cyklistikou\/","name":"Pre\u010do v\u0161etky ostatn\u00e9 \u0161porty bledn\u00fa z\u00e1vis\u0165ou pred cyklistikou? - \u0160koda We Love Cycling Slovensko","isPartOf":{"@id":"https:\/\/www.welovecycling.com\/sk\/#website"},"primaryImageOfPage":{"@id":"https:\/\/www.welovecycling.com\/sk\/2020\/11\/20\/preco-vsetky-ostatne-sporty-blednu-zavistou-pred-cyklistikou\/#primaryimage"},"image":{"@id":"https:\/\/www.welovecycling.com\/sk\/2020\/11\/20\/preco-vsetky-ostatne-sporty-blednu-zavistou-pred-cyklistikou\/#primaryimage"},"thumbnailUrl":"https:\/\/d2p6e6u75xmxt8.cloudfront.net\/4\/2020\/10\/Training-CVR-profimedia-0374757289.webp","datePublished":"2020-11-20T09:00:05+00:00","author":{"@id":""},"breadcrumb":{"@id":"https:\/\/www.welovecycling.com\/sk\/2020\/11\/20\/preco-vsetky-ostatne-sporty-blednu-zavistou-pred-cyklistikou\/#breadcrumb"},"inLanguage":"sk-SK","potentialAction":[{"@type":"ReadAction","target":["https:\/\/www.welovecycling.com\/sk\/2020\/11\/20\/preco-vsetky-ostatne-sporty-blednu-zavistou-pred-cyklistikou\/"]}]},{"@type":"ImageObject","inLanguage":"sk-SK","@id":"https:\/\/www.welovecycling.com\/sk\/2020\/11\/20\/preco-vsetky-ostatne-sporty-blednu-zavistou-pred-cyklistikou\/#primaryimage","url":"https:\/\/d2p6e6u75xmxt8.cloudfront.net\/4\/2020\/10\/Training-CVR-profimedia-0374757289.webp","contentUrl":"https:\/\/d2p6e6u75xmxt8.cloudfront.net\/4\/2020\/10\/Training-CVR-profimedia-0374757289.webp","width":1366,"height":600,"caption":"Road Cycling"},{"@type":"BreadcrumbList","@id":"https:\/\/www.welovecycling.com\/sk\/2020\/11\/20\/preco-vsetky-ostatne-sporty-blednu-zavistou-pred-cyklistikou\/#breadcrumb","itemListElement":[{"@type":"ListItem","position":1,"name":"Home","item":"https:\/\/www.welovecycling.com\/sk\/"},{"@type":"ListItem","position":2,"name":"Pre\u010do v\u0161etky ostatn\u00e9 \u0161porty bledn\u00fa z\u00e1vis\u0165ou pred cyklistikou?"}]},{"@type":"WebSite","@id":"https:\/\/www.welovecycling.com\/sk\/#website","url":"https:\/\/www.welovecycling.com\/sk\/","name":"\u0160koda We Love Cycling Slovensko","description":"\u0160koda We Love Cycling Slovensko je v\u00e1\u0161 ka\u017edodenn\u00fd zdroj noviniek a in\u0161pir\u00e1cie z sveta cyklistiky","potentialAction":[{"@type":"SearchAction","target":{"@type":"EntryPoint","urlTemplate":"https:\/\/www.welovecycling.com\/sk\/?s={search_term_string}"},"query-input":{"@type":"PropertyValueSpecification","valueRequired":true,"valueName":"search_term_string"}}],"inLanguage":"sk-SK"},{"@type":"Person","@id":"","url":"https:\/\/www.welovecycling.com\/sk\/author\/"}]}},"_links":{"self":[{"href":"https:\/\/www.welovecycling.com\/sk\/wp-json\/wp\/v2\/posts\/10906","targetHints":{"allow":["GET"]}}],"collection":[{"href":"https:\/\/www.welovecycling.com\/sk\/wp-json\/wp\/v2\/posts"}],"about":[{"href":"https:\/\/www.welovecycling.com\/sk\/wp-json\/wp\/v2\/types\/post"}],"author":[{"embeddable":true,"href":"https:\/\/www.welovecycling.com\/sk\/wp-json\/wp\/v2\/users\/81"}],"replies":[{"embeddable":true,"href":"https:\/\/www.welovecycling.com\/sk\/wp-json\/wp\/v2\/comments?post=10906"}],"version-history":[{"count":2,"href":"https:\/\/www.welovecycling.com\/sk\/wp-json\/wp\/v2\/posts\/10906\/revisions"}],"predecessor-version":[{"id":10914,"href":"https:\/\/www.welovecycling.com\/sk\/wp-json\/wp\/v2\/posts\/10906\/revisions\/10914"}],"wp:featuredmedia":[{"embeddable":true,"href":"https:\/\/www.welovecycling.com\/sk\/wp-json\/wp\/v2\/media\/10911"}],"wp:attachment":[{"href":"https:\/\/www.welovecycling.com\/sk\/wp-json\/wp\/v2\/media?parent=10906"}],"wp:term":[{"taxonomy":"category","embeddable":true,"href":"https:\/\/www.welovecycling.com\/sk\/wp-json\/wp\/v2\/categories?post=10906"},{"taxonomy":"post_tag","embeddable":true,"href":"https:\/\/www.welovecycling.com\/sk\/wp-json\/wp\/v2\/tags?post=10906"},{"taxonomy":"global-categories","embeddable":true,"href":"https:\/\/www.welovecycling.com\/sk\/wp-json\/wp\/v2\/global-categories?post=10906"}],"curies":[{"name":"wp","href":"https:\/\/api.w.org\/{rel}","templated":true}]}}