{"id":10895,"date":"2020-10-16T10:00:56","date_gmt":"2020-10-16T08:00:56","guid":{"rendered":"https:\/\/www.welovecycling.com\/sk\/?p=10895"},"modified":"2020-10-12T14:49:12","modified_gmt":"2020-10-12T12:49:12","slug":"tipy-na-jazdu-v-chladnejsom-pocasi","status":"publish","type":"post","link":"https:\/\/www.welovecycling.com\/sk\/2020\/10\/16\/tipy-na-jazdu-v-chladnejsom-pocasi\/","title":{"rendered":"Tipy na jazdu v\u00a0chladnej\u0161om po\u010das\u00ed"},"content":{"rendered":"<p><strong>Jese\u0148 je u\u017e v\u00a0plnom pr\u00fade a\u00a0mnoh\u00fdm u\u017e teraz ch\u00fdbaj\u00fa slne\u010dn\u00e9 l\u00fa\u010de a dlh\u00e9 letn\u00e9 ve\u010dery, kedy sa dalo jazdi\u0165 na bicykli do neskor\u00fdch ve\u010dern\u00fdch hod\u00edn. T\u00fdm \u010do nem\u00f4\u017eu sp\u00e1va\u0165 alebo chodia do pr\u00e1ce na bicykli zasa vyhovovalo, \u017ee u\u017e skoro r\u00e1no bolo svetlo a\u00a0hrialo po\u010das jazdy. Aj jese\u0148 m\u00e1 svoje \u010daro v\u00a0podobe kr\u00e1sne sfarben\u00fdch listov na stromoch \u010di v\u00f4ne dozrievaj\u00facich jab\u013ak.<\/strong><!--more--><\/p>\n<p>Mo\u017enosti, kedy vyrazi\u0165 na bicykel na jese\u0148 sa v\u0161ak zu\u017euj\u00fa dos\u0165 v\u00fdrazne. Polovicu t\u00fd\u017ed\u0148a pr\u0161\u00ed, t\u00fa druh\u00fa f\u00faka siln\u00fd vietor a\u00a0to bav\u00ed len t\u00fdch najodv\u00e1\u017enej\u0161\u00edch. Ak v\u0161ak patr\u00edte k\u00a0t\u00fdm, ktor\u00fdch len tak nie\u010do neodrad\u00ed, treba myslie\u0165 na to, <strong>\u017ee vonku je u\u017e chladnej\u0161ie a\u00a0mus\u00edte si vybra\u0165 spr\u00e1vne oble\u010denie<\/strong>. Po\u010fme si prejs\u0165, \u010do v\u0161etko by ste mali zaradi\u0165 do svojho \u0161atn\u00edka.<\/p>\n<h2><strong>Spodn\u00e1 vrstva<\/strong><\/h2>\n<p>Za\u010dnime pekne od tela. Kvalitn\u00e1 spodn\u00e1 vrstva je z\u00e1klad. Po prv\u00e9 preto, \u017ee prich\u00e1dza do styku s\u00a0poko\u017ekou a\u00a0chcete sa predsa c\u00edti\u0165 pr\u00edjemne. Nejak\u00e9 lacn\u00e9 umel\u00e9 vl\u00e1kna v\u00e1s m\u00f4\u017eu \u0161kraba\u0165, \u0165aha\u0165 a\u00a0pri t\u00fdch menej kvalitn\u00fdch k\u00faskoch sa napr\u00edklad v\u00f4bec neberie oh\u013ead na to, ako s\u00fa u\u0161it\u00e9 \u0161vy. Kto u\u017e za\u017eil pocit, ke\u010f ho dve hodiny tla\u010dil zle u\u0161it\u00fd kus oble\u010denia, vie o\u00a0\u010dom hovor\u00edme. Po druh\u00e9, spodn\u00e1 vrstva mus\u00ed plni\u0165 dve z\u00e1kladn\u00e9 funkcie, <strong>odv\u00e1dza\u0165 pot pre\u010d od tela, ale z\u00e1rove\u0148 telo udr\u017eiava\u0165 v\u00a0teple<\/strong>.<\/p>\n<figure id=\"attachment_10899\" aria-describedby=\"caption-attachment-10899\" style=\"width: 1200px\" class=\"wp-caption alignnone\"><a href=\"https:\/\/d2p6e6u75xmxt8.cloudfront.net\/4\/2020\/10\/Jazda-v-chladnejsom-pocasi_01.jpg\"><img loading=\"lazy\" decoding=\"async\" src=\"https:\/\/d2p6e6u75xmxt8.cloudfront.net\/4\/2020\/10\/Jazda-v-chladnejsom-pocasi_01.jpg\" alt=\"\" width=\"1200\" height=\"800\" class=\"size-full wp-image-10899\" \/><\/a><figcaption id=\"caption-attachment-10899\" class=\"wp-caption-text\">Foto: pixabay.com<br \/><\/figcaption><\/figure>\n<h2><strong>\u010eal\u0161ie vrstvy<\/strong><\/h2>\n<p>Ak u\u017e m\u00e1te na sebe oble\u010den\u00fd dobr\u00fd z\u00e1klad, m\u00f4\u017eete za\u010da\u0165 vrstvi\u0165 \u010fal\u0161ie oble\u010denie. V\u00a0z\u00e1vislosti od po\u010dasia bude sta\u010di\u0165 \u201cstredn\u00e1\u201d a\u00a0vrchn\u00e1 vrstva. Stredn\u00fa vrstvu m\u00f4\u017ee tvori\u0165 napr\u00edklad zateplen\u00fd dres a\u00a0nohavice. Ako vrchn\u00e1 vrstva nejak\u00e1 dobr\u00e1 bunda. Bundy do chladn\u00e9ho po\u010dasia u\u017e s\u00fa vo v\u00e4\u010d\u0161ine pr\u00edpadov vetruodoln\u00e9 a\u00a0\u010dasto aj vodeodoln\u00e9. Dajte v\u0161ak aj tu pozor na lacn\u00e9 produkty na trhu, ktor\u00e9 s\u00edce plnia tieto dve funkcie dokonale, ale ke\u010f neprepustia vietor ani vodu dnu na telo, \u010dasto ich neprepustia ani von. Potrebujete, aby bunda bola aj <strong>priedu\u0161n\u00e1 a\u00a0dovolila v\u00e1\u0161mu telu po\u010das jazdy na bicykli d\u00fdcha\u0165<\/strong>.<\/p>\n<h2><strong>Rukavice, n\u00e1vleky, \u010diapka<\/strong><\/h2>\n<p>Ruky, chodidl\u00e1 a\u00a0hlava s\u00fa najviac exponovan\u00e9 miesta. Ak si tieto neudr\u017e\u00edte v\u00a0teple, zbyto\u010dn\u00e9 bude v\u0161etko ostatn\u00e9 oble\u010denie. Po\u010das r\u00fdchlej jazdy vietor f\u00faka e\u0161te viac a\u00a0dobr\u00e9 rukavice s\u00fa na nezaplatenie. Potrebujete ma\u0165 predsa cit v\u00a0prstoch a\u00a0nie ich ma\u0165 tak skrehnut\u00e9, \u017ee nedok\u00e1\u017eete ani stla\u010di\u0165 brzdu. Tu v\u0161ak treba voli\u0165 <strong>\u0161peci\u00e1lne cyklorukavice, ktor\u00e9 maj\u00fa pogumovan\u00fa \u010das\u0165 na dlani<\/strong>, aby sa ne\u0161m\u00fdkali. Napriek tomu, \u017ee sa v\u00e1m nohy na ped\u00e1loch dostato\u010dne h\u00fdbu, a\u017e tak sa predsa len nezahrej\u00fa a n\u00e1vleky na tretry ur\u010dite ocen\u00edte. Ochr\u00e1nia v\u00e1s nielen pred zimou, ale aj pred striekaj\u00facou vodou a\u00a0blatom. No a\u00a0v\u00a0neposlednom rade si nezabudnite da\u0165 pod prilbu \u010diapku. Ve\u013ek\u00e9 mno\u017estvo tepla z\u00a0tela unik\u00e1 pr\u00e1ve cez hlavu, tak si ju udr\u017eujte v\u00a0teple.<\/p>\n<figure id=\"attachment_10900\" aria-describedby=\"caption-attachment-10900\" style=\"width: 1200px\" class=\"wp-caption alignnone\"><a href=\"https:\/\/d2p6e6u75xmxt8.cloudfront.net\/4\/2020\/10\/Jazda-v-chladnejsom-pocasi_02.jpg\"><img loading=\"lazy\" decoding=\"async\" src=\"https:\/\/d2p6e6u75xmxt8.cloudfront.net\/4\/2020\/10\/Jazda-v-chladnejsom-pocasi_02.jpg\" alt=\"\" width=\"1200\" height=\"800\" class=\"size-full wp-image-10900\" \/><\/a><figcaption id=\"caption-attachment-10900\" class=\"wp-caption-text\">Foto: pixabay.com<br \/><\/figcaption><\/figure>\n<h2><strong>Termof\u013ea\u0161a<\/strong><\/h2>\n<p>Klasick\u00e9 plastov\u00e9 f\u013ea\u0161e, ktor\u00e9 sme pou\u017e\u00edvali cel\u00e9 leto s\u00fa s\u00edce \u013eahk\u00e9 a\u00a0praktick\u00e9, ale n\u00e1poj v\u00a0nich r\u00fdchlo vychladne. A\u00a0napi\u0165 sa \u013eadov\u00e9ho n\u00e1poja, ke\u010f je vonku p\u00e1r stup\u0148ov a\u00a0vy ste rozhor\u00fa\u010den\u00ed a\u00a0spoten\u00ed, nie je pr\u00e1ve najlep\u0161\u00ed n\u00e1pad. Sk\u00faste poh\u013eada\u0165 na trhu nejak\u00fa termof\u013ea\u0161u a\u00a0hne\u010f na prvom v\u00fdjazde <strong>ocen\u00edte ten luxus, ke\u010f sa napijete pr\u00edjemne tepl\u00e9ho \u010daju<\/strong>. Existuj\u00fa \u0161peci\u00e1lne cyklistick\u00e9 termosky, ale m\u00f4\u017eete sk\u00fasi\u0165 poh\u013eada\u0165 aj v\u00a0predajni dom\u00e1cich potrieb, \u010di nen\u00e1jdete aj nejak\u00fa in\u00fa f\u013ea\u0161u, ktor\u00fa zmest\u00edte do ko\u0161\u00edka. D\u00f4le\u017eit\u00e9 je, aby mala dvojit\u00e9 steny, v\u010faka \u010domu udr\u017e\u00ed teplo dlh\u0161ie.<\/p>\n<h2><strong>Osvetlenie<\/strong><\/h2>\n<p>Nezab\u00fadajte ani dobr\u00e9 osvetlenie, r\u00e1no a\u00a0ve\u010der u\u017e b\u00fdva skoro tma a\u00a0napriek tomu, \u017ee vy e\u0161te vid\u00edte na cestu, myslite na svoju bezpe\u010dnos\u0165. Z\u00a0auta, pri slab\u0161ej vidite\u013enosti, cyklista a\u017e tak dobre vidite\u013en\u00fd nie je. Pritom posta\u010d\u00ed jedno kvalitn\u00e9 svetlo vpredu a\u00a0jedno vzadu. Aj tu v\u0161ak treba prihliadnu\u0165 na kvalitu, lebo r\u00f4zne p\u00e1r eurov\u00e9 pogumovan\u00e9 svetielka s\u00fa s\u00edce lep\u0161ie ako ni\u010d, ale predsa len svetl\u00e1 s\u00a0poriadnou vidite\u013enos\u0165ou v\u00e1m urobia lep\u0161iu slu\u017ebu. <strong>Ide predsa o\u00a0va\u0161u bezpe\u010dnos\u0165.<\/strong><\/p>\n<figure id=\"attachment_10901\" aria-describedby=\"caption-attachment-10901\" style=\"width: 1200px\" class=\"wp-caption alignnone\"><a href=\"https:\/\/d2p6e6u75xmxt8.cloudfront.net\/4\/2020\/10\/Jazda-v-chladnejsom-pocasi_03.jpg\"><img loading=\"lazy\" decoding=\"async\" src=\"https:\/\/d2p6e6u75xmxt8.cloudfront.net\/4\/2020\/10\/Jazda-v-chladnejsom-pocasi_03.jpg\" alt=\"\" width=\"1200\" height=\"800\" class=\"size-full wp-image-10901\" \/><\/a><figcaption id=\"caption-attachment-10901\" class=\"wp-caption-text\">Foto: pixabay.com<br \/><\/figcaption><\/figure>\n<h2><strong>Krat\u0161ie v\u00fdjazdy<\/strong><\/h2>\n<p>V\u00a0neposlednom rade si treba odpusti\u0165 dlh\u00e9 nieko\u013ekohodinov\u00e9 v\u00fdjazdy a\u00a0je jedno \u010di jazd\u00edte cestn\u00fd alebo horsk\u00fd bicykel. Na jese\u0148 sa po\u010dasie m\u00f4\u017ee r\u00fdchlo zmeni\u0165 a\u00a0pr\u00edpadn\u00e9 zmoknutie m\u00f4\u017ee ma\u0165 nepr\u00edjemn\u00e9 n\u00e1sledky. U\u017e sa nem\u00f4\u017eete spolieha\u0165 na to, \u017ee po da\u017edi vyjde slnko a\u00a0o chv\u00ed\u013eu v\u00e1s vysu\u0161\u00ed, podobne ako v\u00a0lete. Zmoknutie na jese\u0148 a\u00a0pr\u00edpadn\u00e9 of\u00faknutie studen\u00fdm vetrom v\u00e1s m\u00f4\u017ee posla\u0165 na nieko\u013eko t\u00fd\u017ed\u0148ov do postele s nepr\u00edjemn\u00fdm z\u00e1palom p\u013e\u00fac.<\/p>\n<p>Napriek nepriazniv\u00e9mu po\u010dasiu v\u0161ak neprest\u00e1vajte \u0161portova\u0165 a\u00a0ma\u0165 rados\u0165 z\u00a0pohybu. Ak sa pre blato a\u00a0vodu na cest\u00e1ch ned\u00e1 \u00eds\u0165 na bicykel, za\u010dnite napr\u00edklad beha\u0165. <strong>Pohyb na \u010derstvom vzduchu sa odpor\u00fa\u010da v\u00a0ka\u017edom po\u010das\u00ed<\/strong> a\u00a0ur\u010dite prospeje v\u00e1\u0161mu zdraviu a\u00a0podpor\u00ed imunitu. Nezabudnite sa ale spr\u00e1vne obliec\u0165 a\u00a0neprece\u0148ujte svoje sily. Nezab\u00fadajte na t\u00fa star\u00fa dobr\u00fa pravdu, \u017ee neexistuje zl\u00e9 po\u010dasie, len zle oble\u010den\u00fd \u0161portovec.<\/p>\n<p>Zdroj titulnej fotografie: pexels.com<\/p>\n","protected":false},"excerpt":{"rendered":"<p>Jese\u0148 je u\u017e v\u00a0plnom pr\u00fade a\u00a0mnoh\u00fdm u\u017e teraz ch\u00fdbaj\u00fa slne\u010dn\u00e9 l\u00fa\u010de a dlh\u00e9 letn\u00e9 ve\u010dery, kedy sa dalo jazdi\u0165 na [&hellip;]<\/p>\n","protected":false},"author":81,"featured_media":10898,"comment_status":"open","ping_status":"open","sticky":false,"template":"","format":"standard","meta":{"footnotes":""},"categories":[191],"tags":[62,619,115,333,546,618,347,180,286,285,954,265,318,161,623,317],"global-categories":[1074],"class_list":["post-10895","post","type-post","status-publish","format-standard","has-post-thumbnail","hentry","category-odporucame","tag-bezpecnost","tag-bicyklovanie","tag-cestna-cyklistika","tag-chlad","tag-cyklistika","tag-dazd","tag-flasa","tag-horska-cyklistika","tag-jesen","tag-oblecenie","tag-pocasie","tag-svetlo","tag-vyjazd","tag-zdravie","tag-zdravy-zivotny-styl","tag-zima","global-categories-cycling"],"yoast_head":"<!-- This site is optimized with the Yoast SEO Premium plugin v25.3 (Yoast SEO v25.9) - https:\/\/yoast.com\/wordpress\/plugins\/seo\/ -->\n<title>Tipy na jazdu v\u00a0chladnej\u0161om po\u010das\u00ed - \u0160koda We Love Cycling Slovensko<\/title>\n<meta name=\"robots\" content=\"index, follow, max-snippet:-1, max-image-preview:large, max-video-preview:-1\" \/>\n<link rel=\"canonical\" href=\"https:\/\/www.welovecycling.com\/sk\/2020\/10\/16\/tipy-na-jazdu-v-chladnejsom-pocasi\/\" \/>\n<meta property=\"og:locale\" content=\"sk_SK\" \/>\n<meta property=\"og:type\" content=\"article\" \/>\n<meta property=\"og:title\" content=\"Tipy na jazdu v\u00a0chladnej\u0161om po\u010das\u00ed\" \/>\n<meta property=\"og:description\" content=\"Jese\u0148 je u\u017e v\u00a0plnom pr\u00fade a\u00a0mnoh\u00fdm u\u017e teraz ch\u00fdbaj\u00fa slne\u010dn\u00e9 l\u00fa\u010de a dlh\u00e9 letn\u00e9 ve\u010dery, kedy sa dalo jazdi\u0165 na [&hellip;]\" \/>\n<meta property=\"og:url\" content=\"https:\/\/www.welovecycling.com\/sk\/2020\/10\/16\/tipy-na-jazdu-v-chladnejsom-pocasi\/\" \/>\n<meta property=\"og:site_name\" content=\"\u0160koda We Love Cycling Slovensko\" \/>\n<meta property=\"article:published_time\" content=\"2020-10-16T08:00:56+00:00\" \/>\n<meta property=\"og:image\" content=\"https:\/\/d2p6e6u75xmxt8.cloudfront.net\/4\/2020\/10\/Jazda-v-chladnejsom-pocasi_00.webp\" \/>\n\t<meta property=\"og:image:width\" content=\"1380\" \/>\n\t<meta property=\"og:image:height\" content=\"600\" \/>\n\t<meta property=\"og:image:type\" content=\"image\/webp\" \/>\n<meta name=\"twitter:card\" content=\"summary_large_image\" \/>\n<meta name=\"twitter:label1\" content=\"Written by\" \/>\n\t<meta name=\"twitter:data1\" content=\"Radovan Vr\u0161ka\" \/>\n\t<meta name=\"twitter:label2\" content=\"Est. reading time\" \/>\n\t<meta name=\"twitter:data2\" content=\"4\" \/>\n<script type=\"application\/ld+json\" class=\"yoast-schema-graph\">{\"@context\":\"https:\/\/schema.org\",\"@graph\":[{\"@type\":\"WebPage\",\"@id\":\"https:\/\/www.welovecycling.com\/sk\/2020\/10\/16\/tipy-na-jazdu-v-chladnejsom-pocasi\/\",\"url\":\"https:\/\/www.welovecycling.com\/sk\/2020\/10\/16\/tipy-na-jazdu-v-chladnejsom-pocasi\/\",\"name\":\"Tipy na jazdu v\u00a0chladnej\u0161om po\u010das\u00ed - \u0160koda We Love Cycling Slovensko\",\"isPartOf\":{\"@id\":\"https:\/\/www.welovecycling.com\/sk\/#website\"},\"primaryImageOfPage\":{\"@id\":\"https:\/\/www.welovecycling.com\/sk\/2020\/10\/16\/tipy-na-jazdu-v-chladnejsom-pocasi\/#primaryimage\"},\"image\":{\"@id\":\"https:\/\/www.welovecycling.com\/sk\/2020\/10\/16\/tipy-na-jazdu-v-chladnejsom-pocasi\/#primaryimage\"},\"thumbnailUrl\":\"https:\/\/d2p6e6u75xmxt8.cloudfront.net\/4\/2020\/10\/Jazda-v-chladnejsom-pocasi_00.webp\",\"datePublished\":\"2020-10-16T08:00:56+00:00\",\"author\":{\"@id\":\"\"},\"breadcrumb\":{\"@id\":\"https:\/\/www.welovecycling.com\/sk\/2020\/10\/16\/tipy-na-jazdu-v-chladnejsom-pocasi\/#breadcrumb\"},\"inLanguage\":\"sk-SK\",\"potentialAction\":[{\"@type\":\"ReadAction\",\"target\":[\"https:\/\/www.welovecycling.com\/sk\/2020\/10\/16\/tipy-na-jazdu-v-chladnejsom-pocasi\/\"]}]},{\"@type\":\"ImageObject\",\"inLanguage\":\"sk-SK\",\"@id\":\"https:\/\/www.welovecycling.com\/sk\/2020\/10\/16\/tipy-na-jazdu-v-chladnejsom-pocasi\/#primaryimage\",\"url\":\"https:\/\/d2p6e6u75xmxt8.cloudfront.net\/4\/2020\/10\/Jazda-v-chladnejsom-pocasi_00.webp\",\"contentUrl\":\"https:\/\/d2p6e6u75xmxt8.cloudfront.net\/4\/2020\/10\/Jazda-v-chladnejsom-pocasi_00.webp\",\"width\":1380,\"height\":600,\"caption\":\"pexels.com\"},{\"@type\":\"BreadcrumbList\",\"@id\":\"https:\/\/www.welovecycling.com\/sk\/2020\/10\/16\/tipy-na-jazdu-v-chladnejsom-pocasi\/#breadcrumb\",\"itemListElement\":[{\"@type\":\"ListItem\",\"position\":1,\"name\":\"Home\",\"item\":\"https:\/\/www.welovecycling.com\/sk\/\"},{\"@type\":\"ListItem\",\"position\":2,\"name\":\"Tipy na jazdu v\u00a0chladnej\u0161om po\u010das\u00ed\"}]},{\"@type\":\"WebSite\",\"@id\":\"https:\/\/www.welovecycling.com\/sk\/#website\",\"url\":\"https:\/\/www.welovecycling.com\/sk\/\",\"name\":\"\u0160koda We Love Cycling Slovensko\",\"description\":\"\u0160koda We Love Cycling Slovensko je v\u00e1\u0161 ka\u017edodenn\u00fd zdroj noviniek a in\u0161pir\u00e1cie z sveta cyklistiky\",\"potentialAction\":[{\"@type\":\"SearchAction\",\"target\":{\"@type\":\"EntryPoint\",\"urlTemplate\":\"https:\/\/www.welovecycling.com\/sk\/?s={search_term_string}\"},\"query-input\":{\"@type\":\"PropertyValueSpecification\",\"valueRequired\":true,\"valueName\":\"search_term_string\"}}],\"inLanguage\":\"sk-SK\"},{\"@type\":\"Person\",\"@id\":\"\",\"url\":\"https:\/\/www.welovecycling.com\/sk\/author\/\"}]}<\/script>\n<!-- \/ Yoast SEO Premium plugin. -->","yoast_head_json":{"title":"Tipy na jazdu v\u00a0chladnej\u0161om po\u010das\u00ed - \u0160koda We Love Cycling Slovensko","robots":{"index":"index","follow":"follow","max-snippet":"max-snippet:-1","max-image-preview":"max-image-preview:large","max-video-preview":"max-video-preview:-1"},"canonical":"https:\/\/www.welovecycling.com\/sk\/2020\/10\/16\/tipy-na-jazdu-v-chladnejsom-pocasi\/","og_locale":"sk_SK","og_type":"article","og_title":"Tipy na jazdu v\u00a0chladnej\u0161om po\u010das\u00ed","og_description":"Jese\u0148 je u\u017e v\u00a0plnom pr\u00fade a\u00a0mnoh\u00fdm u\u017e teraz ch\u00fdbaj\u00fa slne\u010dn\u00e9 l\u00fa\u010de a dlh\u00e9 letn\u00e9 ve\u010dery, kedy sa dalo jazdi\u0165 na [&hellip;]","og_url":"https:\/\/www.welovecycling.com\/sk\/2020\/10\/16\/tipy-na-jazdu-v-chladnejsom-pocasi\/","og_site_name":"\u0160koda We Love Cycling Slovensko","article_published_time":"2020-10-16T08:00:56+00:00","og_image":[{"width":1380,"height":600,"url":"https:\/\/d2p6e6u75xmxt8.cloudfront.net\/4\/2020\/10\/Jazda-v-chladnejsom-pocasi_00.webp","type":"image\/webp"}],"twitter_card":"summary_large_image","twitter_misc":{"Written by":"Radovan Vr\u0161ka","Est. reading time":"4"},"schema":{"@context":"https:\/\/schema.org","@graph":[{"@type":"WebPage","@id":"https:\/\/www.welovecycling.com\/sk\/2020\/10\/16\/tipy-na-jazdu-v-chladnejsom-pocasi\/","url":"https:\/\/www.welovecycling.com\/sk\/2020\/10\/16\/tipy-na-jazdu-v-chladnejsom-pocasi\/","name":"Tipy na jazdu v\u00a0chladnej\u0161om po\u010das\u00ed - \u0160koda We Love Cycling Slovensko","isPartOf":{"@id":"https:\/\/www.welovecycling.com\/sk\/#website"},"primaryImageOfPage":{"@id":"https:\/\/www.welovecycling.com\/sk\/2020\/10\/16\/tipy-na-jazdu-v-chladnejsom-pocasi\/#primaryimage"},"image":{"@id":"https:\/\/www.welovecycling.com\/sk\/2020\/10\/16\/tipy-na-jazdu-v-chladnejsom-pocasi\/#primaryimage"},"thumbnailUrl":"https:\/\/d2p6e6u75xmxt8.cloudfront.net\/4\/2020\/10\/Jazda-v-chladnejsom-pocasi_00.webp","datePublished":"2020-10-16T08:00:56+00:00","author":{"@id":""},"breadcrumb":{"@id":"https:\/\/www.welovecycling.com\/sk\/2020\/10\/16\/tipy-na-jazdu-v-chladnejsom-pocasi\/#breadcrumb"},"inLanguage":"sk-SK","potentialAction":[{"@type":"ReadAction","target":["https:\/\/www.welovecycling.com\/sk\/2020\/10\/16\/tipy-na-jazdu-v-chladnejsom-pocasi\/"]}]},{"@type":"ImageObject","inLanguage":"sk-SK","@id":"https:\/\/www.welovecycling.com\/sk\/2020\/10\/16\/tipy-na-jazdu-v-chladnejsom-pocasi\/#primaryimage","url":"https:\/\/d2p6e6u75xmxt8.cloudfront.net\/4\/2020\/10\/Jazda-v-chladnejsom-pocasi_00.webp","contentUrl":"https:\/\/d2p6e6u75xmxt8.cloudfront.net\/4\/2020\/10\/Jazda-v-chladnejsom-pocasi_00.webp","width":1380,"height":600,"caption":"pexels.com"},{"@type":"BreadcrumbList","@id":"https:\/\/www.welovecycling.com\/sk\/2020\/10\/16\/tipy-na-jazdu-v-chladnejsom-pocasi\/#breadcrumb","itemListElement":[{"@type":"ListItem","position":1,"name":"Home","item":"https:\/\/www.welovecycling.com\/sk\/"},{"@type":"ListItem","position":2,"name":"Tipy na jazdu v\u00a0chladnej\u0161om po\u010das\u00ed"}]},{"@type":"WebSite","@id":"https:\/\/www.welovecycling.com\/sk\/#website","url":"https:\/\/www.welovecycling.com\/sk\/","name":"\u0160koda We Love Cycling Slovensko","description":"\u0160koda We Love Cycling Slovensko je v\u00e1\u0161 ka\u017edodenn\u00fd zdroj noviniek a in\u0161pir\u00e1cie z sveta cyklistiky","potentialAction":[{"@type":"SearchAction","target":{"@type":"EntryPoint","urlTemplate":"https:\/\/www.welovecycling.com\/sk\/?s={search_term_string}"},"query-input":{"@type":"PropertyValueSpecification","valueRequired":true,"valueName":"search_term_string"}}],"inLanguage":"sk-SK"},{"@type":"Person","@id":"","url":"https:\/\/www.welovecycling.com\/sk\/author\/"}]}},"_links":{"self":[{"href":"https:\/\/www.welovecycling.com\/sk\/wp-json\/wp\/v2\/posts\/10895","targetHints":{"allow":["GET"]}}],"collection":[{"href":"https:\/\/www.welovecycling.com\/sk\/wp-json\/wp\/v2\/posts"}],"about":[{"href":"https:\/\/www.welovecycling.com\/sk\/wp-json\/wp\/v2\/types\/post"}],"author":[{"embeddable":true,"href":"https:\/\/www.welovecycling.com\/sk\/wp-json\/wp\/v2\/users\/81"}],"replies":[{"embeddable":true,"href":"https:\/\/www.welovecycling.com\/sk\/wp-json\/wp\/v2\/comments?post=10895"}],"version-history":[{"count":2,"href":"https:\/\/www.welovecycling.com\/sk\/wp-json\/wp\/v2\/posts\/10895\/revisions"}],"predecessor-version":[{"id":10904,"href":"https:\/\/www.welovecycling.com\/sk\/wp-json\/wp\/v2\/posts\/10895\/revisions\/10904"}],"wp:featuredmedia":[{"embeddable":true,"href":"https:\/\/www.welovecycling.com\/sk\/wp-json\/wp\/v2\/media\/10898"}],"wp:attachment":[{"href":"https:\/\/www.welovecycling.com\/sk\/wp-json\/wp\/v2\/media?parent=10895"}],"wp:term":[{"taxonomy":"category","embeddable":true,"href":"https:\/\/www.welovecycling.com\/sk\/wp-json\/wp\/v2\/categories?post=10895"},{"taxonomy":"post_tag","embeddable":true,"href":"https:\/\/www.welovecycling.com\/sk\/wp-json\/wp\/v2\/tags?post=10895"},{"taxonomy":"global-categories","embeddable":true,"href":"https:\/\/www.welovecycling.com\/sk\/wp-json\/wp\/v2\/global-categories?post=10895"}],"curies":[{"name":"wp","href":"https:\/\/api.w.org\/{rel}","templated":true}]}}