{"id":10886,"date":"2020-10-19T10:00:30","date_gmt":"2020-10-19T08:00:30","guid":{"rendered":"https:\/\/www.welovecycling.com\/sk\/?p=10886"},"modified":"2020-10-12T14:50:21","modified_gmt":"2020-10-12T12:50:21","slug":"legendarna-bitka-na-tour-de-france-v-roku-1964","status":"publish","type":"post","link":"https:\/\/www.welovecycling.com\/sk\/2020\/10\/19\/legendarna-bitka-na-tour-de-france-v-roku-1964\/","title":{"rendered":"Legend\u00e1rna bitka na Tour de France v roku 1964"},"content":{"rendered":"<p><strong>Legend\u00e1rny s\u00faboj by nemohol existova\u0165 bez dvoch rovnako p\u00f4sobiv\u00fdch s\u00faperov. Na Tour v roku 1964 sa stretli Raymond Poulidor a Jacques Anquetil. Obaja mali \u0161ancu vyhra\u0165 Tour a obaja boli tak rozdielni. Pripome\u0148me si jeden z ich najpam\u00e4tnej\u0161\u00edch s\u00fabojov.<\/strong><\/p>\n<p><!--more--><br \/>\nJacques Anquetil je cyklistick\u00e1 legenda. Bol prv\u00fdm cyklistom, ktor\u00fd Tour <strong>vyhral p\u00e4\u0165kr\u00e1t<\/strong>. V roku 1961 z\u00edskal v 1. etape \u017elt\u00fd dres a udr\u017eal si ho a\u017e do poslednej etapy. Bol siln\u00fd a dominantn\u00fd. Jeho s\u00faper, Raymond Poulidor, bol vychovan\u00fd na farme a mal obrovsk\u00fd prirodzen\u00fd talent. V roku 1959 podp\u00edsal zmluvu s Mercier. S rovnak\u00fdm t\u00edmom, v akom za\u010d\u00ednal aj Anquetil. Po dvoch \u00faspe\u0161n\u00fdch \u0161tartoch na Tour a triumfe na Vuelte, bol v roku 1964 pripraven\u00fd vyzva\u0165 Anquetila na s\u00faboj.<\/p>\n<figure id=\"attachment_10887\" aria-describedby=\"caption-attachment-10887\" style=\"width: 1019px\" class=\"wp-caption alignnone\"><a href=\"https:\/\/d2p6e6u75xmxt8.cloudfront.net\/2\/2020\/09\/profimedia-0068093164.jpg\"><img loading=\"lazy\" decoding=\"async\" class=\"wp-image-10887 size-large\" src=\"https:\/\/d2p6e6u75xmxt8.cloudfront.net\/4\/2020\/10\/profimedia-0068093164-1019x1024.jpg\" alt=\"Jacques Anquetil\" width=\"1019\" height=\"1024\" \/><\/a><figcaption id=\"caption-attachment-10887\" class=\"wp-caption-text\">Anquetil po\u010das etapy v hor\u00e1ch. \u00a9 Profimedia<\/figcaption><\/figure>\n<p>Poulidor mal na svojej strane aj franc\u00fazskych fan\u00fa\u0161ikov. Bol Anquetilov\u00fdm opakom. Anquetila volali cyklistick\u00fdm aristokratom, v\u010faka svojim vysok\u00fdmi l\u00edcnymi kostiam, upraven\u00fdm blond vlasom, hladkou bledou poko\u017ekou, ostr\u00fdm severofranc\u00fazskym pr\u00edzvukom a elegantn\u00fdm cyklistick\u00fdm \u0161t\u00fdlom. <strong>Poulidor bol mu\u017e z \u013eudu<\/strong>, hovoril pomaly, stredofranc\u00fazskym pr\u00edzvukom, mal vr\u00e1skav\u00fa op\u00e1len\u00fa poko\u017eku a na bicykli vyzeral ako \u0161liapaj\u00faci buldog.<\/p>\n<p>K ich najdramatickej\u0161ej konfront\u00e1cii malo d\u00f4js\u0165 po\u010das 20. etapy. Anquetil mal \u017elt\u00fd dres, ale Poulidor zaost\u00e1val iba o 56 sek\u00fand. Poulidorov pl\u00e1n bol <strong>za\u00fato\u010di\u0165 po\u010das st\u00fapania na Puy de D\u00f4me<\/strong> a prevzia\u0165 celkov\u00e9 vedenie.<\/p>\n<p>Sc\u00e9na bola pripraven\u00e1. St\u00fapali 10 kilometrov strmou cestou a\u017e k sl\u00e1vnemu kr\u00e1teru Puy de D\u00f4me. Bok po boku, rameno na rameno, lake\u0165 na lake\u0165, navz\u00e1jom prepojen\u00ed v tvrdej drine a bolesti. Navz\u00e1jom po\u010duli len svoje n\u00e1dychy aj v\u00fddychy napriek tomu, \u017ee okolo nich bolo pol mili\u00f3na fan\u00fa\u0161ikov. <strong>Bol to \u00fa\u017easn\u00fd poh\u013ead a intenz\u00edvny boj.<\/strong> Poulidor mal navrch, preto\u017ee bol lep\u0161\u00edm vrch\u00e1rom, ale Anquetil pou\u017e\u00edval svoju najlep\u0161iu zbra\u0148, strat\u00e9giu. Vybral sa vn\u00fatornou stranou, bli\u017e\u0161ie k hore. Trikr\u00e1t blafoval a predstieral, \u017ee nezvl\u00e1da tempo. Trikr\u00e1t sa ho Poulidor pok\u00fasil bez \u00faspechu strias\u0165 a vy\u010derpal sa. Ke\u010f sa Poulidor pok\u00fasil znovu za\u00fato\u010di\u0165, Anquetil ho pustil s vedom\u00edm, \u017ee jeho nohy u\u017e nie s\u00fa schopn\u00e9 odpoveda\u0165 \u010fal\u0161\u00edm \u00fatokom. Anquetil prehral mor\u00e1lny boj, ale dok\u00e1zal sa v boji udr\u017ea\u0165.<\/p>\n<figure id=\"attachment_10888\" aria-describedby=\"caption-attachment-10888\" style=\"width: 1024px\" class=\"wp-caption alignnone\"><a href=\"https:\/\/d2p6e6u75xmxt8.cloudfront.net\/2\/2020\/09\/profimedia-0068092118.jpg\"><img loading=\"lazy\" decoding=\"async\" class=\"wp-image-10888 size-large\" src=\"https:\/\/d2p6e6u75xmxt8.cloudfront.net\/4\/2020\/10\/profimedia-0068092118-1024x798.jpg\" alt=\"Raymond Poulidor\" width=\"1024\" height=\"798\" \/><\/a><figcaption id=\"caption-attachment-10888\" class=\"wp-caption-text\">Poulidor a Federico Bahamont\u00e8s. \u00a9 Profimedia<\/figcaption><\/figure>\n<p><em>&#8222;Spomalil som, aj on spomalil. Za\u00fato\u010dil som, on odpovedal. Bolo to neuverite\u013en\u00e9. Nikdy som sa na bicykli nec\u00edtil tak stra\u0161ne,\u201c<\/em> priznal Poulidor pri opise udalost\u00ed.<\/p>\n<p>Poulidorovi sa podarilo predbehn\u00fa\u0165 svojho rivala asi 500 metrov pred vrcholom st\u00fapania. Anquetil r\u00fdchlo <strong>str\u00e1cal p\u00f4du pod nohami<\/strong>, ale d\u00fafal, \u017ee urobil dos\u0165. D\u00fafal, \u017ee Poulidor mu predsa nem\u00f4\u017ee ukradn\u00fa\u0165 cel\u00fdch 56 sek\u00fand.<\/p>\n<p>Etapu vyhral Poulidor. Anquetil skon\u010dil tesne za n\u00edm a takmer sa zrazil so svojim t\u00edmov\u00fdm vozidlom. Nemohol chyti\u0165 dych. Jeho poko\u017eka bola fialov\u00e1 a potom biela, ale st\u00e1le po\u010d\u00edtal.<\/p>\n<p><em>&#8222;Ko\u013eko?&#8220;<\/em> sp\u00fdtal sa.<\/p>\n<p><em>&#8222;Nechal si si 14 sek\u00fand,&#8220;<\/em> za\u010dul v odpovedi.<\/p>\n<p><em>&#8222;To je viac, ako som potreboval,&#8220;<\/em> vyd\u00fdchol \u00fa\u013eavou.<\/p>\n<p>Poslednou f\u00e1zou bola \u010dasovka, kde bol Anquetil favorit, preto\u017ee to bola jeho discipl\u00edna. Poulidor jazdil naozaj r\u00fdchlo a <strong>udr\u017eal si najr\u00fdchlej\u0161\u00ed \u010das d\u0148a<\/strong>, a\u017e pok\u00fdm nepri\u0161iel na rad Anquetil. Poulidor bol v prvom \u201cpol\u010dase\u201d r\u00fdchlej\u0161\u00ed o 5 sek\u00fand. To mu d\u00e1valo n\u00e1dej. Anquetil bol v druhej polovici ove\u013ea r\u00fdchlej\u0161\u00ed a vyhral \u010dasovku a cel\u00fa Tour o 55 sek\u00fand. Vtedy to bolo najmen\u0161ie \u010dasov\u00e9 rozp\u00e4tie v hist\u00f3rii.<\/p>\n<figure id=\"attachment_10889\" aria-describedby=\"caption-attachment-10889\" style=\"width: 1024px\" class=\"wp-caption alignnone\"><a href=\"https:\/\/d2p6e6u75xmxt8.cloudfront.net\/2\/2020\/09\/profimedia-0068096148.jpg\"><img loading=\"lazy\" decoding=\"async\" class=\"wp-image-10889 size-large\" src=\"https:\/\/d2p6e6u75xmxt8.cloudfront.net\/4\/2020\/10\/profimedia-0068096148-1024x693.jpg\" alt=\"1964 Tour\" width=\"1024\" height=\"693\" \/><\/a><figcaption id=\"caption-attachment-10889\" class=\"wp-caption-text\">Anquetil a Poulidor jazdia na v\u00ed\u0165aznom okruhu v par\u00ed\u017eskom Parc Des Princes. \u00a9 Profimedia<\/figcaption><\/figure>\n<p>Fan\u00fa\u0161ikovia v Par\u00ed\u017ei neboli \u0161\u0165astn\u00ed, \u017ee ich ob\u013e\u00faben\u00fd Poulidor prehral a nefandili \u0161ampi\u00f3novi. <strong>S t\u00fdm sa Anquetil musel vyrovna\u0165.<\/strong> Poulidor bol nav\u017edy ob\u013e\u00faben\u00fd fan\u00fa\u0161ikmi, ale Jacques Anquetil si zaistil ve\u013emi d\u00f4le\u017eit\u00fd piaty titul. A my v\u0161etci sme videli s\u00faboj, na ktor\u00fd si e\u0161te aj dnes spom\u00edname.<\/p>\n","protected":false},"excerpt":{"rendered":"<p>Legend\u00e1rny s\u00faboj by nemohol existova\u0165 bez dvoch rovnako p\u00f4sobiv\u00fdch s\u00faperov. Na Tour v roku 1964 sa stretli Raymond Poulidor a [&hellip;]<\/p>\n","protected":false},"author":81,"featured_media":10891,"comment_status":"open","ping_status":"open","sticky":false,"template":"","format":"standard","meta":{"footnotes":""},"categories":[4],"tags":[619,115,487,546,331,878,876,1268,179,1269,1109,20,1270],"global-categories":[],"class_list":["post-10886","post","type-post","status-publish","format-standard","has-post-thumbnail","hentry","category-cestna-cyklisitika","tag-bicyklovanie","tag-cestna-cyklistika","tag-cestny-bicykel","tag-cyklistika","tag-etapove-preteky","tag-favorit","tag-historia","tag-jacques-anquetil","tag-preteky","tag-raymond-poulidor","tag-stupanie","tag-tour-de-france","tag-tour-de-france-1964"],"yoast_head":"<!-- This site is optimized with the Yoast SEO Premium plugin v25.3 (Yoast SEO v25.9) - https:\/\/yoast.com\/wordpress\/plugins\/seo\/ -->\n<title>Jacques Anquetil vs Poulidor: A Legendary Battle of the 1964 Tour<\/title>\n<meta name=\"description\" content=\"There can\u2019t be a legendary battle without two equally impressive rivals. The 1964 Tour had Raymond Poulidor and Jacques Anquetil.\" \/>\n<meta name=\"robots\" content=\"index, follow, max-snippet:-1, max-image-preview:large, max-video-preview:-1\" \/>\n<link rel=\"canonical\" href=\"https:\/\/www.welovecycling.com\/sk\/2020\/10\/19\/legendarna-bitka-na-tour-de-france-v-roku-1964\/\" \/>\n<meta property=\"og:locale\" content=\"sk_SK\" \/>\n<meta property=\"og:type\" content=\"article\" \/>\n<meta property=\"og:title\" content=\"Legend\u00e1rna bitka na Tour de France v roku 1964\" \/>\n<meta property=\"og:description\" content=\"There can\u2019t be a legendary battle without two equally impressive rivals. The 1964 Tour had Raymond Poulidor and Jacques Anquetil.\" \/>\n<meta property=\"og:url\" content=\"https:\/\/www.welovecycling.com\/sk\/2020\/10\/19\/legendarna-bitka-na-tour-de-france-v-roku-1964\/\" \/>\n<meta property=\"og:site_name\" content=\"\u0160koda We Love Cycling Slovensko\" \/>\n<meta property=\"article:published_time\" content=\"2020-10-19T08:00:30+00:00\" \/>\n<meta property=\"og:image\" content=\"https:\/\/d2p6e6u75xmxt8.cloudfront.net\/4\/2020\/10\/anquetil-poulidor-profimedia-0289505694-CVR.webp\" \/>\n\t<meta property=\"og:image:width\" content=\"1366\" \/>\n\t<meta property=\"og:image:height\" content=\"600\" \/>\n\t<meta property=\"og:image:type\" content=\"image\/webp\" \/>\n<meta name=\"twitter:card\" content=\"summary_large_image\" \/>\n<meta name=\"twitter:label1\" content=\"Written by\" \/>\n\t<meta name=\"twitter:data1\" content=\"Ji\u0159\u00ed Kalo\u010d\" \/>\n\t<meta name=\"twitter:label2\" content=\"Est. reading time\" \/>\n\t<meta name=\"twitter:data2\" content=\"5\" \/>\n<script type=\"application\/ld+json\" class=\"yoast-schema-graph\">{\"@context\":\"https:\/\/schema.org\",\"@graph\":[{\"@type\":\"WebPage\",\"@id\":\"https:\/\/www.welovecycling.com\/sk\/2020\/10\/19\/legendarna-bitka-na-tour-de-france-v-roku-1964\/\",\"url\":\"https:\/\/www.welovecycling.com\/sk\/2020\/10\/19\/legendarna-bitka-na-tour-de-france-v-roku-1964\/\",\"name\":\"Jacques Anquetil vs Poulidor: A Legendary Battle of the 1964 Tour\",\"isPartOf\":{\"@id\":\"https:\/\/www.welovecycling.com\/sk\/#website\"},\"primaryImageOfPage\":{\"@id\":\"https:\/\/www.welovecycling.com\/sk\/2020\/10\/19\/legendarna-bitka-na-tour-de-france-v-roku-1964\/#primaryimage\"},\"image\":{\"@id\":\"https:\/\/www.welovecycling.com\/sk\/2020\/10\/19\/legendarna-bitka-na-tour-de-france-v-roku-1964\/#primaryimage\"},\"thumbnailUrl\":\"https:\/\/d2p6e6u75xmxt8.cloudfront.net\/4\/2020\/10\/anquetil-poulidor-profimedia-0289505694-CVR.webp\",\"datePublished\":\"2020-10-19T08:00:30+00:00\",\"author\":{\"@id\":\"\"},\"description\":\"There can\u2019t be a legendary battle without two equally impressive rivals. The 1964 Tour had Raymond Poulidor and Jacques Anquetil.\",\"breadcrumb\":{\"@id\":\"https:\/\/www.welovecycling.com\/sk\/2020\/10\/19\/legendarna-bitka-na-tour-de-france-v-roku-1964\/#breadcrumb\"},\"inLanguage\":\"sk-SK\",\"potentialAction\":[{\"@type\":\"ReadAction\",\"target\":[\"https:\/\/www.welovecycling.com\/sk\/2020\/10\/19\/legendarna-bitka-na-tour-de-france-v-roku-1964\/\"]}]},{\"@type\":\"ImageObject\",\"inLanguage\":\"sk-SK\",\"@id\":\"https:\/\/www.welovecycling.com\/sk\/2020\/10\/19\/legendarna-bitka-na-tour-de-france-v-roku-1964\/#primaryimage\",\"url\":\"https:\/\/d2p6e6u75xmxt8.cloudfront.net\/4\/2020\/10\/anquetil-poulidor-profimedia-0289505694-CVR.webp\",\"contentUrl\":\"https:\/\/d2p6e6u75xmxt8.cloudfront.net\/4\/2020\/10\/anquetil-poulidor-profimedia-0289505694-CVR.webp\",\"width\":1366,\"height\":600,\"caption\":\"1964 Tour\"},{\"@type\":\"BreadcrumbList\",\"@id\":\"https:\/\/www.welovecycling.com\/sk\/2020\/10\/19\/legendarna-bitka-na-tour-de-france-v-roku-1964\/#breadcrumb\",\"itemListElement\":[{\"@type\":\"ListItem\",\"position\":1,\"name\":\"Home\",\"item\":\"https:\/\/www.welovecycling.com\/sk\/\"},{\"@type\":\"ListItem\",\"position\":2,\"name\":\"Legend\u00e1rna bitka na Tour de France v roku 1964\"}]},{\"@type\":\"WebSite\",\"@id\":\"https:\/\/www.welovecycling.com\/sk\/#website\",\"url\":\"https:\/\/www.welovecycling.com\/sk\/\",\"name\":\"\u0160koda We Love Cycling Slovensko\",\"description\":\"\u0160koda We Love Cycling Slovensko je v\u00e1\u0161 ka\u017edodenn\u00fd zdroj noviniek a in\u0161pir\u00e1cie z sveta cyklistiky\",\"potentialAction\":[{\"@type\":\"SearchAction\",\"target\":{\"@type\":\"EntryPoint\",\"urlTemplate\":\"https:\/\/www.welovecycling.com\/sk\/?s={search_term_string}\"},\"query-input\":{\"@type\":\"PropertyValueSpecification\",\"valueRequired\":true,\"valueName\":\"search_term_string\"}}],\"inLanguage\":\"sk-SK\"},{\"@type\":\"Person\",\"@id\":\"\",\"url\":\"https:\/\/www.welovecycling.com\/sk\/author\/\"}]}<\/script>\n<!-- \/ Yoast SEO Premium plugin. -->","yoast_head_json":{"title":"Jacques Anquetil vs Poulidor: A Legendary Battle of the 1964 Tour","description":"There can\u2019t be a legendary battle without two equally impressive rivals. The 1964 Tour had Raymond Poulidor and Jacques Anquetil.","robots":{"index":"index","follow":"follow","max-snippet":"max-snippet:-1","max-image-preview":"max-image-preview:large","max-video-preview":"max-video-preview:-1"},"canonical":"https:\/\/www.welovecycling.com\/sk\/2020\/10\/19\/legendarna-bitka-na-tour-de-france-v-roku-1964\/","og_locale":"sk_SK","og_type":"article","og_title":"Legend\u00e1rna bitka na Tour de France v roku 1964","og_description":"There can\u2019t be a legendary battle without two equally impressive rivals. The 1964 Tour had Raymond Poulidor and Jacques Anquetil.","og_url":"https:\/\/www.welovecycling.com\/sk\/2020\/10\/19\/legendarna-bitka-na-tour-de-france-v-roku-1964\/","og_site_name":"\u0160koda We Love Cycling Slovensko","article_published_time":"2020-10-19T08:00:30+00:00","og_image":[{"width":1366,"height":600,"url":"https:\/\/d2p6e6u75xmxt8.cloudfront.net\/4\/2020\/10\/anquetil-poulidor-profimedia-0289505694-CVR.webp","type":"image\/webp"}],"twitter_card":"summary_large_image","twitter_misc":{"Written by":"Ji\u0159\u00ed Kalo\u010d","Est. reading time":"5"},"schema":{"@context":"https:\/\/schema.org","@graph":[{"@type":"WebPage","@id":"https:\/\/www.welovecycling.com\/sk\/2020\/10\/19\/legendarna-bitka-na-tour-de-france-v-roku-1964\/","url":"https:\/\/www.welovecycling.com\/sk\/2020\/10\/19\/legendarna-bitka-na-tour-de-france-v-roku-1964\/","name":"Jacques Anquetil vs Poulidor: A Legendary Battle of the 1964 Tour","isPartOf":{"@id":"https:\/\/www.welovecycling.com\/sk\/#website"},"primaryImageOfPage":{"@id":"https:\/\/www.welovecycling.com\/sk\/2020\/10\/19\/legendarna-bitka-na-tour-de-france-v-roku-1964\/#primaryimage"},"image":{"@id":"https:\/\/www.welovecycling.com\/sk\/2020\/10\/19\/legendarna-bitka-na-tour-de-france-v-roku-1964\/#primaryimage"},"thumbnailUrl":"https:\/\/d2p6e6u75xmxt8.cloudfront.net\/4\/2020\/10\/anquetil-poulidor-profimedia-0289505694-CVR.webp","datePublished":"2020-10-19T08:00:30+00:00","author":{"@id":""},"description":"There can\u2019t be a legendary battle without two equally impressive rivals. The 1964 Tour had Raymond Poulidor and Jacques Anquetil.","breadcrumb":{"@id":"https:\/\/www.welovecycling.com\/sk\/2020\/10\/19\/legendarna-bitka-na-tour-de-france-v-roku-1964\/#breadcrumb"},"inLanguage":"sk-SK","potentialAction":[{"@type":"ReadAction","target":["https:\/\/www.welovecycling.com\/sk\/2020\/10\/19\/legendarna-bitka-na-tour-de-france-v-roku-1964\/"]}]},{"@type":"ImageObject","inLanguage":"sk-SK","@id":"https:\/\/www.welovecycling.com\/sk\/2020\/10\/19\/legendarna-bitka-na-tour-de-france-v-roku-1964\/#primaryimage","url":"https:\/\/d2p6e6u75xmxt8.cloudfront.net\/4\/2020\/10\/anquetil-poulidor-profimedia-0289505694-CVR.webp","contentUrl":"https:\/\/d2p6e6u75xmxt8.cloudfront.net\/4\/2020\/10\/anquetil-poulidor-profimedia-0289505694-CVR.webp","width":1366,"height":600,"caption":"1964 Tour"},{"@type":"BreadcrumbList","@id":"https:\/\/www.welovecycling.com\/sk\/2020\/10\/19\/legendarna-bitka-na-tour-de-france-v-roku-1964\/#breadcrumb","itemListElement":[{"@type":"ListItem","position":1,"name":"Home","item":"https:\/\/www.welovecycling.com\/sk\/"},{"@type":"ListItem","position":2,"name":"Legend\u00e1rna bitka na Tour de France v roku 1964"}]},{"@type":"WebSite","@id":"https:\/\/www.welovecycling.com\/sk\/#website","url":"https:\/\/www.welovecycling.com\/sk\/","name":"\u0160koda We Love Cycling Slovensko","description":"\u0160koda We Love Cycling Slovensko je v\u00e1\u0161 ka\u017edodenn\u00fd zdroj noviniek a in\u0161pir\u00e1cie z sveta cyklistiky","potentialAction":[{"@type":"SearchAction","target":{"@type":"EntryPoint","urlTemplate":"https:\/\/www.welovecycling.com\/sk\/?s={search_term_string}"},"query-input":{"@type":"PropertyValueSpecification","valueRequired":true,"valueName":"search_term_string"}}],"inLanguage":"sk-SK"},{"@type":"Person","@id":"","url":"https:\/\/www.welovecycling.com\/sk\/author\/"}]}},"_links":{"self":[{"href":"https:\/\/www.welovecycling.com\/sk\/wp-json\/wp\/v2\/posts\/10886","targetHints":{"allow":["GET"]}}],"collection":[{"href":"https:\/\/www.welovecycling.com\/sk\/wp-json\/wp\/v2\/posts"}],"about":[{"href":"https:\/\/www.welovecycling.com\/sk\/wp-json\/wp\/v2\/types\/post"}],"author":[{"embeddable":true,"href":"https:\/\/www.welovecycling.com\/sk\/wp-json\/wp\/v2\/users\/81"}],"replies":[{"embeddable":true,"href":"https:\/\/www.welovecycling.com\/sk\/wp-json\/wp\/v2\/comments?post=10886"}],"version-history":[{"count":2,"href":"https:\/\/www.welovecycling.com\/sk\/wp-json\/wp\/v2\/posts\/10886\/revisions"}],"predecessor-version":[{"id":10894,"href":"https:\/\/www.welovecycling.com\/sk\/wp-json\/wp\/v2\/posts\/10886\/revisions\/10894"}],"wp:featuredmedia":[{"embeddable":true,"href":"https:\/\/www.welovecycling.com\/sk\/wp-json\/wp\/v2\/media\/10891"}],"wp:attachment":[{"href":"https:\/\/www.welovecycling.com\/sk\/wp-json\/wp\/v2\/media?parent=10886"}],"wp:term":[{"taxonomy":"category","embeddable":true,"href":"https:\/\/www.welovecycling.com\/sk\/wp-json\/wp\/v2\/categories?post=10886"},{"taxonomy":"post_tag","embeddable":true,"href":"https:\/\/www.welovecycling.com\/sk\/wp-json\/wp\/v2\/tags?post=10886"},{"taxonomy":"global-categories","embeddable":true,"href":"https:\/\/www.welovecycling.com\/sk\/wp-json\/wp\/v2\/global-categories?post=10886"}],"curies":[{"name":"wp","href":"https:\/\/api.w.org\/{rel}","templated":true}]}}