{"id":10872,"date":"2020-10-07T10:00:58","date_gmt":"2020-10-07T08:00:58","guid":{"rendered":"https:\/\/www.welovecycling.com\/sk\/?p=10872"},"modified":"2023-04-13T12:45:20","modified_gmt":"2023-04-13T10:45:20","slug":"merckx-versus-svet-na-tour-de-france-v-roku-1971","status":"publish","type":"post","link":"https:\/\/www.welovecycling.com\/sk\/2020\/10\/07\/merckx-versus-svet-na-tour-de-france-v-roku-1971\/","title":{"rendered":"Merckx versus svet na Tour de France v roku 1971"},"content":{"rendered":"<p><strong>Merckx bol prez\u00fdvan\u00fd Cannibal a malo to svoje d\u00f4vody. Vyhral \u00faplne v\u0161etko. Nielen v\u0161etky Grand Tour, klasiky a majstrovstv\u00e1, ale aj mal\u00e9 preteky a exhib\u00edcie. Mnoh\u00ed mu z\u00e1videli jeho \u00faspechy a ve\u013ek\u00e9 finan\u010dn\u00e9 odmeny. Mohli v\u0161etci jeho najsilnej\u0161\u00ed konkurenti spoji\u0165 svoje sily, aby ho zdolali v roku 1971 na Tour?<\/strong><\/p>\n<p><!--more--><\/p>\n<p>Neofici\u00e1lne spojenectvo medzi mnoh\u00fdmi t\u00edmami malo jedin\u00fd cie\u013e &#8211; zabr\u00e1ni\u0165 Merckxovi, aby sa z Tour op\u00e4\u0165 stala \u0161ou jedn\u00e9ho mu\u017ea. Nov\u00e1 gener\u00e1cia vrch\u00e1rov, konkr\u00e9tne Holan\u010fan Joop Zoetemelk, \u0160paniel Luis Oca\u00f1a a Franc\u00faz Bernard Th\u00e9venet, <strong>za\u00fato\u010dila na Merckxa hne\u010f po n\u00e1stupe Tour do h\u00f4r<\/strong>. Oca\u00f1a zv\u00ed\u0165azil na Puy de D\u00f4me a Cannibalovi ukradol 15 sek\u00fand. Merckx si udr\u017eal \u017elt\u00fd dres, ale psychologick\u00fd efekt bol siln\u00fd. Semeno pochybnosti bolo zasiate.<\/p>\n<figure id=\"attachment_10873\" aria-describedby=\"caption-attachment-10873\" style=\"width: 1024px\" class=\"wp-caption alignnone\"><a href=\"https:\/\/d2p6e6u75xmxt8.cloudfront.net\/2\/2020\/09\/profimedia-0068196024.jpg\"><img loading=\"lazy\" decoding=\"async\" class=\"wp-image-10873 size-large\" src=\"https:\/\/d2p6e6u75xmxt8.cloudfront.net\/4\/2020\/10\/profimedia-0068196024-1024x780.jpg\" alt=\"1971 Tour\" width=\"1024\" height=\"780\" \/><\/a><figcaption id=\"caption-attachment-10873\" class=\"wp-caption-text\">Merckxa prenasleduje Oca\u0148a. \u00a9 Profimedia<\/figcaption><\/figure>\n<p>Merckx mal pri zjazde v desiatej etape technick\u00e9 probl\u00e9my. Jeho konkurenti to ignorovali a z\u00edskali na neho 1 min\u00fatu. V 11. etape Oca\u00f1a za\u00fato\u010dil znova a tentoraz to bolo na prvom st\u00fapan\u00ed z piatich napl\u00e1novan\u00fdch na ten de\u0148. <strong>Nasadil neuverite\u013en\u00e9 tempo.<\/strong> Merckx chcel odpoveda\u0165, ale nemohol a nikto mu nebol ochotn\u00fd pom\u00f4c\u0165. Stratil v tej etape 8 min\u00fat a 42 sek\u00fand. Merckx celkovo zaost\u00e1val o viac ako 10 min\u00fat. Pre Cannibala to bolo netypick\u00e9 a \u010delil potenci\u00e1lne najni\u010divej\u0161ej strate svojej kari\u00e9ry.<\/p>\n<p><em>\u201eOca\u00f1a bol dnes v\u00fdnimo\u010dn\u00fd,\u201c <\/em>prizn\u00e1va Merckx po etape.<\/p>\n<p><em>&#8222;Je na vrchole svojich fyzick\u00fdch schopnost\u00ed. Neviem si predstavi\u0165, \u010di je mo\u017en\u00e9 prekona\u0165 priepas\u0165, ktor\u00fa vytvoril. Jedin\u00e1 \u0161anca je, ak dok\u00e1\u017eem z\u00edska\u0165 nejak\u00fdm z\u00e1zrakom druh\u00fd dych, alebo ak sa jemu nie\u010do nepodar\u00ed, inak nevid\u00edm sp\u00f4sob ako zmen\u0161i\u0165 n\u00e1skok.\u201c<\/em><\/p>\n<p>Merckx svoj\u00edm vyjadren\u00edm v\u0161etk\u00fdch \u0161okoval. U\u017e sa vzd\u00e1val? E\u0161te nie. Zotavil sa po\u010das d\u0148a odpo\u010dinku a <strong>za\u00fato\u010dil hne\u010f od za\u010diatku 12. etapy<\/strong>. Do Marseille pri\u0161iel o pol hodinu sk\u00f4r, ako bol najlep\u0161\u00ed o\u010dak\u00e1van\u00fd \u010das. Oca\u00f1a si v\u0161ak st\u00e1le udr\u017eal vedenie viac ako 7 min\u00fat.<\/p>\n<figure id=\"attachment_10874\" aria-describedby=\"caption-attachment-10874\" style=\"width: 1024px\" class=\"wp-caption alignnone\"><a href=\"https:\/\/d2p6e6u75xmxt8.cloudfront.net\/2\/2020\/09\/profimedia-0017421579.jpg\"><img loading=\"lazy\" decoding=\"async\" class=\"size-large wp-image-10874\" src=\"https:\/\/d2p6e6u75xmxt8.cloudfront.net\/4\/2020\/10\/profimedia-0017421579-1024x854.jpg\" alt=\"Luis Ocana\" width=\"1024\" height=\"854\" \/><\/a><figcaption id=\"caption-attachment-10874\" class=\"wp-caption-text\">Oca\u00f1a vedie pred Belgi\u010danom Lucienom Van Impeom a Holan\u010fanom Joopom Zoetemelkom. \u00a9 Profimedia<\/figcaption><\/figure>\n<p>V 14. etape mali jazdci st\u00fapa\u0165 na Col de Portet d\u2019Aspet, Col de Ment\u00e9 a Col du Portillon. Po\u010dasie bolo hrozn\u00e9. Merckx za\u00fato\u010dil na Col de Ment\u00e9, ale Oca\u00f1a odpovedal. Merckx to sk\u00fa\u0161al znova a znova, <strong>ale Oca\u00f1a jednoducho nezostal pozadu<\/strong>. Zl\u00e9 po\u010dasie sa zhor\u0161ilo tesne predt\u00fdm, ako dosiahli vrchol Ment\u00e9. Boli hromy, blesky a siln\u00fd d\u00e1\u017e\u010f. Priesmyk bol hmlist\u00fd a vidite\u013enos\u0165 ve\u013emi obmedzen\u00e1. Cesta bola lemovan\u00e1 pr\u00fadmi te\u010d\u00facej vody, brzdy u\u017e nefungovali a jazdci museli brzdi\u0165 nohami.<\/p>\n<p>Eddy Merckx bol \u00fa\u017easn\u00fd v jazde z kopca, tak\u017ee si myslel, \u017ee pri zostupe z Ment\u00e9 zanech\u00e1 Oca\u00f1u za sebou. Oca\u00f1a nebol odborn\u00edkom na zjazdy z kopcov a riadite\u013e jeho t\u00edmu ho dokonca varoval, aby sa pri zostupe nepok\u00fa\u0161al zavesi\u0165 na Merckxa. <strong>Ale sna\u017eil sa zbyto\u010dne.<\/strong><\/p>\n<p>V zjazde, asi na \u0161tvrtom kilometri, <strong>stratil Merckx kontrolu nad svoj\u00edm bicyklom a narazil do mal\u00e9ho m\u00farika<\/strong> na okraji cesty. Ke\u010f vstal, fan\u00fa\u0161ikovia sa mu pon\u00e1h\u013eali na pomoc. Oca\u00f1a ho prenasledoval, nedok\u00e1zal sa v\u0161etk\u00fdm vyhn\u00fa\u0165 a padol. Merckx znova nasadil re\u0165az a pokra\u010doval. Oca\u00f1a nemohol a po\u017eiadal o nov\u00fd bicykel zo svojho t\u00edmov\u00e9ho vozidla. Zoetemelk, ktor\u00fd pr\u00e1ve prich\u00e1dzal na miesto, sa autu vyh\u00fdbal, narazil v\u0161ak priamo do Oca\u00f1u. O p\u00e1r min\u00fat nesk\u00f4r Oca\u00f1u zasiahol aj portugalsk\u00fd jazdec Agostinho a od bolesti a v bezvedom\u00ed spadol na zem. Vrtu\u013en\u00edk ho bezpe\u010dne dopravil do nemocnice, ale jeho sen o v\u00ed\u0165azstve na Tour bol pre\u010d.<\/p>\n<figure id=\"attachment_10875\" aria-describedby=\"caption-attachment-10875\" style=\"width: 791px\" class=\"wp-caption alignnone\"><a href=\"https:\/\/d2p6e6u75xmxt8.cloudfront.net\/2\/2020\/09\/profimedia-0068196027.jpg\"><img loading=\"lazy\" decoding=\"async\" class=\"wp-image-10875 size-large\" src=\"https:\/\/d2p6e6u75xmxt8.cloudfront.net\/4\/2020\/10\/profimedia-0068196027-791x1024.jpg\" alt=\"Luis Ocana\" width=\"791\" height=\"1024\" \/><\/a><figcaption id=\"caption-attachment-10875\" class=\"wp-caption-text\">Vrtu\u013en\u00edk dostal Oca\u00f1u bezpe\u010dne do nemocnice. \u00a9 Profimedia<\/figcaption><\/figure>\n<p>Merckx v\u010faka tomu z\u00edskal \u017elt\u00fd dres, ale odmietol ho prija\u0165 a chcel z Tour \u00faplne od\u00eds\u0165. Jeho spolujazdci a organiz\u00e1tori Tour ho prosili, aby pokra\u010doval. Urobil to, <strong>ale odmietol si obliec\u0165 \u017elt\u00fd dres z \u00facty k Oca\u00f1ovi<\/strong>. \u0160tyri dni na to, v \u00faniku, vyhral 17. etapu a nad Zoetemelkom z\u00edskal 2 min\u00faty. Vyhral aj posledn\u00fa \u010dasovku a <strong>z\u00edskal tret\u00ed titul na Tour de France<\/strong>.<\/p>\n<p><em>&#8222;Nech sa stalo \u010doko\u013evek, o v\u00fdhre na tejto Tour bud\u00fa v\u017edy pochybnosti,&#8220;<\/em> povedal Eddy Merckx.<\/p>\n","protected":false},"excerpt":{"rendered":"<p>Merckx bol prez\u00fdvan\u00fd Cannibal a malo to svoje d\u00f4vody. Vyhral \u00faplne v\u0161etko. Nielen v\u0161etky Grand Tour, klasiky a majstrovstv\u00e1, ale [&hellip;]<\/p>\n","protected":false},"author":172,"featured_media":10877,"comment_status":"open","ping_status":"open","sticky":false,"template":"","format":"standard","meta":{"footnotes":""},"categories":[4],"tags":[115,487,1266,961,331,306,1267,1265,179,20,1264,174],"global-categories":[],"class_list":["post-10872","post","type-post","status-publish","format-standard","has-post-thumbnail","hentry","category-cestna-cyklisitika","tag-cestna-cyklistika","tag-cestny-bicykel","tag-eddy-merckx","tag-etapa","tag-etapove-preteky","tag-francuzsko","tag-joop-zoetemelk","tag-luis-ocana","tag-preteky","tag-tour-de-france","tag-tour-de-france-1971","tag-zlty-dres"],"yoast_head":"<!-- This site is optimized with the Yoast SEO Premium plugin v25.3 (Yoast SEO v25.9) - https:\/\/yoast.com\/wordpress\/plugins\/seo\/ -->\n<title>Merckx versus svet na Tour de France v roku 1971<\/title>\n<meta name=\"description\" content=\"Merckx vyhral \u00faplne v\u0161etko. Nielen v\u0161etky Grand Tour, klasiky a majstrovstv\u00e1, ale aj mal\u00e9 preteky a exhib\u00edcie\" \/>\n<meta name=\"robots\" content=\"index, follow, max-snippet:-1, max-image-preview:large, max-video-preview:-1\" \/>\n<link rel=\"canonical\" href=\"https:\/\/www.welovecycling.com\/sk\/2020\/10\/07\/merckx-versus-svet-na-tour-de-france-v-roku-1971\/\" \/>\n<meta property=\"og:locale\" content=\"sk_SK\" \/>\n<meta property=\"og:type\" content=\"article\" \/>\n<meta property=\"og:title\" content=\"Merckx versus svet na Tour de France v roku 1971\" \/>\n<meta property=\"og:description\" content=\"Merckx vyhral \u00faplne v\u0161etko. Nielen v\u0161etky Grand Tour, klasiky a majstrovstv\u00e1, ale aj mal\u00e9 preteky a exhib\u00edcie\" \/>\n<meta property=\"og:url\" content=\"https:\/\/www.welovecycling.com\/sk\/2020\/10\/07\/merckx-versus-svet-na-tour-de-france-v-roku-1971\/\" \/>\n<meta property=\"og:site_name\" content=\"\u0160koda We Love Cycling Slovensko\" \/>\n<meta property=\"article:published_time\" content=\"2020-10-07T08:00:58+00:00\" \/>\n<meta property=\"article:modified_time\" content=\"2023-04-13T10:45:20+00:00\" \/>\n<meta property=\"og:image\" content=\"https:\/\/d2p6e6u75xmxt8.cloudfront.net\/4\/2020\/10\/eddy-merckx-1971-profimedia-0068194472-CVR.webp\" \/>\n\t<meta property=\"og:image:width\" content=\"1366\" \/>\n\t<meta property=\"og:image:height\" content=\"600\" \/>\n\t<meta property=\"og:image:type\" content=\"image\/webp\" \/>\n<meta name=\"author\" content=\"dominika\" \/>\n<meta name=\"twitter:card\" content=\"summary_large_image\" \/>\n<meta name=\"twitter:label1\" content=\"Written by\" \/>\n\t<meta name=\"twitter:data1\" content=\"Ji\u0159\u00ed Kalo\u010d\" \/>\n\t<meta name=\"twitter:label2\" content=\"Est. reading time\" \/>\n\t<meta name=\"twitter:data2\" content=\"5\" \/>\n<script type=\"application\/ld+json\" class=\"yoast-schema-graph\">{\"@context\":\"https:\/\/schema.org\",\"@graph\":[{\"@type\":\"WebPage\",\"@id\":\"https:\/\/www.welovecycling.com\/sk\/2020\/10\/07\/merckx-versus-svet-na-tour-de-france-v-roku-1971\/\",\"url\":\"https:\/\/www.welovecycling.com\/sk\/2020\/10\/07\/merckx-versus-svet-na-tour-de-france-v-roku-1971\/\",\"name\":\"Merckx versus svet na Tour de France v roku 1971\",\"isPartOf\":{\"@id\":\"https:\/\/www.welovecycling.com\/sk\/#website\"},\"primaryImageOfPage\":{\"@id\":\"https:\/\/www.welovecycling.com\/sk\/2020\/10\/07\/merckx-versus-svet-na-tour-de-france-v-roku-1971\/#primaryimage\"},\"image\":{\"@id\":\"https:\/\/www.welovecycling.com\/sk\/2020\/10\/07\/merckx-versus-svet-na-tour-de-france-v-roku-1971\/#primaryimage\"},\"thumbnailUrl\":\"https:\/\/d2p6e6u75xmxt8.cloudfront.net\/4\/2020\/10\/eddy-merckx-1971-profimedia-0068194472-CVR.webp\",\"datePublished\":\"2020-10-07T08:00:58+00:00\",\"dateModified\":\"2023-04-13T10:45:20+00:00\",\"author\":{\"@id\":\"https:\/\/www.welovecycling.com\/sk\/#\/schema\/person\/533b62b98b6c41bd5135ebfb1f742624\"},\"description\":\"Merckx vyhral \u00faplne v\u0161etko. Nielen v\u0161etky Grand Tour, klasiky a majstrovstv\u00e1, ale aj mal\u00e9 preteky a exhib\u00edcie\",\"breadcrumb\":{\"@id\":\"https:\/\/www.welovecycling.com\/sk\/2020\/10\/07\/merckx-versus-svet-na-tour-de-france-v-roku-1971\/#breadcrumb\"},\"inLanguage\":\"sk-SK\",\"potentialAction\":[{\"@type\":\"ReadAction\",\"target\":[\"https:\/\/www.welovecycling.com\/sk\/2020\/10\/07\/merckx-versus-svet-na-tour-de-france-v-roku-1971\/\"]}]},{\"@type\":\"ImageObject\",\"inLanguage\":\"sk-SK\",\"@id\":\"https:\/\/www.welovecycling.com\/sk\/2020\/10\/07\/merckx-versus-svet-na-tour-de-france-v-roku-1971\/#primaryimage\",\"url\":\"https:\/\/d2p6e6u75xmxt8.cloudfront.net\/4\/2020\/10\/eddy-merckx-1971-profimedia-0068194472-CVR.webp\",\"contentUrl\":\"https:\/\/d2p6e6u75xmxt8.cloudfront.net\/4\/2020\/10\/eddy-merckx-1971-profimedia-0068194472-CVR.webp\",\"width\":1366,\"height\":600,\"caption\":\"Eddy Merckx\"},{\"@type\":\"BreadcrumbList\",\"@id\":\"https:\/\/www.welovecycling.com\/sk\/2020\/10\/07\/merckx-versus-svet-na-tour-de-france-v-roku-1971\/#breadcrumb\",\"itemListElement\":[{\"@type\":\"ListItem\",\"position\":1,\"name\":\"Home\",\"item\":\"https:\/\/www.welovecycling.com\/sk\/\"},{\"@type\":\"ListItem\",\"position\":2,\"name\":\"Merckx versus svet na Tour de France v roku 1971\"}]},{\"@type\":\"WebSite\",\"@id\":\"https:\/\/www.welovecycling.com\/sk\/#website\",\"url\":\"https:\/\/www.welovecycling.com\/sk\/\",\"name\":\"\u0160koda We Love Cycling Slovensko\",\"description\":\"\u0160koda We Love Cycling Slovensko je v\u00e1\u0161 ka\u017edodenn\u00fd zdroj noviniek a in\u0161pir\u00e1cie z sveta cyklistiky\",\"potentialAction\":[{\"@type\":\"SearchAction\",\"target\":{\"@type\":\"EntryPoint\",\"urlTemplate\":\"https:\/\/www.welovecycling.com\/sk\/?s={search_term_string}\"},\"query-input\":{\"@type\":\"PropertyValueSpecification\",\"valueRequired\":true,\"valueName\":\"search_term_string\"}}],\"inLanguage\":\"sk-SK\"},{\"@type\":\"Person\",\"@id\":\"https:\/\/www.welovecycling.com\/sk\/#\/schema\/person\/533b62b98b6c41bd5135ebfb1f742624\",\"name\":\"dominika\",\"image\":{\"@type\":\"ImageObject\",\"inLanguage\":\"sk-SK\",\"@id\":\"https:\/\/www.welovecycling.com\/sk\/#\/schema\/person\/image\/\",\"url\":\"https:\/\/secure.gravatar.com\/avatar\/ded6f274ba2ec3e17fff153f7d9d96a4b33c2cb63907f75d9a5309c599a7f3e6?s=96&d=mm&r=g\",\"contentUrl\":\"https:\/\/secure.gravatar.com\/avatar\/ded6f274ba2ec3e17fff153f7d9d96a4b33c2cb63907f75d9a5309c599a7f3e6?s=96&d=mm&r=g\",\"caption\":\"dominika\"},\"url\":\"https:\/\/www.welovecycling.com\/sk\/author\/dominika\/\"}]}<\/script>\n<!-- \/ Yoast SEO Premium plugin. -->","yoast_head_json":{"title":"Merckx versus svet na Tour de France v roku 1971","description":"Merckx vyhral \u00faplne v\u0161etko. Nielen v\u0161etky Grand Tour, klasiky a majstrovstv\u00e1, ale aj mal\u00e9 preteky a exhib\u00edcie","robots":{"index":"index","follow":"follow","max-snippet":"max-snippet:-1","max-image-preview":"max-image-preview:large","max-video-preview":"max-video-preview:-1"},"canonical":"https:\/\/www.welovecycling.com\/sk\/2020\/10\/07\/merckx-versus-svet-na-tour-de-france-v-roku-1971\/","og_locale":"sk_SK","og_type":"article","og_title":"Merckx versus svet na Tour de France v roku 1971","og_description":"Merckx vyhral \u00faplne v\u0161etko. Nielen v\u0161etky Grand Tour, klasiky a majstrovstv\u00e1, ale aj mal\u00e9 preteky a exhib\u00edcie","og_url":"https:\/\/www.welovecycling.com\/sk\/2020\/10\/07\/merckx-versus-svet-na-tour-de-france-v-roku-1971\/","og_site_name":"\u0160koda We Love Cycling Slovensko","article_published_time":"2020-10-07T08:00:58+00:00","article_modified_time":"2023-04-13T10:45:20+00:00","og_image":[{"width":1366,"height":600,"url":"https:\/\/d2p6e6u75xmxt8.cloudfront.net\/4\/2020\/10\/eddy-merckx-1971-profimedia-0068194472-CVR.webp","type":"image\/webp"}],"author":"dominika","twitter_card":"summary_large_image","twitter_misc":{"Written by":"Ji\u0159\u00ed Kalo\u010d","Est. reading time":"5"},"schema":{"@context":"https:\/\/schema.org","@graph":[{"@type":"WebPage","@id":"https:\/\/www.welovecycling.com\/sk\/2020\/10\/07\/merckx-versus-svet-na-tour-de-france-v-roku-1971\/","url":"https:\/\/www.welovecycling.com\/sk\/2020\/10\/07\/merckx-versus-svet-na-tour-de-france-v-roku-1971\/","name":"Merckx versus svet na Tour de France v roku 1971","isPartOf":{"@id":"https:\/\/www.welovecycling.com\/sk\/#website"},"primaryImageOfPage":{"@id":"https:\/\/www.welovecycling.com\/sk\/2020\/10\/07\/merckx-versus-svet-na-tour-de-france-v-roku-1971\/#primaryimage"},"image":{"@id":"https:\/\/www.welovecycling.com\/sk\/2020\/10\/07\/merckx-versus-svet-na-tour-de-france-v-roku-1971\/#primaryimage"},"thumbnailUrl":"https:\/\/d2p6e6u75xmxt8.cloudfront.net\/4\/2020\/10\/eddy-merckx-1971-profimedia-0068194472-CVR.webp","datePublished":"2020-10-07T08:00:58+00:00","dateModified":"2023-04-13T10:45:20+00:00","author":{"@id":"https:\/\/www.welovecycling.com\/sk\/#\/schema\/person\/533b62b98b6c41bd5135ebfb1f742624"},"description":"Merckx vyhral \u00faplne v\u0161etko. Nielen v\u0161etky Grand Tour, klasiky a majstrovstv\u00e1, ale aj mal\u00e9 preteky a exhib\u00edcie","breadcrumb":{"@id":"https:\/\/www.welovecycling.com\/sk\/2020\/10\/07\/merckx-versus-svet-na-tour-de-france-v-roku-1971\/#breadcrumb"},"inLanguage":"sk-SK","potentialAction":[{"@type":"ReadAction","target":["https:\/\/www.welovecycling.com\/sk\/2020\/10\/07\/merckx-versus-svet-na-tour-de-france-v-roku-1971\/"]}]},{"@type":"ImageObject","inLanguage":"sk-SK","@id":"https:\/\/www.welovecycling.com\/sk\/2020\/10\/07\/merckx-versus-svet-na-tour-de-france-v-roku-1971\/#primaryimage","url":"https:\/\/d2p6e6u75xmxt8.cloudfront.net\/4\/2020\/10\/eddy-merckx-1971-profimedia-0068194472-CVR.webp","contentUrl":"https:\/\/d2p6e6u75xmxt8.cloudfront.net\/4\/2020\/10\/eddy-merckx-1971-profimedia-0068194472-CVR.webp","width":1366,"height":600,"caption":"Eddy Merckx"},{"@type":"BreadcrumbList","@id":"https:\/\/www.welovecycling.com\/sk\/2020\/10\/07\/merckx-versus-svet-na-tour-de-france-v-roku-1971\/#breadcrumb","itemListElement":[{"@type":"ListItem","position":1,"name":"Home","item":"https:\/\/www.welovecycling.com\/sk\/"},{"@type":"ListItem","position":2,"name":"Merckx versus svet na Tour de France v roku 1971"}]},{"@type":"WebSite","@id":"https:\/\/www.welovecycling.com\/sk\/#website","url":"https:\/\/www.welovecycling.com\/sk\/","name":"\u0160koda We Love Cycling Slovensko","description":"\u0160koda We Love Cycling Slovensko je v\u00e1\u0161 ka\u017edodenn\u00fd zdroj noviniek a in\u0161pir\u00e1cie z sveta cyklistiky","potentialAction":[{"@type":"SearchAction","target":{"@type":"EntryPoint","urlTemplate":"https:\/\/www.welovecycling.com\/sk\/?s={search_term_string}"},"query-input":{"@type":"PropertyValueSpecification","valueRequired":true,"valueName":"search_term_string"}}],"inLanguage":"sk-SK"},{"@type":"Person","@id":"https:\/\/www.welovecycling.com\/sk\/#\/schema\/person\/533b62b98b6c41bd5135ebfb1f742624","name":"dominika","image":{"@type":"ImageObject","inLanguage":"sk-SK","@id":"https:\/\/www.welovecycling.com\/sk\/#\/schema\/person\/image\/","url":"https:\/\/secure.gravatar.com\/avatar\/ded6f274ba2ec3e17fff153f7d9d96a4b33c2cb63907f75d9a5309c599a7f3e6?s=96&d=mm&r=g","contentUrl":"https:\/\/secure.gravatar.com\/avatar\/ded6f274ba2ec3e17fff153f7d9d96a4b33c2cb63907f75d9a5309c599a7f3e6?s=96&d=mm&r=g","caption":"dominika"},"url":"https:\/\/www.welovecycling.com\/sk\/author\/dominika\/"}]}},"_links":{"self":[{"href":"https:\/\/www.welovecycling.com\/sk\/wp-json\/wp\/v2\/posts\/10872","targetHints":{"allow":["GET"]}}],"collection":[{"href":"https:\/\/www.welovecycling.com\/sk\/wp-json\/wp\/v2\/posts"}],"about":[{"href":"https:\/\/www.welovecycling.com\/sk\/wp-json\/wp\/v2\/types\/post"}],"author":[{"embeddable":true,"href":"https:\/\/www.welovecycling.com\/sk\/wp-json\/wp\/v2\/users\/172"}],"replies":[{"embeddable":true,"href":"https:\/\/www.welovecycling.com\/sk\/wp-json\/wp\/v2\/comments?post=10872"}],"version-history":[{"count":2,"href":"https:\/\/www.welovecycling.com\/sk\/wp-json\/wp\/v2\/posts\/10872\/revisions"}],"predecessor-version":[{"id":10880,"href":"https:\/\/www.welovecycling.com\/sk\/wp-json\/wp\/v2\/posts\/10872\/revisions\/10880"}],"wp:featuredmedia":[{"embeddable":true,"href":"https:\/\/www.welovecycling.com\/sk\/wp-json\/wp\/v2\/media\/10877"}],"wp:attachment":[{"href":"https:\/\/www.welovecycling.com\/sk\/wp-json\/wp\/v2\/media?parent=10872"}],"wp:term":[{"taxonomy":"category","embeddable":true,"href":"https:\/\/www.welovecycling.com\/sk\/wp-json\/wp\/v2\/categories?post=10872"},{"taxonomy":"post_tag","embeddable":true,"href":"https:\/\/www.welovecycling.com\/sk\/wp-json\/wp\/v2\/tags?post=10872"},{"taxonomy":"global-categories","embeddable":true,"href":"https:\/\/www.welovecycling.com\/sk\/wp-json\/wp\/v2\/global-categories?post=10872"}],"curies":[{"name":"wp","href":"https:\/\/api.w.org\/{rel}","templated":true}]}}