{"id":10864,"date":"2020-10-02T10:00:08","date_gmt":"2020-10-02T08:00:08","guid":{"rendered":"https:\/\/www.welovecycling.com\/sk\/?p=10864"},"modified":"2020-10-01T09:14:36","modified_gmt":"2020-10-01T07:14:36","slug":"ake-ma-peter-sagan-sance-na-vyhru-sprinterskeho-fialoveho-dresu-na-gire","status":"publish","type":"post","link":"https:\/\/www.welovecycling.com\/sk\/2020\/10\/02\/ake-ma-peter-sagan-sance-na-vyhru-sprinterskeho-fialoveho-dresu-na-gire\/","title":{"rendered":"Ak\u00e9 ma Peter Sagan \u0161ance na v\u00fdhru \u201e\u0161print\u00e9rskeho\u201c fialov\u00e9ho dresu na Gire?"},"content":{"rendered":"<p><strong>Po menej \u00faspe\u0161nej Tour, kedy Petrovi aj po nap\u00ednavom s\u00faboji unikol rekordn\u00fd, \u00f4smy zelen\u00fd dres, prich\u00e1dza \u010fal\u0161ia historick\u00e1 chv\u00ed\u013ea. Peter Sagan sa debutovo postav\u00ed na \u0161tart Gira. \u010cakaj\u00fa ho svetlej\u0161ie chv\u00edle ne\u017e vo Franc\u00fazsku alebo sa zopakuje neblah\u00fd scen\u00e1r minul\u00fdch t\u00fd\u017ed\u0148ov?<\/strong><!--more--><\/p>\n<h2><strong>Po vy\u0161e 10 rokoch kari\u00e9ry po prv\u00fdkr\u00e1t na Gire<\/strong><\/h2>\n<p>Znie to a\u017e neuverite\u013ene, av\u0161ak slovensk\u00fd jazdec sa po\u010das svojej kari\u00e9ry e\u0161te nez\u00fa\u010dastnil na jednom z\u00a0trojice svetov\u00fdch trojt\u00fd\u017ed\u0148ov\u00fdch etap\u00e1kov. Celkovo sa tak z\u00fa\u010dastnil na 13 podujatiach, z\u00a0toho 4&nbsp;kr\u00e1t na Vuelte a\u00a0a\u017e 9 kr\u00e1t na Tour. Zauj\u00edmavos\u0165ou je aj skuto\u010dnos\u0165, \u017ee od svojho za\u010diatku profesion\u00e1lnej cestne kari\u00e9ry, <strong>p\u00f4sobil v\u00a0talianskom t\u00edme cel\u00fdch p\u00e4\u0165 sez\u00f3n<\/strong>! Ani to asi nebolo dostato\u010dn\u00e9 na to, aby sa dostal do nomin\u00e1cie na Giro. <\/p>\n<lite-youtube videoid=maZgWQlkdPs params=\"enablejsapi=1\" style=\"background-image: url('https:\/\/i.ytimg.com\/vi_webp\/maZgWQlkdPs\/maxresdefault.webp');\"><\/lite-youtube>\n<p>V\u00a0rozhovore pre taliansky denn\u00edk, La Gazzetta dello Sport, op\u00edsal svoje pocity zo \u0161tartu v\u00a0\u0161t\u00fdle jemu vlastnom: <em>\u201eTento rok sa program pozmenil a\u00a0pred koncom kari\u00e9ry chcem \u0161tartova\u0165 aj na Gire. Tento rok je ten spr\u00e1vny \u010das a\u00a0d\u00fafajme, \u017ee to vyjde. Te\u0161\u00edm sa na to, \u017ee sa op\u00e4\u0165 vraciam na talianske preteky. Pospom\u00ednam na cesty, na ktor\u00fdch som jazdil v\u00a0\u010dase existovania Liquigasu a\u00a0nesk\u00f4r ka\u017ed\u00fd rok na Tirreno-Adriatico.\u201c<\/em><\/p>\n<h2><strong>Konkurencia je siln\u00e1, ale odli\u0161n\u00e1 ne\u017e na Tour<\/strong><\/h2>\n<p>Talianska alternat\u00edva franc\u00fazskeho zelen\u00e9ho dresu je fialov\u00fd dres &#8211; \u201eLa Maglia Ciclamino\u201c. Aj napriek zmene farby je st\u00e1le <strong>jedn\u00fdm zo \u0161tvorice najcennej\u0161\u00edch ocenen\u00ed na World Tour<\/strong> (samozrejme okrem v\u00fdhry v\u00a0etape). \u010co sa t\u00fdka hist\u00f3rie, minul\u00fd rok patril Saganovmu kolegovi, Pascalovi Ackermannovi, o\u00a0rok predt\u00fdm Elia Vivianimi a\u00a0e\u0161te pred n\u00edm Fernandovi Gaviriovi. Tieto men\u00e1 s\u00fa synonymami \u0161print\u00e9rskej elity, \u010do znamen\u00e1, \u017ee Peter bude v\u00a0ohrozen\u00ed predov\u0161etk\u00fdm od mien ako spom\u00ednan\u00ed Gaviria, Viviani alebo Rudy Barbier \u010di Arnaud D\u00e9mare.<\/p>\n<figure id=\"attachment_10869\" aria-describedby=\"caption-attachment-10869\" style=\"width: 728px\" class=\"wp-caption alignnone\"><a href=\"https:\/\/d2p6e6u75xmxt8.cloudfront.net\/4\/2020\/10\/01.jpg\"><img loading=\"lazy\" decoding=\"async\" src=\"https:\/\/d2p6e6u75xmxt8.cloudfront.net\/4\/2020\/10\/01.jpg\" alt=\"Etapa \u010d. 10 - vhodn\u00e1 pre \u00fatok v\u00a0kr\u00e1tkych ale n\u00e1ro\u010dn\u00fdch st\u00fapaniach tesne pred z\u00e1verom etapy.\" width=\"728\" height=\"253\" class=\"size-full wp-image-10869\" \/><\/a><figcaption id=\"caption-attachment-10869\" class=\"wp-caption-text\">Etapa \u010d. 10 &#8211; vhodn\u00e1 pre \u00fatok v\u00a0kr\u00e1tkych ale n\u00e1ro\u010dn\u00fdch st\u00fapaniach tesne pred z\u00e1verom etapy.<\/figcaption><\/figure>\n<p>V\u00a0itiner\u00e1ri tohtoro\u010dn\u00e9ho Gira je minim\u00e1lne 8 et\u00e1p, ktor\u00e9 m\u00f4\u017eu skon\u010di\u0165 v\u00ed\u0165azne pre \u0161print\u00e9rov &#8211; to znamen\u00e1, \u017ee ani na samotnej trati jednotliv\u00fdch et\u00e1p <strong>nie s\u00fa pr\u00edli\u0161 n\u00e1ro\u010dn\u00e9 st\u00fapania<\/strong>. To napom\u00e1ha pr\u00e1ve jazdcom ako Gaviria, D\u00e9mare alebo Viviani. Naviac, ako sme boli svedkami na tohtoro\u010dn\u00fdch MS pred nieko\u013ek\u00fdmi d\u0148ami, skvel\u00fa univerz\u00e1lnu formu m\u00e1 aj Matthews. Samozrejme, prekvapi\u0165 m\u00f4\u017ee ktoko\u013evek.<\/p>\n<lite-youtube videoid=8RJH-OR4qXU params=\"enablejsapi=1\" style=\"background-image: url('https:\/\/i.ytimg.com\/vi_webp\/8RJH-OR4qXU\/maxresdefault.webp');\"><\/lite-youtube>\n<h2><strong>Aj Peter je len \u010dlovek &#8211; \u010do e\u0161te zvl\u00e1dne jeho telo?<\/strong><\/h2>\n<p>D\u00f4le\u017eit\u00fdm aspektom pri odhadovan\u00ed v\u00fdsledku je aj zv\u00e1\u017ei\u0165, v\u00a0akej forme je samotn\u00fd pretek\u00e1r a\u00a0nespolieha\u0165 sa len na tradi\u010dn\u00e9 formul\u00e1cie o\u00a0jeho v\u00fdkonnosti. Aj Peter Sagan v\u00a0posledn\u00fdch dvoch rokoch pre\u017e\u00edva ak\u00fdsi regres, \u010do je v\u0161ak \u00faplne prirodzen\u00e9 (aj vzh\u013eadom na latku, ktor\u00fa si nastavil v\u00a0sez\u00f3ne 2016 a\u00a0pod.). Mo\u017eno je to sp\u00f4soben\u00e9 v\u00fdpadkom pretekov v\u00a0jarnej a\u00a0letnej \u010dasti, ale v\u00fdkony Petra Sagana mali po\u010das Tour postupn\u00fd vzostup. Aj ke\u010f dok\u00e1zal v\u00a0poslednej etape skon\u010di\u0165 tret\u00ed, <strong>je ot\u00e1zne, ako sa c\u00edti teraz<\/strong>.<\/p>\n<p>Peter po\u010das tejto sez\u00f3ny e\u0161te nezaznamenal po\u010das 43 pretek\u00e1rskych dn\u00ed ani jedno v\u00ed\u0165azstvo. Dve druh\u00e9 miesta a\u00a0samozrejme aj top 5 je u\u017e po\u010dtom bohat\u0161ie. Ak by mal v\u00fdkon Sagana st\u00fapaj\u00faci charakter, <strong>bol by jasn\u00fdm favoritom pre tohtoro\u010dn\u00e9 Giro<\/strong> &#8211; Vivianiho v\u00fdsledky na Tour s\u00fa takmer zanedbate\u013en\u00e9, okrem 4. miesta v\u00a010. etape a\u00a05. v\u00a0tej poslednej. Gaviria sa v\u00a0obdob\u00ed Gira nach\u00e1dzal na Tirreno-Adriatico, kde skon\u010dil druh\u00fdkr\u00e1t druh\u00fd &#8211; v\u00a0oboch pr\u00edpadoch za Ackermannom. D\u00e9mare bol zas na Tour de Luxembourg, kde z\u00edskal jedno prvenstvo. <\/p>\n<p>https:\/\/www.instagram.com\/p\/CCbBfaiIGP2\/ <\/p>\n<p>Z\u00e1sadnou ot\u00e1zkou v\u00a0tomto zmysle je \u00fanava Sagana a\u00a0samozrejme aj ostatn\u00fdch. Pozrime sa na to tak, \u017ee Sagan aj Viviani absolvovali 3 t\u00fd\u017edne na Tour, av\u0161ak s\u00a0t\u00fdm rozdielom, \u017ee Sagan bol <strong>akt\u00edvny v\u00a0celom priebehu v\u00a0snahe z\u00edska\u0165 zelen\u00fd dres<\/strong>, Viviani naopak vyu\u017e\u00edval v\u00e4\u010d\u0161inu et\u00e1p ako tranzit k\u00a0\u010fal\u0161\u00edm. Gaviria s\u00edce pretekal, ale na t\u00fd\u017ed\u0148ov\u00fdch pretekoch, rovnako ako D\u00e9mare. V\u00a0tejto rovnici vych\u00e1dza Sagan ako najviac \u201evy\u010derpan\u00fd\u201c jazdec. Navy\u0161e medzi Tour a\u00a0Girom s\u00fa len 2 t\u00fd\u017edne vo\u013en\u00e9ho \u010dasu, \u010do je na dostato\u010dn\u00fd oddych prim\u00e1lo. Av\u0161ak, mo\u017eno to bude dostato\u010dn\u00e1 d\u00e1vka na optim\u00e1lne vyladenie vrcholu sez\u00f3ny. Kto vie.<\/p>\n","protected":false},"excerpt":{"rendered":"<p>Po menej \u00faspe\u0161nej Tour, kedy Petrovi aj po nap\u00ednavom s\u00faboji unikol rekordn\u00fd, \u00f4smy zelen\u00fd dres, prich\u00e1dza \u010fal\u0161ia historick\u00e1 chv\u00ed\u013ea. Peter [&hellip;]<\/p>\n","protected":false},"author":81,"featured_media":10868,"comment_status":"open","ping_status":"open","sticky":false,"template":"","format":"standard","meta":{"footnotes":""},"categories":[64,63],"tags":[619,115,331,1263,65,46,1012,179,885,1006,20,55,219],"global-categories":[1074],"class_list":["post-10864","post","type-post","status-publish","format-standard","has-post-thumbnail","hentry","category-giro-ditalia","category-grand-tour","tag-bicyklovanie","tag-cestna-cyklistika","tag-etapove-preteky","tag-fialovy-dres","tag-giro-d-italia","tag-peter-sagan","tag-pretekar","tag-preteky","tag-profesional","tag-sprinter","tag-tour-de-france","tag-trening","tag-vuelta-a-espana","global-categories-cycling"],"yoast_head":"<!-- This site is optimized with the Yoast SEO Premium plugin v25.3 (Yoast SEO v25.9) - https:\/\/yoast.com\/wordpress\/plugins\/seo\/ -->\n<title>Ak\u00e9 ma Peter Sagan \u0161ance na v\u00fdhru \u201e\u0161print\u00e9rskeho\u201c fialov\u00e9ho dresu na Gire? - \u0160koda We Love Cycling Slovensko<\/title>\n<meta name=\"robots\" content=\"index, follow, max-snippet:-1, max-image-preview:large, max-video-preview:-1\" \/>\n<link rel=\"canonical\" href=\"https:\/\/www.welovecycling.com\/sk\/2020\/10\/02\/ake-ma-peter-sagan-sance-na-vyhru-sprinterskeho-fialoveho-dresu-na-gire\/\" \/>\n<meta property=\"og:locale\" content=\"sk_SK\" \/>\n<meta property=\"og:type\" content=\"article\" \/>\n<meta property=\"og:title\" content=\"Ak\u00e9 ma Peter Sagan \u0161ance na v\u00fdhru \u201e\u0161print\u00e9rskeho\u201c fialov\u00e9ho dresu na Gire?\" \/>\n<meta property=\"og:description\" content=\"Po menej \u00faspe\u0161nej Tour, kedy Petrovi aj po nap\u00ednavom s\u00faboji unikol rekordn\u00fd, \u00f4smy zelen\u00fd dres, prich\u00e1dza \u010fal\u0161ia historick\u00e1 chv\u00ed\u013ea. Peter [&hellip;]\" \/>\n<meta property=\"og:url\" content=\"https:\/\/www.welovecycling.com\/sk\/2020\/10\/02\/ake-ma-peter-sagan-sance-na-vyhru-sprinterskeho-fialoveho-dresu-na-gire\/\" \/>\n<meta property=\"og:site_name\" content=\"\u0160koda We Love Cycling Slovensko\" \/>\n<meta property=\"article:published_time\" content=\"2020-10-02T08:00:08+00:00\" \/>\n<meta property=\"og:image\" content=\"https:\/\/d2p6e6u75xmxt8.cloudfront.net\/4\/2020\/10\/Sagan_Giro_00.webp\" \/>\n\t<meta property=\"og:image:width\" content=\"1380\" \/>\n\t<meta property=\"og:image:height\" content=\"600\" \/>\n\t<meta property=\"og:image:type\" content=\"image\/webp\" \/>\n<meta name=\"twitter:card\" content=\"summary_large_image\" \/>\n<meta name=\"twitter:label1\" content=\"Written by\" \/>\n\t<meta name=\"twitter:data1\" content=\"WeLoveCycling\" \/>\n\t<meta name=\"twitter:label2\" content=\"Est. reading time\" \/>\n\t<meta name=\"twitter:data2\" content=\"3\" \/>\n<script type=\"application\/ld+json\" class=\"yoast-schema-graph\">{\"@context\":\"https:\/\/schema.org\",\"@graph\":[{\"@type\":\"WebPage\",\"@id\":\"https:\/\/www.welovecycling.com\/sk\/2020\/10\/02\/ake-ma-peter-sagan-sance-na-vyhru-sprinterskeho-fialoveho-dresu-na-gire\/\",\"url\":\"https:\/\/www.welovecycling.com\/sk\/2020\/10\/02\/ake-ma-peter-sagan-sance-na-vyhru-sprinterskeho-fialoveho-dresu-na-gire\/\",\"name\":\"Ak\u00e9 ma Peter Sagan \u0161ance na v\u00fdhru \u201e\u0161print\u00e9rskeho\u201c fialov\u00e9ho dresu na Gire? - \u0160koda We Love Cycling Slovensko\",\"isPartOf\":{\"@id\":\"https:\/\/www.welovecycling.com\/sk\/#website\"},\"primaryImageOfPage\":{\"@id\":\"https:\/\/www.welovecycling.com\/sk\/2020\/10\/02\/ake-ma-peter-sagan-sance-na-vyhru-sprinterskeho-fialoveho-dresu-na-gire\/#primaryimage\"},\"image\":{\"@id\":\"https:\/\/www.welovecycling.com\/sk\/2020\/10\/02\/ake-ma-peter-sagan-sance-na-vyhru-sprinterskeho-fialoveho-dresu-na-gire\/#primaryimage\"},\"thumbnailUrl\":\"https:\/\/d2p6e6u75xmxt8.cloudfront.net\/4\/2020\/10\/Sagan_Giro_00.webp\",\"datePublished\":\"2020-10-02T08:00:08+00:00\",\"author\":{\"@id\":\"\"},\"breadcrumb\":{\"@id\":\"https:\/\/www.welovecycling.com\/sk\/2020\/10\/02\/ake-ma-peter-sagan-sance-na-vyhru-sprinterskeho-fialoveho-dresu-na-gire\/#breadcrumb\"},\"inLanguage\":\"sk-SK\",\"potentialAction\":[{\"@type\":\"ReadAction\",\"target\":[\"https:\/\/www.welovecycling.com\/sk\/2020\/10\/02\/ake-ma-peter-sagan-sance-na-vyhru-sprinterskeho-fialoveho-dresu-na-gire\/\"]}]},{\"@type\":\"ImageObject\",\"inLanguage\":\"sk-SK\",\"@id\":\"https:\/\/www.welovecycling.com\/sk\/2020\/10\/02\/ake-ma-peter-sagan-sance-na-vyhru-sprinterskeho-fialoveho-dresu-na-gire\/#primaryimage\",\"url\":\"https:\/\/d2p6e6u75xmxt8.cloudfront.net\/4\/2020\/10\/Sagan_Giro_00.webp\",\"contentUrl\":\"https:\/\/d2p6e6u75xmxt8.cloudfront.net\/4\/2020\/10\/Sagan_Giro_00.webp\",\"width\":1380,\"height\":600},{\"@type\":\"BreadcrumbList\",\"@id\":\"https:\/\/www.welovecycling.com\/sk\/2020\/10\/02\/ake-ma-peter-sagan-sance-na-vyhru-sprinterskeho-fialoveho-dresu-na-gire\/#breadcrumb\",\"itemListElement\":[{\"@type\":\"ListItem\",\"position\":1,\"name\":\"Home\",\"item\":\"https:\/\/www.welovecycling.com\/sk\/\"},{\"@type\":\"ListItem\",\"position\":2,\"name\":\"Ak\u00e9 ma Peter Sagan \u0161ance na v\u00fdhru \u201e\u0161print\u00e9rskeho\u201c fialov\u00e9ho dresu na Gire?\"}]},{\"@type\":\"WebSite\",\"@id\":\"https:\/\/www.welovecycling.com\/sk\/#website\",\"url\":\"https:\/\/www.welovecycling.com\/sk\/\",\"name\":\"\u0160koda We Love Cycling Slovensko\",\"description\":\"\u0160koda We Love Cycling Slovensko je v\u00e1\u0161 ka\u017edodenn\u00fd zdroj noviniek a in\u0161pir\u00e1cie z sveta cyklistiky\",\"potentialAction\":[{\"@type\":\"SearchAction\",\"target\":{\"@type\":\"EntryPoint\",\"urlTemplate\":\"https:\/\/www.welovecycling.com\/sk\/?s={search_term_string}\"},\"query-input\":{\"@type\":\"PropertyValueSpecification\",\"valueRequired\":true,\"valueName\":\"search_term_string\"}}],\"inLanguage\":\"sk-SK\"},{\"@type\":\"Person\",\"@id\":\"\",\"url\":\"https:\/\/www.welovecycling.com\/sk\/author\/\"}]}<\/script>\n<!-- \/ Yoast SEO Premium plugin. -->","yoast_head_json":{"title":"Ak\u00e9 ma Peter Sagan \u0161ance na v\u00fdhru \u201e\u0161print\u00e9rskeho\u201c fialov\u00e9ho dresu na Gire? - \u0160koda We Love Cycling Slovensko","robots":{"index":"index","follow":"follow","max-snippet":"max-snippet:-1","max-image-preview":"max-image-preview:large","max-video-preview":"max-video-preview:-1"},"canonical":"https:\/\/www.welovecycling.com\/sk\/2020\/10\/02\/ake-ma-peter-sagan-sance-na-vyhru-sprinterskeho-fialoveho-dresu-na-gire\/","og_locale":"sk_SK","og_type":"article","og_title":"Ak\u00e9 ma Peter Sagan \u0161ance na v\u00fdhru \u201e\u0161print\u00e9rskeho\u201c fialov\u00e9ho dresu na Gire?","og_description":"Po menej \u00faspe\u0161nej Tour, kedy Petrovi aj po nap\u00ednavom s\u00faboji unikol rekordn\u00fd, \u00f4smy zelen\u00fd dres, prich\u00e1dza \u010fal\u0161ia historick\u00e1 chv\u00ed\u013ea. Peter [&hellip;]","og_url":"https:\/\/www.welovecycling.com\/sk\/2020\/10\/02\/ake-ma-peter-sagan-sance-na-vyhru-sprinterskeho-fialoveho-dresu-na-gire\/","og_site_name":"\u0160koda We Love Cycling Slovensko","article_published_time":"2020-10-02T08:00:08+00:00","og_image":[{"width":1380,"height":600,"url":"https:\/\/d2p6e6u75xmxt8.cloudfront.net\/4\/2020\/10\/Sagan_Giro_00.webp","type":"image\/webp"}],"twitter_card":"summary_large_image","twitter_misc":{"Written by":"WeLoveCycling","Est. reading time":"3"},"schema":{"@context":"https:\/\/schema.org","@graph":[{"@type":"WebPage","@id":"https:\/\/www.welovecycling.com\/sk\/2020\/10\/02\/ake-ma-peter-sagan-sance-na-vyhru-sprinterskeho-fialoveho-dresu-na-gire\/","url":"https:\/\/www.welovecycling.com\/sk\/2020\/10\/02\/ake-ma-peter-sagan-sance-na-vyhru-sprinterskeho-fialoveho-dresu-na-gire\/","name":"Ak\u00e9 ma Peter Sagan \u0161ance na v\u00fdhru \u201e\u0161print\u00e9rskeho\u201c fialov\u00e9ho dresu na Gire? - \u0160koda We Love Cycling Slovensko","isPartOf":{"@id":"https:\/\/www.welovecycling.com\/sk\/#website"},"primaryImageOfPage":{"@id":"https:\/\/www.welovecycling.com\/sk\/2020\/10\/02\/ake-ma-peter-sagan-sance-na-vyhru-sprinterskeho-fialoveho-dresu-na-gire\/#primaryimage"},"image":{"@id":"https:\/\/www.welovecycling.com\/sk\/2020\/10\/02\/ake-ma-peter-sagan-sance-na-vyhru-sprinterskeho-fialoveho-dresu-na-gire\/#primaryimage"},"thumbnailUrl":"https:\/\/d2p6e6u75xmxt8.cloudfront.net\/4\/2020\/10\/Sagan_Giro_00.webp","datePublished":"2020-10-02T08:00:08+00:00","author":{"@id":""},"breadcrumb":{"@id":"https:\/\/www.welovecycling.com\/sk\/2020\/10\/02\/ake-ma-peter-sagan-sance-na-vyhru-sprinterskeho-fialoveho-dresu-na-gire\/#breadcrumb"},"inLanguage":"sk-SK","potentialAction":[{"@type":"ReadAction","target":["https:\/\/www.welovecycling.com\/sk\/2020\/10\/02\/ake-ma-peter-sagan-sance-na-vyhru-sprinterskeho-fialoveho-dresu-na-gire\/"]}]},{"@type":"ImageObject","inLanguage":"sk-SK","@id":"https:\/\/www.welovecycling.com\/sk\/2020\/10\/02\/ake-ma-peter-sagan-sance-na-vyhru-sprinterskeho-fialoveho-dresu-na-gire\/#primaryimage","url":"https:\/\/d2p6e6u75xmxt8.cloudfront.net\/4\/2020\/10\/Sagan_Giro_00.webp","contentUrl":"https:\/\/d2p6e6u75xmxt8.cloudfront.net\/4\/2020\/10\/Sagan_Giro_00.webp","width":1380,"height":600},{"@type":"BreadcrumbList","@id":"https:\/\/www.welovecycling.com\/sk\/2020\/10\/02\/ake-ma-peter-sagan-sance-na-vyhru-sprinterskeho-fialoveho-dresu-na-gire\/#breadcrumb","itemListElement":[{"@type":"ListItem","position":1,"name":"Home","item":"https:\/\/www.welovecycling.com\/sk\/"},{"@type":"ListItem","position":2,"name":"Ak\u00e9 ma Peter Sagan \u0161ance na v\u00fdhru \u201e\u0161print\u00e9rskeho\u201c fialov\u00e9ho dresu na Gire?"}]},{"@type":"WebSite","@id":"https:\/\/www.welovecycling.com\/sk\/#website","url":"https:\/\/www.welovecycling.com\/sk\/","name":"\u0160koda We Love Cycling Slovensko","description":"\u0160koda We Love Cycling Slovensko je v\u00e1\u0161 ka\u017edodenn\u00fd zdroj noviniek a in\u0161pir\u00e1cie z sveta cyklistiky","potentialAction":[{"@type":"SearchAction","target":{"@type":"EntryPoint","urlTemplate":"https:\/\/www.welovecycling.com\/sk\/?s={search_term_string}"},"query-input":{"@type":"PropertyValueSpecification","valueRequired":true,"valueName":"search_term_string"}}],"inLanguage":"sk-SK"},{"@type":"Person","@id":"","url":"https:\/\/www.welovecycling.com\/sk\/author\/"}]}},"_links":{"self":[{"href":"https:\/\/www.welovecycling.com\/sk\/wp-json\/wp\/v2\/posts\/10864","targetHints":{"allow":["GET"]}}],"collection":[{"href":"https:\/\/www.welovecycling.com\/sk\/wp-json\/wp\/v2\/posts"}],"about":[{"href":"https:\/\/www.welovecycling.com\/sk\/wp-json\/wp\/v2\/types\/post"}],"author":[{"embeddable":true,"href":"https:\/\/www.welovecycling.com\/sk\/wp-json\/wp\/v2\/users\/81"}],"replies":[{"embeddable":true,"href":"https:\/\/www.welovecycling.com\/sk\/wp-json\/wp\/v2\/comments?post=10864"}],"version-history":[{"count":2,"href":"https:\/\/www.welovecycling.com\/sk\/wp-json\/wp\/v2\/posts\/10864\/revisions"}],"predecessor-version":[{"id":10871,"href":"https:\/\/www.welovecycling.com\/sk\/wp-json\/wp\/v2\/posts\/10864\/revisions\/10871"}],"wp:featuredmedia":[{"embeddable":true,"href":"https:\/\/www.welovecycling.com\/sk\/wp-json\/wp\/v2\/media\/10868"}],"wp:attachment":[{"href":"https:\/\/www.welovecycling.com\/sk\/wp-json\/wp\/v2\/media?parent=10864"}],"wp:term":[{"taxonomy":"category","embeddable":true,"href":"https:\/\/www.welovecycling.com\/sk\/wp-json\/wp\/v2\/categories?post=10864"},{"taxonomy":"post_tag","embeddable":true,"href":"https:\/\/www.welovecycling.com\/sk\/wp-json\/wp\/v2\/tags?post=10864"},{"taxonomy":"global-categories","embeddable":true,"href":"https:\/\/www.welovecycling.com\/sk\/wp-json\/wp\/v2\/global-categories?post=10864"}],"curies":[{"name":"wp","href":"https:\/\/api.w.org\/{rel}","templated":true}]}}