{"id":10843,"date":"2020-09-30T10:00:03","date_gmt":"2020-09-30T08:00:03","guid":{"rendered":"https:\/\/www.welovecycling.com\/sk\/?p=10843"},"modified":"2020-09-28T18:44:37","modified_gmt":"2020-09-28T16:44:37","slug":"reportaz-skoda-mtb-maraton-rajecke-teplice-finale-v-tazkych-podmienkach","status":"publish","type":"post","link":"https:\/\/www.welovecycling.com\/sk\/2020\/09\/30\/reportaz-skoda-mtb-maraton-rajecke-teplice-finale-v-tazkych-podmienkach\/","title":{"rendered":"Report\u00e1\u017e: \u0160koda MTB MARAT\u00d3N Rajeck\u00e9 Teplice \u2013 fin\u00e1le v \u0165a\u017ek\u00fdch podmienkach"},"content":{"rendered":"<p><strong>V sobotu 26. 09. 2020 sa konalo vyvrcholenie na\u0161ej pretek\u00e1rskej s\u00e9rie \u0160koda BIKE OPEN TOUR. Sme radi, \u017ee aj v tomto \u0165a\u017ekom roku, \u010do sa t\u00fdka usporad\u00favania akci\u00ed, sa n\u00e1m podarilo podpori\u0165 a zorganizova\u0165 trojicu pretekov. Posledn\u00e9 podujatie sa konalo v Rajeck\u00fdch Tepliciach a po\u010dasie n\u00e1m ve\u013emi neprialo. No t\u00ed najodolnej\u0161\u00ed a najsilnej\u0161\u00ed sa nenechali odradi\u0165.<\/strong><!--more--><\/p>\n<p>Teplota okolo 15 stup\u0148ov, vietor, d\u00e1\u017e\u010f. Tieto podmienky <strong>s\u013eubovali epick\u00e9 preteky<\/strong> a kto sa postavil na \u0161tart, ten si tento de\u0148 zapam\u00e4t\u00e1 na dlho. No cyklistika je \u0161port, ktor\u00fd sa vykon\u00e1va aj za tak\u00fdchto podmienok a viacer\u00ed odv\u00e1\u017elivci sa postavili na \u0161tart vo svojich kateg\u00f3ri\u00e1ch.<\/p>\n<div id='gallery-1' class='gallery galleryid-10843 gallery-columns-2 gallery-size-full'><figure class='gallery-item'>\n\t\t\t<div class='gallery-icon landscape'>\n\t\t\t\t<a href='https:\/\/d2p6e6u75xmxt8.cloudfront.net\/4\/2020\/09\/SBOT-Rajecke-Teplice_01.webp'><img loading=\"lazy\" decoding=\"async\" width=\"1200\" height=\"800\" src=\"https:\/\/d2p6e6u75xmxt8.cloudfront.net\/4\/2020\/09\/SBOT-Rajecke-Teplice_01.webp\" class=\"attachment-full size-full\" alt=\"\" srcset=\"https:\/\/d2p6e6u75xmxt8.cloudfront.net\/4\/2020\/09\/SBOT-Rajecke-Teplice_01.webp 1200w, https:\/\/d2p6e6u75xmxt8.cloudfront.net\/4\/2020\/09\/SBOT-Rajecke-Teplice_01-300x200.webp 300w, https:\/\/d2p6e6u75xmxt8.cloudfront.net\/4\/2020\/09\/SBOT-Rajecke-Teplice_01-1024x683.webp 1024w, https:\/\/d2p6e6u75xmxt8.cloudfront.net\/4\/2020\/09\/SBOT-Rajecke-Teplice_01-768x512.webp 768w, https:\/\/d2p6e6u75xmxt8.cloudfront.net\/4\/2020\/09\/SBOT-Rajecke-Teplice_01-272x182.webp 272w\" sizes=\"auto, (max-width: 1200px) 100vw, 1200px\" \/><\/a>\n\t\t\t<\/div><\/figure><figure class='gallery-item'>\n\t\t\t<div class='gallery-icon landscape'>\n\t\t\t\t<a href='https:\/\/d2p6e6u75xmxt8.cloudfront.net\/4\/2020\/09\/SBOT-Rajecke-Teplice_02.webp'><img loading=\"lazy\" decoding=\"async\" width=\"1200\" height=\"800\" src=\"https:\/\/d2p6e6u75xmxt8.cloudfront.net\/4\/2020\/09\/SBOT-Rajecke-Teplice_02.webp\" class=\"attachment-full size-full\" alt=\"\" srcset=\"https:\/\/d2p6e6u75xmxt8.cloudfront.net\/4\/2020\/09\/SBOT-Rajecke-Teplice_02.webp 1200w, https:\/\/d2p6e6u75xmxt8.cloudfront.net\/4\/2020\/09\/SBOT-Rajecke-Teplice_02-300x200.webp 300w, https:\/\/d2p6e6u75xmxt8.cloudfront.net\/4\/2020\/09\/SBOT-Rajecke-Teplice_02-1024x683.webp 1024w, https:\/\/d2p6e6u75xmxt8.cloudfront.net\/4\/2020\/09\/SBOT-Rajecke-Teplice_02-768x512.webp 768w, https:\/\/d2p6e6u75xmxt8.cloudfront.net\/4\/2020\/09\/SBOT-Rajecke-Teplice_02-272x182.webp 272w\" sizes=\"auto, (max-width: 1200px) 100vw, 1200px\" \/><\/a>\n\t\t\t<\/div><\/figure><figure class='gallery-item'>\n\t\t\t<div class='gallery-icon landscape'>\n\t\t\t\t<a href='https:\/\/d2p6e6u75xmxt8.cloudfront.net\/4\/2020\/09\/SBOT-Rajecke-Teplice_03.webp'><img loading=\"lazy\" decoding=\"async\" width=\"1200\" height=\"800\" src=\"https:\/\/d2p6e6u75xmxt8.cloudfront.net\/4\/2020\/09\/SBOT-Rajecke-Teplice_03.webp\" class=\"attachment-full size-full\" alt=\"\" srcset=\"https:\/\/d2p6e6u75xmxt8.cloudfront.net\/4\/2020\/09\/SBOT-Rajecke-Teplice_03.webp 1200w, https:\/\/d2p6e6u75xmxt8.cloudfront.net\/4\/2020\/09\/SBOT-Rajecke-Teplice_03-300x200.webp 300w, https:\/\/d2p6e6u75xmxt8.cloudfront.net\/4\/2020\/09\/SBOT-Rajecke-Teplice_03-1024x683.webp 1024w, https:\/\/d2p6e6u75xmxt8.cloudfront.net\/4\/2020\/09\/SBOT-Rajecke-Teplice_03-768x512.webp 768w, https:\/\/d2p6e6u75xmxt8.cloudfront.net\/4\/2020\/09\/SBOT-Rajecke-Teplice_03-272x182.webp 272w\" sizes=\"auto, (max-width: 1200px) 100vw, 1200px\" \/><\/a>\n\t\t\t<\/div><\/figure><figure class='gallery-item'>\n\t\t\t<div class='gallery-icon landscape'>\n\t\t\t\t<a href='https:\/\/d2p6e6u75xmxt8.cloudfront.net\/4\/2020\/09\/SBOT-Rajecke-Teplice_04.webp'><img loading=\"lazy\" decoding=\"async\" width=\"1200\" height=\"800\" src=\"https:\/\/d2p6e6u75xmxt8.cloudfront.net\/4\/2020\/09\/SBOT-Rajecke-Teplice_04.webp\" class=\"attachment-full size-full\" alt=\"\" srcset=\"https:\/\/d2p6e6u75xmxt8.cloudfront.net\/4\/2020\/09\/SBOT-Rajecke-Teplice_04.webp 1200w, https:\/\/d2p6e6u75xmxt8.cloudfront.net\/4\/2020\/09\/SBOT-Rajecke-Teplice_04-300x200.webp 300w, https:\/\/d2p6e6u75xmxt8.cloudfront.net\/4\/2020\/09\/SBOT-Rajecke-Teplice_04-1024x683.webp 1024w, https:\/\/d2p6e6u75xmxt8.cloudfront.net\/4\/2020\/09\/SBOT-Rajecke-Teplice_04-768x512.webp 768w, https:\/\/d2p6e6u75xmxt8.cloudfront.net\/4\/2020\/09\/SBOT-Rajecke-Teplice_04-272x182.webp 272w\" sizes=\"auto, (max-width: 1200px) 100vw, 1200px\" \/><\/a>\n\t\t\t<\/div><\/figure>\n\t\t<\/div>\n\n<h2><strong>Ak\u00e9 trate boli v ponuke?<\/strong><\/h2>\n<p>Na v\u00fdber bolo z trojice trat\u00ed. Najkrat\u0161ia merala 18,5 km a viedla bl\u00edzkymi l\u00fakami a \u010diasto\u010dne aj lesmi v okol\u00ed Rajeck\u00fdch Tepl\u00edc. Strednou verziou bolo 50 km s dvomi v\u00fd\u017eivnej\u0161\u00edmi st\u00fapaniami. Pr\u00e1ve st\u00fapanie za\u010dalo bezprostredne po \u0161tarte a <strong>viedlo a\u017e na hrebe\u0148 L\u00fa\u010danskej Malej Fatry<\/strong> do v\u00fd\u0161ky vy\u0161e 1 000 m n. m. T\u00fdchto 50 kilometrov bolo mo\u017en\u00e9 absolvova\u0165 aj na gravel biku. Poslednou bola klasick\u00e1 marat\u00f3nska tra\u0165 v d\u013a\u017eke 80 km. <\/p>\n<div id='gallery-2' class='gallery galleryid-10843 gallery-columns-2 gallery-size-full'><figure class='gallery-item'>\n\t\t\t<div class='gallery-icon landscape'>\n\t\t\t\t<a href='https:\/\/d2p6e6u75xmxt8.cloudfront.net\/4\/2020\/09\/SBOT-Rajecke-Teplice_06.webp'><img loading=\"lazy\" decoding=\"async\" width=\"1200\" height=\"800\" src=\"https:\/\/d2p6e6u75xmxt8.cloudfront.net\/4\/2020\/09\/SBOT-Rajecke-Teplice_06.webp\" class=\"attachment-full size-full\" alt=\"\" srcset=\"https:\/\/d2p6e6u75xmxt8.cloudfront.net\/4\/2020\/09\/SBOT-Rajecke-Teplice_06.webp 1200w, https:\/\/d2p6e6u75xmxt8.cloudfront.net\/4\/2020\/09\/SBOT-Rajecke-Teplice_06-300x200.webp 300w, https:\/\/d2p6e6u75xmxt8.cloudfront.net\/4\/2020\/09\/SBOT-Rajecke-Teplice_06-1024x683.webp 1024w, https:\/\/d2p6e6u75xmxt8.cloudfront.net\/4\/2020\/09\/SBOT-Rajecke-Teplice_06-768x512.webp 768w, https:\/\/d2p6e6u75xmxt8.cloudfront.net\/4\/2020\/09\/SBOT-Rajecke-Teplice_06-272x182.webp 272w\" sizes=\"auto, (max-width: 1200px) 100vw, 1200px\" \/><\/a>\n\t\t\t<\/div><\/figure><figure class='gallery-item'>\n\t\t\t<div class='gallery-icon landscape'>\n\t\t\t\t<a href='https:\/\/d2p6e6u75xmxt8.cloudfront.net\/4\/2020\/09\/SBOT-Rajecke-Teplice_05.webp'><img loading=\"lazy\" decoding=\"async\" width=\"1200\" height=\"800\" src=\"https:\/\/d2p6e6u75xmxt8.cloudfront.net\/4\/2020\/09\/SBOT-Rajecke-Teplice_05.webp\" class=\"attachment-full size-full\" alt=\"\" srcset=\"https:\/\/d2p6e6u75xmxt8.cloudfront.net\/4\/2020\/09\/SBOT-Rajecke-Teplice_05.webp 1200w, https:\/\/d2p6e6u75xmxt8.cloudfront.net\/4\/2020\/09\/SBOT-Rajecke-Teplice_05-300x200.webp 300w, https:\/\/d2p6e6u75xmxt8.cloudfront.net\/4\/2020\/09\/SBOT-Rajecke-Teplice_05-1024x683.webp 1024w, https:\/\/d2p6e6u75xmxt8.cloudfront.net\/4\/2020\/09\/SBOT-Rajecke-Teplice_05-768x512.webp 768w, https:\/\/d2p6e6u75xmxt8.cloudfront.net\/4\/2020\/09\/SBOT-Rajecke-Teplice_05-272x182.webp 272w\" sizes=\"auto, (max-width: 1200px) 100vw, 1200px\" \/><\/a>\n\t\t\t<\/div><\/figure>\n\t\t<\/div>\n\n<h2><strong>V\u00ed\u0165azi<\/strong><\/h2>\n<p>Najlep\u0161\u00edm jazdcom na dlhej trati sa stal <strong>Martin Siran s \u010dasom 03:43:15<\/strong>. Stredn\u00fa tra\u0165 ovl\u00e1dol <strong>Andrej Kubi\u0161<\/strong> a v kateg\u00f3rii \u017eien sa s 50. kilometrami najlep\u0161ie popasovala <strong>Tatiana Mo\u0161kov\u00e1<\/strong>. Kompletn\u00e9 v\u00fdsledky si m\u00f4\u017eete pozrie\u0165 na <a href=\"https:\/\/sportsofttiming.sk\/sk\/zavod\/overview\/5416\" rel=\"noopener noreferrer\" target=\"_blank\">tomto odkaze<\/a>.<\/p>\n<div id='gallery-3' class='gallery galleryid-10843 gallery-columns-2 gallery-size-full'><figure class='gallery-item'>\n\t\t\t<div class='gallery-icon landscape'>\n\t\t\t\t<a href='https:\/\/d2p6e6u75xmxt8.cloudfront.net\/4\/2020\/09\/SBOT_12-1.webp'><img loading=\"lazy\" decoding=\"async\" width=\"1200\" height=\"800\" src=\"https:\/\/d2p6e6u75xmxt8.cloudfront.net\/4\/2020\/09\/SBOT_12-1.webp\" class=\"attachment-full size-full\" alt=\"\" srcset=\"https:\/\/d2p6e6u75xmxt8.cloudfront.net\/4\/2020\/09\/SBOT_12-1.webp 1200w, https:\/\/d2p6e6u75xmxt8.cloudfront.net\/4\/2020\/09\/SBOT_12-1-300x200.webp 300w, https:\/\/d2p6e6u75xmxt8.cloudfront.net\/4\/2020\/09\/SBOT_12-1-1024x683.webp 1024w, https:\/\/d2p6e6u75xmxt8.cloudfront.net\/4\/2020\/09\/SBOT_12-1-768x512.webp 768w, https:\/\/d2p6e6u75xmxt8.cloudfront.net\/4\/2020\/09\/SBOT_12-1-272x182.webp 272w\" sizes=\"auto, (max-width: 1200px) 100vw, 1200px\" \/><\/a>\n\t\t\t<\/div><\/figure><figure class='gallery-item'>\n\t\t\t<div class='gallery-icon landscape'>\n\t\t\t\t<a href='https:\/\/d2p6e6u75xmxt8.cloudfront.net\/4\/2020\/09\/SBOT_12-2.webp'><img loading=\"lazy\" decoding=\"async\" width=\"1200\" height=\"800\" src=\"https:\/\/d2p6e6u75xmxt8.cloudfront.net\/4\/2020\/09\/SBOT_12-2.webp\" class=\"attachment-full size-full\" alt=\"\" srcset=\"https:\/\/d2p6e6u75xmxt8.cloudfront.net\/4\/2020\/09\/SBOT_12-2.webp 1200w, https:\/\/d2p6e6u75xmxt8.cloudfront.net\/4\/2020\/09\/SBOT_12-2-300x200.webp 300w, https:\/\/d2p6e6u75xmxt8.cloudfront.net\/4\/2020\/09\/SBOT_12-2-1024x683.webp 1024w, https:\/\/d2p6e6u75xmxt8.cloudfront.net\/4\/2020\/09\/SBOT_12-2-768x512.webp 768w, https:\/\/d2p6e6u75xmxt8.cloudfront.net\/4\/2020\/09\/SBOT_12-2-272x182.webp 272w\" sizes=\"auto, (max-width: 1200px) 100vw, 1200px\" \/><\/a>\n\t\t\t<\/div><\/figure>\n\t\t<\/div>\n\n<p>Po takto n\u00e1ro\u010dnom dni v\u0161etci z\u00fa\u010dastnen\u00ed <strong>ur\u010dite ocenili z\u00e1zemie are\u00e1lu<\/strong>, mo\u017enos\u0165 umy\u0165 si svoje zablaten\u00e9 bicykle a tie\u017e mo\u017enos\u0165 vr\u00e1ti\u0165 sa do svojej \u201c\u013eudskej podoby\u201d \ud83d\ude0a. Na z\u00e1ver nech\u00fdbala ani tombola a jeden z \u00fa\u010dastn\u00edkov si odniesol retro bicykel \u0160koda Voiturette. Fotogal\u00e9riu z tohto d\u0148a n\u00e1jdete na <a href=\"https:\/\/www.welovecycling.com\/sk\/?p=10840&#038;preview=true\" rel=\"noopener noreferrer\" target=\"_blank\">tomto odkaze<\/a>.<\/p>\n<div id='gallery-4' class='gallery galleryid-10843 gallery-columns-2 gallery-size-full'><figure class='gallery-item'>\n\t\t\t<div class='gallery-icon landscape'>\n\t\t\t\t<a href='https:\/\/d2p6e6u75xmxt8.cloudfront.net\/4\/2020\/09\/SBOT-Rajecke-Teplice_09.webp'><img loading=\"lazy\" decoding=\"async\" width=\"1200\" height=\"800\" src=\"https:\/\/d2p6e6u75xmxt8.cloudfront.net\/4\/2020\/09\/SBOT-Rajecke-Teplice_09.webp\" class=\"attachment-full size-full\" alt=\"\" srcset=\"https:\/\/d2p6e6u75xmxt8.cloudfront.net\/4\/2020\/09\/SBOT-Rajecke-Teplice_09.webp 1200w, https:\/\/d2p6e6u75xmxt8.cloudfront.net\/4\/2020\/09\/SBOT-Rajecke-Teplice_09-300x200.webp 300w, https:\/\/d2p6e6u75xmxt8.cloudfront.net\/4\/2020\/09\/SBOT-Rajecke-Teplice_09-1024x683.webp 1024w, https:\/\/d2p6e6u75xmxt8.cloudfront.net\/4\/2020\/09\/SBOT-Rajecke-Teplice_09-768x512.webp 768w, https:\/\/d2p6e6u75xmxt8.cloudfront.net\/4\/2020\/09\/SBOT-Rajecke-Teplice_09-272x182.webp 272w\" sizes=\"auto, (max-width: 1200px) 100vw, 1200px\" \/><\/a>\n\t\t\t<\/div><\/figure><figure class='gallery-item'>\n\t\t\t<div class='gallery-icon landscape'>\n\t\t\t\t<a href='https:\/\/d2p6e6u75xmxt8.cloudfront.net\/4\/2020\/09\/SBOT-Rajecke-Teplice_10.webp'><img loading=\"lazy\" decoding=\"async\" width=\"1200\" height=\"800\" src=\"https:\/\/d2p6e6u75xmxt8.cloudfront.net\/4\/2020\/09\/SBOT-Rajecke-Teplice_10.webp\" class=\"attachment-full size-full\" alt=\"\" srcset=\"https:\/\/d2p6e6u75xmxt8.cloudfront.net\/4\/2020\/09\/SBOT-Rajecke-Teplice_10.webp 1200w, https:\/\/d2p6e6u75xmxt8.cloudfront.net\/4\/2020\/09\/SBOT-Rajecke-Teplice_10-300x200.webp 300w, https:\/\/d2p6e6u75xmxt8.cloudfront.net\/4\/2020\/09\/SBOT-Rajecke-Teplice_10-1024x683.webp 1024w, https:\/\/d2p6e6u75xmxt8.cloudfront.net\/4\/2020\/09\/SBOT-Rajecke-Teplice_10-768x512.webp 768w, https:\/\/d2p6e6u75xmxt8.cloudfront.net\/4\/2020\/09\/SBOT-Rajecke-Teplice_10-272x182.webp 272w\" sizes=\"auto, (max-width: 1200px) 100vw, 1200px\" \/><\/a>\n\t\t\t<\/div><\/figure>\n\t\t<\/div>\n\n<p>Tak\u00e1to bola sez\u00f3na \u0160koda BIKE OPEN TOUR 2020. <strong>\u010eakujeme v\u00e1m za \u00fa\u010das\u0165 na ka\u017edom kole<\/strong> a u\u017eite si zvy\u0161ok jesene na dvoch koles\u00e1ch.<\/p>\n","protected":false},"excerpt":{"rendered":"<p>V sobotu 26. 09. 2020 sa konalo vyvrcholenie na\u0161ej pretek\u00e1rskej s\u00e9rie \u0160koda BIKE OPEN TOUR. Sme radi, \u017ee aj v [&hellip;]<\/p>\n","protected":false},"author":81,"featured_media":10854,"comment_status":"open","ping_status":"open","sticky":false,"template":"","format":"standard","meta":{"footnotes":""},"categories":[38,33],"tags":[180,532,178,412,256,542,1009,35,77,860,269],"global-categories":[1074],"class_list":["post-10843","post","type-post","status-publish","format-standard","has-post-thumbnail","hentry","category-reportaz","category-sbot","tag-horska-cyklistika","tag-jazdenie","tag-maraton","tag-mtb","tag-sezona","tag-skoda","tag-skoda-auto","tag-sbot","tag-skoda-dedina","tag-skoda-mtb-maraton-rajecke-teplice","tag-vitaz","global-categories-cycling"],"yoast_head":"<!-- This site is optimized with the Yoast SEO Premium plugin v25.3 (Yoast SEO v25.9) - https:\/\/yoast.com\/wordpress\/plugins\/seo\/ -->\n<title>Report\u00e1\u017e: \u0160koda MTB MARAT\u00d3N Rajeck\u00e9 Teplice \u2013 fin\u00e1le v \u0165a\u017ek\u00fdch podmienkach - \u0160koda We Love Cycling Slovensko<\/title>\n<meta name=\"robots\" content=\"index, follow, max-snippet:-1, max-image-preview:large, max-video-preview:-1\" \/>\n<link rel=\"canonical\" href=\"https:\/\/www.welovecycling.com\/sk\/2020\/09\/30\/reportaz-skoda-mtb-maraton-rajecke-teplice-finale-v-tazkych-podmienkach\/\" \/>\n<meta property=\"og:locale\" content=\"sk_SK\" \/>\n<meta property=\"og:type\" content=\"article\" \/>\n<meta property=\"og:title\" content=\"Report\u00e1\u017e: \u0160koda MTB MARAT\u00d3N Rajeck\u00e9 Teplice \u2013 fin\u00e1le v \u0165a\u017ek\u00fdch podmienkach\" \/>\n<meta property=\"og:description\" content=\"V sobotu 26. 09. 2020 sa konalo vyvrcholenie na\u0161ej pretek\u00e1rskej s\u00e9rie \u0160koda BIKE OPEN TOUR. Sme radi, \u017ee aj v [&hellip;]\" \/>\n<meta property=\"og:url\" content=\"https:\/\/www.welovecycling.com\/sk\/2020\/09\/30\/reportaz-skoda-mtb-maraton-rajecke-teplice-finale-v-tazkych-podmienkach\/\" \/>\n<meta property=\"og:site_name\" content=\"\u0160koda We Love Cycling Slovensko\" \/>\n<meta property=\"article:published_time\" content=\"2020-09-30T08:00:03+00:00\" \/>\n<meta property=\"og:image\" content=\"https:\/\/d2p6e6u75xmxt8.cloudfront.net\/4\/2020\/09\/SBOT-Rajecke-Teplice_00.webp\" \/>\n\t<meta property=\"og:image:width\" content=\"1380\" \/>\n\t<meta property=\"og:image:height\" content=\"600\" \/>\n\t<meta property=\"og:image:type\" content=\"image\/webp\" \/>\n<meta name=\"twitter:card\" content=\"summary_large_image\" \/>\n<meta name=\"twitter:label1\" content=\"Written by\" \/>\n\t<meta name=\"twitter:data1\" content=\"WeLoveCycling\" \/>\n\t<meta name=\"twitter:label2\" content=\"Est. reading time\" \/>\n\t<meta name=\"twitter:data2\" content=\"2\" \/>\n<script type=\"application\/ld+json\" class=\"yoast-schema-graph\">{\"@context\":\"https:\/\/schema.org\",\"@graph\":[{\"@type\":\"WebPage\",\"@id\":\"https:\/\/www.welovecycling.com\/sk\/2020\/09\/30\/reportaz-skoda-mtb-maraton-rajecke-teplice-finale-v-tazkych-podmienkach\/\",\"url\":\"https:\/\/www.welovecycling.com\/sk\/2020\/09\/30\/reportaz-skoda-mtb-maraton-rajecke-teplice-finale-v-tazkych-podmienkach\/\",\"name\":\"Report\u00e1\u017e: \u0160koda MTB MARAT\u00d3N Rajeck\u00e9 Teplice \u2013 fin\u00e1le v \u0165a\u017ek\u00fdch podmienkach - \u0160koda We Love Cycling Slovensko\",\"isPartOf\":{\"@id\":\"https:\/\/www.welovecycling.com\/sk\/#website\"},\"primaryImageOfPage\":{\"@id\":\"https:\/\/www.welovecycling.com\/sk\/2020\/09\/30\/reportaz-skoda-mtb-maraton-rajecke-teplice-finale-v-tazkych-podmienkach\/#primaryimage\"},\"image\":{\"@id\":\"https:\/\/www.welovecycling.com\/sk\/2020\/09\/30\/reportaz-skoda-mtb-maraton-rajecke-teplice-finale-v-tazkych-podmienkach\/#primaryimage\"},\"thumbnailUrl\":\"https:\/\/d2p6e6u75xmxt8.cloudfront.net\/4\/2020\/09\/SBOT-Rajecke-Teplice_00.webp\",\"datePublished\":\"2020-09-30T08:00:03+00:00\",\"author\":{\"@id\":\"\"},\"breadcrumb\":{\"@id\":\"https:\/\/www.welovecycling.com\/sk\/2020\/09\/30\/reportaz-skoda-mtb-maraton-rajecke-teplice-finale-v-tazkych-podmienkach\/#breadcrumb\"},\"inLanguage\":\"sk-SK\",\"potentialAction\":[{\"@type\":\"ReadAction\",\"target\":[\"https:\/\/www.welovecycling.com\/sk\/2020\/09\/30\/reportaz-skoda-mtb-maraton-rajecke-teplice-finale-v-tazkych-podmienkach\/\"]}]},{\"@type\":\"ImageObject\",\"inLanguage\":\"sk-SK\",\"@id\":\"https:\/\/www.welovecycling.com\/sk\/2020\/09\/30\/reportaz-skoda-mtb-maraton-rajecke-teplice-finale-v-tazkych-podmienkach\/#primaryimage\",\"url\":\"https:\/\/d2p6e6u75xmxt8.cloudfront.net\/4\/2020\/09\/SBOT-Rajecke-Teplice_00.webp\",\"contentUrl\":\"https:\/\/d2p6e6u75xmxt8.cloudfront.net\/4\/2020\/09\/SBOT-Rajecke-Teplice_00.webp\",\"width\":1380,\"height\":600},{\"@type\":\"BreadcrumbList\",\"@id\":\"https:\/\/www.welovecycling.com\/sk\/2020\/09\/30\/reportaz-skoda-mtb-maraton-rajecke-teplice-finale-v-tazkych-podmienkach\/#breadcrumb\",\"itemListElement\":[{\"@type\":\"ListItem\",\"position\":1,\"name\":\"Home\",\"item\":\"https:\/\/www.welovecycling.com\/sk\/\"},{\"@type\":\"ListItem\",\"position\":2,\"name\":\"Report\u00e1\u017e: \u0160koda MTB MARAT\u00d3N Rajeck\u00e9 Teplice \u2013 fin\u00e1le v \u0165a\u017ek\u00fdch podmienkach\"}]},{\"@type\":\"WebSite\",\"@id\":\"https:\/\/www.welovecycling.com\/sk\/#website\",\"url\":\"https:\/\/www.welovecycling.com\/sk\/\",\"name\":\"\u0160koda We Love Cycling Slovensko\",\"description\":\"\u0160koda We Love Cycling Slovensko je v\u00e1\u0161 ka\u017edodenn\u00fd zdroj noviniek a in\u0161pir\u00e1cie z sveta cyklistiky\",\"potentialAction\":[{\"@type\":\"SearchAction\",\"target\":{\"@type\":\"EntryPoint\",\"urlTemplate\":\"https:\/\/www.welovecycling.com\/sk\/?s={search_term_string}\"},\"query-input\":{\"@type\":\"PropertyValueSpecification\",\"valueRequired\":true,\"valueName\":\"search_term_string\"}}],\"inLanguage\":\"sk-SK\"},{\"@type\":\"Person\",\"@id\":\"\",\"url\":\"https:\/\/www.welovecycling.com\/sk\/author\/\"}]}<\/script>\n<!-- \/ Yoast SEO Premium plugin. -->","yoast_head_json":{"title":"Report\u00e1\u017e: \u0160koda MTB MARAT\u00d3N Rajeck\u00e9 Teplice \u2013 fin\u00e1le v \u0165a\u017ek\u00fdch podmienkach - \u0160koda We Love Cycling Slovensko","robots":{"index":"index","follow":"follow","max-snippet":"max-snippet:-1","max-image-preview":"max-image-preview:large","max-video-preview":"max-video-preview:-1"},"canonical":"https:\/\/www.welovecycling.com\/sk\/2020\/09\/30\/reportaz-skoda-mtb-maraton-rajecke-teplice-finale-v-tazkych-podmienkach\/","og_locale":"sk_SK","og_type":"article","og_title":"Report\u00e1\u017e: \u0160koda MTB MARAT\u00d3N Rajeck\u00e9 Teplice \u2013 fin\u00e1le v \u0165a\u017ek\u00fdch podmienkach","og_description":"V sobotu 26. 09. 2020 sa konalo vyvrcholenie na\u0161ej pretek\u00e1rskej s\u00e9rie \u0160koda BIKE OPEN TOUR. Sme radi, \u017ee aj v [&hellip;]","og_url":"https:\/\/www.welovecycling.com\/sk\/2020\/09\/30\/reportaz-skoda-mtb-maraton-rajecke-teplice-finale-v-tazkych-podmienkach\/","og_site_name":"\u0160koda We Love Cycling Slovensko","article_published_time":"2020-09-30T08:00:03+00:00","og_image":[{"width":1380,"height":600,"url":"https:\/\/d2p6e6u75xmxt8.cloudfront.net\/4\/2020\/09\/SBOT-Rajecke-Teplice_00.webp","type":"image\/webp"}],"twitter_card":"summary_large_image","twitter_misc":{"Written by":"WeLoveCycling","Est. reading time":"2"},"schema":{"@context":"https:\/\/schema.org","@graph":[{"@type":"WebPage","@id":"https:\/\/www.welovecycling.com\/sk\/2020\/09\/30\/reportaz-skoda-mtb-maraton-rajecke-teplice-finale-v-tazkych-podmienkach\/","url":"https:\/\/www.welovecycling.com\/sk\/2020\/09\/30\/reportaz-skoda-mtb-maraton-rajecke-teplice-finale-v-tazkych-podmienkach\/","name":"Report\u00e1\u017e: \u0160koda MTB MARAT\u00d3N Rajeck\u00e9 Teplice \u2013 fin\u00e1le v \u0165a\u017ek\u00fdch podmienkach - \u0160koda We Love Cycling Slovensko","isPartOf":{"@id":"https:\/\/www.welovecycling.com\/sk\/#website"},"primaryImageOfPage":{"@id":"https:\/\/www.welovecycling.com\/sk\/2020\/09\/30\/reportaz-skoda-mtb-maraton-rajecke-teplice-finale-v-tazkych-podmienkach\/#primaryimage"},"image":{"@id":"https:\/\/www.welovecycling.com\/sk\/2020\/09\/30\/reportaz-skoda-mtb-maraton-rajecke-teplice-finale-v-tazkych-podmienkach\/#primaryimage"},"thumbnailUrl":"https:\/\/d2p6e6u75xmxt8.cloudfront.net\/4\/2020\/09\/SBOT-Rajecke-Teplice_00.webp","datePublished":"2020-09-30T08:00:03+00:00","author":{"@id":""},"breadcrumb":{"@id":"https:\/\/www.welovecycling.com\/sk\/2020\/09\/30\/reportaz-skoda-mtb-maraton-rajecke-teplice-finale-v-tazkych-podmienkach\/#breadcrumb"},"inLanguage":"sk-SK","potentialAction":[{"@type":"ReadAction","target":["https:\/\/www.welovecycling.com\/sk\/2020\/09\/30\/reportaz-skoda-mtb-maraton-rajecke-teplice-finale-v-tazkych-podmienkach\/"]}]},{"@type":"ImageObject","inLanguage":"sk-SK","@id":"https:\/\/www.welovecycling.com\/sk\/2020\/09\/30\/reportaz-skoda-mtb-maraton-rajecke-teplice-finale-v-tazkych-podmienkach\/#primaryimage","url":"https:\/\/d2p6e6u75xmxt8.cloudfront.net\/4\/2020\/09\/SBOT-Rajecke-Teplice_00.webp","contentUrl":"https:\/\/d2p6e6u75xmxt8.cloudfront.net\/4\/2020\/09\/SBOT-Rajecke-Teplice_00.webp","width":1380,"height":600},{"@type":"BreadcrumbList","@id":"https:\/\/www.welovecycling.com\/sk\/2020\/09\/30\/reportaz-skoda-mtb-maraton-rajecke-teplice-finale-v-tazkych-podmienkach\/#breadcrumb","itemListElement":[{"@type":"ListItem","position":1,"name":"Home","item":"https:\/\/www.welovecycling.com\/sk\/"},{"@type":"ListItem","position":2,"name":"Report\u00e1\u017e: \u0160koda MTB MARAT\u00d3N Rajeck\u00e9 Teplice \u2013 fin\u00e1le v \u0165a\u017ek\u00fdch podmienkach"}]},{"@type":"WebSite","@id":"https:\/\/www.welovecycling.com\/sk\/#website","url":"https:\/\/www.welovecycling.com\/sk\/","name":"\u0160koda We Love Cycling Slovensko","description":"\u0160koda We Love Cycling Slovensko je v\u00e1\u0161 ka\u017edodenn\u00fd zdroj noviniek a in\u0161pir\u00e1cie z sveta cyklistiky","potentialAction":[{"@type":"SearchAction","target":{"@type":"EntryPoint","urlTemplate":"https:\/\/www.welovecycling.com\/sk\/?s={search_term_string}"},"query-input":{"@type":"PropertyValueSpecification","valueRequired":true,"valueName":"search_term_string"}}],"inLanguage":"sk-SK"},{"@type":"Person","@id":"","url":"https:\/\/www.welovecycling.com\/sk\/author\/"}]}},"_links":{"self":[{"href":"https:\/\/www.welovecycling.com\/sk\/wp-json\/wp\/v2\/posts\/10843","targetHints":{"allow":["GET"]}}],"collection":[{"href":"https:\/\/www.welovecycling.com\/sk\/wp-json\/wp\/v2\/posts"}],"about":[{"href":"https:\/\/www.welovecycling.com\/sk\/wp-json\/wp\/v2\/types\/post"}],"author":[{"embeddable":true,"href":"https:\/\/www.welovecycling.com\/sk\/wp-json\/wp\/v2\/users\/81"}],"replies":[{"embeddable":true,"href":"https:\/\/www.welovecycling.com\/sk\/wp-json\/wp\/v2\/comments?post=10843"}],"version-history":[{"count":2,"href":"https:\/\/www.welovecycling.com\/sk\/wp-json\/wp\/v2\/posts\/10843\/revisions"}],"predecessor-version":[{"id":10862,"href":"https:\/\/www.welovecycling.com\/sk\/wp-json\/wp\/v2\/posts\/10843\/revisions\/10862"}],"wp:featuredmedia":[{"embeddable":true,"href":"https:\/\/www.welovecycling.com\/sk\/wp-json\/wp\/v2\/media\/10854"}],"wp:attachment":[{"href":"https:\/\/www.welovecycling.com\/sk\/wp-json\/wp\/v2\/media?parent=10843"}],"wp:term":[{"taxonomy":"category","embeddable":true,"href":"https:\/\/www.welovecycling.com\/sk\/wp-json\/wp\/v2\/categories?post=10843"},{"taxonomy":"post_tag","embeddable":true,"href":"https:\/\/www.welovecycling.com\/sk\/wp-json\/wp\/v2\/tags?post=10843"},{"taxonomy":"global-categories","embeddable":true,"href":"https:\/\/www.welovecycling.com\/sk\/wp-json\/wp\/v2\/global-categories?post=10843"}],"curies":[{"name":"wp","href":"https:\/\/api.w.org\/{rel}","templated":true}]}}