{"id":10840,"date":"2020-09-30T09:55:59","date_gmt":"2020-09-30T07:55:59","guid":{"rendered":"https:\/\/www.welovecycling.com\/sk\/?p=10840"},"modified":"2021-08-24T11:38:46","modified_gmt":"2021-08-24T09:38:46","slug":"foto-skoda-rajecke-teplice-2020","status":"publish","type":"post","link":"https:\/\/www.welovecycling.com\/sk\/2020\/09\/30\/foto-skoda-rajecke-teplice-2020\/","title":{"rendered":"FOTO: \u0160koda Rajeck\u00e9 Teplice 2020"},"content":{"rendered":"<div id=\"WLC_Galeria\"><\/div>\n<p><script type=\"text\/javascript\" src=\"\/sk\/sbot\/galeria.php\/2020_sbot_rajecke_galeria\/001\"><\/script><\/p>\n","protected":false},"excerpt":{"rendered":"","protected":false},"author":81,"featured_media":10842,"comment_status":"open","ping_status":"open","sticky":false,"template":"","format":"standard","meta":{"footnotes":""},"categories":[3],"tags":[89,180,412,256,542,1009,35,77,860,523],"global-categories":[1074],"class_list":["post-10840","post","type-post","status-publish","format-standard","has-post-thumbnail","hentry","category-mtb","tag-fotogaleria","tag-horska-cyklistika","tag-mtb","tag-sezona","tag-skoda","tag-skoda-auto","tag-sbot","tag-skoda-dedina","tag-skoda-mtb-maraton-rajecke-teplice","tag-slovensko","global-categories-cycling"],"yoast_head":"<!-- This site is optimized with the Yoast SEO Premium plugin v25.3 (Yoast SEO v25.9) - https:\/\/yoast.com\/wordpress\/plugins\/seo\/ -->\n<title>FOTO: \u0160koda Rajeck\u00e9 Teplice 2020 - \u0160koda We Love Cycling Slovensko<\/title>\n<meta name=\"robots\" content=\"index, follow, max-snippet:-1, max-image-preview:large, max-video-preview:-1\" \/>\n<link rel=\"canonical\" href=\"https:\/\/www.welovecycling.com\/sk\/2020\/09\/30\/foto-skoda-rajecke-teplice-2020\/\" \/>\n<meta property=\"og:locale\" content=\"sk_SK\" \/>\n<meta property=\"og:type\" content=\"article\" \/>\n<meta property=\"og:title\" content=\"FOTO: \u0160koda Rajeck\u00e9 Teplice 2020\" \/>\n<meta property=\"og:url\" content=\"https:\/\/www.welovecycling.com\/sk\/2020\/09\/30\/foto-skoda-rajecke-teplice-2020\/\" \/>\n<meta property=\"og:site_name\" content=\"\u0160koda We Love Cycling Slovensko\" \/>\n<meta property=\"article:published_time\" content=\"2020-09-30T07:55:59+00:00\" \/>\n<meta property=\"article:modified_time\" content=\"2021-08-24T09:38:46+00:00\" \/>\n<meta property=\"og:image\" content=\"https:\/\/d2p6e6u75xmxt8.cloudfront.net\/4\/2020\/09\/SBOT_2020.webp\" \/>\n\t<meta property=\"og:image:width\" content=\"1380\" \/>\n\t<meta property=\"og:image:height\" content=\"600\" \/>\n\t<meta property=\"og:image:type\" content=\"image\/webp\" \/>\n<meta name=\"twitter:card\" content=\"summary_large_image\" \/>\n<meta name=\"twitter:label1\" content=\"Written by\" \/>\n\t<meta name=\"twitter:data1\" content=\"WeLoveCycling\" \/>\n<script type=\"application\/ld+json\" class=\"yoast-schema-graph\">{\"@context\":\"https:\/\/schema.org\",\"@graph\":[{\"@type\":\"WebPage\",\"@id\":\"https:\/\/www.welovecycling.com\/sk\/2020\/09\/30\/foto-skoda-rajecke-teplice-2020\/\",\"url\":\"https:\/\/www.welovecycling.com\/sk\/2020\/09\/30\/foto-skoda-rajecke-teplice-2020\/\",\"name\":\"FOTO: \u0160koda Rajeck\u00e9 Teplice 2020 - \u0160koda We Love Cycling Slovensko\",\"isPartOf\":{\"@id\":\"https:\/\/www.welovecycling.com\/sk\/#website\"},\"primaryImageOfPage\":{\"@id\":\"https:\/\/www.welovecycling.com\/sk\/2020\/09\/30\/foto-skoda-rajecke-teplice-2020\/#primaryimage\"},\"image\":{\"@id\":\"https:\/\/www.welovecycling.com\/sk\/2020\/09\/30\/foto-skoda-rajecke-teplice-2020\/#primaryimage\"},\"thumbnailUrl\":\"https:\/\/d2p6e6u75xmxt8.cloudfront.net\/4\/2020\/09\/SBOT_2020.webp\",\"datePublished\":\"2020-09-30T07:55:59+00:00\",\"dateModified\":\"2021-08-24T09:38:46+00:00\",\"author\":{\"@id\":\"\"},\"breadcrumb\":{\"@id\":\"https:\/\/www.welovecycling.com\/sk\/2020\/09\/30\/foto-skoda-rajecke-teplice-2020\/#breadcrumb\"},\"inLanguage\":\"sk-SK\",\"potentialAction\":[{\"@type\":\"ReadAction\",\"target\":[\"https:\/\/www.welovecycling.com\/sk\/2020\/09\/30\/foto-skoda-rajecke-teplice-2020\/\"]}]},{\"@type\":\"ImageObject\",\"inLanguage\":\"sk-SK\",\"@id\":\"https:\/\/www.welovecycling.com\/sk\/2020\/09\/30\/foto-skoda-rajecke-teplice-2020\/#primaryimage\",\"url\":\"https:\/\/d2p6e6u75xmxt8.cloudfront.net\/4\/2020\/09\/SBOT_2020.webp\",\"contentUrl\":\"https:\/\/d2p6e6u75xmxt8.cloudfront.net\/4\/2020\/09\/SBOT_2020.webp\",\"width\":1380,\"height\":600},{\"@type\":\"BreadcrumbList\",\"@id\":\"https:\/\/www.welovecycling.com\/sk\/2020\/09\/30\/foto-skoda-rajecke-teplice-2020\/#breadcrumb\",\"itemListElement\":[{\"@type\":\"ListItem\",\"position\":1,\"name\":\"Home\",\"item\":\"https:\/\/www.welovecycling.com\/sk\/\"},{\"@type\":\"ListItem\",\"position\":2,\"name\":\"FOTO: \u0160koda Rajeck\u00e9 Teplice 2020\"}]},{\"@type\":\"WebSite\",\"@id\":\"https:\/\/www.welovecycling.com\/sk\/#website\",\"url\":\"https:\/\/www.welovecycling.com\/sk\/\",\"name\":\"\u0160koda We Love Cycling Slovensko\",\"description\":\"\u0160koda We Love Cycling Slovensko je v\u00e1\u0161 ka\u017edodenn\u00fd zdroj noviniek a in\u0161pir\u00e1cie z sveta cyklistiky\",\"potentialAction\":[{\"@type\":\"SearchAction\",\"target\":{\"@type\":\"EntryPoint\",\"urlTemplate\":\"https:\/\/www.welovecycling.com\/sk\/?s={search_term_string}\"},\"query-input\":{\"@type\":\"PropertyValueSpecification\",\"valueRequired\":true,\"valueName\":\"search_term_string\"}}],\"inLanguage\":\"sk-SK\"},{\"@type\":\"Person\",\"@id\":\"\",\"url\":\"https:\/\/www.welovecycling.com\/sk\/author\/\"}]}<\/script>\n<!-- \/ Yoast SEO Premium plugin. -->","yoast_head_json":{"title":"FOTO: \u0160koda Rajeck\u00e9 Teplice 2020 - \u0160koda We Love Cycling Slovensko","robots":{"index":"index","follow":"follow","max-snippet":"max-snippet:-1","max-image-preview":"max-image-preview:large","max-video-preview":"max-video-preview:-1"},"canonical":"https:\/\/www.welovecycling.com\/sk\/2020\/09\/30\/foto-skoda-rajecke-teplice-2020\/","og_locale":"sk_SK","og_type":"article","og_title":"FOTO: \u0160koda Rajeck\u00e9 Teplice 2020","og_url":"https:\/\/www.welovecycling.com\/sk\/2020\/09\/30\/foto-skoda-rajecke-teplice-2020\/","og_site_name":"\u0160koda We Love Cycling Slovensko","article_published_time":"2020-09-30T07:55:59+00:00","article_modified_time":"2021-08-24T09:38:46+00:00","og_image":[{"width":1380,"height":600,"url":"https:\/\/d2p6e6u75xmxt8.cloudfront.net\/4\/2020\/09\/SBOT_2020.webp","type":"image\/webp"}],"twitter_card":"summary_large_image","twitter_misc":{"Written by":"WeLoveCycling"},"schema":{"@context":"https:\/\/schema.org","@graph":[{"@type":"WebPage","@id":"https:\/\/www.welovecycling.com\/sk\/2020\/09\/30\/foto-skoda-rajecke-teplice-2020\/","url":"https:\/\/www.welovecycling.com\/sk\/2020\/09\/30\/foto-skoda-rajecke-teplice-2020\/","name":"FOTO: \u0160koda Rajeck\u00e9 Teplice 2020 - \u0160koda We Love Cycling Slovensko","isPartOf":{"@id":"https:\/\/www.welovecycling.com\/sk\/#website"},"primaryImageOfPage":{"@id":"https:\/\/www.welovecycling.com\/sk\/2020\/09\/30\/foto-skoda-rajecke-teplice-2020\/#primaryimage"},"image":{"@id":"https:\/\/www.welovecycling.com\/sk\/2020\/09\/30\/foto-skoda-rajecke-teplice-2020\/#primaryimage"},"thumbnailUrl":"https:\/\/d2p6e6u75xmxt8.cloudfront.net\/4\/2020\/09\/SBOT_2020.webp","datePublished":"2020-09-30T07:55:59+00:00","dateModified":"2021-08-24T09:38:46+00:00","author":{"@id":""},"breadcrumb":{"@id":"https:\/\/www.welovecycling.com\/sk\/2020\/09\/30\/foto-skoda-rajecke-teplice-2020\/#breadcrumb"},"inLanguage":"sk-SK","potentialAction":[{"@type":"ReadAction","target":["https:\/\/www.welovecycling.com\/sk\/2020\/09\/30\/foto-skoda-rajecke-teplice-2020\/"]}]},{"@type":"ImageObject","inLanguage":"sk-SK","@id":"https:\/\/www.welovecycling.com\/sk\/2020\/09\/30\/foto-skoda-rajecke-teplice-2020\/#primaryimage","url":"https:\/\/d2p6e6u75xmxt8.cloudfront.net\/4\/2020\/09\/SBOT_2020.webp","contentUrl":"https:\/\/d2p6e6u75xmxt8.cloudfront.net\/4\/2020\/09\/SBOT_2020.webp","width":1380,"height":600},{"@type":"BreadcrumbList","@id":"https:\/\/www.welovecycling.com\/sk\/2020\/09\/30\/foto-skoda-rajecke-teplice-2020\/#breadcrumb","itemListElement":[{"@type":"ListItem","position":1,"name":"Home","item":"https:\/\/www.welovecycling.com\/sk\/"},{"@type":"ListItem","position":2,"name":"FOTO: \u0160koda Rajeck\u00e9 Teplice 2020"}]},{"@type":"WebSite","@id":"https:\/\/www.welovecycling.com\/sk\/#website","url":"https:\/\/www.welovecycling.com\/sk\/","name":"\u0160koda We Love Cycling Slovensko","description":"\u0160koda We Love Cycling Slovensko je v\u00e1\u0161 ka\u017edodenn\u00fd zdroj noviniek a in\u0161pir\u00e1cie z sveta cyklistiky","potentialAction":[{"@type":"SearchAction","target":{"@type":"EntryPoint","urlTemplate":"https:\/\/www.welovecycling.com\/sk\/?s={search_term_string}"},"query-input":{"@type":"PropertyValueSpecification","valueRequired":true,"valueName":"search_term_string"}}],"inLanguage":"sk-SK"},{"@type":"Person","@id":"","url":"https:\/\/www.welovecycling.com\/sk\/author\/"}]}},"_links":{"self":[{"href":"https:\/\/www.welovecycling.com\/sk\/wp-json\/wp\/v2\/posts\/10840","targetHints":{"allow":["GET"]}}],"collection":[{"href":"https:\/\/www.welovecycling.com\/sk\/wp-json\/wp\/v2\/posts"}],"about":[{"href":"https:\/\/www.welovecycling.com\/sk\/wp-json\/wp\/v2\/types\/post"}],"author":[{"embeddable":true,"href":"https:\/\/www.welovecycling.com\/sk\/wp-json\/wp\/v2\/users\/81"}],"replies":[{"embeddable":true,"href":"https:\/\/www.welovecycling.com\/sk\/wp-json\/wp\/v2\/comments?post=10840"}],"version-history":[{"count":2,"href":"https:\/\/www.welovecycling.com\/sk\/wp-json\/wp\/v2\/posts\/10840\/revisions"}],"predecessor-version":[{"id":12710,"href":"https:\/\/www.welovecycling.com\/sk\/wp-json\/wp\/v2\/posts\/10840\/revisions\/12710"}],"wp:featuredmedia":[{"embeddable":true,"href":"https:\/\/www.welovecycling.com\/sk\/wp-json\/wp\/v2\/media\/10842"}],"wp:attachment":[{"href":"https:\/\/www.welovecycling.com\/sk\/wp-json\/wp\/v2\/media?parent=10840"}],"wp:term":[{"taxonomy":"category","embeddable":true,"href":"https:\/\/www.welovecycling.com\/sk\/wp-json\/wp\/v2\/categories?post=10840"},{"taxonomy":"post_tag","embeddable":true,"href":"https:\/\/www.welovecycling.com\/sk\/wp-json\/wp\/v2\/tags?post=10840"},{"taxonomy":"global-categories","embeddable":true,"href":"https:\/\/www.welovecycling.com\/sk\/wp-json\/wp\/v2\/global-categories?post=10840"}],"curies":[{"name":"wp","href":"https:\/\/api.w.org\/{rel}","templated":true}]}}