{"id":10827,"date":"2020-09-28T14:00:57","date_gmt":"2020-09-28T12:00:57","guid":{"rendered":"https:\/\/www.welovecycling.com\/sk\/?p=10827"},"modified":"2020-09-28T13:22:56","modified_gmt":"2020-09-28T11:22:56","slug":"mesacna-desiatka-septembrova-davka-nielen-svetovej-cyklistiky","status":"publish","type":"post","link":"https:\/\/www.welovecycling.com\/sk\/2020\/09\/28\/mesacna-desiatka-septembrova-davka-nielen-svetovej-cyklistiky\/","title":{"rendered":"Mesa\u010dn\u00e1 desiatka &#8211; septembrov\u00e1 d\u00e1vka (nielen) svetovej cyklistiky"},"content":{"rendered":"<p><strong>Keby n\u00e1m bol niekto v\u00a0marci povedal, \u017ee e\u0161te v\u00a0tomto roku za\u017eijeme Tour alebo Majstrovstv\u00e1 sveta, o Okolo Slovenska nehovoriac, asi by sme len neveriacky pok\u00fdvali hlavou. September bol ale t\u00fdm mesiacom, ktor\u00fd n\u00e1m splnil tieto sny. To a\u00a0e\u0161te viac sa udialo v\u00a0prv\u00fd \u201e\u0161kolsk\u00fd\u201c mesiac.<\/strong><!--more--><\/p>\n<h2><strong>Mlad\u00e1 vlna na \u010dele s\u00a0Poga\u010darom \u017ene \u00faspechy<\/strong><\/h2>\n<p>Po minuloro\u010dnom v\u00ed\u0165azstve Egana Bernala na Tour de France by sa mohlo zda\u0165, \u017ee ide o\u00a0ojedinel\u00fd zjav. Av\u0161ak tohtoro\u010dn\u00fd triumf Tadeja Poga\u010dara, ktor\u00fd bol e\u0161te o\u00a0nie\u010do mlad\u0161\u00ed, <strong>potvrdil siln\u00e9 amb\u00edcie mladej gener\u00e1cie<\/strong>. Sta\u010d\u00ed sa pozrie\u0165 napr\u00edklad aj na v\u00ed\u0165azov et\u00e1p, medzi ktor\u00fdmi figuroval aj Marc Hirschi ako 22 ro\u010dn\u00fd s\u00a0dvomi v\u00ed\u0165azn\u00fdmi etapami, Remco Evenepoel ako 20 ro\u010dn\u00fd v\u00ed\u0165az Okolo Po\u013eska alebo Vuelta a\u00a0Burgos, 24 ro\u010dn\u00fd Filippo Ganna s\u00a0titulom Majstra sveta v\u00a0\u010dasovke a\u00a0in\u00fdch. Prich\u00e1dza mo\u017eno z\u00e1sadn\u00e1 zmena gener\u00e1ci\u00ed &#8211; Valverde m\u00e1 u\u017e pre zmenu 40 rokov, rovnako tak 38 ro\u010dn\u00fd Vasil Kiryienka, 37 m\u00e1 zase Enrico Gasparotto, Andr\u00e9 Greipel a\u00a0Philippe Gilbert \u010di\u00a0Domenicom Pozzovivom. <\/p>\n<h2><strong>Okolo Slovenska s\u00a0najtesnej\u0161\u00edm v\u00ed\u0165azstvom hist\u00f3rie<\/strong><\/h2>\n<p>Aj Slovensko m\u00e1 svoj etap\u00e1k, a\u00a0to 4 etapov\u00fd, u\u017e 64. ro\u010dn\u00edk Okolo Slovenska. Popravde, ide sk\u00f4r o\u00a0preteky na z\u00e1pade na\u0161ej krajiny, av\u0161ak na n\u00e1zve to ni\u010d nemen\u00ed. Tento ro\u010dn\u00edk sa konal <strong>s\u00fabe\u017ene s\u00a0Tour de France a\u00a0Tirreno-Adriatico<\/strong>, no napriek tomu sme mohli v\u00a0pelot\u00f3ne uzrie\u0165 postavy ako Janez Brajkovi\u010d, Sacha Modolo alebo Yves Lampaert. U\u017e od \u00favodn\u00e9ho d\u0148a to bol boj dvoch mu\u017eov, Jannika Steimleho a\u00a0Nica Denza, ktor\u00fd sa v\u00a0druhej etape vyhrotil a\u017e do rovnak\u00e9ho \u010dasu oboch pretek\u00e1rov. Nakoniec zv\u00ed\u0165azil Jannik Steimle, aj to len v\u010faka lep\u0161iemu s\u00fa\u010dtu etapov\u00fdch umiestnen\u00ed. Bodovacia s\u00fa\u0165a\u017e patrila Martinovi Laasovi, vrch\u00e1rska zase Kennymu Mollymu. Najlep\u0161\u00edm Slov\u00e1kom z\u00a0osmi\u010dky nominovan\u00fdch bol Luk\u00e1\u0161 Kubi\u0161 z\u00a0Dukly so stratou 4:31 na 41. mieste. <\/p>\n<figure id=\"attachment_10836\" aria-describedby=\"caption-attachment-10836\" style=\"width: 1200px\" class=\"wp-caption alignnone\"><a href=\"https:\/\/d2p6e6u75xmxt8.cloudfront.net\/4\/2020\/09\/WLC_Mesacna-desiatka-september_05.jpg\"><img loading=\"lazy\" decoding=\"async\" src=\"https:\/\/d2p6e6u75xmxt8.cloudfront.net\/4\/2020\/09\/WLC_Mesacna-desiatka-september_05.jpg\" alt=\"\" width=\"1200\" height=\"800\" class=\"size-full wp-image-10836\" \/><\/a><figcaption id=\"caption-attachment-10836\" class=\"wp-caption-text\">J\u00e1n Melicher\/Okolo Slovenska<\/figcaption><\/figure>\n<h2><strong>Svetov\u00e1 s\u00e9ria v\u00a0endure pokra\u010dovala aj bez najv\u00e4\u010d\u0161ej hviezdy<\/strong><\/h2>\n<p>Mnoh\u00e9 podujatia v\u00a0svetovom kalend\u00e1ri &#8211; predov\u0161etk\u00fdm v\u00a0horskej cyklistike &#8211; dost\u00e1vaj\u00fa odklad alebo sa ru\u0161ia \u00faplne. Na\u0161\u0165astie sa pre enduro nad\u0161encov konalo druh\u00e9 kolo EWS, tentokr\u00e1t v\u00a0Taliansku, Petra Ligure. V\u00ed\u0165azstvo si po piatich etap\u00e1ch odniesol <strong>Adrien Dailly<\/strong> s\u00a020 sekundov\u00fdm n\u00e1skokom pred Florianom Nicolaiom a\u00a0Jack Moirom. Na \u0161tarte ch\u00fdbal obhajca 3 titulov EWS, Sam Hill, ktor\u00fd tento krok odst\u00fapil pre ochranu seba a\u00a0svojej rodiny pred pr\u00edpadn\u00fdm rizikom n\u00e1kazy. Na \u0161tartovej listine nebol ani Richie Rude z\u00a0USA.<\/p>\n<lite-youtube videoid=WuYGg8eyn1k params=\"enablejsapi=1\" style=\"background-image: url('https:\/\/i.ytimg.com\/vi_webp\/WuYGg8eyn1k\/maxresdefault.webp');\"><\/lite-youtube>\n<h2><strong>Majstrovstv\u00e1 sveta priniesli nejedno prekvapenie<\/strong><\/h2>\n<p>Ak\u00fd bol v\u00e1\u0161 favorit na nov\u00e9ho Majstra sveta? Mo\u017eno n\u00edm nebol mlad\u00fd \u010dasovk\u00e1r Filippo Ganna, ktor\u00fd fam\u00f3znym sp\u00f4sobom prekonal v\u0161etk\u00fdch svetov\u00fdch \u010dasovk\u00e1rov a\u00a0odniesol si cenn\u00e9 v\u00ed\u0165azstvo pred Woutom van Aertom a\u00a0Stefanom K\u00fcngom. Pr\u00e1ve van Aert zohral d\u00f4le\u017eit\u00fa \u00falohu aj o\u00a0dva dni nesk\u00f4r, ke\u010f na n\u00e1ro\u010dnej trati s\u00a0d\u013a\u017ekou 258 km a\u00a0vy\u0161e 5 000 nast\u00fapan\u00fdmi metrami p\u00f4sobil v\u00a0z\u00e1vere\u010dnom st\u00fapan\u00ed ako jasn\u00fd v\u00ed\u0165az. Av\u0161ak n\u00e1stup Juliana Alaphilippa na seba nena\u0161iel odpove\u010f ani po n\u00e1slednom st\u00edhan\u00ed p\u00e4ticou pretek\u00e1rov. <strong>Franc\u00fazi tak z\u00edskali zlat\u00fd kov po 23 rokoch.<\/strong> V\u00a0\u017eenskej \u010dasovke dominovala Anna van der Breggenov\u00e1 pred Marlen Reusserovou a\u00a0svojou krajankou, Ellen van Dijk. Obdobn\u00fd scen\u00e1r \u010dakal aj preteky s\u00a0hromadn\u00fdm \u0161tartom. Na taktie\u017e kopcovitej trati van der Breggenov\u00e1 zopakovala svoj triumf jednozna\u010dn\u00fdm s\u00f3lov\u00fdm \u00fanikom pred van Vleutenovou a\u00a0Taliankou, Elisou Longo Borghini.<\/p>\n<lite-youtube videoid=46hdCgWG_cQ params=\"enablejsapi=1\" style=\"background-image: url('https:\/\/i.ytimg.com\/vi_webp\/46hdCgWG_cQ\/maxresdefault.webp');\"><\/lite-youtube>\n<h2><strong>Tirreno-Adriatico prialo anglick\u00fdm pretek\u00e1rom<\/strong><\/h2>\n<p>S\u00fabe\u017ene s\u00a0Tour de France sa ostatn\u00ed pretek\u00e1ri, ktor\u00ed neboli nominovan\u00ed na Star\u00fa d\u00e1mu, vybrali do Talianska na t\u00fd\u017edenn\u00fd etap\u00e1k Tirreno-Adriatico, kde sa stretli men\u00e1 ako Simon Yates, Geraint Thomas, Rafal Majka alebo Jakob Fuglsang. Pr\u00e1ve prv\u00ed traja menovan\u00ed <strong>potvrdili svoju pripravenos\u0165 v\u00a0piatej horskej etape<\/strong>, kde na vrchole st\u00fapania obsadili prv\u00e9 tri miesta. Okrem nich sa do v\u00fdbornej formy dostal aj Pascal Ackermann, v\u00ed\u0165aziaci v\u00a0prvej aj druhej etape. Okrem nich potvrdil minuloro\u010dn\u00e9 v\u00fdsledky Mathieu van der Poel s\u00a0triumfom v\u00a0siedmej, klasik\u00e1rskej etape. Vyvrcholen\u00edm bola \u010dasovka v\u00a0posledn\u00fd de\u0148 podujatia. T\u00fa opanoval mlad\u00fd Filippo Ganna pred Victorom Campanaertsom, Rohanom Dennisom a\u00a0Geraintom Thomasom, \u010d\u00edm napovedal aj predpoklady na neskor\u0161ie Majstrovstv\u00e1 sveta v\u00a0\u010dasovke.<\/p>\n<lite-youtube videoid=CykoNWd93Hg params=\"enablejsapi=1\" style=\"background-image: url('https:\/\/i.ytimg.com\/vi_webp\/CykoNWd93Hg\/maxresdefault.webp');\"><\/lite-youtube>\n<h2><strong>Nov\u00fdch majstrov pozn\u00e1 aj viacero kraj\u00edn<\/strong><\/h2>\n<p>Pred samotn\u00fdmi Majstrovstvami sveta sa <strong>konalo hne\u010f nieko\u013eko dom\u00e1cich \u0161ampion\u00e1tov<\/strong> &#8211; niektor\u00e9 e\u0161te koncom j\u00fana (Slovinsko), niektor\u00e9 a\u017e v\u00a0s\u00fa\u010dasnej dobe. Tak napr\u00edklad v\u00a0Turecku si zlato vybojoval Onur Balkan, v\u00a0Belgicku Dries De Bondt, v\u00a0Moldavsku Cristian Raileanu, Malajziu zastupuje Akmal Hakim Zakaria a\u00a0in\u00ed. Slov\u00e1kov bude reprezentova\u0165 v\u00a0trikol\u00f3re Juraj Sagan, Holan\u010fanov Mathieu van der Poel, Poliakov zase Stanislaw Aniolowski. <\/p>\n<h2><strong>September priniesol viacero zranen\u00ed v\u00a0profipelot\u00f3ne<\/strong><\/h2>\n<p>S\u00a0narastaj\u00facim po\u010dtom pretekov je mo\u017en\u00e9 o\u010dak\u00e1va\u0165 aj st\u00fapaj\u00faci trend zranen\u00ed. Najm\u00e4 v\u00a0\u0161porte ako cyklistika. \u0160tatistika sa nem\u00fdlila ani v\u00a0tomto mesiaci a\u00a0<strong>priniesla n\u00e1m hne\u010f dvadsiatku mar\u00f3duj\u00facich jazdcov a\u00a0jazdk\u00fd\u0148<\/strong>. Na Tour de France sa zranili pretek\u00e1ri ako Ion Izagirre, Ilnur Zakarin alebo aj Romain Bardet a\u00a0Bauke Mollema. K\u00a0nim sa pridala Annemiek van Vleutenov\u00e1, ktor\u00e1 dok\u00e1zala potla\u010di\u0165 boles\u0165 zo zlomen\u00e9ho z\u00e1p\u00e4stia a z\u00edskala\u00a0striebro z\u00a0MS. Rovnako ne\u0161\u0165astne v\u00a0rovnak\u00fd de\u0148 padala aj Amanda Sprattov\u00e1, ktorej otras mozgu neumo\u017enil z\u00fa\u010dastni\u0165 sa MS. \u010eal\u0161\u00edmi pretek\u00e1rmi boli Julien Mortier so zlomenou stehennou kos\u0165ou, ktor\u00e1 ho bude dr\u017ea\u0165 takmer pol roka, Thibault Guernalec s\u00a0rovnak\u00fdm zranen\u00edm alebo aj Arnaud Courteille so zlomenou k\u013e\u00fa\u010dnou kos\u0165ou. <\/p>\n<lite-youtube videoid=VIsQF4SVEcg params=\"enablejsapi=1\" style=\"background-image: url('https:\/\/i.ytimg.com\/vi_webp\/VIsQF4SVEcg\/maxresdefault.webp');\"><\/lite-youtube>\n<h2><strong>\u0160koda BIKE OPEN TOUR fini\u0161ovala dvomi kolami<\/strong><\/h2>\n<p>Skr\u00e1ten\u00e1 sez\u00f3na znamenala aj okresanie podujat\u00ed, ktor\u00e9 pripravuje s\u00a0pomocou organiz\u00e1torov aj \u0160koda Auto Slovensko. <strong>Z\u00a0p\u00f4vodn\u00fdch \u0161iestich marat\u00f3nov sa nakoniec konali tri<\/strong>, dva z\u00a0ktor\u00fdch mali svoj term\u00edn v\u00a0septembri. Najprv sa pretek\u00e1ri stretli v\u00a0Slovenskom raji, kde si zmerali sily v\u00a0malebnom prostred\u00ed n\u00e1rodn\u00e9ho parku. Po \u0148om sa koncom mesiaca jazdci e\u0161te raz a\u00a0naposledy stretli na \u0160koda MTB marat\u00f3ne v\u00a0Rajeck\u00fdch Tepliciach. Na troch tratiach s\u00a0mo\u017enos\u0165ou z\u00fa\u010dastni\u0165 sa v\u00a0gravel alebo family kateg\u00f3rii, dominoval na dlhej, 80 km trati, Martin Siran, zatia\u013e \u010do krat\u0161\u00ed variant, 50-tku, najr\u00fdchlej\u0161ie zdolal Andrej Kubi\u0161 a\u00a0Tatiana Mo\u0161kov\u00e1.<\/p>\n<p><a href=\"https:\/\/d2p6e6u75xmxt8.cloudfront.net\/4\/2020\/09\/WLC_Mesacna-desiatka-september_02.jpg\"><img loading=\"lazy\" decoding=\"async\" src=\"https:\/\/d2p6e6u75xmxt8.cloudfront.net\/4\/2020\/09\/WLC_Mesacna-desiatka-september_02.jpg\" alt=\"\" width=\"1200\" height=\"800\" class=\"alignnone size-full wp-image-10834\" \/><\/a><\/p>\n<h2><strong>Slov\u00e1ci bodovali na Tour de Serbie v\u00ed\u0165azstvom Martina Haringa<\/strong><\/h2>\n<p>Aj ke\u010f sa Okolo Slovenska v\u00a0o\u010diach viacer\u00fdch z\u00a0poh\u013eadu Slovenska nevydarilo, te\u0161i\u0165 n\u00e1s m\u00f4\u017ee umiestnenie \u010dlenov Dukly Bansk\u00e1 Bystrica na medzin\u00e1rodnom trojd\u0148ovom podujat\u00ed Tour de Serbie. Pr\u00e1ve tu <strong>dok\u00e1zal 33 ro\u010dn\u00fd Martin Haring zv\u00ed\u0165azi\u0165 v\u00a0celkovom hodnoten\u00ed<\/strong> a\u00a0to v\u010faka dvom piatym miestam v\u00a0prv\u00fdch dvoch etap\u00e1ch. Svoj n\u00e1skok z\u00edskal pr\u00e1ve v\u00a0prvej etape, kedy ako jeden zo osem\u010dlennej skupiny z\u00edskal 3 sekundy na Jaime Castrilla. Podobn\u00fd z\u00e1ver sa opakoval aj v\u00a0rovinatom z\u00e1vere druhej etapy, kedy do cie\u013ea pri\u0161la s\u00a0v\u00fdrazn\u00fdm n\u00e1skokom 6 \u010dlenn\u00e1 skupina, v\u00a0ktorej boli obaja popredn\u00ed mu\u017ei. Tretia u\u017e v\u00fdslovne rovinat\u00e1 etapa skon\u010dila spolo\u010dn\u00fdm dojazdom pelot\u00f3nu, \u010do zabezpe\u010dilo v\u00ed\u0165azstvo Slov\u00e1ka a\u00a0zisk 40 bodov do UCI klasifik\u00e1cie.<\/p>\n<div class=\"shortcode-ys-post-pinup\"><article class=\"loop-simple post-10566 post type-post status-publish format-standard has-post-thumbnail hentry category-grand-tour tag-bicyklovanie tag-cesta tag-cestna-cyklistika tag-cestny-bicykel tag-cyklistika tag-enduro tag-etapove-preteky tag-francuzsko tag-horska-cyklistika tag-jazdenie tag-juraj-sagan tag-mathieu-van-der-poel tag-nemecko tag-nino-schurter tag-pad tag-peter-sagan tag-preteky tag-tour-de-france tag-trening tag-vitaz tag-zilina tag-zranenia global-categories-cycling\" data-postid=\"10566\" role=\"article\" data-post-id=\"10566\" data-word-count=\"717\" data-headline-length=\"64\" data-category=\"Profesion\u00e1li\" data-global-category=\"Cycling\" data-author=\"WeLoveCycling\" data-published=\"2020-08-31T10:00:30+02:00\" data-published-day=\"Monday\">\n    <div class=\"entry-thumbnail article-thumbnail\" content=\"https:\/\/d2p6e6u75xmxt8.cloudfront.net\/4\/2020\/08\/MD_august_00-150x150.webp\"><a href=\"https:\/\/www.welovecycling.com\/sk\/2020\/08\/31\/mesacna-desiatka-plnou-parou-vpred-za-vrcholom-sezony\/\" class=\"image-holder\" target=\"_self\"><img decoding=\"async\" loading=\"lazy\" class=\"\" src=\"https:\/\/d2p6e6u75xmxt8.cloudfront.net\/4\/2020\/08\/MD_august_00-1024x445.webp\" srcset=\"https:\/\/d2p6e6u75xmxt8.cloudfront.net\/4\/2020\/08\/MD_august_00.webp 1380w, https:\/\/d2p6e6u75xmxt8.cloudfront.net\/4\/2020\/08\/MD_august_00-300x130.webp 300w, https:\/\/d2p6e6u75xmxt8.cloudfront.net\/4\/2020\/08\/MD_august_00-1024x445.webp 1024w, https:\/\/d2p6e6u75xmxt8.cloudfront.net\/4\/2020\/08\/MD_august_00-768x334.webp 768w\" width=\"1024\" height=\"445\" sizes=\"auto, (min-width: 1200px) 460px, (min-width: 768px) 38vw, 100vw\" alt=\"mesacna-desiatka-plnou-parou-vpred-za-vrcholom-sezony\"\/><\/a><\/div>    <div class=\"entry-meta\">\n        <a class=\"label label-secondary post-category\" href=\"https:\/\/www.welovecycling.com\/sk\/category\/grand-tour\/\" title=\"Profesion\u00e1li\">Profesion\u00e1li<\/a>\n    <\/div>\n    <div class=\"entry-details\">\n        <a href=\"https:\/\/www.welovecycling.com\/sk\/2020\/08\/31\/mesacna-desiatka-plnou-parou-vpred-za-vrcholom-sezony\/\" class='entry-title-wrapper'>\n            <h3 class=\"entry-title\"><span>Mesa\u010dn\u00e1 desiatka &#8211; plnou parou vpred za vrcholom sez\u00f3ny<\/span><\/h3>\n        <\/a>\n    <\/div>\n    <\/article>\n<\/div>\n<h2><strong>Z\u00e1vere\u010dn\u00fa tejto sez\u00f3ne dala aj Detsk\u00e1 Tour Petra Sagana<\/strong><\/h2>\n<p>Septembrom kon\u010dila aj popul\u00e1rna s\u00e9ria detsk\u00fdch a\u00a0ml\u00e1de\u017en\u00edckych pretekov s\u00a0n\u00e1zvom Detsk\u00e1 Tour Petra Sagana, ktor\u00e1 sa v\u00a0tomto roku i\u0161la hne\u010f \u0161es\u0165kr\u00e1t. Pr\u00e1ve posledn\u00e9 kolo v\u00a0\u010cervenom Kl\u00e1\u0161tore malo rozhodn\u00fa\u0165 nielen o\u00a0v\u00ed\u0165azoch na tomto podujat\u00ed, ale aj v\u00a0celkovej klasifik\u00e1cii Tour. Cel\u00e1 s\u00e9ria si <strong>z\u00edskala po\u010das nieko\u013ek\u00fdch mesiacov tohtoro\u010dn\u00e9ho jazdenia stovky priaznivcov<\/strong>, o\u00a0\u010dom hovor\u00ed aj po\u010det prihl\u00e1sen\u00fdch v\u00a0\u010cervenom Kl\u00e1\u0161tore &#8211; vy\u0161e 300 pretek\u00e1rov. V\u00a0s\u00fa\u010dte v\u0161etk\u00fdch \u0161iestich podujat\u00ed sme sa teda videli s\u00a01\u00a0009 jazdcami. Samozrejme, s\u00a0v\u00e4\u010d\u0161inou na viacer\u00fdch kol\u00e1ch, \u010do z\u00a0Detskej Tour rob\u00ed fam\u00f3zne podujatie, ktor\u00e9 mo\u017eno prinesie aj nov\u00fa svetov\u00fa hviezdu cyklistiky.<\/p>\n<p><a href=\"https:\/\/d2p6e6u75xmxt8.cloudfront.net\/4\/2020\/09\/WLC_Mesacna-desiatka-september_04.jpg\"><img loading=\"lazy\" decoding=\"async\" src=\"https:\/\/d2p6e6u75xmxt8.cloudfront.net\/4\/2020\/09\/WLC_Mesacna-desiatka-september_04.jpg\" alt=\"\" width=\"1200\" height=\"800\" class=\"alignnone size-full wp-image-10835\" \/><\/a><\/p>\n<p>Septembrov\u00e9 pretekanie bolo n\u00e1ro\u010dn\u00e9 &#8211; Tour de France, Tirreno-Adriatico alebo aj Majstrovstv\u00e1 sveta. <strong>T\u00fdm v\u0161ak nekon\u010d\u00edme.<\/strong> U\u017e o\u00a0chv\u00ed\u013eu vypukne \u010fal\u0161ie \u201e\u0161ialenstvo\u201c v\u00a0podobe Giro d\u02b9Italia. Ak\u00e9 bude? <strong>Nechajme sa prekvapi\u0165!<\/strong><\/p>\n","protected":false},"excerpt":{"rendered":"<p>Keby n\u00e1m bol niekto v\u00a0marci povedal, \u017ee e\u0161te v\u00a0tomto roku za\u017eijeme Tour alebo Majstrovstv\u00e1 sveta, o Okolo Slovenska nehovoriac, asi [&hellip;]<\/p>\n","protected":false},"author":81,"featured_media":10833,"comment_status":"open","ping_status":"open","sticky":false,"template":"","format":"standard","meta":{"footnotes":""},"categories":[63],"tags":[619,115,896,180,532,498,1152,281,178,46,179,542,35,1258,424,20,886],"global-categories":[1074],"class_list":["post-10827","post","type-post","status-publish","format-standard","has-post-thumbnail","hentry","category-grand-tour","tag-bicyklovanie","tag-cestna-cyklistika","tag-enduro","tag-horska-cyklistika","tag-jazdenie","tag-julian-alaphilippe","tag-majstrovstva-slovenska","tag-majstrovstva-sveta","tag-maraton","tag-peter-sagan","tag-preteky","tag-skoda","tag-sbot","tag-tadej-pogacar","tag-tirreno-adriatico","tag-tour-de-france","tag-vitazstvo","global-categories-cycling"],"yoast_head":"<!-- This site is optimized with the Yoast SEO Premium plugin v25.3 (Yoast SEO v25.9) - https:\/\/yoast.com\/wordpress\/plugins\/seo\/ -->\n<title>Mesa\u010dn\u00e1 desiatka - septembrov\u00e1 d\u00e1vka (nielen) svetovej cyklistiky - \u0160koda We Love Cycling Slovensko<\/title>\n<meta name=\"robots\" content=\"index, follow, max-snippet:-1, max-image-preview:large, max-video-preview:-1\" \/>\n<link rel=\"canonical\" href=\"https:\/\/www.welovecycling.com\/sk\/2020\/09\/28\/mesacna-desiatka-septembrova-davka-nielen-svetovej-cyklistiky\/\" \/>\n<meta property=\"og:locale\" content=\"sk_SK\" \/>\n<meta property=\"og:type\" content=\"article\" \/>\n<meta property=\"og:title\" content=\"Mesa\u010dn\u00e1 desiatka - septembrov\u00e1 d\u00e1vka (nielen) svetovej cyklistiky\" \/>\n<meta property=\"og:description\" content=\"Keby n\u00e1m bol niekto v\u00a0marci povedal, \u017ee e\u0161te v\u00a0tomto roku za\u017eijeme Tour alebo Majstrovstv\u00e1 sveta, o Okolo Slovenska nehovoriac, asi [&hellip;]\" \/>\n<meta property=\"og:url\" content=\"https:\/\/www.welovecycling.com\/sk\/2020\/09\/28\/mesacna-desiatka-septembrova-davka-nielen-svetovej-cyklistiky\/\" \/>\n<meta property=\"og:site_name\" content=\"\u0160koda We Love Cycling Slovensko\" \/>\n<meta property=\"article:published_time\" content=\"2020-09-28T12:00:57+00:00\" \/>\n<meta property=\"og:image\" content=\"https:\/\/d2p6e6u75xmxt8.cloudfront.net\/4\/2020\/09\/WLC_Mesacna-desiatka-september_00.webp\" \/>\n\t<meta property=\"og:image:width\" content=\"1380\" \/>\n\t<meta property=\"og:image:height\" content=\"600\" \/>\n\t<meta property=\"og:image:type\" content=\"image\/webp\" \/>\n<meta name=\"twitter:card\" content=\"summary_large_image\" \/>\n<meta name=\"twitter:label1\" content=\"Written by\" \/>\n\t<meta name=\"twitter:data1\" content=\"WeLoveCycling\" \/>\n\t<meta name=\"twitter:label2\" content=\"Est. reading time\" \/>\n\t<meta name=\"twitter:data2\" content=\"5\" \/>\n<script type=\"application\/ld+json\" class=\"yoast-schema-graph\">{\"@context\":\"https:\/\/schema.org\",\"@graph\":[{\"@type\":\"WebPage\",\"@id\":\"https:\/\/www.welovecycling.com\/sk\/2020\/09\/28\/mesacna-desiatka-septembrova-davka-nielen-svetovej-cyklistiky\/\",\"url\":\"https:\/\/www.welovecycling.com\/sk\/2020\/09\/28\/mesacna-desiatka-septembrova-davka-nielen-svetovej-cyklistiky\/\",\"name\":\"Mesa\u010dn\u00e1 desiatka - septembrov\u00e1 d\u00e1vka (nielen) svetovej cyklistiky - \u0160koda We Love Cycling Slovensko\",\"isPartOf\":{\"@id\":\"https:\/\/www.welovecycling.com\/sk\/#website\"},\"primaryImageOfPage\":{\"@id\":\"https:\/\/www.welovecycling.com\/sk\/2020\/09\/28\/mesacna-desiatka-septembrova-davka-nielen-svetovej-cyklistiky\/#primaryimage\"},\"image\":{\"@id\":\"https:\/\/www.welovecycling.com\/sk\/2020\/09\/28\/mesacna-desiatka-septembrova-davka-nielen-svetovej-cyklistiky\/#primaryimage\"},\"thumbnailUrl\":\"https:\/\/d2p6e6u75xmxt8.cloudfront.net\/4\/2020\/09\/WLC_Mesacna-desiatka-september_00.webp\",\"datePublished\":\"2020-09-28T12:00:57+00:00\",\"author\":{\"@id\":\"\"},\"breadcrumb\":{\"@id\":\"https:\/\/www.welovecycling.com\/sk\/2020\/09\/28\/mesacna-desiatka-septembrova-davka-nielen-svetovej-cyklistiky\/#breadcrumb\"},\"inLanguage\":\"sk-SK\",\"potentialAction\":[{\"@type\":\"ReadAction\",\"target\":[\"https:\/\/www.welovecycling.com\/sk\/2020\/09\/28\/mesacna-desiatka-septembrova-davka-nielen-svetovej-cyklistiky\/\"]}]},{\"@type\":\"ImageObject\",\"inLanguage\":\"sk-SK\",\"@id\":\"https:\/\/www.welovecycling.com\/sk\/2020\/09\/28\/mesacna-desiatka-septembrova-davka-nielen-svetovej-cyklistiky\/#primaryimage\",\"url\":\"https:\/\/d2p6e6u75xmxt8.cloudfront.net\/4\/2020\/09\/WLC_Mesacna-desiatka-september_00.webp\",\"contentUrl\":\"https:\/\/d2p6e6u75xmxt8.cloudfront.net\/4\/2020\/09\/WLC_Mesacna-desiatka-september_00.webp\",\"width\":1380,\"height\":600},{\"@type\":\"BreadcrumbList\",\"@id\":\"https:\/\/www.welovecycling.com\/sk\/2020\/09\/28\/mesacna-desiatka-septembrova-davka-nielen-svetovej-cyklistiky\/#breadcrumb\",\"itemListElement\":[{\"@type\":\"ListItem\",\"position\":1,\"name\":\"Home\",\"item\":\"https:\/\/www.welovecycling.com\/sk\/\"},{\"@type\":\"ListItem\",\"position\":2,\"name\":\"Mesa\u010dn\u00e1 desiatka &#8211; septembrov\u00e1 d\u00e1vka (nielen) svetovej cyklistiky\"}]},{\"@type\":\"WebSite\",\"@id\":\"https:\/\/www.welovecycling.com\/sk\/#website\",\"url\":\"https:\/\/www.welovecycling.com\/sk\/\",\"name\":\"\u0160koda We Love Cycling Slovensko\",\"description\":\"\u0160koda We Love Cycling Slovensko je v\u00e1\u0161 ka\u017edodenn\u00fd zdroj noviniek a in\u0161pir\u00e1cie z sveta cyklistiky\",\"potentialAction\":[{\"@type\":\"SearchAction\",\"target\":{\"@type\":\"EntryPoint\",\"urlTemplate\":\"https:\/\/www.welovecycling.com\/sk\/?s={search_term_string}\"},\"query-input\":{\"@type\":\"PropertyValueSpecification\",\"valueRequired\":true,\"valueName\":\"search_term_string\"}}],\"inLanguage\":\"sk-SK\"},{\"@type\":\"Person\",\"@id\":\"\",\"url\":\"https:\/\/www.welovecycling.com\/sk\/author\/\"}]}<\/script>\n<!-- \/ Yoast SEO Premium plugin. -->","yoast_head_json":{"title":"Mesa\u010dn\u00e1 desiatka - septembrov\u00e1 d\u00e1vka (nielen) svetovej cyklistiky - \u0160koda We Love Cycling Slovensko","robots":{"index":"index","follow":"follow","max-snippet":"max-snippet:-1","max-image-preview":"max-image-preview:large","max-video-preview":"max-video-preview:-1"},"canonical":"https:\/\/www.welovecycling.com\/sk\/2020\/09\/28\/mesacna-desiatka-septembrova-davka-nielen-svetovej-cyklistiky\/","og_locale":"sk_SK","og_type":"article","og_title":"Mesa\u010dn\u00e1 desiatka - septembrov\u00e1 d\u00e1vka (nielen) svetovej cyklistiky","og_description":"Keby n\u00e1m bol niekto v\u00a0marci povedal, \u017ee e\u0161te v\u00a0tomto roku za\u017eijeme Tour alebo Majstrovstv\u00e1 sveta, o Okolo Slovenska nehovoriac, asi [&hellip;]","og_url":"https:\/\/www.welovecycling.com\/sk\/2020\/09\/28\/mesacna-desiatka-septembrova-davka-nielen-svetovej-cyklistiky\/","og_site_name":"\u0160koda We Love Cycling Slovensko","article_published_time":"2020-09-28T12:00:57+00:00","og_image":[{"width":1380,"height":600,"url":"https:\/\/d2p6e6u75xmxt8.cloudfront.net\/4\/2020\/09\/WLC_Mesacna-desiatka-september_00.webp","type":"image\/webp"}],"twitter_card":"summary_large_image","twitter_misc":{"Written by":"WeLoveCycling","Est. reading time":"5"},"schema":{"@context":"https:\/\/schema.org","@graph":[{"@type":"WebPage","@id":"https:\/\/www.welovecycling.com\/sk\/2020\/09\/28\/mesacna-desiatka-septembrova-davka-nielen-svetovej-cyklistiky\/","url":"https:\/\/www.welovecycling.com\/sk\/2020\/09\/28\/mesacna-desiatka-septembrova-davka-nielen-svetovej-cyklistiky\/","name":"Mesa\u010dn\u00e1 desiatka - septembrov\u00e1 d\u00e1vka (nielen) svetovej cyklistiky - \u0160koda We Love Cycling Slovensko","isPartOf":{"@id":"https:\/\/www.welovecycling.com\/sk\/#website"},"primaryImageOfPage":{"@id":"https:\/\/www.welovecycling.com\/sk\/2020\/09\/28\/mesacna-desiatka-septembrova-davka-nielen-svetovej-cyklistiky\/#primaryimage"},"image":{"@id":"https:\/\/www.welovecycling.com\/sk\/2020\/09\/28\/mesacna-desiatka-septembrova-davka-nielen-svetovej-cyklistiky\/#primaryimage"},"thumbnailUrl":"https:\/\/d2p6e6u75xmxt8.cloudfront.net\/4\/2020\/09\/WLC_Mesacna-desiatka-september_00.webp","datePublished":"2020-09-28T12:00:57+00:00","author":{"@id":""},"breadcrumb":{"@id":"https:\/\/www.welovecycling.com\/sk\/2020\/09\/28\/mesacna-desiatka-septembrova-davka-nielen-svetovej-cyklistiky\/#breadcrumb"},"inLanguage":"sk-SK","potentialAction":[{"@type":"ReadAction","target":["https:\/\/www.welovecycling.com\/sk\/2020\/09\/28\/mesacna-desiatka-septembrova-davka-nielen-svetovej-cyklistiky\/"]}]},{"@type":"ImageObject","inLanguage":"sk-SK","@id":"https:\/\/www.welovecycling.com\/sk\/2020\/09\/28\/mesacna-desiatka-septembrova-davka-nielen-svetovej-cyklistiky\/#primaryimage","url":"https:\/\/d2p6e6u75xmxt8.cloudfront.net\/4\/2020\/09\/WLC_Mesacna-desiatka-september_00.webp","contentUrl":"https:\/\/d2p6e6u75xmxt8.cloudfront.net\/4\/2020\/09\/WLC_Mesacna-desiatka-september_00.webp","width":1380,"height":600},{"@type":"BreadcrumbList","@id":"https:\/\/www.welovecycling.com\/sk\/2020\/09\/28\/mesacna-desiatka-septembrova-davka-nielen-svetovej-cyklistiky\/#breadcrumb","itemListElement":[{"@type":"ListItem","position":1,"name":"Home","item":"https:\/\/www.welovecycling.com\/sk\/"},{"@type":"ListItem","position":2,"name":"Mesa\u010dn\u00e1 desiatka &#8211; septembrov\u00e1 d\u00e1vka (nielen) svetovej cyklistiky"}]},{"@type":"WebSite","@id":"https:\/\/www.welovecycling.com\/sk\/#website","url":"https:\/\/www.welovecycling.com\/sk\/","name":"\u0160koda We Love Cycling Slovensko","description":"\u0160koda We Love Cycling Slovensko je v\u00e1\u0161 ka\u017edodenn\u00fd zdroj noviniek a in\u0161pir\u00e1cie z sveta cyklistiky","potentialAction":[{"@type":"SearchAction","target":{"@type":"EntryPoint","urlTemplate":"https:\/\/www.welovecycling.com\/sk\/?s={search_term_string}"},"query-input":{"@type":"PropertyValueSpecification","valueRequired":true,"valueName":"search_term_string"}}],"inLanguage":"sk-SK"},{"@type":"Person","@id":"","url":"https:\/\/www.welovecycling.com\/sk\/author\/"}]}},"_links":{"self":[{"href":"https:\/\/www.welovecycling.com\/sk\/wp-json\/wp\/v2\/posts\/10827","targetHints":{"allow":["GET"]}}],"collection":[{"href":"https:\/\/www.welovecycling.com\/sk\/wp-json\/wp\/v2\/posts"}],"about":[{"href":"https:\/\/www.welovecycling.com\/sk\/wp-json\/wp\/v2\/types\/post"}],"author":[{"embeddable":true,"href":"https:\/\/www.welovecycling.com\/sk\/wp-json\/wp\/v2\/users\/81"}],"replies":[{"embeddable":true,"href":"https:\/\/www.welovecycling.com\/sk\/wp-json\/wp\/v2\/comments?post=10827"}],"version-history":[{"count":2,"href":"https:\/\/www.welovecycling.com\/sk\/wp-json\/wp\/v2\/posts\/10827\/revisions"}],"predecessor-version":[{"id":10839,"href":"https:\/\/www.welovecycling.com\/sk\/wp-json\/wp\/v2\/posts\/10827\/revisions\/10839"}],"wp:featuredmedia":[{"embeddable":true,"href":"https:\/\/www.welovecycling.com\/sk\/wp-json\/wp\/v2\/media\/10833"}],"wp:attachment":[{"href":"https:\/\/www.welovecycling.com\/sk\/wp-json\/wp\/v2\/media?parent=10827"}],"wp:term":[{"taxonomy":"category","embeddable":true,"href":"https:\/\/www.welovecycling.com\/sk\/wp-json\/wp\/v2\/categories?post=10827"},{"taxonomy":"post_tag","embeddable":true,"href":"https:\/\/www.welovecycling.com\/sk\/wp-json\/wp\/v2\/tags?post=10827"},{"taxonomy":"global-categories","embeddable":true,"href":"https:\/\/www.welovecycling.com\/sk\/wp-json\/wp\/v2\/global-categories?post=10827"}],"curies":[{"name":"wp","href":"https:\/\/api.w.org\/{rel}","templated":true}]}}