{"id":10815,"date":"2020-09-25T10:00:51","date_gmt":"2020-09-25T08:00:51","guid":{"rendered":"https:\/\/www.welovecycling.com\/sk\/?p=10815"},"modified":"2020-09-22T14:37:04","modified_gmt":"2020-09-22T12:37:04","slug":"tadej-pogacar-vyhral-tour-de-france-2020","status":"publish","type":"post","link":"https:\/\/www.welovecycling.com\/sk\/2020\/09\/25\/tadej-pogacar-vyhral-tour-de-france-2020\/","title":{"rendered":"Tadej Poga\u010dar vyhral Tour de France 2020"},"content":{"rendered":"<p><strong>Sam Bennet s\u00edce z\u00edskal sl\u00e1vne v\u00ed\u0165azstvo na Champs-\u00c9lys\u00e9es, ale bol to pr\u00e1ve 21 ro\u010dn\u00fd Slovinec, ktor\u00fd sa zdal by\u0165 naj\u0161\u0165astnej\u0161\u00edm \u010dlovekom plan\u00e9ty.<\/strong><br \/>\n<!--more--><\/p>\n<p>Tadej Poga\u010dar (UAE Emirates) sa stal historicky druh\u00fdm najmlad\u0161\u00edm v\u00ed\u0165azom Tour de France, hne\u010f po Henri Cornetovi, ktor\u00fd vyhral v roku 1904. U\u017e v tomto veku <strong>v\u0161etk\u00fdm z\u00fa\u010dastnen\u00fdm uk\u00e1zal, \u017ee je fenomen\u00e1lnym vrch\u00e1rom po\u010das cel\u00fdch troch t\u00fd\u017ed\u0148ov<\/strong>. Ale bola to pr\u00e1ve \u010dasovka, ktor\u00e1 mu zabezpe\u010dila v\u00ed\u0165azstvo. Na Primo\u017ea Rogli\u010da (Jumbo-Visma) dok\u00e1zal nazbiera\u0165 neuverite\u013en\u00fdch 1:56. Z\u00e1rove\u0148 porazil ka\u017ed\u00e9ho \u0161pecialistu na \u010dasovku &#8211; aj Toma Dumoulina (Jumbo-Visma) a Richieho Porta (Trek Segafredo).<\/p>\n<div class=\"embed-controller-wrapper\">\n<blockquote class=\"twitter-tweet\" data-width=\"500\" data-dnt=\"true\">\n<p lang=\"fr\" dir=\"ltr\">A stage win on the Champs-Elys\u00e9es to cap off a fantastic Tour in \ud83d\udc9a for \ud83c\uddee\ud83c\uddea <a href=\"https:\/\/twitter.com\/Sammmy_Be?ref_src=twsrc%5Etfw\">@Sammmy_Be<\/a>!<\/p>\n<p>Victoire d&#39;\u00e9tape en vert pour \ud83c\uddee\ud83c\uddea <a href=\"https:\/\/twitter.com\/Sammmy_Be?ref_src=twsrc%5Etfw\">@Sammmy_Be<\/a> sur les Champs-\u00c9lys\u00e9es pour finir ce Tour en apoth\u00e9ose !<a href=\"https:\/\/twitter.com\/hashtag\/TDF2020?src=hash&amp;ref_src=twsrc%5Etfw\">#TDF2020<\/a> <a href=\"https:\/\/t.co\/IHdNdQillc\">pic.twitter.com\/IHdNdQillc<\/a><\/p>\n<p>&mdash; Tour de France\u2122 (@LeTour) <a href=\"https:\/\/twitter.com\/LeTour\/status\/1307728922478555137?ref_src=twsrc%5Etfw\">September 20, 2020<\/a><\/p><\/blockquote>\n<p><script async data-src=\"https:\/\/platform.twitter.com\/widgets.js\" charset=\"utf-8\"><\/script><\/div>\n<p>Jeho ohromuj\u00faci v\u00fdjazd na Planche des Belles Filles bol naviac nato\u013eko r\u00fdchly, \u017ee v\u010faka nemu dok\u00e1zal <strong>ukoristi\u0165 vrch\u00e1rsky bodkovan\u00fd dres<\/strong> z r\u00fak Richarda Carapaza (Ineos Grenadiers). To znamen\u00e1, \u017ee Tadej Poga\u010dar vyhral \u017elt\u00fd, biely a bodkovan\u00fd dres &#8211; to v\u0161etko na jeho prvej Tour de France.<\/p>\n<p><em>\u201eZd\u00e1 sa mi, \u017ee sn\u00edvam. Neviem \u010do poveda\u0165.\u201c<\/em> Povedal Poga\u010dar po z\u00e1vere 20. etapy.<\/p>\n<p>V skuto\u010dnosti nesn\u00edval a s t\u00fdmto legend\u00e1rnym \u017elt\u00fdm dresom pre\u0161iel po\u010das nasleduj\u00faceho d\u0148a cez Champs-\u00c9lys\u00e9es a cez cie\u013eov\u00fa p\u00e1sku s ve\u013ek\u00fdm \u00fasmevom na tv\u00e1ri.<\/p>\n<div class=\"embed-controller-wrapper\">\n<blockquote class=\"twitter-tweet\" data-width=\"500\" data-dnt=\"true\">\n<p lang=\"en\" dir=\"ltr\">Respect \ud83e\udd1d<a href=\"https:\/\/twitter.com\/rogla?ref_src=twsrc%5Etfw\">@rogla<\/a> \ud83c\uddf8\ud83c\uddee <a href=\"https:\/\/twitter.com\/TamauPogi?ref_src=twsrc%5Etfw\">@TamauPogi<\/a> <a href=\"https:\/\/twitter.com\/hashtag\/TDF2020?src=hash&amp;ref_src=twsrc%5Etfw\">#TDF2020<\/a> <a href=\"https:\/\/t.co\/mLLljZ0b9F\">pic.twitter.com\/mLLljZ0b9F<\/a><\/p>\n<p>&mdash; Tour de France\u2122 (@LeTour) <a href=\"https:\/\/twitter.com\/LeTour\/status\/1307354571396853764?ref_src=twsrc%5Etfw\">September 19, 2020<\/a><\/p><\/blockquote>\n<p><script async data-src=\"https:\/\/platform.twitter.com\/widgets.js\" charset=\"utf-8\"><\/script><\/div>\n<p>Aj v t\u00edme Jumbo-Visma sa jeho \u010dlenom muselo zda\u0165, \u017ee sn\u00edvaj\u00fa. Av\u0161ak, v tomto pr\u00edpade muselo \u00eds\u0165 o no\u010dn\u00fa moru. Primo\u017e Rogli\u010d neuk\u00e1zal po\u010das uplynul\u00fdch troch t\u00fd\u017ed\u0148ov ani jednu slabinu, a aj napriek tomu <strong>nedok\u00e1zal prekro\u010di\u0165 posledn\u00fa prek\u00e1\u017eku<\/strong>, ktor\u00e1 ho delila od sl\u00e1vy v Par\u00ed\u017ei.<\/p>\n<p><em>\u201eJe pravdou, \u017ee som nemal ve\u013emi dobr\u00fd de\u0148. Dnes bol Tadej omnoho lep\u0161\u00ed,\u201c<\/em> povedal Rogli\u010d. <em>\u201ePre m\u0148a bol na \u00faplne inom leveli, skuto\u010dne si zasl\u00fa\u017eil vyhra\u0165, gratulujem. Ak ide o m\u0148a, dal som do toho v\u0161etko, \u010do vo mne bolo. Samozrejme som sklaman\u00fd s v\u00fdsledkom, av\u0161ak na druhej strane, m\u00f4\u017eem by\u0165 spokojn\u00fd s moj\u00edm druh\u00fdm miestom.\u201c<\/em><\/p>\n<p>Naozaj, nejde o ni\u010d, za \u010do by sa mal pretek\u00e1r hanbi\u0165. A ako jeden z fan\u00fa\u0161ikov, ktor\u00fd sledoval tohtoro\u010dn\u00fa Tour de France, mus\u00edm poveda\u0165: <em>\u201e\u010eakujem!\u201c<\/em>. Skuto\u010dne to bola \u00fa\u017easn\u00e1 Tour.<\/p>\n<p><strong>Celkov\u00e1 klasifik\u00e1cia<\/strong><\/p>\n<p>1. Tadej Poga\u010dar (UAE Team Emirates)<br \/>\n2. Primo\u017e Rogli\u010d (Jumbo-Visma) + 59s<br \/>\n3. Richie Porte (Trek-Segafredo) + 3:30<br \/>\n4. Mikel Landa (Bahrain-McLaren) + 5:58<br \/>\n5. Enric Mas (Deceuninck-Quick-Step) + 6:07<br \/>\n6. Miguel \u00c1ngel L\u00f3pez (Astana) + 6:47<br \/>\n7. Tom Dumoulin (Jumbo-Visma) + 7:48<br \/>\n8. Rigoberto Ur\u00e1n (EF Pro Cycling) + 8:02<br \/>\n9. Adam Yates (Mitchelton-Scott) + 9:25<br \/>\n10. Damiano Caruso (Bahrain-McLaren) + 14:03<\/p>\n","protected":false},"excerpt":{"rendered":"<p>Sam Bennet s\u00edce z\u00edskal sl\u00e1vne v\u00ed\u0165azstvo na Champs-\u00c9lys\u00e9es, ale bol to pr\u00e1ve 21 ro\u010dn\u00fd Slovinec, ktor\u00fd sa zdal by\u0165 naj\u0161\u0165astnej\u0161\u00edm [&hellip;]<\/p>\n","protected":false},"author":81,"featured_media":10818,"comment_status":"open","ping_status":"open","sticky":false,"template":"","format":"standard","meta":{"footnotes":""},"categories":[4],"tags":[1262,115,898,179,170,974,1258,1092,307,20,1249],"global-categories":[],"class_list":["post-10815","post","type-post","status-publish","format-standard","has-post-thumbnail","hentry","category-cestna-cyklisitika","tag-astana","tag-cestna-cyklistika","tag-deceuninck-quick-step","tag-preteky","tag-primoz-roglic","tag-richard-carapaz","tag-tadej-pogacar","tag-team-jumbo-visma","tag-tom-dumoulin","tag-tour-de-france","tag-tour-de-france-2020"],"yoast_head":"<!-- This site is optimized with the Yoast SEO Premium plugin v25.3 (Yoast SEO v25.9) - https:\/\/yoast.com\/wordpress\/plugins\/seo\/ -->\n<title>Tadej Poga\u010dar vyhral Tour de France 2020 - \u0160koda We Love Cycling Slovensko<\/title>\n<meta name=\"robots\" content=\"index, follow, max-snippet:-1, max-image-preview:large, max-video-preview:-1\" \/>\n<link rel=\"canonical\" href=\"https:\/\/www.welovecycling.com\/sk\/2020\/09\/25\/tadej-pogacar-vyhral-tour-de-france-2020\/\" \/>\n<meta property=\"og:locale\" content=\"sk_SK\" \/>\n<meta property=\"og:type\" content=\"article\" \/>\n<meta property=\"og:title\" content=\"Tadej Poga\u010dar vyhral Tour de France 2020\" \/>\n<meta property=\"og:description\" content=\"Sam Bennet s\u00edce z\u00edskal sl\u00e1vne v\u00ed\u0165azstvo na Champs-\u00c9lys\u00e9es, ale bol to pr\u00e1ve 21 ro\u010dn\u00fd Slovinec, ktor\u00fd sa zdal by\u0165 naj\u0161\u0165astnej\u0161\u00edm [&hellip;]\" \/>\n<meta property=\"og:url\" content=\"https:\/\/www.welovecycling.com\/sk\/2020\/09\/25\/tadej-pogacar-vyhral-tour-de-france-2020\/\" \/>\n<meta property=\"og:site_name\" content=\"\u0160koda We Love Cycling Slovensko\" \/>\n<meta property=\"article:published_time\" content=\"2020-09-25T08:00:51+00:00\" \/>\n<meta property=\"og:image\" content=\"https:\/\/d2p6e6u75xmxt8.cloudfront.net\/4\/2020\/09\/Tadej-Pogacar-CVR-profimedia-0558912872.webp\" \/>\n\t<meta property=\"og:image:width\" content=\"1366\" \/>\n\t<meta property=\"og:image:height\" content=\"600\" \/>\n\t<meta property=\"og:image:type\" content=\"image\/webp\" \/>\n<meta name=\"twitter:card\" content=\"summary_large_image\" \/>\n<meta name=\"twitter:label1\" content=\"Written by\" \/>\n\t<meta name=\"twitter:data1\" content=\"WeLoveCycling\" \/>\n\t<meta name=\"twitter:label2\" content=\"Est. reading time\" \/>\n\t<meta name=\"twitter:data2\" content=\"4\" \/>\n<script type=\"application\/ld+json\" class=\"yoast-schema-graph\">{\"@context\":\"https:\/\/schema.org\",\"@graph\":[{\"@type\":\"WebPage\",\"@id\":\"https:\/\/www.welovecycling.com\/sk\/2020\/09\/25\/tadej-pogacar-vyhral-tour-de-france-2020\/\",\"url\":\"https:\/\/www.welovecycling.com\/sk\/2020\/09\/25\/tadej-pogacar-vyhral-tour-de-france-2020\/\",\"name\":\"Tadej Poga\u010dar vyhral Tour de France 2020 - \u0160koda We Love Cycling Slovensko\",\"isPartOf\":{\"@id\":\"https:\/\/www.welovecycling.com\/sk\/#website\"},\"primaryImageOfPage\":{\"@id\":\"https:\/\/www.welovecycling.com\/sk\/2020\/09\/25\/tadej-pogacar-vyhral-tour-de-france-2020\/#primaryimage\"},\"image\":{\"@id\":\"https:\/\/www.welovecycling.com\/sk\/2020\/09\/25\/tadej-pogacar-vyhral-tour-de-france-2020\/#primaryimage\"},\"thumbnailUrl\":\"https:\/\/d2p6e6u75xmxt8.cloudfront.net\/4\/2020\/09\/Tadej-Pogacar-CVR-profimedia-0558912872.webp\",\"datePublished\":\"2020-09-25T08:00:51+00:00\",\"author\":{\"@id\":\"\"},\"breadcrumb\":{\"@id\":\"https:\/\/www.welovecycling.com\/sk\/2020\/09\/25\/tadej-pogacar-vyhral-tour-de-france-2020\/#breadcrumb\"},\"inLanguage\":\"sk-SK\",\"potentialAction\":[{\"@type\":\"ReadAction\",\"target\":[\"https:\/\/www.welovecycling.com\/sk\/2020\/09\/25\/tadej-pogacar-vyhral-tour-de-france-2020\/\"]}]},{\"@type\":\"ImageObject\",\"inLanguage\":\"sk-SK\",\"@id\":\"https:\/\/www.welovecycling.com\/sk\/2020\/09\/25\/tadej-pogacar-vyhral-tour-de-france-2020\/#primaryimage\",\"url\":\"https:\/\/d2p6e6u75xmxt8.cloudfront.net\/4\/2020\/09\/Tadej-Pogacar-CVR-profimedia-0558912872.webp\",\"contentUrl\":\"https:\/\/d2p6e6u75xmxt8.cloudfront.net\/4\/2020\/09\/Tadej-Pogacar-CVR-profimedia-0558912872.webp\",\"width\":1366,\"height\":600},{\"@type\":\"BreadcrumbList\",\"@id\":\"https:\/\/www.welovecycling.com\/sk\/2020\/09\/25\/tadej-pogacar-vyhral-tour-de-france-2020\/#breadcrumb\",\"itemListElement\":[{\"@type\":\"ListItem\",\"position\":1,\"name\":\"Home\",\"item\":\"https:\/\/www.welovecycling.com\/sk\/\"},{\"@type\":\"ListItem\",\"position\":2,\"name\":\"Tadej Poga\u010dar vyhral Tour de France 2020\"}]},{\"@type\":\"WebSite\",\"@id\":\"https:\/\/www.welovecycling.com\/sk\/#website\",\"url\":\"https:\/\/www.welovecycling.com\/sk\/\",\"name\":\"\u0160koda We Love Cycling Slovensko\",\"description\":\"\u0160koda We Love Cycling Slovensko je v\u00e1\u0161 ka\u017edodenn\u00fd zdroj noviniek a in\u0161pir\u00e1cie z sveta cyklistiky\",\"potentialAction\":[{\"@type\":\"SearchAction\",\"target\":{\"@type\":\"EntryPoint\",\"urlTemplate\":\"https:\/\/www.welovecycling.com\/sk\/?s={search_term_string}\"},\"query-input\":{\"@type\":\"PropertyValueSpecification\",\"valueRequired\":true,\"valueName\":\"search_term_string\"}}],\"inLanguage\":\"sk-SK\"},{\"@type\":\"Person\",\"@id\":\"\",\"url\":\"https:\/\/www.welovecycling.com\/sk\/author\/\"}]}<\/script>\n<!-- \/ Yoast SEO Premium plugin. -->","yoast_head_json":{"title":"Tadej Poga\u010dar vyhral Tour de France 2020 - \u0160koda We Love Cycling Slovensko","robots":{"index":"index","follow":"follow","max-snippet":"max-snippet:-1","max-image-preview":"max-image-preview:large","max-video-preview":"max-video-preview:-1"},"canonical":"https:\/\/www.welovecycling.com\/sk\/2020\/09\/25\/tadej-pogacar-vyhral-tour-de-france-2020\/","og_locale":"sk_SK","og_type":"article","og_title":"Tadej Poga\u010dar vyhral Tour de France 2020","og_description":"Sam Bennet s\u00edce z\u00edskal sl\u00e1vne v\u00ed\u0165azstvo na Champs-\u00c9lys\u00e9es, ale bol to pr\u00e1ve 21 ro\u010dn\u00fd Slovinec, ktor\u00fd sa zdal by\u0165 naj\u0161\u0165astnej\u0161\u00edm [&hellip;]","og_url":"https:\/\/www.welovecycling.com\/sk\/2020\/09\/25\/tadej-pogacar-vyhral-tour-de-france-2020\/","og_site_name":"\u0160koda We Love Cycling Slovensko","article_published_time":"2020-09-25T08:00:51+00:00","og_image":[{"width":1366,"height":600,"url":"https:\/\/d2p6e6u75xmxt8.cloudfront.net\/4\/2020\/09\/Tadej-Pogacar-CVR-profimedia-0558912872.webp","type":"image\/webp"}],"twitter_card":"summary_large_image","twitter_misc":{"Written by":"WeLoveCycling","Est. reading time":"4"},"schema":{"@context":"https:\/\/schema.org","@graph":[{"@type":"WebPage","@id":"https:\/\/www.welovecycling.com\/sk\/2020\/09\/25\/tadej-pogacar-vyhral-tour-de-france-2020\/","url":"https:\/\/www.welovecycling.com\/sk\/2020\/09\/25\/tadej-pogacar-vyhral-tour-de-france-2020\/","name":"Tadej Poga\u010dar vyhral Tour de France 2020 - \u0160koda We Love Cycling Slovensko","isPartOf":{"@id":"https:\/\/www.welovecycling.com\/sk\/#website"},"primaryImageOfPage":{"@id":"https:\/\/www.welovecycling.com\/sk\/2020\/09\/25\/tadej-pogacar-vyhral-tour-de-france-2020\/#primaryimage"},"image":{"@id":"https:\/\/www.welovecycling.com\/sk\/2020\/09\/25\/tadej-pogacar-vyhral-tour-de-france-2020\/#primaryimage"},"thumbnailUrl":"https:\/\/d2p6e6u75xmxt8.cloudfront.net\/4\/2020\/09\/Tadej-Pogacar-CVR-profimedia-0558912872.webp","datePublished":"2020-09-25T08:00:51+00:00","author":{"@id":""},"breadcrumb":{"@id":"https:\/\/www.welovecycling.com\/sk\/2020\/09\/25\/tadej-pogacar-vyhral-tour-de-france-2020\/#breadcrumb"},"inLanguage":"sk-SK","potentialAction":[{"@type":"ReadAction","target":["https:\/\/www.welovecycling.com\/sk\/2020\/09\/25\/tadej-pogacar-vyhral-tour-de-france-2020\/"]}]},{"@type":"ImageObject","inLanguage":"sk-SK","@id":"https:\/\/www.welovecycling.com\/sk\/2020\/09\/25\/tadej-pogacar-vyhral-tour-de-france-2020\/#primaryimage","url":"https:\/\/d2p6e6u75xmxt8.cloudfront.net\/4\/2020\/09\/Tadej-Pogacar-CVR-profimedia-0558912872.webp","contentUrl":"https:\/\/d2p6e6u75xmxt8.cloudfront.net\/4\/2020\/09\/Tadej-Pogacar-CVR-profimedia-0558912872.webp","width":1366,"height":600},{"@type":"BreadcrumbList","@id":"https:\/\/www.welovecycling.com\/sk\/2020\/09\/25\/tadej-pogacar-vyhral-tour-de-france-2020\/#breadcrumb","itemListElement":[{"@type":"ListItem","position":1,"name":"Home","item":"https:\/\/www.welovecycling.com\/sk\/"},{"@type":"ListItem","position":2,"name":"Tadej Poga\u010dar vyhral Tour de France 2020"}]},{"@type":"WebSite","@id":"https:\/\/www.welovecycling.com\/sk\/#website","url":"https:\/\/www.welovecycling.com\/sk\/","name":"\u0160koda We Love Cycling Slovensko","description":"\u0160koda We Love Cycling Slovensko je v\u00e1\u0161 ka\u017edodenn\u00fd zdroj noviniek a in\u0161pir\u00e1cie z sveta cyklistiky","potentialAction":[{"@type":"SearchAction","target":{"@type":"EntryPoint","urlTemplate":"https:\/\/www.welovecycling.com\/sk\/?s={search_term_string}"},"query-input":{"@type":"PropertyValueSpecification","valueRequired":true,"valueName":"search_term_string"}}],"inLanguage":"sk-SK"},{"@type":"Person","@id":"","url":"https:\/\/www.welovecycling.com\/sk\/author\/"}]}},"_links":{"self":[{"href":"https:\/\/www.welovecycling.com\/sk\/wp-json\/wp\/v2\/posts\/10815","targetHints":{"allow":["GET"]}}],"collection":[{"href":"https:\/\/www.welovecycling.com\/sk\/wp-json\/wp\/v2\/posts"}],"about":[{"href":"https:\/\/www.welovecycling.com\/sk\/wp-json\/wp\/v2\/types\/post"}],"author":[{"embeddable":true,"href":"https:\/\/www.welovecycling.com\/sk\/wp-json\/wp\/v2\/users\/81"}],"replies":[{"embeddable":true,"href":"https:\/\/www.welovecycling.com\/sk\/wp-json\/wp\/v2\/comments?post=10815"}],"version-history":[{"count":2,"href":"https:\/\/www.welovecycling.com\/sk\/wp-json\/wp\/v2\/posts\/10815\/revisions"}],"predecessor-version":[{"id":10820,"href":"https:\/\/www.welovecycling.com\/sk\/wp-json\/wp\/v2\/posts\/10815\/revisions\/10820"}],"wp:featuredmedia":[{"embeddable":true,"href":"https:\/\/www.welovecycling.com\/sk\/wp-json\/wp\/v2\/media\/10818"}],"wp:attachment":[{"href":"https:\/\/www.welovecycling.com\/sk\/wp-json\/wp\/v2\/media?parent=10815"}],"wp:term":[{"taxonomy":"category","embeddable":true,"href":"https:\/\/www.welovecycling.com\/sk\/wp-json\/wp\/v2\/categories?post=10815"},{"taxonomy":"post_tag","embeddable":true,"href":"https:\/\/www.welovecycling.com\/sk\/wp-json\/wp\/v2\/tags?post=10815"},{"taxonomy":"global-categories","embeddable":true,"href":"https:\/\/www.welovecycling.com\/sk\/wp-json\/wp\/v2\/global-categories?post=10815"}],"curies":[{"name":"wp","href":"https:\/\/api.w.org\/{rel}","templated":true}]}}