{"id":10806,"date":"2020-09-24T10:00:51","date_gmt":"2020-09-24T08:00:51","guid":{"rendered":"https:\/\/www.welovecycling.com\/sk\/?p=10806"},"modified":"2020-10-02T16:31:03","modified_gmt":"2020-10-02T14:31:03","slug":"uplne-nova-plne-elektricka-skoda-enyaq-iv-zdolala-jedno-z-najtazsich-stupani-tour","status":"publish","type":"post","link":"https:\/\/www.welovecycling.com\/sk\/2020\/09\/24\/uplne-nova-plne-elektricka-skoda-enyaq-iv-zdolala-jedno-z-najtazsich-stupani-tour\/","title":{"rendered":"\u00daplne nov\u00e1, plne elektrick\u00e1 \u0160koda ENYAQ iV zdolala jedno z\u00a0naj\u0165a\u017e\u0161\u00edch st\u00fapan\u00ed Tour"},"content":{"rendered":"<p><strong>\u010c\u00edm by bola <a href=\"https:\/\/www.welovecycling.com\/sk\/tour-de-france-2020\/\" target=\"_blank\" rel=\"noopener noreferrer\">Tour de France<\/a> bez dychber\u00facich alpsk\u00fdch horsk\u00fdch priechodov a\u00a0vrcholov? Pr\u00e1ve ony s\u00fa miestami, kde bojuj\u00fa nielen najlep\u0161\u00ed s\u00a0najlep\u0161\u00edmi, ale predov\u0161etk\u00fdm aj sami so sebou. Tret\u00ed najvy\u0161\u0161\u00ed vrchol Tour, Col du Galibier, bol teda v\u00fdbornou mo\u017enos\u0165ou, ako adekv\u00e1tne vysk\u00fa\u0161a\u0165 vymo\u017eenosti \u00faplne novej, plne elektrickej \u0160koda ENYAQ iV, ktor\u00e1 sl\u00fa\u017eila ako ved\u00face vozidlo riadite\u013ea Tour de France po\u010das tohto ro\u010dn\u00edka. K\u013eukat\u00e1 cesta a\u00a0okolie, pripom\u00ednaj\u00face mesa\u010dn\u00fa krajinu, sa stali vhodn\u00fdm ihriskom tak pre auto, ako aj pre cyklistu, ktor\u00e9ho doprev\u00e1dzalo. Cyklistom nebol nik in\u00fd, ako popul\u00e1rny cyklista a\u00a0profesion\u00e1lny atl\u00e9t, Cameron Jeffers.<\/strong><!--more--><\/p>\n<p>Aj ke\u010f Col du Galibier \u010dasto naz\u00fdvaj\u00fa l\u00e1skav\u00fdm menom \u201eStar\u00e1 d\u00e1ma\u201c, k\u00a0jeho charakteru ur\u010dite nepatr\u00ed vr\u00facnos\u0165, pr\u00edvetivos\u0165 a\u00a0jednoduchos\u0165. Do itiner\u00e1ra Tour bolo zaraden\u00e9 u\u017e pred 119 rokmi, a\u00a0v\u017edy, ke\u010f tadeto prech\u00e1dzal pelot\u00f3n od roku 1947, bol k\u00a0pomn\u00edku Henryho Desgrangeho, prv\u00e9ho riadite\u013ea Tour, polo\u017een\u00fd veniec. Je to miesto pln\u00e9 hist\u00f3rie, ale taktie\u017e ostr\u00fdch v\u00fdziev. Cameron \u010delil 21,4 km st\u00fapaniu s\u00a0priemern\u00fdm sklonom 7,43%. <strong>S\u00a0v\u00fd\u0161kou 2\u00a0642 m n.m. je \u0161iestym najvy\u0161\u0161\u00edm vrcholom vo Franc\u00fazsku<\/strong>, ktor\u00fd je mo\u017en\u00e9 zdola\u0165 po ceste. Odhliadnuc od tohto faktu, Cameronovi nikdy nech\u00fdbal entuziazmus &#8211; a\u00a0to aj v\u010faka pr\u00edtomnosti jedine\u010dnej podpore.<\/p>\n<figure id=\"attachment_10807\" aria-describedby=\"caption-attachment-10807\" style=\"width: 1200px\" class=\"wp-caption alignnone\"><img loading=\"lazy\" decoding=\"async\" class=\"wp-image-10807 size-full\" src=\"https:\/\/d2p6e6u75xmxt8.cloudfront.net\/4\/2020\/09\/0X4A0039m-1.jpg\" alt=\"\u0160koda ENYAQ iV\" width=\"1200\" height=\"800\" \/><figcaption id=\"caption-attachment-10807\" class=\"wp-caption-text\">Tret\u00ed najvy\u0161\u0161\u00ed vrchol Tour, Col du Galibier, bol teda v\u00fdbornou mo\u017enos\u0165ou, ako adekv\u00e1tne vysk\u00fa\u0161a\u0165 vymo\u017eenosti \u00faplne novej, plne elektrickej \u0160koda ENYAQ iV.<\/figcaption><\/figure>\n<div id='gallery-1' class='gallery galleryid-10806 gallery-columns-3 gallery-size-large'><figure class='gallery-item'>\n\t\t\t<div class='gallery-icon landscape'>\n\t\t\t\t<a href='https:\/\/d2p6e6u75xmxt8.cloudfront.net\/4\/2020\/09\/0X4A0110m-1.webp'><img loading=\"lazy\" decoding=\"async\" width=\"1024\" height=\"683\" src=\"https:\/\/d2p6e6u75xmxt8.cloudfront.net\/4\/2020\/09\/0X4A0110m-1-1024x683.webp\" class=\"attachment-large size-large\" alt=\"\" srcset=\"https:\/\/d2p6e6u75xmxt8.cloudfront.net\/4\/2020\/09\/0X4A0110m-1-1024x683.webp 1024w, https:\/\/d2p6e6u75xmxt8.cloudfront.net\/4\/2020\/09\/0X4A0110m-1-300x200.webp 300w, https:\/\/d2p6e6u75xmxt8.cloudfront.net\/4\/2020\/09\/0X4A0110m-1-768x512.webp 768w, https:\/\/d2p6e6u75xmxt8.cloudfront.net\/4\/2020\/09\/0X4A0110m-1-272x182.webp 272w, https:\/\/d2p6e6u75xmxt8.cloudfront.net\/4\/2020\/09\/0X4A0110m-1.webp 1200w\" sizes=\"auto, (max-width: 1024px) 100vw, 1024px\" \/><\/a>\n\t\t\t<\/div><\/figure><figure class='gallery-item'>\n\t\t\t<div class='gallery-icon landscape'>\n\t\t\t\t<a href='https:\/\/d2p6e6u75xmxt8.cloudfront.net\/4\/2020\/09\/0X4A0202m.webp'><img loading=\"lazy\" decoding=\"async\" width=\"1024\" height=\"684\" src=\"https:\/\/d2p6e6u75xmxt8.cloudfront.net\/4\/2020\/09\/0X4A0202m-1024x684.webp\" class=\"attachment-large size-large\" alt=\"\" srcset=\"https:\/\/d2p6e6u75xmxt8.cloudfront.net\/4\/2020\/09\/0X4A0202m-1024x684.webp 1024w, https:\/\/d2p6e6u75xmxt8.cloudfront.net\/4\/2020\/09\/0X4A0202m-300x200.webp 300w, https:\/\/d2p6e6u75xmxt8.cloudfront.net\/4\/2020\/09\/0X4A0202m-768x513.webp 768w, https:\/\/d2p6e6u75xmxt8.cloudfront.net\/4\/2020\/09\/0X4A0202m-272x182.webp 272w, https:\/\/d2p6e6u75xmxt8.cloudfront.net\/4\/2020\/09\/0X4A0202m.webp 1200w\" sizes=\"auto, (max-width: 1024px) 100vw, 1024px\" \/><\/a>\n\t\t\t<\/div><\/figure><figure class='gallery-item'>\n\t\t\t<div class='gallery-icon landscape'>\n\t\t\t\t<a href='https:\/\/d2p6e6u75xmxt8.cloudfront.net\/4\/2020\/09\/0X4A0112m-1.webp'><img loading=\"lazy\" decoding=\"async\" width=\"1024\" height=\"683\" src=\"https:\/\/d2p6e6u75xmxt8.cloudfront.net\/4\/2020\/09\/0X4A0112m-1-1024x683.webp\" class=\"attachment-large size-large\" alt=\"\" srcset=\"https:\/\/d2p6e6u75xmxt8.cloudfront.net\/4\/2020\/09\/0X4A0112m-1-1024x683.webp 1024w, https:\/\/d2p6e6u75xmxt8.cloudfront.net\/4\/2020\/09\/0X4A0112m-1-300x200.webp 300w, https:\/\/d2p6e6u75xmxt8.cloudfront.net\/4\/2020\/09\/0X4A0112m-1-768x512.webp 768w, https:\/\/d2p6e6u75xmxt8.cloudfront.net\/4\/2020\/09\/0X4A0112m-1-272x182.webp 272w, https:\/\/d2p6e6u75xmxt8.cloudfront.net\/4\/2020\/09\/0X4A0112m-1.webp 1200w\" sizes=\"auto, (max-width: 1024px) 100vw, 1024px\" \/><\/a>\n\t\t\t<\/div><\/figure>\n\t\t<\/div>\n\n<p>Vyzer\u00e1 to tak, \u017ee pr\u00e1ve kv\u00f4li mnoh\u00fdm \u00fa\u010dastiam tohto vrcholu v\u00a0etap\u00e1ch Tour de France, mohol strati\u0165 svoje \u010daro &#8211; av\u0161ak to je ve\u013emi \u010faleko od pravdy. Sp\u00fdtajte sa Naira Quintanu, Primo\u017ea Rogli\u010da, Andyho Schlecka alebo Eddyho Merckxa. Napriek tomu, ako \u00fachvatne a\u00a0bezpe\u010dne vyzer\u00e1 z\u00a0poh\u013eadu kamier telev\u00edznych stan\u00edc, nejde pr\u00e1ve o\u00a0miesto, ktor\u00e9 by ob\u013eubovali citliv\u00e9 povahy. Aj preto je podpora nielen\u017ee v\u00edtan\u00e1, ale priam nevyhnutn\u00e1. To je d\u00f4vod, pre\u010do Camerona <strong>doprev\u00e1dzala \u0160koda ENYAQ iV<\/strong> v\u00a0podobe jeho osobn\u00e9ho doprovodn\u00e9ho vozidla, ktor\u00e9 mu zabezpe\u010dovalo dostatok jedla, oddychu, \u00falo\u017en\u00e9ho priestoru a\u00a0mobilnej stanice prvej pomoci. \u0160koda ENYAQ iV debutovala len pred dvomi t\u00fd\u017ed\u0148ami, av\u0161ak dopyt po nej je zna\u010dn\u00fd. Mali sme \u0161\u0165astie, \u017ee sa n\u00e1m ju podarilo z\u00edska\u0165 na t\u00fato akciu.<\/p>\n<p>Dokonal\u00e9 ticho tohto plne elektrick\u00e9ho vozidla \u00fa\u017easne lad\u00ed s\u00a0okolit\u00fdmi v\u00fdh\u013eadmi a\u00a0pokojnou pr\u00edrodou. \u0160ialenstvo Tour v\u00a0tomto roku neprech\u00e1dzalo cez ju\u017en\u00fd tunel pod <strong>vrcholom Col du Galibier<\/strong> a\u00a0tak sme mali mo\u017enos\u0165 vychutna\u0165 si ho plne pre seba. Ako podotkol Cameron, okrem nepr\u00edtomnosti nepr\u00edjemn\u00e9ho hluku existuje medzi cyklistom a\u00a0elektrick\u00fdm autom e\u0161te \u010fal\u0161ia podobnos\u0165: <em>\u201eHlavnou podobou medzi cyklistikou a\u00a0ENYAQ iV je to, \u017ee si dok\u00e1\u017eem vychutna\u0165 jedine\u010dn\u00e9 v\u00fdh\u013eady a\u00a0z\u00e1kutia sveta, zatia\u013e \u010do redukujem moju uhl\u00edkov\u00fa stopu.\u201c<\/em><\/p>\n<div id='gallery-2' class='gallery galleryid-10806 gallery-columns-3 gallery-size-large'><figure class='gallery-item'>\n\t\t\t<div class='gallery-icon landscape'>\n\t\t\t\t<a href='https:\/\/d2p6e6u75xmxt8.cloudfront.net\/4\/2020\/09\/0X4A9947m.webp'><img loading=\"lazy\" decoding=\"async\" width=\"1024\" height=\"683\" src=\"https:\/\/d2p6e6u75xmxt8.cloudfront.net\/4\/2020\/09\/0X4A9947m-1024x683.webp\" class=\"attachment-large size-large\" alt=\"\" srcset=\"https:\/\/d2p6e6u75xmxt8.cloudfront.net\/4\/2020\/09\/0X4A9947m-1024x683.webp 1024w, https:\/\/d2p6e6u75xmxt8.cloudfront.net\/4\/2020\/09\/0X4A9947m-300x200.webp 300w, https:\/\/d2p6e6u75xmxt8.cloudfront.net\/4\/2020\/09\/0X4A9947m-768x512.webp 768w, https:\/\/d2p6e6u75xmxt8.cloudfront.net\/4\/2020\/09\/0X4A9947m-272x182.webp 272w, https:\/\/d2p6e6u75xmxt8.cloudfront.net\/4\/2020\/09\/0X4A9947m.webp 1200w\" sizes=\"auto, (max-width: 1024px) 100vw, 1024px\" \/><\/a>\n\t\t\t<\/div><\/figure><figure class='gallery-item'>\n\t\t\t<div class='gallery-icon landscape'>\n\t\t\t\t<a href='https:\/\/d2p6e6u75xmxt8.cloudfront.net\/4\/2020\/09\/0X4A0182um.webp'><img loading=\"lazy\" decoding=\"async\" width=\"1024\" height=\"683\" src=\"https:\/\/d2p6e6u75xmxt8.cloudfront.net\/4\/2020\/09\/0X4A0182um-1024x683.webp\" class=\"attachment-large size-large\" alt=\"\" srcset=\"https:\/\/d2p6e6u75xmxt8.cloudfront.net\/4\/2020\/09\/0X4A0182um-1024x683.webp 1024w, https:\/\/d2p6e6u75xmxt8.cloudfront.net\/4\/2020\/09\/0X4A0182um-300x200.webp 300w, https:\/\/d2p6e6u75xmxt8.cloudfront.net\/4\/2020\/09\/0X4A0182um-768x512.webp 768w, https:\/\/d2p6e6u75xmxt8.cloudfront.net\/4\/2020\/09\/0X4A0182um-272x182.webp 272w, https:\/\/d2p6e6u75xmxt8.cloudfront.net\/4\/2020\/09\/0X4A0182um.webp 1200w\" sizes=\"auto, (max-width: 1024px) 100vw, 1024px\" \/><\/a>\n\t\t\t<\/div><\/figure><figure class='gallery-item'>\n\t\t\t<div class='gallery-icon landscape'>\n\t\t\t\t<a href='https:\/\/d2p6e6u75xmxt8.cloudfront.net\/4\/2020\/09\/0X4A9998m.webp'><img loading=\"lazy\" decoding=\"async\" width=\"1024\" height=\"683\" src=\"https:\/\/d2p6e6u75xmxt8.cloudfront.net\/4\/2020\/09\/0X4A9998m-1024x683.webp\" class=\"attachment-large size-large\" alt=\"\" srcset=\"https:\/\/d2p6e6u75xmxt8.cloudfront.net\/4\/2020\/09\/0X4A9998m-1024x683.webp 1024w, https:\/\/d2p6e6u75xmxt8.cloudfront.net\/4\/2020\/09\/0X4A9998m-300x200.webp 300w, https:\/\/d2p6e6u75xmxt8.cloudfront.net\/4\/2020\/09\/0X4A9998m-768x512.webp 768w, https:\/\/d2p6e6u75xmxt8.cloudfront.net\/4\/2020\/09\/0X4A9998m-272x182.webp 272w, https:\/\/d2p6e6u75xmxt8.cloudfront.net\/4\/2020\/09\/0X4A9998m.webp 1200w\" sizes=\"auto, (max-width: 1024px) 100vw, 1024px\" \/><\/a>\n\t\t\t<\/div><\/figure>\n\t\t<\/div>\n\n<figure id=\"attachment_10808\" aria-describedby=\"caption-attachment-10808\" style=\"width: 1200px\" class=\"wp-caption alignnone\"><img loading=\"lazy\" decoding=\"async\" class=\"wp-image-10808 size-full\" src=\"https:\/\/d2p6e6u75xmxt8.cloudfront.net\/4\/2020\/09\/0X4A9703m.jpg\" alt=\"\u0160koda ENYAQ iV\" width=\"1200\" height=\"800\" \/><figcaption id=\"caption-attachment-10808\" class=\"wp-caption-text\">Cameron si u\u017e\u00edva 13\u201c informa\u010dne-z\u00e1bavn\u00fd syst\u00e9m v\u00a0novej, plne elektrickej \u0160koda ENYAQ iV.<\/figcaption><\/figure>\n<p>Na jedno nabitie dok\u00e1\u017ee ENYAQ iV prekona\u0165 a\u017e 500 km a\u00a0\u00fa\u010dinnos\u0165 energetick\u00e9ho rekupera\u010dn\u00e9ho syst\u00e9mu, ktor\u00fd sa aktivuje pri brzden\u00ed, mohla by\u0165 dokonale predveden\u00e1 na klesan\u00ed z\u00a0Col du Galibier, ktor\u00e9 je pln\u00e9 z\u00e1krut. Tento konkr\u00e9tny model sa odli\u0161uje od bud\u00facej masovo vyr\u00e1banej verzie <strong>charakteristick\u00fdm \u010derven\u00fdm sfarben\u00edm a\u00a0n\u00e1lepkami ved\u00faceho vozidla Tour<\/strong>. Rovnako aj otv\u00e1rac\u00edm stre\u0161n\u00fdm oknom, skrze ktor\u00e9 sa m\u00f4\u017ee p\u00e1n Prudhomme, riadite\u013e Tour, vystr\u010di\u0165, p\u00e4\u0165-kan\u00e1lov\u00fdm r\u00e1diom alebo dr\u017eiakom na poh\u00e1re, ur\u010den\u00e9 na \u0161ampansk\u00e9. V\u010faka v\u00fdkonn\u00e9mu motoru s\u00a0modulovate\u013en\u00fdm elektrifika\u010dn\u00fdm syst\u00e9mom (MEB), dok\u00e1zalo toto auto hladko a\u00a0bezpe\u010dne sledova\u0165 Camerona po\u010das v\u0161etk\u00fdch \u010dast\u00ed st\u00fapania a\u00a0klesania.<em> \u201eENYAQ iV ma prekvapil s\u00a0jeho \u013eahkos\u0165ou a\u00a0tichos\u0165ou. Aj ke\u010f je s\u00edce o\u00a0nie\u010do v\u00e4\u010d\u0161\u00ed ne\u017e SUPERB, jeho riadenie je extr\u00e9mne jednoduch\u00e9,\u201c<\/em> dodal.<\/p>\n<lite-youtube videoid=RO7_ify1Rp8 params=\"enablejsapi=1\" style=\"background-image: url('https:\/\/i.ytimg.com\/vi_webp\/RO7_ify1Rp8\/maxresdefault.webp');\"><\/lite-youtube>\n<p>Cameron Jeffers, 23-ro\u010dn\u00fd Severn\u00fd \u00cdr, bol na\u0161ou jednozna\u010dnou prvou vo\u013ebou pre tento projekt, a\u00a0to aj v\u010faka jeho pohodovej povahe, \u017eiv\u00fdm a\u00a0\u00faprimn\u00fdm komentovan\u00edm a, nie v\u00a0poslednom rade, dostato\u010dnou v\u00fdkonnos\u0165ou. Ako sme sa dozvedeli nesk\u00f4r, Col du Galibier je jeho ob\u013e\u00faben\u00fdm st\u00fapan\u00edm na Tour. Zdola\u0165 ho na vlastnej ko\u017ei bolo jeho dlhodob\u00fdm snom &#8211; naviac mo\u017eno doda\u0165, \u017ee Cameron ob\u013eubuje horsk\u00e9 scen\u00e9rie vo v\u0161eobecnosti. <em>\u201eM\u00f4j vz\u0165ah k\u00a0hor\u00e1m je v\u00a0ur\u010ditom zmysle sloboda, ktor\u00fa mi d\u00e1vaj\u00fa, \u010dist\u00fd vzduch a\u00a0oddych od ruchu mesta. St\u00fapa\u0165 v\u00a0dlh\u00fdch alpsk\u00fdch kopcoch so sebou prin\u00e1\u0161a jednu vec a\u00a0to, \u010d\u00edm r\u00fdchlej\u0161ie idete, t\u00fdm sa aj zvy\u0161uje boles\u0165, av\u0161ak skracuje d\u013a\u017eka utrpenia. Pocit euf\u00f3rie a\u00a0dosiahnutia \u00faspechu, ktor\u00fd za\u017e\u00edvate pri dosiahnut\u00ed vrcholu je neporovnate\u013en\u00fd s\u00a0\u010d\u00edmko\u013evek in\u00fdm.\u201c<\/em><\/p>\n<div id='gallery-3' class='gallery galleryid-10806 gallery-columns-2 gallery-size-large'><figure class='gallery-item'>\n\t\t\t<div class='gallery-icon landscape'>\n\t\t\t\t<a href='https:\/\/d2p6e6u75xmxt8.cloudfront.net\/4\/2020\/09\/0X4A9349m.webp'><img loading=\"lazy\" decoding=\"async\" width=\"1024\" height=\"683\" src=\"https:\/\/d2p6e6u75xmxt8.cloudfront.net\/4\/2020\/09\/0X4A9349m-1024x683.webp\" class=\"attachment-large size-large\" alt=\"\u0160koda ENYAQ iV\" srcset=\"https:\/\/d2p6e6u75xmxt8.cloudfront.net\/4\/2020\/09\/0X4A9349m-1024x683.webp 1024w, https:\/\/d2p6e6u75xmxt8.cloudfront.net\/4\/2020\/09\/0X4A9349m-300x200.webp 300w, https:\/\/d2p6e6u75xmxt8.cloudfront.net\/4\/2020\/09\/0X4A9349m-768x512.webp 768w, https:\/\/d2p6e6u75xmxt8.cloudfront.net\/4\/2020\/09\/0X4A9349m-272x182.webp 272w, https:\/\/d2p6e6u75xmxt8.cloudfront.net\/4\/2020\/09\/0X4A9349m.webp 1200w\" sizes=\"auto, (max-width: 1024px) 100vw, 1024px\" \/><\/a>\n\t\t\t<\/div><\/figure><figure class='gallery-item'>\n\t\t\t<div class='gallery-icon landscape'>\n\t\t\t\t<a href='https:\/\/d2p6e6u75xmxt8.cloudfront.net\/4\/2020\/09\/0X4A9798m.webp'><img loading=\"lazy\" decoding=\"async\" width=\"1024\" height=\"684\" src=\"https:\/\/d2p6e6u75xmxt8.cloudfront.net\/4\/2020\/09\/0X4A9798m-1024x684.webp\" class=\"attachment-large size-large\" alt=\"\u0160koda ENYAQ iV\" srcset=\"https:\/\/d2p6e6u75xmxt8.cloudfront.net\/4\/2020\/09\/0X4A9798m-1024x684.webp 1024w, https:\/\/d2p6e6u75xmxt8.cloudfront.net\/4\/2020\/09\/0X4A9798m-300x200.webp 300w, https:\/\/d2p6e6u75xmxt8.cloudfront.net\/4\/2020\/09\/0X4A9798m-768x513.webp 768w, https:\/\/d2p6e6u75xmxt8.cloudfront.net\/4\/2020\/09\/0X4A9798m-272x182.webp 272w, https:\/\/d2p6e6u75xmxt8.cloudfront.net\/4\/2020\/09\/0X4A9798m.webp 1200w\" sizes=\"auto, (max-width: 1024px) 100vw, 1024px\" \/><\/a>\n\t\t\t<\/div><\/figure>\n\t\t<\/div>\n\n<p>Ako \u0160koda ENYAQ iV a\u00a0Cameron dok\u00e1zali pokori\u0165 tento legend\u00e1rny kopec, si m\u00f4\u017eete pozrie\u0165 vo videu vy\u0161\u0161ie. V\u00a0Cameronov\u00fdch slov\u00e1ch hne\u010f po tom, ako vyst\u00fapil na najvy\u0161\u0161\u00ed bod, by ste mohli doslova zachyti\u0165 jeho rados\u0165: <em>\u201eIde o\u00a0m\u00f4j prv\u00fd v\u00fdstup na Col du Galibier a\u00a0m\u00f4\u017eem potvrdi\u0165, \u017ee ma nesklamal. Po\u010dasie bolo \u00fa\u017easn\u00e9 a\u00a0v\u00fdh\u013eady jednoducho dychber\u00face (nedostatok kysl\u00edka spojen\u00fd s\u00a0nadmorskou v\u00fd\u0161kou bol taktie\u017e!). Bolo super by\u0165 obklopen\u00fd zanieten\u00fdmi a\u00a0tvrdo-pracuj\u00facimi film\u00e1rmi, ktor\u00ed sa sna\u017eili vytvori\u0165 \u010do najlep\u0161ie video.\u201c<\/em><\/p>\n<p>Odv\u00e1\u017eili by ste sa pusti\u0165 na vrchol Col du Galibier? Mysl\u00edte si, \u017ee <strong>elektrick\u00e9 aut\u00e1 by mali tvori\u0165 funk\u010dn\u00fa a\u00a0logick\u00fa symbi\u00f3zu<\/strong> s\u00a0hlavn\u00fdmi cyklistick\u00fdmi pretekmi a\u00a0podujatiami?<\/p>\n","protected":false},"excerpt":{"rendered":"<p>\u010c\u00edm by bola Tour de France bez dychber\u00facich alpsk\u00fdch horsk\u00fdch priechodov a\u00a0vrcholov? Pr\u00e1ve ony s\u00fa miestami, kde bojuj\u00fa nielen najlep\u0161\u00ed [&hellip;]<\/p>\n","protected":false},"author":81,"featured_media":10810,"comment_status":"open","ping_status":"open","sticky":false,"template":"","format":"standard","meta":{"footnotes":""},"categories":[4],"tags":[1260,115,1105,1261,256,542,1009,1259,1252,1109,20,1249],"global-categories":[],"class_list":["post-10806","post","type-post","status-publish","format-standard","has-post-thumbnail","hentry","category-cestna-cyklisitika","tag-cameron-jeffers","tag-cestna-cyklistika","tag-col-du-galibier","tag-enyaq-iv","tag-sezona","tag-skoda","tag-skoda-auto","tag-skoda-enyaq-iv","tag-stara-dama","tag-stupanie","tag-tour-de-france","tag-tour-de-france-2020"],"yoast_head":"<!-- This site is optimized with the Yoast SEO Premium plugin v25.3 (Yoast SEO v25.9) - https:\/\/yoast.com\/wordpress\/plugins\/seo\/ -->\n<title>\u00daplne nov\u00e1, plne elektrick\u00e1 \u0160koda ENYAQ iV zdolala jedno z\u00a0naj\u0165a\u017e\u0161\u00edch st\u00fapan\u00ed Tour<\/title>\n<meta name=\"description\" content=\"Col du Galibier served the perfect opportunity to properly try out the features of the all-new, fully electric \u0160koda ENYAQ iV.\" \/>\n<meta name=\"robots\" content=\"index, follow, max-snippet:-1, max-image-preview:large, max-video-preview:-1\" \/>\n<link rel=\"canonical\" href=\"https:\/\/www.welovecycling.com\/sk\/2020\/09\/24\/uplne-nova-plne-elektricka-skoda-enyaq-iv-zdolala-jedno-z-najtazsich-stupani-tour\/\" \/>\n<meta property=\"og:locale\" content=\"sk_SK\" \/>\n<meta property=\"og:type\" content=\"article\" \/>\n<meta property=\"og:title\" content=\"\u00daplne nov\u00e1, plne elektrick\u00e1 \u0160koda ENYAQ iV zdolala jedno z\u00a0naj\u0165a\u017e\u0161\u00edch st\u00fapan\u00ed Tour\" \/>\n<meta property=\"og:description\" content=\"Col du Galibier served the perfect opportunity to properly try out the features of the all-new, fully electric \u0160koda ENYAQ iV.\" \/>\n<meta property=\"og:url\" content=\"https:\/\/www.welovecycling.com\/sk\/2020\/09\/24\/uplne-nova-plne-elektricka-skoda-enyaq-iv-zdolala-jedno-z-najtazsich-stupani-tour\/\" \/>\n<meta property=\"og:site_name\" content=\"\u0160koda We Love Cycling Slovensko\" \/>\n<meta property=\"article:published_time\" content=\"2020-09-24T08:00:51+00:00\" \/>\n<meta property=\"article:modified_time\" content=\"2020-10-02T14:31:03+00:00\" \/>\n<meta property=\"og:image\" content=\"https:\/\/d2p6e6u75xmxt8.cloudfront.net\/4\/2020\/09\/CameronsPeak-CVR.webp\" \/>\n\t<meta property=\"og:image:width\" content=\"1366\" \/>\n\t<meta property=\"og:image:height\" content=\"600\" \/>\n\t<meta property=\"og:image:type\" content=\"image\/webp\" \/>\n<meta name=\"twitter:card\" content=\"summary_large_image\" \/>\n<meta name=\"twitter:label1\" content=\"Written by\" \/>\n\t<meta name=\"twitter:data1\" content=\"WeLoveCycling\" \/>\n\t<meta name=\"twitter:label2\" content=\"Est. reading time\" \/>\n\t<meta name=\"twitter:data2\" content=\"7\" \/>\n<script type=\"application\/ld+json\" class=\"yoast-schema-graph\">{\"@context\":\"https:\/\/schema.org\",\"@graph\":[{\"@type\":\"WebPage\",\"@id\":\"https:\/\/www.welovecycling.com\/sk\/2020\/09\/24\/uplne-nova-plne-elektricka-skoda-enyaq-iv-zdolala-jedno-z-najtazsich-stupani-tour\/\",\"url\":\"https:\/\/www.welovecycling.com\/sk\/2020\/09\/24\/uplne-nova-plne-elektricka-skoda-enyaq-iv-zdolala-jedno-z-najtazsich-stupani-tour\/\",\"name\":\"\u00daplne nov\u00e1, plne elektrick\u00e1 \u0160koda ENYAQ iV zdolala jedno z\u00a0naj\u0165a\u017e\u0161\u00edch st\u00fapan\u00ed Tour\",\"isPartOf\":{\"@id\":\"https:\/\/www.welovecycling.com\/sk\/#website\"},\"primaryImageOfPage\":{\"@id\":\"https:\/\/www.welovecycling.com\/sk\/2020\/09\/24\/uplne-nova-plne-elektricka-skoda-enyaq-iv-zdolala-jedno-z-najtazsich-stupani-tour\/#primaryimage\"},\"image\":{\"@id\":\"https:\/\/www.welovecycling.com\/sk\/2020\/09\/24\/uplne-nova-plne-elektricka-skoda-enyaq-iv-zdolala-jedno-z-najtazsich-stupani-tour\/#primaryimage\"},\"thumbnailUrl\":\"https:\/\/d2p6e6u75xmxt8.cloudfront.net\/4\/2020\/09\/CameronsPeak-CVR.webp\",\"datePublished\":\"2020-09-24T08:00:51+00:00\",\"dateModified\":\"2020-10-02T14:31:03+00:00\",\"author\":{\"@id\":\"\"},\"description\":\"Col du Galibier served the perfect opportunity to properly try out the features of the all-new, fully electric \u0160koda ENYAQ iV.\",\"breadcrumb\":{\"@id\":\"https:\/\/www.welovecycling.com\/sk\/2020\/09\/24\/uplne-nova-plne-elektricka-skoda-enyaq-iv-zdolala-jedno-z-najtazsich-stupani-tour\/#breadcrumb\"},\"inLanguage\":\"sk-SK\",\"potentialAction\":[{\"@type\":\"ReadAction\",\"target\":[\"https:\/\/www.welovecycling.com\/sk\/2020\/09\/24\/uplne-nova-plne-elektricka-skoda-enyaq-iv-zdolala-jedno-z-najtazsich-stupani-tour\/\"]}]},{\"@type\":\"ImageObject\",\"inLanguage\":\"sk-SK\",\"@id\":\"https:\/\/www.welovecycling.com\/sk\/2020\/09\/24\/uplne-nova-plne-elektricka-skoda-enyaq-iv-zdolala-jedno-z-najtazsich-stupani-tour\/#primaryimage\",\"url\":\"https:\/\/d2p6e6u75xmxt8.cloudfront.net\/4\/2020\/09\/CameronsPeak-CVR.webp\",\"contentUrl\":\"https:\/\/d2p6e6u75xmxt8.cloudfront.net\/4\/2020\/09\/CameronsPeak-CVR.webp\",\"width\":1366,\"height\":600,\"caption\":\"\u0160koda ENYAQ iV\"},{\"@type\":\"BreadcrumbList\",\"@id\":\"https:\/\/www.welovecycling.com\/sk\/2020\/09\/24\/uplne-nova-plne-elektricka-skoda-enyaq-iv-zdolala-jedno-z-najtazsich-stupani-tour\/#breadcrumb\",\"itemListElement\":[{\"@type\":\"ListItem\",\"position\":1,\"name\":\"Home\",\"item\":\"https:\/\/www.welovecycling.com\/sk\/\"},{\"@type\":\"ListItem\",\"position\":2,\"name\":\"\u00daplne nov\u00e1, plne elektrick\u00e1 \u0160koda ENYAQ iV zdolala jedno z\u00a0naj\u0165a\u017e\u0161\u00edch st\u00fapan\u00ed Tour\"}]},{\"@type\":\"WebSite\",\"@id\":\"https:\/\/www.welovecycling.com\/sk\/#website\",\"url\":\"https:\/\/www.welovecycling.com\/sk\/\",\"name\":\"\u0160koda We Love Cycling Slovensko\",\"description\":\"\u0160koda We Love Cycling Slovensko je v\u00e1\u0161 ka\u017edodenn\u00fd zdroj noviniek a in\u0161pir\u00e1cie z sveta cyklistiky\",\"potentialAction\":[{\"@type\":\"SearchAction\",\"target\":{\"@type\":\"EntryPoint\",\"urlTemplate\":\"https:\/\/www.welovecycling.com\/sk\/?s={search_term_string}\"},\"query-input\":{\"@type\":\"PropertyValueSpecification\",\"valueRequired\":true,\"valueName\":\"search_term_string\"}}],\"inLanguage\":\"sk-SK\"},{\"@type\":\"Person\",\"@id\":\"\",\"url\":\"https:\/\/www.welovecycling.com\/sk\/author\/\"}]}<\/script>\n<!-- \/ Yoast SEO Premium plugin. -->","yoast_head_json":{"title":"\u00daplne nov\u00e1, plne elektrick\u00e1 \u0160koda ENYAQ iV zdolala jedno z\u00a0naj\u0165a\u017e\u0161\u00edch st\u00fapan\u00ed Tour","description":"Col du Galibier served the perfect opportunity to properly try out the features of the all-new, fully electric \u0160koda ENYAQ iV.","robots":{"index":"index","follow":"follow","max-snippet":"max-snippet:-1","max-image-preview":"max-image-preview:large","max-video-preview":"max-video-preview:-1"},"canonical":"https:\/\/www.welovecycling.com\/sk\/2020\/09\/24\/uplne-nova-plne-elektricka-skoda-enyaq-iv-zdolala-jedno-z-najtazsich-stupani-tour\/","og_locale":"sk_SK","og_type":"article","og_title":"\u00daplne nov\u00e1, plne elektrick\u00e1 \u0160koda ENYAQ iV zdolala jedno z\u00a0naj\u0165a\u017e\u0161\u00edch st\u00fapan\u00ed Tour","og_description":"Col du Galibier served the perfect opportunity to properly try out the features of the all-new, fully electric \u0160koda ENYAQ iV.","og_url":"https:\/\/www.welovecycling.com\/sk\/2020\/09\/24\/uplne-nova-plne-elektricka-skoda-enyaq-iv-zdolala-jedno-z-najtazsich-stupani-tour\/","og_site_name":"\u0160koda We Love Cycling Slovensko","article_published_time":"2020-09-24T08:00:51+00:00","article_modified_time":"2020-10-02T14:31:03+00:00","og_image":[{"width":1366,"height":600,"url":"https:\/\/d2p6e6u75xmxt8.cloudfront.net\/4\/2020\/09\/CameronsPeak-CVR.webp","type":"image\/webp"}],"twitter_card":"summary_large_image","twitter_misc":{"Written by":"WeLoveCycling","Est. reading time":"7"},"schema":{"@context":"https:\/\/schema.org","@graph":[{"@type":"WebPage","@id":"https:\/\/www.welovecycling.com\/sk\/2020\/09\/24\/uplne-nova-plne-elektricka-skoda-enyaq-iv-zdolala-jedno-z-najtazsich-stupani-tour\/","url":"https:\/\/www.welovecycling.com\/sk\/2020\/09\/24\/uplne-nova-plne-elektricka-skoda-enyaq-iv-zdolala-jedno-z-najtazsich-stupani-tour\/","name":"\u00daplne nov\u00e1, plne elektrick\u00e1 \u0160koda ENYAQ iV zdolala jedno z\u00a0naj\u0165a\u017e\u0161\u00edch st\u00fapan\u00ed Tour","isPartOf":{"@id":"https:\/\/www.welovecycling.com\/sk\/#website"},"primaryImageOfPage":{"@id":"https:\/\/www.welovecycling.com\/sk\/2020\/09\/24\/uplne-nova-plne-elektricka-skoda-enyaq-iv-zdolala-jedno-z-najtazsich-stupani-tour\/#primaryimage"},"image":{"@id":"https:\/\/www.welovecycling.com\/sk\/2020\/09\/24\/uplne-nova-plne-elektricka-skoda-enyaq-iv-zdolala-jedno-z-najtazsich-stupani-tour\/#primaryimage"},"thumbnailUrl":"https:\/\/d2p6e6u75xmxt8.cloudfront.net\/4\/2020\/09\/CameronsPeak-CVR.webp","datePublished":"2020-09-24T08:00:51+00:00","dateModified":"2020-10-02T14:31:03+00:00","author":{"@id":""},"description":"Col du Galibier served the perfect opportunity to properly try out the features of the all-new, fully electric \u0160koda ENYAQ iV.","breadcrumb":{"@id":"https:\/\/www.welovecycling.com\/sk\/2020\/09\/24\/uplne-nova-plne-elektricka-skoda-enyaq-iv-zdolala-jedno-z-najtazsich-stupani-tour\/#breadcrumb"},"inLanguage":"sk-SK","potentialAction":[{"@type":"ReadAction","target":["https:\/\/www.welovecycling.com\/sk\/2020\/09\/24\/uplne-nova-plne-elektricka-skoda-enyaq-iv-zdolala-jedno-z-najtazsich-stupani-tour\/"]}]},{"@type":"ImageObject","inLanguage":"sk-SK","@id":"https:\/\/www.welovecycling.com\/sk\/2020\/09\/24\/uplne-nova-plne-elektricka-skoda-enyaq-iv-zdolala-jedno-z-najtazsich-stupani-tour\/#primaryimage","url":"https:\/\/d2p6e6u75xmxt8.cloudfront.net\/4\/2020\/09\/CameronsPeak-CVR.webp","contentUrl":"https:\/\/d2p6e6u75xmxt8.cloudfront.net\/4\/2020\/09\/CameronsPeak-CVR.webp","width":1366,"height":600,"caption":"\u0160koda ENYAQ iV"},{"@type":"BreadcrumbList","@id":"https:\/\/www.welovecycling.com\/sk\/2020\/09\/24\/uplne-nova-plne-elektricka-skoda-enyaq-iv-zdolala-jedno-z-najtazsich-stupani-tour\/#breadcrumb","itemListElement":[{"@type":"ListItem","position":1,"name":"Home","item":"https:\/\/www.welovecycling.com\/sk\/"},{"@type":"ListItem","position":2,"name":"\u00daplne nov\u00e1, plne elektrick\u00e1 \u0160koda ENYAQ iV zdolala jedno z\u00a0naj\u0165a\u017e\u0161\u00edch st\u00fapan\u00ed Tour"}]},{"@type":"WebSite","@id":"https:\/\/www.welovecycling.com\/sk\/#website","url":"https:\/\/www.welovecycling.com\/sk\/","name":"\u0160koda We Love Cycling Slovensko","description":"\u0160koda We Love Cycling Slovensko je v\u00e1\u0161 ka\u017edodenn\u00fd zdroj noviniek a in\u0161pir\u00e1cie z sveta cyklistiky","potentialAction":[{"@type":"SearchAction","target":{"@type":"EntryPoint","urlTemplate":"https:\/\/www.welovecycling.com\/sk\/?s={search_term_string}"},"query-input":{"@type":"PropertyValueSpecification","valueRequired":true,"valueName":"search_term_string"}}],"inLanguage":"sk-SK"},{"@type":"Person","@id":"","url":"https:\/\/www.welovecycling.com\/sk\/author\/"}]}},"_links":{"self":[{"href":"https:\/\/www.welovecycling.com\/sk\/wp-json\/wp\/v2\/posts\/10806","targetHints":{"allow":["GET"]}}],"collection":[{"href":"https:\/\/www.welovecycling.com\/sk\/wp-json\/wp\/v2\/posts"}],"about":[{"href":"https:\/\/www.welovecycling.com\/sk\/wp-json\/wp\/v2\/types\/post"}],"author":[{"embeddable":true,"href":"https:\/\/www.welovecycling.com\/sk\/wp-json\/wp\/v2\/users\/81"}],"replies":[{"embeddable":true,"href":"https:\/\/www.welovecycling.com\/sk\/wp-json\/wp\/v2\/comments?post=10806"}],"version-history":[{"count":2,"href":"https:\/\/www.welovecycling.com\/sk\/wp-json\/wp\/v2\/posts\/10806\/revisions"}],"predecessor-version":[{"id":10882,"href":"https:\/\/www.welovecycling.com\/sk\/wp-json\/wp\/v2\/posts\/10806\/revisions\/10882"}],"wp:featuredmedia":[{"embeddable":true,"href":"https:\/\/www.welovecycling.com\/sk\/wp-json\/wp\/v2\/media\/10810"}],"wp:attachment":[{"href":"https:\/\/www.welovecycling.com\/sk\/wp-json\/wp\/v2\/media?parent=10806"}],"wp:term":[{"taxonomy":"category","embeddable":true,"href":"https:\/\/www.welovecycling.com\/sk\/wp-json\/wp\/v2\/categories?post=10806"},{"taxonomy":"post_tag","embeddable":true,"href":"https:\/\/www.welovecycling.com\/sk\/wp-json\/wp\/v2\/tags?post=10806"},{"taxonomy":"global-categories","embeddable":true,"href":"https:\/\/www.welovecycling.com\/sk\/wp-json\/wp\/v2\/global-categories?post=10806"}],"curies":[{"name":"wp","href":"https:\/\/api.w.org\/{rel}","templated":true}]}}