{"id":10781,"date":"2020-09-23T10:00:18","date_gmt":"2020-09-23T08:00:18","guid":{"rendered":"https:\/\/www.welovecycling.com\/sk\/?p=10781"},"modified":"2020-09-22T11:19:30","modified_gmt":"2020-09-22T09:19:30","slug":"okolo-slovenska-2020-64-rocnik-ziskal-jannik-steimle","status":"publish","type":"post","link":"https:\/\/www.welovecycling.com\/sk\/2020\/09\/23\/okolo-slovenska-2020-64-rocnik-ziskal-jannik-steimle\/","title":{"rendered":"Okolo Slovenska 2020 &#8211; 64. ro\u010dn\u00edk z\u00edskal Jannik Steimle"},"content":{"rendered":"<p><strong>Ani tento rok sa nezaobi\u0161iel bez prest\u00ed\u017enych etapov\u00fdch pretekov Okolo Slovenska, ktor\u00e9 s\u00fa zaraden\u00e9 do kateg\u00f3rie UCI 2.1, \u010do pril\u00e1kalo mno\u017estvo nielen kvalitn\u00fdch svetov\u00fdch t\u00edmov, ale aj samotn\u00fdch pretek\u00e1rov.<\/strong><!--more--><\/p>\n<p>E\u0161te st\u00e1le m\u00e1lo medializovan\u00e9 podujatie Okolo Slovenska, si pomaly <strong>z\u00edskava prest\u00ed\u017e a\u00a0hodnotu<\/strong> nielen medzi dom\u00e1cim publikom, ale aj za na\u0161imi hranicami. Tento ro\u010dn\u00edk bol vysielan\u00fd aj prostredn\u00edctvom telev\u00edzie a\u00a0to v\u00a0dvoch etap\u00e1ch. \u017de sa bolo na\u010do pozera\u0165, to je ist\u00e9!<\/p>\n<p><a href=\"https:\/\/d2p6e6u75xmxt8.cloudfront.net\/4\/2020\/09\/WLC_Okolo-Slovenska_01.jpg\"><img loading=\"lazy\" decoding=\"async\" src=\"https:\/\/d2p6e6u75xmxt8.cloudfront.net\/4\/2020\/09\/WLC_Okolo-Slovenska_01-1920x955.jpg\" alt=\"\" width=\"1920\" height=\"955\" class=\"alignnone size-extra-large wp-image-10785\" \/><\/a><\/p>\n<p>Na pretek\u00e1rov celkovo <strong>\u010dakali 4 etapy<\/strong>, pozost\u00e1vaj\u00face z\u00a0piatich jednotliv\u00fdch \u010dast\u00ed, ktor\u00e9 v\u00a0sebe zah\u0155\u0148ali tak rovinat\u00e9, ako aj horsk\u00e9 prvky &#8211; navy\u0161e s\u00a0jednou kr\u00e1tkou individu\u00e1lnou \u010dasovkou. Tohtoro\u010dn\u00e1 trasa bola situovan\u00e1 predov\u0161etk\u00fdm na z\u00e1pade Slovenska, \u010d\u00edm posp\u00e1jala \u0161tartovacie mesto \u017dilinu s\u00a0Banskou Bystricou, \u017diarom nad Hronom, Topo\u013e\u010diankami a\u00a0nakoniec Skalicou. Celkovo tak museli jazdci <strong>zdola\u0165 672,5 km s\u00a010 r\u00fdchlostn\u00fdmi a\u00a021 vrch\u00e1rskymi pr\u00e9miami<\/strong>.<\/p>\n<p>Na \u0161tart sa <strong>16. septembra 2020 postavilo nieko\u013eko svetov\u00fdch t\u00edmov<\/strong>, ak\u00fdmi s\u00fa BORA-hansgrohe, Deceuninck-Quick Step, Israel Start-Up Nation, Alpecin-Fenix, Team Sunweb, Cofidis alebo aj Gazprom-RusVelo. Tieto zahrani\u010dn\u00e9 celky doplnilo nieko\u013eko \u010fal\u0161\u00edch, kontinent\u00e1lnych, medzi ktor\u00fdmi nech\u00fdbala ani Dukla Bansk\u00e1 Bystrica alebo reprezenta\u010dn\u00fd t\u00edm Slovenska. Osemn\u00e1s\u0165 t\u00edmov tak prinieslo na \u0161tart prvej etapy 125 pretek\u00e1rov. Div\u00e1ci okolo trat\u00ed sa mohli te\u0161i\u0165 na men\u00e1 ako Yves Lampaert, Jan B\u00e1rta, Jos\u00e9 Herrada, Luis \u00c1ngel Mat\u00e9 alebo Viacheslav Kuznetsov \u010di Jos\u00e9 \u00c1lvaro Hodeg. <\/p>\n<p><a href=\"https:\/\/d2p6e6u75xmxt8.cloudfront.net\/4\/2020\/09\/WLC_Okolo-Slovenska_02.jpg\"><img loading=\"lazy\" decoding=\"async\" src=\"https:\/\/d2p6e6u75xmxt8.cloudfront.net\/4\/2020\/09\/WLC_Okolo-Slovenska_02.jpg\" alt=\"\" width=\"1200\" height=\"800\" class=\"alignnone size-full wp-image-10786\" \/><\/a><\/p>\n<p>\u00davodn\u00fd de\u0148 v\u00a0\u017diline bol rozdelen\u00fd na dve individu\u00e1lne \u010dasti. Najprv sa v\u00a0doobed\u0148aj\u0161\u00edch hodin\u00e1ch vydali pretek\u00e1ri na <strong>107 km dlh\u00fa etapu<\/strong> so \u0161tyrmi horsk\u00fdmi pr\u00e9miami a\u00a0rovinat\u00fdm z\u00e1verom v\u00a0\u017diline. Pole pretek\u00e1rov sa dr\u017ealo pokope a\u017e do z\u00e1vere\u010dn\u00e9ho vyvrcholenia v\u00a0podobe \u0161printu, ktor\u00fd jednozna\u010dne vyhral Saganov kolega, Martin Laas. <\/p>\n<p><a href=\"https:\/\/d2p6e6u75xmxt8.cloudfront.net\/4\/2020\/09\/WLC_Okolo-Slovenska_03.jpg\"><img loading=\"lazy\" decoding=\"async\" src=\"https:\/\/d2p6e6u75xmxt8.cloudfront.net\/4\/2020\/09\/WLC_Okolo-Slovenska_03.jpg\" alt=\"\" width=\"1200\" height=\"800\" class=\"alignnone size-full wp-image-10787\" \/><\/a><\/p>\n<p>Ke\u010f\u017ee \u010dasov\u00e9 rozostupy boli minim\u00e1lne, \u010dakalo sa na <strong>poobed\u0148aj\u0161iu 7,1 km dlh\u00fa \u010dasovku v\u00a0\u017diline<\/strong> s\u00a0rovinat\u00fdm profilom. T\u00e1 mala prida\u0165, respekt\u00edve zn\u00ed\u017ei\u0165 stratu na ostatn\u00fdch pretek\u00e1rov. Najsilnej\u0161\u00edm v\u00a0tejto discipl\u00edne sa stal Jannik Steimle z\u00a0Deceuninck-Quick Step. Ten zv\u00ed\u0165azil pred druh\u00fdm Nicom Denzom o\u00a0\u0161es\u0165 sek\u00fand, \u010do sta\u010dilo k\u00a0oble\u010deniu si \u017elt\u00e9ho dresu do druhej etapy.<\/p>\n<p><a href=\"https:\/\/d2p6e6u75xmxt8.cloudfront.net\/4\/2020\/09\/WLC_Okolo-Slovenska_04.jpg\"><img loading=\"lazy\" decoding=\"async\" src=\"https:\/\/d2p6e6u75xmxt8.cloudfront.net\/4\/2020\/09\/WLC_Okolo-Slovenska_04.jpg\" alt=\"\" width=\"1200\" height=\"800\" class=\"alignnone size-full wp-image-10788\" \/><\/a><\/p>\n<p>Druh\u00e1 etapa bola najdlh\u0161ou etapou 64. ro\u010dn\u00edka Okolo Slovenska. Merala cel\u00fdch <strong>207 kilometrov a\u00a0obsahovala hne\u010f 10 vrch\u00e1rskych pr\u00e9mi\u00ed, doplnen\u00fdch o\u00a03 \u0161print\u00e9rske<\/strong>. Mno\u017estvo bodov l\u00e1kalo pretek\u00e1rov, ktor\u00ed sa sna\u017eili z\u00edska\u0165 jeden z\u00a0hodnoten\u00fdch dresov. U\u017e v\u00a0prvom st\u00fapan\u00ed na Man\u00ednsku ties\u0148avu (2,3 km, 7,5%) ostalo na \u010dele len 40 \u013eud\u00ed. Situ\u00e1cia sa zmenila po op\u00e4tovnom spojen\u00ed pelot\u00f3nu a\u00a0\u00fatoku \u0161tvorice, v\u00a0ktorej bol aj Martin Haring. Ani ten nevydr\u017eal a\u017e do cie\u013ea a\u00a0rozhodovalo sa op\u00e4\u0165 v\u00a0\u0161printe, kde ved\u00faceho mu\u017ea, Jannika Steimleho prekonal len jeho krajan, Nico Denz. V\u00fdsledn\u00fd \u010das mali obaja rovnak\u00fd, av\u0161ak v\u010faka lep\u0161iemu s\u00fa\u010dtu umiestnen\u00ed ho do \u010fal\u0161ej etapy niesol Jannik Steimle. Nico Denz si obliekol dres bodovacej klasifik\u00e1cie. Najlep\u0161\u00edm vrch\u00e1rom bol doposia\u013e Kenny Molly.<\/p>\n<lite-youtube videoid=h5zHPoS3uX4 params=\"enablejsapi=1\" style=\"background-image: url('https:\/\/i.ytimg.com\/vi_webp\/h5zHPoS3uX4\/maxresdefault.webp');\"><\/lite-youtube>\n<p>Po\u010das tretieho d\u0148a \u010dakala jazdcov len trojica horsk\u00fdch pr\u00e9mi\u00ed, ale zato n\u00e1ro\u010dnej\u0161\u00edch &#8211; najm\u00e4 \u010cerven\u00e1 stud\u0148a (13,1 km, 3,33%) a\u00a0Nevo\u013en\u00e9 (6,4 km, 5,3%). Do cie\u013eov\u00e9ho mesta, \u017diaru nad Hronom, to mali pretek\u00e1ri 181 km, \u010do predpovedalo bojovn\u00fd de\u0148. Po prvom st\u00fapan\u00ed sa vytvoril \u00fanik d\u0148a, pozost\u00e1vaj\u00faci z\u00a05 jazdcov, medzi ktor\u00fdmi nebol ani jeden Slov\u00e1k. O\u00a0tom, \u010di sa bude o\u00a0v\u00ed\u0165azstvo bojova\u0165 z\u00a0pelot\u00f3nu alebo bude \u00faspe\u0161n\u00fd \u00fanik sa <strong>rozhodlo a\u017e 3 km pred koncom<\/strong>, kedy po\u010detn\u00e1 skupina pohltila aj posledn\u00e9ho uniknuv\u0161ieho, N\u00f3ra Idara Andersena. Po nap\u00ednavom \u0161printe z\u00edskal u\u017e druh\u00e9 etapov\u00e9 v\u00ed\u0165azstvo Martin Laas. V\u00a0celkovom porad\u00ed sa ni\u010d nemenilo. Jedinou zmenou bol zisk bodovacej s\u00fa\u0165a\u017ee pre Martina Laasa, ktor\u00fd zosadil Nico Denza.<\/p>\n<lite-youtube videoid=4LldjTYsBjc params=\"enablejsapi=1\" style=\"background-image: url('https:\/\/i.ytimg.com\/vi_webp\/4LldjTYsBjc\/maxresdefault.webp');\"><\/lite-youtube>\n<p>Posledn\u00e1 etapa nepredstavovala ve\u013ek\u00e9 ohrozenie ved\u00faceho mu\u017ea, ke\u010f\u017ee na 172 km museli jazdci zdola\u0165 \u201eiba\u201c tri vrch\u00e1rske pr\u00e9mie tretej kateg\u00f3rie, situovan\u00e9 v\u00a0prvej polovici trate. Celkov\u00e9 poradie bolo nap\u00e4t\u00e9. Prv\u00ed dvaja mu\u017ei mali zhodn\u00fd \u010das. To sa sna\u017eil zmeni\u0165 druh\u00fd v\u00a0porad\u00ed, Nico Denz, ktor\u00fd z\u00edskal bonusov\u00e9 3 sekundy v\u00a0Topo\u013e\u010danoch. Odpove\u010fou bol rovnak\u00fd \u0165ah od \u017elt\u00e9ho mu\u017ea na \u010fal\u0161ej \u0161print\u00e9rskej pr\u00e9mii. \u010cas bol teda op\u00e4\u0165 nerozhodn\u00fd. \u0160tvoricu v\u00a0\u00faniku eliminovali pretek\u00e1ri v\u00a0bal\u00edku a\u017e 6&nbsp;km pred koncom, <strong>\u010do prinieslo op\u00e4\u0165 vzru\u0161enie v\u00a0z\u00e1vere\u010dnom \u0161printe<\/strong>. Svoje siln\u00e9 str\u00e1nky preuk\u00e1zal Franc\u00faz, Rudy Barbier. Ten na p\u00e1ske porazil aj dvojn\u00e1sobn\u00e9ho v\u00ed\u0165aza et\u00e1p, Martina Laasa. V\u00a0celkovom porad\u00ed sa u\u017e ni\u010d nemenilo.<\/p>\n<p><a href=\"https:\/\/d2p6e6u75xmxt8.cloudfront.net\/4\/2020\/09\/WLC_Okolo-Slovenska_05.jpg\"><img loading=\"lazy\" decoding=\"async\" src=\"https:\/\/d2p6e6u75xmxt8.cloudfront.net\/4\/2020\/09\/WLC_Okolo-Slovenska_05.jpg\" alt=\"\" width=\"1200\" height=\"800\" class=\"alignnone size-full wp-image-10789\" \/><\/a><\/p>\n<p>V\u00ed\u0165azstvo si tak odniesol Jannik Steimle s\u00a0najtesnej\u0161\u00edm rozdielom. Bodovaciu klasifik\u00e1ciu ovl\u00e1dol u\u017e v\u00a0tretej etape Martin Laas, rovnako ako aj Kenny Molly vo vrch\u00e1rskej klasifik\u00e1cii. Najlep\u0161\u00edm Slov\u00e1kom sa stal Luk\u00e1\u0161 Kubi\u0161 z\u00a0Dukly Bansk\u00e1 Bystrica so stratou 4:31 na Steimleho. To mu vynieslo celkov\u00e9 41.&nbsp;miesto.<\/p>\n<h2><strong>V\u00fdsledky<\/strong><\/h2>\n<p><strong>Celkov\u00e1 klasifik\u00e1cia<\/strong><\/p>\n<ul>\n<li>1. STEIMLE Jannik &#8211; \tDeceuninck &#8211; Quick Step &#8211; \t15:49:04<\/li>\n<li>2. DENZ Nico &#8211; \tTeam Sunweb &#8211; \t,,<\/li>\n<li>3. ARCHBOLD Shane &#8211; \tDeceuninck &#8211; Quick Step &#8211; \t0:18<\/li>\n<\/ul>\n<p><strong>Bodovacia klasifik\u00e1cia<\/strong><\/p>\n<ul>\n<li>1. LAAS Martin &#8211; \tBORA &#8211; hansgrohe &#8211; \t52<\/li>\n<li>2. DENZ Nico &#8211; \tTeam Sunweb &#8211; \t47<\/li>\n<li>3. STEIMLE Jannik &#8211; \tDeceuninck &#8211; Quick Step &#8211; \t43<\/li>\n<\/ul>\n<p><strong>Klasifik\u00e1cia do 25 rokov<\/strong><\/p>\n<ul>\n<li>1. LEKNESSUND Andreas &#8211; \tUno-X Pro Cycling Team &#8211; \t15:49:25<\/li>\n<li>2. OTRUBA Jakub &#8211; \tElkov &#8211; Kasper &#8211; \t0:08<\/li>\n<li>3. HULGAARD Morten &#8211; \tUno-X Pro Cycling Team &#8211; \t0:10<\/li>\n<\/ul>\n<p><strong>Vrch\u00e1rska klasifik\u00e1cia<\/strong><\/p>\n<ul>\n<li>1. MOLLY Kenny &#8211; \tBingoal &#8211; Wallonie Bruxelles &#8211; \t57<\/li>\n<li>2. PAASSCHENS Mathijs &#8211; \tBingoal &#8211; Wallonie Bruxelles &#8211; \t42<\/li>\n<li>3. RAPP Jonas &#8211; \tTeam Hrinkow Advarics Cycleang &#8211; \t33<\/li>\n<\/ul>\n<p><strong>T\u00edmov\u00e1 klasifik\u00e1cia<\/strong><\/p>\n<ul>\n<li>1. Deceuninck &#8211; Quick Step &#8211; \u00a0\t47:28:18<\/li>\n<li>2. Team Sunweb &#8211; \u00a0\t0:02<\/li>\n<li>3. Elkov &#8211; Kasper &#8211; \t0:39\t <\/li>\n<\/ul>\n<p>Zdroj fotografi\u00ed: Okolo Slovenska &#8211; J\u00e1n Melicher<\/p>\n","protected":false},"excerpt":{"rendered":"<p>Ani tento rok sa nezaobi\u0161iel bez prest\u00ed\u017enych etapov\u00fdch pretekov Okolo Slovenska, ktor\u00e9 s\u00fa zaraden\u00e9 do kateg\u00f3rie UCI 2.1, \u010do pril\u00e1kalo [&hellip;]<\/p>\n","protected":false},"author":81,"featured_media":10784,"comment_status":"open","ping_status":"open","sticky":false,"template":"","format":"standard","meta":{"footnotes":""},"categories":[63],"tags":[559,619,160,275,115,487,597,546,97,179,256,523,602,556,748],"global-categories":[1074],"class_list":["post-10781","post","type-post","status-publish","format-standard","has-post-thumbnail","hentry","category-grand-tour","tag-bicykel","tag-bicyklovanie","tag-bora-hansgrohe","tag-cesta","tag-cestna-cyklistika","tag-cestny-bicykel","tag-cyklista","tag-cyklistika","tag-okolo-slovenska","tag-preteky","tag-sezona","tag-slovensko","tag-sunweb","tag-tim","tag-vrchar","global-categories-cycling"],"yoast_head":"<!-- This site is optimized with the Yoast SEO Premium plugin v25.3 (Yoast SEO v25.9) - https:\/\/yoast.com\/wordpress\/plugins\/seo\/ -->\n<title>Okolo Slovenska 2020 - 64. ro\u010dn\u00edk z\u00edskal Jannik Steimle - \u0160koda We Love Cycling Slovensko<\/title>\n<meta name=\"robots\" content=\"index, follow, max-snippet:-1, max-image-preview:large, max-video-preview:-1\" \/>\n<link rel=\"canonical\" href=\"https:\/\/www.welovecycling.com\/sk\/2020\/09\/23\/okolo-slovenska-2020-64-rocnik-ziskal-jannik-steimle\/\" \/>\n<meta property=\"og:locale\" content=\"sk_SK\" \/>\n<meta property=\"og:type\" content=\"article\" \/>\n<meta property=\"og:title\" content=\"Okolo Slovenska 2020 - 64. ro\u010dn\u00edk z\u00edskal Jannik Steimle\" \/>\n<meta property=\"og:description\" content=\"Ani tento rok sa nezaobi\u0161iel bez prest\u00ed\u017enych etapov\u00fdch pretekov Okolo Slovenska, ktor\u00e9 s\u00fa zaraden\u00e9 do kateg\u00f3rie UCI 2.1, \u010do pril\u00e1kalo [&hellip;]\" \/>\n<meta property=\"og:url\" content=\"https:\/\/www.welovecycling.com\/sk\/2020\/09\/23\/okolo-slovenska-2020-64-rocnik-ziskal-jannik-steimle\/\" \/>\n<meta property=\"og:site_name\" content=\"\u0160koda We Love Cycling Slovensko\" \/>\n<meta property=\"article:published_time\" content=\"2020-09-23T08:00:18+00:00\" \/>\n<meta property=\"og:image\" content=\"https:\/\/d2p6e6u75xmxt8.cloudfront.net\/4\/2020\/09\/WLC_Okolo-Slovenska_00.webp\" \/>\n\t<meta property=\"og:image:width\" content=\"1380\" \/>\n\t<meta property=\"og:image:height\" content=\"600\" \/>\n\t<meta property=\"og:image:type\" content=\"image\/webp\" \/>\n<meta name=\"twitter:card\" content=\"summary_large_image\" \/>\n<meta name=\"twitter:label1\" content=\"Written by\" \/>\n\t<meta name=\"twitter:data1\" content=\"WeLoveCycling\" \/>\n\t<meta name=\"twitter:label2\" content=\"Est. reading time\" \/>\n\t<meta name=\"twitter:data2\" content=\"4\" \/>\n<script type=\"application\/ld+json\" class=\"yoast-schema-graph\">{\"@context\":\"https:\/\/schema.org\",\"@graph\":[{\"@type\":\"WebPage\",\"@id\":\"https:\/\/www.welovecycling.com\/sk\/2020\/09\/23\/okolo-slovenska-2020-64-rocnik-ziskal-jannik-steimle\/\",\"url\":\"https:\/\/www.welovecycling.com\/sk\/2020\/09\/23\/okolo-slovenska-2020-64-rocnik-ziskal-jannik-steimle\/\",\"name\":\"Okolo Slovenska 2020 - 64. ro\u010dn\u00edk z\u00edskal Jannik Steimle - \u0160koda We Love Cycling Slovensko\",\"isPartOf\":{\"@id\":\"https:\/\/www.welovecycling.com\/sk\/#website\"},\"primaryImageOfPage\":{\"@id\":\"https:\/\/www.welovecycling.com\/sk\/2020\/09\/23\/okolo-slovenska-2020-64-rocnik-ziskal-jannik-steimle\/#primaryimage\"},\"image\":{\"@id\":\"https:\/\/www.welovecycling.com\/sk\/2020\/09\/23\/okolo-slovenska-2020-64-rocnik-ziskal-jannik-steimle\/#primaryimage\"},\"thumbnailUrl\":\"https:\/\/d2p6e6u75xmxt8.cloudfront.net\/4\/2020\/09\/WLC_Okolo-Slovenska_00.webp\",\"datePublished\":\"2020-09-23T08:00:18+00:00\",\"author\":{\"@id\":\"\"},\"breadcrumb\":{\"@id\":\"https:\/\/www.welovecycling.com\/sk\/2020\/09\/23\/okolo-slovenska-2020-64-rocnik-ziskal-jannik-steimle\/#breadcrumb\"},\"inLanguage\":\"sk-SK\",\"potentialAction\":[{\"@type\":\"ReadAction\",\"target\":[\"https:\/\/www.welovecycling.com\/sk\/2020\/09\/23\/okolo-slovenska-2020-64-rocnik-ziskal-jannik-steimle\/\"]}]},{\"@type\":\"ImageObject\",\"inLanguage\":\"sk-SK\",\"@id\":\"https:\/\/www.welovecycling.com\/sk\/2020\/09\/23\/okolo-slovenska-2020-64-rocnik-ziskal-jannik-steimle\/#primaryimage\",\"url\":\"https:\/\/d2p6e6u75xmxt8.cloudfront.net\/4\/2020\/09\/WLC_Okolo-Slovenska_00.webp\",\"contentUrl\":\"https:\/\/d2p6e6u75xmxt8.cloudfront.net\/4\/2020\/09\/WLC_Okolo-Slovenska_00.webp\",\"width\":1380,\"height\":600},{\"@type\":\"BreadcrumbList\",\"@id\":\"https:\/\/www.welovecycling.com\/sk\/2020\/09\/23\/okolo-slovenska-2020-64-rocnik-ziskal-jannik-steimle\/#breadcrumb\",\"itemListElement\":[{\"@type\":\"ListItem\",\"position\":1,\"name\":\"Home\",\"item\":\"https:\/\/www.welovecycling.com\/sk\/\"},{\"@type\":\"ListItem\",\"position\":2,\"name\":\"Okolo Slovenska 2020 &#8211; 64. ro\u010dn\u00edk z\u00edskal Jannik Steimle\"}]},{\"@type\":\"WebSite\",\"@id\":\"https:\/\/www.welovecycling.com\/sk\/#website\",\"url\":\"https:\/\/www.welovecycling.com\/sk\/\",\"name\":\"\u0160koda We Love Cycling Slovensko\",\"description\":\"\u0160koda We Love Cycling Slovensko je v\u00e1\u0161 ka\u017edodenn\u00fd zdroj noviniek a in\u0161pir\u00e1cie z sveta cyklistiky\",\"potentialAction\":[{\"@type\":\"SearchAction\",\"target\":{\"@type\":\"EntryPoint\",\"urlTemplate\":\"https:\/\/www.welovecycling.com\/sk\/?s={search_term_string}\"},\"query-input\":{\"@type\":\"PropertyValueSpecification\",\"valueRequired\":true,\"valueName\":\"search_term_string\"}}],\"inLanguage\":\"sk-SK\"},{\"@type\":\"Person\",\"@id\":\"\",\"url\":\"https:\/\/www.welovecycling.com\/sk\/author\/\"}]}<\/script>\n<!-- \/ Yoast SEO Premium plugin. -->","yoast_head_json":{"title":"Okolo Slovenska 2020 - 64. ro\u010dn\u00edk z\u00edskal Jannik Steimle - \u0160koda We Love Cycling Slovensko","robots":{"index":"index","follow":"follow","max-snippet":"max-snippet:-1","max-image-preview":"max-image-preview:large","max-video-preview":"max-video-preview:-1"},"canonical":"https:\/\/www.welovecycling.com\/sk\/2020\/09\/23\/okolo-slovenska-2020-64-rocnik-ziskal-jannik-steimle\/","og_locale":"sk_SK","og_type":"article","og_title":"Okolo Slovenska 2020 - 64. ro\u010dn\u00edk z\u00edskal Jannik Steimle","og_description":"Ani tento rok sa nezaobi\u0161iel bez prest\u00ed\u017enych etapov\u00fdch pretekov Okolo Slovenska, ktor\u00e9 s\u00fa zaraden\u00e9 do kateg\u00f3rie UCI 2.1, \u010do pril\u00e1kalo [&hellip;]","og_url":"https:\/\/www.welovecycling.com\/sk\/2020\/09\/23\/okolo-slovenska-2020-64-rocnik-ziskal-jannik-steimle\/","og_site_name":"\u0160koda We Love Cycling Slovensko","article_published_time":"2020-09-23T08:00:18+00:00","og_image":[{"width":1380,"height":600,"url":"https:\/\/d2p6e6u75xmxt8.cloudfront.net\/4\/2020\/09\/WLC_Okolo-Slovenska_00.webp","type":"image\/webp"}],"twitter_card":"summary_large_image","twitter_misc":{"Written by":"WeLoveCycling","Est. reading time":"4"},"schema":{"@context":"https:\/\/schema.org","@graph":[{"@type":"WebPage","@id":"https:\/\/www.welovecycling.com\/sk\/2020\/09\/23\/okolo-slovenska-2020-64-rocnik-ziskal-jannik-steimle\/","url":"https:\/\/www.welovecycling.com\/sk\/2020\/09\/23\/okolo-slovenska-2020-64-rocnik-ziskal-jannik-steimle\/","name":"Okolo Slovenska 2020 - 64. ro\u010dn\u00edk z\u00edskal Jannik Steimle - \u0160koda We Love Cycling Slovensko","isPartOf":{"@id":"https:\/\/www.welovecycling.com\/sk\/#website"},"primaryImageOfPage":{"@id":"https:\/\/www.welovecycling.com\/sk\/2020\/09\/23\/okolo-slovenska-2020-64-rocnik-ziskal-jannik-steimle\/#primaryimage"},"image":{"@id":"https:\/\/www.welovecycling.com\/sk\/2020\/09\/23\/okolo-slovenska-2020-64-rocnik-ziskal-jannik-steimle\/#primaryimage"},"thumbnailUrl":"https:\/\/d2p6e6u75xmxt8.cloudfront.net\/4\/2020\/09\/WLC_Okolo-Slovenska_00.webp","datePublished":"2020-09-23T08:00:18+00:00","author":{"@id":""},"breadcrumb":{"@id":"https:\/\/www.welovecycling.com\/sk\/2020\/09\/23\/okolo-slovenska-2020-64-rocnik-ziskal-jannik-steimle\/#breadcrumb"},"inLanguage":"sk-SK","potentialAction":[{"@type":"ReadAction","target":["https:\/\/www.welovecycling.com\/sk\/2020\/09\/23\/okolo-slovenska-2020-64-rocnik-ziskal-jannik-steimle\/"]}]},{"@type":"ImageObject","inLanguage":"sk-SK","@id":"https:\/\/www.welovecycling.com\/sk\/2020\/09\/23\/okolo-slovenska-2020-64-rocnik-ziskal-jannik-steimle\/#primaryimage","url":"https:\/\/d2p6e6u75xmxt8.cloudfront.net\/4\/2020\/09\/WLC_Okolo-Slovenska_00.webp","contentUrl":"https:\/\/d2p6e6u75xmxt8.cloudfront.net\/4\/2020\/09\/WLC_Okolo-Slovenska_00.webp","width":1380,"height":600},{"@type":"BreadcrumbList","@id":"https:\/\/www.welovecycling.com\/sk\/2020\/09\/23\/okolo-slovenska-2020-64-rocnik-ziskal-jannik-steimle\/#breadcrumb","itemListElement":[{"@type":"ListItem","position":1,"name":"Home","item":"https:\/\/www.welovecycling.com\/sk\/"},{"@type":"ListItem","position":2,"name":"Okolo Slovenska 2020 &#8211; 64. ro\u010dn\u00edk z\u00edskal Jannik Steimle"}]},{"@type":"WebSite","@id":"https:\/\/www.welovecycling.com\/sk\/#website","url":"https:\/\/www.welovecycling.com\/sk\/","name":"\u0160koda We Love Cycling Slovensko","description":"\u0160koda We Love Cycling Slovensko je v\u00e1\u0161 ka\u017edodenn\u00fd zdroj noviniek a in\u0161pir\u00e1cie z sveta cyklistiky","potentialAction":[{"@type":"SearchAction","target":{"@type":"EntryPoint","urlTemplate":"https:\/\/www.welovecycling.com\/sk\/?s={search_term_string}"},"query-input":{"@type":"PropertyValueSpecification","valueRequired":true,"valueName":"search_term_string"}}],"inLanguage":"sk-SK"},{"@type":"Person","@id":"","url":"https:\/\/www.welovecycling.com\/sk\/author\/"}]}},"_links":{"self":[{"href":"https:\/\/www.welovecycling.com\/sk\/wp-json\/wp\/v2\/posts\/10781","targetHints":{"allow":["GET"]}}],"collection":[{"href":"https:\/\/www.welovecycling.com\/sk\/wp-json\/wp\/v2\/posts"}],"about":[{"href":"https:\/\/www.welovecycling.com\/sk\/wp-json\/wp\/v2\/types\/post"}],"author":[{"embeddable":true,"href":"https:\/\/www.welovecycling.com\/sk\/wp-json\/wp\/v2\/users\/81"}],"replies":[{"embeddable":true,"href":"https:\/\/www.welovecycling.com\/sk\/wp-json\/wp\/v2\/comments?post=10781"}],"version-history":[{"count":2,"href":"https:\/\/www.welovecycling.com\/sk\/wp-json\/wp\/v2\/posts\/10781\/revisions"}],"predecessor-version":[{"id":10796,"href":"https:\/\/www.welovecycling.com\/sk\/wp-json\/wp\/v2\/posts\/10781\/revisions\/10796"}],"wp:featuredmedia":[{"embeddable":true,"href":"https:\/\/www.welovecycling.com\/sk\/wp-json\/wp\/v2\/media\/10784"}],"wp:attachment":[{"href":"https:\/\/www.welovecycling.com\/sk\/wp-json\/wp\/v2\/media?parent=10781"}],"wp:term":[{"taxonomy":"category","embeddable":true,"href":"https:\/\/www.welovecycling.com\/sk\/wp-json\/wp\/v2\/categories?post=10781"},{"taxonomy":"post_tag","embeddable":true,"href":"https:\/\/www.welovecycling.com\/sk\/wp-json\/wp\/v2\/tags?post=10781"},{"taxonomy":"global-categories","embeddable":true,"href":"https:\/\/www.welovecycling.com\/sk\/wp-json\/wp\/v2\/global-categories?post=10781"}],"curies":[{"name":"wp","href":"https:\/\/api.w.org\/{rel}","templated":true}]}}