{"id":10771,"date":"2020-09-22T12:00:40","date_gmt":"2020-09-22T10:00:40","guid":{"rendered":"https:\/\/www.welovecycling.com\/sk\/?p=10771"},"modified":"2020-09-22T11:17:09","modified_gmt":"2020-09-22T09:17:09","slug":"tour-de-france-dosla-k-svojmu-vyvrcholeniu-kto-je-vitazom","status":"publish","type":"post","link":"https:\/\/www.welovecycling.com\/sk\/2020\/09\/22\/tour-de-france-dosla-k-svojmu-vyvrcholeniu-kto-je-vitazom\/","title":{"rendered":"Tour de France do\u0161la k svojmu vyvrcholeniu &#8211; kto je v\u00ed\u0165azom?"},"content":{"rendered":"<p><strong>Po troch t\u00fd\u017ed\u0148och \u00fapenliv\u00e9ho bojovania o\u00a0sekundy a\u00a0body do jednotliv\u00fdch s\u00fa\u0165a\u017e\u00ed, pre\u0165alo ost\u00e1vaj\u00facich 146 pretek\u00e1rov cie\u013eov\u00fa p\u00e1sku v\u00a0Par\u00ed\u017ei. T\u00fdmto krokom sa zav\u0155\u0161il 107. ro\u010dn\u00edk Tour, ktor\u00fd bol mimoriadny nielen kv\u00f4li zmenen\u00e9mu term\u00ednu.<\/strong><!--more--><\/p>\n<h2><strong>Majstrovsk\u00fd obrat v\u00a0poslednej etape pre Poga\u010dara<\/strong><\/h2>\n<p>Kto sledoval cel\u00fa Tour od \u00favodn\u00fdch et\u00e1p, ten by len \u0165a\u017eko prik\u00fdvol na n\u00e1zor, \u017ee Primo\u017e Rogli\u010d strat\u00ed \u017elt\u00fd dres v\u00a0poslednej etape, ktor\u00e1 mala by\u0165 ot\u00e1zkou maxim\u00e1lne sek\u00fand. Opak bol v\u0161ak pravdou. \u00dasmevy, ktor\u00e9 zdie\u013eali obidvaja Slovinci e\u0161te po\u010das 19. etapy sa <strong>zmenili na slzy \u0161\u0165astia a\u00a0bolesti<\/strong>, ke\u010f Primo\u017e Rogli\u010d de\u0148 na to pre\u0165al cie\u013eov\u00fa p\u00e1sku individu\u00e1lnej \u010dasovky. Na displeji v\u00a0cieli svietil jednozna\u010dn\u00fd d\u00f4kaz jeho prehry &#8211; strata 1:56 na Tadeja Poga\u010dara. <\/p>\n<lite-youtube videoid=4hzld_tFedg params=\"enablejsapi=1\" style=\"background-image: url('https:\/\/i.ytimg.com\/vi_webp\/4hzld_tFedg\/maxresdefault.webp');\"><\/lite-youtube>\n<p>Ak uv\u00e1\u017eime, \u017ee do tejto etapy nastupoval Primo\u017e s\u00a0n\u00e1skokom 57 sek\u00fand, v\u00fdsledn\u00e9 poradie sa menilo. Tv\u00e1re Toma Dumoulina a\u00a0Wouta van Aerta, t\u00edmov\u00fdch kolegov Rogli\u010da, ktor\u00ed nielen pom\u00e1hali tomuto l\u00eddrovi Jumbo-Visma po\u010das takmer v\u0161etk\u00fdch et\u00e1p, ale navy\u0161e skon\u010dili v\u00a0\u010dasovke na druhom, respekt\u00edve \u0161tvrtom mieste, <strong>nevyjadrovali \u017eiadne pozit\u00edvne em\u00f3cie<\/strong>. Pod\u013ea ich slov e\u0161te pred etapou si boli ist\u00ed na vy\u0161e 90 percent, \u017ee Primo\u017e nem\u00f4\u017ee pred Par\u00ed\u017eom strati\u0165 \u017elt\u00fd dres. Stalo sa. <\/p>\n<p><a href=\"https:\/\/d2p6e6u75xmxt8.cloudfront.net\/4\/2020\/09\/Koniec_Tour_02.jpg\"><img loading=\"lazy\" decoding=\"async\" src=\"https:\/\/d2p6e6u75xmxt8.cloudfront.net\/4\/2020\/09\/Koniec_Tour_02.jpg\" alt=\"\" width=\"1200\" height=\"800\" class=\"alignnone size-full wp-image-10776\" \/><\/a><\/p>\n<h2><strong>Poga\u010dar je najmlad\u0161\u00edm v\u00ed\u0165azom novodobej Tour de France<\/strong><\/h2>\n<p>Minuloro\u010dn\u00fd \u0161ampi\u00f3n, Kolumbijec Egan Bernal z\u00a0t\u00edmu Ineos, bol taktie\u017e oslavovan\u00fd ako najmlad\u0161\u00ed &#8211; pri v\u00ed\u0165azstve mal toti\u017e 22 rokov a\u00a0196 dn\u00ed. Predbehli ho len dvaja jazdci &#8211; Holan\u010fan Faber Francois z\u00a0roku 1909 a\u00a0Henri Cornet, ktor\u00fd mal v\u00a0roku 1904 19 rokov a\u00a0352 dn\u00ed. Aby sme sa vr\u00e1tili k\u00a0tohtoro\u010dn\u00e9mu v\u00ed\u0165azovi, Tadej Poga\u010dar osl\u00e1vil de\u0148 po z\u00e1vere\u010dnej etape svoje 22. narodeniny. <\/p>\n<p>Neuverite\u013en\u00fd v\u00fdsledok oboch posledn\u00fdch v\u00ed\u0165azov je <strong>nielen rekordn\u00fdm z\u00e1pisom, ale taktie\u017e \u00fadajom, ktor\u00fd n\u00e1m m\u00f4\u017ee napoveda\u0165 nie\u010do o\u00a0mlad\u00fdch pretek\u00e1roch<\/strong>, ktor\u00ed dok\u00e1\u017eu u\u017e takmer na prahu dospelosti vyhra\u0165 jedny z\u00a0naj\u0165a\u017e\u0161\u00edch pretekov sveta. Pre porovnanie, Chris Froome mal vy\u0161e 30 rokov, Geraint Thomas a\u00a0Bradley Wiggins 32. Cadel Evans v\u00a0roku 2011 a\u017e 34. Navy\u0161e sme mali mo\u017enos\u0165 vidie\u0165 nieko\u013ek\u00fdch mlad\u00fdch v\u00ed\u0165azov et\u00e1p &#8211; Marc Hirschi v\u00a012. ako \u010derstvo 22 ro\u010dn\u00fd, Lennard K\u00e4mna v\u00a016. ako 23 ro\u010dn\u00fd \u010di Felipe Daniel Mart\u00ednez vo svojich 24. rokoch z\u00edskal 13. etapu pr\u00e1ve pred K\u00e4mnou. Budeme tak svedkami \u00e9ry \u201emladej krvi\u201c, pos\u00favaj\u00facej tridsiatnikov do \u201estar\u00e9ho \u017eeleza\u201c? H\u00e1dame, \u017ee asi tak\u00e9 \u013eahk\u00e9 to nebude. <\/p>\n<p><a href=\"https:\/\/d2p6e6u75xmxt8.cloudfront.net\/4\/2020\/09\/Koniec_Tour_03.jpg\"><img loading=\"lazy\" decoding=\"async\" src=\"https:\/\/d2p6e6u75xmxt8.cloudfront.net\/4\/2020\/09\/Koniec_Tour_03.jpg\" alt=\"\" width=\"1200\" height=\"800\" class=\"alignnone size-full wp-image-10777\" \/><\/a><\/p>\n<h2><strong>Sagan pod\u013eahol Bennettovi, av\u0161ak zasl\u00fa\u017eene a\u00a0so vzt\u00fd\u010denou hlavou<\/strong><\/h2>\n<p>Obr\u00e1zky Petra Sagana v\u00a0zelenom drese s\u00fa takmer ikonickou reprezent\u00e1ciou tejto s\u00fa\u0165a\u017ee po celom svete. Niet sa \u010domu divi\u0165 &#8211; jeho sedem titulov po\u010das \u00f4smich rokov s\u00fa jednozna\u010dn\u00fdm d\u00f4kazom o\u00a0jeho dominancii. Tento rok bol v\u0161ak in\u00fd. \u010ci u\u017e to bolo pozna\u010den\u00e9 problematickou sez\u00f3nou bez mno\u017estva pretekov alebo in\u00fdmi d\u00f4vodmi, Peter stratil v\u00ed\u0165azstvo v\u00a0prospech jeho b\u00fdval\u00e9ho kolegu, <strong>Sama Bennetta<\/strong>. Tento \u00cdr si obliekol dres u\u017e v\u00a0desiatej etape, ke\u010f z\u00a0neho vyzliekol Petra Sagana a\u00a0nepustil ho zo svojich r\u00fak a\u017e do Par\u00ed\u017ea. <\/p>\n<lite-youtube videoid=DqXTrMuHIgw params=\"enablejsapi=1\" style=\"background-image: url('https:\/\/i.ytimg.com\/vi_webp\/DqXTrMuHIgw\/maxresdefault.webp');\"><\/lite-youtube>\n<p>Aj napriek viacer\u00fdm snah\u00e1m t\u00edmu BORA-hansgrohe, ktor\u00e1 dok\u00e1zala v\u00a014. etape odtrhn\u00fa\u0165 Bennetta a\u00a0pripravi\u0165 poz\u00edciu pre Petra alebo v\u00a019., kedy si z\u00a0menej po\u010detnej skupiny nast\u00fapil k\u00a0druh\u00e9mu v\u00ed\u0165azstvu S\u00f8ren Kragh Andersen, znemo\u017enili Slov\u00e1kovi zmaza\u0165 stratu, ktor\u00e1 sa pohybovala okolo 50&nbsp;bodov. Navy\u0161e v\u00fdraznou komplik\u00e1ciou bolo aj rozhodnutie rozhodcov v\u00a011. etape, kedy penalizovali Sagana, ktor\u00fd do\u0161iel na 3. mieste za nebezpe\u010dn\u00fd \u0161print a\u00a0okrem straty bodov v\u00a0cieli, mu bolo odobran\u00fdch aj 13 dodato\u010dn\u00fdch bodov. V\u00a0kone\u010dnom d\u00f4sledku bol Bennett jednozna\u010dne <strong>lep\u0161\u00edm \u0161print\u00e9rom v\u00a0rovinat\u00fdch etap\u00e1ch<\/strong>, \u010do potvrdil dvoma v\u00ed\u0165azstvami v\u00a010. a\u00a021. etape. Na tre\u0165om mieste klasifik\u00e1cie skon\u010dil Talian, Matteo Trentin.<\/p>\n<h2><strong>\u0160tatistika neza\u0161kod\u00ed &#8211; v\u00ed\u0165azstv\u00e1, p\u00e1dy a\u00a0in\u00e9 zauj\u00edmavosti<\/strong><\/h2>\n<p>Okrem zelen\u00e9ho dresu \u010di toho \u017elt\u00e9ho sa rozd\u00e1vali aj in\u00e9, nemennej hodnotn\u00e9 ocenenia. Tak napr\u00edklad, ak ide o\u00a0v\u00ed\u0165aza do 25 rokov \u010di <strong>kr\u00e1\u013ea vrch\u00e1rov s\u00a0bodkovan\u00fdm dresom<\/strong> &#8211; tie obe z\u00edskal taktie\u017e Tadej Poga\u010dar. In\u00e9ho v\u00ed\u0165aza m\u00e1 klasifik\u00e1cia t\u00edmov, v\u00a0ktorej sa hodnotia traja najlep\u0161ie postaven\u00ed jazdci a\u00a0ich s\u00fa\u010det \u010dasov. Tu, ako je to u\u017e zvykom, dominoval Movistar s\u00a0n\u00e1skokom 18:31 pred Jumbo-Visma. <\/p>\n<p>Medzi jednotliv\u00fdmi v\u00ed\u0165azmi et\u00e1p sme videli dvakr\u00e1t Sama Bennetta, Tadeja Poga\u010dara, Wouta van Aerta alebo Kragha Andersena s\u00a0Calebom Ewanom. <strong>21 et\u00e1p si tak rozdelilo 14 pretek\u00e1rov.<\/strong> Ocenen\u00fdm bol aj Roger Kluge z\u00a0Lotto Soudal, ktor\u00fd z\u00edskal tzv. Lanterne Rouge (teda \u010derven\u00fd lamp\u00e1\u0161) za posledn\u00e9ho klasifikovan\u00e9ho pretek\u00e1ra v\u00a0cieli Tour. Roger stratil na v\u00ed\u0165azn\u00e9ho Tadeja 6:07:02 a\u00a0bol 146. pretek\u00e1rom. Tour tak nedokon\u010dilo presne 30 pretek\u00e1rov. <\/p>\n<p>https:\/\/www.instagram.com\/p\/CFXlo-EH6-r\/ <\/p>\n<p>Jednou z\u00a0rovnako prest\u00ed\u017enych cien je aj ocenenie \u201enajbojovnej\u0161ieho pretek\u00e1ra Tour\u201c. T\u00e1 je celkov\u00fdm ekvivalentom tzv. \u010derven\u00fdch \u010d\u00edsel, ktor\u00e9 z\u00edskava jeden pretek\u00e1r na konci etapy. Pri tomto hodnoten\u00ed sa prihliada na jeho s\u00fa\u0165a\u017eivos\u0165 &#8211; napr. zapojenie sa do \u00faniku a\u00a0najdlh\u0161ie zotrvanie v\u00a0\u0148om. <strong>Marc Hirschi<\/strong> z\u00edskal toto ocenenie v\u00a0roku 2020 aj v\u010faka jeho nemiernej vytrvalosti v\u00a0\u00fatokoch, ktor\u00e9 sa mu odmenili v\u00ed\u0165azstvom v\u00a012. etape. <\/p>\n<p>Tak\u00e1 teda bola Tour de France. Na\u0161\u0165astie sa zaobi\u0161la bez pred\u010dasn\u00e9ho ukon\u010denia \u010di in\u00fdch nepr\u00edjemnost\u00ed. Ani \u00farazov nepribudlo mnoho. Na rade je u\u017e tento t\u00fd\u017ede\u0148 boj o\u00a0Majstra sveta, a\u00a0hne\u010f potom Giro d\u02b9Italia. <strong>Kalend\u00e1r je nabit\u00fd &#8211; zosta\u0148te teda naladen\u00ed!<\/strong><\/p>\n<p>Zdroje fotografi\u00ed: FB\/Letour A.S.O. \/ Pauline Ballet<\/p>\n","protected":false},"excerpt":{"rendered":"<p>Po troch t\u00fd\u017ed\u0148och \u00fapenliv\u00e9ho bojovania o\u00a0sekundy a\u00a0body do jednotliv\u00fdch s\u00fa\u0165a\u017e\u00ed, pre\u0165alo ost\u00e1vaj\u00facich 146 pretek\u00e1rov cie\u013eov\u00fa p\u00e1sku v\u00a0Par\u00ed\u017ei. T\u00fdmto krokom sa [&hellip;]<\/p>\n","protected":false},"author":81,"featured_media":10775,"comment_status":"open","ping_status":"open","sticky":false,"template":"","format":"standard","meta":{"footnotes":""},"categories":[63,117],"tags":[175,115,119,1038,331,306,1005,46,179,170,1252,1258,307,20,1249,269,907,156,174],"global-categories":[1074],"class_list":["post-10771","post","type-post","status-publish","format-standard","has-post-thumbnail","hentry","category-grand-tour","category-tour-de-france","tag-bodkovany-dres","tag-cestna-cyklistika","tag-chris-froome","tag-egan-bernal","tag-etapove-preteky","tag-francuzsko","tag-pad","tag-peter-sagan","tag-preteky","tag-primoz-roglic","tag-stara-dama","tag-tadej-pogacar","tag-tom-dumoulin","tag-tour-de-france","tag-tour-de-france-2020","tag-vitaz","tag-wout-van-aert","tag-zeleny-dres","tag-zlty-dres","global-categories-cycling"],"yoast_head":"<!-- This site is optimized with the Yoast SEO Premium plugin v25.3 (Yoast SEO v25.9) - https:\/\/yoast.com\/wordpress\/plugins\/seo\/ -->\n<title>Tour de France do\u0161la k svojmu vyvrcholeniu - kto je v\u00ed\u0165azom? - \u0160koda We Love Cycling Slovensko<\/title>\n<meta name=\"robots\" content=\"index, follow, max-snippet:-1, max-image-preview:large, max-video-preview:-1\" \/>\n<link rel=\"canonical\" href=\"https:\/\/www.welovecycling.com\/sk\/2020\/09\/22\/tour-de-france-dosla-k-svojmu-vyvrcholeniu-kto-je-vitazom\/\" \/>\n<meta property=\"og:locale\" content=\"sk_SK\" \/>\n<meta property=\"og:type\" content=\"article\" \/>\n<meta property=\"og:title\" content=\"Tour de France do\u0161la k svojmu vyvrcholeniu - kto je v\u00ed\u0165azom?\" \/>\n<meta property=\"og:description\" content=\"Po troch t\u00fd\u017ed\u0148och \u00fapenliv\u00e9ho bojovania o\u00a0sekundy a\u00a0body do jednotliv\u00fdch s\u00fa\u0165a\u017e\u00ed, pre\u0165alo ost\u00e1vaj\u00facich 146 pretek\u00e1rov cie\u013eov\u00fa p\u00e1sku v\u00a0Par\u00ed\u017ei. T\u00fdmto krokom sa [&hellip;]\" \/>\n<meta property=\"og:url\" content=\"https:\/\/www.welovecycling.com\/sk\/2020\/09\/22\/tour-de-france-dosla-k-svojmu-vyvrcholeniu-kto-je-vitazom\/\" \/>\n<meta property=\"og:site_name\" content=\"\u0160koda We Love Cycling Slovensko\" \/>\n<meta property=\"article:published_time\" content=\"2020-09-22T10:00:40+00:00\" \/>\n<meta property=\"og:image\" content=\"https:\/\/d2p6e6u75xmxt8.cloudfront.net\/4\/2020\/09\/Koniec_Tour_00.webp\" \/>\n\t<meta property=\"og:image:width\" content=\"1380\" \/>\n\t<meta property=\"og:image:height\" content=\"600\" \/>\n\t<meta property=\"og:image:type\" content=\"image\/webp\" \/>\n<meta name=\"twitter:card\" content=\"summary_large_image\" \/>\n<meta name=\"twitter:label1\" content=\"Written by\" \/>\n\t<meta name=\"twitter:data1\" content=\"WeLoveCycling\" \/>\n\t<meta name=\"twitter:label2\" content=\"Est. reading time\" \/>\n\t<meta name=\"twitter:data2\" content=\"4\" \/>\n<script type=\"application\/ld+json\" class=\"yoast-schema-graph\">{\"@context\":\"https:\/\/schema.org\",\"@graph\":[{\"@type\":\"WebPage\",\"@id\":\"https:\/\/www.welovecycling.com\/sk\/2020\/09\/22\/tour-de-france-dosla-k-svojmu-vyvrcholeniu-kto-je-vitazom\/\",\"url\":\"https:\/\/www.welovecycling.com\/sk\/2020\/09\/22\/tour-de-france-dosla-k-svojmu-vyvrcholeniu-kto-je-vitazom\/\",\"name\":\"Tour de France do\u0161la k svojmu vyvrcholeniu - kto je v\u00ed\u0165azom? - \u0160koda We Love Cycling Slovensko\",\"isPartOf\":{\"@id\":\"https:\/\/www.welovecycling.com\/sk\/#website\"},\"primaryImageOfPage\":{\"@id\":\"https:\/\/www.welovecycling.com\/sk\/2020\/09\/22\/tour-de-france-dosla-k-svojmu-vyvrcholeniu-kto-je-vitazom\/#primaryimage\"},\"image\":{\"@id\":\"https:\/\/www.welovecycling.com\/sk\/2020\/09\/22\/tour-de-france-dosla-k-svojmu-vyvrcholeniu-kto-je-vitazom\/#primaryimage\"},\"thumbnailUrl\":\"https:\/\/d2p6e6u75xmxt8.cloudfront.net\/4\/2020\/09\/Koniec_Tour_00.webp\",\"datePublished\":\"2020-09-22T10:00:40+00:00\",\"author\":{\"@id\":\"\"},\"breadcrumb\":{\"@id\":\"https:\/\/www.welovecycling.com\/sk\/2020\/09\/22\/tour-de-france-dosla-k-svojmu-vyvrcholeniu-kto-je-vitazom\/#breadcrumb\"},\"inLanguage\":\"sk-SK\",\"potentialAction\":[{\"@type\":\"ReadAction\",\"target\":[\"https:\/\/www.welovecycling.com\/sk\/2020\/09\/22\/tour-de-france-dosla-k-svojmu-vyvrcholeniu-kto-je-vitazom\/\"]}]},{\"@type\":\"ImageObject\",\"inLanguage\":\"sk-SK\",\"@id\":\"https:\/\/www.welovecycling.com\/sk\/2020\/09\/22\/tour-de-france-dosla-k-svojmu-vyvrcholeniu-kto-je-vitazom\/#primaryimage\",\"url\":\"https:\/\/d2p6e6u75xmxt8.cloudfront.net\/4\/2020\/09\/Koniec_Tour_00.webp\",\"contentUrl\":\"https:\/\/d2p6e6u75xmxt8.cloudfront.net\/4\/2020\/09\/Koniec_Tour_00.webp\",\"width\":1380,\"height\":600},{\"@type\":\"BreadcrumbList\",\"@id\":\"https:\/\/www.welovecycling.com\/sk\/2020\/09\/22\/tour-de-france-dosla-k-svojmu-vyvrcholeniu-kto-je-vitazom\/#breadcrumb\",\"itemListElement\":[{\"@type\":\"ListItem\",\"position\":1,\"name\":\"Home\",\"item\":\"https:\/\/www.welovecycling.com\/sk\/\"},{\"@type\":\"ListItem\",\"position\":2,\"name\":\"Tour de France do\u0161la k svojmu vyvrcholeniu &#8211; kto je v\u00ed\u0165azom?\"}]},{\"@type\":\"WebSite\",\"@id\":\"https:\/\/www.welovecycling.com\/sk\/#website\",\"url\":\"https:\/\/www.welovecycling.com\/sk\/\",\"name\":\"\u0160koda We Love Cycling Slovensko\",\"description\":\"\u0160koda We Love Cycling Slovensko je v\u00e1\u0161 ka\u017edodenn\u00fd zdroj noviniek a in\u0161pir\u00e1cie z sveta cyklistiky\",\"potentialAction\":[{\"@type\":\"SearchAction\",\"target\":{\"@type\":\"EntryPoint\",\"urlTemplate\":\"https:\/\/www.welovecycling.com\/sk\/?s={search_term_string}\"},\"query-input\":{\"@type\":\"PropertyValueSpecification\",\"valueRequired\":true,\"valueName\":\"search_term_string\"}}],\"inLanguage\":\"sk-SK\"},{\"@type\":\"Person\",\"@id\":\"\",\"url\":\"https:\/\/www.welovecycling.com\/sk\/author\/\"}]}<\/script>\n<!-- \/ Yoast SEO Premium plugin. -->","yoast_head_json":{"title":"Tour de France do\u0161la k svojmu vyvrcholeniu - kto je v\u00ed\u0165azom? - \u0160koda We Love Cycling Slovensko","robots":{"index":"index","follow":"follow","max-snippet":"max-snippet:-1","max-image-preview":"max-image-preview:large","max-video-preview":"max-video-preview:-1"},"canonical":"https:\/\/www.welovecycling.com\/sk\/2020\/09\/22\/tour-de-france-dosla-k-svojmu-vyvrcholeniu-kto-je-vitazom\/","og_locale":"sk_SK","og_type":"article","og_title":"Tour de France do\u0161la k svojmu vyvrcholeniu - kto je v\u00ed\u0165azom?","og_description":"Po troch t\u00fd\u017ed\u0148och \u00fapenliv\u00e9ho bojovania o\u00a0sekundy a\u00a0body do jednotliv\u00fdch s\u00fa\u0165a\u017e\u00ed, pre\u0165alo ost\u00e1vaj\u00facich 146 pretek\u00e1rov cie\u013eov\u00fa p\u00e1sku v\u00a0Par\u00ed\u017ei. T\u00fdmto krokom sa [&hellip;]","og_url":"https:\/\/www.welovecycling.com\/sk\/2020\/09\/22\/tour-de-france-dosla-k-svojmu-vyvrcholeniu-kto-je-vitazom\/","og_site_name":"\u0160koda We Love Cycling Slovensko","article_published_time":"2020-09-22T10:00:40+00:00","og_image":[{"width":1380,"height":600,"url":"https:\/\/d2p6e6u75xmxt8.cloudfront.net\/4\/2020\/09\/Koniec_Tour_00.webp","type":"image\/webp"}],"twitter_card":"summary_large_image","twitter_misc":{"Written by":"WeLoveCycling","Est. reading time":"4"},"schema":{"@context":"https:\/\/schema.org","@graph":[{"@type":"WebPage","@id":"https:\/\/www.welovecycling.com\/sk\/2020\/09\/22\/tour-de-france-dosla-k-svojmu-vyvrcholeniu-kto-je-vitazom\/","url":"https:\/\/www.welovecycling.com\/sk\/2020\/09\/22\/tour-de-france-dosla-k-svojmu-vyvrcholeniu-kto-je-vitazom\/","name":"Tour de France do\u0161la k svojmu vyvrcholeniu - kto je v\u00ed\u0165azom? - \u0160koda We Love Cycling Slovensko","isPartOf":{"@id":"https:\/\/www.welovecycling.com\/sk\/#website"},"primaryImageOfPage":{"@id":"https:\/\/www.welovecycling.com\/sk\/2020\/09\/22\/tour-de-france-dosla-k-svojmu-vyvrcholeniu-kto-je-vitazom\/#primaryimage"},"image":{"@id":"https:\/\/www.welovecycling.com\/sk\/2020\/09\/22\/tour-de-france-dosla-k-svojmu-vyvrcholeniu-kto-je-vitazom\/#primaryimage"},"thumbnailUrl":"https:\/\/d2p6e6u75xmxt8.cloudfront.net\/4\/2020\/09\/Koniec_Tour_00.webp","datePublished":"2020-09-22T10:00:40+00:00","author":{"@id":""},"breadcrumb":{"@id":"https:\/\/www.welovecycling.com\/sk\/2020\/09\/22\/tour-de-france-dosla-k-svojmu-vyvrcholeniu-kto-je-vitazom\/#breadcrumb"},"inLanguage":"sk-SK","potentialAction":[{"@type":"ReadAction","target":["https:\/\/www.welovecycling.com\/sk\/2020\/09\/22\/tour-de-france-dosla-k-svojmu-vyvrcholeniu-kto-je-vitazom\/"]}]},{"@type":"ImageObject","inLanguage":"sk-SK","@id":"https:\/\/www.welovecycling.com\/sk\/2020\/09\/22\/tour-de-france-dosla-k-svojmu-vyvrcholeniu-kto-je-vitazom\/#primaryimage","url":"https:\/\/d2p6e6u75xmxt8.cloudfront.net\/4\/2020\/09\/Koniec_Tour_00.webp","contentUrl":"https:\/\/d2p6e6u75xmxt8.cloudfront.net\/4\/2020\/09\/Koniec_Tour_00.webp","width":1380,"height":600},{"@type":"BreadcrumbList","@id":"https:\/\/www.welovecycling.com\/sk\/2020\/09\/22\/tour-de-france-dosla-k-svojmu-vyvrcholeniu-kto-je-vitazom\/#breadcrumb","itemListElement":[{"@type":"ListItem","position":1,"name":"Home","item":"https:\/\/www.welovecycling.com\/sk\/"},{"@type":"ListItem","position":2,"name":"Tour de France do\u0161la k svojmu vyvrcholeniu &#8211; kto je v\u00ed\u0165azom?"}]},{"@type":"WebSite","@id":"https:\/\/www.welovecycling.com\/sk\/#website","url":"https:\/\/www.welovecycling.com\/sk\/","name":"\u0160koda We Love Cycling Slovensko","description":"\u0160koda We Love Cycling Slovensko je v\u00e1\u0161 ka\u017edodenn\u00fd zdroj noviniek a in\u0161pir\u00e1cie z sveta cyklistiky","potentialAction":[{"@type":"SearchAction","target":{"@type":"EntryPoint","urlTemplate":"https:\/\/www.welovecycling.com\/sk\/?s={search_term_string}"},"query-input":{"@type":"PropertyValueSpecification","valueRequired":true,"valueName":"search_term_string"}}],"inLanguage":"sk-SK"},{"@type":"Person","@id":"","url":"https:\/\/www.welovecycling.com\/sk\/author\/"}]}},"_links":{"self":[{"href":"https:\/\/www.welovecycling.com\/sk\/wp-json\/wp\/v2\/posts\/10771","targetHints":{"allow":["GET"]}}],"collection":[{"href":"https:\/\/www.welovecycling.com\/sk\/wp-json\/wp\/v2\/posts"}],"about":[{"href":"https:\/\/www.welovecycling.com\/sk\/wp-json\/wp\/v2\/types\/post"}],"author":[{"embeddable":true,"href":"https:\/\/www.welovecycling.com\/sk\/wp-json\/wp\/v2\/users\/81"}],"replies":[{"embeddable":true,"href":"https:\/\/www.welovecycling.com\/sk\/wp-json\/wp\/v2\/comments?post=10771"}],"version-history":[{"count":2,"href":"https:\/\/www.welovecycling.com\/sk\/wp-json\/wp\/v2\/posts\/10771\/revisions"}],"predecessor-version":[{"id":10780,"href":"https:\/\/www.welovecycling.com\/sk\/wp-json\/wp\/v2\/posts\/10771\/revisions\/10780"}],"wp:featuredmedia":[{"embeddable":true,"href":"https:\/\/www.welovecycling.com\/sk\/wp-json\/wp\/v2\/media\/10775"}],"wp:attachment":[{"href":"https:\/\/www.welovecycling.com\/sk\/wp-json\/wp\/v2\/media?parent=10771"}],"wp:term":[{"taxonomy":"category","embeddable":true,"href":"https:\/\/www.welovecycling.com\/sk\/wp-json\/wp\/v2\/categories?post=10771"},{"taxonomy":"post_tag","embeddable":true,"href":"https:\/\/www.welovecycling.com\/sk\/wp-json\/wp\/v2\/tags?post=10771"},{"taxonomy":"global-categories","embeddable":true,"href":"https:\/\/www.welovecycling.com\/sk\/wp-json\/wp\/v2\/global-categories?post=10771"}],"curies":[{"name":"wp","href":"https:\/\/api.w.org\/{rel}","templated":true}]}}