{"id":10759,"date":"2020-09-21T10:00:35","date_gmt":"2020-09-21T08:00:35","guid":{"rendered":"https:\/\/www.welovecycling.com\/sk\/?p=10759"},"modified":"2020-09-18T14:02:11","modified_gmt":"2020-09-18T12:02:11","slug":"pozvanka-posledne-kolo-detskej-tour-petra-sagana-v-cervenom-klastore","status":"publish","type":"post","link":"https:\/\/www.welovecycling.com\/sk\/2020\/09\/21\/pozvanka-posledne-kolo-detskej-tour-petra-sagana-v-cervenom-klastore\/","title":{"rendered":"Pozv\u00e1nka: Posledn\u00e9 kolo Detskej Tour Petra Sagana v\u00a0\u010cervenom Kl\u00e1\u0161tore"},"content":{"rendered":"<p><strong>Ani sme sa nenazdali a\u00a0po viac ako troch mesiacoch pretekania prich\u00e1dza na rad posledn\u00e9 kolo Detskej Tour Petra Sagana v\u00a0roku 2020. Tentoraz to bude ob\u013e\u00faben\u00e9 prostredie v\u00a0\u010cervenom Kl\u00e1\u0161tore, kde sa stretneme u\u017e tento t\u00fd\u017ede\u0148.<\/strong><!--more--><\/p>\n<p>Tak ako to b\u00fdva na ka\u017edom kole, aj toto z\u00e1vere\u010dn\u00e9, v\u00a0porad\u00ed \u0161ieste sa bude kona\u0165 po\u010das v\u00edkendu, konkr\u00e9tne <strong>27. septembra 2020<\/strong>. Zmenou je z\u00e1mena soboty za nede\u013eu z\u00a0organiza\u010dn\u00fdch d\u00f4vodov. Stretneme sa v\u00a0are\u00e1li K\u00fape\u013eov \u010cerven\u00fd Kl\u00e1\u0161tor Smerd\u017eonka a\u00a0v\u00a0bl\u00edzkosti tohto are\u00e1lu v\u00a0spolupr\u00e1ci s\u00a0obcou Lechnica.<\/p>\n<p><a href=\"https:\/\/d2p6e6u75xmxt8.cloudfront.net\/4\/2020\/09\/WLC_DTPS-Cerveny-klastor_01.jpg\"><img loading=\"lazy\" decoding=\"async\" src=\"https:\/\/d2p6e6u75xmxt8.cloudfront.net\/4\/2020\/09\/WLC_DTPS-Cerveny-klastor_01.jpg\" alt=\"\" width=\"1200\" height=\"800\" class=\"alignnone size-full wp-image-10760\" \/><\/a><\/p>\n<p>Ako je zau\u017e\u00edvan\u00fdm zvykom, harmonogram je rozdelen\u00fd do dvoch dn\u00ed. Po\u010das prv\u00e9ho, teda v\u00a0sobotu, si budete m\u00f4c\u0165 vyzdvihn\u00fa\u0165 \u0161tartovn\u00e9 \u010d\u00edsla a\u00a0bal\u00ed\u010dek v\u00a0\u010dase medzi 16:00 a\u00a018:00 v\u00a0K\u00fape\u013eov \u010cerven\u00fd Kl\u00e1\u0161tor Smerd\u017eonka. Nemus\u00edte sa ob\u00e1va\u0165, aj v\u00a0nede\u013eu r\u00e1no, od 08:00 do 10:00, bude pre v\u00e1s<strong> pripraven\u00e1 nielen prezent\u00e1cia, ale aj registr\u00e1cia<\/strong>. \u0160tart jednotliv\u00fdch kateg\u00f3ri\u00ed zapo\u010dne tou najmlad\u0161ou &#8211; Baby a\u00a0bude postupova\u0165 vzostupne a\u017e k\u00a0dospel\u00e1ckym. <\/p>\n<div id='gallery-1' class='gallery galleryid-10759 gallery-columns-2 gallery-size-full'><figure class='gallery-item'>\n\t\t\t<div class='gallery-icon landscape'>\n\t\t\t\t<a href='https:\/\/d2p6e6u75xmxt8.cloudfront.net\/4\/2020\/09\/WLC_DTPS-Cerveny-klastor_02.webp'><img loading=\"lazy\" decoding=\"async\" width=\"1200\" height=\"800\" src=\"https:\/\/d2p6e6u75xmxt8.cloudfront.net\/4\/2020\/09\/WLC_DTPS-Cerveny-klastor_02.webp\" class=\"attachment-full size-full\" alt=\"\" srcset=\"https:\/\/d2p6e6u75xmxt8.cloudfront.net\/4\/2020\/09\/WLC_DTPS-Cerveny-klastor_02.webp 1200w, https:\/\/d2p6e6u75xmxt8.cloudfront.net\/4\/2020\/09\/WLC_DTPS-Cerveny-klastor_02-300x200.webp 300w, https:\/\/d2p6e6u75xmxt8.cloudfront.net\/4\/2020\/09\/WLC_DTPS-Cerveny-klastor_02-1024x683.webp 1024w, https:\/\/d2p6e6u75xmxt8.cloudfront.net\/4\/2020\/09\/WLC_DTPS-Cerveny-klastor_02-768x512.webp 768w, https:\/\/d2p6e6u75xmxt8.cloudfront.net\/4\/2020\/09\/WLC_DTPS-Cerveny-klastor_02-272x182.webp 272w\" sizes=\"auto, (max-width: 1200px) 100vw, 1200px\" \/><\/a>\n\t\t\t<\/div><\/figure><figure class='gallery-item'>\n\t\t\t<div class='gallery-icon landscape'>\n\t\t\t\t<a href='https:\/\/d2p6e6u75xmxt8.cloudfront.net\/4\/2020\/09\/WLC_DTPS-Cerveny-klastor_03.webp'><img loading=\"lazy\" decoding=\"async\" width=\"1200\" height=\"800\" src=\"https:\/\/d2p6e6u75xmxt8.cloudfront.net\/4\/2020\/09\/WLC_DTPS-Cerveny-klastor_03.webp\" class=\"attachment-full size-full\" alt=\"\" srcset=\"https:\/\/d2p6e6u75xmxt8.cloudfront.net\/4\/2020\/09\/WLC_DTPS-Cerveny-klastor_03.webp 1200w, https:\/\/d2p6e6u75xmxt8.cloudfront.net\/4\/2020\/09\/WLC_DTPS-Cerveny-klastor_03-300x200.webp 300w, https:\/\/d2p6e6u75xmxt8.cloudfront.net\/4\/2020\/09\/WLC_DTPS-Cerveny-klastor_03-1024x683.webp 1024w, https:\/\/d2p6e6u75xmxt8.cloudfront.net\/4\/2020\/09\/WLC_DTPS-Cerveny-klastor_03-768x512.webp 768w, https:\/\/d2p6e6u75xmxt8.cloudfront.net\/4\/2020\/09\/WLC_DTPS-Cerveny-klastor_03-272x182.webp 272w\" sizes=\"auto, (max-width: 1200px) 100vw, 1200px\" \/><\/a>\n\t\t\t<\/div><\/figure>\n\t\t<\/div>\n\n<p>Prihl\u00e1si\u0165 sa je mo\u017en\u00e9 <strong>online formul\u00e1rom<\/strong>, ktor\u00fd n\u00e1jdete na <a href=\"https:\/\/6kolo-detskatour-petrasagana.mtbiker.sk\" rel=\"noopener noreferrer\" target=\"_blank\">tomto odkaze<\/a>. Ako u\u017e bolo spomenut\u00e9, registr\u00e1cia je dostupn\u00e1 aj v\u00a0de\u0148 pretekov (v nede\u013eu), av\u0161ak s\u00a0podmienkou v\u010dasnej registr\u00e1cie pred samotn\u00fdm za\u010diatkom pretekov. <\/p>\n<p>Trate s\u00fa prisp\u00f4soben\u00e9 <strong>jednotliv\u00fdm vekov\u00fdm kateg\u00f3ri\u00e1m<\/strong> &#8211; teda ich technick\u00e1 n\u00e1ro\u010dnos\u0165 ani d\u013a\u017eka nepresiahne rozumn\u00e9 mno\u017estvo metrov \u010di kilometrov. \u0160tart aj cie\u013e je situovan\u00fd v\u00a0jednom mieste, teda forma tr\u00e1s bude okruhov\u00e1 &#8211; od jedn\u00e9ho okruhu k\u00a0nieko\u013ek\u00fdm (prib\u00fadaj\u00facim so st\u00fapaj\u00facim vekom).<\/p>\n<div id='gallery-2' class='gallery galleryid-10759 gallery-columns-2 gallery-size-full'><figure class='gallery-item'>\n\t\t\t<div class='gallery-icon landscape'>\n\t\t\t\t<a href='https:\/\/d2p6e6u75xmxt8.cloudfront.net\/4\/2020\/09\/WLC_DTPS-Cerveny-klastor_04.webp'><img loading=\"lazy\" decoding=\"async\" width=\"1200\" height=\"800\" src=\"https:\/\/d2p6e6u75xmxt8.cloudfront.net\/4\/2020\/09\/WLC_DTPS-Cerveny-klastor_04.webp\" class=\"attachment-full size-full\" alt=\"\" srcset=\"https:\/\/d2p6e6u75xmxt8.cloudfront.net\/4\/2020\/09\/WLC_DTPS-Cerveny-klastor_04.webp 1200w, https:\/\/d2p6e6u75xmxt8.cloudfront.net\/4\/2020\/09\/WLC_DTPS-Cerveny-klastor_04-300x200.webp 300w, https:\/\/d2p6e6u75xmxt8.cloudfront.net\/4\/2020\/09\/WLC_DTPS-Cerveny-klastor_04-1024x683.webp 1024w, https:\/\/d2p6e6u75xmxt8.cloudfront.net\/4\/2020\/09\/WLC_DTPS-Cerveny-klastor_04-768x512.webp 768w, https:\/\/d2p6e6u75xmxt8.cloudfront.net\/4\/2020\/09\/WLC_DTPS-Cerveny-klastor_04-272x182.webp 272w\" sizes=\"auto, (max-width: 1200px) 100vw, 1200px\" \/><\/a>\n\t\t\t<\/div><\/figure><figure class='gallery-item'>\n\t\t\t<div class='gallery-icon landscape'>\n\t\t\t\t<a href='https:\/\/d2p6e6u75xmxt8.cloudfront.net\/4\/2020\/09\/WLC_DTPS-Cerveny-klastor_05.webp'><img loading=\"lazy\" decoding=\"async\" width=\"1200\" height=\"800\" src=\"https:\/\/d2p6e6u75xmxt8.cloudfront.net\/4\/2020\/09\/WLC_DTPS-Cerveny-klastor_05.webp\" class=\"attachment-full size-full\" alt=\"\" srcset=\"https:\/\/d2p6e6u75xmxt8.cloudfront.net\/4\/2020\/09\/WLC_DTPS-Cerveny-klastor_05.webp 1200w, https:\/\/d2p6e6u75xmxt8.cloudfront.net\/4\/2020\/09\/WLC_DTPS-Cerveny-klastor_05-300x200.webp 300w, https:\/\/d2p6e6u75xmxt8.cloudfront.net\/4\/2020\/09\/WLC_DTPS-Cerveny-klastor_05-1024x683.webp 1024w, https:\/\/d2p6e6u75xmxt8.cloudfront.net\/4\/2020\/09\/WLC_DTPS-Cerveny-klastor_05-768x512.webp 768w, https:\/\/d2p6e6u75xmxt8.cloudfront.net\/4\/2020\/09\/WLC_DTPS-Cerveny-klastor_05-272x182.webp 272w\" sizes=\"auto, (max-width: 1200px) 100vw, 1200px\" \/><\/a>\n\t\t\t<\/div><\/figure>\n\t\t<\/div>\n\n<h2><strong>Kateg\u00f3rie<\/strong><\/h2>\n<ul>\n<li>Baby 2016 a viac<\/li>\n<li>Mikro 2014-2015<\/li>\n<li>Mili 2012-2013<\/li>\n<li>Mini 2010-2011<\/li>\n<li>Mlad\u0161\u00ed \u017eiaci\/\u017eia\u010dky 2008-2009<\/li>\n<li>Star\u0161\u00ed \u017eiaci\/\u017eia\u010dky 2006-2007<\/li>\n<li>Mu\u017ei<\/li>\n<li>\u017deny<\/li>\n<\/ul>\n<p><a href=\"https:\/\/d2p6e6u75xmxt8.cloudfront.net\/4\/2020\/09\/WLC_DTPS-Cerveny-klastor_06.jpg\"><img loading=\"lazy\" decoding=\"async\" src=\"https:\/\/d2p6e6u75xmxt8.cloudfront.net\/4\/2020\/09\/WLC_DTPS-Cerveny-klastor_06.jpg\" alt=\"\" width=\"1200\" height=\"800\" class=\"alignnone size-full wp-image-10765\" \/><\/a><\/p>\n<p>Navy\u0161e sa m\u00f4\u017eete <strong>te\u0161i\u0165 aj na sprievodn\u00fd program<\/strong>, ktor\u00fd bude dotv\u00e1ra\u0165 atmosf\u00e9ru aj pre t\u00fdch, ktor\u00ed u\u017e dopretekali, respekt\u00edve s\u00fa ako sprievod s\u00a0cyklistami. Inou formou odmeny bud\u00fa aj vecn\u00e9 ceny: plag\u00e1t Petra Sagana, voda a\u00a0ty\u010dinka pre ka\u017ed\u00e9ho, pre prv\u00fdch troch v\u00a0ka\u017edej kateg\u00f3rii aj plaketa a\u00a0medaila Petra Sagana a\u00a0ceny od partnerov. <\/p>\n<p>\u010co viac doda\u0165? <strong>Te\u0161\u00edme sa na posledn\u00e9 kolo<\/strong>, v\u00a0ktorom sa m\u00f4\u017ee e\u0161te v\u00a0nejednej kateg\u00f3rii zamie\u0161a\u0165 kartami a\u00a0pozmeni\u0165 doteraj\u0161ie celkov\u00e9 hodnotenie Detskej Tour.<\/p>\n","protected":false},"excerpt":{"rendered":"<p>Ani sme sa nenazdali a\u00a0po viac ako troch mesiacoch pretekania prich\u00e1dza na rad posledn\u00e9 kolo Detskej Tour Petra Sagana v\u00a0roku [&hellip;]<\/p>\n","protected":false},"author":81,"featured_media":10767,"comment_status":"open","ping_status":"open","sticky":false,"template":"","format":"standard","meta":{"footnotes":""},"categories":[51],"tags":[619,53,764,54,180,532,178,600,91,179,509,256,523,269,475],"global-categories":[],"class_list":["post-10759","post","type-post","status-publish","format-standard","has-post-thumbnail","hentry","category-deti-na-bicykloch","tag-bicyklovanie","tag-deti","tag-detska-tour-petra-sagana","tag-detske-bicykle","tag-horska-cyklistika","tag-jazdenie","tag-maraton","tag-muzi","tag-pozvanka","tag-preteky","tag-rodina","tag-sezona","tag-slovensko","tag-vitaz","tag-zeny"],"yoast_head":"<!-- This site is optimized with the Yoast SEO Premium plugin v25.3 (Yoast SEO v25.9) - https:\/\/yoast.com\/wordpress\/plugins\/seo\/ -->\n<title>Pozv\u00e1nka: Posledn\u00e9 kolo Detskej Tour Petra Sagana v\u00a0\u010cervenom Kl\u00e1\u0161tore - \u0160koda We Love Cycling Slovensko<\/title>\n<meta name=\"robots\" content=\"index, follow, max-snippet:-1, max-image-preview:large, max-video-preview:-1\" \/>\n<link rel=\"canonical\" href=\"https:\/\/www.welovecycling.com\/sk\/2020\/09\/21\/pozvanka-posledne-kolo-detskej-tour-petra-sagana-v-cervenom-klastore\/\" \/>\n<meta property=\"og:locale\" content=\"sk_SK\" \/>\n<meta property=\"og:type\" content=\"article\" \/>\n<meta property=\"og:title\" content=\"Pozv\u00e1nka: Posledn\u00e9 kolo Detskej Tour Petra Sagana v\u00a0\u010cervenom Kl\u00e1\u0161tore\" \/>\n<meta property=\"og:description\" content=\"Ani sme sa nenazdali a\u00a0po viac ako troch mesiacoch pretekania prich\u00e1dza na rad posledn\u00e9 kolo Detskej Tour Petra Sagana v\u00a0roku [&hellip;]\" \/>\n<meta property=\"og:url\" content=\"https:\/\/www.welovecycling.com\/sk\/2020\/09\/21\/pozvanka-posledne-kolo-detskej-tour-petra-sagana-v-cervenom-klastore\/\" \/>\n<meta property=\"og:site_name\" content=\"\u0160koda We Love Cycling Slovensko\" \/>\n<meta property=\"article:published_time\" content=\"2020-09-21T08:00:35+00:00\" \/>\n<meta property=\"og:image\" content=\"https:\/\/d2p6e6u75xmxt8.cloudfront.net\/4\/2020\/09\/WLC_DTPS-Cerveny-klastor_00.webp\" \/>\n\t<meta property=\"og:image:width\" content=\"1380\" \/>\n\t<meta property=\"og:image:height\" content=\"600\" \/>\n\t<meta property=\"og:image:type\" content=\"image\/webp\" \/>\n<meta name=\"twitter:card\" content=\"summary_large_image\" \/>\n<meta name=\"twitter:label1\" content=\"Written by\" \/>\n\t<meta name=\"twitter:data1\" content=\"WeLoveCycling\" \/>\n\t<meta name=\"twitter:label2\" content=\"Est. reading time\" \/>\n\t<meta name=\"twitter:data2\" content=\"2\" \/>\n<script type=\"application\/ld+json\" class=\"yoast-schema-graph\">{\"@context\":\"https:\/\/schema.org\",\"@graph\":[{\"@type\":\"WebPage\",\"@id\":\"https:\/\/www.welovecycling.com\/sk\/2020\/09\/21\/pozvanka-posledne-kolo-detskej-tour-petra-sagana-v-cervenom-klastore\/\",\"url\":\"https:\/\/www.welovecycling.com\/sk\/2020\/09\/21\/pozvanka-posledne-kolo-detskej-tour-petra-sagana-v-cervenom-klastore\/\",\"name\":\"Pozv\u00e1nka: Posledn\u00e9 kolo Detskej Tour Petra Sagana v\u00a0\u010cervenom Kl\u00e1\u0161tore - \u0160koda We Love Cycling Slovensko\",\"isPartOf\":{\"@id\":\"https:\/\/www.welovecycling.com\/sk\/#website\"},\"primaryImageOfPage\":{\"@id\":\"https:\/\/www.welovecycling.com\/sk\/2020\/09\/21\/pozvanka-posledne-kolo-detskej-tour-petra-sagana-v-cervenom-klastore\/#primaryimage\"},\"image\":{\"@id\":\"https:\/\/www.welovecycling.com\/sk\/2020\/09\/21\/pozvanka-posledne-kolo-detskej-tour-petra-sagana-v-cervenom-klastore\/#primaryimage\"},\"thumbnailUrl\":\"https:\/\/d2p6e6u75xmxt8.cloudfront.net\/4\/2020\/09\/WLC_DTPS-Cerveny-klastor_00.webp\",\"datePublished\":\"2020-09-21T08:00:35+00:00\",\"author\":{\"@id\":\"\"},\"breadcrumb\":{\"@id\":\"https:\/\/www.welovecycling.com\/sk\/2020\/09\/21\/pozvanka-posledne-kolo-detskej-tour-petra-sagana-v-cervenom-klastore\/#breadcrumb\"},\"inLanguage\":\"sk-SK\",\"potentialAction\":[{\"@type\":\"ReadAction\",\"target\":[\"https:\/\/www.welovecycling.com\/sk\/2020\/09\/21\/pozvanka-posledne-kolo-detskej-tour-petra-sagana-v-cervenom-klastore\/\"]}]},{\"@type\":\"ImageObject\",\"inLanguage\":\"sk-SK\",\"@id\":\"https:\/\/www.welovecycling.com\/sk\/2020\/09\/21\/pozvanka-posledne-kolo-detskej-tour-petra-sagana-v-cervenom-klastore\/#primaryimage\",\"url\":\"https:\/\/d2p6e6u75xmxt8.cloudfront.net\/4\/2020\/09\/WLC_DTPS-Cerveny-klastor_00.webp\",\"contentUrl\":\"https:\/\/d2p6e6u75xmxt8.cloudfront.net\/4\/2020\/09\/WLC_DTPS-Cerveny-klastor_00.webp\",\"width\":1380,\"height\":600},{\"@type\":\"BreadcrumbList\",\"@id\":\"https:\/\/www.welovecycling.com\/sk\/2020\/09\/21\/pozvanka-posledne-kolo-detskej-tour-petra-sagana-v-cervenom-klastore\/#breadcrumb\",\"itemListElement\":[{\"@type\":\"ListItem\",\"position\":1,\"name\":\"Home\",\"item\":\"https:\/\/www.welovecycling.com\/sk\/\"},{\"@type\":\"ListItem\",\"position\":2,\"name\":\"Pozv\u00e1nka: Posledn\u00e9 kolo Detskej Tour Petra Sagana v\u00a0\u010cervenom Kl\u00e1\u0161tore\"}]},{\"@type\":\"WebSite\",\"@id\":\"https:\/\/www.welovecycling.com\/sk\/#website\",\"url\":\"https:\/\/www.welovecycling.com\/sk\/\",\"name\":\"\u0160koda We Love Cycling Slovensko\",\"description\":\"\u0160koda We Love Cycling Slovensko je v\u00e1\u0161 ka\u017edodenn\u00fd zdroj noviniek a in\u0161pir\u00e1cie z sveta cyklistiky\",\"potentialAction\":[{\"@type\":\"SearchAction\",\"target\":{\"@type\":\"EntryPoint\",\"urlTemplate\":\"https:\/\/www.welovecycling.com\/sk\/?s={search_term_string}\"},\"query-input\":{\"@type\":\"PropertyValueSpecification\",\"valueRequired\":true,\"valueName\":\"search_term_string\"}}],\"inLanguage\":\"sk-SK\"},{\"@type\":\"Person\",\"@id\":\"\",\"url\":\"https:\/\/www.welovecycling.com\/sk\/author\/\"}]}<\/script>\n<!-- \/ Yoast SEO Premium plugin. -->","yoast_head_json":{"title":"Pozv\u00e1nka: Posledn\u00e9 kolo Detskej Tour Petra Sagana v\u00a0\u010cervenom Kl\u00e1\u0161tore - \u0160koda We Love Cycling Slovensko","robots":{"index":"index","follow":"follow","max-snippet":"max-snippet:-1","max-image-preview":"max-image-preview:large","max-video-preview":"max-video-preview:-1"},"canonical":"https:\/\/www.welovecycling.com\/sk\/2020\/09\/21\/pozvanka-posledne-kolo-detskej-tour-petra-sagana-v-cervenom-klastore\/","og_locale":"sk_SK","og_type":"article","og_title":"Pozv\u00e1nka: Posledn\u00e9 kolo Detskej Tour Petra Sagana v\u00a0\u010cervenom Kl\u00e1\u0161tore","og_description":"Ani sme sa nenazdali a\u00a0po viac ako troch mesiacoch pretekania prich\u00e1dza na rad posledn\u00e9 kolo Detskej Tour Petra Sagana v\u00a0roku [&hellip;]","og_url":"https:\/\/www.welovecycling.com\/sk\/2020\/09\/21\/pozvanka-posledne-kolo-detskej-tour-petra-sagana-v-cervenom-klastore\/","og_site_name":"\u0160koda We Love Cycling Slovensko","article_published_time":"2020-09-21T08:00:35+00:00","og_image":[{"width":1380,"height":600,"url":"https:\/\/d2p6e6u75xmxt8.cloudfront.net\/4\/2020\/09\/WLC_DTPS-Cerveny-klastor_00.webp","type":"image\/webp"}],"twitter_card":"summary_large_image","twitter_misc":{"Written by":"WeLoveCycling","Est. reading time":"2"},"schema":{"@context":"https:\/\/schema.org","@graph":[{"@type":"WebPage","@id":"https:\/\/www.welovecycling.com\/sk\/2020\/09\/21\/pozvanka-posledne-kolo-detskej-tour-petra-sagana-v-cervenom-klastore\/","url":"https:\/\/www.welovecycling.com\/sk\/2020\/09\/21\/pozvanka-posledne-kolo-detskej-tour-petra-sagana-v-cervenom-klastore\/","name":"Pozv\u00e1nka: Posledn\u00e9 kolo Detskej Tour Petra Sagana v\u00a0\u010cervenom Kl\u00e1\u0161tore - \u0160koda We Love Cycling Slovensko","isPartOf":{"@id":"https:\/\/www.welovecycling.com\/sk\/#website"},"primaryImageOfPage":{"@id":"https:\/\/www.welovecycling.com\/sk\/2020\/09\/21\/pozvanka-posledne-kolo-detskej-tour-petra-sagana-v-cervenom-klastore\/#primaryimage"},"image":{"@id":"https:\/\/www.welovecycling.com\/sk\/2020\/09\/21\/pozvanka-posledne-kolo-detskej-tour-petra-sagana-v-cervenom-klastore\/#primaryimage"},"thumbnailUrl":"https:\/\/d2p6e6u75xmxt8.cloudfront.net\/4\/2020\/09\/WLC_DTPS-Cerveny-klastor_00.webp","datePublished":"2020-09-21T08:00:35+00:00","author":{"@id":""},"breadcrumb":{"@id":"https:\/\/www.welovecycling.com\/sk\/2020\/09\/21\/pozvanka-posledne-kolo-detskej-tour-petra-sagana-v-cervenom-klastore\/#breadcrumb"},"inLanguage":"sk-SK","potentialAction":[{"@type":"ReadAction","target":["https:\/\/www.welovecycling.com\/sk\/2020\/09\/21\/pozvanka-posledne-kolo-detskej-tour-petra-sagana-v-cervenom-klastore\/"]}]},{"@type":"ImageObject","inLanguage":"sk-SK","@id":"https:\/\/www.welovecycling.com\/sk\/2020\/09\/21\/pozvanka-posledne-kolo-detskej-tour-petra-sagana-v-cervenom-klastore\/#primaryimage","url":"https:\/\/d2p6e6u75xmxt8.cloudfront.net\/4\/2020\/09\/WLC_DTPS-Cerveny-klastor_00.webp","contentUrl":"https:\/\/d2p6e6u75xmxt8.cloudfront.net\/4\/2020\/09\/WLC_DTPS-Cerveny-klastor_00.webp","width":1380,"height":600},{"@type":"BreadcrumbList","@id":"https:\/\/www.welovecycling.com\/sk\/2020\/09\/21\/pozvanka-posledne-kolo-detskej-tour-petra-sagana-v-cervenom-klastore\/#breadcrumb","itemListElement":[{"@type":"ListItem","position":1,"name":"Home","item":"https:\/\/www.welovecycling.com\/sk\/"},{"@type":"ListItem","position":2,"name":"Pozv\u00e1nka: Posledn\u00e9 kolo Detskej Tour Petra Sagana v\u00a0\u010cervenom Kl\u00e1\u0161tore"}]},{"@type":"WebSite","@id":"https:\/\/www.welovecycling.com\/sk\/#website","url":"https:\/\/www.welovecycling.com\/sk\/","name":"\u0160koda We Love Cycling Slovensko","description":"\u0160koda We Love Cycling Slovensko je v\u00e1\u0161 ka\u017edodenn\u00fd zdroj noviniek a in\u0161pir\u00e1cie z sveta cyklistiky","potentialAction":[{"@type":"SearchAction","target":{"@type":"EntryPoint","urlTemplate":"https:\/\/www.welovecycling.com\/sk\/?s={search_term_string}"},"query-input":{"@type":"PropertyValueSpecification","valueRequired":true,"valueName":"search_term_string"}}],"inLanguage":"sk-SK"},{"@type":"Person","@id":"","url":"https:\/\/www.welovecycling.com\/sk\/author\/"}]}},"_links":{"self":[{"href":"https:\/\/www.welovecycling.com\/sk\/wp-json\/wp\/v2\/posts\/10759","targetHints":{"allow":["GET"]}}],"collection":[{"href":"https:\/\/www.welovecycling.com\/sk\/wp-json\/wp\/v2\/posts"}],"about":[{"href":"https:\/\/www.welovecycling.com\/sk\/wp-json\/wp\/v2\/types\/post"}],"author":[{"embeddable":true,"href":"https:\/\/www.welovecycling.com\/sk\/wp-json\/wp\/v2\/users\/81"}],"replies":[{"embeddable":true,"href":"https:\/\/www.welovecycling.com\/sk\/wp-json\/wp\/v2\/comments?post=10759"}],"version-history":[{"count":2,"href":"https:\/\/www.welovecycling.com\/sk\/wp-json\/wp\/v2\/posts\/10759\/revisions"}],"predecessor-version":[{"id":10768,"href":"https:\/\/www.welovecycling.com\/sk\/wp-json\/wp\/v2\/posts\/10759\/revisions\/10768"}],"wp:featuredmedia":[{"embeddable":true,"href":"https:\/\/www.welovecycling.com\/sk\/wp-json\/wp\/v2\/media\/10767"}],"wp:attachment":[{"href":"https:\/\/www.welovecycling.com\/sk\/wp-json\/wp\/v2\/media?parent=10759"}],"wp:term":[{"taxonomy":"category","embeddable":true,"href":"https:\/\/www.welovecycling.com\/sk\/wp-json\/wp\/v2\/categories?post=10759"},{"taxonomy":"post_tag","embeddable":true,"href":"https:\/\/www.welovecycling.com\/sk\/wp-json\/wp\/v2\/tags?post=10759"},{"taxonomy":"global-categories","embeddable":true,"href":"https:\/\/www.welovecycling.com\/sk\/wp-json\/wp\/v2\/global-categories?post=10759"}],"curies":[{"name":"wp","href":"https:\/\/api.w.org\/{rel}","templated":true}]}}