{"id":10738,"date":"2020-09-17T10:00:43","date_gmt":"2020-09-17T08:00:43","guid":{"rendered":"https:\/\/www.welovecycling.com\/sk\/?p=10738"},"modified":"2020-09-17T09:07:56","modified_gmt":"2020-09-17T07:07:56","slug":"okolo-slovenska-prestizne-etapove-preteky-s-medzinarodnou-ucastou","status":"publish","type":"post","link":"https:\/\/www.welovecycling.com\/sk\/2020\/09\/17\/okolo-slovenska-prestizne-etapove-preteky-s-medzinarodnou-ucastou\/","title":{"rendered":"Okolo Slovenska  &#8211; prest\u00ed\u017ene etapov\u00e9 preteky s medzin\u00e1rodnou \u00fa\u010das\u0165ou"},"content":{"rendered":"<p><strong>V\u010dera, 16. 09. 2020, sa uskuto\u010dnila prv\u00e1 etapa najv\u00e4\u010d\u0161ieho cyklistick\u00e9ho podujatia na Slovensku. Bola rozdelen\u00e1 do dvoch \u010dast\u00ed a dopoludnia ste si mohli vychutna\u0165 kr\u00e1tku \u201cpoletapu\u201d v celkovej d\u013a\u017eke 107 kilometrov a ve\u010der na pretek\u00e1rov \u010dakala e\u0161te \u010dasovka.<\/strong><!--more--><\/p>\n<p>Na \u0161tartovacej \u010diare sa predstavilo premi\u00e9rovo <strong>p\u00e4\u0165 t\u00edmov najvy\u0161\u0161ej kateg\u00f3rie UCI World Tour<\/strong>. Tie si po\u010das \u0161tyroch dn\u00ed od 16. septembra do 19. septembra zmeraj\u00fa sily v piatich etap\u00e1ch. Prv\u00e9 dve sme mohli sledova\u0165 v\u010dera.<\/p>\n<p><a href=\"https:\/\/d2p6e6u75xmxt8.cloudfront.net\/4\/2020\/09\/Okolo_Slovenska_01.jpg\"><img loading=\"lazy\" decoding=\"async\" src=\"https:\/\/d2p6e6u75xmxt8.cloudfront.net\/4\/2020\/09\/Okolo_Slovenska_01.jpg\" alt=\"\" width=\"1200\" height=\"800\" class=\"alignnone size-full wp-image-10742\" \/><\/a><\/p>\n<p>V aktu\u00e1lne situ\u00e1cii v s\u00favislosti s ochoren\u00edm Covid-19 nie je \u013eahk\u00e9 zorganizova\u0165 podujatie tak\u00e9hoto rozmeru. Preto je chv\u00e1lyhodn\u00e9 a organiz\u00e1torom vyjadrujeme pochvalu za preteky Okolo Slovenska, ktor\u00e9 m\u00f4\u017eeme tento t\u00fd\u017ede\u0148 sledova\u0165. <\/p>\n<div id='gallery-1' class='gallery galleryid-10738 gallery-columns-2 gallery-size-full'><figure class='gallery-item'>\n\t\t\t<div class='gallery-icon landscape'>\n\t\t\t\t<a href='https:\/\/d2p6e6u75xmxt8.cloudfront.net\/4\/2020\/09\/Okolo_Slovenska_03.webp'><img loading=\"lazy\" decoding=\"async\" width=\"1200\" height=\"800\" src=\"https:\/\/d2p6e6u75xmxt8.cloudfront.net\/4\/2020\/09\/Okolo_Slovenska_03.webp\" class=\"attachment-full size-full\" alt=\"\" srcset=\"https:\/\/d2p6e6u75xmxt8.cloudfront.net\/4\/2020\/09\/Okolo_Slovenska_03.webp 1200w, https:\/\/d2p6e6u75xmxt8.cloudfront.net\/4\/2020\/09\/Okolo_Slovenska_03-300x200.webp 300w, https:\/\/d2p6e6u75xmxt8.cloudfront.net\/4\/2020\/09\/Okolo_Slovenska_03-1024x683.webp 1024w, https:\/\/d2p6e6u75xmxt8.cloudfront.net\/4\/2020\/09\/Okolo_Slovenska_03-768x512.webp 768w, https:\/\/d2p6e6u75xmxt8.cloudfront.net\/4\/2020\/09\/Okolo_Slovenska_03-272x182.webp 272w\" sizes=\"auto, (max-width: 1200px) 100vw, 1200px\" \/><\/a>\n\t\t\t<\/div><\/figure><figure class='gallery-item'>\n\t\t\t<div class='gallery-icon landscape'>\n\t\t\t\t<a href='https:\/\/d2p6e6u75xmxt8.cloudfront.net\/4\/2020\/09\/Okolo_Slovenska_02.webp'><img loading=\"lazy\" decoding=\"async\" width=\"1200\" height=\"800\" src=\"https:\/\/d2p6e6u75xmxt8.cloudfront.net\/4\/2020\/09\/Okolo_Slovenska_02.webp\" class=\"attachment-full size-full\" alt=\"\" srcset=\"https:\/\/d2p6e6u75xmxt8.cloudfront.net\/4\/2020\/09\/Okolo_Slovenska_02.webp 1200w, https:\/\/d2p6e6u75xmxt8.cloudfront.net\/4\/2020\/09\/Okolo_Slovenska_02-300x200.webp 300w, https:\/\/d2p6e6u75xmxt8.cloudfront.net\/4\/2020\/09\/Okolo_Slovenska_02-1024x683.webp 1024w, https:\/\/d2p6e6u75xmxt8.cloudfront.net\/4\/2020\/09\/Okolo_Slovenska_02-768x512.webp 768w, https:\/\/d2p6e6u75xmxt8.cloudfront.net\/4\/2020\/09\/Okolo_Slovenska_02-272x182.webp 272w\" sizes=\"auto, (max-width: 1200px) 100vw, 1200px\" \/><\/a>\n\t\t\t<\/div><\/figure>\n\t\t<\/div>\n\n<p>Okrem tradi\u010dn\u00fdch povinnost\u00ed sa museli a aj na\u010falej musia <strong>organiz\u00e1tori vysporiada\u0165 s pravidlami a opatreniami<\/strong>, aby zabr\u00e1nili ak\u00e9muko\u013evek riziku pri \u0161\u00edren\u00ed koronav\u00edrusu. My d\u00e1vame palec nahor a dr\u017e\u00edme v\u00e1m palce.<\/p>\n<div id='gallery-2' class='gallery galleryid-10738 gallery-columns-2 gallery-size-full'><figure class='gallery-item'>\n\t\t\t<div class='gallery-icon landscape'>\n\t\t\t\t<a href='https:\/\/d2p6e6u75xmxt8.cloudfront.net\/4\/2020\/09\/Okolo_Slovenska_05.webp'><img loading=\"lazy\" decoding=\"async\" width=\"1200\" height=\"800\" src=\"https:\/\/d2p6e6u75xmxt8.cloudfront.net\/4\/2020\/09\/Okolo_Slovenska_05.webp\" class=\"attachment-full size-full\" alt=\"\" srcset=\"https:\/\/d2p6e6u75xmxt8.cloudfront.net\/4\/2020\/09\/Okolo_Slovenska_05.webp 1200w, https:\/\/d2p6e6u75xmxt8.cloudfront.net\/4\/2020\/09\/Okolo_Slovenska_05-300x200.webp 300w, https:\/\/d2p6e6u75xmxt8.cloudfront.net\/4\/2020\/09\/Okolo_Slovenska_05-1024x683.webp 1024w, https:\/\/d2p6e6u75xmxt8.cloudfront.net\/4\/2020\/09\/Okolo_Slovenska_05-768x512.webp 768w, https:\/\/d2p6e6u75xmxt8.cloudfront.net\/4\/2020\/09\/Okolo_Slovenska_05-272x182.webp 272w\" sizes=\"auto, (max-width: 1200px) 100vw, 1200px\" \/><\/a>\n\t\t\t<\/div><\/figure><figure class='gallery-item'>\n\t\t\t<div class='gallery-icon landscape'>\n\t\t\t\t<a href='https:\/\/d2p6e6u75xmxt8.cloudfront.net\/4\/2020\/09\/Okolo_Slovenska_04.webp'><img loading=\"lazy\" decoding=\"async\" width=\"1200\" height=\"800\" src=\"https:\/\/d2p6e6u75xmxt8.cloudfront.net\/4\/2020\/09\/Okolo_Slovenska_04.webp\" class=\"attachment-full size-full\" alt=\"\" srcset=\"https:\/\/d2p6e6u75xmxt8.cloudfront.net\/4\/2020\/09\/Okolo_Slovenska_04.webp 1200w, https:\/\/d2p6e6u75xmxt8.cloudfront.net\/4\/2020\/09\/Okolo_Slovenska_04-300x200.webp 300w, https:\/\/d2p6e6u75xmxt8.cloudfront.net\/4\/2020\/09\/Okolo_Slovenska_04-1024x683.webp 1024w, https:\/\/d2p6e6u75xmxt8.cloudfront.net\/4\/2020\/09\/Okolo_Slovenska_04-768x512.webp 768w, https:\/\/d2p6e6u75xmxt8.cloudfront.net\/4\/2020\/09\/Okolo_Slovenska_04-272x182.webp 272w\" sizes=\"auto, (max-width: 1200px) 100vw, 1200px\" \/><\/a>\n\t\t\t<\/div><\/figure>\n\t\t<\/div>\n\n<h2><strong>Ako dopadli v\u010deraj\u0161ie etapy?<\/strong><\/h2>\n<p>Prv\u00e1 poletapa \u0161tartovala v \u017diline v\u010dera v dopolud\u0148aj\u0161\u00edch hodin\u00e1ch. Po zauj\u00edmavom priebehu etapy, kde sme videli pred pelot\u00f3nom \u00fanik, nech\u00fdbali bohu\u017eia\u013e ani hromadn\u00e9 p\u00e1dy \u010di technick\u00e9 probl\u00e9my na\u0161ich jazdcov, sa z v\u00ed\u0165azstva te\u0161il est\u00f3nsky r\u00fdchlik v slu\u017eb\u00e1ch Bory-hansgrohe, <strong>Martin Laas<\/strong>. Po tejto etape s ozna\u010den\u00edm 1a bol najlep\u0161\u00edm Slov\u00e1kom <strong>Mat\u00fa\u0161 \u0160to\u010dek<\/strong>.<\/p>\n<div id='gallery-3' class='gallery galleryid-10738 gallery-columns-2 gallery-size-full'><figure class='gallery-item'>\n\t\t\t<div class='gallery-icon landscape'>\n\t\t\t\t<a href='https:\/\/d2p6e6u75xmxt8.cloudfront.net\/4\/2020\/09\/Okolo_Slovenska_07-1.webp'><img loading=\"lazy\" decoding=\"async\" width=\"1200\" height=\"800\" src=\"https:\/\/d2p6e6u75xmxt8.cloudfront.net\/4\/2020\/09\/Okolo_Slovenska_07-1.webp\" class=\"attachment-full size-full\" alt=\"\" srcset=\"https:\/\/d2p6e6u75xmxt8.cloudfront.net\/4\/2020\/09\/Okolo_Slovenska_07-1.webp 1200w, https:\/\/d2p6e6u75xmxt8.cloudfront.net\/4\/2020\/09\/Okolo_Slovenska_07-1-300x200.webp 300w, https:\/\/d2p6e6u75xmxt8.cloudfront.net\/4\/2020\/09\/Okolo_Slovenska_07-1-1024x683.webp 1024w, https:\/\/d2p6e6u75xmxt8.cloudfront.net\/4\/2020\/09\/Okolo_Slovenska_07-1-768x512.webp 768w, https:\/\/d2p6e6u75xmxt8.cloudfront.net\/4\/2020\/09\/Okolo_Slovenska_07-1-272x182.webp 272w\" sizes=\"auto, (max-width: 1200px) 100vw, 1200px\" \/><\/a>\n\t\t\t<\/div><\/figure><figure class='gallery-item'>\n\t\t\t<div class='gallery-icon landscape'>\n\t\t\t\t<a href='https:\/\/d2p6e6u75xmxt8.cloudfront.net\/4\/2020\/09\/Okolo_Slovenska_06.webp'><img loading=\"lazy\" decoding=\"async\" width=\"1200\" height=\"800\" src=\"https:\/\/d2p6e6u75xmxt8.cloudfront.net\/4\/2020\/09\/Okolo_Slovenska_06.webp\" class=\"attachment-full size-full\" alt=\"\" srcset=\"https:\/\/d2p6e6u75xmxt8.cloudfront.net\/4\/2020\/09\/Okolo_Slovenska_06.webp 1200w, https:\/\/d2p6e6u75xmxt8.cloudfront.net\/4\/2020\/09\/Okolo_Slovenska_06-300x200.webp 300w, https:\/\/d2p6e6u75xmxt8.cloudfront.net\/4\/2020\/09\/Okolo_Slovenska_06-1024x683.webp 1024w, https:\/\/d2p6e6u75xmxt8.cloudfront.net\/4\/2020\/09\/Okolo_Slovenska_06-768x512.webp 768w, https:\/\/d2p6e6u75xmxt8.cloudfront.net\/4\/2020\/09\/Okolo_Slovenska_06-272x182.webp 272w\" sizes=\"auto, (max-width: 1200px) 100vw, 1200px\" \/><\/a>\n\t\t\t<\/div><\/figure>\n\t\t<\/div>\n\n<h2><strong>A \u010do \u010dasovka?<\/strong><\/h2>\n<p>Podve\u010dern\u00e1 \u010dasovka taktie\u017e v \u017diline <strong>priniesla zauj\u00edmav\u00fd priebeh<\/strong>. Najlep\u0161\u00ed \u010das dosiahol Jannik Steimle z Deceunincku &#8211; Quick-Step a najr\u00fdchlej\u0161\u00edm Slov\u00e1kom bol Luk\u00e1\u0161 Kubi\u0161. L\u00edder celkovej kvalifik\u00e1cie po prvom dni je spom\u00ednan\u00fd Jannik Steimle z Deceunincku &#8211; Quick-Step a najlep\u0161\u00edm Slov\u00e1kom po \u010dasovke je Luk\u00e1\u0161 Kubi\u0161. <\/p>\n<p>A ako bude vyzera\u0165 \u010fal\u0161\u00ed priebeh? Dok\u00e1\u017ee Juraj Sagan ovl\u00e1dnu\u0165 celkov\u00fa kvalifik\u00e1ciu Slov\u00e1kov? A kto celkovo vyhr\u00e1 podujatie Okolo Slovenska? Odpovede nielen na tieto ot\u00e1zky sa dozvieme najnesk\u00f4r na konci tohto podujatia, <strong>19. septembra 2020<\/strong>.<\/p>\n<p>Zdroj fotografi\u00ed: <a href=\"https:\/\/www.jmphoto.sk\/\">J\u00e1n Melicher<\/a><\/p>\n","protected":false},"excerpt":{"rendered":"<p>V\u010dera, 16. 09. 2020, sa uskuto\u010dnila prv\u00e1 etapa najv\u00e4\u010d\u0161ieho cyklistick\u00e9ho podujatia na Slovensku. Bola rozdelen\u00e1 do dvoch \u010dast\u00ed a dopoludnia [&hellip;]<\/p>\n","protected":false},"author":81,"featured_media":10740,"comment_status":"open","ping_status":"open","sticky":false,"template":"","format":"standard","meta":{"footnotes":""},"categories":[4],"tags":[160,115,487,597,546,158,1256,1257,97,179,542,355,106,269],"global-categories":[1074],"class_list":["post-10738","post","type-post","status-publish","format-standard","has-post-thumbnail","hentry","category-cestna-cyklisitika","tag-bora-hansgrohe","tag-cestna-cyklistika","tag-cestny-bicykel","tag-cyklista","tag-cyklistika","tag-juraj-sagan","tag-martin-laas","tag-matus-stocek","tag-okolo-slovenska","tag-preteky","tag-skoda","tag-uci","tag-uci-worldtour","tag-vitaz","global-categories-cycling"],"yoast_head":"<!-- This site is optimized with the Yoast SEO Premium plugin v25.3 (Yoast SEO v25.9) - https:\/\/yoast.com\/wordpress\/plugins\/seo\/ -->\n<title>Okolo Slovenska - prest\u00ed\u017ene etapov\u00e9 preteky s medzin\u00e1rodnou \u00fa\u010das\u0165ou - \u0160koda We Love Cycling Slovensko<\/title>\n<meta name=\"robots\" content=\"index, follow, max-snippet:-1, max-image-preview:large, max-video-preview:-1\" \/>\n<link rel=\"canonical\" href=\"https:\/\/www.welovecycling.com\/sk\/2020\/09\/17\/okolo-slovenska-prestizne-etapove-preteky-s-medzinarodnou-ucastou\/\" \/>\n<meta property=\"og:locale\" content=\"sk_SK\" \/>\n<meta property=\"og:type\" content=\"article\" \/>\n<meta property=\"og:title\" content=\"Okolo Slovenska - prest\u00ed\u017ene etapov\u00e9 preteky s medzin\u00e1rodnou \u00fa\u010das\u0165ou\" \/>\n<meta property=\"og:description\" content=\"V\u010dera, 16. 09. 2020, sa uskuto\u010dnila prv\u00e1 etapa najv\u00e4\u010d\u0161ieho cyklistick\u00e9ho podujatia na Slovensku. Bola rozdelen\u00e1 do dvoch \u010dast\u00ed a dopoludnia [&hellip;]\" \/>\n<meta property=\"og:url\" content=\"https:\/\/www.welovecycling.com\/sk\/2020\/09\/17\/okolo-slovenska-prestizne-etapove-preteky-s-medzinarodnou-ucastou\/\" \/>\n<meta property=\"og:site_name\" content=\"\u0160koda We Love Cycling Slovensko\" \/>\n<meta property=\"article:published_time\" content=\"2020-09-17T08:00:43+00:00\" \/>\n<meta property=\"og:image\" content=\"https:\/\/d2p6e6u75xmxt8.cloudfront.net\/4\/2020\/09\/Okolo_Slovenska_00.webp\" \/>\n\t<meta property=\"og:image:width\" content=\"1380\" \/>\n\t<meta property=\"og:image:height\" content=\"600\" \/>\n\t<meta property=\"og:image:type\" content=\"image\/webp\" \/>\n<meta name=\"twitter:card\" content=\"summary_large_image\" \/>\n<meta name=\"twitter:label1\" content=\"Written by\" \/>\n\t<meta name=\"twitter:data1\" content=\"WeLoveCycling\" \/>\n\t<meta name=\"twitter:label2\" content=\"Est. reading time\" \/>\n\t<meta name=\"twitter:data2\" content=\"2\" \/>\n<script type=\"application\/ld+json\" class=\"yoast-schema-graph\">{\"@context\":\"https:\/\/schema.org\",\"@graph\":[{\"@type\":\"WebPage\",\"@id\":\"https:\/\/www.welovecycling.com\/sk\/2020\/09\/17\/okolo-slovenska-prestizne-etapove-preteky-s-medzinarodnou-ucastou\/\",\"url\":\"https:\/\/www.welovecycling.com\/sk\/2020\/09\/17\/okolo-slovenska-prestizne-etapove-preteky-s-medzinarodnou-ucastou\/\",\"name\":\"Okolo Slovenska - prest\u00ed\u017ene etapov\u00e9 preteky s medzin\u00e1rodnou \u00fa\u010das\u0165ou - \u0160koda We Love Cycling Slovensko\",\"isPartOf\":{\"@id\":\"https:\/\/www.welovecycling.com\/sk\/#website\"},\"primaryImageOfPage\":{\"@id\":\"https:\/\/www.welovecycling.com\/sk\/2020\/09\/17\/okolo-slovenska-prestizne-etapove-preteky-s-medzinarodnou-ucastou\/#primaryimage\"},\"image\":{\"@id\":\"https:\/\/www.welovecycling.com\/sk\/2020\/09\/17\/okolo-slovenska-prestizne-etapove-preteky-s-medzinarodnou-ucastou\/#primaryimage\"},\"thumbnailUrl\":\"https:\/\/d2p6e6u75xmxt8.cloudfront.net\/4\/2020\/09\/Okolo_Slovenska_00.webp\",\"datePublished\":\"2020-09-17T08:00:43+00:00\",\"author\":{\"@id\":\"\"},\"breadcrumb\":{\"@id\":\"https:\/\/www.welovecycling.com\/sk\/2020\/09\/17\/okolo-slovenska-prestizne-etapove-preteky-s-medzinarodnou-ucastou\/#breadcrumb\"},\"inLanguage\":\"sk-SK\",\"potentialAction\":[{\"@type\":\"ReadAction\",\"target\":[\"https:\/\/www.welovecycling.com\/sk\/2020\/09\/17\/okolo-slovenska-prestizne-etapove-preteky-s-medzinarodnou-ucastou\/\"]}]},{\"@type\":\"ImageObject\",\"inLanguage\":\"sk-SK\",\"@id\":\"https:\/\/www.welovecycling.com\/sk\/2020\/09\/17\/okolo-slovenska-prestizne-etapove-preteky-s-medzinarodnou-ucastou\/#primaryimage\",\"url\":\"https:\/\/d2p6e6u75xmxt8.cloudfront.net\/4\/2020\/09\/Okolo_Slovenska_00.webp\",\"contentUrl\":\"https:\/\/d2p6e6u75xmxt8.cloudfront.net\/4\/2020\/09\/Okolo_Slovenska_00.webp\",\"width\":1380,\"height\":600},{\"@type\":\"BreadcrumbList\",\"@id\":\"https:\/\/www.welovecycling.com\/sk\/2020\/09\/17\/okolo-slovenska-prestizne-etapove-preteky-s-medzinarodnou-ucastou\/#breadcrumb\",\"itemListElement\":[{\"@type\":\"ListItem\",\"position\":1,\"name\":\"Home\",\"item\":\"https:\/\/www.welovecycling.com\/sk\/\"},{\"@type\":\"ListItem\",\"position\":2,\"name\":\"Okolo Slovenska &#8211; prest\u00ed\u017ene etapov\u00e9 preteky s medzin\u00e1rodnou \u00fa\u010das\u0165ou\"}]},{\"@type\":\"WebSite\",\"@id\":\"https:\/\/www.welovecycling.com\/sk\/#website\",\"url\":\"https:\/\/www.welovecycling.com\/sk\/\",\"name\":\"\u0160koda We Love Cycling Slovensko\",\"description\":\"\u0160koda We Love Cycling Slovensko je v\u00e1\u0161 ka\u017edodenn\u00fd zdroj noviniek a in\u0161pir\u00e1cie z sveta cyklistiky\",\"potentialAction\":[{\"@type\":\"SearchAction\",\"target\":{\"@type\":\"EntryPoint\",\"urlTemplate\":\"https:\/\/www.welovecycling.com\/sk\/?s={search_term_string}\"},\"query-input\":{\"@type\":\"PropertyValueSpecification\",\"valueRequired\":true,\"valueName\":\"search_term_string\"}}],\"inLanguage\":\"sk-SK\"},{\"@type\":\"Person\",\"@id\":\"\",\"url\":\"https:\/\/www.welovecycling.com\/sk\/author\/\"}]}<\/script>\n<!-- \/ Yoast SEO Premium plugin. -->","yoast_head_json":{"title":"Okolo Slovenska - prest\u00ed\u017ene etapov\u00e9 preteky s medzin\u00e1rodnou \u00fa\u010das\u0165ou - \u0160koda We Love Cycling Slovensko","robots":{"index":"index","follow":"follow","max-snippet":"max-snippet:-1","max-image-preview":"max-image-preview:large","max-video-preview":"max-video-preview:-1"},"canonical":"https:\/\/www.welovecycling.com\/sk\/2020\/09\/17\/okolo-slovenska-prestizne-etapove-preteky-s-medzinarodnou-ucastou\/","og_locale":"sk_SK","og_type":"article","og_title":"Okolo Slovenska - prest\u00ed\u017ene etapov\u00e9 preteky s medzin\u00e1rodnou \u00fa\u010das\u0165ou","og_description":"V\u010dera, 16. 09. 2020, sa uskuto\u010dnila prv\u00e1 etapa najv\u00e4\u010d\u0161ieho cyklistick\u00e9ho podujatia na Slovensku. Bola rozdelen\u00e1 do dvoch \u010dast\u00ed a dopoludnia [&hellip;]","og_url":"https:\/\/www.welovecycling.com\/sk\/2020\/09\/17\/okolo-slovenska-prestizne-etapove-preteky-s-medzinarodnou-ucastou\/","og_site_name":"\u0160koda We Love Cycling Slovensko","article_published_time":"2020-09-17T08:00:43+00:00","og_image":[{"width":1380,"height":600,"url":"https:\/\/d2p6e6u75xmxt8.cloudfront.net\/4\/2020\/09\/Okolo_Slovenska_00.webp","type":"image\/webp"}],"twitter_card":"summary_large_image","twitter_misc":{"Written by":"WeLoveCycling","Est. reading time":"2"},"schema":{"@context":"https:\/\/schema.org","@graph":[{"@type":"WebPage","@id":"https:\/\/www.welovecycling.com\/sk\/2020\/09\/17\/okolo-slovenska-prestizne-etapove-preteky-s-medzinarodnou-ucastou\/","url":"https:\/\/www.welovecycling.com\/sk\/2020\/09\/17\/okolo-slovenska-prestizne-etapove-preteky-s-medzinarodnou-ucastou\/","name":"Okolo Slovenska - prest\u00ed\u017ene etapov\u00e9 preteky s medzin\u00e1rodnou \u00fa\u010das\u0165ou - \u0160koda We Love Cycling Slovensko","isPartOf":{"@id":"https:\/\/www.welovecycling.com\/sk\/#website"},"primaryImageOfPage":{"@id":"https:\/\/www.welovecycling.com\/sk\/2020\/09\/17\/okolo-slovenska-prestizne-etapove-preteky-s-medzinarodnou-ucastou\/#primaryimage"},"image":{"@id":"https:\/\/www.welovecycling.com\/sk\/2020\/09\/17\/okolo-slovenska-prestizne-etapove-preteky-s-medzinarodnou-ucastou\/#primaryimage"},"thumbnailUrl":"https:\/\/d2p6e6u75xmxt8.cloudfront.net\/4\/2020\/09\/Okolo_Slovenska_00.webp","datePublished":"2020-09-17T08:00:43+00:00","author":{"@id":""},"breadcrumb":{"@id":"https:\/\/www.welovecycling.com\/sk\/2020\/09\/17\/okolo-slovenska-prestizne-etapove-preteky-s-medzinarodnou-ucastou\/#breadcrumb"},"inLanguage":"sk-SK","potentialAction":[{"@type":"ReadAction","target":["https:\/\/www.welovecycling.com\/sk\/2020\/09\/17\/okolo-slovenska-prestizne-etapove-preteky-s-medzinarodnou-ucastou\/"]}]},{"@type":"ImageObject","inLanguage":"sk-SK","@id":"https:\/\/www.welovecycling.com\/sk\/2020\/09\/17\/okolo-slovenska-prestizne-etapove-preteky-s-medzinarodnou-ucastou\/#primaryimage","url":"https:\/\/d2p6e6u75xmxt8.cloudfront.net\/4\/2020\/09\/Okolo_Slovenska_00.webp","contentUrl":"https:\/\/d2p6e6u75xmxt8.cloudfront.net\/4\/2020\/09\/Okolo_Slovenska_00.webp","width":1380,"height":600},{"@type":"BreadcrumbList","@id":"https:\/\/www.welovecycling.com\/sk\/2020\/09\/17\/okolo-slovenska-prestizne-etapove-preteky-s-medzinarodnou-ucastou\/#breadcrumb","itemListElement":[{"@type":"ListItem","position":1,"name":"Home","item":"https:\/\/www.welovecycling.com\/sk\/"},{"@type":"ListItem","position":2,"name":"Okolo Slovenska &#8211; prest\u00ed\u017ene etapov\u00e9 preteky s medzin\u00e1rodnou \u00fa\u010das\u0165ou"}]},{"@type":"WebSite","@id":"https:\/\/www.welovecycling.com\/sk\/#website","url":"https:\/\/www.welovecycling.com\/sk\/","name":"\u0160koda We Love Cycling Slovensko","description":"\u0160koda We Love Cycling Slovensko je v\u00e1\u0161 ka\u017edodenn\u00fd zdroj noviniek a in\u0161pir\u00e1cie z sveta cyklistiky","potentialAction":[{"@type":"SearchAction","target":{"@type":"EntryPoint","urlTemplate":"https:\/\/www.welovecycling.com\/sk\/?s={search_term_string}"},"query-input":{"@type":"PropertyValueSpecification","valueRequired":true,"valueName":"search_term_string"}}],"inLanguage":"sk-SK"},{"@type":"Person","@id":"","url":"https:\/\/www.welovecycling.com\/sk\/author\/"}]}},"_links":{"self":[{"href":"https:\/\/www.welovecycling.com\/sk\/wp-json\/wp\/v2\/posts\/10738","targetHints":{"allow":["GET"]}}],"collection":[{"href":"https:\/\/www.welovecycling.com\/sk\/wp-json\/wp\/v2\/posts"}],"about":[{"href":"https:\/\/www.welovecycling.com\/sk\/wp-json\/wp\/v2\/types\/post"}],"author":[{"embeddable":true,"href":"https:\/\/www.welovecycling.com\/sk\/wp-json\/wp\/v2\/users\/81"}],"replies":[{"embeddable":true,"href":"https:\/\/www.welovecycling.com\/sk\/wp-json\/wp\/v2\/comments?post=10738"}],"version-history":[{"count":2,"href":"https:\/\/www.welovecycling.com\/sk\/wp-json\/wp\/v2\/posts\/10738\/revisions"}],"predecessor-version":[{"id":10757,"href":"https:\/\/www.welovecycling.com\/sk\/wp-json\/wp\/v2\/posts\/10738\/revisions\/10757"}],"wp:featuredmedia":[{"embeddable":true,"href":"https:\/\/www.welovecycling.com\/sk\/wp-json\/wp\/v2\/media\/10740"}],"wp:attachment":[{"href":"https:\/\/www.welovecycling.com\/sk\/wp-json\/wp\/v2\/media?parent=10738"}],"wp:term":[{"taxonomy":"category","embeddable":true,"href":"https:\/\/www.welovecycling.com\/sk\/wp-json\/wp\/v2\/categories?post=10738"},{"taxonomy":"post_tag","embeddable":true,"href":"https:\/\/www.welovecycling.com\/sk\/wp-json\/wp\/v2\/tags?post=10738"},{"taxonomy":"global-categories","embeddable":true,"href":"https:\/\/www.welovecycling.com\/sk\/wp-json\/wp\/v2\/global-categories?post=10738"}],"curies":[{"name":"wp","href":"https:\/\/api.w.org\/{rel}","templated":true}]}}